{"id":23,"date":"2016-01-11T16:54:49","date_gmt":"2016-01-11T16:54:49","guid":{"rendered":"http:\/\/www.mapamundimusica.com\/viguela\/?p=23"},"modified":"2019-06-19T13:35:21","modified_gmt":"2019-06-19T13:35:21","slug":"english-members","status":"publish","type":"post","link":"https:\/\/www.mapamundimusica.com\/viguela\/componentes\/english-members\/","title":{"rendered":"Componentes"},"content":{"rendered":"<div id=\"fb-root\"><\/div>\n<p><a href=\"http:\/\/www.mapamundimusica.com\/viguela\/wp-content\/uploads\/2016\/01\/IMG_4732.jpg\"><img loading=\"lazy\" class=\"alignnone wp-image-111 size-large\" src=\"http:\/\/www.mapamundimusica.com\/viguela\/wp-content\/uploads\/2016\/01\/IMG_4732-1024x683.jpg\" alt=\"\" width=\"584\" height=\"390\" srcset=\"https:\/\/www.mapamundimusica.com\/viguela\/wp-content\/uploads\/2016\/01\/IMG_4732-1024x683.jpg 1024w, https:\/\/www.mapamundimusica.com\/viguela\/wp-content\/uploads\/2016\/01\/IMG_4732-300x200.jpg 300w, https:\/\/www.mapamundimusica.com\/viguela\/wp-content\/uploads\/2016\/01\/IMG_4732-768x512.jpg 768w, https:\/\/www.mapamundimusica.com\/viguela\/wp-content\/uploads\/2016\/01\/IMG_4732-450x300.jpg 450w\" sizes=\"(max-width: 584px) 100vw, 584px\" \/><\/a><\/p>\n<p>Vig\u00fcela es un nucleo de cuarteto al que se suman artistas invitados. En la foto ves, de izquierda a derecha, a Juan Antonio Torres, Luis Garc\u00eda Valera, Mari Nieto y Carmen Torres.<\/p>\n<p>Por orden alfab\u00e9tico:<\/p>\n<h1><strong>Carmen Torres<\/strong>. Voz y percusiones. Oriunda de El Carpio de Tajo.<\/h1>\n<p><iframe src=\"https:\/\/www.youtube.com\/embed\/m59kkvWb1hA\" width=\"680\" height=\"400\" frameborder=\"0\" allowfullscreen=\"allowfullscreen\"><span data-mce-type=\"bookmark\" style=\"display: inline-block; width: 0px; overflow: hidden; line-height: 0;\" class=\"mce_SELRES_start\">\ufeff<\/span><span data-mce-type=\"bookmark\" style=\"display: inline-block; width: 0px; overflow: hidden; line-height: 0;\" class=\"mce_SELRES_start\">\ufeff<\/span><span data-mce-type=\"bookmark\" style=\"display: inline-block; width: 0px; overflow: hidden; line-height: 0;\" class=\"mce_SELRES_start\">\ufeff<\/span><\/iframe><\/p>\n<blockquote><p>\u00abVig\u00fcela es mi segunda familia, disfruto aprendiendo con el grupo, me ayuda a desconectar de la rutina diaria. Resumiendo: me lo paso genial porque me gusta much\u00edsimo cantar, bailar y trabajar con ellos.\u00bb<\/p><\/blockquote>\n<p><img loading=\"lazy\" class=\"alignnone wp-image-26\" src=\"http:\/\/www.mapamundimusica.com\/viguela\/wp-content\/uploads\/2016\/01\/P1010101e-1024x576.jpg\" alt=\"P1010101e\" width=\"680\" height=\"383\" srcset=\"https:\/\/www.mapamundimusica.com\/viguela\/wp-content\/uploads\/2016\/01\/P1010101e-1024x576.jpg 1024w, https:\/\/www.mapamundimusica.com\/viguela\/wp-content\/uploads\/2016\/01\/P1010101e-300x169.jpg 300w, https:\/\/www.mapamundimusica.com\/viguela\/wp-content\/uploads\/2016\/01\/P1010101e-768x432.jpg 768w, https:\/\/www.mapamundimusica.com\/viguela\/wp-content\/uploads\/2016\/01\/P1010101e-500x281.jpg 500w\" sizes=\"(max-width: 680px) 100vw, 680px\" \/><\/p>\n<hr \/>\n<h1><\/h1>\n<h1><strong>Juan Antonio Torres.<\/strong> Voz, percusiones, guitarra, rabel. Oriundo de El Carpio de Tajo.<\/h1>\n<p><iframe src=\"https:\/\/www.youtube.com\/embed\/EY2b94cFQxQ\" width=\"680\" height=\"400\" frameborder=\"0\" allowfullscreen=\"allowfullscreen\"><span data-mce-type=\"bookmark\" style=\"display: inline-block; width: 0px; overflow: hidden; line-height: 0;\" class=\"mce_SELRES_start\">\ufeff<\/span><span data-mce-type=\"bookmark\" style=\"display: inline-block; width: 0px; overflow: hidden; line-height: 0;\" class=\"mce_SELRES_start\">\ufeff<\/span><\/iframe><\/p>\n<blockquote><p>\u00abGracias a Vig\u00fcela puedo comprobar que mi trabajo y estudio en estas m\u00fasicas no es solamente mi verdad, sino tambi\u00e9n la de\u00a0mis compa\u00f1eros. Un verdadero placer.\u00bb<\/p><\/blockquote>\n<p><a href=\"http:\/\/www.mapamundimusica.com\/viguela\/wp-content\/uploads\/2016\/01\/P1010140e.jpg\" rel=\"attachment wp-att-24\"><img loading=\"lazy\" class=\"alignnone wp-image-24\" src=\"http:\/\/www.mapamundimusica.com\/viguela\/wp-content\/uploads\/2016\/01\/P1010140e-1024x622.jpg\" alt=\"P1010140e\" width=\"680\" height=\"413\" srcset=\"https:\/\/www.mapamundimusica.com\/viguela\/wp-content\/uploads\/2016\/01\/P1010140e-1024x622.jpg 1024w, https:\/\/www.mapamundimusica.com\/viguela\/wp-content\/uploads\/2016\/01\/P1010140e-300x182.jpg 300w, https:\/\/www.mapamundimusica.com\/viguela\/wp-content\/uploads\/2016\/01\/P1010140e-768x466.jpg 768w, https:\/\/www.mapamundimusica.com\/viguela\/wp-content\/uploads\/2016\/01\/P1010140e-494x300.jpg 494w\" sizes=\"(max-width: 680px) 100vw, 680px\" \/><\/a><\/p>\n<hr \/>\n<h1><strong>Luis Garc\u00eda Valera.<\/strong> Voz, cuerdas y percusiones. Oriundo de Braojos.<\/h1>\n<p><iframe src=\"https:\/\/www.youtube.com\/embed\/qkHblVgs60A\" width=\"680\" height=\"400\" frameborder=\"0\" allowfullscreen=\"allowfullscreen\"><span data-mce-type=\"bookmark\" style=\"display: inline-block; width: 0px; overflow: hidden; line-height: 0;\" class=\"mce_SELRES_start\">\ufeff<\/span><\/iframe><\/p>\n<blockquote><p><em>\u00abC<\/em>amino de vuelta a las ra\u00edces. En mi af\u00e1n de profundizar y aprender sobre la m\u00fasica ib\u00e9rica, me acerqu\u00e9 a Toledo a las clases de Vig\u00fcela y, cuando me propusieron trabajar con ellas, fue curioso emprender un camino de vuelta a las ra\u00edces, alej\u00e1ndome de la sierra y, a la par acercarme y entender mejor lo que hab\u00eda aprendido en la familia con mi padre y mi abuelo, conocer otras m\u00fasicas de otras zonas de Espa\u00f1a y profundizar en el cante, el fraseo, mi relaci\u00f3n con el laud&#8230;.\u00a0Est\u00e1 siendo un placer aprender , profundizar junto a mis compa\u00f1er@s en la revisi\u00f3n de las m\u00fasicas y los estilos de diversos lugares y aportar otros recursos que traemos o vamos consiguiendo en el camino\u00bb.<\/p>\n<p><a style=\"font-family: 'Helvetica Neue', Helvetica, Arial, 'Nimbus Sans L', sans-serif; font-style: normal;\" href=\"http:\/\/www.mapamundimusica.com\/viguela\/wp-content\/uploads\/2016\/01\/IMG_4579.jpg\" rel=\"attachment wp-att-25\"><img loading=\"lazy\" class=\"alignnone wp-image-112 size-large\" src=\"http:\/\/www.mapamundimusica.com\/viguela\/wp-content\/uploads\/2016\/01\/IMG_4579-1024x683.jpg\" alt=\"\" width=\"584\" height=\"390\" srcset=\"https:\/\/www.mapamundimusica.com\/viguela\/wp-content\/uploads\/2016\/01\/IMG_4579-1024x683.jpg 1024w, https:\/\/www.mapamundimusica.com\/viguela\/wp-content\/uploads\/2016\/01\/IMG_4579-300x200.jpg 300w, https:\/\/www.mapamundimusica.com\/viguela\/wp-content\/uploads\/2016\/01\/IMG_4579-768x512.jpg 768w, https:\/\/www.mapamundimusica.com\/viguela\/wp-content\/uploads\/2016\/01\/IMG_4579-450x300.jpg 450w\" sizes=\"(max-width: 584px) 100vw, 584px\" \/><\/a><\/p><\/blockquote>\n<hr \/>\n<h1><strong>Mari Nieto.<\/strong> Voz y percusiones. Oriunda de El Carpio de Tajo.<\/h1>\n<p><iframe src=\"https:\/\/www.youtube.com\/embed\/UQ6SEoRkICQ\" width=\"680\" height=\"400\" frameborder=\"0\" allowfullscreen=\"allowfullscreen\"><span data-mce-type=\"bookmark\" style=\"display: inline-block; width: 0px; overflow: hidden; line-height: 0;\" class=\"mce_SELRES_start\">\ufeff<\/span><\/iframe><\/p>\n<blockquote><p>\u00abPara m\u00ed&#8230; pertenecer a Vig\u00fcela significa mucho. No solamente es un placer: tambi\u00e9n es un honor. Me ha dado la oportunidad de conocer, disfrutar y aprender con \u00ablos mejores\u00bb\u00bb.<\/p><\/blockquote>\n<p><a href=\"http:\/\/www.mapamundimusica.com\/viguela\/wp-content\/uploads\/2016\/01\/P1010021e.jpg\" rel=\"attachment wp-att-25\"><img loading=\"lazy\" class=\"alignnone wp-image-29\" src=\"http:\/\/www.mapamundimusica.com\/viguela\/wp-content\/uploads\/2016\/01\/marinieto-1024x576.jpg\" alt=\"marinieto\" width=\"680\" height=\"383\" srcset=\"https:\/\/www.mapamundimusica.com\/viguela\/wp-content\/uploads\/2016\/01\/marinieto-1024x576.jpg 1024w, https:\/\/www.mapamundimusica.com\/viguela\/wp-content\/uploads\/2016\/01\/marinieto-300x169.jpg 300w, https:\/\/www.mapamundimusica.com\/viguela\/wp-content\/uploads\/2016\/01\/marinieto-768x432.jpg 768w, https:\/\/www.mapamundimusica.com\/viguela\/wp-content\/uploads\/2016\/01\/marinieto-500x281.jpg 500w, https:\/\/www.mapamundimusica.com\/viguela\/wp-content\/uploads\/2016\/01\/marinieto.jpg 1383w\" sizes=\"(max-width: 680px) 100vw, 680px\" \/><\/a><\/p>\n<hr \/>\n<h1><\/h1>\n<p><\/p>","protected":false},"excerpt":{"rendered":"<p>Vig\u00fcela es un nucleo de cuarteto al que se suman artistas invitados. En la foto ves, de izquierda a derecha, a Juan Antonio Torres, Luis Garc\u00eda Valera, Mari Nieto y Carmen Torres. Por orden alfab\u00e9tico: Carmen Torres. Voz y percusiones. Oriunda de El Carpio de Tajo. \ufeff\ufeff\ufeff \u00abVig\u00fcela es mi segunda familia, disfruto aprendiendo con [&hellip;]<\/p>\n","protected":false},"author":1,"featured_media":0,"comment_status":"closed","ping_status":"open","sticky":false,"template":"","format":"standard","meta":[],"categories":[7],"tags":[],"_links":{"self":[{"href":"https:\/\/www.mapamundimusica.com\/viguela\/wp-json\/wp\/v2\/posts\/23"}],"collection":[{"href":"https:\/\/www.mapamundimusica.com\/viguela\/wp-json\/wp\/v2\/posts"}],"about":[{"href":"https:\/\/www.mapamundimusica.com\/viguela\/wp-json\/wp\/v2\/types\/post"}],"author":[{"embeddable":true,"href":"https:\/\/www.mapamundimusica.com\/viguela\/wp-json\/wp\/v2\/users\/1"}],"replies":[{"embeddable":true,"href":"https:\/\/www.mapamundimusica.com\/viguela\/wp-json\/wp\/v2\/comments?post=23"}],"version-history":[{"count":17,"href":"https:\/\/www.mapamundimusica.com\/viguela\/wp-json\/wp\/v2\/posts\/23\/revisions"}],"predecessor-version":[{"id":385,"href":"https:\/\/www.mapamundimusica.com\/viguela\/wp-json\/wp\/v2\/posts\/23\/revisions\/385"}],"wp:attachment":[{"href":"https:\/\/www.mapamundimusica.com\/viguela\/wp-json\/wp\/v2\/media?parent=23"}],"wp:term":[{"taxonomy":"category","embeddable":true,"href":"https:\/\/www.mapamundimusica.com\/viguela\/wp-json\/wp\/v2\/categories?post=23"},{"taxonomy":"post_tag","embeddable":true,"href":"https:\/\/www.mapamundimusica.com\/viguela\/wp-json\/wp\/v2\/tags?post=23"}],"curies":[{"name":"wp","href":"https:\/\/api.w.org\/{rel}","templated":true}]}}