{"id":973,"date":"2019-07-21T19:59:01","date_gmt":"2019-07-21T19:59:01","guid":{"rendered":"http:\/\/www.mapamundimusica.com\/?p=973"},"modified":"2020-04-23T14:16:36","modified_gmt":"2020-04-23T13:16:36","slug":"13-july-2019","status":"publish","type":"post","link":"https:\/\/www.mapamundimusica.com\/en\/newsletter\/13-july-2019\/","title":{"rendered":"Newsletter #13 July 2019"},"content":{"rendered":"<p><\/p>\n<div><strong style=\"color: #747474; font-family: 'Open Sans', sans-serif; font-size: 14px;\"><span style=\"font-family: open sans, helvetica neue, helvetica, arial, sans-serif;\">I<\/span><span style=\"font-family: open sans, helvetica neue, helvetica, arial, sans-serif;\">\u00a0am Araceli Tzigane. Welcome to\u00a0<a href=\"http:\/\/www.mapamundimusica.com\/\" target=\"_blank\" rel=\"noopener noreferrer\">Mapamundi M\u00fasica<\/a>&#8216;s July&#8217;s monthly newsletter. I hope it will be a pleasant reading for you in an awesome Summer \u26f1\u00a0. The insights of the collaborators are really worth of it.<\/span><\/strong><\/div>\n<div>\n<p>These are the main topics:<\/p>\n<p><a href=\"http:\/\/www.aracelitzigane.com\/\" target=\"_blank\" rel=\"noopener noreferrer\"><img loading=\"lazy\" decoding=\"async\" class=\"alignright\" src=\"https:\/\/gallery.mailchimp.com\/993c677d53044839b1b39b2dc\/images\/fdd18223-b4fa-4d0e-a55f-4fb6241b31a5.png\" width=\"250\" height=\"281\" data-file-id=\"3341949\" \/><\/a><span style=\"font-family: open sans, helvetica neue, helvetica, arial, sans-serif;\"><strong>\u00b7\u00a0<\/strong>July is the month with more festivals\u00a0in\u00a0many countries in Europe. I am sending this newsletter from\u00a0<strong>Ostrava<\/strong>, where I am attending the\u00a0<a href=\"http:\/\/crossroadsmusic.cz\/\" target=\"_blank\" rel=\"noopener noreferrer\">Czech Music Crossroads<\/a>, before leaving to Germany for\u00a0<a href=\"http:\/\/horizonte-festival.de\/\" target=\"_blank\" rel=\"noopener noreferrer\">Horizonte Festival<\/a>. Nice events list, below.<\/span><\/p>\n<p><strong>\u00b7\u00a0<\/strong>So, planes and airlines are once more a day-to-day issue&#8230; I have to thank Juan Antonio V\u00e1zquez (whose radio show\u00a0<strong>The Spice Road\u00a0<\/strong>is featured below)\u00a0for the scale model. It will be sufficient until I save enough for my<strong>\u00a0<a href=\"https:\/\/upload.wikimedia.org\/wikipedia\/commons\/3\/3b\/Bombardier_CL-600-2B16_Challenger_605_at_Nice_Airport.jpeg\" target=\"_blank\" rel=\"noopener noreferrer\">red<\/a><a href=\"https:\/\/upload.wikimedia.org\/wikipedia\/commons\/3\/3b\/Bombardier_CL-600-2B16_Challenger_605_at_Nice_Airport.jpeg\" target=\"_blank\" rel=\"noopener noreferrer\">\u00a0Bombardier Challenger<\/a><\/strong>&#8230;<\/p>\n<p><strong>\u00b7<\/strong>\u00a0My dear Sherezade will stay in the office until August, when she will travel to Calabria to eat much pizza and pasta to gather\u00a0strenghts\u00a0?<span style=\"font-family: open sans, helvetica neue, helvetica, arial, sans-serif;\">\u00a0for Autumn challenges: we have\u00a0<strong>showcases\u00a0<\/strong>at the <strong>Fira Mediterr\u00e0nia de Manresa<\/strong>\u00a0(<a href=\"https:\/\/firamediterrania.cat\/en\/program\/official-program?set_language=en#b_start=0\" target=\"_blank\" rel=\"noopener noreferrer\">Vig\u00fcela + the Valencian artists Apa and Eduard Navarro<\/a>) and\u00a0<strong>WOMEX\u00a0<\/strong>(<a href=\"http:\/\/www.mapamundimusica.com\/en\/monsieur-doumani\/\" target=\"_blank\" rel=\"noopener noreferrer\">Monsieur Doumani<\/a>). Yeah!<\/span><\/p>\n<p><strong>\u00b7\u00a0<\/strong>On the other hand, a\u00a0festival that takes place, not in Summer, but\u00a0at the end of Winter,\u00a0is the\u00a0<a href=\"https:\/\/mmfestival.org\/\" target=\"_blank\" rel=\"noopener noreferrer\">Mediterranean Music Festival<\/a>\u00a0in Switzerland, whose director,\u00a0<strong>Alkis Zopoglou<\/strong>,\u00a0is in this issue the interviewed in the series about challenges for festivals. By the way, he is a member of the\u00a0<a href=\"http:\/\/www.mapamundimusica.com\/en\/rodopi-ensemble\/\" target=\"_blank\" rel=\"noopener noreferrer\">Rodopi Ensemble<\/a>, that will have their\u00a0<strong>Spanish debut<\/strong>\u00a0on day 18th of July in Palma de Mallorca! Interview, below.<\/p>\n<p><strong>\u00b7<\/strong>\u00a0A brief mention to Mapamundi concert&#8217;s calendar is included. We have one more\u00a0<strong>debut in Spain, by a Polish band<\/strong>. Guess which? Check below!<\/p>\n<p><strong>\u00b7<\/strong>\u00a0And, in the previous issue you already met\u00a0<strong>Carlos Gomes<\/strong>, from\u00a0<a href=\"https:\/\/www.facebook.com\/transiberiaproductions\/\" target=\"_blank\" rel=\"noopener noreferrer\">Transiberia Productions<\/a>. We announced recently\u00a0the concerts programme Transiberia Mundi, that we have developed together, with the fundings of the city council of Evora. Learn more about Carlos and about our<strong>\u00a0Transiberia Mundi<\/strong>, here below.<\/p>\n<\/div>\n<div style=\"text-align: center;\"><strong>Feel free to resend this newsletter to your friends\u00a0if you like it. Subscription\u00a0<a href=\"http:\/\/www.mapamundimusica.com\/en\/contacto\/\" target=\"_blank\" rel=\"noopener noreferrer\">is available here<\/a>.<\/strong><\/div>\n<div>\n<hr \/>\n<\/div>\n<div style=\"text-align: center;\">If you have any suggestion of contents for the next editions, let us know. Thanks for your attention.<\/div>\n<div style=\"text-align: center;\"><strong>Araceli Tzigane &#8211; info@mundimapa.com +34 676\u00a030 28 82\u00a0<\/strong><\/div>\n<div><\/div>\n<div>\n<hr \/>\n<\/div>\n<div>\n<h5><span style=\"font-family: open sans, helvetica neue, helvetica, arial, sans-serif;\"><strong>Summary<\/strong>:<\/span><\/h5>\n<h6><span style=\"font-family: open sans, helvetica neue, helvetica, arial, sans-serif;\">\u00b7 Mini interview with festival manager: Alkis Zopoglou from <\/span><span style=\"font-family: open sans, helvetica neue, helvetica, arial, sans-serif;\"><span style=\"color: #ffd700;\">Mediterranean Music Festival\u00a0<\/span><\/span><span style=\"font-family: open sans, helvetica neue, helvetica, arial, sans-serif;\">(Switzerland)\u00a0<\/span><br \/>\n<span style=\"font-family: open sans, helvetica neue, helvetica, arial, sans-serif;\">\u00b7 I<\/span><span style=\"font-family: open sans, helvetica neue, helvetica, arial, sans-serif;\">n depth:\u00a0<\/span><span style=\"font-family: open sans, helvetica neue, helvetica, arial, sans-serif;\">Carlos Gomes<\/span><span style=\"font-family: open sans, helvetica neue, helvetica, arial, sans-serif;\">\u00a0&amp; inspirations for\u00a0<\/span><span style=\"font-family: open sans, helvetica neue, helvetica, arial, sans-serif;\">Transiberia Mundi<\/span><br \/>\n<span style=\"font-family: open sans, helvetica neue, helvetica, arial, sans-serif;\">\u00b7 Find me at&#8230;<br \/>\n\u00b7 Mapamundi M\u00fasica concerts calendar<br \/>\n\u00b7 Mapamundi M\u00fasica introduces:\u00a0<\/span><span style=\"font-family: open sans, helvetica neue, helvetica, arial, sans-serif;\">La Ruta de las Especias<\/span><span style=\"font-family: open sans, helvetica neue, helvetica, arial, sans-serif;\">\u00a0(The Spice Road) by Juan Antonio V\u00e1zquez<\/span><\/h6>\n<hr \/>\n<\/div>\n<h4 style=\"text-align: center;\"><span style=\"font-family: open sans, helvetica neue, helvetica, arial, sans-serif;\"><strong>**** Do you have a world music\u00a0festival and you want to be included in our mini interviews?\u00a0<\/strong><\/span><span style=\"color: #ffffff; font-family: open sans, helvetica neue, helvetica, arial, sans-serif;\"><strong><a href=\"http:\/\/www.mapamundimusica.com\/en\/contacto\/\" target=\"_blank\" rel=\"noopener noreferrer\">Contact us.\u00a0<\/a><\/strong><\/span><span style=\"font-family: open sans, helvetica neue, helvetica, arial, sans-serif;\"><strong>**** <\/strong><\/span><\/h4>\n<hr \/>\n<h4 style=\"text-align: center;\"><span style=\"color: #ffffff; font-family: open sans, helvetica neue, helvetica, arial, sans-serif;\"><strong>***<\/strong><\/span><strong style=\"font-family: 'open sans', 'helvetica neue', helvetica, arial, sans-serif; font-size: 28px;\">CURRENT AND FUTURE CHALLENGES FOR FESTIVALS\u00a0<\/strong><\/h4>\n<div>\n<p><strong>If you haven\u00b4t read them, you can find the previous interviews clicking on the names:\u00a0<a href=\"http:\/\/www.mapamundimusica.com\/en\/newsletter\/3-september-2018\/\" target=\"_blank\" rel=\"noopener noreferrer\">Michal Schmidt<\/a>\u00a0(Folk Holidays, CZ) &#8211;\u00a0<a href=\"http:\/\/www.mapamundimusica.com\/en\/newsletter\/4-october-2018\/\" target=\"_blank\" rel=\"noopener noreferrer\">Jun-Lin Yeoh<\/a>\u00a0(Rainforest WMF, MY) &#8211;\u00a0<a href=\"http:\/\/www.mapamundimusica.com\/en\/newsletter\/4-october-2018\/\" target=\"_blank\" rel=\"noopener noreferrer\">Luis Lles<\/a>\u00a0(Pirineos Sur, ES) &#8211;\u00a0<a href=\"http:\/\/www.mapamundimusica.com\/en\/newsletter\/5-november-2018\/\" target=\"_blank\" rel=\"noopener noreferrer\">Amitava Bhattacharya<\/a>\u00a0(Sur Jahan, IN) &#8211;\u00a0<a href=\"http:\/\/www.mapamundimusica.com\/en\/newsletter\/6-december-2018\/\" target=\"_blank\" rel=\"noopener noreferrer\">Nicolas Ribalet<\/a>\u00a0(Sukiyaki Meets the World, JP) &#8211;\u00a0<a href=\"http:\/\/www.mapamundimusica.com\/en\/newsletter\/7-january-2019\/\" target=\"_blank\" rel=\"noopener noreferrer\">Sergio Zaera<\/a>\u00a0(Poborina Folk, ES) &#8211;\u00a0<a href=\"http:\/\/www.mapamundimusica.com\/en\/newsletter\/8-february-2019\/\" target=\"_blank\" rel=\"noopener noreferrer\">Per Idar Alm\u00e5s<\/a>\u00a0(F\u00f8rdefestivalen, NO) &#8211;\u00a0<a href=\"http:\/\/www.mapamundimusica.com\/en\/newsletter\/9-march-2019\/\" target=\"_blank\" rel=\"noopener noreferrer\">Bo\u017cena Szota<\/a>\u00a0(EthnoPort, PL) &#8211;\u00a0<a href=\"http:\/\/www.mapamundimusica.com\/en\/newsletter\/10-april-2019\/\" target=\"_blank\" rel=\"noopener noreferrer\">Ken Day<\/a>\u00a0(Urkult, SE) &#8211;\u00a0<a href=\"http:\/\/www.mapamundimusica.com\/en\/newsletter\/boletin-11-mayo-2019-solo-en-ingles\/\" target=\"_blank\" rel=\"noopener noreferrer\">Mads Olesen<\/a>\u00a0(5 Continents, CH) &#8211;\u00a0<a href=\"http:\/\/www.mapamundimusica.com\/en\/newsletter\/12-june-2019\/\" target=\"_blank\" rel=\"noopener noreferrer\">Karolina Waszczuk &amp; Bartek Drozd<\/a>\u00a0(Jagiellonian Fair, PL)<\/strong><\/p>\n<hr \/>\n<h3><strong>MINI INTERVIEW WITH ALKIS ZOPOGLOU\u00a0FROM <a href=\"https:\/\/mmfestival.org\/\" target=\"_blank\" rel=\"noopener noreferrer\">MEDITERRANEAN MUSIC FESTIVAL<\/a>\u00a0<\/strong><\/h3>\n<p><strong><img loading=\"lazy\" decoding=\"async\" class=\"alignleft\" src=\"https:\/\/gallery.mailchimp.com\/993c677d53044839b1b39b2dc\/images\/d824960c-a230-4d9d-adeb-4b7e6852e0db.jpg\" width=\"180\" height=\"180\" data-file-id=\"3342057\" \/><\/strong><\/p>\n<\/div>\n<div>\n<p><span style=\"font-family: open sans, helvetica neue, helvetica, arial, sans-serif;\"><strong>There are several connections between Alkis and Mapamundi M\u00fasica and it is a pleasure to collaborate with him in all senses. I first knew about him thanks to Antonis Antoniou, from\u00a0<a href=\"http:\/\/www.mapamundimusica.com\/en\/monsieur-doumani\/\" target=\"_blank\" rel=\"noopener noreferrer\">Monsieur Doumani<\/a>, who is a generous links creator, and introduced my band\u00a0<a href=\"http:\/\/www.viguela.com\/\" target=\"_blank\" rel=\"noopener noreferrer\">Vig\u00fcela<\/a>\u00a0to Alkis for the festival. They played in 2017. In 2018 it was the Portuguese quartet\u00a0<em>\u00c0 Porta do Cante<\/em>\u00a0which was included in Alkis&#8217;s program. In 2019 it was the premiere of\u00a0<em>Rebetiko Meet Fado and Cante Alentejano<\/em>.<\/strong><\/span><\/p>\n<p>The Mediterranean Music Festival in Switzerland takes place in February and\/or\u00a0March in Zurich and Bern. Its name is quite explicit about the topic. The focus is acoustic music, the performances are mostly in little venues, with the public very close to the artists, and with no amplification. Check the details\u00a0<a href=\"https:\/\/mmfestival.org\/\" target=\"_blank\" rel=\"noopener noreferrer\">at the website<\/a>.<br \/>\n<img loading=\"lazy\" decoding=\"async\" src=\"https:\/\/gallery.mailchimp.com\/993c677d53044839b1b39b2dc\/images\/8edb9aac-3f07-42b3-94fa-5e84ca15b9bf.jpg\" width=\"250\" height=\"250\" align=\"right\" data-file-id=\"3342049\" \/><br \/>\nIn the meantime, Alkis introduced me his band in which he plays kanun,\u00a0<a href=\"http:\/\/www.mapamundimusica.com\/en\/rodopi-ensemble\/\" target=\"_blank\" rel=\"noopener noreferrer\">Rodopi Ensemble<\/a>, traditional acoustic music from the Greek Thrace, of which I felt in love inmediatly and started to work together about it and about the Greek-Portuguese project\u00a0<a href=\"https:\/\/www.youtube.com\/watch?v=vpwBHyzqgBk\" target=\"_blank\" rel=\"noopener noreferrer\">Rebetiko meets Fado &amp; Cante Alentejano<\/a>.<\/p>\n<p>Rodopi will play for the first time in Spain next July 18th in\u00a0<a href=\"https:\/\/www.culturalpalma.com\/es\/musica\/cancons-de-la-mediterrania-2019-ses-voltes-palma\/\" target=\"_blank\" rel=\"noopener noreferrer\">Can\u00e7ons de la Mediterr\u00e0nia<\/a>, in Palma de Mallorca. They will also play at\u00a0the\u00a0<a href=\"https:\/\/jarmarkjagiellonski.pl\/\" target=\"_blank\" rel=\"noopener noreferrer\">Jagiellonian Fair<\/a>, of which we talked in the previous issue,\u00a0on 17th August.<\/p>\n<p>So, grateful to Alkis for the kind answers. Without further ado, here you are the interview:<\/p>\n<p><strong>MM &#8211; What do you search in an artist when you create the programme?\u00a0<\/strong><\/p>\n<p><strong>AZ:\u00a0<\/strong>The most crucial issue in my opinion is to find a special and innovative musical idiom in each music ensemble, which will also be interesting for the audience of my festival.<\/p>\n<p>Each music ensemble should have a clear cultural stance as a Mediterranean country and those next to them but at the same time it should present a spectacle in an authentic and honest way. And I\u2019d like to emphasize this last issue particularly, as on the altar of spectacle and competition in the music market, many misinterpretations and exaggerations are being made, firstly from the artists themselves, while at the same time there is the pressure from the organizers to overcome the spectacle presented at their festivals.<\/p>\n<p><strong>MM &#8211; Which are the global objectives of your festival?<\/strong><\/p>\n<p><img loading=\"lazy\" decoding=\"async\" src=\"https:\/\/gallery.mailchimp.com\/993c677d53044839b1b39b2dc\/images\/5359ea1b-8f6c-441d-9954-4a3a36f2eade.jpg\" width=\"280\" height=\"280\" align=\"right\" data-file-id=\"3342093\" \/><strong>AZ:\u00a0<\/strong>My first and most important concern is to highlight the musical idioms of the traditions of the population around the Mediterranean, which are truly many and very beautiful each, with their similarities and differences.<\/p>\n<p>Another important point, as I am a musician myself and know very well how difficult it is for an artist to enter a market, is to give space to very special requests made especially from young artists.<\/p>\n<p>Furthermore, especially at the Mediterranean Music Festival, which takes place in small venues during the winter, I aim to keep the sound authentic, to reach the audience\u2019s ears as it is produced by the human voice or the musical instruments. That\u2019s why I avoid making use of sound amplifiers during the concerts and this has been appreciated a lot by our audience so far. It\u2019s like having a group of musicians in your home.<\/p>\n<p><strong>MM &#8211; What are the most complicated or difficult issues to deal with in your festival?\u00a0<\/strong><\/p>\n<p><strong>AZ: \u00a0<\/strong>Unfortunately the most difficult issues initially always have to do with the funding of such musical events. \u00a0There is a great difficulty in finding the financial resources but in any case I believe that the Swiss authorities are still supportive towards culture and whatever notable appears.<\/p>\n<p>On a second level I believe that a great problem is the possibility, especially of small projects, to attract a sufficient number of listeners in order to have both happy, artists and organizers. It is a global phenomenon that the world is directed more and more by the brands, slowly losing its sense of personal judgement but also the wish to discover new things. We\u2019re getting more and more used to find everything ready and this is stultifying us without even being conscious of it.\u00a0I hope once we\u2019ll wake up.<\/p>\n<\/div>\n<div><img loading=\"lazy\" decoding=\"async\" class=\"alignnone\" src=\"https:\/\/gallery.mailchimp.com\/993c677d53044839b1b39b2dc\/images\/bb917d2c-666e-4351-862e-f15894eca710.jpg\" width=\"570\" height=\"319\" align=\"center\" data-file-id=\"3342081\" \/><\/div>\n<div>\n<p><strong>MM &#8211; Which are currently the main challenges for this kind of cultural proposals like yours?<\/strong><strong>AZ:\u00a0<\/strong>Along with the issue I stressed before it\u2019s a great challenge for me personally, using the festival as a vehicle, to awaken people who love music and make them get out of their homes, where they have almost everything available on a screen, getting them to know the great feelings that live music provides you and let them live in a world of interaction, that arises from the exchange of feelings between artists and audience.<\/p>\n<p><strong>MM &#8211; In one sentence, summarise the reason\/s to go to your festival.\u00a0<\/strong><br \/>\n<strong>AZ:\u00a0<\/strong>The \u201csquare\u201d, which includes the creators in their real dimension together with the audience, ready to evaluate participating live in this process, is the basic principle of our culture, as it was born and started in Ancient Greece and travelled to the ancient theatres of all Mediterranean countries, which are still preserved up to this day and continue hosting similar activities after thousands of years.<\/p>\n<p>As a Greek, I think I am totally involved with this cultural dimension of the phenomenon.<\/p>\n<p>Our festival is a small cradle of culture and forms in its own way and by the forces it has, a healthy cultural view among the people visiting it. We are very glad that our audience speaks about the festival with enthusiasm and that\u2019s why they\u2018ve all become warm supporters of it. There is certainly room for even more people who are always welcome.<\/p>\n<p><strong>Pictures&#8217; credits<\/strong>:<\/p>\n<\/div>\n<ul>\n<li>Alkis portrait from his Facebook pictures<\/li>\n<li>Stok theatre, in Zurich, one of the usual venues for the Mediterranean Music Festival. From the festival&#8217;s Facebook page.<\/li>\n<li>Alkis dancing at the premiere of Rebetiko Meets Fado &amp; Cante Alentejano, took\u00a0<a href=\"https:\/\/alkiszopoglou.gr\/\" target=\"_blank\" rel=\"noopener noreferrer\">from his website<\/a><\/li>\n<\/ul>\n<hr \/>\n<h4 style=\"text-align: center;\"><a class=\"mcnButton \" title=\"Do you like our newsletter? Tell us! Resend it to your friends! To sign up, click HERE.\" href=\"http:\/\/www.mapamundimusica.com\/en\/contacto\/\" target=\"_blank\" rel=\"noopener noreferrer\">Do you like our newsletter? Tell us! To sign up, click HERE.<\/a><\/h4>\n<hr \/>\n<h3><span style=\"font-family: open sans, helvetica neue, helvetica, arial, sans-serif;\"><strong>IN DEPTH: CARLOS GOMES AND INSPIRATIONS FOR TRANSIBERIA MUNDI<\/strong><\/span><\/h3>\n<p><span style=\"color: #2f4f4f; font-family: open sans, helvetica neue, helvetica, arial, sans-serif;\"><strong>In June&#8217;s issue we presented Carlos Gomes,\u00a0the founder and director of\u00a0<a href=\"https:\/\/www.facebook.com\/transiberiaproductions\/\" target=\"_blank\" rel=\"noopener noreferrer\">Transiberia Productions<\/a>, cultural management company, settled in Lisbon. And the previous week I sent the\u00a0<a href=\"https:\/\/mailchi.mp\/72ffc0bbc0b6\/transiberiamundi?e=0c6b972f47\" target=\"_blank\" rel=\"noopener noreferrer\">mailing about Transiberia Mundi<\/a>, the concert programme we have developed together and that will take place in the city of Evora from 1st to 4th of August, funded by the city council and part of the program Artes \u00c0 Rua.<\/strong><\/span><\/p>\n<p>Carlos is an entrepreneur with a strong, inspiring\u00a0and thrilling vision that I want to share with the community of world music. In the picture it is linked a little video (in Portuguese) with his statements about Transiberia Mundi, made after the presentation in Lisbon last 4th of July. And here below you&#8217;ll find his answers to this special\u00a0questionnaire.<\/p>\n<p><span style=\"color: #2f4f4f; font-family: open sans, helvetica neue, helvetica, arial, sans-serif;\"><a href=\"https:\/\/www.facebook.com\/evoranarua\/videos\/838405379878783\/UzpfSTEwMDAwMDc0OTI2NTEzNjoyNjAxMjgwMDIzMjQwMjgx\/\"><img loading=\"lazy\" decoding=\"async\" class=\"alignright\" src=\"https:\/\/gallery.mailchimp.com\/993c677d53044839b1b39b2dc\/images\/3401590d-a254-4d6a-8064-4f09dc95d3f4.png\" width=\"300\" height=\"167\" data-file-id=\"3342181\" \/><\/a><\/span><span style=\"font-family: open sans, helvetica neue, helvetica, arial, sans-serif;\"><strong>MM: In few words, what is Transiberia Productions?<\/strong><\/span><\/p>\n<p><span style=\"color: #2f4f4f; font-family: open sans, helvetica neue, helvetica, arial, sans-serif;\"><strong>CG:\u00a0<\/strong>Transiberia is a cultural production company, created in 2015, focused on Ibero-American music and market, on a non-exclusive basis and open to other music and cultures of the world. Its activity includes the conception and production of shows, the organization, production and programming of festivals, music events and thematic parties, the cultural programming for other institutions, both public and privates, and the booking and management of artists.<\/span><\/p>\n<p><span style=\"font-family: open sans, helvetica neue, helvetica, arial, sans-serif;\"><strong>MM: Which were your objectives when you created it?\u00a0<\/strong><\/span><\/p>\n<p><span style=\"color: #2f4f4f; font-family: open sans, helvetica neue, helvetica, arial, sans-serif;\"><strong>CG:\u00a0<\/strong>Transiberia\u2019s mission was always and continues to be to strengthen the relationship between Ibero-American producers, agents and artists, starting with our neighbouring country, Spain, and pursuing to enlarge its field of action to the countries from South and Central America, from a cosmovision that is Portuguese, inclusive, open to the other and to the world.\u00a0<\/span><\/p>\n<p><a href=\"https:\/\/www.facebook.com\/transiberiaproductions\/\"><img loading=\"lazy\" decoding=\"async\" class=\"alignleft\" src=\"https:\/\/gallery.mailchimp.com\/993c677d53044839b1b39b2dc\/images\/6e950e3b-6b17-43ea-8b04-d9fc3df803d7.jpg\" width=\"250\" height=\"67\" align=\"left\" data-file-id=\"3305033\" \/><\/a><span style=\"font-family: open sans, helvetica neue, helvetica, arial, sans-serif;\"><strong>M<\/strong><\/span><span style=\"font-family: open sans, helvetica neue, helvetica, arial, sans-serif;\"><strong>M: If is is not too secret, let us know your vision.\u00a0<\/strong><\/span><\/p>\n<p><span style=\"color: #2f4f4f; font-family: open sans, helvetica neue, helvetica, arial, sans-serif;\"><strong>CG:\u00a0<\/strong>My vision and what I am most interested in working is based mainly on the awesome book by the Portuguese writer Jos\u00e9 Saramago, named \u201cThe Stone Raft\u201d, that captures the human nature, especially the nature of the people from Iberian Peninsula after an extraordinary event: the segregation of the Iberian Peninsula from the rest of Europe and its Atlantic drift. I understood it as a metaphor of the liberation of the Iberian Peninsula from that kind of political constraint that is to be considered as peripheral territory from the center of Europe.<\/span><span style=\"color: #2f4f4f; font-family: open sans, helvetica neue, helvetica, arial, sans-serif;\">\u00a0I think that the nature of Iberian people is close to the South American nature and I also believe that, if we overcome that hierarchical political organization of the world, especially of the navel-gazing of Europe, the relationship between cultures, mediated by the freshness of the Atlantic, it will be one of the centers of the future world.\u00a0<\/span><\/p>\n<p><img loading=\"lazy\" decoding=\"async\" src=\"https:\/\/gallery.mailchimp.com\/993c677d53044839b1b39b2dc\/images\/cc495952-9c08-4cd1-910a-051c7289a306.jpg\" width=\"300\" height=\"419\" align=\"right\" data-file-id=\"3342189\" \/><span style=\"font-family: open sans, helvetica neue, helvetica, arial, sans-serif;\"><strong>MM:\u00a0What is your personal relationship with music?\u00a0<\/strong><\/span><\/p>\n<p><span style=\"color: #2f4f4f; font-family: open sans, helvetica neue, helvetica, arial, sans-serif;\"><strong>CG:\u00a0<\/strong>My personal relationship with music comes mainly from an inner vibe and from the dance. For me good music doesn\u2019t have to make me dance but must be able to make me vibrate. If it makes me dance, even better. I think that the union of music and dance is one of the happiest expressions of human beings. I think that a human being who likes to dance and can\u00b4t hold the vibration of music in his\/her body is probably a good human being.\u00a0<\/span><\/p>\n<p><span style=\"font-family: open sans, helvetica neue, helvetica, arial, sans-serif;\"><strong>MM: Tell us one or two of Transiberia&#8217;s main achievements.<\/strong><\/span><\/p>\n<p><span style=\"color: #2f4f4f; font-family: open sans, helvetica neue, helvetica, arial, sans-serif;\"><strong>CG:\u00a0<\/strong>Two of the main achievements by Transiberia have been so far the creation of the <strong>Festival Emergente<\/strong> in Lisbon and the program <strong>Transiberia Mundi<\/strong>, in collaboration with Mapamundi M\u00fasica.<\/span><\/p>\n<p>The first one, because it emerged from a raising awareness of the responsibility of supporting and contributing to an unbelievable moment of creativity, production and expression that the Portuguese music is currently experiencing.<br \/>\n<img loading=\"lazy\" decoding=\"async\" class=\"alignleft\" src=\"https:\/\/gallery.mailchimp.com\/993c677d53044839b1b39b2dc\/images\/3a185f14-f7b6-4358-aeac-bbfe3fc019ed.jpg\" width=\"350\" height=\"401\" data-file-id=\"3342193\" \/><br \/>\nIn the second case means the realization of an old ambition of having a Transiberian and transnational partnership that was born as Iberian and that would lead the way to something with an undefined scope, enhancing the name of the company and undertaking Samarago\u2019s vision.<\/p>\n<p>I\u2019d like also to mention that it is of much and special joy to co-produce with EGEAC (cultural institution of Lisbon\u2019s city council) the program\u00a0<strong>\u201cDan\u00e7ar a Cidade\u201d in Lisbon<\/strong>\u00a0(to dance the city) which calls its citizens to dance several dance styles of the world in the public spaces. I love to dance and to provide the others the joy of dance is extremely rewarding.<\/p>\n<p><span style=\"font-family: open sans, helvetica neue, helvetica, arial, sans-serif;\"><strong>MM: Which is your next dream to be fullfilled?\u00a0<\/strong><\/span><\/p>\n<p><span style=\"color: #2f4f4f; font-family: open sans, helvetica neue, helvetica, arial, sans-serif;\"><strong>CG:\u00a0<\/strong>I can\u00b4t unveil my next dream yet. But I can say that it will be a transnational project out of Lisbon.<\/span><br \/>\n&#8212;<br \/>\n<strong>Thank you, obrigado, gracias, Carlos.\u00a0<\/strong><\/p>\n<p>&nbsp;<\/p>\n<hr \/>\n<h5><span style=\"font-family: 'open sans', 'helvetica neue', helvetica, arial, sans-serif;\"><strong>FIND ME AT&#8230;<\/strong><\/span><\/h5>\n<div>I take advantage of my next weeks calendar to\u00a0<strong>share some nice events with the community<\/strong>. By the way, we can meet there, drop me a line:<\/div>\n<ul>\n<li><strong>Ostrava\u00a0<\/strong>(Czech\u00a0Republic).\u00a0<a href=\"http:\/\/crossroadsmusic.cz\/\" target=\"_blank\" rel=\"noopener noreferrer\">Czech Music Crossroads<\/a>\u00a0+\u00a0<a href=\"https:\/\/www.colours.cz\/\" target=\"_blank\" rel=\"noopener noreferrer\">Colors of Ostrava<\/a>. 15th to 18th July. As speaker. I will be part of the listening and comment session and of the panel\u00a0Touring Guide for Germany, Austria, Spain and Israel.<\/li>\n<li><strong>Koblenz\u00a0<\/strong>(Germany).\u00a0<a href=\"http:\/\/horizonte-festival.de\/\" target=\"_blank\" rel=\"noopener noreferrer\">Horizonte Festival<\/a>. 19th July. What a pleasure to attend this festival for which I will travel with\u00a0<a href=\"http:\/\/www.viguela.com\/\" target=\"_blank\" rel=\"noopener noreferrer\">Vig\u00fcela<\/a>! Also other of our collaborators, Monsieur Doumani and Don Kipper, are programmed in this festival. Yeah!<\/li>\n<li><strong>Bled\u00a0<\/strong>(Slovenia).\u00a0<a href=\"https:\/\/www.festival-okarina.si\/sl\/\" target=\"_blank\" rel=\"noopener noreferrer\">Okarina Festival<\/a>, 23th July. My first time at the country and it will be also with Vig\u00fcela.<\/li>\n<li><strong>Bielsk Podlaski &amp; Bia\u0142ystok\u00a0<\/strong>(Poland).\u00a0<a href=\"http:\/\/oktawa.woak.bialystok.pl\/\" target=\"_blank\" rel=\"noopener noreferrer\">Festival\u00a0Podlaska Oktawa Kultur<\/a>. 27th and 28 July, also with Vig\u00fcela and thanks to\u00a0the agency\u00a0<a href=\"https:\/\/www.facebook.com\/wodzirejPL\/\" target=\"_blank\" rel=\"noopener noreferrer\">Wodzirej PL<\/a>.<\/li>\n<li><strong>Evora\u00a0<\/strong>(Portugal). 1st to 4th August. Series Transiberia Mundi, programmed by Transiberia Productions and Mapamundi M\u00fasica, and\u00a0part of the program\u00a0<a href=\"https:\/\/www.facebook.com\/evoranarua\/\" target=\"_blank\" rel=\"noopener noreferrer\">Artes \u00c0 Rua<\/a>\u00a0by the municipality of the city. I will be honoured by making a conference too.<\/li>\n<li><strong>Lublin\u00a0<\/strong>(Poland&#8230; my second country). 16th August, Warsaw, 17th August Lublin for the<a href=\"https:\/\/jarmarkjagiellonski.pl\/\" target=\"_blank\" rel=\"noopener noreferrer\">Jagellonian Fair<\/a>. How could I miss the concert by Rodopi Ensemble and the night of dance directed by\u00a0<a href=\"http:\/\/www.mapamundimusica.com\/en\/janusz-prusinowski-kompania\/\" target=\"_blank\" rel=\"noopener noreferrer\">Janusz Prusinowski Kompania<\/a>\u00a0in the same city the same day. Top masters of their traditional music! ?<\/li>\n<li><strong>Spain<\/strong>, but I must include it as it will be the premiere of\u00a0<a href=\"https:\/\/www.youtube.com\/watch?v=gvIwGBhtnm4\" target=\"_blank\" rel=\"noopener noreferrer\">Wowakin Trio<\/a>\u00a0in Spain \ud83d\ude42 23rd August.<\/li>\n<li><strong>Samarkand\u00a0<\/strong>(Uzbekistan). Last week of August. Yes, I wanna cry of joy. More, soon.<\/li>\n<li><strong>Perth\u00a0<\/strong>(Scotland). 16th &#8211; 20th September. The Visit (event produced for Showcase Scothland Expo by Active Events). Really looking forward it!<\/li>\n<\/ul>\n<div>More dates, in the next issue.<\/div>\n<div>\n<hr \/>\n<\/div>\n<h5><span style=\"font-family: open sans, helvetica neue, helvetica, arial, sans-serif;\"><strong>MAPAMUNDI M\u00daSICA INTRODUCES&#8230; THE SPICE ROAD, AT RADIO CL\u00c1SICA, SPAIN&#8217;S NATIONAL RADIO. BY JUAN ANTONIO V\u00c1ZQUEZ<\/strong><\/span><\/h5>\n<p>For the second year, this Summer Juan Antonio V\u00e1zquez is doing the radio show La Ruta de las Especias (the spice road) for Radio Cl\u00e1sica, of Spain&#8217;s National Radio. As the name indicates, it is focused on music of Orient, or, as he likes to say, &#8220;the many Orients&#8221;. Click the picture to listen 2018&#8217;s editions and also the new ones, in August and September:<\/p>\n<p><a href=\"http:\/\/www.rtve.es\/alacarta\/audios\/la-ruta-de-las-especias\/\" target=\"_blank\" rel=\"noopener noreferrer\"><img loading=\"lazy\" decoding=\"async\" class=\"aligncenter\" src=\"https:\/\/gallery.mailchimp.com\/993c677d53044839b1b39b2dc\/images\/6f994abf-6b23-49e0-b66d-5bc9ebf56f67.png\" width=\"580\" height=\"89\" align=\"center\" data-file-id=\"3342253\" \/><\/a><\/p>\n<p>As you probably know, with Juan Antonio I make the radio show\u00a0<a href=\"http:\/\/www.mundofonias.com\/\" target=\"_blank\" rel=\"noopener noreferrer\">Mundofon\u00edas<\/a>, our own production, broadcasted in 17 countries in 46 radio stations.<\/p>\n<hr \/>\n<h5><span style=\"font-family: open sans, helvetica neue, helvetica, arial, sans-serif;\"><strong>MAPAMUNDI M\u00daSICA CONCERT\u00a0CALENDAR<\/strong><\/span><\/h5>\n<p>Very brieftly: our concerts calendar is\u00a0<a href=\"http:\/\/www.mapamundimusica.com\/en\/agenda-de-conciertos\/\" target=\"_blank\" rel=\"noopener noreferrer\">here at our website<\/a>\u00a0and also at our\u00a0<a href=\"https:\/\/www.facebook.com\/pg\/mapamundimusica\/events\/\" target=\"_blank\" rel=\"noopener noreferrer\">Facebook events<\/a>. And, apart of Rodopi Ensemble&#8217;s,\u00a0I want to highlight the debut of a Polish band in Spain. It will be on 23rd of August and they are WoWaKin Trio, known for many of our community as they performed in WOMEX Katowice 2017.<\/p>\n<p><img decoding=\"async\" src=\"https:\/\/gallery.mailchimp.com\/993c677d53044839b1b39b2dc\/images\/782455da-bffa-4ff0-83a9-86b9bab17d4b.jpg\" width=\"600\" data-file-id=\"3342385\" \/><\/p>\n<hr \/>\n<h4 style=\"text-align: center;\"><a class=\"mcnButton \" title=\"Do you like our newsletter? Tell us! Resend it to your friends! To sign up, click HERE.\" href=\"http:\/\/www.mapamundimusica.com\/en\/contacto\/\" target=\"_blank\" rel=\"noopener noreferrer\">Do you like our newsletter? Tell us! To sign up, click HERE.<\/a><\/h4>\n<hr \/>\n<h3 style=\"text-align: center;\"><span style=\"font-family: open sans, helvetica neue, helvetica, arial, sans-serif;\"><strong>This newsletter is open to sponsorship. Feel free to ask for details.<\/strong><\/span><\/h3>\n<hr \/>\n<h4><strong>WHO WE ARE AND SISTER PROJECTS<\/strong><strong>\u00a0<\/strong><\/h4>\n<p>Mapamundi M\u00fasica is an agency of management and booking.\u00a0<a href=\"http:\/\/www.mapamundimusica.com\/en\/\" target=\"_blank\" rel=\"noopener noreferrer\">Learn more here<\/a>. Check our proposals at\u00a0<a href=\"http:\/\/www.mapamundimusica.com\/\" target=\"_blank\" rel=\"noopener noreferrer\">our website<\/a>.<\/p>\n<p>We also offer you our\u00a0<a href=\"http:\/\/www.mundofonias.com\/\" target=\"_blank\" rel=\"noopener noreferrer\">Mundofon\u00edas<\/a>\u00a0radio show, probably the leader about world music in Spanish language (on 46 stations in 17 countries). We produce\u00a0the\u00a0<a href=\"http:\/\/www.transglobalwmc.com\/\" target=\"_blank\" rel=\"noopener noreferrer\">Transglobal World Music Chart<\/a>\u00a0with our partner \u00c1ngel Romero from WorldMusicCentral.com. And we lead also the\u00a0<a href=\"http:\/\/www.asociaciondifusionestilos.com\/\" target=\"_blank\" rel=\"noopener noreferrer\">Asociaci\u00f3n para la Difusi\u00f3n de los Estilos<\/a>.<\/p>\n<p>Feel free to request info if you wish. For further information about us,\u00a0<strong>get in touch by email, telephone (+34 676 30 28 82),\u00a0<a href=\"http:\/\/www.mapamundimusica.com\/en\/contacto\/\" target=\"_blank\" rel=\"noopener noreferrer\">our website<\/a>\u00a0or at\u00a0<a href=\"https:\/\/www.facebook.com\/mapamundimusica\/\" target=\"_blank\" rel=\"noopener noreferrer\">our Facebook<\/a>.\u00a0<\/strong><\/p>","protected":false},"excerpt":{"rendered":"<p>I\u00a0am Araceli Tzigane. Welcome to\u00a0Mapamundi M\u00fasica&#8216;s July&#8217;s monthly newsletter. I hope it will be a pleasant reading for you in an awesome Summer \u26f1\u00a0. The insights of the collaborators are really worth of it. These are the main topics: \u00b7\u00a0July is the month with more festivals\u00a0in\u00a0many countries in Europe. I am sending this newsletter from\u00a0Ostrava, [&hellip;]<\/p>\n","protected":false},"author":1,"featured_media":0,"comment_status":"open","ping_status":"open","sticky":false,"template":"","format":"standard","meta":{"footnotes":""},"categories":[19],"tags":[118,47,142,53,134,125,46,96,140,143,100,50,48],"class_list":["post-973","post","type-post","status-publish","format-standard","hentry","category-newsletter","tag-alkis-zopoglou","tag-booking-of-artists","tag-czech-music-crossroads","tag-festival-director","tag-juan-antonio-vazquez","tag-mediterranean-music-festival","tag-resources-for-artists","tag-transglobal-world-music-chart","tag-transiberia-mundi","tag-transiberia-productions","tag-world-music","tag-world-music-fair","tag-world-music-festival"],"_links":{"self":[{"href":"https:\/\/www.mapamundimusica.com\/en\/wp-json\/wp\/v2\/posts\/973","targetHints":{"allow":["GET"]}}],"collection":[{"href":"https:\/\/www.mapamundimusica.com\/en\/wp-json\/wp\/v2\/posts"}],"about":[{"href":"https:\/\/www.mapamundimusica.com\/en\/wp-json\/wp\/v2\/types\/post"}],"author":[{"embeddable":true,"href":"https:\/\/www.mapamundimusica.com\/en\/wp-json\/wp\/v2\/users\/1"}],"replies":[{"embeddable":true,"href":"https:\/\/www.mapamundimusica.com\/en\/wp-json\/wp\/v2\/comments?post=973"}],"version-history":[{"count":11,"href":"https:\/\/www.mapamundimusica.com\/en\/wp-json\/wp\/v2\/posts\/973\/revisions"}],"predecessor-version":[{"id":1834,"href":"https:\/\/www.mapamundimusica.com\/en\/wp-json\/wp\/v2\/posts\/973\/revisions\/1834"}],"wp:attachment":[{"href":"https:\/\/www.mapamundimusica.com\/en\/wp-json\/wp\/v2\/media?parent=973"}],"wp:term":[{"taxonomy":"category","embeddable":true,"href":"https:\/\/www.mapamundimusica.com\/en\/wp-json\/wp\/v2\/categories?post=973"},{"taxonomy":"post_tag","embeddable":true,"href":"https:\/\/www.mapamundimusica.com\/en\/wp-json\/wp\/v2\/tags?post=973"}],"curies":[{"name":"wp","href":"https:\/\/api.w.org\/{rel}","templated":true}]}}