{"id":916,"date":"2019-05-21T21:42:41","date_gmt":"2019-05-21T21:42:41","guid":{"rendered":"http:\/\/www.mapamundimusica.com\/?p=916"},"modified":"2020-04-23T14:21:56","modified_gmt":"2020-04-23T13:21:56","slug":"boletin-11-mayo-2019-solo-en-ingles","status":"publish","type":"post","link":"https:\/\/www.mapamundimusica.com\/en\/newsletter\/boletin-11-mayo-2019-solo-en-ingles\/","title":{"rendered":"Newsletter #11 May 2019"},"content":{"rendered":"<p><a href=\"https:\/\/www.facebook.com\/aracelitzigane\" target=\"_blank\" rel=\"noopener noreferrer\"><img loading=\"lazy\" decoding=\"async\" class=\"alignright\" src=\"https:\/\/gallery.mailchimp.com\/993c677d53044839b1b39b2dc\/images\/d927aabe-d9f4-404b-b9dd-6e150d37496f.jpg\" width=\"250\" height=\"251\" data-file-id=\"2889961\" \/><\/a><\/p>\n<div style=\"letter-spacing: 0.5px; background-color: #fcfcfc;\">\n<p><span style=\"font-family: 'open sans', 'helvetica neue', helvetica, arial, sans-serif;\">I<\/span><span style=\"font-family: 'open sans', 'helvetica neue', helvetica, arial, sans-serif;\">\u00a0am Araceli Tzigane. Welcome to <a href=\"http:\/\/www.mapamundimusica.com\/\" target=\"_blank\" rel=\"noopener noreferrer\">Mapamundi M\u00fasica&#8217;s<\/a>\u00a0May&#8217;s monthly newsletter. I am a bit exhausted after arranging flights\u00a0for many musicians and destinations&#8230; and remembering the last flight&#8217;s quarrel\u00a0at the check-in\u00a0desk. And at the Canadian Music Week I verified once more that I am not alone&#8230;\u00a0<strong>Check below to discover why.<\/strong><\/span><\/p>\n<p>Apart of this,\u00a0this issue includes one more mini interview about the challenges for festivals, in this case with Mads Olesen, from\u00a0<a href=\"https:\/\/www.5continents.ch\/\" target=\"_blank\" rel=\"noopener noreferrer\">5 Continents<\/a>\u00a0festival, and some more topics.\u00a0If you have any suggestion of contents for the next editions, let us know. Thanks for your attention.<\/p>\n<\/div>\n<div style=\"letter-spacing: 0.5px; background-color: #fcfcfc;\"><strong>Araceli Tzigane &#8211; info@mundimapa.com +34 676\u00a030 28 82\u00a0<\/strong><\/div>\n<div><\/div>\n<hr \/>\n<h6 style=\"text-align: center;\"><span style=\"font-family: open sans, helvetica neue, helvetica, arial, sans-serif;\"><strong>Summary<\/strong>:<\/span><span style=\"color: #ffffff; font-family: open sans, helvetica neue, helvetica, arial, sans-serif;\">\u00a0<\/span><span style=\"font-family: open sans, helvetica neue, helvetica, arial, sans-serif;\">Mini interview\u00a0with festival director: Mads Olesen from<\/span><span style=\"font-family: open sans, helvetica neue, helvetica, arial, sans-serif;\">\u00a0<\/span><span style=\"font-family: open sans, helvetica neue, helvetica, arial, sans-serif;\">5 Continents<\/span><span style=\"font-family: open sans, helvetica neue, helvetica, arial, sans-serif;\">\u00a0(Switzerland) &#8211;\u00a0<\/span><span style=\"font-family: open sans, helvetica neue, helvetica, arial, sans-serif;\">Mapamundi M\u00fasica shares:\u00a0tips for flying with instruments, by\u00a0Folk Alliance<\/span><span style=\"font-family: open sans, helvetica neue, helvetica, arial, sans-serif;\">\u00a0&#8211; Find me in&#8230; &#8211; New (and still)\u00a0<\/span><span style=\"font-family: open sans, helvetica neue, helvetica, arial, sans-serif;\">open calls.<\/span><\/h6>\n<div>\n<hr \/>\n<\/div>\n<div><span style=\"font-family: open sans, helvetica neue, helvetica, arial, sans-serif;\"><strong>**** Do you have a world music\u00a0festival and you want to be included in our mini interviews? <\/strong><\/span><span style=\"color: #ffffff; font-family: open sans, helvetica neue, helvetica, arial, sans-serif;\"><strong><a href=\"http:\/\/www.mapamundimusica.com\/en\/contacto\/\" target=\"_blank\" rel=\"noopener noreferrer\">Contact us.<\/a>\u00a0**<\/strong><\/span><\/div>\n<div>\n<hr \/>\n<\/div>\n<div>\n<h4 style=\"letter-spacing: 0.5px; background-color: #fcfcfc;\"><span style=\"font-family: 'open sans', 'helvetica neue', helvetica, arial, sans-serif;\"><strong>CURRENT AND FUTURE CHALLENGES FOR FESTIVALS\u00a0<\/strong><\/span><\/h4>\n<div style=\"letter-spacing: 0.5px; background-color: #fcfcfc;\"><span style=\"font-family: 'open sans', 'helvetica neue', helvetica, arial, sans-serif;\"><strong>If you haven\u00b4t read them, you can find the previous interviews clicking on the names:\u00a0<a href=\"http:\/\/www.mapamundimusica.com\/en\/newsletter\/3-september-2018\/\" target=\"_blank\" rel=\"noopener noreferrer\">Michal Schmidt<\/a>\u00a0(Folk Holidays, CZ) &#8211;\u00a0<a href=\"http:\/\/www.mapamundimusica.com\/en\/newsletter\/4-october-2018\/\" target=\"_blank\" rel=\"noopener noreferrer\">Jun-Lin Yeoh<\/a>\u00a0(Rainforest WMF, MY) &#8211;\u00a0<a href=\"http:\/\/www.mapamundimusica.com\/en\/newsletter\/4-october-2018\/\" target=\"_blank\" rel=\"noopener noreferrer\">Luis Lles<\/a>\u00a0(Pirineos Sur, ES) &#8211;\u00a0<a href=\"http:\/\/www.mapamundimusica.com\/en\/newsletter\/5-november-2018\/\" target=\"_blank\" rel=\"noopener noreferrer\">Amitava Bhattacharya<\/a>\u00a0(Sur Jahan, IN) &#8211;\u00a0<a href=\"http:\/\/www.mapamundimusica.com\/en\/newsletter\/6-december-2018\/\" target=\"_blank\" rel=\"noopener noreferrer\">Nicolas Ribalet<\/a>\u00a0(Sukiyaki Meets the World, JP) &#8211;\u00a0<a href=\"http:\/\/www.mapamundimusica.com\/en\/newsletter\/7-january-2019\/\" target=\"_blank\" rel=\"noopener noreferrer\">Sergio Zaera<\/a>\u00a0(Poborina Folk, ES) &#8211;\u00a0<a href=\"http:\/\/www.mapamundimusica.com\/en\/newsletter\/8-february-2019\/\" target=\"_blank\" rel=\"noopener noreferrer\">Per Idar Alm\u00e5s<\/a>\u00a0(F\u00f8rdefestivalen, NO) &#8211;\u00a0<a href=\"http:\/\/www.mapamundimusica.com\/en\/newsletter\/9-march-2019\/\" target=\"_blank\" rel=\"noopener noreferrer\">Bo\u017cena Szota<\/a>\u00a0(EthnoPort, PL) &#8211;\u00a0<a href=\"http:\/\/www.mapamundimusica.com\/en\/newsletter\/10-april-2019\/\" target=\"_blank\" rel=\"noopener noreferrer\">Ken Day<\/a>\u00a0(Urkult, SE)<\/strong><\/span><\/div>\n<div style=\"letter-spacing: 0.5px; background-color: #fcfcfc;\"><\/div>\n<p>&nbsp;<\/p>\n<h5 style=\"letter-spacing: 0.5px; background-color: #fcfcfc;\"><span style=\"font-family: 'open sans', 'helvetica neue', helvetica, arial, sans-serif;\"><strong>MINI INTERVIEW WITH MADS OLESEN FROM <a href=\"https:\/\/www.5continents.ch\/home.html\" target=\"_blank\" rel=\"noopener noreferrer\">5 CONTINENTS<\/a><\/strong><\/span><\/h5>\n<div style=\"letter-spacing: 0.5px; background-color: #fcfcfc;\">\n<p><img loading=\"lazy\" decoding=\"async\" src=\"https:\/\/gallery.mailchimp.com\/993c677d53044839b1b39b2dc\/images\/fcbfa433-74d8-40d3-9e44-80dfd4c65eca.jpg\" width=\"280\" height=\"280\" align=\"right\" data-file-id=\"3260889\" \/><strong><strong>Its complete name is Festival des 5 Continents and takes place in Martigny, Switzerland. This year&#8217;s edition will happen\u00a0from 13th\u00a0to 16th of June and\u00a0I will attend for the first time.\u00a0I am eager!<\/strong><\/strong><\/p>\n<p><strong>The concerts program is splitted in\u00a0Concerts World and Concerts Local Global. The names are\u00a0quite meaningful: international artists and artists settled locally, doing world music, respectively, and two different and complementary objetives. Check more at the\u00a0<a href=\"https:\/\/www.5continents.ch\/\" target=\"_blank\" rel=\"noopener noreferrer\">website<\/a>.<\/strong><\/p>\n<p><strong>Mads Olesen is the\u00a0D\u00e9l\u00e9gu\u00e9 aux Affaires culturelles at Martigny and his words are very enlightening about the spirit of a festival like this, a spirit that probably most of us, involved in the world music in any role or position, share. Thank you for your answers, Mads!<\/strong><\/p>\n<p><strong>MM &#8211; What do you search in an artist when you program?\u00a0<\/strong><br \/>\nMO &#8211; Artistic quality within \u00ab Worldmusic \u00bb, passion, authencity and the capacity to transmit his\/her music to the public.<\/p>\n<p><strong>MM &#8211; Which are the global objectives of your festival?<\/strong><br \/>\nMO &#8211; The Festival of the 5 Continents exist since 1994 and we can put out two main ideas: The first one is\u00a0to permit our public to discover world music and cultures from all over the planet. The next one is to engage ourself through the festival for a better \u00ab together-living \u00bb. (Martigny is a small city in the Alps but 35% of the population comes from abroad and we are 110 nationalities living together). The festival is a symbol of peaceful together-living.<\/p>\n<\/div>\n<div style=\"letter-spacing: 0.5px; background-color: #fcfcfc;\"><a href=\"https:\/\/www.5continents.ch\/\" target=\"_blank\" rel=\"noopener noreferrer\"><img decoding=\"async\" class=\"aligncenter\" src=\"https:\/\/gallery.mailchimp.com\/993c677d53044839b1b39b2dc\/images\/3be90db9-57a4-4b0f-b245-74d43ad0a56f.png\" width=\"300\" align=\"center\" data-file-id=\"3260893\" \/><\/a><\/div>\n<div style=\"letter-spacing: 0.5px; background-color: #fcfcfc;\"><strong>MM &#8211; What are the most complicated or difficult issues to deal with in your festival?\u00a0<\/strong><br \/>\nMO &#8211; The Festival is completely free, all concerts are free. To offer this, we have to do a big job to find money and to raise funds. We did it for 26 years. But every year this is a hard business. But the result is that everybody can come and listen for free to more then 30 concerts, events, art exhitions&#8230;All the communities in the town are working with the Festival. We serve thousands of meals and this is done in favour of the Festival. It is a quite a hard organisation, BUT the result is solidarity and local engagement. This year we start up an ecological process to make the Festival a real sustainable event with recycling on all levels,\u2026<\/div>\n<div style=\"letter-spacing: 0.5px; background-color: #fcfcfc;\"><strong>MM &#8211; Which are currently the main challenges for this kind of cultural proposals like yours?\u00a0<\/strong><br \/>\nMO\u00a0&#8211; To offer a high level artistic quality program together with the fact that the Festival is free. To keep a high level of local engagement in an international event (about 100 artists from 20 countries, 15 communities in 2019).<\/div>\n<div><\/div>\n<div style=\"letter-spacing: 0.5px; background-color: #fcfcfc;\"><strong>MM &#8211; In one sentence, summarize the reason\/s to go to your festival.\u00a0<\/strong><br \/>\nMO &#8211; A Festival with a high degree of friendliness, free world class music in the middle of the Alps.<\/div>\n<div><\/div>\n<p>&nbsp;<\/p>\n<div style=\"letter-spacing: 0.5px; background-color: #fcfcfc;\"><strong>Picture<\/strong>: super nice of Mads&#8217;s Facebook former profile picture.<\/div>\n<\/div>\n<div><\/div>\n<hr \/>\n<div><a class=\"mcnButton \" title=\"Do you like our newsletter? Tell us! Resend it to your friends! To sign up, click HERE.\" href=\"http:\/\/www.mapamundimusica.com\/en\/contacto\/\" target=\"_blank\" rel=\"noopener noreferrer\">Do you like our newsletter? Tell us! Resend it to your friends! To sign up, click HERE.<\/a><\/div>\n<p>&nbsp;<\/p>\n<div>\n<hr \/>\n<\/div>\n<h4><span style=\"letter-spacing: 0.5px; background-color: #fcfcfc; font-family: 'open sans', 'helvetica neue', helvetica, arial, sans-serif;\"><strong>MAPAMUNDI M\u00daSICA SHARES&#8230;<\/strong><\/span><\/h4>\n<div><span style=\"letter-spacing: 0.5px; background-color: #fcfcfc; color: #2f4f4f; font-family: 'open sans', 'helvetica neue', helvetica, arial, sans-serif;\"><strong><em>The tips for <a href=\"https:\/\/www.folk.org\/page\/traveltips\" target=\"_blank\" rel=\"noopener noreferrer\">flying with instruments<\/a>, and more news, by the Folk Alliance International!\u00a0<\/em><\/strong><\/span><br style=\"letter-spacing: 0.5px; background-color: #fcfcfc;\" \/><br style=\"letter-spacing: 0.5px; background-color: #fcfcfc;\" \/><span style=\"letter-spacing: 0.5px; background-color: #fcfcfc; color: #2f4f4f; font-family: 'open sans', 'helvetica neue', helvetica, arial, sans-serif;\"><strong><em><img loading=\"lazy\" decoding=\"async\" src=\"https:\/\/gallery.mailchimp.com\/993c677d53044839b1b39b2dc\/images\/0a74a605-6c84-493c-9d04-3d768facc7c2.jpeg\" width=\"270\" height=\"270\" align=\"right\" data-file-id=\"3260909\" \/><\/em><\/strong><\/span><span style=\"letter-spacing: 0.5px; background-color: #fcfcfc;\">Being us, the people involved on live music, one of the most regular clients of the flight companies, it is depressing how badly we are treated many times when flying with instruments. No matter if they are hold baggage or hand baggage: the problems will probably show up.<\/span><br style=\"letter-spacing: 0.5px; background-color: #fcfcfc;\" \/><br style=\"letter-spacing: 0.5px; background-color: #fcfcfc;\" \/><span style=\"letter-spacing: 0.5px; background-color: #fcfcfc;\">At the Canadian Music Week I had the pleasure to talk with Aengus Finnan, executive director of the\u00a0Folk Alliance International (at the picture) and to discover this\u00a0<\/span><a style=\"letter-spacing: 0.5px; background-color: #fcfcfc;\" href=\"https:\/\/www.folk.org\/page\/traveltips\" target=\"_blank\" rel=\"noopener noreferrer\">guide with deep and useful information for flying with instruments<\/a><span style=\"letter-spacing: 0.5px; background-color: #fcfcfc;\">\u00a0not to miss by musicians and managers.<\/span><br style=\"letter-spacing: 0.5px; background-color: #fcfcfc;\" \/><br style=\"letter-spacing: 0.5px; background-color: #fcfcfc;\" \/><span style=\"letter-spacing: 0.5px; background-color: #fcfcfc;\">Aengus told me also about the\u00a0<\/span><strong style=\"letter-spacing: 0.5px; background-color: #fcfcfc;\">Nordic Folk Alliance Conference 2019<\/strong><span style=\"letter-spacing: 0.5px; background-color: #fcfcfc;\">\u00a0that is a milestone in the organization&#8217;s internationalization, and about which you&#8217;ll learn more\u00a0<\/span><a style=\"letter-spacing: 0.5px; background-color: #fcfcfc;\" href=\"https:\/\/www.folk.org\/news\/450728\/May-2019-Newlsetter.htm\" target=\"_blank\" rel=\"noopener noreferrer\">in their newsletter of May<\/a><span style=\"letter-spacing: 0.5px; background-color: #fcfcfc;\">, to which you can also subscribe. In parallel, the\u00a0<\/span><a style=\"letter-spacing: 0.5px; background-color: #fcfcfc;\" href=\"https:\/\/folkconference.org\/\" target=\"_blank\" rel=\"noopener noreferrer\">conference<\/a><span style=\"letter-spacing: 0.5px; background-color: #fcfcfc;\">\u00a0of Folk Alliance International will take place in New Orleans in January 2020.\u00a0<\/span><\/div>\n<div><\/div>\n<div><\/div>\n<div>\n<hr \/>\n<h4 style=\"letter-spacing: 0.5px; background-color: #fcfcfc;\"><span style=\"font-family: 'open sans', 'helvetica neue', helvetica, arial, sans-serif;\"><strong>FIND ME IN&#8230;<\/strong><\/span><\/h4>\n<div style=\"letter-spacing: 0.5px; background-color: #fcfcfc;\">Some dates of interest for the international audience could be:<\/div>\n<ul style=\"letter-spacing: 0.5px; background-color: #fcfcfc;\">\n<li>Murcia (Spain). On 23rd of May.\u00a0<a href=\"https:\/\/www.youtube.com\/watch?v=HxHQJhflapM\" target=\"_blank\" rel=\"noopener noreferrer\">Leat Sabbah (cello player of Gulaza) and Yaron Pe&#8217;er (player of Afghani rabab)<\/a>. First concert of this project out of their country! At\u00a0Festival Murcia Tres Culturas.<\/li>\n<li>Madrid (Spain), 6th to 8th June.\u00a0<a href=\"https:\/\/www.sol.network\/\" target=\"_blank\" rel=\"noopener noreferrer\">Sol Madrid<\/a>. With showcase by\u00a0<strong><a href=\"https:\/\/www.youtube.com\/watch?v=eBCbpNtuTSU\" target=\"_blank\" rel=\"noopener noreferrer\">Entav\u00eda<\/a>.<\/strong>\u00a0Check more at the\u00a0<em>Mapamundi introduces&#8230;<\/em>\u00a0in\u00a0<a href=\"http:\/\/www.mapamundimusica.com\/en\/newsletter\/9-march-2019\/\" target=\"_blank\" rel=\"noopener noreferrer\">March&#8217;s newsletter<\/a>.<\/li>\n<li>Martigny (Switzerland).\u00a013th to 16th June.\u00a0<a href=\"https:\/\/www.5continents.ch\/\" target=\"_blank\" rel=\"noopener noreferrer\">Festival 5 Continents<\/a>. I will attend the festival for the\u00a0<a href=\"http:\/\/www.transglobalwmc.com\/festival-awards-definitions-and-criteria\/\" target=\"_blank\" rel=\"noopener noreferrer\">TWMC Festival Awards<\/a>. As evaluator for\u00a0<a href=\"http:\/\/www.transglobalwmc.com\/festival-awards-definitions-and-criteria\/\" target=\"_blank\" rel=\"noopener noreferrer\">Transglobal World Music Chart Festival Awards<\/a>.<\/li>\n<li>Ostrava (Czech\u00a0Republic).\u00a0<a href=\"http:\/\/crossroadsmusic.cz\/\" target=\"_blank\" rel=\"noopener noreferrer\">Czech Music Crossroads<\/a>\u00a0+\u00a0<a href=\"https:\/\/www.colours.cz\/\" target=\"_blank\" rel=\"noopener noreferrer\">Colors of Ostrava<\/a>. 15th to 18th July. As speaker.<\/li>\n<li>Koblenz (Germany).\u00a0<a href=\"http:\/\/horizonte-festival.de\/\" target=\"_blank\" rel=\"noopener noreferrer\">Horizonte Festival<\/a>. 19th July. What a pleasure to attend this festival for which I will travel with\u00a0<a href=\"http:\/\/www.viguela.com\/\" target=\"_blank\" rel=\"noopener noreferrer\">Vig\u00fcela<\/a>! Also other of our collaborators, Monsieur Doumani and Don Kipper, are programmed in this festival. Yeah!<\/li>\n<\/ul>\n<div style=\"letter-spacing: 0.5px; background-color: #fcfcfc;\">More dates, in the next issue.<\/div>\n<\/div>\n<div>\n<hr \/>\n<\/div>\n<div>\n<p>&nbsp;<\/p>\n<div style=\"letter-spacing: 0.5px; background-color: #fcfcfc;\">\n<h4><span style=\"font-family: 'open sans', 'helvetica neue', helvetica, arial, sans-serif;\"><strong>CALLS FOR APPLICATIONS<\/strong><\/span><\/h4>\n<p>These professional fairs and festivals have applications open right now:<\/p>\n<\/div>\n<ul style=\"letter-spacing: 0.5px; background-color: #fcfcfc;\">\n<li><a href=\"https:\/\/visaformusic.com\/\" target=\"_blank\" rel=\"noopener noreferrer\">Visa por Music<\/a>, Rabat, Morocco.\u00a0<a href=\"http:\/\/%20https\/\/docs.google.com\/forms\/d\/e\/1FAIpQLSfTNO_wUx9HnzyWa83pyiDhc5VfIJZ121LxvolWl7IKDKfNww\/viewform\" target=\"_blank\" rel=\"noopener noreferrer\">Apply here<\/a>. Extended deadline until 30th of May.<\/li>\n<li><a href=\"http:\/\/www.fondazioneandreaparodi.it\/?p=48\">Premio\u00a0Andrea Parodi:<\/a> the contest application is open until 31st May. The contest will take place in Cagliary from 8th to 10th November. More info and application,\u00a0<a href=\"http:\/\/www.fondazioneandreaparodi.it\/\" target=\"_blank\" rel=\"noopener noreferrer\">here<\/a>.\u00a0<strong>\u00a0<\/strong><\/li>\n<li>And\u00a0<a href=\"https:\/\/www.womex.com\/take_part\/register\" target=\"_blank\" rel=\"noopener noreferrer\">registration for WOMEX<\/a>\u00a0is open, to attend as delegate and\/or exhibitor.<\/li>\n<\/ul>\n<\/div>\n<div style=\"text-align: center;\"><a class=\"mcnButton \" style=\"color: #ee591f; transition: all 300ms ease-out 0s; outline: none; letter-spacing: 0.5px; text-align: -webkit-center;\" title=\"Do you like our newsletter? Tell us! Resend it to your friends! To sign up, click HERE.\" href=\"http:\/\/www.mapamundimusica.com\/en\/contacto\/\" target=\"_blank\" rel=\"noopener noreferrer\">Do you like our newsletter? Tell us! Resend it to your friends! To sign up, click HERE.<\/a><\/div>\n<div><\/div>\n<div><\/div>\n<p>&nbsp;<\/p>","protected":false},"excerpt":{"rendered":"<p>I\u00a0am Araceli Tzigane. Welcome to Mapamundi M\u00fasica&#8217;s\u00a0May&#8217;s monthly newsletter. I am a bit exhausted after arranging flights\u00a0for many musicians and destinations&#8230; and remembering the last flight&#8217;s quarrel\u00a0at the check-in\u00a0desk. And at the Canadian Music Week I verified once more that I am not alone&#8230;\u00a0Check below to discover why. Apart of this,\u00a0this issue includes one more [&hellip;]<\/p>\n","protected":false},"author":1,"featured_media":0,"comment_status":"open","ping_status":"open","sticky":false,"template":"","format":"standard","meta":{"footnotes":""},"categories":[19],"tags":[154,47,152,53,153,151,155,46,158,99,49,95,100,156,50,48,157],"class_list":["post-916","post","type-post","status-publish","format-standard","hentry","category-newsletter","tag-aengus-finnan","tag-booking-of-artists","tag-festival-5-continents","tag-festival-director","tag-folk-alliance","tag-mads-olesen","tag-premio-andrea-parodi","tag-resources-for-artists","tag-traditional-music","tag-viguela","tag-visa-for-music","tag-womex","tag-world-music","tag-world-music-agency","tag-world-music-fair","tag-world-music-festival","tag-world-music-management-agency"],"_links":{"self":[{"href":"https:\/\/www.mapamundimusica.com\/en\/wp-json\/wp\/v2\/posts\/916","targetHints":{"allow":["GET"]}}],"collection":[{"href":"https:\/\/www.mapamundimusica.com\/en\/wp-json\/wp\/v2\/posts"}],"about":[{"href":"https:\/\/www.mapamundimusica.com\/en\/wp-json\/wp\/v2\/types\/post"}],"author":[{"embeddable":true,"href":"https:\/\/www.mapamundimusica.com\/en\/wp-json\/wp\/v2\/users\/1"}],"replies":[{"embeddable":true,"href":"https:\/\/www.mapamundimusica.com\/en\/wp-json\/wp\/v2\/comments?post=916"}],"version-history":[{"count":18,"href":"https:\/\/www.mapamundimusica.com\/en\/wp-json\/wp\/v2\/posts\/916\/revisions"}],"predecessor-version":[{"id":1835,"href":"https:\/\/www.mapamundimusica.com\/en\/wp-json\/wp\/v2\/posts\/916\/revisions\/1835"}],"wp:attachment":[{"href":"https:\/\/www.mapamundimusica.com\/en\/wp-json\/wp\/v2\/media?parent=916"}],"wp:term":[{"taxonomy":"category","embeddable":true,"href":"https:\/\/www.mapamundimusica.com\/en\/wp-json\/wp\/v2\/categories?post=916"},{"taxonomy":"post_tag","embeddable":true,"href":"https:\/\/www.mapamundimusica.com\/en\/wp-json\/wp\/v2\/tags?post=916"}],"curies":[{"name":"wp","href":"https:\/\/api.w.org\/{rel}","templated":true}]}}