{"id":806,"date":"2019-03-20T15:37:03","date_gmt":"2019-03-20T15:37:03","guid":{"rendered":"http:\/\/www.mapamundimusica.com\/?p=806"},"modified":"2020-04-23T14:29:56","modified_gmt":"2020-04-23T13:29:56","slug":"9-march-2019","status":"publish","type":"post","link":"https:\/\/www.mapamundimusica.com\/en\/newsletter\/9-march-2019\/","title":{"rendered":"Newsletter #9 March 2019"},"content":{"rendered":"<p><\/p>\n<table border=\"0\" width=\"100%\" cellspacing=\"0\" cellpadding=\"0\">\n<tbody>\n<tr>\n<td id=\"templateHeader\" align=\"center\" valign=\"top\"><a href=\"https:\/\/www.facebook.com\/aracelitzigane\" target=\"_blank\" rel=\"noopener noreferrer\"><img loading=\"lazy\" decoding=\"async\" class=\"alignright\" src=\"https:\/\/gallery.mailchimp.com\/993c677d53044839b1b39b2dc\/images\/d927aabe-d9f4-404b-b9dd-6e150d37496f.jpg\" width=\"250\" height=\"251\" data-file-id=\"2889961\" \/><\/a><\/p>\n<div style=\"text-align: left;\"><span style=\"font-family: open sans, helvetica neue, helvetica, arial, sans-serif;\">I<\/span><span style=\"font-family: open sans, helvetica neue, helvetica, arial, sans-serif;\">\u00a0am Araceli Tzigane. Welcome to <a href=\"http:\/\/www.mapamundimusica.com\/\" target=\"_blank\" rel=\"noopener noreferrer\">Mapamundi M\u00fasica&#8217;s<\/a> March&#8217;s monthly newsletter. Before going into detail, some brief notes:<\/span><\/div>\n<ul style=\"text-align: left;\">\n<li>The period of application for\u00a0<strong>grants by AC\/E<\/strong>, for the logistic expenses of having a Spanish artists in your festival or program,\u00a0ends on 31st March. Check details below and discover a new proposal.<\/li>\n<li><span style=\"font-family: open sans, helvetica neue, helvetica, arial, sans-serif;\">The\u00a0<strong>new artistic director of Fira Mediterr\u00e0nia\u00a0<\/strong><\/span><span style=\"font-family: open sans, helvetica neue, helvetica, arial, sans-serif;\">is Jordi Fosas. Find below his\u00a0profile and an interview with him.\u00a0<\/span><\/li>\n<li><span style=\"font-family: open sans, helvetica neue, helvetica, arial, sans-serif;\"><strong>Visa for Music\u00a0<\/strong>opens the application period for artists. Check below for more open calls.<\/span><\/li>\n<\/ul>\n<div style=\"text-align: left;\">\n<p>And, as usual,\u00a0we\u00a0continue the series of\u00a0<strong>little interviews with\u00a0festival directors<\/strong>, in this case with Bo\u017cena Szota from Ethno Port Pozna\u0144, and with<strong>\u00a0many more useful infos\u00a0<\/strong>for the community.<\/p>\n<p>If you have any suggestion of contents for the next editions, let us know. Thanks for your attention.<\/p>\n<\/div>\n<div style=\"text-align: left;\"><strong>Araceli Tzigane &#8211; info@mundimapa.com +34 676\u00a030 28 82\u00a0<\/strong><\/div>\n<div>\n<hr \/>\n<\/div>\n<p><strong><a class=\"mcnButton \" title=\"Do you like our newsletter? Tell us! Resend it to your friends! To sign up, click HERE.\" href=\"http:\/\/www.mapamundimusica.com\/en\/contacto\/\" target=\"_blank\" rel=\"noopener noreferrer\">Do you like our newsletter? Tell us! To sign up, click HERE.<\/a><\/strong><\/p>\n<hr \/>\n<h5><span style=\"font-family: open sans, helvetica neue, helvetica, arial, sans-serif;\"><strong>Summary<\/strong>:<\/span><span style=\"color: #ffffff; font-family: open sans, helvetica neue, helvetica, arial, sans-serif;\">\u00a0<\/span><span style=\"font-family: open sans, helvetica neue, helvetica, arial, sans-serif;\">\u00a0Jordi Fosas, new artistic director of<\/span><span style=\"font-family: open sans, helvetica neue, helvetica, arial, sans-serif;\">\u00a0<\/span><span style=\"font-family: open sans, helvetica neue, helvetica, arial, sans-serif;\">Fira Mediterr\u00e0nia de Manresa<\/span><span style=\"font-family: open sans, helvetica neue, helvetica, arial, sans-serif;\">\u00a0<\/span><span style=\"font-family: open sans, helvetica neue, helvetica, arial, sans-serif;\">&#8211;\u00a0AC\/E\u00b4s<\/span><span style=\"font-family: open sans, helvetica neue, helvetica, arial, sans-serif;\">\u00a0<\/span><span style=\"font-family: open sans, helvetica neue, helvetica, arial, sans-serif;\">application<\/span><span style=\"font-family: open sans, helvetica neue, helvetica, arial, sans-serif;\">\u00a0for support is open &#8211; Mapamundi M\u00fasica introduces&#8230;\u00a0<\/span><span style=\"font-family: open sans, helvetica neue, helvetica, arial, sans-serif;\">Entav\u00eda<\/span><span style=\"font-family: open sans, helvetica neue, helvetica, arial, sans-serif;\">\u00a0&#8211; Mini interview\u00a0with festival director: Bo\u017cena Szota from<\/span><span style=\"font-family: open sans, helvetica neue, helvetica, arial, sans-serif;\">\u00a0<\/span><span style=\"font-family: open sans, helvetica neue, helvetica, arial, sans-serif;\">Ethno Port Pozna\u0144<\/span><span style=\"font-family: open sans, helvetica neue, helvetica, arial, sans-serif;\">\u00a0(Poland) &#8211;\u00a0New (and still)\u00a0<\/span><span style=\"font-family: open sans, helvetica neue, helvetica, arial, sans-serif;\">open calls<\/span><span style=\"font-family: open sans, helvetica neue, helvetica, arial, sans-serif;\">\u00a0<\/span><span style=\"font-family: open sans, helvetica neue, helvetica, arial, sans-serif;\">&#8211; On tour<\/span><\/h5>\n<hr \/>\n<p><img loading=\"lazy\" decoding=\"async\" style=\"color: #333333; font-family: Georgia, 'Times New Roman', 'Bitstream Charter', Times, serif; font-size: 16px; text-align: left;\" src=\"https:\/\/gallery.mailchimp.com\/993c677d53044839b1b39b2dc\/images\/5ac32a75-3f82-4203-9fcc-6a755ff0984b.png\" width=\"250\" height=\"225\" align=\"right\" data-file-id=\"3154621\" \/><\/p>\n<p style=\"text-align: left;\"><span style=\"font-family: 'open sans', 'helvetica neue', helvetica, arial, sans-serif;\"><strong>FLASH NEWS: DON KIPPER AND MELECH MECHAYA, 14TH APRIL IN COSLADA<\/strong><\/span><\/p>\n<p style=\"text-align: left;\">Last WOMEX we have a super nice moment with Josh and Tim from the band from London <strong>Don Kipper<\/strong>. We are happy to bring them for our first collaboration, next April, on Sunday 14th, at the event M\u00fasica en Primavera, by the city council of Coslada. They will play in a double program with our\u00a0Portuguese combo\u00a0<strong>Melech Mechaya<\/strong>.\u00a0Details, <a href=\"https:\/\/www.facebook.com\/events\/445427102881693\/\" target=\"_blank\" rel=\"noopener noreferrer\">here<\/a>.<\/p>\n<p>&nbsp;<\/p>\n<hr \/>\n<p style=\"text-align: left;\"><strong style=\"font-family: 'open sans', 'helvetica neue', helvetica, arial, sans-serif; text-align: left;\">WELCOME JORDI FOSAS, NEW ARTISTIC DIRECTOR OF FIRA MEDITERR\u00c0NIA DE MANRESA\u00a0<\/strong><\/p>\n<div style=\"text-align: left;\">\n<p><img loading=\"lazy\" decoding=\"async\" src=\"https:\/\/gallery.mailchimp.com\/993c677d53044839b1b39b2dc\/images\/00df7d92-109a-4294-b5e6-dc6b46e01a28.jpg\" width=\"240\" height=\"240\" align=\"right\" data-file-id=\"3153893\" \/>In the words of the Fira,\u00a0<em>&#8220;Jordi Fosas has a long track record in traditional and folk culture, through his involvement with the Cercle de Cultura Tradicional i Popular (Marboleny Traditional and Folk Culture Circle) and Festival \u00c9sdansa de Les Preses (\u00c9sdansa de Les Preses Festival). Fosas was selected from seven candidates, and he will direct the artistic line-up for Fira\u2019s programme over the next three years. Not only was Fosas selected for his connections with traditional and folk culture but also for the artistic project he presented and his relevant experience.&#8221;<\/em><\/p>\n<p>Mapamundi is happy to share with you his answers and reflections in this little interview.<\/p>\n<\/div>\n<div style=\"text-align: left;\"><strong>We wish you the best, Jordi. Thanks for the enlightening statements!\u00a0<\/strong><\/div>\n<div style=\"text-align: left;\"><strong>MM &#8211; Congratulations on your designation to this exciting position. What made you interested in it?\u00a0<\/strong><\/div>\n<div style=\"text-align: left;\">JF &#8211; Thank you! I come from the world of popular culture and I have been working for many years on traditional dance. For example, directing the \u00c9Sdansa Festival (ESdanza) and developing in it this \u201cES\u201d (that means \u201cis\u201d) in the present indicative, encouraging the public to dance traditional dance today and promoting the realization of contemporary proposals based on traditional language.<\/div>\n<p style=\"text-align: left;\">I have known the Fira Mediterr\u00e0nia from some of its possible viewpoints, as an artist, as a programmer and also as a collaborator. These last three years we have collaborated with the Fira in the development of the Premi Delf\u00ed Colom\u00e9, an initiative that we have promoted from the \u00c9Sdansa Festival to promote new dance projects created from the traditional roots.<br \/>\nI thought that I could contribute my experience to the artistic direction of the Fira and for that reason I presented myself to the call.<\/p>\n<p><img loading=\"lazy\" decoding=\"async\" class=\"aligncenter\" src=\"https:\/\/gallery.mailchimp.com\/993c677d53044839b1b39b2dc\/images\/cbf698c4-2cc7-4c6b-a405-09ca88be9fdb.jpg\" alt=\"\" width=\"474\" height=\"187\" align=\"center\" data-file-id=\"3153949\" \/><\/p>\n<p style=\"text-align: left;\"><strong>MM &#8211; The Fira Mediterr\u00e0nia has an international recognition as a fair where exciting proposals in the different disciplines that it includes are a<\/strong><strong>lways discovered. How are you guys going to face this stage with you in the direction? Are you going to change something, are you going to give more weight to any subjects, any change of format, locations&#8230;?<\/strong><\/p>\n<p style=\"text-align: left;\">JF \u2013 The Fira Mediterr\u00e0nia has done a good work in these more than twenty years of trajectory. For this reason, we will continue building from the bridges already drawn by the previous directors. I believe that the projects are enriched and strengthened when a new director contributes from the experience of the previous directors.<\/p>\n<p style=\"text-align: left;\">In the next years we will try to reinforce our brand positioning to help us articulate a circuit and generate discourse, essential elements to achieve our goal: market for proposals with traditional roots. We want to normalize that proposals that work from the traditional root are programmed.<\/p>\n<p style=\"text-align: left;\">The basic principles or strategic lines that we will develop have the objective of achieving a creative, reflective, complicit, committed and unique Fira, and we will do it in a 360 approach, that is to say, all the time and looking for complicities. We will work from three keys:<br \/>\n\u2022 weaving, that is, promoting and helping new creations and productions and making intersections and pairings between creators and popular culture;<br \/>\n\u2022 drawing packages of meaning that help the public and professionals to visualize creative realities,<br \/>\n\u2022 and getting a Fira in first person from the formats that generate new forms of participation and educational projects.<\/p>\n<p><img loading=\"lazy\" decoding=\"async\" class=\"aligncenter\" style=\"color: #747474; font-family: 'Open Sans', sans-serif; font-size: 14px; text-align: left;\" src=\"https:\/\/gallery.mailchimp.com\/993c677d53044839b1b39b2dc\/images\/31404e18-2a2b-410c-be34-73ae98365408.jpg\" width=\"626\" height=\"419\" align=\"center\" data-file-id=\"3153953\" \/><\/p>\n<div style=\"text-align: left;\"><strong>MM &#8211; Which will be at this phase the evaluation criteria to select the artistic proposals?<\/strong><\/div>\n<p style=\"text-align: left;\">JF &#8211; At Fira Mediterr\u00e0nia we want to show a tradition with no complexes, that works in the present and in excellence and this will be our criterion to draw the Fira&#8217;s programming. We conceive a Fira that works intersections with the 360 degrees of the tradition, from the heritage and all that corpus of testimonies that form the cultural heritage of society, passing through the entities of popular culture that connect this heritage with their society, until reaching the professional sector that creates from this tradition. We are especially interested in the intersections, relationships and exchanges between all these agents, especially, how artists and professional companies drink from heritage, tradition and popular culture.<\/p>\n<p style=\"text-align: left;\"><strong>MM &#8211; What will be the balance in number of shows, in terms of concerts and other traditional culture shows?<\/strong><\/p>\n<p style=\"text-align: left;\">JF &#8211; We will continue backing an interdisciplinary and multidisciplinary Fira that gathers proposals from all the performing arts, from theater, dance, circus, visual arts, music &#8230; whether they are indoors or outdoors and in any of their formats. Our axis of programming is the traditional Mediterranean tradition in any discipline and format and we do not set a percentage for each of them. We will follow approximately the criteria that have been considered in recent editions.<\/p>\n<p style=\"text-align: left;\"><strong>MM &#8211; In recent years, the Fira has included proposals from outside the cultural field of the Mediterranean. Will this line be maintained?<\/strong><\/p>\n<p style=\"text-align: left;\">JF &#8211; Yes, we will continue to program exceptional international proposals that stimulate the work of our artists and help us articulate discourse. We will focus on concrete proposals, but also on cities, territories, cultures &#8230; to see how the dialogue between tradition and contemporaneity works. We will work on it within the Fira\u2019s State and International Action Plan. We will show and see other ecosystems, to see how a territory a structure, a project&#8230; is organized, works and creates.<\/p>\n<p style=\"text-align: left;\"><strong>Pictures<\/strong>: Jordi Fosas&#8217;s Facebook profile;\u00a0Llotja profesional, by Anna Brugu\u00e9s.<\/p>\n<p>&nbsp;<\/p>\n<div>\n<hr \/>\n<\/div>\n<div>\n<div style=\"text-align: left;\">\n<p><span style=\"font-family: open sans, helvetica neue, helvetica, arial, sans-serif;\"><strong>DO YOU WANT A SPANISH ARTIST<\/strong><\/span><span style=\"font-family: open sans, helvetica neue, helvetica, arial, sans-serif;\"><strong>\u00a0IN YOUR PROGRAM? AC\/E&#8217;S CALL FOR SUPPORT\u00a0<\/strong><\/span><span style=\"font-family: open sans, helvetica neue, helvetica, arial, sans-serif;\"><strong>IS\u00a0OPEN DURING MARCH<\/strong><\/span><\/p>\n<p><a href=\"https:\/\/www.accioncultural.es\/\" target=\"_blank\" rel=\"noopener noreferrer\">Acci\u00f3n Cultural Espa\u00f1ola (AC\/E)<\/a>\u00a0is a public entity dedicated to promoting the culture and heritage of Spain. In March they open the call to request\u00a0<strong>support for the logistic expenses<\/strong>related to Spanish artists and experts in cultural issues, for events abroad taking place in the second half of the year.<\/p>\n<\/div>\n<div style=\"text-align: left;\"><a href=\"http:\/\/www.mapamundimusica.com\/viguela\/en\/pro\/aspectos-esenciales-sobre-viguela\/\"><img loading=\"lazy\" decoding=\"async\" src=\"https:\/\/gallery.mailchimp.com\/993c677d53044839b1b39b2dc\/images\/de884891-de44-43dc-b05e-cb5ed70fd0ab.png\" width=\"320\" height=\"142\" align=\"right\" data-file-id=\"3105737\" \/><\/a>The application must be done by the foreign institution\/programmer and Mapamundi M\u00fasica has supported some clients in previous editions to fullfill the procedure, that in fact is not difficult. The results are usually published quite soon (around the 3rd week of April).<\/div>\n<div style=\"text-align: left;\">We can offer you our band\u00a0<a href=\"http:\/\/www.mapamundimusica.com\/viguela\/en\/pro\/aspectos-esenciales-sobre-viguela\/\" target=\"_blank\" rel=\"noopener noreferrer\">Vig\u00fcela<\/a>\u00a0(in the picture) and\u00a0<strong>Entav\u00eda<\/strong>. Check the next news, at the Mapamundi M\u00fasica introduces&#8230;.<\/div>\n<\/div>\n<div><\/div>\n<div><a class=\"mcnButton \" title=\"Do you like our newsletter? Tell us! Resend it to your friends! To sign up, click HERE.\" href=\"http:\/\/www.mapamundimusica.com\/en\/contacto\/\" target=\"_blank\" rel=\"noopener noreferrer\">Do you like our newsletter? Tell us! To sign up, click HERE.<\/a><\/div>\n<div><\/div>\n<hr \/>\n<p style=\"text-align: left;\"><span style=\"font-family: open sans, helvetica neue, helvetica, arial, sans-serif;\"><strong>MAPAMUNDI M\u00daSICA INTRODUCES&#8230;<\/strong><\/span><\/p>\n<p style=\"text-align: left;\"><strong>Entav\u00eda, from Salamanca province, in Castilla y Le\u00f3n community\u00a0<\/strong><br \/>\nAs a proffesional working with folk music since 2002, I think I am very discriminating about the proposals, even more if they come from my own country.\u00a0We have had great experiences with Spanish bands, like El Na\u00e1n, with whom we are not working now but we keep a deep friendship and mutual admiration. Apart of them and our beloved Vig\u00fcela and associated acts,\u00a0I don&#8217;t use to get often excited enough to start a collaboration to promote a\u00a0Spanish folk band. It has to be very very special.<\/p>\n<p style=\"text-align: left;\">And&#8230; I first payed attention to this band, Entav\u00eda,\u00a0in this videoclip for a\u00a0<em>panaderas\u00a0<\/em>style song with a poem written in 1931 by\u00a0<a href=\"https:\/\/en.wikipedia.org\/wiki\/Miguel_de_Unamuno\" target=\"_blank\" rel=\"noopener noreferrer\">Miguel de Unamuno<\/a>. It was like a premonition to a catastrophe that would happen some years after: the breaking down of the\u00a0<a href=\"https:\/\/es.wikipedia.org\/wiki\/Cat%C3%A1strofe_de_Ribadelago\" target=\"_blank\" rel=\"noopener noreferrer\">dam of Ribadelago<\/a>, in 1959, that killed 144 of the villagers, of which only 28 bodies where found.<\/p>\n<p style=\"text-align: left;\">Entav\u00eda puts music to this thrilling poem in a tribute to the victims and a claim for the unfair treatment that Franco&#8217;s government gave to the survivors.<\/p>\n<p><iframe loading=\"lazy\" src=\"https:\/\/www.youtube.com\/embed\/JehnoEJcaIo\" width=\"560\" height=\"315\" frameborder=\"0\" allowfullscreen=\"allowfullscreen\"><\/iframe><\/p>\n<p style=\"text-align: left;\"><span style=\"text-align: left; font-family: inherit; font-size: inherit; color: #333333;\">Last Saturday I attended their concert in Madrid. It was in a little classroom in the downtown. <\/span><em style=\"text-align: left; font-family: inherit; font-size: inherit; color: #333333;\">Copla, ajechao, son jarocho, panadera<\/em><span style=\"text-align: left; font-family: inherit; font-size: inherit; color: #333333;\">s&#8230; in a concert full of freshness and fun made the evening unforgettable. You&#8217;ll hear more about them. In the meantime, check some snippets in these videos:\u00a0<\/span><\/p>\n<div style=\"text-align: center;\">\n<p>\u00a0<a href=\"https:\/\/www.youtube.com\/watch?v=h5OmdTYpeF4\" target=\"_blank\" rel=\"noopener noreferrer\">Ajechao<\/a>\u00a0&#8211;\u00a0<a href=\"https:\/\/www.youtube.com\/watch?v=FGox0BCMFPo\" target=\"_blank\" rel=\"noopener noreferrer\">Panaderas<\/a>\u00a0&#8211;\u00a0<a href=\"https:\/\/www.youtube.com\/watch?v=ZkK3UfLmEcw\" target=\"_blank\" rel=\"noopener noreferrer\">Copla<\/a>\u00a0&#8211;\u00a0<a href=\"https:\/\/www.youtube.com\/watch?v=FGox0BCMFPo\" target=\"_blank\" rel=\"noopener noreferrer\">Panaderas<\/a>\u00a0&#8211;\u00a0<a href=\"https:\/\/www.youtube.com\/watch?v=eBCbpNtuTSU\" target=\"_blank\" rel=\"noopener noreferrer\">Buler\u00edas del T\u00edo Vicente <\/a>&#8211;\u00a0<a href=\"https:\/\/www.youtube.com\/watch?v=fa8fEjc0tN0\" target=\"_blank\" rel=\"noopener noreferrer\">Martinete blues<\/a><\/p>\n<p>Any question about Entav\u00eda? Tell me!<\/p>\n<\/div>\n<hr style=\"font-family: inherit; font-size: inherit; text-align: left;\" \/>\n<div><\/div>\n<div style=\"text-align: left;\"><span style=\"font-family: open sans, helvetica neue, helvetica, arial, sans-serif;\"><strong>CALLS FOR APPLICATIONS<\/strong><\/span><br \/>\nThese professional fairs and festivals have applications open right now:<br \/>\n<strong>\u00b7\u00a0<a href=\"https:\/\/visaformusic.com\/\" target=\"_blank\" rel=\"noopener noreferrer\">Visa por Music<\/a><\/strong>, Rabat, Morocco.\u00a0<a href=\"http:\/\/%20https\/\/docs.google.com\/forms\/d\/e\/1FAIpQLSfTNO_wUx9HnzyWa83pyiDhc5VfIJZ121LxvolWl7IKDKfNww\/viewform\" target=\"_blank\" rel=\"noopener noreferrer\">Apply here<\/a>. Until 15th of May.<br \/>\n<strong>\u00b7\u00a0<a href=\"http:\/\/www.cyprusrialtoworldmusic.com\/\" target=\"_blank\" rel=\"noopener noreferrer\">Cyprus Rialto World Music<\/a><\/strong>\u00a0Festival,\u00a0Limassol, Cyprus.\u00a0<a href=\"https:\/\/docs.google.com\/forms\/d\/e\/1FAIpQLScw5SSV33M4_a36ealLndEUqcHWwiwTgS_woyMhEji9kDtcRA\/viewform?fbzx=2020632198523343944\" target=\"_blank\" rel=\"noopener noreferrer\">Apply here<\/a>.\u00a0Until 23th of March.<br \/>\n<strong>\u00b7\u00a0<a href=\"https:\/\/www.womex.com\/\" target=\"_blank\" rel=\"noopener noreferrer\">WOMEX<\/a>.<\/strong>\u00a0Still open until next Friday!\u00a0<a href=\"http:\/\/www.womex-apply.com\/\" target=\"_blank\" rel=\"noopener noreferrer\">Apply here<\/a>.<br \/>\n<strong>\u00b7\u00a0<\/strong><strong><a href=\"http:\/\/www.mmvv.cat\/es\/\" target=\"_blank\" rel=\"noopener noreferrer\">Mercat de M\u00fasica Viva de Vic<\/a>.<\/strong>\u00a0Open call for the 31st edition, until 29th of March.\u00a0<a href=\"http:\/\/www.mmvv.cat\/\" target=\"_blank\" rel=\"noopener noreferrer\">Apply here<\/a>.<br \/>\n<strong>\u00b7\u00a0<\/strong><strong><a href=\"https:\/\/mundialmontreal.com\/\" target=\"_blank\" rel=\"noopener noreferrer\">Mundial Montreal<\/a>.<\/strong>\u00a0Open call for the 9th edition, until 1st of April.\u00a0<a href=\"https:\/\/form.zonefestival.com\/?k=avalanche_p3ls\" target=\"_blank\" rel=\"noopener noreferrer\">Apply here<\/a>.<\/div>\n<div>\n<hr \/>\n<\/div>\n<div><\/div>\n<div><span style=\"font-family: open sans, helvetica neue, helvetica, arial, sans-serif;\"><strong>**** Do you have a world music\u00a0festival and you want to be included in our mini interviews? <\/strong><\/span><span style=\"color: #ffffff; font-family: open sans, helvetica neue, helvetica, arial, sans-serif;\"><strong><a href=\"http:\/\/www.mapamundimusica.com\/en\/contacto\/\" target=\"_blank\" rel=\"noopener noreferrer\">Contact us.<\/a><\/strong><\/span><span style=\"font-family: 'open sans', 'helvetica neue', helvetica, arial, sans-serif;\"><strong>\u00a0****<\/strong><\/span><\/div>\n<p>&nbsp;<\/p>\n<div>\n<div style=\"text-align: left;\"><span style=\"font-family: open sans, helvetica neue, helvetica, arial, sans-serif;\"><strong>CURRENT AND FUTURE CHALLENGES FOR FESTIVALS\u00a0<\/strong><\/span><\/div>\n<div style=\"text-align: left;\"><span style=\"font-family: open sans, helvetica neue, helvetica, arial, sans-serif;\"><strong>If you haven\u00b4t read them, you can find the previous interviews clicking on the names:\u00a0<\/strong><\/span><br \/>\n<span style=\"color: #ffffff; font-family: open sans, helvetica neue, helvetica, arial, sans-serif;\"><strong><a href=\"https:\/\/mailchi.mp\/6f617f72e263\/newsletterseptember2018mapamundimusica\" target=\"_blank\" rel=\"noopener noreferrer\">Michal Schmidt (Folk Holidays, CZ)<\/a><\/strong><\/span><span style=\"font-family: open sans, helvetica neue, helvetica, arial, sans-serif;\"><strong>\u00a0&#8211;\u00a0<\/strong><\/span><span style=\"color: #ffffff; font-family: open sans, helvetica neue, helvetica, arial, sans-serif;\"><strong><a href=\"https:\/\/mailchi.mp\/d2e617b0c302\/newsletteroctober2018mapamundimusica-1689613?e=[UNIQID]\" target=\"_blank\" rel=\"noopener noreferrer\">Jun-Lin Yeoh (Rainforest WMF, MY)<\/a><\/strong><\/span><span style=\"font-family: open sans, helvetica neue, helvetica, arial, sans-serif;\"><strong>\u00a0&#8211;\u00a0<\/strong><\/span><span style=\"color: #ffffff; font-family: open sans, helvetica neue, helvetica, arial, sans-serif;\"><strong><a href=\"https:\/\/mailchi.mp\/d2e617b0c302\/newsletteroctober2018mapamundimusica-1689613?e=[UNIQID]\" target=\"_blank\" rel=\"noopener noreferrer\">Luis Lles (Pirineos Sur, ES)<\/a><\/strong><\/span><span style=\"font-family: open sans, helvetica neue, helvetica, arial, sans-serif;\"><strong>\u00a0&#8211;\u00a0<\/strong><\/span><span style=\"color: #ffffff; font-family: open sans, helvetica neue, helvetica, arial, sans-serif;\"><strong><a href=\"https:\/\/mailchi.mp\/081099b8ea15\/newsletternovember2018mapamundimusica-1715249?e=170b7c99a3&amp;fbclid=IwAR2MJGahrkl6Nvc210qFlmBHpomiQ4idABesgOiMgucqtDTfFsPP6H8E-9w\" target=\"_blank\" rel=\"noopener noreferrer\">Amitava Bhattacharya (Sur Jahan, IN)<\/a><\/strong><\/span><span style=\"font-family: open sans, helvetica neue, helvetica, arial, sans-serif;\"><strong>\u00a0&#8211;\u00a0<a href=\"https:\/\/mailchi.mp\/c0ca8544e155\/newsletterdecember2018mapamundimusica?e=170b7c99a3\" target=\"_blank\" rel=\"noopener noreferrer\">Nicolas Ribalet (Sukiyaki Meets the World, JP)<\/a>\u00a0&#8211;\u00a0<a href=\"https:\/\/mailchi.mp\/6e905c0242ef\/newsletterjanuary2019mapamundimusica?e=170b7c99a3\" target=\"_blank\" rel=\"noopener noreferrer\">Sergio Zaera (Poborina Folk, ES)<\/a>\u00a0&#8211;\u00a0<a href=\"https:\/\/mailchi.mp\/d8c6fa52cda0\/newsletterfebruary2019mapamundimusica?e=170b7c99a3\" target=\"_blank\" rel=\"noopener noreferrer\">Per Idar Alm\u00e5s (F\u00f8rdefestivalen, NO)<\/a><\/strong><\/span><\/div>\n<p>&nbsp;<\/p>\n<div style=\"text-align: left;\"><span style=\"font-family: open sans, helvetica neue, helvetica, arial, sans-serif;\"><strong>MINI INTERVIEW WITH BO\u017bENA SZOTA FROM\u00a0<\/strong><\/span><span style=\"color: #ffd700; font-family: open sans, helvetica neue, helvetica, arial, sans-serif;\"><strong><a href=\"https:\/\/ethnoport.pl\/\" target=\"_blank\" rel=\"noopener noreferrer\">ETHNO PORT POZNA\u0143<\/a><\/strong><\/span><\/div>\n<div style=\"text-align: left;\"><img loading=\"lazy\" decoding=\"async\" src=\"https:\/\/gallery.mailchimp.com\/993c677d53044839b1b39b2dc\/images\/40aab293-85d1-4030-b284-07c9b1045c9c.jpg\" width=\"250\" height=\"250\" align=\"right\" data-file-id=\"3154325\" \/><strong>Over the four days of the festival, in the Polish city of Pozna\u0144\u00a0hosts concerts, dance parties, performances, interdisciplinary actions, workshops, film screenings and meetings for analysis and reflection about the current and future challenges in our societies.\u00a0<\/strong><\/div>\n<\/div>\n<p>&nbsp;<\/p>\n<p style=\"text-align: left;\"><strong>MM &#8211; What do you search in an artist when you program?\u00a0<\/strong><br \/>\nBS &#8211; We are searching authenticity and emotional truth, high artistic quality, original or masterful approach to traditional music<\/p>\n<p style=\"text-align: left;\"><strong>MM &#8211; Which are the global objectives of your festival?<\/strong><br \/>\nBS &#8211; We invite artists from all, even the most distant parts of the world. And during the events accompanying the festival (films, discussions, lectures) we focus on the global issues such as migration, cultural exchange or problems with building a sense of identity in a world of global exchange<br \/>\n<strong><a href=\"https:\/\/ethnoport.pl\/\" target=\"_blank\" rel=\"noopener noreferrer\"><img loading=\"lazy\" decoding=\"async\" class=\"alignnone\" src=\"https:\/\/gallery.mailchimp.com\/993c677d53044839b1b39b2dc\/images\/aed97606-0888-41ee-b28b-8226c815b5fd.jpg\" alt=\"\" width=\"250\" height=\"279\" align=\"left\" data-file-id=\"3154377\" \/><\/a><\/strong><br \/>\n<strong>MM &#8211; What are the most complicated or difficult issues to deal with in your festival?\u00a0<\/strong><br \/>\nBS &#8211; Modern forms of communication make it more easier to overcome organizational and logistic barriers. Differences in visas and tax regulations may be a problem.<\/p>\n<p style=\"text-align: left;\"><strong>MM &#8211; Which are currently the main challenges for this kind of cultural proposals like yours?\u00a0<\/strong><br \/>\nBS &#8211; Negating the need for intercultural exchange related to the increase of xenophobic attitudes, lack of support from the Ministry of Culture and weak interest of potential sponsors of the event.<\/p>\n<p style=\"text-align: left;\"><strong>MM &#8211; In one sentence, summarize the reason\/s to go to your festival.\u00a0<\/strong><br \/>\nBS &#8211; High quality of program proposals and their diversity as well as unique atmosphere built by the community festival audience.<\/p>\n<p style=\"text-align: left;\"><strong>Picture<\/strong>: one of\u00a0Bo\u017cena&#8217;s Facebook profile pictures<\/p>\n<div>\n<hr \/>\n<\/div>\n<div>\n<div style=\"text-align: left;\"><span style=\"font-family: open sans, helvetica neue, helvetica, arial, sans-serif;\"><strong>ON TOUR. TAKE ADVANTAGE OF OUR ARTISTS TOURING IN YOUR AREA NEXT SUMMER<\/strong><\/span><\/div>\n<div style=\"text-align: left;\"><strong>\u00b7\u00a0<a href=\"http:\/\/www.viguela.com\/\" target=\"_blank\" rel=\"noopener noreferrer\">Vig\u00fcela <\/a><\/strong>will be in Germany in the 3rd week of July and in UK at the end of August and we are working on more dates and countries. Remember you can request support from AC\/E for the logistic needs. In any case, if you are interested in them, just ask and we&#8217;ll make our best to reach an agreement. Remember we can offer the band alone and also the Polish-Spanish collaboration with Janusz Prusinowski Kompania and Maria Siwiec.<\/div>\n<div style=\"text-align: left;\"><strong>\u00b7\u00a0<a href=\"http:\/\/www.mapamundimusica.com\/en\/monsieur-doumani\/\" target=\"_blank\" rel=\"noopener noreferrer\">Monsieur Doumani<\/a><\/strong>\u00a0will be in Germany in the 3rd week of July and they have confirmed many other dates in Europe for next Summer and Autumn. Ask us. And we get them in Spain again, very soon: 2nd of April. Yeah!<\/div>\n<div style=\"text-align: left;\"><strong>\u00b7\u00a0<a href=\"http:\/\/www.mapamundimusica.com\/en\/rodopi-ensemble\/\" target=\"_blank\" rel=\"noopener noreferrer\">Rodopi Ensemble<\/a><\/strong>&#8216;s first concert in Spain is confirmed: 18th July, in Palma de Mallorca. They are settled in\u00a0Thessaloniki and available all year.<br \/>\n<strong>\u00b7\u00a0<a href=\"http:\/\/www.mapamundimusica.com\/en\/gulaza\/\" target=\"_blank\" rel=\"noopener noreferrer\">Gulaza<\/a><\/strong>\u00a0are constantly touring. Ask us for the date of your interest. Their showcase at WOMEX was &#8220;<em>the most extraordinary and talked about concert in WOMEX 2018<\/em>&#8221;\u00a0according to\u00a0BBC Sounds.<br \/>\nWe work with more artists and special concerts and collaborations.\u00a0<a href=\"http:\/\/www.mapamundimusica.com\/\" target=\"_blank\" rel=\"noopener noreferrer\">Check them at our website.<\/a><\/div>\n<div>\n<hr \/>\n<\/div>\n<\/div>\n<p><strong><a class=\"mcnButton \" title=\"Do you like our newsletter? Tell us! Resend it to your friends! To sign up, click HERE.\" href=\"http:\/\/www.mapamundimusica.com\/en\/contacto\/\" target=\"_blank\" rel=\"noopener noreferrer\">Do you like our newsletter? Tell us! To sign up, click HERE.<\/a><\/strong><\/p>\n<div>\n<hr \/>\n<p style=\"text-align: left;\"><strong>WHO WE ARE AND SISTER PROJECTS<\/strong><strong>\u00a0<\/strong><\/p>\n<p style=\"text-align: left;\">Mapamundi M\u00fasica is an agency of management and booking.\u00a0<a href=\"http:\/\/www.mapamundimusica.com\/en\/\" target=\"_blank\" rel=\"noopener noreferrer\">Learn more here<\/a>. Check our proposals at\u00a0<a href=\"http:\/\/www.mapamundimusica.com\/\" target=\"_blank\" rel=\"noopener noreferrer\">our website<\/a>.<\/p>\n<p style=\"text-align: left;\">We also offer you our\u00a0<a href=\"http:\/\/www.mundofonias.com\/\" target=\"_blank\" rel=\"noopener noreferrer\">Mundofon\u00edas<\/a>\u00a0radio show, probably the leader about world music in Spanish language (on 46 stations in 17 countries). We produce\u00a0the\u00a0<a href=\"http:\/\/www.transglobalwmc.com\/\" target=\"_blank\" rel=\"noopener noreferrer\">Transglobal World Music Chart<\/a>\u00a0with our partner \u00c1ngel Romero from WorldMusicCentral.com. And we lead also the\u00a0<a href=\"http:\/\/www.asociaciondifusionestilos.com\/\" target=\"_blank\" rel=\"noopener noreferrer\">Asociaci\u00f3n para la Difusi\u00f3n de los Estilos<\/a>.<\/p>\n<p style=\"text-align: left;\">Feel free to request info if you wish. For further information about us,\u00a0<strong>get in touch by email, telephone (+34 676 30 28 82),\u00a0<a href=\"http:\/\/www.mapamundimusica.com\/en\/contacto\/\" target=\"_blank\" rel=\"noopener noreferrer\">our website<\/a>\u00a0or at\u00a0<a href=\"https:\/\/www.facebook.com\/mapamundimusica\/\" target=\"_blank\" rel=\"noopener noreferrer\">our Facebook<\/a>.\u00a0<\/strong><\/p>\n<\/div>\n<\/td>\n<\/tr>\n<\/tbody>\n<\/table>\n<p><\/p>","protected":false},"excerpt":{"rendered":"<p>I\u00a0am Araceli Tzigane. Welcome to Mapamundi M\u00fasica&#8217;s March&#8217;s monthly newsletter. Before going into detail, some brief notes: The period of application for\u00a0grants by AC\/E, for the logistic expenses of having a Spanish artists in your festival or program,\u00a0ends on 31st March. Check details below and discover a new proposal. The\u00a0new artistic director of Fira Mediterr\u00e0nia\u00a0is [&hellip;]<\/p>\n","protected":false},"author":1,"featured_media":0,"comment_status":"open","ping_status":"open","sticky":false,"template":"","format":"standard","meta":{"footnotes":""},"categories":[19],"tags":[47,165,98,166,109,167,168,88,46,96,99,49,95,100,50,48,94],"class_list":["post-806","post","type-post","status-publish","format-standard","hentry","category-newsletter","tag-booking-of-artists","tag-bozena-szota","tag-entavia","tag-ethno-port-poznan","tag-fira-mediterrania-de-manresa","tag-jordi-fosas","tag-mercat-de-musica-viva-de-vic","tag-mundial-montreal","tag-resources-for-artists","tag-transglobal-world-music-chart","tag-viguela","tag-visa-for-music","tag-womex","tag-world-music","tag-world-music-fair","tag-world-music-festival","tag-world-music-festival-cyprus"],"_links":{"self":[{"href":"https:\/\/www.mapamundimusica.com\/en\/wp-json\/wp\/v2\/posts\/806","targetHints":{"allow":["GET"]}}],"collection":[{"href":"https:\/\/www.mapamundimusica.com\/en\/wp-json\/wp\/v2\/posts"}],"about":[{"href":"https:\/\/www.mapamundimusica.com\/en\/wp-json\/wp\/v2\/types\/post"}],"author":[{"embeddable":true,"href":"https:\/\/www.mapamundimusica.com\/en\/wp-json\/wp\/v2\/users\/1"}],"replies":[{"embeddable":true,"href":"https:\/\/www.mapamundimusica.com\/en\/wp-json\/wp\/v2\/comments?post=806"}],"version-history":[{"count":21,"href":"https:\/\/www.mapamundimusica.com\/en\/wp-json\/wp\/v2\/posts\/806\/revisions"}],"predecessor-version":[{"id":827,"href":"https:\/\/www.mapamundimusica.com\/en\/wp-json\/wp\/v2\/posts\/806\/revisions\/827"}],"wp:attachment":[{"href":"https:\/\/www.mapamundimusica.com\/en\/wp-json\/wp\/v2\/media?parent=806"}],"wp:term":[{"taxonomy":"category","embeddable":true,"href":"https:\/\/www.mapamundimusica.com\/en\/wp-json\/wp\/v2\/categories?post=806"},{"taxonomy":"post_tag","embeddable":true,"href":"https:\/\/www.mapamundimusica.com\/en\/wp-json\/wp\/v2\/tags?post=806"}],"curies":[{"name":"wp","href":"https:\/\/api.w.org\/{rel}","templated":true}]}}