{"id":798,"date":"2019-03-20T15:24:54","date_gmt":"2019-03-20T15:24:54","guid":{"rendered":"http:\/\/www.mapamundimusica.com\/?p=798"},"modified":"2020-04-23T14:34:15","modified_gmt":"2020-04-23T13:34:15","slug":"8-february-2019","status":"publish","type":"post","link":"https:\/\/www.mapamundimusica.com\/en\/newsletter\/8-february-2019\/","title":{"rendered":"Newsletter #8 February 2019"},"content":{"rendered":"<p><\/p>\n<table border=\"0\" width=\"100%\" cellspacing=\"0\" cellpadding=\"0\">\n<tbody>\n<tr>\n<td id=\"templateHeader\" align=\"center\" valign=\"top\">\n<p style=\"text-align: left;\"><img loading=\"lazy\" decoding=\"async\" class=\"alignright\" style=\"color: #333333; font-family: Georgia, 'Times New Roman', 'Bitstream Charter', Times, serif; font-size: 16px; text-align: left;\" src=\"https:\/\/gallery.mailchimp.com\/993c677d53044839b1b39b2dc\/images\/3766fe9a-3339-4c48-bae3-fe0b50dff7d9.jpg\" width=\"200\" height=\"201\" data-file-id=\"2889961\" \/><span style=\"font-family: open sans, helvetica neue, helvetica, arial, sans-serif;\">I<\/span><span style=\"font-family: open sans, helvetica neue, helvetica, arial, sans-serif;\">\u00a0am Araceli Tzigane. Welcome to\u00a0<a href=\"http:\/\/www.mapamundimusica.com\/\" target=\"_blank\" rel=\"noopener noreferrer\">Mapamundi M\u00fasica&#8217;s <\/a>February monthly newsletter.<\/span><\/p>\n<p style=\"text-align: left;\">In the last edition we announced the leaving of David Iba\u00f1ez from the artistic direction of the Fira Mediterr\u00e0nia and still today the new director is not published. We will share the news at our\u00a0<a href=\"https:\/\/www.facebook.com\/mapamundimusica\/\" target=\"_blank\" rel=\"noopener noreferrer\">Facebook<\/a>\u00a0and our\u00a0<a href=\"https:\/\/www.instagram.com\/mapamundimusica\/\" target=\"_blank\" rel=\"noopener noreferrer\">Instagram<\/a>\u00a0as soon as we know, so you can follow us there. The Fira is nowadays the most important fair of world music\u00a0in the South of Europe, specially since Babel Med stopped after 2017&#8217;s edition. It is also a superb festival. Did you know they got the 4th position at\u00a0<a href=\"http:\/\/www.transglobalwmc.com\/category\/festival-awards\/festival-awards-results\/\" target=\"_blank\" rel=\"noopener noreferrer\">TWMC Festival Awards<\/a>? Yes, you know: we announced it in\u00a0<a href=\"https:\/\/mailchi.mp\/6e905c0242ef\/newsletterjanuary2019mapamundimusica?e=170b7c99a3\" target=\"_blank\" rel=\"noopener noreferrer\">February newsletter<\/a>. Application for the procedure of the Festival Awards is open.<\/p>\n<p style=\"text-align: left;\">Below, we continue the series of\u00a0<strong>little interviews with\u00a0festival directors<\/strong>\u00a0and with<strong>\u00a0many more useful infos\u00a0<\/strong>for the community.<\/p>\n<p style=\"text-align: left;\"><span style=\"font-family: open sans, helvetica neue, helvetica, arial, sans-serif;\"><strong>And, before,\u00a0this last month many things have happened here:<\/strong><br \/>\n\u00b7 We have had the announcement of early general elections in Spain in April that, added to the local elections in May, have the country in a very volatile situation, with all the impact this has in the not-mass culture&#8230;<br \/>\n\u00b7 We also have had back in Spain the\u00a0<a href=\"http:\/\/www.mapamundimusica.com\/en\/janusz-prusinowski-kompania\/\" target=\"_blank\" rel=\"noopener noreferrer\"><strong>Janusz Prusinowski Kompania<\/strong><\/a>, with a thrilling concert last Friday and they return next Sunday. Their 4th album,\u00a0<em>Po \u015bladach<\/em>, is haunting.<br \/>\n\u00b7 I travelled to Switzerland for the premiere of the\u00a0<strong>Mediterranean Odyssey<\/strong>\u00a0concert, of which we&#8217;ll share videos soon. I had the luck of listening by my side one of the best singers of the world,\u00a0<a href=\"https:\/\/www.facebook.com\/aracelitzigane\/posts\/10218222171923420\" target=\"_blank\" rel=\"noopener noreferrer\">Drosos Koutsokostas<\/a>, from\u00a0<a href=\"http:\/\/www.mapamundimusica.com\/en\/rodopi-ensemble\/\" target=\"_blank\" rel=\"noopener noreferrer\"><strong>Rodopi Ensemble<\/strong><\/a>\u00a0(better videos, soon).<br \/>\n\u00b7 We&#8217;ve been also\u00a0working with\u00a0<strong>Spain is Music<\/strong>, of which you have more info below.\u00a0<\/span><\/p>\n<p style=\"text-align: left;\">If you have any suggestion of contents for the next editions, let us know. Thanks for your attention.<\/p>\n<p>Araceli Tzigane &#8211; info@mundimapa.com +34 676\u00a030 28 82<\/p>\n<hr \/>\n<h5><span style=\"font-family: open sans, helvetica neue, helvetica, arial, sans-serif;\"><strong>Summary<\/strong>: <\/span><span style=\"font-family: 'open sans', 'helvetica neue', helvetica, arial, sans-serif;\">AC\/E\u00b4s application for support opens in March. New (and still) open calls. Mapamundi introduces&#8230; On tour. M<\/span><span style=\"font-family: open sans, helvetica neue, helvetica, arial, sans-serif;\">ini\u00a0<\/span><span style=\"font-family: open sans, helvetica neue, helvetica, arial, sans-serif;\">interview<\/span><span style=\"font-family: open sans, helvetica neue, helvetica, arial, sans-serif;\">\u00a0with festival director: Per Idar Alm\u00e5s, from F\u00f8rdefestivalen (Norway)<\/span><\/h5>\n<hr \/>\n<p><strong><a class=\"mcnButton \" title=\"Do you like our newsletter? Tell us! Resend it to your friends! To sign up, click HERE.\" href=\"http:\/\/www.mapamundimusica.com\/en\/contacto\/\" target=\"_blank\" rel=\"noopener noreferrer\">Do you like our newsletter? To sign up, click HERE.<\/a><\/strong><\/p>\n<hr \/>\n<div style=\"text-align: left;\">\n<p><span style=\"font-family: 'open sans', 'helvetica neue', helvetica, arial, sans-serif;\"><strong>DO YOU WANT A\u00a0<\/strong><\/span><span style=\"font-family: open sans, helvetica neue, helvetica, arial, sans-serif;\"><strong>SPANISH ARTISTS<\/strong><\/span><span style=\"font-family: 'open sans', 'helvetica neue', helvetica, arial, sans-serif;\"><strong>\u00a0IN YOUR PROGRAM? AC\/E&#8217;S CALL FOR\u00a0<\/strong><\/span><span style=\"font-family: open sans, helvetica neue, helvetica, arial, sans-serif;\"><strong>SUPPORT\u00a0<\/strong><\/span><span style=\"font-family: 'open sans', 'helvetica neue', helvetica, arial, sans-serif;\"><strong>WILL BE OPEN DURING MARCH<\/strong><\/span><\/p>\n<p><img loading=\"lazy\" decoding=\"async\" src=\"https:\/\/gallery.mailchimp.com\/993c677d53044839b1b39b2dc\/images\/de884891-de44-43dc-b05e-cb5ed70fd0ab.png\" width=\"320\" height=\"142\" align=\"right\" data-file-id=\"3105737\" \/><a href=\"https:\/\/www.accioncultural.es\/\" target=\"_blank\" rel=\"noopener noreferrer\">Acci\u00f3n Cultural Espa\u00f1ola (AC\/E)<\/a>\u00a0is a public entity dedicated to promoting the culture and heritage of Spain. In March they open the call to request\u00a0<strong>support for the logistic expenses <\/strong>related to Spanish artists and experts in cultural issues, for events abroad taking place in the second half of the year.<\/p>\n<\/div>\n<div style=\"text-align: left;\">The application must be done by the foreign institution\/programmer and Mapamundi M\u00fasica has supported some clients in previous editions to fullfill the procedure, that in fact is not difficult. The results are usually published quite soon (around the 3rd week of April).<\/div>\n<div style=\"text-align: left;\">We can offer you our band\u00a0<a href=\"http:\/\/www.mapamundimusica.com\/viguela\/en\/pro\/aspectos-esenciales-sobre-viguela\/\" target=\"_blank\" rel=\"noopener noreferrer\">Vig\u00fcela<\/a>\u00a0(in the picture) and we can help you also if you need any other artist profile.<\/div>\n<div>\n<hr \/>\n<\/div>\n<div><strong><a class=\"mcnButton \" title=\"Do you like our newsletter? Tell us! Resend it to your friends! To sign up, click HERE.\" href=\"http:\/\/www.mapamundimusica.com\/en\/contacto\/\" target=\"_blank\" rel=\"noopener noreferrer\">Do you like our newsletter? To sign up, click HERE.<\/a><\/strong><\/div>\n<div>\n<hr \/>\n<\/div>\n<div style=\"text-align: left;\"><span style=\"font-family: 'open sans', 'helvetica neue', helvetica, arial, sans-serif;\"><strong>CALLS FOR APPLICATIONS<\/strong><\/span><br \/>\nThese professional fairs have applications open right now:<br \/>\n<strong>\u00b7\u00a0<a href=\"http:\/\/www.targowiskoinstrumentow.pl\/\" target=\"_blank\" rel=\"noopener noreferrer\">IX Targowisko Instrument\u00f3w<\/a>, Warsaw. FOR INSTRUMENTS MAKERS.<\/strong>\u00a0The call for proposals is open until 22th of February, next Friday.\u00a0<a href=\"http:\/\/%20https\/\/docs.google.com\/forms\/d\/e\/1FAIpQLSfTNO_wUx9HnzyWa83pyiDhc5VfIJZ121LxvolWl7IKDKfNww\/viewform\" target=\"_blank\" rel=\"noopener noreferrer\">Apply here<\/a>.<br \/>\n<strong>\u00b7\u00a0<a href=\"https:\/\/www.womex.com\/\" target=\"_blank\" rel=\"noopener noreferrer\">WOMEX<\/a>.<\/strong>\u00a0The call for proposals is open until 22th of March.\u00a0<a href=\"http:\/\/www.womex-apply.com\/\" target=\"_blank\" rel=\"noopener noreferrer\">Apply here<\/a>.<br \/>\n<strong>\u00b7\u00a0<a href=\"https:\/\/firamediterrania.cat\/ca\" target=\"_blank\" rel=\"noopener noreferrer\">Fira Mediterr\u00e0nia de Manresa<\/a>.<\/strong>\u00a0We are still anxiously waiting for knowing who is the new artistic director. The application is open now, until 4th of March at 15h local time.\u00a0<a href=\"http:\/\/firamediterrania.cat\/mediterrania2019\/en\/rules?set_language=en\" target=\"_blank\" rel=\"noopener noreferrer\">Apply here<\/a>.<br \/>\n<strong>\u00b7\u00a0<\/strong><strong><a href=\"http:\/\/www.mmvv.cat\/es\/\" target=\"_blank\" rel=\"noopener noreferrer\">Mercat de M\u00fasica Viva de Vic<\/a>.<\/strong>\u00a0Open call for the 31st edition, until 29th of March.\u00a0<a href=\"http:\/\/www.mmvv.cat\/\" target=\"_blank\" rel=\"noopener noreferrer\">Apply here<\/a>.<br \/>\n<strong>\u00b7\u00a0<\/strong><strong><a href=\"https:\/\/mundialmontreal.com\/\" target=\"_blank\" rel=\"noopener noreferrer\">Mundial Montreal<\/a>.<\/strong>\u00a0Open call for the 9th edition, until 1st of April.\u00a0<a href=\"https:\/\/form.zonefestival.com\/?k=avalanche_p3ls\" target=\"_blank\" rel=\"noopener noreferrer\">Apply here<\/a>.<\/div>\n<div>\n<hr \/>\n<\/div>\n<div>\n<div style=\"text-align: left;\"><span style=\"font-family: 'open sans', 'helvetica neue', helvetica, arial, sans-serif;\"><strong>MAPAMUNDI M\u00daSICA INTRODUCES&#8230;\u00a0<\/strong><\/span><\/div>\n<div style=\"text-align: left;\">\n<p><a href=\"http:\/\/spainismusic.com\/\" target=\"_blank\" rel=\"noopener noreferrer\"><img loading=\"lazy\" decoding=\"async\" src=\"https:\/\/gallery.mailchimp.com\/993c677d53044839b1b39b2dc\/images\/dbb1245c-9f56-4939-b286-02b8f15913b8.jpeg\" width=\"250\" height=\"166\" align=\"right\" data-file-id=\"3105369\" \/><\/a><a href=\"http:\/\/spainismusic.com\/\" target=\"_blank\" rel=\"noopener noreferrer\">Spain is Music<\/a>. A new thrilling collaboration between us and this travel agency and consultancy firm is just starting. Their approach to travel design is\u00a0boutique-like, totally personalized and result of a deep investigation of the most authentic experiences.<\/p>\n<p>We proudly colaborate next month with them, providing a workshop of music and cooking by Vig\u00fcela for a group of Canadian travellers. In the meantime we are designing new initiatives and now I want to invite you to subscribe to their mailing list,\u00a0<a href=\"http:\/\/spainismusic.com\/contact\/\" target=\"_blank\" rel=\"noopener noreferrer\">here<\/a>. You&#8217;ll get interesting tips about Spain&#8217;s music, gastronomy, rituals, festivities&#8230;<\/p>\n<p>Picture: Pablo Camino, director of Spain is Music.<\/p>\n<\/div>\n<\/div>\n<div>\n<hr \/>\n<\/div>\n<div>\n<div style=\"text-align: left;\"><span style=\"font-family: 'open sans', 'helvetica neue', helvetica, arial, sans-serif;\"><strong>ON TOUR. TAKE ADVANTAGE OF OUR ARTISTS TOURING IN YOUR AREA NEXT SUMMER<\/strong><\/span><\/div>\n<div style=\"text-align: left;\"><strong>\u00b7\u00a0<a href=\"http:\/\/www.viguela.com\/\" target=\"_blank\" rel=\"noopener noreferrer\">Vig\u00fcela <\/a><\/strong>will be in Germany in the 3rd week of July and in UK at the end of August and we are working on more dates and countries. Remember you can request support from AC\/E for the logistic needs. In any case, if you are interested in them, just ask and we&#8217;ll make our best to reach an agreement. Remember we can offer the band alone and also the Polish-Spanish collaboration with Janusz Prusinowski Kompania and Maria Siwiec.<\/div>\n<div style=\"text-align: left;\"><strong>\u00b7\u00a0<a href=\"http:\/\/www.mapamundimusica.com\/en\/monsieur-doumani\/\" target=\"_blank\" rel=\"noopener noreferrer\">Monsieur Doumani<\/a><\/strong>\u00a0will be in Germany in the 3rd week of July and they have confirmed many other dates in Europe for next Summer and Autumn. Ask us. And we get them in Spain again, very soon: 2nd of April. Yeah!<\/div>\n<div style=\"text-align: left;\"><strong>\u00b7\u00a0<a href=\"http:\/\/www.mapamundimusica.com\/en\/rodopi-ensemble\/\" target=\"_blank\" rel=\"noopener noreferrer\">Rodopi Ensemble<\/a><\/strong>&#8216;s first concert in Spain is confirmed: 18th July, in Palma de Mallorca. They are settled in\u00a0Thessaloniki and available all year.<br \/>\n<strong>\u00b7\u00a0<a href=\"http:\/\/www.mapamundimusica.com\/en\/gulaza\/\" target=\"_blank\" rel=\"noopener noreferrer\">Gulaza<\/a><\/strong>\u00a0are constantly touring. Ask us for the date of your interest. Their showcase at WOMEX was &#8220;<em>the most extraordinary and talked about concert in WOMEX 2018<\/em>&#8221;\u00a0according to\u00a0BBC Sounds.<br \/>\nWe work with more artists and special concerts and collaborations.\u00a0<a href=\"http:\/\/www.mapamundimusica.com\/\" target=\"_blank\" rel=\"noopener noreferrer\">Check them at our website.<\/a><\/div>\n<\/div>\n<div><\/div>\n<div>\n<hr \/>\n<\/div>\n<div style=\"text-align: left;\"><\/div>\n<div><span style=\"font-family: 'open sans', 'helvetica neue', helvetica, arial, sans-serif;\"><strong>**** Do you have a world music\u00a0festival and you want to be included in our mini interviews? <a href=\"http:\/\/www.mapamundimusica.com\/en\/contacto\/\" target=\"_blank\" rel=\"noopener noreferrer\">Contact us.<\/a>\u00a0****<\/strong><\/span><\/div>\n<p>&nbsp;<\/p>\n<div style=\"text-align: left;\"><span style=\"font-family: 'open sans', 'helvetica neue', helvetica, arial, sans-serif;\"><strong>CURRENT AND FUTURE CHALLENGES FOR FESTIVALS\u00a0<\/strong><\/span><\/div>\n<div style=\"text-align: left;\"><span style=\"font-family: 'open sans', 'helvetica neue', helvetica, arial, sans-serif;\"><strong>If you haven\u00b4t read them, you can find the previous interviews clicking on the names:\u00a0<\/strong><strong><a href=\"https:\/\/mailchi.mp\/6f617f72e263\/newsletterseptember2018mapamundimusica\" target=\"_blank\" rel=\"noopener noreferrer\">Michal Schmidt (Folk Holidays, CZ)<\/a>,\u00a0<a href=\"https:\/\/mailchi.mp\/d2e617b0c302\/newsletteroctober2018mapamundimusica-1689613?e=[UNIQID]\" target=\"_blank\" rel=\"noopener noreferrer\">Jun-Lin Yeoh (Rainforest WMF, MY)<\/a>,\u00a0<a href=\"https:\/\/mailchi.mp\/d2e617b0c302\/newsletteroctober2018mapamundimusica-1689613?e=[UNIQID]\" target=\"_blank\" rel=\"noopener noreferrer\">Lu\u00eds Lles (Pirineos Sur, ES)<\/a>,\u00a0<a href=\"https:\/\/mailchi.mp\/081099b8ea15\/newsletternovember2018mapamundimusica-1715249?e=170b7c99a3&amp;fbclid=IwAR2MJGahrkl6Nvc210qFlmBHpomiQ4idABesgOiMgucqtDTfFsPP6H8E-9w\" target=\"_blank\" rel=\"noopener noreferrer\">Amitava Bhattacharya (Sur Jahan, IN)<\/a><\/strong><\/span><span style=\"font-family: open sans, helvetica neue, helvetica, arial, sans-serif;\"><strong>,\u00a0<a href=\"https:\/\/mailchi.mp\/c0ca8544e155\/newsletterdecember2018mapamundimusica?e=170b7c99a3\" target=\"_blank\" rel=\"noopener noreferrer\">Nicolas Ribalet (Sukiyaki Meets the World, JP)<\/a>,\u00a0<a href=\"https:\/\/mailchi.mp\/6e905c0242ef\/newsletterjanuary2019mapamundimusica?e=170b7c99a3\" target=\"_blank\" rel=\"noopener noreferrer\">Sergio Zaera (Poborina Folk, ES)<\/a><\/strong><\/span><\/div>\n<div style=\"text-align: left;\"><\/div>\n<p>&nbsp;<\/p>\n<div style=\"text-align: left;\"><span style=\"font-family: 'open sans', 'helvetica neue', helvetica, arial, sans-serif;\"><strong>MINI INTERVIEW WITH PER IDAR ALM\u00c5S FROM <a href=\"http:\/\/www.fordefestival.no\/\" target=\"_blank\" rel=\"noopener noreferrer\">F\u00d8RDEFESTIVALEN<\/a><\/strong><\/span><\/div>\n<div style=\"text-align: left;\">\n<p><strong>F\u00f8rde Traditional and World Music Festival takes place in Norway at the beginning of July in many different and beautiful locations that combine nature with traditional and modern architecture. The program is a chant for understanding and always includes a huge variety of proposals.\u00a0<\/strong><a href=\"http:\/\/www.fordefestival.no\/\"><img loading=\"lazy\" decoding=\"async\" src=\"https:\/\/gallery.mailchimp.com\/993c677d53044839b1b39b2dc\/images\/b375fe0c-0793-457f-b95a-d28bf5295088.jpg\" width=\"300\" height=\"225\" align=\"right\" data-file-id=\"3105313\" \/><\/a>The festival has had Hilde\u00a0Bj\u00f8rkum as artistic director until the edition of 2019, that happens to be the 30th anniversary of the festival. Congratulations, team! The artistic director now is Per Idar Alm\u00e5s, who has been working at the Bergen International Festival and as artistic director in a chamber music festival near F\u00f8rde.\u00a0We wish him a super nice experience and joys in this important position. Hilde continues supporting the festival in special projects. Both of them are in the picture, taken from her facebook profile. The answers to the questions are by Per.<\/p>\n<p><strong>Thank you, Per, for your answers, thank you, Hilde, for your vision along these years.<\/strong><\/p>\n<p><strong>MM &#8211; What do you search in an artist when you program?\u00a0<\/strong><br \/>\nPIA &#8211;\u00a0 We are searching for quality and uniqueness for all artists coming to our festival. Also, each year we are having a festival theme, and it&#8217;s a goal to have artists connected to that as well.<\/p>\n<p><strong><a href=\"http:\/\/www.fordefestival.no\/\" target=\"_blank\" rel=\"noopener noreferrer\"><img loading=\"lazy\" decoding=\"async\" src=\"https:\/\/gallery.mailchimp.com\/993c677d53044839b1b39b2dc\/images\/2bb9a660-9709-4d20-9976-de37fed3d211.png\" width=\"250\" height=\"250\" align=\"right\" data-file-id=\"3105345\" \/><\/a>MM &#8211; Which are the global objectives of your festival?<\/strong><br \/>\nPIA\u00a0&#8211;\u00a0F\u00f8rdefestivalen wants to have artists from all over the world represented at our festival. It&#8217;s a\u00a0very important thing for us to present international traditional music to our audience as well as our own traditonal music. It is getting more and more important with cultural understanding and exchange in this world, to break down boundaries and walls (our theme this year is &#8220;30 years without borders&#8221;).<\/p>\n<\/div>\n<div style=\"text-align: left;\"><\/div>\n<div style=\"text-align: left;\"><strong>MM &#8211; What are the most complicated or difficult issues to deal with in your festival?\u00a0<\/strong><br \/>\nPIA &#8211; For the programming it is always a challenge to find the right mix of artists on the program, as there is so many good artists out there that we would love to present. We have so many artists who would like to come that we can`t even answer them all, unfortunately.<strong>MM &#8211; Which are currently the main challenges for this kind of cultural proposals like yours?\u00a0<\/strong><br \/>\nPIA\u00a0&#8211; One thing that we have done in F\u00f8rde in the past and that has become a bit more difficult in Norway now, is to get funding for youth exchange programs for Norwegian and international young musicians, which is sad because I really believe in the value of this concept. We are working on finding ways to do it, and I hope we soon can do this again.<strong>MM &#8211; In one sentence, summarize the reason\/s to go to your festival.\u00a0<\/strong><br \/>\nPIA\u00a0&#8211; For one week in July the small city of F\u00f8rde invites the world to town, with the best artists, the best music, the most beutiful nature and we&#8217;ll do our best to be the best hosts possible. Welcome!<\/div>\n<div><\/div>\n<div>\n<hr \/>\n<\/div>\n<div><a class=\"mcnButton \" title=\"Do you like our newsletter? Tell us! Resend it to your friends! To sign up, click HERE.\" href=\"http:\/\/www.mapamundimusica.com\/en\/contacto\/\" target=\"_blank\" rel=\"noopener noreferrer\">Do you like our newsletter? To sign up, click HERE.<\/a><\/div>\n<div>\n<hr \/>\n<\/div>\n<div>\n<p style=\"text-align: left;\"><strong>WHO WE ARE AND SISTER PROJECTS\u00a0<\/strong><\/p>\n<p style=\"text-align: left;\">Mapamundi M\u00fasica is an agency of management and booking.\u00a0<a href=\"http:\/\/www.mapamundimusica.com\/en\/\" target=\"_blank\" rel=\"noopener noreferrer\">Learn more here<\/a>. Check our proposals at\u00a0<a href=\"http:\/\/www.mapamundimusica.com\/\" target=\"_blank\" rel=\"noopener noreferrer\">our website<\/a>.<\/p>\n<p style=\"text-align: left;\">We also offer you our\u00a0<a href=\"http:\/\/www.mundofonias.com\/\" target=\"_blank\" rel=\"noopener noreferrer\">Mundofon\u00edas<\/a>\u00a0radio show, probably the leader about world music in Spanish language (on 46 stations in 17 countries). We produce\u00a0the\u00a0<a href=\"http:\/\/www.transglobalwmc.com\/\" target=\"_blank\" rel=\"noopener noreferrer\">Transglobal World Music Chart<\/a>\u00a0with our partner \u00c1ngel Romero from WorldMusicCentral.com. And we lead also the\u00a0<a href=\"http:\/\/www.asociaciondifusionestilos.com\/\" target=\"_blank\" rel=\"noopener noreferrer\">Asociaci\u00f3n para la Difusi\u00f3n de los Estilos<\/a>.<\/p>\n<p style=\"text-align: left;\">Feel free to request info if you wish. For further information about us,\u00a0<strong>get in touch by email, telephone (+34 676 30 28 82),\u00a0<a href=\"http:\/\/www.mapamundimusica.com\/en\/contacto\/\" target=\"_blank\" rel=\"noopener noreferrer\">our website<\/a>\u00a0or at\u00a0<a href=\"https:\/\/www.facebook.com\/mapamundimusica\/\" target=\"_blank\" rel=\"noopener noreferrer\">our Facebook<\/a>.\u00a0<\/strong><\/p>\n<\/div>\n<\/td>\n<\/tr>\n<\/tbody>\n<\/table>\n<p><\/p>","protected":false},"excerpt":{"rendered":"<p>I\u00a0am Araceli Tzigane. Welcome to\u00a0Mapamundi M\u00fasica&#8217;s February monthly newsletter. In the last edition we announced the leaving of David Iba\u00f1ez from the artistic direction of the Fira Mediterr\u00e0nia and still today the new director is not published. We will share the news at our\u00a0Facebook\u00a0and our\u00a0Instagram\u00a0as soon as we know, so you can follow us there. [&hellip;]<\/p>\n","protected":false},"author":1,"featured_media":0,"comment_status":"open","ping_status":"open","sticky":false,"template":"","format":"standard","meta":{"footnotes":""},"categories":[19],"tags":[47,53,109,127,169,128,168,88,172,126,46,170,171,113,96,99,95,100,50,48],"class_list":["post-798","post","type-post","status-publish","format-standard","hentry","category-newsletter","tag-booking-of-artists","tag-festival-director","tag-fira-mediterrania-de-manresa","tag-forde-festivalen","tag-fordefestivalen","tag-janusz-prusinowski-kompania","tag-mercat-de-musica-viva-de-vic","tag-mundial-montreal","tag-pablo-camino","tag-per-idar-almas","tag-resources-for-artists","tag-rodopi-ensemble","tag-spain-is-music","tag-targowisko-instrumentow","tag-transglobal-world-music-chart","tag-viguela","tag-womex","tag-world-music","tag-world-music-fair","tag-world-music-festival"],"_links":{"self":[{"href":"https:\/\/www.mapamundimusica.com\/en\/wp-json\/wp\/v2\/posts\/798","targetHints":{"allow":["GET"]}}],"collection":[{"href":"https:\/\/www.mapamundimusica.com\/en\/wp-json\/wp\/v2\/posts"}],"about":[{"href":"https:\/\/www.mapamundimusica.com\/en\/wp-json\/wp\/v2\/types\/post"}],"author":[{"embeddable":true,"href":"https:\/\/www.mapamundimusica.com\/en\/wp-json\/wp\/v2\/users\/1"}],"replies":[{"embeddable":true,"href":"https:\/\/www.mapamundimusica.com\/en\/wp-json\/wp\/v2\/comments?post=798"}],"version-history":[{"count":7,"href":"https:\/\/www.mapamundimusica.com\/en\/wp-json\/wp\/v2\/posts\/798\/revisions"}],"predecessor-version":[{"id":805,"href":"https:\/\/www.mapamundimusica.com\/en\/wp-json\/wp\/v2\/posts\/798\/revisions\/805"}],"wp:attachment":[{"href":"https:\/\/www.mapamundimusica.com\/en\/wp-json\/wp\/v2\/media?parent=798"}],"wp:term":[{"taxonomy":"category","embeddable":true,"href":"https:\/\/www.mapamundimusica.com\/en\/wp-json\/wp\/v2\/categories?post=798"},{"taxonomy":"post_tag","embeddable":true,"href":"https:\/\/www.mapamundimusica.com\/en\/wp-json\/wp\/v2\/tags?post=798"}],"curies":[{"name":"wp","href":"https:\/\/api.w.org\/{rel}","templated":true}]}}