{"id":3904,"date":"2026-02-22T21:39:42","date_gmt":"2026-02-22T20:39:42","guid":{"rendered":"https:\/\/www.mapamundimusica.com\/?p=3904"},"modified":"2026-02-22T22:02:58","modified_gmt":"2026-02-22T21:02:58","slug":"february-26-back-from-west-bengal-music-equalitys-geographical-underrepresentation-research-related-reflections-and-much-more-92","status":"publish","type":"post","link":"https:\/\/www.mapamundimusica.com\/en\/newsletter\/february-26-back-from-west-bengal-music-equalitys-geographical-underrepresentation-research-related-reflections-and-much-more-92\/","title":{"rendered":"February 26. Back from West Bengal, Music Equality\u2019s Geographical Underrepresentation research, related reflections and much more. #92"},"content":{"rendered":"<p><\/p>\n<h2><span style=\"font-family: open sans, helvetica neue, helvetica, arial, sans-serif;\"><strong>Summary\u00a0\ud83d\udc47<\/strong><\/span><span style=\"color: #ffffff; font-family: open sans, helvetica neue, helvetica, arial, sans-serif;\">\u00a0<\/span><\/h2>\n<h6><span style=\"font-family: 'merriweather sans', 'helvetica neue', helvetica, arial, sans-serif; font-size: 12pt;\">Editorial<\/span><br \/>\n<span style=\"font-size: 10pt;\">\ud83d\udd38Recent memories with Vig\u00fcela at the Sur Jahan Festival, West Bengal<\/span><br \/>\n<span style=\"font-size: 10pt;\">\ud83d\udd38Farewell to Erasmo Treglia<\/span><\/h6>\n<h6><span style=\"font-size: 12pt;\">Music Equality\u2019s Geographical Underrepresentation research and related reflections<\/span><\/h6>\n<h6><span style=\"font-size: 12pt;\">IndieBalkans<\/span><\/h6>\n<h6><span style=\"font-size: 12pt;\">European Folk Network in Babel Music XP<\/span><\/h6>\n<h6><span style=\"font-size: 12pt;\">Brief news from the media, charts and sister projects<\/span><\/h6>\n<h6><span style=\"font-size: 12pt;\">Open calls and professional events:\u00a0 WOMEX, Premio Andrea Parodi, Mercat de M\u00fasica Viva de Vic, Babel Music XP: accreditation and stand bookings<\/span><\/h6>\n<h6><span style=\"font-size: 12pt;\">Meet me at\u00a0\u2708\ufe0f<\/span><\/h6>\n<p style=\"text-align: center;\"><a class=\"mcnButton \" title=\" \u27a1\ufe0f This is the button for subscription \" href=\"https:\/\/mailchi.mp\/892ba551b707\/mapamundi-general\" target=\"_blank\" rel=\"noopener\">\u27a1\ufe0f This is the link for subscription<\/a><\/p>\n<p>&nbsp;<\/p>\n<div>\n<p>Hello, how are you?\u00a0I am well. I have some things to talk about in this newsletter.<\/p>\n<h5><strong>\ud83d\udd38<\/strong><strong>Recent memories with Vig\u00fcela at the Sur Jahan Festival, West Bengal<\/strong><\/h5>\n<p>A month ago I set off on a trip with Vig\u00fcela to Kolkata. The reason was their participation in the Sur Jahan festival, organized by the social enterprise Banglanatak. This is how they define themselves\u00a0<a href=\"https:\/\/www.banglanatak.com\/home\" target=\"_blank\" rel=\"noopener\">on their website<\/a>:\u00a0&#8220;<em>We are a social enterprise working across India with a mission to foster inclusive and sustainable development using culture-based approaches. We work for protection of rights of women, children and indigenous people<\/em>.&#8221;<\/p>\n<p>I have known their work for quite a few years. I was already at this festival in Kolkata in 2014, and also in Gorbangha, where there is a meeting space for the baul, and in several other locations, where we were able to learn about Banglanatak\u2019s work with diverse communities, mainly from quite rural areas, in the professionalization of their traditional arts and crafts. In the previous edition I already mentioned the\u00a0<em>patachitra\u00a0<\/em>singing-storytelling tradition.<\/p>\n<p>On this new visit I was blown away again. In this case, the festival took the groups from five countries (Spain, Denmark, Latvia, a group of Hungarian culture in Transylvania (Romania), and India) to the great metropolis of Kolkata, to the very rural area of Bannabagram (in a &#8220;baul ashram&#8221;, a meeting point for the baul, where they gather regularly and which has space to host other visitors in some beautiful little houses) and to the cutting-edge Kharagpur Institute of Technology. Three places that provided us with radically different experiences.<\/p>\n<\/div>\n<div>\n<p>\ud83d\udd38<strong>An aside:\u00a0<\/strong><a href=\"https:\/\/www.youtube.com\/watch?v=0bODoU5hPR0\" target=\"_blank\" rel=\"noopener\">This short video<\/a>\u00a0will give you an impression of what the baul ashram in Bannabagram\u00a0is like.<\/p>\n<p>\ud83d\udd38\u00a0<strong>And one more aside:<\/strong>\u00a0If you are not familiar with the concept of baul, this is a\u00a0<a href=\"https:\/\/ich.unesco.org\/en\/RL\/baul-songs-00107\" target=\"_blank\" rel=\"noopener\">definition by UNESCO<\/a>: \u201c<em>The Baul are a group of mystic minstrels of Bengal, constituting both a syncretic religious sect and a musical tradition. Their practice blends elements of Sufism and Vaishnava Sahajiya, and despite being a small portion of the population, they have had a considerable cultural influence in the region<\/em>.&#8221; Their art was inscribed in 2008 on the Representative List of the Intangible Cultural Heritage of Humanity (originally proclaimed in 2005).<\/p>\n<\/div>\n<table class=\"mcnImageCardTopContent\" border=\"0\" cellspacing=\"0\" cellpadding=\"0\" align=\"left\">\n<tbody>\n<tr>\n<td class=\"mcnImageCardTopImageContent\" style=\"background-color: #660909;\" align=\"center\" valign=\"top\"><span style=\"color: #ffffff;\"><a class=\"\" style=\"color: #ffffff;\" title=\"Vig\u00fcela collaborates with Girish Baul, Mohan Patra and other baul musicians during Sur Jahan 2026\" href=\"https:\/\/www.youtube.com\/watch?v=pHKSRR_MetU\" target=\"_blank\" rel=\"noopener\">In Bannabagram, each foreign group collaborated with baul musicians. Vig\u00fcela\u2019s experience was truly fascinating. I also have a real treasure in them, both artistically and humanly. If you follow Vig\u00fcela or me on Facebook you may already have seen this.<\/a><\/span><\/p>\n<p><a class=\"\" title=\"Vig\u00fcela collaborates with Girish Baul, Mohan Patra and other baul musicians during Sur Jahan 2026\" href=\"https:\/\/www.youtube.com\/watch?v=pHKSRR_MetU\" target=\"_blank\" rel=\"noopener\"><img decoding=\"async\" class=\"mcnImage\" src=\"https:\/\/mcusercontent.com\/993c677d53044839b1b39b2dc\/video_thumbnails_new\/dc3fe0e4babba8015f0c90c794f9f7e9.png\" alt=\"\" width=\"564\" \/><\/a><\/td>\n<\/tr>\n<\/tbody>\n<\/table>\n<p>I am sharing here the text that Juan Antonio Torres and I wrote together to explain what is happening at this moment and how it was possible for this collaboration to be generated almost immediately after listening to one another:<\/p>\n<p><em>&#8220;After briefly listening to Vig\u00fcela developing several stanzas in peretas genre, at this point in the video Girish Baul listens to the peretas prelude and comes in, placing his stanzas from the baul tradition in exactly the right place. How is this possible? We explain it. Peretas and, more generally, many traditional styles have a harmonic code that unfolds over metronomic rhythms, that is, rhythms characterized by a constant regularity of pulse, comparable to the tick-tock of a metronome. This also happens in baul music and in many other musical traditions around the world, as a globally shared principle.<\/em><\/p>\n<p>On this metronomic basis, and listening to the harmonics of the guitar as it develops the peretas genre, Girish starts singing his melodies, moving them within the pulse, just as he does in his own baul music.<\/p>\n<p>Later in the day, a musician with a caj\u00f3n was introduced, marking the rhythm from a different concept. This musician tried to identify the \u201crhythms\u201d of baul music and to \u201cguide\u201d the baul musicians to follow that pattern. This caused the baul musicians to have to alter their performance, modifying the places in the melody where they placed the accent in order to try to constrain themselves to what the caj\u00f3n was doing.<\/p>\n<p>Girish Baul placed accents in his music in positions that seemed illogical to the caj\u00f3n player from their perspective of meter understood as a pulse divided into closed bars. They seemed illogical because they did not fit into those bars, but the accents Girish used are, for him, completely logical. By trying to force the melody into a meter of closed bars, baul music stopped working in the same way, because a rhythm that is not its own was imposed on it, thus forcing the baul musicians to do something that is not the music according to their tradition.&#8221;<\/p>\n<p>The situation reminded us of the collaboration with Maria Siwiec, a folk artist from Poland, from the Radom region (we had the opportunity of doing this collaboration also thanks to Janusz Prusinowski and his team). She knew almost nothing about Spain and of course did not speak Spanish. But she knew exactly where to strike the tambourine in Vig\u00fcela\u2019s music, something that is not so predictable for musicians who approach music from an academic or modern perspective.<\/p>\n<table class=\"mcnImageCardTopContent\" border=\"0\" cellspacing=\"0\" cellpadding=\"0\" align=\"right\">\n<tbody>\n<tr>\n<td class=\"mcnImageCardTopImageContent\" style=\"background-color: #6e0a0a;\" align=\"center\" valign=\"top\"><span style=\"color: #ffffff;\">This is Maria Siwiec singing in Granada with Janusz Prusinowski and his colleagues, the beautiful song \u201cW ciemnym lesie ptaszek siada.\u201d The concert was in collaboration with Vig\u00fcela, but at that moment Juan Antonio Torres and I opted to dance \u2014 you will see us doing so \u2014 like many others. This video brings back vivid memories.<\/span><a class=\"\" title=\"W ciemmym lesie ptaszek siada. Vig\u00fcela, Maria Siwiec &amp; Janusz Prusinowski Kompania\" href=\"https:\/\/www.youtube.com\/watch?v=Xt48sZcFfqg\" target=\"_blank\" rel=\"noopener\"><img decoding=\"async\" class=\"mcnImage aligncenter\" src=\"https:\/\/mcusercontent.com\/993c677d53044839b1b39b2dc\/video_thumbnails_new\/5e0aae426928986899b21a1b5f0ee1cf.png\" alt=\"\" width=\"564\" \/><\/a><\/td>\n<\/tr>\n<\/tbody>\n<\/table>\n<p>I have a dream. For now it is just that, a dream. To further develop this collaboration between Girish Baul and Vig\u00fcela. We also fell in love with the flautist, Mohan Patra.<\/p>\n<p>What happened in Bannabagram was not accidental. It was the result of shared traditional grammars. When those grammars align, collaboration is immediate. When they do not, friction appears.<\/p>\n<p>Throughout almost two weeks in West Bengal we were also able to dance in honor of the goddess Saraswati, whose day caught us in Kolkata. In Kharagpur we attended the talk by Professor Denis Laborde, about the festival Haizebegi, which has a special relationship with Banglanatak and with the tradition of the bauls. We also had precious moments in the workshops in Kolkata and at IIT Kharagpur. I saw in the students and also in the professors a strong desire to learn and share and a curiosity in their eyes that I think moved us all very deeply.<\/p>\n<p>I do not want to fail to mention that both at the Sur Jahan festival in Kolkata and in Bannabagram, the organization facilitated the presence of and spaces for the sale of handicraft products, mainly with the presence of women artisans. And we brought our suitcases back almost bursting with clothes and other textile and basketry products.<\/p>\n<p>Vig\u00fcela\u2019s participation was made possible thanks to the Embassy of Spain in India.<\/p>\n<hr \/>\n<h5><\/h5>\n<h5><strong>\ud83d\udd38<\/strong><strong>Farewell to Erasmo Treglia<\/strong><\/h5>\n<p>On 24 February we were in Kolkata. The first evening of the Sur Jahan festival took place. I returned with Vig\u00fcela to the street of our guest house. Just in front of it there was a craft brewery. After two rounds of beers, we went back to the rooms of the guest house. I opened Facebook. I saw the news posted by Gigi di Luca that Erasmo Treglia had passed away, at the age of 65.<\/p>\n<p><img loading=\"lazy\" decoding=\"async\" class=\"alignright\" src=\"https:\/\/mcusercontent.com\/993c677d53044839b1b39b2dc\/images\/e025e036-e87f-4c6d-83fe-eebde6007f0d.png\" width=\"404\" height=\"274\" align=\"right\" data-file-id=\"6083625\" \/>The last time I saw Erasmo was in Marseille in 2025, during Babel Music XP. He had to leave the event because of the illness that has ultimately taken his life. It is possible that you knew him, as Erasmo, in addition to his work as a musician, was a cultural manager, director of Finisterre, co-founder of the Festival della Zampogna in Maranola and many other things. In the February newsletter of the European Folk Network (<a href=\"https:\/\/www.europeanfolknetwork.com\/post\/efn-newsletter-february-2026-39\" target=\"_blank\" rel=\"noopener\">here<\/a>) you can find the obituary previously published in Rai News translated into English.<\/p>\n<p>I know that his loss has been deeply felt by many people, myself among them. The effect of the craft beers disappeared and I spent quite some time crying and listening over and over again to\u00a0<em>Tammurriata del Camafro<\/em>, a piece by his group Acquaragia Drom, which I associate with very beautiful memories. You can listen to it,\u00a0<a href=\"https:\/\/www.youtube.com\/watch?v=JWnkvwyb64A\" target=\"_blank\" rel=\"noopener\">here<\/a>.<\/p>\n<p>I know that his wife Clara Graziano and their son Giordano have received countless messages of affection and condolences. Erasmo\u2019s impact and the beauty he created will last for a very, very long time.<\/p>\n<hr \/>\n<h5 style=\"text-align: center;\"><strong>Remember: if you have any news of interest for our community, let me know. Thank you very much for your attention.<\/strong><\/h5>\n<h5 style=\"text-align: center;\">Araceli Tzigane | Mapamundi M\u00fasica\u00a0|<strong>\u00a0+34 676\u00a030 28 82\u00a0<\/strong><\/h5>\n<hr \/>\n<h2><strong><span style=\"color: #daa520;\">MUSIC EQUALITY\u2019S GEOGRAPHICAL UNDERREPRESENTATION RESEARCH AND RELATED REFLECTIONS<\/span><\/strong><\/h2>\n<div>\n<p><a href=\"https:\/\/musicequality.org\/\" target=\"_blank\" rel=\"noopener\"><img loading=\"lazy\" decoding=\"async\" class=\"alignright\" src=\"https:\/\/mcusercontent.com\/993c677d53044839b1b39b2dc\/images\/7bcf44aa-8f49-f67d-c040-52c9706fe7a0.png\" width=\"259\" height=\"127\" align=\"right\" data-file-id=\"6083628\" \/><\/a>A few days ago I received an email from Music Equality with this subject line: &#8220;<em>Independent policy confirms geographical exclusion in European music<\/em>&#8220;. It was very direct, and it immediately resonated with an idea I have been thinking about and discussing for quite some time with my artists and with colleagues.<\/p>\n<p>I work with Xabi Aburruzaga, a Basque musician. They have spectacular support from Etxepare for touring out of Basque Country. In addition, Xabi can benefit from all the funding schemes available to Spanish artists. I work with Vig\u00fcela. They do not receive support from their region. They do have access to whatever Spanish artists in general can apply for. I work with Ali Do\u011fan G\u00f6n\u00fclta\u015f. In his case\u2026 he has my support, and the strength of his art and his trajectory. He does not have institutional backing.<\/p>\n<p>Therefore, I see very directly the effect of these differential resources in terms of what I can do, or in terms of how much more I have to compensate personally in some situations. I know that many colleagues experience what I am describing, but there are also quite a few who work exclusively with artists established in their own region and are not exposed to this inequality.<\/p>\n<p>Further down in the email I read &#8220;<em>How Market Structure Is Silencing Parts of Europe\u2019s Music Ecosystem<\/em>&#8220;.\u00a0Once again, this feels both evident and deeply troubling.\u00a0You have the email\u00a0<a href=\"https:\/\/preview.mailerlite.io\/emails\/webview\/1329814\/178461036434687598\" target=\"_blank\" rel=\"noopener\">here<\/a>.<\/p>\n<p>Music Equality is\u00a0connected with So Alive Music Conference, an event in Sofia, Bulgaria. And the email is about the results of the Music Equality\u2019s Geographical Underrepresentation research. Learn more about them,\u00a0<a href=\"https:\/\/musicequality.org\/#about\" target=\"_blank\" rel=\"noopener\">here<\/a>.\u00a0Their focus is the presence of the artists from South Eastern Europe.<\/p>\n<p>They also mention in the email that according to IMPALA, the European organisation for independent music companies and national associations, in their new policy paper &#8220;Powering an Independent and Culturally Diverse European Music Ecosystem&#8221; that &#8220;<em>Geographical underrepresentation in European music is structural, not artistic<\/em>.&#8221; This work is available\u00a0<a href=\"https:\/\/impalamusic.org\/wp-content\/uploads\/2026\/02\/Powering-an-Independent-and-Culturally-Diverse-European-Music-Ecosystem-040226.pdf\" target=\"_blank\" rel=\"noopener\">here<\/a>.<\/p>\n<p>The documents are available at the links, so there you have them. The issue can undoubtedly be expanded to the international sphere. I do not have a formal study carried out, but I do have some reflections that I would like to share because they trouble me and sadden me. That is why the Music Equality email resonated with me so strongly.<\/p>\n<p>We all know that there are countries that are over-represented at international events. We all know that there are international festivals that only consider bringing artists if those artists can secure support from their home country to cover flights, but that they do not actively work with embassies or other on-site institutions themselves to take the initiative in accessing those resources. It is perfectly understandable that these festivals want to save those costs.<\/p>\n<p>I cannot demand that this situation change, because I do not want, for example, Etxepare\u2019s support to be removed, nor do I know what I can do so that Vig\u00fcela can obtain other forms of public funding. But I would at least like this question to be raised, and for festivals with institutional resources, public funding and relevant infrastructures at their disposal to be aware of whether they are increasing inequality in access to the market for artists from certain geographical regions where there is no support, and at the same time preventing audiences from accessing that talent, which also contributes to the much-invoked diversity.<\/p>\n<p>This raises a structural question: how can the principles of free competition and equal access to the internal market be reconciled with asymmetrical public support mechanisms across different European regions and states?\u00a0It is difficult to understand how these two dynamics can operate simultaneously without producing measurable distortions in market access and visibility.<\/p>\n<p>Institutional support for the arts is an aspect of countries\u2019 and regions&#8217; cultural policy, associated with the maintenance and\/or construction of a national brand and cultural diplomacy. Music Equality includes, for example, Romania within its framework. It is the paradigmatic example I always mention when we discuss this topic. A country from which artists such as Taraf de Haidouks or Fanfare Cioc\u0103rlia emerged, genuine stars in the world music field\u00a0for several decades \u2014 where is it now?<\/p>\n<p>Another paradigmatic example is Albania. It does not even appear in the WOMEX search engine when you perform an advanced search using country as a criterion. Gaurav Narula once explained to me that someone from Albania had attended, but must have registered under the country in which they were based. So, since no one has registered in WOMEX as being from Albania, the country does not even appear in the list of companies for search purposes.<\/p>\n<p>A country with a musical tradition declared in 2005 UNESCO Intangible Cultural Heritage of Humanity \u2014 folk iso-polyphony \u2014 does not appear with any presence in the WOMEX search engine.<\/p>\n<p>This search engine does have one positive aspect: it contains historical data since WOMEX began compiling this information in its virtual database. Most of the companies listed no longer exist, but it still gives us a global idea of how represented some countries have been. I will use this database, which is accessible to me and which I consider particularly meaningful in this context.<\/p>\n<p>Initially I included countries such as Egypt, Bolivia and Madagascar. They are very poorly represented. I do not think that is a surprise. Even much of the music that reaches Mundofon\u00edas and TWMC from artists from Madagascar \u2014 and it is not insignificant \u2014 comes from artists who live in Europe or partly in Europe, especially France. Egypt and Bolivia are very scarcely present in the world music sphere, despite being countries with wonderful musical traditions.<\/p>\n<div style=\"text-align: center;\">\ud83d\udd3d\u00a0<strong>You can access the data table and the graphs shown below, along with some additional ones,\u00a0<a href=\"https:\/\/www.dropbox.com\/scl\/fo\/6x65d0pmjmmg7nvhye83v\/AOIaFo0CqYZW-o0M7HIO8Qw?rlkey=w16kbgufvduofdfy3o3wnwl5a&amp;dl=0\" target=\"_blank\" rel=\"noopener\">here<\/a>.<\/strong><\/div>\n<p>But let us focus on Europe, since WOMEX takes place in Europe.\u00a0In this graph, the X-axis shows the countries ordered by number of inhabitants, and the Y-axis shows the number of registered companies listed in Virtual WOMEX.<\/p>\n<div style=\"text-align: center;\"><em>Click to download it bigger:<\/em><\/div>\n<p><a href=\"https:\/\/www.dropbox.com\/scl\/fi\/lwz5s4dmlfhjvexxcuckt\/WOMEX_companies_vs_population_Europe_proportional_line_red.png?rlkey=4ie91saju8p66xelenoitcmb8&amp;dl=0\" target=\"_blank\" rel=\"noopener\"><img loading=\"lazy\" decoding=\"async\" class=\"aligncenter\" src=\"https:\/\/mcusercontent.com\/993c677d53044839b1b39b2dc\/images\/06ca9aa2-72ff-e57d-6573-2375e561d84a.png\" width=\"722\" height=\"481\" align=\"center\" data-file-id=\"6083629\" \/><\/a><\/p>\n<p data-end=\"394\" data-start=\"380\">In this graph,\u00a0<strong data-end=\"430\" data-start=\"398\">countries above the red line<\/strong>\u00a0have more registered companies in WOMEX than would be expected if representation were strictly proportional to population size. In that sense, they are relatively overrepresented. And\u00a0<strong>c<\/strong><strong data-end=\"645\" data-start=\"613\">ountries below the red line<\/strong>\u00a0have fewer companies than would correspond to their population size. They can therefore be considered relatively underrepresented.<\/p>\n<p>The red line is a benchmark that illustrates what proportional representation would look like. It is useful because it provides a visually intuitive way to discuss structural imbalance. It does not describe the empirical trend of the data, but rather a hypothetical proportional scenario against which actual representation can be compared.<\/p>\n<\/div>\n<p><strong>Most overrepresented countries, ordered from largest to smallest percentage deviation:<\/strong><br \/>\nFinland \u2192 +369% (+233 companies)<br \/>\nDenmark \u2192 +265% (+179 companies)<br \/>\nPortugal \u2192 +249% (+289 companies)<br \/>\nSweden \u2192 +180% (+217 companies)<br \/>\nNorway \u2192 +168% (+102 companies)<br \/>\nBelgium \u2192 +149% (+202 companies)<br \/>\nNetherlands \u2192 +126% (+256 companies)<br \/>\nSpain \u2192 +117% (+633 companies) &#8211;\u00a0Be aware that WOMEX has been held in Spain on multiple occasions, so it is normal that Spain appears relatively overrepresented. Anyway, check the note in the next model of calculations.<br \/>\nUK \u2192 +106% (+838 companies)<br \/>\nFrance \u2192 +30% (+233 companies)<\/p>\n<p><strong>Ranking by percentage deviation (intensity of underrepresentation), ordered from largest to smallest percentage deviation:<\/strong><br \/>\nAlbania \u2192 \u2212100% (\u221234 companies)<br \/>\nUkraine \u2192 \u221293% (\u2212460 companies)<br \/>\nRomania \u2192 \u221288% (\u2212188 companies)<br \/>\nSlovakia \u2192 \u221266% (\u221241 companies)<br \/>\nPoland \u2192 \u221253% (\u2212232 companies)<br \/>\nSerbia \u2192 \u221252% (\u221241 companies)<br \/>\nBulgaria \u2192 \u221247% (\u221235 companies)<br \/>\nCzech Republic \u2192 \u221243% (\u221251 companies)<br \/>\nNorth Macedonia \u2192 \u221243% (\u22129 companies)<br \/>\nCroatia \u2192 \u221232% (\u221215 companies)<br \/>\nItaly \u2192 \u221231% (\u2212207 companies)<br \/>\nLithuania \u2192 \u221228% (\u22129 companies)<\/p>\n<p>The data reveal a clear structural imbalance in representation within the European music ecosystem. When comparing the number of companies registered in Virtual WOMEX with national population size, Western and Nordic European countries appear systematically overrepresented, while Eastern and South-Eastern European countries are consistently underrepresented. In some cases, countries show two to four times more presence than proportionality would suggest, while others fall dramatically below what their population size would indicate.<\/p>\n<p>Let&#8217;s check another graph.\u00a0Compared to the previous chart (absolute number of WOMEX-registered companies vs population), this version normalises the data by population size. I left the very little countries because this graph is clearer and the data are relative to the inhabitants.\u00a0Luxembourg functions as a high-density outlier.<\/p>\n<p style=\"text-align: center;\" data-end=\"394\" data-start=\"380\"><em>Click to download it bigger:<\/em><\/p>\n<p data-end=\"394\" data-start=\"380\"><a href=\"https:\/\/www.dropbox.com\/scl\/fi\/zdf89uyc6t2g23iqp8dw9\/WOMEX_companies_per_million_vs_population_Europe.png?rlkey=96fq09jspigwcx801223ff005&amp;dl=0\" target=\"_blank\" rel=\"noopener\"><img loading=\"lazy\" decoding=\"async\" class=\"aligncenter\" src=\"https:\/\/mcusercontent.com\/993c677d53044839b1b39b2dc\/images\/2841925c-7d47-8202-51b2-e02fa34628b0.png\" width=\"671\" height=\"447\" data-file-id=\"6083630\" \/><\/a><\/p>\n<p>Instead of showing volume, it shows density: how many WOMEX-registered companies a country has per million inhabitants. This removes the scale advantage of larger countries and makes it easier to identify structural intensity (or weakness) in representation. In the absolute chart, large countries tend to dominate simply because they are large; in the per-million chart, small and mid-sized countries can emerge as highly represented ecosystems, while some larger countries may appear underrepresented once population size is taken into account.<\/p>\n<p style=\"text-align: center;\" data-end=\"394\" data-start=\"380\"><em>Click to download it bigger:<\/em><\/p>\n<p data-end=\"394\" data-start=\"380\"><a href=\"https:\/\/www.dropbox.com\/scl\/fi\/ynmwfqdfrsjoke5hhvcot\/WOMEX_companies_per_million_vs_population_Europe_no_microstates.png?rlkey=jwa2t10hg5cvmwodu0w1ljznq&amp;dl=0\" target=\"_blank\" rel=\"noopener\"><img loading=\"lazy\" decoding=\"async\" class=\"aligncenter\" src=\"https:\/\/mcusercontent.com\/993c677d53044839b1b39b2dc\/images\/f0f4b525-4cc4-229e-7592-d0d570918bb1.png\" width=\"682\" height=\"455\" data-file-id=\"6083631\" \/><\/a><\/p>\n<p>Removing microstates such as Luxembourg and Estonia reduces the statistical dispersion of the dataset and produces a more stable regression model. These countries have extremely high per-capita densities, which stretch the vertical scale and exert influence on the regression slope. Once removed, the cloud of points becomes more compact and the negative relationship between population size and density becomes slightly less pronounced.\u00a0Importantly, however, the structural pattern does not disappear. Western and Nordic European countries still cluster above the trend line, while Eastern and South-Eastern European countries remain consistently below it. What changes is the intensity of the extremes, not the overall imbalance. The argument therefore becomes less dependent on exceptional cases and more grounded in a broader systemic pattern.<\/p>\n<table style=\"border-collapse: collapse; width: 100%;\">\n<tbody>\n<tr>\n<td style=\"width: 50%; vertical-align: top;\">Overrepresented countries, ordered from most to least overrepresented, according to deviation from the regression line:<\/p>\n<p>Luxembourg<br \/>\nFinland<br \/>\nEstonia<br \/>\nDenmark<br \/>\nPortugal<br \/>\nSweden<br \/>\nUK<br \/>\nSpain\u00a0<span style=\"font-size: 10pt;\">(When using the European regression model, Spain exceeds expected levels by approximately 49%. Spain has hosted WOMEX on multiple occasions, which may partly explain this deviation. Finland, by contrast, has hosted WOMEX only twice, yet it exceeds the expected level by nearly ten times.)<\/span><br \/>\nNorway<br \/>\nBelgium<br \/>\nNetherlands<br \/>\nFrance<br \/>\nGermany<br \/>\nSwitzerland<br \/>\nLatvia<\/td>\n<td style=\"width: 50%; vertical-align: top;\">Underrepresented countries, ordered from most to least underrepresented:<\/p>\n<p>Albania<br \/>\nRomania<br \/>\nSlovakia<br \/>\nNorth Macedonia<br \/>\nSerbia<br \/>\nBulgaria<br \/>\nUkraine<br \/>\nCzech Republic<br \/>\nCroatia<br \/>\nLithuania<br \/>\nPoland<br \/>\nSlovenia<br \/>\nGreece<br \/>\nItaly<br \/>\nIreland<\/td>\n<\/tr>\n<\/tbody>\n<\/table>\n<p data-end=\"299\" data-start=\"130\">What is going on here? What are the reasons? That requires a deeper analysis that goes beyond my capacity for now. But I believe there are several possible explanations.<\/p>\n<p data-end=\"831\" data-start=\"301\">One obvious factor is institutional presence. In some countries, public institutions actively support international visibility. In Spain, for example, there are several structures \u2014 Sounds from Spain and other regional initiatives \u2014 which are usually present with their own stands. In my case, I have to pay for the table at the stand, but there is a stand and they deal with the production and the design (and also support economically the artists selected for a showcase). At the same time, our domestic market is not particularly welcoming to world music proposals, despite the fact that we have very strong artistic projects with considerable international potential. Spain\u2019s national brand is internationally powerful.<\/p>\n<p data-end=\"1526\" data-start=\"833\">However, Portugal appears even more overrepresented than Spain, and they do not have the same kind of institutional export structures. Why Portugal is a private-sector initiative. But they have fado, a very strond brand. In the case of Italy, its presence in recent years has been huge, but this is a relatively recent development and does not compensate for the historical data. Italy, however, has a strong national brand. In pop music, it has exported extensively \u2014 at least from my perspective in Spain, through artists such as Eros Ramazzotti,\u00a0Laura Pausini or Franco Batiatto \u2014 but in world music there is not such a globally dominant equivalent to flamenco or fado (with all due respect to tarantella or pizzica, which I greatly admire).<\/p>\n<p data-end=\"2113\" data-start=\"1528\">And Greece? It appears among the underrepresented countries, despite having rebetiko, recognised by UNESCO as Intangible Cultural Heritage. Is it not exportable? It may be that the domestic market provides significant work for folk artists. I know several cases of excellent musicians who prefer to play at weddings on weekends rather than travel internationally and earn less money. Ireland appears among the underrepresented countries as well (though the least underrepresented), and perhaps for similar reasons. If there is a strong internal market, the need to export may be lower.<\/p>\n<p data-end=\"2411\" data-start=\"2115\">Another clear aspect aligns with Music Equality\u2019s initiative: all countries in South-Eastern Europe appear on the underrepresented list. I imagine the reasons may be largely economic, because their musical traditions are fascinating, and I am sure there is both the desire and the need to export.<\/p>\n<p data-end=\"2626\" data-start=\"2413\">For now, I will leave it here. I wanted to offer a few preliminary reflections on possible reasons \u2014 more impressions than data. I hope you have found this interesting, and I would very much welcome your thoughts.<\/p>\n<hr \/>\n<h2><strong><span style=\"color: #daa520;\">INDIEBALKANS<\/span><\/strong><\/h2>\n<p><img loading=\"lazy\" decoding=\"async\" class=\"alignright\" src=\"https:\/\/mcusercontent.com\/993c677d53044839b1b39b2dc\/images\/26aafc1b-cc73-4259-946e-b61b9b05d16d.png\" width=\"232\" height=\"149\" align=\"left\" data-file-id=\"6083632\" \/>I learnt about this from Ruth Koleva, who is involved in So Alive Music Conference and in Music Equality. According to the website, &#8220;<em>Bridging Balkan Borders is an online platform that brings together the best venues, studios, media outlets, and labels to connect the indie music scene in the Balkans. Our mission is to bridge gaps and build opportunities for artists and music professionals alike<\/em>.&#8221;<\/p>\n<p><a href=\"https:\/\/indiebalkans.com\/\" target=\"_blank\" rel=\"noopener\">The website<\/a>\u00a0provides a database of labels, media, studios and venues and news about open calls for artists &amp; music professionals (check it because they mention some of them that I have not included below because they are generalistic or focused in different styles of music than the ones I work with). They organice Songwriting Camps for Balkan artists.<\/p>\n<p>&nbsp;<\/p>\n<hr \/>\n<h2><strong><span style=\"color: #daa520;\">EUROPEAN FOLK NETWORK IN BABEL MUSIC XP<\/span><\/strong><\/h2>\n<p><img loading=\"lazy\" decoding=\"async\" class=\"alignright\" src=\"https:\/\/mcusercontent.com\/993c677d53044839b1b39b2dc\/images\/1cf2ae33-09fd-96f3-e2db-f6ceb4635d5f.jpg\" width=\"180\" height=\"179\" align=\"right\" data-file-id=\"6083633\" \/>This year EFN will be present at Babel Music XP with its own stand, which the network and several members have jointly reserved: Sierra Contrataci\u00f3n Art\u00edstica, alba Kultur and Mapamundi M\u00fasica. Other members will also be present (Fira Mediterr\u00e0nia de Manresa, FolkOrg and Music4You). Several Board members (Nod Knowles, Steven Vanderaspoilden, Eric Van Monckhoven,\u00a0Ann Helen Erichsen and I)\u00a0will attend this edition as well, so if you are coming, it will be a pleasure to welcome you there.<\/p>\n<p>In addition, continuing the discussion we began in last year\u2019s panel, New Narratives of Traditional Music in the Face of Current Political Challenges in Europe, we will once again take part in developing this topic (ACT 2), with a representative of\u00a0FAMDT.<\/p>\n<p>&nbsp;<\/p>\n<hr \/>\n<h2><strong><span style=\"color: #daa520;\">BRIEF NEWS FROM THE MEDIA, CHARTS AND SISTER PROJECTS\u00a0<\/span><\/strong><span style=\"color: #000000; font-family: open sans, helvetica neue, helvetica, arial, sans-serif;\"><img loading=\"lazy\" decoding=\"async\" class=\"alignright\" src=\"https:\/\/mcusercontent.com\/993c677d53044839b1b39b2dc\/images\/e032fb01-1481-4ae7-a53d-1b163dd4572c.jpg\" width=\"120\" height=\"120\" align=\"right\" data-file-id=\"4734514\" \/><\/span><\/h2>\n<hr \/>\n<p>\ud83d\udd38<span style=\"font-family: 'open sans', 'helvetica neue', helvetica, arial, sans-serif;\">#1\u00a0for\u00a0<a href=\"https:\/\/www.transglobalwmc.com\/charts\/february-2026-chart\/\" target=\"_blank\" rel=\"noopener\">Transglobal World Music Chart in February of\u00a02026<\/a>\u00a0is: Canzoniere Grecanico Salentino&#8217;s\u00a0<em>Il Mito<\/em>\u00a0(Ponderosa)<\/span><\/p>\n<div>\n<hr \/>\n<\/div>\n<p>\ud83d\udd38<span style=\"color: #000000; font-family: open sans, helvetica neue, helvetica, arial, sans-serif;\"><a href=\"https:\/\/mundofonias.com\/wp\/?p=9294\" target=\"_blank\" rel=\"noopener\">Mundofon\u00edas<\/a><\/span><span style=\"font-family: 'open sans', 'helvetica neue', helvetica, arial, sans-serif;\">: the favourites of February have been\u00a0Neba Solo &amp; Benego Diakit\u00e9&#8217;s\u00a0<\/span><span style=\"font-family: 'open sans', 'helvetica neue', helvetica, arial, sans-serif;\"><em>A djinn and a hunter went walking<\/em>\u00a0(Nonesuch);\u00a0Jocelyn Mienniel&#8217;s<em>\u00a0Les instruments migrateurs<\/em>\u00a0(Buda Musique) and\u00a0Canzoniere Grecanico Salentino&#8217;s\u00a0<em>Il mito<\/em><\/span><span style=\"font-family: 'open sans', 'helvetica neue', helvetica, arial, sans-serif;\">\u00a0(Ponderosa)<\/span><span style=\"color: #000000; font-family: open sans, helvetica neue, helvetica, arial, sans-serif;\"><br \/>\n<a href=\"https:\/\/mundofonias.com\/wp\/?p=9513\" target=\"_blank\" rel=\"noopener\"><img loading=\"lazy\" decoding=\"async\" class=\"aligncenter\" src=\"https:\/\/mcusercontent.com\/993c677d53044839b1b39b2dc\/images\/03801ba6-9496-930b-4b10-dee389fa9a05.jpg\" width=\"560\" height=\"185\" align=\"center\" data-file-id=\"6083621\" \/><\/a><\/span><\/p>\n<hr \/>\n<p><img loading=\"lazy\" decoding=\"async\" class=\"alignright\" src=\"https:\/\/mcusercontent.com\/993c677d53044839b1b39b2dc\/images\/59b1edd6-0963-2a30-de88-8cef87e6b8e8.png\" width=\"220\" height=\"122\" data-file-id=\"6083634\" \/>\ud83d\udd38<span style=\"font-family: 'open sans', 'helvetica neue', helvetica, arial, sans-serif;\">Balkan World Music Chart.\u00a0On this occasion, I was not able to vote. It was impossible for me to devote the time that listening to the albums deserved in the period before travelling to Kolkata and during my stay there. Even so, I would like to highlight the results of the 2025 annual chart. You can find the full chart\u00a0<a href=\"https:\/\/worldmusic.org.rs\/2026\/01\/31\/balkan-world-music-chart-the-annual-chart-2025\/\" target=\"_blank\" rel=\"noopener\">here<\/a>.<\/span><\/p>\n<p>My congratulations to \u0160irom (#1), Divanhana (#2) and Raphael Rogi\u0144ski &amp; Ru\u017ei\u010dnjak Tajni (#3), as well as to all the artists included in the chart.<\/p>\n<hr \/>\n<p style=\"text-align: center;\"><strong>Do you have a call of interest for our community that you want to share? Let me know asap<\/strong><\/p>\n<p>&nbsp;<\/p>\n<h2><strong>OPEN CALLS &amp; PROFESSIONAL EVENTS<\/strong><\/h2>\n<p>This section is open for news. It is free of charge. You can let me know if you have any open call\u00a0of relevance to the community.<\/p>\n<p><strong>The following calls are\u00a0new in the newsletter:<\/strong><\/p>\n<p><strong><img loading=\"lazy\" decoding=\"async\" class=\"alignright\" src=\"https:\/\/mcusercontent.com\/993c677d53044839b1b39b2dc\/images\/1a7feb22-cc6d-c1c9-a896-1b29a53442f4.jpg\" width=\"250\" height=\"312\" align=\"right\" data-file-id=\"6083623\" \/>\ud83d\udd38WOMEX<\/strong><br \/>\nThe call is open until\u00a0<strong>midnight Friday, 27 February 2026 (CET).\u00a0<\/strong>This edition will take place in Las Palmas de Gran Canaria, where it was already done in 2018. This is the most known showcase and conference in the field of world music. Even so, for those who may not be aware, I should mention that submitting showcase proposals has a fee: it is currently \u20ac25 (until February 6 it was \u20ac15). The payment must be done via Paypal.<\/p>\n<p>Selected artists have, in previous editions (as I cannot say with 100% certainty whether this will remain the case), their dinner on the night of the concert covered, as well as the transfer from the accommodation to the stage and the return transfer after the performance.<\/p>\n<p>Accommodation, travel expenses and fees are not covered. However, technical production is provided, meaning the stage, technical equipment and the necessary staff are covered.<\/p>\n<p>I have had artists selected four times (indeed, five times, but one was in 2020 and it could not take place).\u00a0This year, I have submitted three proposals.<\/p>\n<p><strong>What do I think about charging a fee to submit proposals?<\/strong>\u00a0I understand it as a way of somehow reducing the avalanche of applications. In the context of WOMEX, it is clear that any artist who can seriously consider attending and performing needs far more money than 25 euros.<\/p>\n<p>I am currently serving as a juror for another showcase, which I cannot announce yet until the selection becomes public, and I have already received fewer than 100 pre-selected proposals to review. Some of them are quite amateur and have little or no real chance, yet several hundred applications were submitted to the open call.\u00a0It has meant quite a few evenings on my part, listening, watching, reading and applying different criteria. It cannot be done in a superficial way.<\/p>\n<p>In my experience, I have worked with artistic projects whose trajectory might have been very different if, at a specific moment, they had received the support of a relevant showcase. In some cases, not having that support was decisive in the project gradually fading away.<\/p>\n<p>If those 25 euros help reduce noise \u2014 meaning proposals that are submitted just on the off chance that something might come of it \u2014 then I think it makes sense and is reasonable in the context of WOMEX. In other words, those 25 euros are negligible if you have a project with real potential to attend and perform.<\/p>\n<p><strong>\ud83d\udd3819th Premio Andrea Parodi (Cagliari, Sardinia)<\/strong><br \/>\n<img loading=\"lazy\" decoding=\"async\" class=\"alignright\" src=\"https:\/\/mcusercontent.com\/993c677d53044839b1b39b2dc\/images\/b26cd391-f641-8aab-88db-af7edb930f55.jpg\" width=\"240\" height=\"244\" data-file-id=\"6083624\" \/><br \/>\nIt will take place from 15 to 17 October 2026 at the Teatro Massimo in Cagliari. Note that &#8220;The award is dedicated to Andrea Parodi, a highly regarded Sardinian musician in the world music scene who passed away on 17 October 2006. He is honoured every year at the event through performances of songs from his repertoire by the finalists and guests.&#8221;\u00a0In this competition, the focus is on specific songs: the artist\u2019s own compositions and their interpretation of an Andrea Parodi song, which is mandatory.<\/p>\n<p>The new call for entries is available at\u00a0<a href=\"http:\/\/www.premioandreaparodi.it\/premio\" target=\"_blank\" rel=\"noopener\">www.premioandreaparodi.it\/premio<\/a>, with registration free of charge until\u00a0<strong>9 May 2026<\/strong>.<\/p>\n<p>What do the winners get?<\/p>\n<ul>\n<li>&#8220;The\u00a0<strong>overall winner\u00a0<\/strong>will receive a \u20ac2,500 scholarship, as well as the opportunity to perform at some of Parodi&#8217;s partner festivals in 2027, including the European Jazz Expo (Sardinia), Folkest (Friuli) and the Festival del Torto (Sicily), as well as at the Premio Andrea Parodi itself.<\/li>\n<li>The\u00a0<strong>winner of the Critics&#8217; Award<\/strong>\u00a0will have the chance to produce a professional music video for a song with the support of the Andrea Parodi Foundation.<\/li>\n<li><strong>Some of the Award&#8217;s finalists<\/strong>\u00a0will also be invited to perform at partner festivals such as Mare e Miniere in Sardinia and the Bianca d\u2019Aponte Award in Campania.&#8221;<\/li>\n<\/ul>\n<p>I\u2019m not sure whether the organisation covers accommodation. I believe travel expenses are not covered. I\u2019ve only been there once, quite a few years ago, and I think meals were provided to the artists, but I don\u2019t know how they are handling it now. You can send your questions to\u00a0fondazione.andreaparodi@gmail.com.<\/p>\n<hr \/>\n<p><strong>The following calls were already in the newsletter of December:<\/strong><\/p>\n<p><strong>\ud83d\udd38Mercat de M\u00fasica Viva de Vic. Call for artists<br \/>\n<img loading=\"lazy\" decoding=\"async\" class=\"alignright\" src=\"https:\/\/mcusercontent.com\/993c677d53044839b1b39b2dc\/images\/42b35770-0dca-f925-b2be-0e0de04e5e76.png\" width=\"250\" height=\"86\" align=\"right\" data-file-id=\"6082233\" \/><\/strong>The call is open until\u00a0<strong>31th of March<\/strong>, for the event to take place in Vic, Catalonia, from 16th of 20th of September. Registration,\u00a0<a href=\"https:\/\/www.mmvv.cat\/en\/login&amp;seccio=login&amp;proposta=1&amp;idioma=cast&amp;web2020=1&amp;\" target=\"_blank\" rel=\"noopener\">here<\/a>.<\/p>\n<p>&#8220;The programming is structured around two lines: MMVV Pro Catalan Arts! program, designed for professionals with the aim of promoting the hiring of premieres and new proposals, and MMVV Festival program, aimed at the general public with a more playful and festive spirit. [&#8230;]\u00a0Proposals can be submitted for all musical styles and genres, with the exception of classical music.\u00a0&#8221;<\/p>\n<p>Check the selection criteria,\u00a0<a href=\"https:\/\/www.mmvv.cat\/en\/applytoplay\" target=\"_blank\" rel=\"noopener\">on the website<\/a>.<br \/>\nNo restriction about countries of origin of the artists.<\/p>\n<hr \/>\n<p><strong>\ud83d\udd38Babel Music XP:\u00a0accreditation and stand bookings for Babel Music XP 2026 are open\u00a0<\/strong><br \/>\nThis is another of the events that I have attended since they revived from Babel Med. It will be in Marseille from 19th to 21st of March.<\/p>\n<hr \/>\n<h2><span style=\"color: #daa520;\"><strong>MEET ME AT<\/strong><\/span><\/h2>\n<ul>\n<li><strong>27th February.\u00a0<\/strong>Concert by\u00a0Ali Do\u011fan G\u00f6n\u00fclta\u015f in Andalucia (Spain). Las Tardes del Foro. 21h. Foro Iberoamericano de La R\u00e1bida.<\/li>\n<li><strong>19th-21st March:<\/strong>\u00a0Babel Music XP.<\/li>\n<li><strong>9th-11th April:<\/strong>\u00a0Budapest Ritmo.<\/li>\n<li><strong>18th-26th April:<\/strong>\u00a0Tour with\u00a0Ali Do\u011fan G\u00f6n\u00fclta\u015f in Paris, Den Haag and several cultural centers in Belgium.<\/li>\n<\/ul>\n<p><\/p>","protected":false},"excerpt":{"rendered":"<p>Summary\u00a0\ud83d\udc47\u00a0 Editorial \ud83d\udd38Recent memories with Vig\u00fcela at the Sur Jahan Festival, West Bengal \ud83d\udd38Farewell to Erasmo Treglia Music Equality\u2019s Geographical Underrepresentation research and related reflections IndieBalkans European Folk Network in Babel Music XP Brief news from the media, charts and sister projects Open calls and professional events:\u00a0 WOMEX, Premio Andrea Parodi, Mercat de M\u00fasica Viva [&hellip;]<\/p>\n","protected":false},"author":1,"featured_media":0,"comment_status":"closed","ping_status":"open","sticky":false,"template":"","format":"standard","meta":{"footnotes":""},"categories":[19],"tags":[],"class_list":["post-3904","post","type-post","status-publish","format-standard","hentry","category-newsletter"],"_links":{"self":[{"href":"https:\/\/www.mapamundimusica.com\/en\/wp-json\/wp\/v2\/posts\/3904","targetHints":{"allow":["GET"]}}],"collection":[{"href":"https:\/\/www.mapamundimusica.com\/en\/wp-json\/wp\/v2\/posts"}],"about":[{"href":"https:\/\/www.mapamundimusica.com\/en\/wp-json\/wp\/v2\/types\/post"}],"author":[{"embeddable":true,"href":"https:\/\/www.mapamundimusica.com\/en\/wp-json\/wp\/v2\/users\/1"}],"replies":[{"embeddable":true,"href":"https:\/\/www.mapamundimusica.com\/en\/wp-json\/wp\/v2\/comments?post=3904"}],"version-history":[{"count":10,"href":"https:\/\/www.mapamundimusica.com\/en\/wp-json\/wp\/v2\/posts\/3904\/revisions"}],"predecessor-version":[{"id":3914,"href":"https:\/\/www.mapamundimusica.com\/en\/wp-json\/wp\/v2\/posts\/3904\/revisions\/3914"}],"wp:attachment":[{"href":"https:\/\/www.mapamundimusica.com\/en\/wp-json\/wp\/v2\/media?parent=3904"}],"wp:term":[{"taxonomy":"category","embeddable":true,"href":"https:\/\/www.mapamundimusica.com\/en\/wp-json\/wp\/v2\/categories?post=3904"},{"taxonomy":"post_tag","embeddable":true,"href":"https:\/\/www.mapamundimusica.com\/en\/wp-json\/wp\/v2\/tags?post=3904"}],"curies":[{"name":"wp","href":"https:\/\/api.w.org\/{rel}","templated":true}]}}