{"id":3897,"date":"2026-01-20T22:21:50","date_gmt":"2026-01-20T21:21:50","guid":{"rendered":"https:\/\/www.mapamundimusica.com\/?p=3897"},"modified":"2026-01-20T22:30:22","modified_gmt":"2026-01-20T21:30:22","slug":"26-rushed-but-here-i-am-many-calls-for-applications-91","status":"publish","type":"post","link":"https:\/\/www.mapamundimusica.com\/en\/newsletter\/26-rushed-but-here-i-am-many-calls-for-applications-91\/","title":{"rendered":"January 26. Rushed but&#8230; here I am + many calls for applications #91"},"content":{"rendered":"<p><span style=\"font-size: 12pt;\"><span style=\"font-family: open sans, helvetica neue, helvetica, arial, sans-serif;\"><strong>Summary\u00a0\ud83d\udc47<\/strong><\/span><span style=\"font-family: 'open sans', 'helvetica neue', helvetica, arial, sans-serif;\">\u00a0<\/span><\/span><\/p>\n<p><span style=\"font-family: 'merriweather sans', 'helvetica neue', helvetica, arial, sans-serif;\">Editorial<\/span><\/p>\n<hr \/>\n<p>Brief news from the\u00a0media, charts and sister projects<\/p>\n<hr \/>\n<p>Transglobal WMC\u00a0Festival Awards<\/p>\n<hr \/>\n<p>Open calls and professional events:\u00a0 So Alive Music Conference &amp; Festival, A To Jazz world music showcase, Mercat de M\u00fasica Viva de Vic, Circulart, Upbeat Artist Mentoring Programme, Fira Mediterr\u00e0nia de Manresa, Babel Music XP: accreditation and stand bookings, \u00a0Sicily Music Conference 2026<\/p>\n<hr \/>\n<p>Meet me at\u00a0\u2708\ufe0f<\/p>\n<hr \/>\n<div style=\"text-align: center;\"><a class=\"mcnButton \" title=\" \u27a1\ufe0f This is the button for subscription \" href=\"https:\/\/mailchi.mp\/892ba551b707\/mapamundi-general\" target=\"_blank\" rel=\"noopener\">\u27a1\ufe0f This is the link for subscription<\/a><\/div>\n<p><strong>Hello, how are you?<\/strong><\/p>\n<p><img decoding=\"async\" class=\"alignright\" src=\"https:\/\/mcusercontent.com\/993c677d53044839b1b39b2dc\/images\/1d8491d7-49f1-66cc-efd3-59809bf37344.jpg\" width=\"200\" align=\"right\" data-file-id=\"6082220\" \/>This time, the newsletter will be brief. I\u2019m about to set off on a trip to Kolkata with Vig\u00fcela. They will be performing at Sur Jahan, the festival organised by Banglanatak dot com. We\u2019ll be in Kolkata, and also in Ashram and Kharagpur, to run workshops and collaborate with local artists.<\/p>\n<p>Some last-minute work issues have kept me on hold right up until the very last moment. Not everything has been easy, but some really nice things have happened over the past few days.<\/p>\n<p>I\u2019ve confirmed Ali Do\u011fan G\u00f6n\u00fclta\u015f\u2019s return to Spain. It will be in Huelva, at the Muelle de las Carabelas, the harbour from which Christopher Columbus set sail in 1492 on his journey\u2014ironically\u2014towards India. Although, as we all know, he didn\u2019t exactly get there. I really hope I do make it to India! Though I\u2019m sure we\u2019ll find some surprises along the way.<\/p>\n<p>I\u2019ve already been to the festival once, back when it was still called Sufi Sutra. The team from Banglanatak dot com showed us some of the treasures of traditional art from the state of West Bengal. One example is patachitra singing, of which I\u2019m sharing this memory with you.<\/p>\n<hr \/>\n<p style=\"text-align: center;\"><strong>Swarna Chitrakar sings the story of Krishna &amp; Radha<\/strong><\/p>\n<p><a class=\"\" title=\"\" href=\"https:\/\/www.youtube.com\/watch?v=Gi-0MuTmj_I\" target=\"\"><img decoding=\"async\" class=\"mcnImage aligncenter\" src=\"https:\/\/mcusercontent.com\/993c677d53044839b1b39b2dc\/video_thumbnails_new\/928ec082a6068994ab1390314c1a6f06.png\" alt=\"\" width=\"564\" \/><\/a><\/p>\n<p style=\"text-align: center;\">In this occasion there is no interview. Only the usual sections and many open calls. I hope this will be of your interest.<\/p>\n<p style=\"text-align: center;\"><strong>Remember: if you have any news of interest for our community, let me know. Thank you very much for your attention.\u00a0<\/strong>Araceli Tzigane | Mapamundi M\u00fasica\u00a0|<strong>\u00a0+34 676\u00a030 28 82\u00a0<\/strong><\/p>\n<hr \/>\n<h1><strong><span style=\"color: #daa520;\">TRANSGLOBAL WMC FESTIVAL AWARDS<\/span><\/strong><\/h1>\n<p>These are the results of the 4th edition:<br \/>\n1. (tie)\u00a0UR\u00c0 Mercado Cultural de la M\u00fasica\u00a0(CR) +\u00a0World Music Festival Bratislava\u00a0(SK)<br \/>\n3. (tie)\u00a0Alkantara Fest\u00a0(IT) +\u00a0Supernova International Ska Festival\u00a0(US)<br \/>\n5. (tie)\u00a0Sukiyaki Meets The World\u00a0(JP) +\u00a0Cordas World Music Festival\u00a0(PT)<br \/>\n7.\u00a0Fira Mediterr\u00e0nia de Manresa\u00a0(ES)<br \/>\n8.\u00a0Rainforest World Music Festival\u00a0(MY)<br \/>\n9.\u00a0Ethno Port\u00a0 Festival\u00a0(PL)<br \/>\n10.\u00a0Festival Arabesques\u00a0(FR)<\/p>\n<p>Learn more\u00a0<a href=\"https:\/\/www.transglobalwmc.com\/category\/festival-awards\/festival-awards-results\/\" target=\"_blank\" rel=\"noopener\">on the website<\/a>.<\/p>\n<p>Congratulations!!!<\/p>\n<hr \/>\n<h1><strong><span style=\"color: #daa520;\">BRIEF NEWS FROM THE MEDIA, CHARTS AND SISTER PROJECTS <\/span><\/strong><span style=\"color: #000000; font-family: open sans, helvetica neue, helvetica, arial, sans-serif;\"><img loading=\"lazy\" decoding=\"async\" class=\"alignright\" src=\"https:\/\/mcusercontent.com\/993c677d53044839b1b39b2dc\/images\/e032fb01-1481-4ae7-a53d-1b163dd4572c.jpg\" width=\"120\" height=\"120\" align=\"right\" data-file-id=\"4734514\" \/><\/span><\/h1>\n<hr \/>\n<p>\ud83d\udd38<span style=\"font-family: 'open sans', 'helvetica neue', helvetica, arial, sans-serif;\">#1\u00a0for\u00a0<a href=\"https:\/\/www.transglobalwmc.com\/charts\/december-2025-chart\/\" target=\"_blank\" rel=\"noopener\">Transglobal World Music Chart in January December of\u00a02026<\/a>\u00a0is: Nusantara Beat&#8217;s homonymous album<em>\u00a0<\/em>(Glitterbeat)<\/span><\/p>\n<hr \/>\n<p>\ud83d\udd38<span style=\"font-family: 'open sans', 'helvetica neue', helvetica, arial, sans-serif;\"><a href=\"https:\/\/mundofonias.com\/wp\/?p=9294\" target=\"_blank\" rel=\"noopener\">Mundofon\u00edas<\/a>: the favourites of January have been\u00a0Los Originarios del Plan&#8217;s\u00a0<em>\u00a1Puritito Michoac\u00e1n!<\/em>;\u00a0Ravi Kulur &amp; Barry Phillips&#8217;\u00a0<em>Breath &amp; bow <\/em><\/span><span style=\"font-family: 'open sans', 'helvetica neue', helvetica, arial, sans-serif;\">and La <\/span><span style=\"font-family: 'open sans', 'helvetica neue', helvetica, arial, sans-serif;\">Cuivraille&#8217;s<em>T<\/em><\/span><span style=\"font-family: 'open sans', 'helvetica neue', helvetica, arial, sans-serif;\"><em>ournivelle<\/em><\/span><\/p>\n<p><span style=\"color: #000000; font-family: open sans, helvetica neue, helvetica, arial, sans-serif;\"><br \/>\n<a href=\"https:\/\/mundofonias.com\/wp\/?p=9419\"><img decoding=\"async\" class=\"aligncenter\" src=\"https:\/\/mcusercontent.com\/993c677d53044839b1b39b2dc\/images\/e6755e67-d3a2-0643-fc7a-5170b359dbc7.jpg\" width=\"560\" align=\"center\" data-file-id=\"6082221\" \/><\/a><\/span><\/p>\n<p>&nbsp;<\/p>\n<hr \/>\n<h1><strong>OPEN CALLS &amp; PROFESSIONAL EVENTS<\/strong><\/h1>\n<p>This section is open for news. It is free of charge. You can let me know if you have any open call\u00a0of relevance to the community.<\/p>\n<p><strong><span style=\"color: #993300;\">The following calls are\u00a0new in the newsletter:<\/span><\/strong><\/p>\n<p><strong>\ud83d\udd38So Alive Music Conference &amp; Festival. Call for artists<br \/>\n<img loading=\"lazy\" decoding=\"async\" class=\"alignright\" src=\"https:\/\/mcusercontent.com\/993c677d53044839b1b39b2dc\/images\/ba1be5d7-ecc0-8293-27a7-c258a19f8ff3.png\" width=\"560\" height=\"224\" data-file-id=\"6082230\" \/><\/strong><br \/>\nIt will take place from 14 &#8211; 16 October 2026 in Sofia, Bulgaria. I attended the last edition, in which we had a showcase by Ali Do\u011fan G\u00f6n\u00fclta\u015f. The styles of music they program is not that much world music, but mainly indie, with an open approach. I found it interesting to meet professional who don&#8217;t use to attend the world music events. The content of the panels was very practical of market-oriented.<\/p>\n<p>Application Deadline: 10 February 2026.\u00a0Live performing artists (solo acts or bands) presenting original music.<\/p>\n<p>Eligible Genres: genres include (but are not limited to): Pop, jazz, hip-hop, electronic music with live instruments, soul, indie, funk, rock, metal, electro-pop, nu-jazz, folk, world music, acoustic pop, and related styles.<\/p>\n<p>Eligible Countries:\u00a0Albania, Bosnia and Herzegovina,\u00a0Bulgaria, Croatia, Cyprus, Greece, Kosovo, Moldova, Montenegro, North\u00a0Macedonia, Romania, Serbia, Slovenia, Turkey.<\/p>\n<p>Check the conditions\u00a0<a href=\"https:\/\/soalivemusicconference.com\/conference\/open-call\/\" target=\"_blank\" rel=\"noopener\">on the website<\/a>.<\/p>\n<p><strong>\ud83d\udd38A To Jazz world music showcase. Call for artists<br \/>\n<img loading=\"lazy\" decoding=\"async\" class=\"alignright\" src=\"https:\/\/mcusercontent.com\/993c677d53044839b1b39b2dc\/images\/ddea819f-14b6-7952-f48e-0cd91ae173e4.png\" width=\"261\" height=\"109\" align=\"right\" data-file-id=\"6082232\" \/><\/strong>Also in Sofia:\u00a0The showcase will take place on July 2, 2026.\u00a0Participation includes a live performance, an educational module and speed meetings with international delegates held on July 1st, 2nd and 3rd, 2026. Participation in all programme components (educational module, speed meetings, soundcheck and live performance) is mandatory.<\/p>\n<p>Elegible countries:\u00a0All EU countries,\u00a0Iceland, Norway, Liechtenstein, Albania,\u00a0Bosnia and Herzegovina, Kosovo, Montenegro, North Macedonia, Serbia, Georgia, Armenia, Tunisia, Ukraine and Moldova.<\/p>\n<p>Deadline: February 06, 2026<\/p>\n<p>Check all the details,\u00a0<a href=\"https:\/\/atojazz.bg\/en\/showcase\/\" target=\"_blank\" rel=\"noopener\">on their website<\/a>.<\/p>\n<p><strong>\ud83d\udd38Mercat de M\u00fasica Viva de Vic. Call for artists<br \/>\n<img loading=\"lazy\" decoding=\"async\" class=\"alignright\" src=\"https:\/\/mcusercontent.com\/993c677d53044839b1b39b2dc\/images\/42b35770-0dca-f925-b2be-0e0de04e5e76.png\" width=\"250\" height=\"86\" align=\"right\" data-file-id=\"6082233\" \/><\/strong>The call is open until 31th of March, for the event to take place in Vic, Catalonia, from 16th of 20th of September. Registration,\u00a0<a href=\"https:\/\/www.mmvv.cat\/en\/login&amp;seccio=login&amp;proposta=1&amp;idioma=cast&amp;web2020=1&amp;\" target=\"_blank\" rel=\"noopener\">here<\/a>.<\/p>\n<p>&#8220;The programming is structured around two lines: MMVV Pro Catalan Arts! program, designed for professionals with the aim of promoting the hiring of premieres and new proposals, and MMVV Festival program, aimed at the general public with a more playful and festive spirit. [&#8230;]\u00a0Proposals can be submitted for all musical styles and genres, with the exception of classical music.\u00a0&#8221;<\/p>\n<p>Check the selection criteria,\u00a0<a href=\"https:\/\/www.mmvv.cat\/en\/applytoplay\" target=\"_blank\" rel=\"noopener\">on the website<\/a>.<br \/>\nNo restriction about countries of origin of the artists.<\/p>\n<hr \/>\n<p><strong><span style=\"color: #008000;\">The following calls were already in the newsletter of December:<\/span><\/strong><\/p>\n<p><strong>\ud83d\udd38Circulart<br \/>\n<img loading=\"lazy\" decoding=\"async\" class=\"alignright\" src=\"https:\/\/mcusercontent.com\/993c677d53044839b1b39b2dc\/images\/034d5346-bbe6-673d-68bf-d29f7168a302.png\" width=\"210\" height=\"193\" align=\"right\" data-file-id=\"6081459\" \/><\/strong>It is a meeting for the Ibero-American music sector, which will take place in Medell\u00edn from 4 to 7 June 2026. I should note in advance that all the documentation and the website are only available in Spanish. I think this gives a clear idea of who the call is \u2014 and is not \u2014 aimed at.\u00a0<a href=\"https:\/\/circulart.org\/2026\/\" target=\"_blank\" rel=\"noopener\">This<\/a>\u00a0is the website.<\/p>\n<p>The call is open to artists, musical groups, booking agencies, management agencies, and record labels. The programme includes showcases, business meetings, conferences, and training activities. The application deadline is\u00a0<strong>12 February 2026<\/strong>\u00a0at 6:00 p.m. (Colombia time).<\/p>\n<p>Artists interested in applying for live performances (showcases) should be aware that CirculArt will not cover fees, travel and accommodation expenses, or any other costs. The market organisation will provide the selected artists with a stage and appropriate technical equipment for their performance, under equal technical conditions for all participants.<\/p>\n<p>&nbsp;<\/p>\n<p><strong>\ud83d\udd38Upbeat Artist Mentoring Programme: call for artists<\/strong><\/p>\n<p><img loading=\"lazy\" decoding=\"async\" class=\"alignright\" src=\"https:\/\/mcusercontent.com\/993c677d53044839b1b39b2dc\/images\/df71d7b3-dddc-49b2-f838-db4a2ec29287.png\" width=\"210\" height=\"166\" data-file-id=\"6081462\" \/>&#8220;In the Programme we pair up music industry experts having solid mentoring experiences with emerging artists from the world music field. The pairs will work together for up to 10 months developing personalized, in-depth career plans that support the artists to scale up their careers.<br \/>\nWe are looking for\u00a0<strong>emerging European talents who wish to grow their careers in the music industry<\/strong>.&#8221;<\/p>\n<p>Application deadline for artists:\u00a0<strong>21 January 2026<\/strong><\/p>\n<p>Who is it for:\u00a0&#8220;Emerging artists who are connected to the world\/global music industry and are ready for international work&#8221; from\u00a0&#8220;EU member state or one of the following countries: Albania, Armenia, Bosnia and Herzegovina, Georgia, Iceland, Kosovo, Liechtenstein, Montenegro, North Macedonia, Norway, Serbia, Ukraine, Tunisia.&#8221; Also, artists from other countries,\u00a0legal residents in any of the countris of the list.<\/p>\n<p>More details and application form,\u00a0<a href=\"https:\/\/upbeat-platform.eu\/2025\/11\/artist-mentoring-programme-is-launched\/\" target=\"_blank\" rel=\"noopener\">here<\/a>.<\/p>\n<p><strong>\ud83d\udd38Fira Mediterr\u00e0nia de Manresa<\/strong><\/p>\n<p><img decoding=\"async\" class=\"alignright\" src=\"https:\/\/mcusercontent.com\/993c677d53044839b1b39b2dc\/images\/212f31da-ad8d-d028-edb9-09a918d2d0c3.jpg\" width=\"230\" align=\"right\" data-file-id=\"6079810\" \/>The call for proposals for the showcases is open until\u00a0<strong>22 January 2026<\/strong>\u00a0at 23:59. The 29th Fira Mediterr\u00e0nia will take place from 15 to 18 October 2026 in Manresa. Check the conditions and apply,\u00a0<a href=\"https:\/\/firamediterrania.cat\/en\/professionals\/participation-rules\" target=\"_blank\" rel=\"noopener\">here<\/a>.<\/p>\n<p>This is one of the events I attend almost always and every year I send proposals. I have talked about the Fira on many occasions before in this newsletter. It is a\u00a0<strong>multidisciplinary\u00a0<\/strong>event, including music, dance and &#8220;Memory, legacy and oral storytelling&#8221;.<\/p>\n<p>This phrase is specially meaningful:\u00a0&#8220;<strong><em>Fira Mediterr\u00e0nia works with what we like to call 360 degrees of roots, starting with the first level, intangible heritage; continuing through folk and traditional culture associations, which take that heritage and work to connect it with society; and ending with the professional sector, the artists whose creations are based on that tradition. At the Fira, we place particular importance on the interchange, interrelation and intersection of all of those elements.<\/em><\/strong><\/p>\n<p>What do they offer?\u00a0<strong>&#8220;<em>Fira, as a performing arts fair attended by sector professionals (1,234 registered delegates), will agree a financial contribution with companies and groups.<\/em>&#8221;\u00a0<\/strong>They also provide meals and accommodation for artists\u00a0that reside outside Catalonia. All the details are very well explained on the website.<\/p>\n<p><strong>\ud83d\udd38Babel Music XP:\u00a0accreditation and stand bookings for Babel Music XP 2026 are open\u00a0<\/strong><br \/>\nThis is another of the events that I have attended since they revived from Babel Med. It will be in Marseille from 19th to 21st of March.<\/p>\n<p><strong>\ud83d\udd38 Sicily Music Conference 2026: Call for Artists<\/strong><\/p>\n<p>The call for proposals for the showcases is open\u00a0<a href=\"https:\/\/docs.google.com\/forms\/d\/e\/1FAIpQLSc0V8zuQg1hVWqOxYRqHrxFXKOF8c_DkDLKrrSXZy4-Pfd3iA\/viewform\" target=\"_blank\" rel=\"noopener\">here<\/a>, until\u00a0<strong>31 January 2026<\/strong>.\u00a0Artists to be announced in February 2026.\u00a0<a href=\"https:\/\/docs.google.com\/forms\/d\/e\/1FAIpQLSc0V8zuQg1hVWqOxYRqHrxFXKOF8c_DkDLKrrSXZy4-Pfd3iA\/viewform\" target=\"_blank\" rel=\"noopener\">This is the official page<\/a>\u00a0for the call. I will bring some infos here:<\/p>\n<ul>\n<li>It will take place in Palermo &#8211; Catania, from 13 to 16 of May 2026.<\/li>\n<li>It provides access to professionals, to the workshops and all the events of the conference, for the artists and their representatives.<\/li>\n<li>Practical needs covered:\n<ul>\n<li>Transportation: transfer from airport or ferry terminal to\/from the hotel\/venue(s)<\/li>\n<li>Accommodation: twin rooms for show night(s)<\/li>\n<li>Catering on the show day(s) &#8230;Sicilian food and hospitality<\/li>\n<li>Support to reach out to export offices or similar organizations with official invitations to apply for funding<\/li>\n<li><strong>Support to connect with additional venues in Italy\u00a0<\/strong>&#8211; I highlight this because some other events like this \u2014showcases\u2014 require artists to maintain exclusivity in the surrounding region for some time before and after. This Sicilian conference, however, aims to support artists in getting more gigs. I don\u2019t know yet if they have any restrictions regarding performances in the area around Palermo, but it\u2019s really nice that they\u2019re thinking about facilitating contacts to help organize other concerts around the showcase trip.<\/li>\n<\/ul>\n<\/li>\n<\/ul>\n<p><img loading=\"lazy\" decoding=\"async\" class=\"aligncenter\" src=\"https:\/\/mcusercontent.com\/993c677d53044839b1b39b2dc\/images\/81155e72-5a0c-2dcb-f7da-6c713da549bd.jpg\" width=\"560\" height=\"210\" data-file-id=\"6078808\" \/><\/p>\n<p style=\"text-align: center;\"><strong>Do you have a call of interest for our community that you want to share? Let me know asap<\/strong><\/p>\n<hr \/>\n<h1><span style=\"color: #daa520;\"><strong>MEET ME AT<\/strong><\/span><\/h1>\n<ul>\n<li><strong>22nd\u00a0January-2nd February.\u00a0<\/strong>With Vig\u00fcela in India for Sur Jahan festival and workshops and collaborations.<\/li>\n<li><strong>27th February.\u00a0<\/strong>Concert by\u00a0Ali Do\u011fan G\u00f6n\u00fclta\u015f in Andalucia (Spain). TBA.<\/li>\n<li><strong>19th-21st March:<\/strong>\u00a0Babel Music XP.<\/li>\n<\/ul>\n<p>&nbsp;<\/p>","protected":false},"excerpt":{"rendered":"<p>Summary\u00a0\ud83d\udc47\u00a0 Editorial Brief news from the\u00a0media, charts and sister projects Transglobal WMC\u00a0Festival Awards Open calls and professional events:\u00a0 So Alive Music Conference &amp; Festival, A To Jazz world music showcase, Mercat de M\u00fasica Viva de Vic, Circulart, Upbeat Artist Mentoring Programme, Fira Mediterr\u00e0nia de Manresa, Babel Music XP: accreditation and stand bookings, \u00a0Sicily Music Conference [&hellip;]<\/p>\n","protected":false},"author":1,"featured_media":0,"comment_status":"closed","ping_status":"open","sticky":false,"template":"","format":"standard","meta":{"footnotes":""},"categories":[19],"tags":[],"class_list":["post-3897","post","type-post","status-publish","format-standard","hentry","category-newsletter"],"_links":{"self":[{"href":"https:\/\/www.mapamundimusica.com\/en\/wp-json\/wp\/v2\/posts\/3897","targetHints":{"allow":["GET"]}}],"collection":[{"href":"https:\/\/www.mapamundimusica.com\/en\/wp-json\/wp\/v2\/posts"}],"about":[{"href":"https:\/\/www.mapamundimusica.com\/en\/wp-json\/wp\/v2\/types\/post"}],"author":[{"embeddable":true,"href":"https:\/\/www.mapamundimusica.com\/en\/wp-json\/wp\/v2\/users\/1"}],"replies":[{"embeddable":true,"href":"https:\/\/www.mapamundimusica.com\/en\/wp-json\/wp\/v2\/comments?post=3897"}],"version-history":[{"count":2,"href":"https:\/\/www.mapamundimusica.com\/en\/wp-json\/wp\/v2\/posts\/3897\/revisions"}],"predecessor-version":[{"id":3899,"href":"https:\/\/www.mapamundimusica.com\/en\/wp-json\/wp\/v2\/posts\/3897\/revisions\/3899"}],"wp:attachment":[{"href":"https:\/\/www.mapamundimusica.com\/en\/wp-json\/wp\/v2\/media?parent=3897"}],"wp:term":[{"taxonomy":"category","embeddable":true,"href":"https:\/\/www.mapamundimusica.com\/en\/wp-json\/wp\/v2\/categories?post=3897"},{"taxonomy":"post_tag","embeddable":true,"href":"https:\/\/www.mapamundimusica.com\/en\/wp-json\/wp\/v2\/tags?post=3897"}],"curies":[{"name":"wp","href":"https:\/\/api.w.org\/{rel}","templated":true}]}}