{"id":3881,"date":"2025-10-30T14:50:55","date_gmt":"2025-10-30T13:50:55","guid":{"rendered":"https:\/\/www.mapamundimusica.com\/?p=3881"},"modified":"2025-10-30T15:18:07","modified_gmt":"2025-10-30T14:18:07","slug":"october-25-after-fira-mediterrania-de-manresa-efn-conference-so-alive-music-conference-and-womex-new-calls-and-88","status":"publish","type":"post","link":"https:\/\/www.mapamundimusica.com\/en\/newsletter\/october-25-after-fira-mediterrania-de-manresa-efn-conference-so-alive-music-conference-and-womex-new-calls-and-88\/","title":{"rendered":"October 25. After Fira Mediterr\u00e0nia de Manresa &#038; EFN conference, So Alive Music Conference and WOMEX, new calls and + #88"},"content":{"rendered":"<p><span style=\"font-size: 24pt;\"><span style=\"font-family: open sans, helvetica neue, helvetica, arial, sans-serif;\"><strong>Summary\u00a0\ud83d\udc47<\/strong><\/span><span style=\"font-family: 'open sans', 'helvetica neue', helvetica, arial, sans-serif;\">\u00a0<\/span><\/span><\/p>\n<p><span class=\"x19la9d6 x1fc57z9 x6ikm8r x10wlt62 x19co3pv x11tp94h xfibh0p xiy17q3 x1xsqp64 x1lkfr7t xexx8yu xyri2b x18d9i69 x1c1uobl\"><span class=\"xrtxmta x1bhl96m\">\ud83d\udd38<\/span><\/span>Editorial<br \/>\n\u25ab\ufe0fAfter Fira Mediterr\u00e0nia de Manresa, panel about diversity and inclusion and associated reflections<br \/>\n\u25ab\ufe0fSo Alive Music Conference<br \/>\n\u25ab\ufe0fWOMEX<\/p>\n<p><span class=\"x19la9d6 x1fc57z9 x6ikm8r x10wlt62 x19co3pv x11tp94h xfibh0p xiy17q3 x1xsqp64 x1lkfr7t xexx8yu xyri2b x18d9i69 x1c1uobl\"><span class=\"xrtxmta x1bhl96m\">\ud83d\udd38<\/span><\/span>Brief words about\u00a0FIMU\u00a0with\u00a0 its director,\u00a0Julian Catusse<\/p>\n<p><span class=\"x19la9d6 x1fc57z9 x6ikm8r x10wlt62 x19co3pv x11tp94h xfibh0p xiy17q3 x1xsqp64 x1lkfr7t xexx8yu xyri2b x18d9i69 x1c1uobl\"><span class=\"xrtxmta x1bhl96m\">\ud83d\udd38<\/span><\/span>A little something from me: Xabi Aburruzaga&#8217;s 1st single from\u00a0<em>Bask<\/em><\/p>\n<p><span class=\"x19la9d6 x1fc57z9 x6ikm8r x10wlt62 x19co3pv x11tp94h xfibh0p xiy17q3 x1xsqp64 x1lkfr7t xexx8yu xyri2b x18d9i69 x1c1uobl\"><span class=\"xrtxmta x1bhl96m\">\ud83d\udd38<\/span><\/span>Brief news from the media, charts and sister projects<\/p>\n<p><span class=\"x19la9d6 x1fc57z9 x6ikm8r x10wlt62 x19co3pv x11tp94h xfibh0p xiy17q3 x1xsqp64 x1lkfr7t xexx8yu xyri2b x18d9i69 x1c1uobl\"><span class=\"xrtxmta x1bhl96m\">\ud83d\udd38<\/span><\/span>Open calls and professional events:\u00a0 Sicily Music Conference, Professional Days of Music in Extremadura, FIMU Belfort<\/p>\n<p><span class=\"x19la9d6 x1fc57z9 x6ikm8r x10wlt62 x19co3pv x11tp94h xfibh0p xiy17q3 x1xsqp64 x1lkfr7t xexx8yu xyri2b x18d9i69 x1c1uobl\"><span class=\"xrtxmta x1bhl96m\">\ud83d\udd38<\/span><\/span>Meet me at \u2708\ufe0f<\/p>\n<p style=\"text-align: center;\"><span style=\"font-size: 18pt;\"><a class=\"mcnButton \" title=\" \u27a1\ufe0f This is the button for subscription \" href=\"https:\/\/mailchi.mp\/892ba551b707\/mapamundi-general\" target=\"_blank\" rel=\"noopener\">\u27a1\ufe0f This is the link for subscription<\/a><\/span><\/p>\n<hr \/>\n<p><strong>Hello, <\/strong><strong>how are you?<\/strong><\/p>\n<p><img loading=\"lazy\" decoding=\"async\" class=\"alignright\" src=\"https:\/\/mcusercontent.com\/993c677d53044839b1b39b2dc\/images\/1676efee-827d-a705-1154-d990ef9058ed.jpeg\" width=\"331\" height=\"248\" data-file-id=\"6078710\" \/>I am well. The picture of this edition was made still in September. On 27th it took place the\u00a012th SON Estrella Galicia Spanish Guitar Conference and 3rd Flamenco Guitar Awards \u201cMaestro Paco de Luc\u00eda \u2013 Molino del Manto\u201d. In the picture I am with the guitarrist Pituquete (whose interesting Youtube channel is\u00a0<a href=\"https:\/\/www.youtube.com\/@BuscadoresFlamencos\" target=\"_blank\" rel=\"noopener\">this<\/a>), the singer Encarna Anillo and Juan Antonio V\u00e1zquez. For more information, in English, about the event, you can check\u00a0<a href=\"https:\/\/expoflamenco.world\/The-flamenco-guitar-takes-the-windmill-of-the-mantle\/\" target=\"_blank\" rel=\"noopener\">this website<\/a>.<\/p>\n<p><a href=\"https:\/\/www.molinodelmanto.com\/conciertos\/\" target=\"_blank\" rel=\"noopener\">Molino del Manto<\/a>\u00a0is a wedding estate in the town of Chinch\u00f3n (province of Madrid) that also hosts musical projects like this one, which included both the concert evening, with the award ceremony,\u00a0and a prior artistic residency.\u00a0I chose this photo because I\u2019m unable to pick just one moment from October. Shortly after this event, I travelled to Germany for Ali Do\u011fan\u2019s tour, then to the Fira Mediterr\u00e0nia de Manresa (at the same time as the annual conference of the European Folk Network), then to the So Alive Music Conference in Sofia, and finally to WOMEX. It feels like that photo was taken six months ago\u2026 So much has happened this month. I\u2019ll pull on the thread of memory to give shape to some of those moments in these lines.<\/p>\n<p>Many important things will slip my mind. On the other hand, I\u2019ve been so busy traveling (before all this, I was on an international tour with Ali Dogan) that I don\u2019t really have an interview as such. In future editions, I\u2019ll pick up again with Ultranesia, because we talked much more than what I\u2019ve already published, and I have several people in mind \u2014for instance, Sabina Smailagic and Mariana Bondarenko, with whom I spoke at WOMEX\u2014 to share a conversation. In any case, you won\u2019t be short of content, and I hope that some of it moves you, attracts you, or even annoys you.<\/p>\n<p><strong>I hope you find the reading interesting.\u00a0If you enjoyed any part of this newsletter, feel free to share it with someone who might like it too. Thank you in advance.<\/strong><\/p>\n<hr \/>\n<h5 style=\"text-align: center;\"><strong>Remember: if you have any news of interest for our community, let me know. Thank you very much for your attention.<\/strong><\/h5>\n<h5 style=\"text-align: center;\">Araceli Tzigane | Mapamundi M\u00fasica\u00a0|<strong>\u00a0+34 676\u00a030 28 82\u00a0<\/strong><\/h5>\n<hr \/>\n<div>\n<h3><strong>Fira Mediterr\u00e0nia de Manresa and the Annual Conference of the European Folk Network<\/strong><\/h3>\n<p>One of my highlights of the conference was the panel I moderated. The topic was broad, and the speakers were able to talk for a few minutes at the beginning, presenting their activities related to the theme: diversity and inclusion. Some of the ideas reminded me of the enriching panel from the previous year in Kaustinen, with the participation of Birgit Ellinghaus (whose full speech can be read\u00a0<a href=\"https:\/\/www.mapamundimusica.com\/en\/newsletter\/september-24-relocated-identities-birgit-ellinghauss-speech-on-the-5th-conference-of-the-efn-and-75\/\" target=\"_blank\" rel=\"noopener\">here<\/a>) and Alan Ibrahim (with whom I had an eye-opening interview about several issues, available\u00a0<a href=\"https:\/\/www.mapamundimusica.com\/en\/newsletter\/may-23-in-depth-with-music-for-identity-2-news-from-upbeat-talk-with-etnosur-festival-open-calls-and-59\/\" target=\"_blank\" rel=\"noopener\">here<\/a>).<\/p>\n<\/div>\n<p style=\"text-align: center;\"><strong>I am unable to find who made this picture but I need this one specifically because we are all relaxed and look happy, even when the discussion was dense and deep. From left to right, Imed Alibi, Laia Canals, Peter Van Rompaey, Kutay Kugay and me:<\/strong><\/p>\n<div>\n<p><img loading=\"lazy\" decoding=\"async\" class=\"aligncenter\" src=\"https:\/\/mcusercontent.com\/993c677d53044839b1b39b2dc\/images\/67da4376-633a-e055-6495-4a9886749f2a.jpg\" width=\"715\" height=\"536\" data-file-id=\"6078799\" \/><\/p>\n<p>Alan Ibrahim spoke last year and also in that interview about the label refugee, which is often placed above one\u2019s artistic abilities (he is a classical guitarist), overshadowing them. Imed Alibi, the Tunisian percussionist, composer and cultural thinker,\u00a0in his intervention at this year\u2019s panel, spoke about the term\u00a0<em>clich\u00e9\u00a0<\/em>in the same line. Peter Van Rompaey explained that the group promoted by MuziekPublique, Refugees for Refugees, decided to change its name to &#8220;Refa&#8221; precisely to avoid maintaining that\u00a0<em>clich\u00e9<\/em>, so that what was put in value for the public was their art, not their status. He explained that once they changed the name, since the word \u201cRefugee\u201d no longer appeared on the poster, some programmers refused to book the group.<\/p>\n<p>This, among many other ideas, came up regarding inclusion related to ethnic origin. Another topic we discussed was ageism, and how there is an age when artists are not young anymore but not old enough to be considered legends. The general agreement was that such ageism does exist. I believe this will become a hot topic in our sector in the near future.<\/p>\n<p>The truth is that this is a subject about which I have strong opinions, and I couldn\u2019t \u2014 nor did I want to \u2014 limit myself to merely moderating. Fortunately, we had an hour and a half in the context of a packed two-day conference, with activities from morning until the start of the evening. Some of my ideas I had already shared last March at Babel Music XP, in the panel \u201cThe New Narratives for Traditional Music in the Face of Current Political Challenges\u201d, to which I was invited as part of the EFN by FAMDT. The full panel is available\u00a0<a href=\"https:\/\/open.spotify.com\/episode\/487ONQOFmBgcEM2JgS3T6p?si=2c98301b4058438b&amp;nd=1&amp;dlsi=b35b4aa77067418f\" target=\"_blank\" rel=\"noopener\">here<\/a>.<\/p>\n<p>My point then and now is that Europe\u2019s demographic reality is what it is: the population is diverse. In Ireland, 21.8% of the population was born abroad; in Austria, 21.6%; Sweden, 20.4%; Germany, 19.5%; and in my country, Spain, 17.1%.<\/p>\n<p><img loading=\"lazy\" decoding=\"async\" class=\"alignright\" src=\"https:\/\/mcusercontent.com\/993c677d53044839b1b39b2dc\/images\/6fe1194f-15cd-1c3f-74e4-2340aa1f834d.jpg\" width=\"339\" height=\"339\" data-file-id=\"6069614\" \/>At that moment in Babel Music XP, I mentioned Sofia Labropoulou, a Greek kanun player based in Vienna, who runs in her adopted city the music series Unbounded Sounds (there is an interview about this,\u00a0<a href=\"https:\/\/www.mapamundimusica.com\/en\/newsletter\/april-25-talk-with-sofia-labropoulou-about-unbounded-sounds-update-from-efn-new-calls-and-82\/\" target=\"_blank\" rel=\"noopener\">here<\/a>, and here it is the program for 2025), where she performs with one artist living in Austria and another from elsewhere. The last concert of the year will feature\u00a0<a href=\"https:\/\/www.shabnamparvaresh.com\/\" target=\"_blank\" rel=\"noopener\">Shabnam Parvaresh<\/a>, an Iranian artist living in Osnabr\u00fcck, Germany, and Matthias Loibner (Austrian). By the way, Unbounded Sounds will be done again in 2026. Bravo!\u00a0I gave it as an example of the facts, of the current reality in Europe\u2019s music scene \u2014 at least in the field of music connected in some way to the traditions of peoples. I\u2019m not sure if pop music is different in that sense.<\/p>\n<p>Returning to this year\u2019s panel in Manresa, two other important ideas also emerged. One was the need to collect data that supports the demands we make from this sector to institutions. On this point, Laia Canals explained what they are doing through Tempi, the organization she leads in Denmark. I am sure that from our field of the art, we can improve much in this matter. For my part, I defended the idea that even though there are artistic expressions that are and will likely remain minority ones \u2014 for example, a concert of classical Persian music \u2014 we are supposed to have certain shared values in Europe, and we pay taxes for a reason. Pay attention now:<\/p>\n<\/div>\n<ul>\n<li><span style=\"font-size: 11pt;\">In Germany, there are 129 orchestras professionally financed with public funds\u00a0(<a href=\"https:\/\/miz.org\/en\/articles\/professional-orchestras\" target=\"_blank\" rel=\"noopener\">source<\/a>).<\/span><\/li>\n<li><span style=\"font-size: 11pt;\">In France, 26 public opera houses received in 2019 a total of \u20ac360 million in subsidies from central and local governments, compared with just \u20ac147 million generated by ticket sales and commercial activities (<a href=\"https:\/\/www.thetimes.co.uk\/world\/article\/french-opera-in-crisis-public-funding-slashed-bwq2s6nvc\" target=\"_blank\" rel=\"noopener\">source<\/a>).<\/span><\/li>\n<li><span style=\"font-size: 11pt;\">In Spain, according to the Teatro Real\u2019s\u00a0<a href=\"https:\/\/www.teatroreal.es\/sites\/default\/files\/2023-01\/FUENTES%20DE%20FINANCIACION.pdf\" target=\"_blank\" rel=\"noopener\">annual report<\/a>, between 2019\u20132023 the total public contribution rose from 26.0% (2019) to 36.8% (2023).\u00a0In 2023, the total budget was \u20ac75,187,672, meaning that nearly \u20ac30 million came from public funding \u2014 paid with our taxes.<\/span><\/li>\n<li><span style=\"font-size: 11pt;\">The Liceu of Barcelona, in 2024, had 48% of its \u20ac54.8 million budget covered by public administration subsidies (<a href=\"https:\/\/cronicaglobal.elespanol.com\/vida\/20240419\/el-liceu-liquida-historica-invierte-temporada-suenos\/848915188_0.html\" target=\"_blank\" rel=\"noopener\">source<\/a>).<\/span><\/li>\n<\/ul>\n<div>\n<p>I don\u2019t think there\u2019s even a need to look for more references to prove that classical music in Europe is not economically self-sustaining. We all know it. Thousands of millions are invested (I was about to write \u201cspent\u201d) to maintain an artistic legacy made for the high classes, 300 and 200 years ago, from a very specific part of the world (Central Europe and Italy), performed by hundreds or thousands of orchestras around the world. Yet, on the other hand, we have to provide endless arguments, plead, and justify why support should be given \u2014 hoping for crumbs \u2014 to, for example, the art of Iranian women in Europe or that of persecuted peoples, whose artistic heritage is a wealth for humanity as a whole and, if it has any future, it will be in Europe. It is truly frustrating that we have to put these things in black and white, and I feel like a drop in the ocean regarding the impact I can have from here.<\/p>\n<p>Returning again to the panel in Manresa, Kutay Kugay also took part \u2014 a festival producer, label manager, and music promoter of Laz ethnicity (from the Black Sea region of Turkey and Georgia), who has lived in the United States for much of his life and is now based in Istanbul. He explained how he managed to create the San Francisco World Music Festival, featuring artists from the Middle East (for instance, Aynur made her U.S. debut at his festival), with private funding. The model in the U.S. for this kind of project is entirely different from the European one (they also pay much lower taxes). I\u2019m not sure if it\u2019s better or worse, but in any case, for this kind of music, both systems are subject to political, ideological, and economic \u2014 and sometimes electoral \u2014 interests. It was a pleasure to have Kutay and to benefit from his experience and vision in the panel.<\/p>\n<p><img loading=\"lazy\" decoding=\"async\" class=\"alignright\" src=\"https:\/\/mcusercontent.com\/993c677d53044839b1b39b2dc\/images\/73525704-24b1-1947-bf1a-993d8d2bb4b0.jpeg\" width=\"299\" height=\"224\" align=\"right\" data-file-id=\"6078801\" \/>I ended up talking about this in the section about Fira Mediterr\u00e0nia de Manresa. It\u2019s somewhat comforting that initiatives like this exist. It\u2019s always a pleasure to attend the Fira. This year I saw only a few concerts because the conference was very intense, but I did get to watch the full concert by Krama, from Valencia, featuring the Greek musician Spyros Kaniaris and one of my favorite singers, Rafel Arnal. They are the ones in the picture with me. You can see a short clip of the concert\u00a0<a href=\"https:\/\/www.facebook.com\/reel\/1851913008728648\" target=\"_blank\" rel=\"noopener\">here<\/a>.<\/p>\n<p>There will be a report of the conference of the EFN soon. You can sign up to receive the emailing news from the EFN for free,\u00a0<a href=\"https:\/\/www.europeanfolknetwork.com\/sign-up-to-the-monthly-newsletter\" target=\"_blank\" rel=\"noopener\">here.<\/a><\/p>\n<\/div>\n<hr \/>\n<p><strong style=\"color: #1c314c; font-family: Raleway, sans-serif; font-size: 28px;\">So Alive Music Conference<\/strong><\/p>\n<div>\n<p>I attended this event for the first time. We had a showcase by Ali Do\u011fan G\u00f6n\u00fcltas, as part of a program that mostly features indie, electronic, and similar music. It\u2019s always very interesting to see the reaction of professionals from other areas of the music industry, because I see Ali simply as a musician \u2014 not specifically as a world or traditional music artist. For two reasons: because I see that people are fascinated by his performance, regardless of their personal musical background, and because I know what he is capable of, and what he will achieve in the coming years.<\/p>\n<\/div>\n<p style=\"text-align: center;\"><strong>Picture by Ivana Barova<\/strong><br \/>\n<img loading=\"lazy\" decoding=\"async\" class=\"\" src=\"https:\/\/mcusercontent.com\/993c677d53044839b1b39b2dc\/images\/4478971b-85e0-620a-4dcb-2f9252cb1708.jpg\" width=\"628\" height=\"418\" align=\"center\" data-file-id=\"6078802\" \/><\/p>\n<div>\n<p>The program of activities is very focused on the industry, with practical workshops, like the one we attended about TikTok for artists. Also, it included several rounds of speed meetings, talks and, of course, showcases. Ali closed the opening day with his trio.<\/p>\n<p>I hope I will have chances to delve more into this event in future editions.<\/p>\n<\/div>\n<hr \/>\n<h3><strong>WOMEX<\/strong><\/h3>\n<p>The WOMEX Award Ceremony turned out to be a very sad moment. Syrian Cassette Archives declined the Professional Excellence Award.\u00a0<a href=\"https:\/\/newsandnoise.nl\/2025\/10\/syrian-cassette-archives-decline-the-womex-25-professional-excellence-award\/\" target=\"_blank\" rel=\"noopener\">Here<\/a>\u00a0is the full statement they gave on the morning of Sunday, October 26.<\/p>\n<p>WOMEX had the wisdom to give them this space, even though it directly questioned their programming decisions, and did so for a reason that left no one indifferent, in a context of deep pain. Ben Mandelson came on stage after the speech by Mark Gergis and Yamen Mekdad to explain the reasons that led WOMEX to choose Syrian Cassette Archives for this award. Afterwards, WOMEX responded in\u00a0<a href=\"https:\/\/mailchi.mp\/womex\/wrap-up-closing-womex-30th-anniversary-edition-8840913\" target=\"_blank\" rel=\"noopener\">its press release<\/a>\u00a0closing the 31st edition.<\/p>\n<p>I would like to share part of the text written by Nick Hobbs in\u00a0<a href=\"https:\/\/www.facebook.com\/voiceofshade\/posts\/pfbid0sfdKXmD5dhYDTf3PuYTKZU791PJkVtdvX51WSEgYwSgoDhRFXuDtJcmWZQ2aNZpYl\" target=\"_blank\" rel=\"noopener\">this public Facebook post<\/a>, which I believe reflects what many of us think:<\/p>\n<p><em>&#8220;They\u2019re a mixed 5 piece. I\u2019ve seen Liraz a couple of times before and wasn\u2019t sold. Too showy, too much surface, too many clich\u00e9s, and I find the 4 square rhythm section musically ugly &#8211; a travesty of Persian rhythms. But today it was the political context that was under scrutiny. As far as I know, the bleeding contradiction of gushing (and wholly warranted) support for the oppressed women of Iran versus the utter deprivation and wanton slaughter of Palestinian women (and children) went uncommented on by Liraz during the concert which seems to me to be a great pity. I wish I\u2019d had had the presence of mind and gall to shout out \u2018Yes! But what about the women of Palestine?\u2019 after she\u2019d spoken about oppressed women in Iran.<br \/>\n[&#8230;]<br \/>\nLater, the recipients of the Womex excellence award &#8211; The Syrian Cassette Archives &#8211; refused their award with an eloquent, coherent speech (in good grace, permitted by Womex) at the award ceremony. Saying that Liraz should simply not have been programmed and that Womex should admit that it was a mistake &#8211; something which Womex declined to. Not programmed because she\u2019d participated in an event supporting the IDF in 2024 and for other things that she\u2019d said in public. I wonder if the same call not to have programmed her would have happened had she not had any connection with the IDF and had she not said anything pro the actions of the Israeli government in Palestine.&#8221;<\/em><\/p>\n<p>Read it complete<em>,\u00a0<\/em><a href=\"https:\/\/www.facebook.com\/voiceofshade\/posts\/pfbid0sfdKXmD5dhYDTf3PuYTKZU791PJkVtdvX51WSEgYwSgoDhRFXuDtJcmWZQ2aNZpYl\" target=\"_blank\" rel=\"noopener\">here<\/a>.<\/p>\n<p>In their statement, Syrian Cassette Archives explained that their decision to decline the award \u201c<em>is not about singling out individual artists because of nationality or background; it\u2019s about recognizing the imbalance and the ethical implications of showcasing Israeli state-linked artists in the midst of a genocide<\/em>.\u201d\u00a0I completely believe their words. But it is also true that, in many other contexts, artists are rejected simply for being from Israel.<br \/>\n&#8211;<br \/>\nTo end on a smoother note, the concert I enjoyed the most at WOMEX this year was Gordan,\u00a0with Svetlana Spaji\u0107 (vocals), Andi Stecher (drums &amp; percussion), and Guido M\u00f6bius (bass, feedback, electronics).\u00a0<a href=\"https:\/\/www.instagram.com\/p\/DQPxE3vDve4\/?hl=es\" target=\"_blank\" rel=\"noopener\">Here<\/a>\u00a0you have a little video. Some people might think I only like acoustic music or that I\u2019m a purist. Well, that\u2019s not the case. What I like is good\u00a0music. Unfortunately, I missed Handover, who I also find very interesting. The Sounds from Spain stand hosted its cocktail right at the time of their daycase, and the rest of WOMEX was hectic for me, as it usually is.<\/p>\n<hr \/>\n<p>&nbsp;<\/p>\n<h3><strong>BRIEF WORDS ABOUT FIMU<span style=\"color: #daa520;\"><br \/>\n<img loading=\"lazy\" decoding=\"async\" class=\"aligncenter\" src=\"https:\/\/mcusercontent.com\/993c677d53044839b1b39b2dc\/images\/840c6372-5a52-bed6-ec88-c8e5de0ed9c1.jpg\" width=\"644\" height=\"238\" data-file-id=\"6078803\" \/><\/span><\/strong><\/h3>\n<div>\n<p>A couple of months ago, I discovered FIMU through Instagram. I read \u201cOpen call for artists. World, Classical, Jazz &amp; World Music.\u201d It caught my attention mainly because they explicitly mentioned \u201cworld music\u201d in the announcement. It was a paid ad, if I remember correctly. I didn\u2019t know about FIMU before, but it has been held since 1987. In the October edition of the newsletter, I shared the participation conditions for artists:<\/p>\n<ul>\n<li><span style=\"font-size: 11pt;\">FIMU do not pay artists but partially refund transports fees. The amount of financial participation will be communicate at the end of selections. No advance can be considered. They have a calculator for the aproximate refund. I tried with the example of a 5 members band from Spain and the result was &#8220;between 600 and 720 \u20ac&#8221;.<\/span><\/li>\n<li><span style=\"font-size: 11pt;\">FIMU takes care of the accommodation and catering of the invited artists.<\/span><\/li>\n<li><span style=\"font-size: 11pt;\">FIMU can offer several concerts during the weekend (duration between 30 and 75 minutes maximum)<\/span><\/li>\n<li><span style=\"font-size: 11pt;\">FIMU provides backline. Light and sound system are managed by professional technicians of the festival.<\/span><\/li>\n<\/ul>\n<p>The call is &#8220;<strong>for amateur musicians or those in the process of becoming professional musicians.&#8221; And\u00a0<a href=\"https:\/\/www.fimu.com\/\" target=\"_blank\" rel=\"noopener\">this is the official website<\/a>.<\/strong><\/p>\n<p><img loading=\"lazy\" decoding=\"async\" class=\"alignright\" src=\"https:\/\/mcusercontent.com\/993c677d53044839b1b39b2dc\/images\/4afe336c-2e0f-789a-50fa-70d0c7e4956f.jpg\" width=\"304\" height=\"304\" align=\"right\" data-file-id=\"6078812\" \/>Julian Catusse, the current director of FIMU, attended WOMEX, and I took the opportunity to ask him a few questions. I\u2019m sharing his answers here. I took the portrait from\u00a0<a href=\"https:\/\/www.linkedin.com\/in\/jcatusse\/\" target=\"_blank\" rel=\"noopener\">his LinkedIn profile<\/a>.\u00a0Neither Julien nor I are native English speakers. I\u2019ve tried to keep it as close as possible to what he explained and how he expresses himself, and I think it\u2019s perfectly understandable.<\/p>\n<p><strong>Araceli Tzigane: Then please explain two things. What has been the change that made that now I know about FIMO and I never knew about this event, when I coming to WOMEX every year since 2011 and I am involved in many other things. So, first, what has been the change for the communication? And why do you think the artist should apply to FIMU or why is it worth it for them to apply?\u00a0<\/strong><\/p>\n<p><strong>Julian Catusse:<\/strong>\u00a0It&#8217;s because I&#8217;m a new director for 2 years of the festival and I found a very interesting festival for professional of the music, for every kind of professions, for media, for promoters, for tour managers\u2026 for everyone. Because we have a unique lineup in all France for sure. Because the main part is a lineup built on a call for application and we received last year, for example, 1,400 applications from 87 countries. So it&#8217;s very huge. And then I asked 60 music professionals from France to select 130 bands. So last year it represented 40 countries, with 130 bands from the international emerging scene. It is selected by lovers of each kind of music. We have a selected jury for jazz music, another one for world music, another one for classical. So each time we have a very accurate selection of people who are famous for their type of music.<\/p>\n<p>So when I took the direction two years ago, I thought I was too bad that the professionals in Europe didn\u2019t know about FIMU, that for two years now I communicate a lot, to businesses and to artists to come to play<br \/>\nWhy should the artists apply? To play in front of a large audience, because at FIMU we welcome from 30 to 40,000 people a day on three days. We have 16 stages, from 200 to 9,000 people. So, each artist, each project is in a good place to extreme their art. If you need more intimacy, we have a stage for that. If you need more space, we have it too.<\/p>\n<p>The artists are applying to FIMU because they want to build a fan base in France, to be known in France. So that&#8217;s why they apply. And now I add the \u201cpro\u201d thing. It&#8217;s just at beginning of it. I won&#8217;t say if you come to play to FIMO you will have some shows booked, because I can&#8217;t promise it. What I can promise is to play in front of a large audience and we do the job to welcome more and more professionals each year. And what I say is the professionals who came to the festival work. So last year there were many programmers who came and booked shows. There was a promoter who booked an artist in their rooster. So the pro who came worked. Each year we get more and more professional because each time it&#8217;s a very unique lineup with emerging scenes from all around the world: 40 countries, 130 bands, all kind of music. And in fact, the artists love to play and, even if the conditions are tough, we know about it, we don&#8217;t are blind, most of the artists who played, apply again to come back, because it&#8217;s a unique experience, to share a festival feeling. Because we work to mix the artists. We have a big artist area where artists can meet from all around the world and play together. And it&#8217;s not really common in a normal tour, where you come, you play, you go. A lot of artists stay one, two, three, four\u2026 days in Belffort to live the festival and to share music with other artists.<\/p>\n<p><strong>AT: And for these artists you cover them the accommodation and the meals?\u00a0<\/strong><\/p>\n<p><strong>JC:\u00a0<\/strong>Yeah. Accommodation, meals, and technical needs, with light engineer, sound engineer, backline music instrument we can provide too. And a part of the cost of the transport: you can have an estimation on our website. We can&#8217;t pay for booking artists.<\/p>\n<p><strong>AT: And for the professionals who attend, do you invite them somehow or do you cover them the accommodation or something?\u00a0<\/strong><\/p>\n<p><strong>JC:\u00a0<\/strong>For the professionals we give them free accreditation, so it&#8217;s not expensive to come to the festival. We take care of transport from the airport and from the train station to the city center. So it&#8217;s easy to come to the festival. We have the Basel Mulhouse Freiburg airport so it&#8217;s easy to come or by TGD by train. They have access to artistic area to make business and to pro area to make business between pro. For now, we don\u2019t afford the accommodation. But for special projects, special events, we can talk. We welcome already so many pros, so it will be difficult to say we pay for pros\u2019 accommodation, but we don&#8217;t pay the artists. So we have to balance, and I think the professionals don&#8217;t need accommodation because they will do business for sure. The fact is not to give the desire to pro to come. It&#8217;s just to show FIMU exists. And once they know about the project of the FIMU, they already want to come. So we try to help with the transport from the airport, which is already not easy. We help but for the rest we can share our contacts and our fees for accommodation, which is cheaper for sure. So we can share it but we can&#8217;t pay for.<\/p>\n<p><strong>AT: And is it easy to find accommodation in Belfort at that time?\u00a0<\/strong><\/p>\n<p><strong>JC:\u00a0<\/strong>Yeah. We have a lot of hotels and if you compare it to other big festivals, it&#8217;s fair enough.<\/p>\n<\/div>\n<hr \/>\n<p>&nbsp;<\/p>\n<h3><span style=\"font-family: open sans, helvetica neue, helvetica, arial, sans-serif;\"><strong>A LITTLE SOMETHING FROM MY THINGS<\/strong><\/span><\/h3>\n<div>\n<p>The first single of\u00a0<em>Bask<\/em>, the new album by Xabi Aburruzaga,\u00a0<em>Beroa amesgai,<\/em> is now launched!\u00a0Beroa amesgai, in Euskera, means &#8220;Dreameable heat&#8221;. The lyrics, by Xabier Paya, include this strophe:<\/p>\n<div style=\"text-align: center;\"><em>If in the north there were<br \/>\nnests from the south<br \/>\nthere the birds<br \/>\nwould live in winter.<br \/>\nAi,\u00a0oi,\u00a0ai<br \/>\nin winter, the birds&#8230;<br \/>\nBut fortune<br \/>\nhas no compass.<\/em><\/div>\n<\/div>\n<p><a class=\"\" title=\"\" href=\"https:\/\/www.youtube.com\/watch?v=9u076LnN-WA\" target=\"\"><img decoding=\"async\" class=\"mcnImage aligncenter\" src=\"https:\/\/mcusercontent.com\/993c677d53044839b1b39b2dc\/video_thumbnails_new\/c0a608a37c90fa43b0c915100b2dff6a.png\" alt=\"\" width=\"528\" \/><\/a><\/p>\n<p>&nbsp;<\/p>\n<hr \/>\n<h3><strong>BRIEF NEWS FROM THE MEDIA, CHARTS AND SISTER PROJECTS <\/strong><span style=\"color: #000000; font-family: open sans, helvetica neue, helvetica, arial, sans-serif;\"><img loading=\"lazy\" decoding=\"async\" class=\"alignright\" src=\"https:\/\/mcusercontent.com\/993c677d53044839b1b39b2dc\/images\/e032fb01-1481-4ae7-a53d-1b163dd4572c.jpg\" width=\"120\" height=\"120\" align=\"right\" data-file-id=\"4734514\" \/><\/span><\/h3>\n<div>\n<hr \/>\n<p>\ud83d\udd38<span style=\"font-family: 'open sans', 'helvetica neue', helvetica, arial, sans-serif;\">#1\u00a0for\u00a0<a href=\"https:\/\/www.transglobalwmc.com\/charts\/october-2025-chart\/\" target=\"_blank\" rel=\"noopener\">Transglobal World Music Chart in October of\u00a02025<\/a>\u00a0is: Cheikh L\u00f4&#8217;s\u00a0<em>Maame\u00a0<\/em>(World Circuit)<\/span><\/p>\n<\/div>\n<div>\n<hr \/>\n<\/div>\n<p>\ud83d\udd38<span style=\"font-family: 'open sans', 'helvetica neue', helvetica, arial, sans-serif;\"><a href=\"https:\/\/mundofonias.com\/\" target=\"_blank\" rel=\"noopener\">Mundofon\u00edas<\/a>: the favourites of October have been\u00a0Radio Tarifa&#8217;s\u00a0<em>La noche<\/em>\u00a0(Buda Musique),\u00a0Anna Sato \u00d7 Toshiyuki Sasaki&#8217;s\u00a0<em>Life goes on<\/em>\u00a0(Primitive Voice) and\u00a0Guillaume Latil &amp; Matheus Donato&#8217;s\u00a0<em>H\u00e9misph\u00e8res\u00a0<\/em>(Matrisse Productions \/ L\u2019Autre Distribution)<br \/>\n<a href=\"https:\/\/mundofonias.com\/wp\/?p=9088\"><img loading=\"lazy\" decoding=\"async\" class=\"aligncenter\" src=\"https:\/\/mcusercontent.com\/993c677d53044839b1b39b2dc\/images\/a673c6a9-0d68-017a-e72f-35d84c700120.jpg\" width=\"560\" height=\"184\" align=\"center\" data-file-id=\"6078711\" \/><\/a><\/span><\/p>\n<div><\/div>\n<div>\n<hr \/>\n<\/div>\n<div><a href=\"https:\/\/www.limur.eu\/limur\/limur-2025-trimestre-3\/\" target=\"_blank\" rel=\"noopener\"><img loading=\"lazy\" decoding=\"async\" class=\"alignright\" src=\"https:\/\/mcusercontent.com\/993c677d53044839b1b39b2dc\/images\/e712fa6e-5370-e152-16c3-d4e12b13bcdc.jpg\" width=\"270\" height=\"270\" align=\"right\" data-file-id=\"6078713\" \/><\/a>\ud83d\udd38<span style=\"font-family: 'open sans', 'helvetica neue', helvetica, arial, sans-serif;\">\u00a0<strong>LIM\u00faR<\/strong>,\u00a0Iberian Roots Music Chart for the third quarter of 2025 has been published by Juan Antonio V\u00e1zquez. This is the top 5:<br \/>\n1. Radio Tarifa \u00b7 La noche \u00b7 Buda Musique<br \/>\n2. Lina &amp; Marco Mezquida \u00b7 O fado \u00b7 Galileo Music Communication<br \/>\n3. Matthieu Saglio &amp; Camille Saglio \u00b7 Al alba \u00b7 ACT Music<br \/>\n4. Rodrigo Le\u00e3o \u00b7 O rapaz da montanha \u00b7 Galileo Music Communication<br \/>\n5. Germ\u00e1n D\u00edaz &amp; Benxam\u00edn Otero \u00b7 Outras trece canci\u00f3ns bonitas \u00b7 Producciones ef\u00edmeras<\/span><\/div>\n<div><\/div>\n<div>Check the complete chart,\u00a0<a href=\"https:\/\/www.limur.eu\/limur\/limur-2025-trimestre-3\/\" target=\"_blank\" rel=\"noopener\">here<\/a>.<\/div>\n<div><\/div>\n<p>&nbsp;<\/p>\n<p>&nbsp;<\/p>\n<hr \/>\n<h3><strong>OPEN CALLS &amp; PROFESSIONAL EVENTS<\/strong><\/h3>\n<p>This section is open for news. It is free of charge. You can let me know if you have any open call\u00a0of relevance to the community.<\/p>\n<p>The following call is\u00a0new in the newsletter:<\/p>\n<h5><strong>\ud83d\udd38 Sicily Music Conference 2026: Call for Artists<\/strong><\/h5>\n<p>The call for proposals for the showcases is open\u00a0<a href=\"https:\/\/docs.google.com\/forms\/d\/e\/1FAIpQLSc0V8zuQg1hVWqOxYRqHrxFXKOF8c_DkDLKrrSXZy4-Pfd3iA\/viewform\" target=\"_blank\" rel=\"noopener\">here<\/a>, until\u00a031 January 2026.\u00a0Artists to be announced in February 2026.\u00a0<a href=\"https:\/\/docs.google.com\/forms\/d\/e\/1FAIpQLSc0V8zuQg1hVWqOxYRqHrxFXKOF8c_DkDLKrrSXZy4-Pfd3iA\/viewform\" target=\"_blank\" rel=\"noopener\">This is the official page<\/a>\u00a0for the call. I will bring some infos here:<\/p>\n<ul>\n<li><span style=\"font-size: 11pt;\">It will take place in Palermo &#8211; Catania, from 13 to 16 of May 2026.<\/span><\/li>\n<li><span style=\"font-size: 11pt;\">It provides access to professionals, to the workshops and all the events of the conference, for the artists and their representatives.<\/span><\/li>\n<li><span style=\"font-size: 11pt;\">Practical needs covered:<\/span>\n<ul>\n<li><span style=\"font-size: 11pt;\">Transportation: transfer from airport or ferry terminal to\/from the hotel\/venue(s)<\/span><\/li>\n<li><span style=\"font-size: 11pt;\">Accommodation: twin rooms for show night(s)<\/span><\/li>\n<li><span style=\"font-size: 11pt;\">Catering on the show day(s) &#8230;Sicilian food and hospitality<\/span><\/li>\n<li><span style=\"font-size: 11pt;\">Support to reach out to export offices or similar organizations with official invitations to apply for funding<\/span><\/li>\n<li><span style=\"font-size: 11pt;\"><strong>Support to connect with additional venues in Italy\u00a0<\/strong>&#8211; I highlight this because some other events like this \u2014showcases\u2014 require artists to maintain exclusivity in the surrounding region for some time before and after. This Sicilian conference, however, aims to support artists in getting more gigs. I don\u2019t know yet if they have any restrictions regarding performances in the area around Palermo, but it\u2019s really nice that they\u2019re thinking about facilitating contacts to help organize other concerts around the showcase trip.<\/span><\/li>\n<\/ul>\n<\/li>\n<\/ul>\n<p><img loading=\"lazy\" decoding=\"async\" class=\"aligncenter\" src=\"https:\/\/mcusercontent.com\/993c677d53044839b1b39b2dc\/images\/81155e72-5a0c-2dcb-f7da-6c713da549bd.jpg\" width=\"560\" height=\"210\" data-file-id=\"6078808\" \/><\/p>\n<p><strong>The following calls were already in the previous edition:<\/strong><\/p>\n<h5><strong>\ud83d\udd38 Open call: Jornadas Profesionales de la M\u00fasica en Extremadura (MUM) (Professional Days of Music in Extremadura)\u00a0<\/strong><\/h5>\n<p><img loading=\"lazy\" decoding=\"async\" src=\"https:\/\/mcusercontent.com\/993c677d53044839b1b39b2dc\/images\/aa361f52-0e54-47a6-8f75-5b97b5b673c0.png\" width=\"180\" height=\"69\" data-file-id=\"6066524\" \/>The call for proposals for the showcases is open\u00a0<a href=\"https:\/\/extremum.agcex.org\/propuestas-artisticas\/\" target=\"_blank\" rel=\"noopener\">here<\/a>, until 17th of November of 2025 at 14h (CET). The 11th edition will take place on 15th-17th of April of 2026 in M\u00e9rida (Badajoz province).<\/p>\n<p>On some occasions, artists from outside Spain and Portugal have been programmed, mainly through collaborations with other similar events. However, the call is open to proposals from all countries. They cover \u20ac200 per musician, plus one technician, to cover costs. To receive payment, it is necessary to provide the required documentation for Social Security registration or its equivalent. They also provide accommodation and dinner on the night of the concert, as well as accreditation, accommodation, and meals for one manager throughout the event.<\/p>\n<p>It doesn\u2019t sound very straightforward for artists coming from outside Spain, and the website is not available in English, but I still wanted to share the announcement.\u00a0To participate as a delegate is a very pleasant experience. The program is very complete but not overwhelming, and there are always very interesting proposals. This year, several flamenco performances stood out for their outstanding quality. Depending on the year, there has been more or less international presence in terms of delegates, and there are always some from Spain who may be of interest. You can check all the official information\u00a0<a href=\"https:\/\/extremum.agcex.org\/propuestas-artisticas\/\" target=\"_blank\" rel=\"noopener\">here<\/a>.<\/p>\n<hr \/>\n<h5><strong>\ud83d\udd38 Open call: Festival International de Musique &#8211; FIMU de Belfort\u00a0<\/strong><\/h5>\n<p><img loading=\"lazy\" decoding=\"async\" class=\"alignright\" src=\"https:\/\/mcusercontent.com\/993c677d53044839b1b39b2dc\/images\/69d64863-464f-e56b-073a-30328b7807fe.png\" width=\"354\" height=\"186\" data-file-id=\"6077222\" \/>This Belfort is in France, very close to Basel.\u00a0What called my attention is that they mention specifically &#8220;world music&#8221; as one of the styles included in the program.<\/p>\n<p>I have no experience at all with this event. Somehow it appeared on my Instagram. It presents the call,\u00a0<a href=\"https:\/\/www.fimu.com\/apply\" target=\"_blank\" rel=\"noopener\">here<\/a>, as\u00a0<strong>for amateur musicians or those in the process of becoming professional musicians.\u00a0<\/strong><\/p>\n<p>The call is open, like for MUM, until 17th of November. But in this case, all the information about the call is in several languages,\u00a0<a href=\"https:\/\/www.fimu.com\/apply\" target=\"_blank\" rel=\"noopener\">here<\/a>. The edition of 2026 will take place from 21st to 24th of May and the results of the call will be published in March. Therefore, there won&#8217;t be time to react and book more concerts of your band around that date if you are selected.<\/p>\n<p>These are the conditions:<\/p>\n<ul>\n<li><span style=\"font-size: 11pt;\">FIMU do not pay artists but partially refund transports fees. The amount of financial participation will be communicate at the end of selections. No advance can be considered. They have a calculator for the aproximate refund. I tried with the example of a 5 members band from Spain and the result was &#8220;between 600 and 720 \u20ac&#8221;.<\/span><\/li>\n<li><span style=\"font-size: 11pt;\">FIMU takes care of the accommodation and catering of the invited artists.<\/span><\/li>\n<li><span style=\"font-size: 11pt;\">FIMU can offer several concerts during the weekend (duration between 30 and 75 minutes maximum)<\/span><\/li>\n<li><span style=\"font-size: 11pt;\">FIMU provides backline. Light and sound system are managed by professional technicians of the festival<\/span><\/li>\n<\/ul>\n<p>I see they have a form for professionals to apply but I don&#8217;t find if there is any program with panels, workshops or speed meetings for the artists.<\/p>\n<p>&nbsp;<\/p>\n<hr \/>\n<p>&nbsp;<\/p>\n<h3><strong>MEET ME AT<\/strong><\/h3>\n<ul>\n<li><strong>1st November<\/strong>. Malzhaus, Plauen, Germany. Folkherbst. Concert by Vig\u00fcela<\/li>\n<li><strong>5th &#8211; 8th November<\/strong>. Tour of Ali Do\u011fan G\u00f6n\u00fclta\u015f in Zagreb, Ljubljana and Sarajevo. In collaboration with\u00a0<a href=\"https:\/\/mostmusic.agency\/\" target=\"_blank\" rel=\"noopener\">MOST Music Agency<\/a>.<\/li>\n<li><strong>14th\u00a0November<\/strong>. Zurich. Folk Club Z\u00fcri. Concert by Vig\u00fcela<\/li>\n<\/ul>\n<p>&nbsp;<\/p>","protected":false},"excerpt":{"rendered":"<p>Summary\u00a0\ud83d\udc47\u00a0 \ud83d\udd38Editorial \u25ab\ufe0fAfter Fira Mediterr\u00e0nia de Manresa, panel about diversity and inclusion and associated reflections \u25ab\ufe0fSo Alive Music Conference \u25ab\ufe0fWOMEX \ud83d\udd38Brief words about\u00a0FIMU\u00a0with\u00a0 its director,\u00a0Julian Catusse \ud83d\udd38A little something from me: Xabi Aburruzaga&#8217;s 1st single from\u00a0Bask \ud83d\udd38Brief news from the media, charts and sister projects \ud83d\udd38Open calls and professional events:\u00a0 Sicily Music Conference, Professional Days [&hellip;]<\/p>\n","protected":false},"author":1,"featured_media":0,"comment_status":"closed","ping_status":"open","sticky":false,"template":"","format":"standard","meta":{"footnotes":""},"categories":[19],"tags":[],"class_list":["post-3881","post","type-post","status-publish","format-standard","hentry","category-newsletter"],"_links":{"self":[{"href":"https:\/\/www.mapamundimusica.com\/en\/wp-json\/wp\/v2\/posts\/3881","targetHints":{"allow":["GET"]}}],"collection":[{"href":"https:\/\/www.mapamundimusica.com\/en\/wp-json\/wp\/v2\/posts"}],"about":[{"href":"https:\/\/www.mapamundimusica.com\/en\/wp-json\/wp\/v2\/types\/post"}],"author":[{"embeddable":true,"href":"https:\/\/www.mapamundimusica.com\/en\/wp-json\/wp\/v2\/users\/1"}],"replies":[{"embeddable":true,"href":"https:\/\/www.mapamundimusica.com\/en\/wp-json\/wp\/v2\/comments?post=3881"}],"version-history":[{"count":2,"href":"https:\/\/www.mapamundimusica.com\/en\/wp-json\/wp\/v2\/posts\/3881\/revisions"}],"predecessor-version":[{"id":3883,"href":"https:\/\/www.mapamundimusica.com\/en\/wp-json\/wp\/v2\/posts\/3881\/revisions\/3883"}],"wp:attachment":[{"href":"https:\/\/www.mapamundimusica.com\/en\/wp-json\/wp\/v2\/media?parent=3881"}],"wp:term":[{"taxonomy":"category","embeddable":true,"href":"https:\/\/www.mapamundimusica.com\/en\/wp-json\/wp\/v2\/categories?post=3881"},{"taxonomy":"post_tag","embeddable":true,"href":"https:\/\/www.mapamundimusica.com\/en\/wp-json\/wp\/v2\/tags?post=3881"}],"curies":[{"name":"wp","href":"https:\/\/api.w.org\/{rel}","templated":true}]}}