{"id":3874,"date":"2025-09-26T23:51:50","date_gmt":"2025-09-26T21:51:50","guid":{"rendered":"https:\/\/www.mapamundimusica.com\/?p=3874"},"modified":"2025-09-29T19:10:53","modified_gmt":"2025-09-29T17:10:53","slug":"september-25-talk-with-jose-luis-espejo-ruben-coll-ultranesia10th-anniversary-of-twmc-new-calls-and-87","status":"publish","type":"post","link":"https:\/\/www.mapamundimusica.com\/en\/newsletter\/september-25-talk-with-jose-luis-espejo-ruben-coll-ultranesia10th-anniversary-of-twmc-new-calls-and-87\/","title":{"rendered":"September 25. Talk with Jos\u00e9 Luis Espejo &#038; Rub\u00e9n Coll (Ultranesia),10th anniversary of TWMC, new calls and + #87"},"content":{"rendered":"<p><span style=\"font-size: 18pt;\"><span style=\"font-family: open sans, helvetica neue, helvetica, arial, sans-serif;\"><strong>Summary\u00a0<\/strong><\/span><\/span><\/p>\n<p><span style=\"font-family: verdana, geneva, sans-serif; font-size: 14pt;\"><span class=\"x19la9d6 x1fc57z9 x6ikm8r x10wlt62 x19co3pv x1g5zs5t xfibh0p xiy17q3 x1xsqp64 x1lkfr7t xexx8yu xyri2b x18d9i69 x1c1uobl\"><span class=\"xrtxmta x1bhl96m\">\ud83d\udd38<\/span><\/span>Editorial<br \/>\n<span style=\"font-size: 12pt;\"><span style=\"font-family: verdana, geneva, sans-serif; font-size: 12pt;\">\u00a0 \u00a0 \u25ab\ufe0f<\/span>After the World Music Festival Bratislava and about what is invisible<\/span><\/span><\/p>\n<p><span style=\"font-family: verdana, geneva, sans-serif; font-size: 14pt;\"><span class=\"x19la9d6 x1fc57z9 x6ikm8r x10wlt62 x19co3pv x1g5zs5t xfibh0p xiy17q3 x1xsqp64 x1lkfr7t xexx8yu xyri2b x18d9i69 x1c1uobl\"><span class=\"xrtxmta x1bhl96m\">\ud83d\udd38<\/span><\/span>Talk with Jos\u00e9 Luis Espejo and Ruben Coll, from Ultranesia<\/span><\/p>\n<p><span style=\"font-family: verdana, geneva, sans-serif; font-size: 14pt;\"><span class=\"x19la9d6 x1fc57z9 x6ikm8r x10wlt62 x19co3pv x1g5zs5t xfibh0p xiy17q3 x1xsqp64 x1lkfr7t xexx8yu xyri2b x18d9i69 x1c1uobl\"><span class=\"xrtxmta x1bhl96m\">\ud83d\udd38<\/span><\/span>Transglobal World Music Chart, two news:\u00a0<\/span><br \/>\n<span style=\"font-family: verdana, geneva, sans-serif; font-size: 12pt;\">\u00a0 \u00a0 \u25ab\ufe0f10th anniversary<\/span><br \/>\n<span style=\"font-family: verdana, geneva, sans-serif; font-size: 12pt;\">\u00a0 \u00a0 \u25ab\ufe0fBest of the 2024 \u2013 2025 season<\/span><\/p>\n<p><span style=\"font-family: verdana, geneva, sans-serif; font-size: 14pt;\"><span class=\"x19la9d6 x1fc57z9 x6ikm8r x10wlt62 x19co3pv x1g5zs5t xfibh0p xiy17q3 x1xsqp64 x1lkfr7t xexx8yu xyri2b x18d9i69 x1c1uobl\"><span class=\"xrtxmta x1bhl96m\">\ud83d\udd38<\/span><\/span>Brief news from the media, charts and sister projects<\/span><\/p>\n<p><span style=\"font-family: verdana, geneva, sans-serif; font-size: 14pt;\"><span class=\"x19la9d6 x1fc57z9 x6ikm8r x10wlt62 x19co3pv x1g5zs5t xfibh0p xiy17q3 x1xsqp64 x1lkfr7t xexx8yu xyri2b x18d9i69 x1c1uobl\"><span class=\"xrtxmta x1bhl96m\">\ud83d\udd38<\/span><\/span>Open calls and professional events: Professional Days of Music in Extremadura, FIMU Belfort<\/span><\/p>\n<div>\n<p><span style=\"font-family: verdana, geneva, sans-serif; font-size: 14pt;\"><span class=\"x19la9d6 x1fc57z9 x6ikm8r x10wlt62 x19co3pv x1g5zs5t xfibh0p xiy17q3 x1xsqp64 x1lkfr7t xexx8yu xyri2b x18d9i69 x1c1uobl\"><span class=\"xrtxmta x1bhl96m\">\ud83d\udd38<\/span><\/span>Meet me at\u00a0\u2708\ufe0f\u00a0 Ali\u00a0Dogan G\u00f6n\u00fclta\u015f&#8217;s tour, Fira Mediterr\u00e0nia de Manresa, SoAlive Music Conference, WOMEX, Mundial Montreal<\/span><\/p>\n<hr \/>\n<\/div>\n<h3 style=\"text-align: center;\"><a class=\"mcnButton \" title=\" \u27a1\ufe0f This is the button for subscription \" href=\"https:\/\/mailchi.mp\/892ba551b707\/mapamundi-general\" target=\"_blank\" rel=\"noopener\">\u27a1\ufe0f This is the link for subscription<\/a><\/h3>\n<p><strong>Hello, <\/strong><strong>how are you?<\/strong><\/p>\n<div>\n<p><img loading=\"lazy\" decoding=\"async\" class=\"alignright\" src=\"https:\/\/mcusercontent.com\/993c677d53044839b1b39b2dc\/images\/e459d46b-2ae3-35ce-6683-05fa37fc6afe.jpeg\" width=\"407\" height=\"543\" data-file-id=\"6077137\" \/>I am well. The picture of this edition was made in Tavira (Algarve, Portugal) by Thanos Stavridis after his concert with Drom at the Mediterranean Diet Fair.\u00a0He specifically told me he would do it and send it to me for my next newsletter. And here it is. Thank you, Thanos.<\/p>\n<p>But my most recent international trip was to the\u00a0<a href=\"https:\/\/www.worldmusicfestival.sk\/en\/home\/\" target=\"_blank\" rel=\"noopener\">World Music Festival Bratislava<\/a>, held from September 19 to 21. I\u2019d like to highlight two things.<\/p>\n<p>First thing.\u00a0<a href=\"https:\/\/www.instagram.com\/jana_ambrozova\/\" target=\"_blank\" rel=\"noopener\">Jana Ambr\u00f3zov\u00e1<\/a>\u00a0gave a talk titled \u201cTradition, Fusion, Hybridity: Contemporary Romani Musical Landscapes in Slovakia.\u201d I enjoyed it from beginning to end. She illustrated her words with video examples, some recorded in the intimate settings of musicians\u2019 families, others publicly available on YouTube as showcases for their services.<\/p>\n<p>Jana pointed out that the current complexity in how musicians adapt to what their clients want makes life harder for academics conducting research. She didn\u2019t say this regretfully, but rather as a reflection of a reality that demands rigorous thought. She explained that in the past you could study the evolution of music in a single village. Now you have to go musician by musician, because each has their own way of responding to the need to secure work and provide for their family. We are talking about professional musicians, with no other profession. Some come from traditional musical families, but she also gave examples of people who deliberately entered this world without any family background. I recorded Jana\u2019s talk in audio \u2014 if you\u2019re interested, let me know and I\u2019ll share it with you.<\/p>\n<p>Today\u2019s interview is closely connected to all this. The two protagonists are also academics as part of their professional lives, at Universidad Carlos III de Madrid (their work as curators is independent from the University). Rub\u00e9n Coll is a part-time instructor at the Communication and Media Studies Department. Jos\u00e9 Luis Espejo teaches Sound Studies for the musical industry in a Master\u2019s program at the University, and since this September he is also a substitute teacher of Informative Radio at the Communication and Media Studies Department. Further down, you\u2019ll see how Rub\u00e9n explains the concept of LIMO in relation to the name they gave to a concert series we discuss in the interview. I believe they too face and embrace the same complexity that Jana spoke about.<\/p>\n<p>The other thing I want to mention about the Bratislava festival is something I discussed with Jarmila, the director, last Monday morning before returning to Spain. She explained how it was the process of selecting the Spanish artist and finding the funding to make the performance possible. From her story, I imagine it\u00a0was like putting together a very difficult puzzle, even having to paint and cut some of the pieces herself. Jarmila was featured here back in December 2019, when her festival had already celebrated 5 editions. The interview is\u00a0<a href=\"https:\/\/www.mapamundimusica.com\/en\/newsletter\/newsletterdecember19\/\" target=\"_blank\" rel=\"noopener\">here<\/a>.\u00a0In 2025, it reached its 10th edition. Jarmila told me that this behind-the-scenes work is invisible. The work of talking to many potential partners to finally create the conditions that make such an event possible goes unseen. And it\u2019s heroic. Making that effort more visible is precisely one of the aims of this newsletter.<\/p>\n<p>In the past few weeks, I\u2019ve organized flights, hotels, trains, ticketing, advertisements&#8230; for Ali Do\u011fan\u2019s tour, which starts on the 1st in Cologne and ends with everyone involved returning home on the 16th.\u00a0All of that is behind the scenes so that they ultimately make it onto the stage. In the meantime, I\u2019ll be on part of the tour, then heading to the Fira Mediterr\u00e0nia in Manresa, and afterwards to Sofia for the SoAlive Music Conference. At times it\u2019s a bit dizzying, but experience is a reassuring calm.<\/p>\n<p>There is a lot of invisible work in the Transglobal World Music Chart too. This October marks its 10th anniversary\u2014almost at the same time as my limited company. After working as an independent professional since 2006, in 2015 I decided to set up the company in order to be able to take part in more activities. I knew it would increase administrative costs and bureaucratic commitments, but it was a necessary step. On September 29th it will be 10 years since the notary entered my registration in his book.<\/p>\n<\/div>\n<div style=\"text-align: center;\"><strong>I hope you find the reading interesting.\u00a0If you enjoyed any part of this newsletter, feel free to share it with someone who might like it too. Thank you in advance.<\/strong><\/div>\n<hr \/>\n<div style=\"text-align: center;\"><strong>Remember: if you have any news of interest for our community, let me know. Thank you very much for your attention.<\/strong><\/div>\n<div style=\"text-align: center;\">Araceli Tzigane | Mapamundi M\u00fasica\u00a0|<strong>\u00a0+34 676\u00a030 28 82\u00a0<\/strong><\/div>\n<hr \/>\n<h3><strong><span style=\"color: #daa520;\">AND NOW THE FLOOR IS FOR:<br \/>\nJOS\u00c9 LUIS ESPEJO &amp; RUBEN COLL, FROM ULTRANESIA (MADRID)<\/span><\/strong><\/h3>\n<div>\n<p><a href=\"https:\/\/www.instagram.com\/_ultranesia_\/\" target=\"_blank\" rel=\"noopener\"><img loading=\"lazy\" decoding=\"async\" class=\"alignright\" src=\"https:\/\/mcusercontent.com\/993c677d53044839b1b39b2dc\/images\/f161f93d-133e-c10a-1021-9a4b6a4f3b9d.png\" width=\"200\" height=\"200\" align=\"right\" data-file-id=\"6077156\" \/><\/a><span style=\"color: #008080;\">I first came across ULTRANESIA\u2019s work in 2022, during the sixth edition of the\u00a0<a style=\"color: #008080;\" href=\"https:\/\/www.museoreinasofia.es\/en\/activity\/archipielago\" target=\"_blank\" rel=\"noopener\">Archipelago festival<\/a>, which they curated at the Reina Sof\u00eda Museum of Contemporary Art in Madrid, my city. You can check out the program\u00a0<a style=\"color: #008080;\" href=\"https:\/\/www.museoreinasofia.es\/actividad\/archipielago-2022\" target=\"_blank\" rel=\"noopener\">here<\/a>.\u00a0I remember with particular pleasure the concert by the Egyptian collective Mazaher, held in the museum\u2019s inner courtyard.<\/span><\/p>\n<p><span style=\"color: #008080;\">In 2023, I was able to attend part of the program again. Check the activities,\u00a0<a style=\"color: #008080;\" href=\"https:\/\/www.museoreinasofia.es\/multimedia\/archipielago-2023\" target=\"_blank\" rel=\"noopener\">here<\/a>.\u00a0That year they brought Tenores di Bitti, and chose a striking setting for their performance: a stairwell, with the singers placed at the bottom and the audience spread out along the steps over several floors. It wasn\u2019t about whimsy or originality for its own sake. Knowing their approach, I\u2019m sure they only made such a decision to create a very specific kind of experience or to take full advantage of that space\u2019s acoustics.<\/span><\/p>\n<p><span style=\"color: #008080;\">Archipelago hasn\u2019t taken place since June 2023. But in 2024, ULTRANESIA came back with\u00a0<a style=\"color: #008080;\" href=\"https:\/\/www.centrocentro.org\/musica\/limo\" target=\"_blank\" rel=\"noopener\">LIMO<\/a>, a cycle hosted at CentroCentro, the cultural center and City Hall headquarters in Madrid\u2019s Plaza de Cibeles, inside the stunning\u00a0<a style=\"color: #008080;\" href=\"https:\/\/es.wikipedia.org\/wiki\/Palacio_de_Cibeles#\/media\/Archivo:Palacio_de_Comunicaciones_-_46.jpg\" target=\"_blank\" rel=\"noopener\">Palacio de Comunicaciones<\/a>. It ran from May 2024 to June 2025, with one concert a month (except July, August, and September). Honestly, that program blew me away. It felt uncompromising, restless, and daring\u2014quite surprising in a city where spaces for such proposals are scarce or even nonexistent, and risk-taking is usually absent. You can see the program\u00a0<a style=\"color: #008080;\" href=\"https:\/\/www.centrocentro.org\/musica\/limo\" target=\"_blank\" rel=\"noopener\">here<\/a>.<\/span><\/p>\n<p><span style=\"color: #008080;\">I truly hope ULTRANESIA will bring back one of these projects or launch something new, with the unique vision that is so much their own. It\u2019s a huge pleasure for me to share their words here. The interview will have more than one installment, since our conversation was long and packed with fascinating content. For now, I encourage you to follow them\u00a0<a style=\"color: #008080;\" href=\"https:\/\/www.instagram.com\/_ultranesia_\/\" target=\"_blank\" rel=\"noopener\">on Instagram<\/a>.<\/span><\/p>\n<div style=\"text-align: center;\"><span style=\"color: #008080;\"><strong>Thank you, Jos\u00e9 Luis and Rub\u00e9n!<\/strong><\/span><\/div>\n<div><\/div>\n<hr \/>\n<div style=\"text-align: center;\"><img decoding=\"async\" src=\"https:\/\/mcusercontent.com\/993c677d53044839b1b39b2dc\/images\/35fbbe68-b049-e8fd-50df-d607d23ad355.png\" width=\"560\" align=\"center\" data-file-id=\"6077149\" \/><\/div>\n<p style=\"text-align: center;\"><span style=\"color: #008080;\">Picture: Archipelago 2023, Reina Sof\u00eda Museum, Madrid.<\/span><\/p>\n<p style=\"text-align: center;\"><span style=\"color: #008080;\"><em>&#8220;We sometimes joke about what curating really means\u2026 mostly endless research, of course, but sometimes it also involves carrying a religious statue of the Virgin of Urkupi\u00f1a\u2014 thanks to a loan by the kind priest from the San Lorenzo church in the neighbourhood of Lavapi\u00e9s \u2014into the Reina Sof\u00eda Museum&#8217;s courtyard. This was because Grupo Folcl\u00f3rico de Sabinosa is only allowed to perform the Virgen de los Reyes dance as an offering. That way, we managed to listen to that amazing rhythmic structure outside the island of El Hierro.&#8221;<\/em><\/span><br \/>\n<span style=\"color: #008080;\">Picture from a video by Javi \u00c1lvarez and Irene de Andr\u00e9s.<\/span><\/p>\n<div>\n<hr \/>\n<p><strong>Araceli Tzigane:\u00a0The first time I heard about you was with Archipelago, which you did from 2017 until 2023, at the Museo Reina Sof\u00eda. And then, LIMO. Before all this, what had you done, what was ULTRANESIA? Or was it born for Archipelago?<\/strong><\/p>\n<p>Rub\u00e9n Coll:\u00a0Archipelago started, indeed, in 2017, but it was a proposal that Jos\u00e9 Luis launched completely on his own. And I, already in 2018, joined the programming, let&#8217;s say, as a guest curator. After that 2018 edition, I ended up staying in the project.<\/p>\n<p><strong>Jos\u00e9 Luis Espejo:\u00a0<\/strong>Yes. In 2017, the Museo Reina Sof\u00eda called me to do the annual music programming. With that first edition I realized what it meant to do something like that and to be responsible, with everything that working in a public cultural institution that is giving you money implies. I didn&#8217;t want to do that alone. So, even though I did all the programming, I did the festival with Rub\u00e9n. As the years went on, I ended up doing all the programming in collaboration with others. Also, because of a question like: &#8220;Well, and why am I the one who&#8217;s here?&#8221;<\/p>\n<p><strong>RC:\u00a0<\/strong>But we didn&#8217;t formalize ULTRANESIA until 2023, precisely with the last edition of Archipelago. At that moment, we didn&#8217;t know what was going to happen with Archipi\u00e9lago, because we were in a kind of institutional limbo.<\/p>\n<p><strong>AT:\u00a0So, ULTRANESIA was born after Archipelago already existed. And what form does it take? Is it a company, an association, or a brand that brings together your activity?<\/strong><\/p>\n<p>RC:\u00a0ULTRANESIA is a way for people who followed Archipelago to continue following us after Archipelago disappears. We created ULTRANESIA to continue developing projects. We had been working together since 2018, indeed, even earlier, with other projects not related to music programming, but related to audio. But it was at that moment, when we had already thought that we were going to have to bring Archipelago to a close or, at least, one line of work we wanted to end and not repeat ourselves. Partly because we also wanted to explore other lines of interest or lines of research.<\/p>\n<p><strong>AT:\u00a0Is it like a brand? A concept?<\/strong><\/p>\n<p>JLE:\u00a0We can call it a collective.<\/p>\n<p><strong>RC:\u00a0<\/strong>It&#8217;s a unit.<\/p>\n<p><strong>JLE:\u00a0<\/strong>In 2021, Ana Longoni and Mabel Tapia secured a three-year contract and a budget for the living arts programme at Museo Reina Sof\u00eda. But then we realized that Manuel Borja-Villel\u2019s directorship was very likely not going to continue. And we knew that the topics we were working on were not easy\u2026 We didn\u2019t know who would be coming in, but it was likely they wouldn\u2019t be interested. New leadership and teams might come in, so in 2021, we planned to close the cycle. This implied a series of things: we decided to produce two videos telling the story of Archipelago (<a href=\"https:\/\/www.museoreinasofia.es\/en\/multimedia\/archipelago-2022\" target=\"_blank\" rel=\"noopener\">2022<\/a>\u00a0&amp;\u00a0<a href=\"https:\/\/www.museoreinasofia.es\/en\/multimedia\/archipielago-2023\" target=\"_blank\" rel=\"noopener\">2023<\/a>), culminating in a publication that the Museo Reina Sof\u00eda was unwilling to publish, and we are still working on it. However, I believe the text&#8217;s theoretical and musicological complexity will prevent us from completing it in our free time.<\/p>\n<p><strong>RC:\u00a0<\/strong>We need time, and we don\u2019t have free time.<\/p>\n<p><strong>JLE:\u00a0<\/strong>Absolutely. Everybody is telling us: \u201cWhy don\u2019t you study for a civil service exam?\u201d (as a way of achieving a kind of stability).\u00a0And we said: \u201cLook, when I\u2019m not working, I\u2019m either sleeping, zombie-like watching films or I\u2019m here in our spare time after the concert.\u201d<\/p>\n<\/div>\n<\/div>\n<div style=\"text-align: center;\"><img loading=\"lazy\" decoding=\"async\" src=\"https:\/\/mcusercontent.com\/993c677d53044839b1b39b2dc\/images\/12995f25-23cb-6f9e-c820-0a6179baef4a.jpeg\" width=\"560\" height=\"420\" align=\"center\" data-file-id=\"6077143\" \/><\/div>\n<div style=\"text-align: center;\"><span style=\"color: #008080;\">Picture: LIMO, CentroCentro Madrid, ULTRANESIA presenting Elshan Ghasimi. Photo by\u00a0Pablo Sanz<\/span><\/div>\n<div><span style=\"color: #ffffff;\">&#8211;<\/span><\/div>\n<p><strong>JLE:\u00a0<\/strong>Regarding ULTRANESIA, it&#8217;s a name we gave ourselves as a collective. It&#8217;s ULTRANESIA, because &#8220;nesia&#8221; is an archipelago in Greek, but it&#8217;s &#8220;ultra&#8221; because &#8220;ultra&#8221; in Latin means &#8220;beyond&#8221; in geographic terms. Like plus ultra. And since we were working on the trade winds, ocean currents, and musical mutations, we liked that, even though the meaning was &#8220;incorrect,&#8221; to keep two words about geography. ULTRANESIA would be something like &#8220;the archipelago beyond the archipelago.&#8221; So far, we&#8217;ve made progress with Archipelago; now comes the rest. It&#8217;s what comes afterwards.<\/p>\n<p>Why do we keep the &#8220;nesia&#8221;? Although the narrative we initiated between 2020 and 2023 concluded with the publication of\u00a0<a href=\"https:\/\/www.museoreinasofia.es\/en\/multimedia\/archipielago-2023\" target=\"_blank\" rel=\"noopener\"><em>El Hierro Will Once Again Be the Centre of the World<\/em><\/a>, our lines of research opened up, both within musical aesthetics and to the geological, climatological, and ideological questions involved in the mutations that make music change. So to speak, our interests were far from being concluded as a field of study. That&#8217;s why we kept that link. All of a sudden, it doesn&#8217;t make sense to start talking about German electronic dance music now. We&#8217;re going to continue with the same topics, more or less. And we&#8217;ve done so in articles for academic journals, in audio essays \u2014 the latest\u00a0<em><a href=\"https:\/\/joseluisespejo.net\/musical-mutations\/\" target=\"_blank\" rel=\"noopener\">Musical Mutations: Radical Materialism and Deep Time<\/a><\/em>\u00a0\u2014, and also with a radio show,\u00a0<em><a href=\"https:\/\/radiorelativa.eu\/resident\/musicas-corrientes\" target=\"_blank\" rel=\"noopener\">M\u00fasicas Corrientes<\/a><\/em>, on the community web radio Radio Relativa, and with LIMO, our latest project, which is a concert series of &#8220;current musics&#8221; (current in the sense of present time but also as a movement of water).<\/p>\n<p><strong>RC:\u00a0<\/strong>Getting back to the concert series, LIMO. LIMO is the term we use in Spanish for silt, which is the mineral sediment that travels suspended in river water. It is thinner than sand but thicker than clay. It was very useful for conceptualizing the concert series we programmed between 2024 and 2025. Like silt, music travels driven by geological, meteorological, and migratory flows. When people move, willingly or not, they carry the music with them to another place. Then, it germinates new concepts, which resemble the previous ones but include new mutations.<\/p>\n<p>So we thought of the red silt of the Nile River, which travels from Uganda, through Tanzania and Kenya, to the Mediterranean Sea. The Nile&#8217;s course through Ancient Egypt covered the banks with red silt. In Egypt, it seems that wheat plantations grew almost on their own. In the mid-20th century, Egyptian leader Gamal Abdel Nasser embarked on a project to electrify his country by building the Aswan Dam. However, an idea that seemed to bring &#8220;modernity&#8221; proved unfortunate. Concrete and electricity halted the sedimentation of silt, paving the way for irrigation and electricity planning, but also eliminating the water&#8217;s fertilizing properties.<\/p>\n<p>That is why LIMO is both a way of talking about music in constant motion, and as part of a flow, and also a way of questioning the relationship between the modern and the traditional. Carme L\u00f3pez, Adri\u00e1n de Alfonso, Tarta Relena, Asm\u00e2a Hamzaoui, Pankisi Ensemble, Garazi Navas or Lukas de Clerck, to name a few of the participating artists at LIMO, are good examples.<\/p>\n<p><strong>AT:\u00a0Earlier, you mentioned an idea that caught my attention, and that characterizes Spain: someone told you, Jos\u00e9 Luis, &#8220;Why don&#8217;t you study for a civil service exam?&#8221;<\/strong><\/p>\n<p>JLE:\u00a0In a conversation about job precariousness in the cultural world, someone asked us why we didn&#8217;t become civil servants.<\/p>\n<p><strong>RC:\u00a0<\/strong>As Thelonius Monk put it: &#8220;<a href=\"https:\/\/www.youtube.com\/watch?v=SmukzeW8Vp8\" target=\"_blank\" rel=\"noopener\">Nice work if you can get it<\/a>&#8221; (laughs)<\/p>\n<p><strong>JLE: I<\/strong>n our situation, there are two recurring questions asked by your friends and colleagues. One, &#8220;Why don&#8217;t you become a civil servant?&#8221; And the other, &#8220;Why don&#8217;t you leave Spain?&#8221; Answering the first question, I&#8217;m working and I don&#8217;t have time to study for a Public Service exam.<\/p>\n<p><strong>RC:\u00a0<\/strong>Even if we always consider our projects a public service (laughs). Regarding the question about leaving the country. If you have a life here \u2014 family, friends, network \u2014 it&#8217;s not easy to uproot yourself.<\/p>\n<p><strong>JLE:\u00a0<\/strong>And then, indeed, you feel a certain loneliness in our context, but you also feel a lot of gratitude from the public. People who are enthusiastic about the music we program here in Madrid.<\/p>\n<p><strong>RC:\u00a0<\/strong>Music by artists that is often neglected by mainstream media, particularly in a city where affordable venues are scarce.<\/p>\n<p><strong>JLE:\u00a0<\/strong>That&#8217;s why we talk about public responsibility. Some of our public may not have time or money to travel abroad to attend a kindred festival to<em>\u00a0Le Guess Who<\/em>? And you&#8217;ll rarely find artistic direction or curators speaking about it. We are glad to work &#8220;for&#8221; an audience that truly values the opportunity to enjoy a quality concert by an artist performing for the first time in Madrid, plus, at an affordable price. Public institutions should have that responsibility, since the mainstream music industry only seeks to benefit a chosen few, without challenging the public&#8217;s expectations.<\/p>\n<p><strong>RC:\u00a0<\/strong>Araceli, have you ever been asked about moving abroad?<\/p>\n<p><strong>AT: I don&#8217;t think anyone has asked me about the Public Services exams, but I have thought about leaving to another country on my own. I&#8217;m in contact with many people abroad, and I compare myself to them, assuming I have the same capacity. However, in my context, it&#8217;s incredibly challenging to achieve something like this. If I sell a concert with one of the artists I work with, it&#8217;s because I&#8217;ve had years of contact with the person that organizes the concert, earning their trust. And if that person is no longer there, I have to gain the trust of the next one who comes. And many times, these people are civil servants. One retires, and the new one who comes in, who knows if they&#8217;re interested in this or not. And it&#8217;s not just that they might not be interested; it&#8217;s that they have their own social circle. And in these things, there&#8217;s a lot of inbreeding. So, I think, for example, that if I were in the Netherlands, for instance, it would probably be much easier for me to do anything than here.<\/strong><\/p>\n<p><strong>JLE:\u00a0<\/strong>We will never know.<\/p>\n<p><strong>RC:<\/strong>\u00a0Indeed, we are truly privileged. We have always done our curatorial work in cultural institutions with people who support us. Archipelago existed because of the support of committed cultural managers like Mela Davila, Ana Longoni and Mabel Tapia and hard workers like Elvira Quesada, Mariona Peraire and Daniel Fortanet. Still, also, truth be told, because it was sponsored by a famous brand of beer. And the concerts are part of its partnership strategy. In the case of LIMO, which takes place at CentroCentro\u2014another public cultural institution run by Madrid City Council\u2014it&#8217;s happening thanks to the efforts of another restless cultural worker: \u00c1ngel Guti\u00e9rrez.<\/p>\n<p><strong>JLE:<\/strong>\u00a0But again, when we are speaking of the context we work in, we are speaking of contemporary art institutions, whose main priorities are the preservation, research, and exhibition of art, accompanied by programmes of seminars and living arts, which, luckily, include music and sound art. But what about contemporary music institutions? They seem very traditional and closed to proposals. Why don\u2019t we even consider sending a proposal to the major classical music auditoriums? Because at that level, we\u2019re no longer talking about social circles or even about artistic inbreeding \u2014 we\u2019re talking about pure elitism. And not even the kind masked as favoritism; it\u2019s openly elitist.<\/p>\n<p>A prominent historian of contemporary music once shared this anecdote: he was asked to curate a program on a famous contemporary composer, and the organizer\u2019s first question was: \u201cAnd which family do you come from?\u201d That says it all.<\/p>\n<p>What&#8217;s worse is that once that man, with his aristocratic mindset \u2014\u00a0stopped programming contemporary music, we also stopped having regular monthly contemporary concerts at some public cultural institutions.<\/p>\n<p>When you work in large cultural institutions, many of them related to monarchy and state politics, it feels like we\u2019re still trapped in a\u00a0<em>Lazarillo de Tormes<\/em>* mindset \u2014 having to flatter the \u201clords\u201d just to be allowed to do our work. Or like in Vel\u00e1zquez\u2019s paintings of court jesters: you\u2019re lucky if you\u2019re near the king, but you\u2019re not really there as an artist \u2014 you\u2019re there as a curiosity. A dwarf, a cripple, a \u201cstrange one.\u201d<\/p>\n<p><strong>RC:\u00a0<\/strong>Someone tolerated, not fully recognized. And that&#8217;s ok with us. We don&#8217;t need to get a VIP invitation for a private dinner after the opening. We want to be fairly paid and continue working, with both artists and the public in mind. But why does someone have to ask you to leave the country?<\/p>\n<p><strong>JLE:\u00a0<\/strong>Because there&#8217;s a social structure where a chosen few, mostly wealthy people, who practically decide who can earn a living with music. And again, we must consider ourselves lucky. We have had the chance to work on music for a while now. Plus, are contemporary art institutions truly committed to championing a sonic contemporary identity? I wonder&#8230;<\/p>\n<p><strong>AT: I think with flamenco it&#8217;s already enough\u2026 (ironic)<\/strong><\/p>\n<p><strong>JLE:\u00a0<\/strong>Exactly. You go to Utrecht, at\u00a0<em>Le Guess Who?<\/em>, and Estrella Morente is there performing with the Amsterdam Andalusian Orchestra. However, can you imagine the Amsterdam Andalusian Orchestra performing here with a local flamenco artist?<\/p>\n<p><strong>RC:<\/strong>\u00a0We never delved into programming flamenco because there are great experts, and we certainly aren&#8217;t among them, even if we love it. There&#8217;s a solid and interesting circuit, but we prefer to explore other, lesser-known musical traditions.<\/p>\n<p><span style=\"font-size: 10pt;\">*<em>\u00a0Lazarillo de Tormes\u00a0<\/em>is a 16th-century Spanish novel considered one of the earliest examples of the picaresque genre. It tells the story of a poor boy, L\u00e1zaro, who survives by serving various masters \u2014 often flattering or tricking them \u2014 in order to get by in a rigidly hierarchical and unjust society.<\/span><\/p>\n<div style=\"text-align: center;\"><img loading=\"lazy\" decoding=\"async\" src=\"https:\/\/mcusercontent.com\/993c677d53044839b1b39b2dc\/images\/aca9008b-26cc-98d1-efa3-85ffb0bd0bcf.png\" width=\"560\" height=\"420\" align=\"center\" data-file-id=\"6077150\" \/><\/div>\n<div style=\"text-align: center;\"><span style=\"color: #008080;\">Picture: Interviewing Kaspar Vanags in Riga, Latvia, as part of the\u00a0mid-casting project in\u00a02017, RRS. Photo by\u00a0Sara Buraya<\/span><\/div>\n<div><span style=\"color: #ffffff;\">&#8211;<\/span><\/div>\n<div><\/div>\n<div><strong style=\"color: #747474; font-family: 'Open Sans', sans-serif; font-size: 14px;\">AT: I don&#8217;t want to settle\u2026 Look, Ali Do\u011fan is going to be at Amare in April, which is like a super institutional venue; he&#8217;s been at the Philharmonie in Hamburg, at Funda\u00e7\u00e3o Gulbenkian in the big hall of a thousand seats in Lisbon. And here, in equivalent institutions\u2026<\/strong><strong style=\"color: #747474; font-family: 'Open Sans', sans-serif; font-size: 14px;\">RC:\u00a0<\/strong><span style=\"color: #747474; font-family: 'Open Sans', sans-serif; font-size: 14px;\">Well, here, be thankful some institutions let you enter into the caf\u00e9 (laughs). I&#8217;m being sarcastic, but it&#8217;s evident that some venues are reluctant to other music genres.<\/span><\/div>\n<div>\n<p><strong>AT: I don&#8217;t want to exclude myself, even though I feel that way. But I don&#8217;t settle. I have proof that this can be done and is being done in other European countries.<\/strong><\/p>\n<p><strong>JLE:<\/strong>\u00a0In 2019, we received funding from the Madrid City Council, which was intended for music festivals. We aimed to achieve a bigger projection for Archipelago, in the vein of other kindred small European festivals. The institution that hosted Archipelago, the Museo Reina Sof\u00eda, could have demonstrated that this is possible by hosting events more regularly, where music serves as more than just entertainment. But it wasn&#8217;t on their agendas.<\/p>\n<p><strong>RC:<\/strong>\u00a0COVID in 2020 didn&#8217;t help either.<br \/>\nIt may be that we are on entirely different lines of thinking. Perhaps we spend too much time analysing the meaning of popular, and indeed, we miss the commercial visibility. However, there are plenty of examples of very sophisticated popular music.<\/p>\n<p><strong>JLE:<\/strong>\u00a0For sure. Film music by famous composers has a great reception. But, for whom are those concerts programmed? Do the organizers put the same care they have on Grigori Sokolov performing Schubert? There are these John Williams, Hans Zimmer and Ennio Morricone programs\u2026<\/p>\n<p><strong>RC:\u00a0<\/strong>To be honest, it&#8217;s a pity that these orchestras always play the same famous Morricone &#8220;greatest hits&#8221;. When there are hundreds of equally appealing compositions that remain unknown to the general public. Plus, don&#8217;t forget that he was part of the Gruppo di Improvvisazione Nuova Consonanza with composers like Franco Evangelisti, Domenico Guaccero, Roland Kayn or Egisto Macchi.<\/p>\n<p><strong>JLE:<\/strong>\u00a0Exactly. They are programming these &#8220;young orchestras&#8221; to perform the works of a great composer like Morricone. However, that timbral richness is missing\u2026 It seems neither the conductors nor the performers understand Morricone, and that richness disappears completely. But okay, it&#8217;s well-orchestrated (laughs).<\/p>\n<p><strong>RC:\u00a0<\/strong>I remember more than 20 years ago listening to this John Zorn album,\u00a0<a href=\"https:\/\/www.youtube.com\/watch?v=m7bIhV-Zckk\" target=\"_blank\" rel=\"noopener\"><em>The Big Gundown<\/em><\/a>\u00a0(1986), where he radically rearranged Morricone&#8217;s compositions. After that, his soundtracks sounded to me in a completely different way. And it was music that you could find anywhere, even in gas stations, on cheap cassettes. Maybe it&#8217;s asking too much, but why don&#8217;t they approach Morricone as the gifted and experimental contemporary composer he was? Why do they programme him along with a cheesy composer like John Williams? For whom are they programming these shows with no care, no heart and no quality?<\/p>\n<p><strong>JLE:<\/strong>\u00a0Those people live apart, detached from the world. For example, they may play some Christopher Nolan soundtrack composed by Hans Zimmer. That&#8217;s great. But why not by Ludwig G\u00f6ransson, the composer of the\u00a0<a href=\"https:\/\/www.youtube.com\/watch?v=aVMkvCTT_yg\" target=\"_blank\" rel=\"noopener\">soundtrack of another Nolan film,\u00a0<em>Tenet<\/em><\/a>? A living soundtrack composer who is much more interesting. And what about other stuff? They could programme a series of Romanian spectral music if they wanted\u2026 I mean, sometimes, it&#8217;s as if they were skipping the last 100 years of music history. Are we truly accepting that there&#8217;s only room for academic music, some famous soundtrack composers and from time to time some flamenco, jazz and pop? And that&#8217;s all? They could program music that no other venue in this city has the technical and acoustic capabilities to host. To me, it seems unfair.<\/p>\n<p><strong>RC:\u00a0<\/strong>Making friends\u2026 (laughs)<\/p>\n<p><strong>JLE:\u00a0<\/strong>It doesn&#8217;t matter. We&#8217;re underdogs\u2026 (laughs)<\/p>\n<p><strong>AT: I feel exactly the same, huh (laughs)<\/strong><\/p>\n<\/div>\n<div style=\"text-align: center;\"><img decoding=\"async\" src=\"https:\/\/mcusercontent.com\/993c677d53044839b1b39b2dc\/images\/57165f5f-b7f6-cf08-ff5e-1dbc805b6884.jpeg\" width=\"560\" align=\"center\" data-file-id=\"6077153\" \/><\/div>\n<div>\n<p style=\"text-align: center;\"><span style=\"color: #008080;\">Picture: Radio Relativa, Madrid. Friday Funday with Alex Cosmos and Beatriz G Aranda. Photo: Radio Relativa<\/span><\/p>\n<p style=\"text-align: center;\"><span style=\"color: #008080; font-size: 18pt;\"><strong>MORE TO COME SOON!<\/strong><\/span><\/p>\n<\/div>\n<hr \/>\n<h3><strong><span style=\"color: #daa520;\">TRANSGLOBAL WORLD MUSIC CHART:<\/span><\/strong><br \/>\n\u25ab\ufe0f<strong><span style=\"color: #daa520;\">10 YEARS OLD<\/span><\/strong><\/h3>\n<div>\n<hr \/>\n<p>For this news I will share the official press release:<\/p>\n<p><strong><span style=\"color: #daa520;\"><img loading=\"lazy\" decoding=\"async\" class=\"alignright\" src=\"https:\/\/mcusercontent.com\/993c677d53044839b1b39b2dc\/images\/c953eff9-2c8a-8b2d-8909-2149826e98ec.png\" width=\"396\" height=\"396\" align=\"right\" data-file-id=\"6077183\" \/><\/span><\/strong><em>&#8220;It was 10 years ago, in 2015, when we launched the Transglobal World Music Chart. This global initiative immediately became a reference in the world music scene, for fans and musicians, and other professionals.<\/em><\/p>\n<p><em>After much reflection and many conversations between the founders and other colleagues, we concluded that an initiative like this was not only possible but necessary to connect, in the most immediate way, artists, creators, professionals, disseminators, and the audience.<\/em><\/p>\n<p><em>One of the main goals of the Transglobal World Music Chart has been to pursue the greatest possible plurality, representativeness, and global inclusiveness. To achieve this, we invited renowned panelists from the five continents and seeking to reflect the music that is bubbling up in every corner of the planet, beyond the predictable circuits. All of this has been done while facilitating and democratizing the submission of musical works, managing everything digitally and entirely free of charge.<\/em><\/p>\n<p><em>After just two years of its journey, in 2017, the TWMC began collaborating in determining the WOMEX Top Label Award. From 2019 onwards, it would become the selection of the 20 Top Labels of the Year, in combination with the veteran World Music Charts Europe.<\/em><\/p>\n<p><em>The Transglobal World Music Chart was born from the idea and commitment of Juan Antonio V\u00e1zquez and Araceli Tzigane (Mundofon\u00edas), and \u00c1ngel Romero (World Music Central). It is a source of pride to see, 10 years after its creation, the strength, and power of an idea born out of absolute independence, nurtured with care, dedication, knowledge, and conviction.<\/em><\/p>\n<p><em>For more information, interviews, or anything else you may need, please contact info@transglobalwmc.com.<\/em><\/p>\n<p><em>Please find below the Best Albums and Labels of the 2024\u20132025 season.<\/em><\/p>\n<p><em>The Transglobal World Music Chart&#8217;s administrators: Juan Antonio V\u00e1zquez, \u00c1ngel Romero, Araceli Tzigane.<\/em><br \/>\n<em><a href=\"http:\/\/www.transglobalwmc.com\/\" target=\"_blank\" rel=\"noopener\">www.transglobalwmc.com &#8220;<\/a><\/em><\/p>\n<hr \/>\n<h3>\u25ab\ufe0f<strong><span style=\"color: #daa520;\">BEST OF THE 2024 \u2013 2025 SEASON<\/span><\/strong><\/h3>\n<p><img loading=\"lazy\" decoding=\"async\" src=\"https:\/\/mcusercontent.com\/993c677d53044839b1b39b2dc\/images\/4d2600fe-73fa-039e-a070-bccff9bcf5df.png\" width=\"250\" height=\"250\" align=\"right\" data-file-id=\"6077215\" \/>I will share the best of each cathegory. You have also the list of the Best 100 albums, <a href=\"https:\/\/www.transglobalwmc.com\/category\/charts\/annual-charts\/\" target=\"_blank\" rel=\"noopener\">here<\/a>.<\/p>\n<p>\u00b7 Best album: Buzz\u2019 Ayaz \u00b7 Buzz\u2019 Ayaz \u00b7 Glitterbeat<br \/>\n\u00b7 Best label: Glitterbeat Records<br \/>\n\u00b7 Best of North Africa &amp; Middle East: Buzz\u2019 Ayaz \u00b7 Buzz\u2019 Ayaz \u00b7 Glitterbeat<br \/>\n\u00b7 Best of Sub-Saharan Africa: Trio Da Kali \u00b7 Bagola \u00b7 One World<br \/>\n\u00b7\u00a0Best of Asia (Central &amp; East) &amp; Pacific: Nusrat Fateh Ali Khan &amp; Party \u00b7 Chain of Light \u00b7 Real World<br \/>\n\u00b7 Best of Europe: Justin Adams &amp; Mauro Durante \u00b7 Sweet Release \u00b7 Ponderosa Music<br \/>\n\u00b7 Best transregional album: Al Andaluz Project \u00b7 The songs of Iman Kandoussi: Traditional Arabic Andalusian \u00b7 Galileo Music Communication<br \/>\n\u00b7 Best of South America: Nidia G\u00f3ngora \u00b7 Pac\u00edfico maravilla \u00b7 Positivo<br \/>\n\u00b7 Best of North &amp; Central America &amp; Caribbean: Jake Blount &amp; Mali Obomsawin \u00b7 Symbiont \u00b7 Smithsonian Folkways Recordings<br \/>\n\u00b7 Best compilation: V.A. \u00b7 Super disco pirata: De Tepito para el mundo 1965-1980 \u00b7 Analog Africa<\/p>\n<\/div>\n<p>&nbsp;<\/p>\n<hr \/>\n<h3><strong><span style=\"color: #daa520;\">BRIEF NEWS FROM THE MEDIA, CHARTS AND SISTER PROJECTS\u00a0<\/span><\/strong><span style=\"color: #000000; font-family: open sans, helvetica neue, helvetica, arial, sans-serif;\"><img loading=\"lazy\" decoding=\"async\" class=\"alignright\" src=\"https:\/\/mcusercontent.com\/993c677d53044839b1b39b2dc\/images\/e032fb01-1481-4ae7-a53d-1b163dd4572c.jpg\" width=\"120\" height=\"120\" align=\"right\" data-file-id=\"4734514\" \/><\/span><\/h3>\n<hr \/>\n<p>\ud83d\udd38<span style=\"font-family: 'open sans', 'helvetica neue', helvetica, arial, sans-serif;\">#1\u00a0for\u00a0<a href=\"https:\/\/www.transglobalwmc.com\/charts\/september-2025-chart\/\" target=\"_blank\" rel=\"noopener\">Transglobal World Music Chart in September of\u00a02025<\/a>\u00a0is: Hawa &amp; Kass\u00e9 Mady Diabat\u00e9&#8217;s\u00a0<em>Toumaro\u00a0<\/em>(One World)<\/span><\/p>\n<div>\n<hr \/>\n<\/div>\n<p>\ud83d\udd38<span style=\"font-family: 'open sans', 'helvetica neue', helvetica, arial, sans-serif;\"><a href=\"https:\/\/mundofonias.com\/\" target=\"_blank\" rel=\"noopener\">Mundofon\u00edas<\/a>: the favourites of September have been\u00a0Minyo Crusaders&#8217;\u00a0<em>Tour of Japan<\/em>,\u00a0Alaa Zouiten&#8217;s\u00a0<em>Aficionado: Flamenco moro<\/em>\u00a0and\u00a0Gennadi Tumat\u2019s Ay Kherel&#8217;s\u00a0<\/span><span style=\"font-family: 'open sans', 'helvetica neue', helvetica, arial, sans-serif;\"><em>Aldyn dashka \/ Golden cup<\/em><\/span><span style=\"color: #000000; font-family: open sans, helvetica neue, helvetica, arial, sans-serif;\"><br \/>\n<a href=\"https:\/\/mundofonias.com\/wp\/?p=8981\" target=\"_blank\" rel=\"noopener\"><img loading=\"lazy\" decoding=\"async\" class=\"aligncenter\" src=\"https:\/\/mcusercontent.com\/993c677d53044839b1b39b2dc\/images\/6c04cfe2-ece9-0b17-4789-04fea9003bf0.jpg\" width=\"673\" height=\"221\" align=\"center\" data-file-id=\"6077213\" \/><\/a><\/span><\/p>\n<div>\n<hr \/>\n<\/div>\n<div style=\"text-align: center;\"><span style=\"color: #ff6600; font-size: 18pt;\"><strong>Do you have a call of interest for our community that you want to share? Let me know asap.<\/strong><\/span><\/div>\n<div><\/div>\n<div>\n<hr \/>\n<\/div>\n<div>\n<h3><strong>OPEN CALLS &amp; PROFESSIONAL EVENTS<\/strong><\/h3>\n<p>This section is open for news. It is free of charge. You can let me know if you have any open call\u00a0of relevance to the community.<\/p>\n<hr \/>\n<p><strong>\ud83d\udd38 Open call: Jornadas Profesionales de la M\u00fasica en Extremadura (MUM) (Professional Days of Music in Extremadura)\u00a0<\/strong><\/p>\n<p><img loading=\"lazy\" decoding=\"async\" class=\"alignright\" src=\"https:\/\/mcusercontent.com\/993c677d53044839b1b39b2dc\/images\/aa361f52-0e54-47a6-8f75-5b97b5b673c0.png\" width=\"206\" height=\"80\" data-file-id=\"6066524\" \/>The call for proposals for the showcases is open\u00a0<a href=\"https:\/\/extremum.agcex.org\/propuestas-artisticas\/\" target=\"_blank\" rel=\"noopener\">here<\/a>, until 17th of November of 2025 at 14h (CET). The 11th edition will take place on 15th-17th of April of 2026 in M\u00e9rida (Badajoz province).<\/p>\n<p>On some occasions, artists from outside Spain and Portugal have been programmed, mainly through collaborations with other similar events. However, the call is open to proposals from all countries. They cover \u20ac200 per musician, plus one technician, to cover costs. To receive payment, it is necessary to provide the required documentation for Social Security registration or its equivalent. They also provide accommodation and dinner on the night of the concert, as well as accreditation, accommodation, and meals for one manager throughout the event.<\/p>\n<p>It doesn\u2019t sound very straightforward for artists coming from outside Spain, and the website is not available in English, but I still wanted to share the announcement.\u00a0To participate as a delegate is a very pleasant experience. The program is very complete but not overwhelming, and there are always very interesting proposals. This year, several flamenco performances stood out for their outstanding quality. Depending on the year, there has been more or less international presence in terms of delegates, and there are always some from Spain who may be of interest. You can check all the official information\u00a0<a href=\"https:\/\/extremum.agcex.org\/propuestas-artisticas\/\" target=\"_blank\" rel=\"noopener\">here<\/a>.<\/p>\n<hr \/>\n<p><strong>\ud83d\udd38 Open call: Festival International de Musique &#8211; FIMU de Belfort\u00a0<\/strong><\/p>\n<p><img loading=\"lazy\" decoding=\"async\" class=\"alignright\" src=\"https:\/\/mcusercontent.com\/993c677d53044839b1b39b2dc\/images\/69d64863-464f-e56b-073a-30328b7807fe.png\" width=\"182\" height=\"96\" data-file-id=\"6077222\" \/>This Belfort is in France, very close to Basel.\u00a0What called my attention is that they mention specifically &#8220;world music&#8221; as one of the styles included in the program.<\/p>\n<p>I have no experience at all with this event. Somehow it appeared on my Instagram. It presents the call,\u00a0<a href=\"https:\/\/www.fimu.com\/apply\" target=\"_blank\" rel=\"noopener\">here<\/a>, as\u00a0<strong>for amateur musicians or those in the process of becoming professional musicians.\u00a0<\/strong><\/p>\n<p>The call is open, like for MUM, until 17th of November. But in this case, all the information about the call is in several languages,\u00a0<a href=\"https:\/\/www.fimu.com\/apply\" target=\"_blank\" rel=\"noopener\">here<\/a>. The edition of 2026 will take place from 21st to 24th of May and the results of the call will be published in March. Therefore, there won&#8217;t be time to react and book more concerts of your band around that date if you are selected.<\/p>\n<p>These are the conditions:<\/p>\n<ul>\n<li><span style=\"font-size: 11pt;\">FIMU do not pay artists but partially refund transports fees. The amount of financial participation will be communicate at the end of selections. No advance can be considered. They have a calculator for the aproximate refund. I tried with the example of a 5 members band from Spain and the result was &#8220;between 600 and 720 \u20ac&#8221;.<\/span><\/li>\n<li><span style=\"font-size: 11pt;\">FIMU takes care of the accommodation and catering of the invited artists.<\/span><\/li>\n<li><span style=\"font-size: 11pt;\">FIMU can offer several concerts during the weekend (duration between 30 and 75 minutes maximum)<\/span><\/li>\n<li><span style=\"font-size: 11pt;\">FIMU provides backline. Light and sound system are managed by professional technicians of the festival-<\/span><\/li>\n<\/ul>\n<div>\n<p>I see they have a form for professionals to apply but I don&#8217;t find if there is any program with panels, workshops or speed meetings for the artists.<\/p>\n<hr \/>\n<p><strong>\ud83d\udd38 Reminder: European Folk Network Annual Conference<\/strong><\/p>\n<p>It will take place during the Fira Mediterr\u00e0nia de Manresa, that is hosting the event for the second time (the first one was in 2022). The full program is available\u00a0<a href=\"https:\/\/www.europeanfolknetwork.com\/conference-2025\" target=\"_blank\" rel=\"noopener\">on the website.<\/a>\u00a0I will happily moderate the conference panel on Diversity and Inclusion on Friday 10 October, with these panelists:<img decoding=\"async\" class=\"aligncenter\" src=\"https:\/\/mcusercontent.com\/993c677d53044839b1b39b2dc\/images\/00ad0142-ccc6-561e-2732-3eaba3587745.png\" width=\"560\" align=\"center\" data-file-id=\"6077225\" \/><\/p>\n<\/div>\n<\/div>\n<div>\n<hr \/>\n<\/div>\n<div>\n<h3><span style=\"color: #daa520;\"><strong>MEET ME AT<\/strong><\/span><\/h3>\n<ul>\n<li><span style=\"font-size: 11pt;\"><strong>1st &#8211; 6th October<\/strong>. I will join\u00a0Ali Do\u011fan G\u00f6n\u00fclta\u015f in the tour of October<\/span><\/li>\n<li><span style=\"font-size: 11pt;\"><strong>9th &#8211; 11th October<\/strong>. Fira Mediterr\u00e0nia de Manresa + Annual Conference of the European Folk Network<\/span><\/li>\n<li><span style=\"font-size: 11pt;\"><strong>13th &#8211; 15th October<\/strong>. Sofia, Bulgaria. For SoAlive Music Conference. It includes the performance by Ali on the opening evening on 14th October.<\/span><\/li>\n<li><span style=\"font-size: 11pt;\"><strong>20th &#8211; 26th October<\/strong>. WOMEX. Tampere, Finland.<\/span><\/li>\n<\/ul>\n<p>In November I have some international dates with Ali and with Vig\u00fcela, I will attend Mundial Montreal and perhaps some more things that I will talk about in the next edition.<\/p>\n<\/div>\n<p>&nbsp;<\/p>","protected":false},"excerpt":{"rendered":"<p>Summary\u00a0 \ud83d\udd38Editorial \u00a0 \u00a0 \u25ab\ufe0fAfter the World Music Festival Bratislava and about what is invisible \ud83d\udd38Talk with Jos\u00e9 Luis Espejo and Ruben Coll, from Ultranesia \ud83d\udd38Transglobal World Music Chart, two news:\u00a0 \u00a0 \u00a0 \u25ab\ufe0f10th anniversary \u00a0 \u00a0 \u25ab\ufe0fBest of the 2024 \u2013 2025 season \ud83d\udd38Brief news from the media, charts and sister projects \ud83d\udd38Open calls [&hellip;]<\/p>\n","protected":false},"author":1,"featured_media":0,"comment_status":"closed","ping_status":"open","sticky":false,"template":"","format":"standard","meta":{"footnotes":""},"categories":[19],"tags":[],"class_list":["post-3874","post","type-post","status-publish","format-standard","hentry","category-newsletter"],"_links":{"self":[{"href":"https:\/\/www.mapamundimusica.com\/en\/wp-json\/wp\/v2\/posts\/3874","targetHints":{"allow":["GET"]}}],"collection":[{"href":"https:\/\/www.mapamundimusica.com\/en\/wp-json\/wp\/v2\/posts"}],"about":[{"href":"https:\/\/www.mapamundimusica.com\/en\/wp-json\/wp\/v2\/types\/post"}],"author":[{"embeddable":true,"href":"https:\/\/www.mapamundimusica.com\/en\/wp-json\/wp\/v2\/users\/1"}],"replies":[{"embeddable":true,"href":"https:\/\/www.mapamundimusica.com\/en\/wp-json\/wp\/v2\/comments?post=3874"}],"version-history":[{"count":5,"href":"https:\/\/www.mapamundimusica.com\/en\/wp-json\/wp\/v2\/posts\/3874\/revisions"}],"predecessor-version":[{"id":3879,"href":"https:\/\/www.mapamundimusica.com\/en\/wp-json\/wp\/v2\/posts\/3874\/revisions\/3879"}],"wp:attachment":[{"href":"https:\/\/www.mapamundimusica.com\/en\/wp-json\/wp\/v2\/media?parent=3874"}],"wp:term":[{"taxonomy":"category","embeddable":true,"href":"https:\/\/www.mapamundimusica.com\/en\/wp-json\/wp\/v2\/categories?post=3874"},{"taxonomy":"post_tag","embeddable":true,"href":"https:\/\/www.mapamundimusica.com\/en\/wp-json\/wp\/v2\/tags?post=3874"}],"curies":[{"name":"wp","href":"https:\/\/api.w.org\/{rel}","templated":true}]}}