{"id":3851,"date":"2025-08-30T22:47:00","date_gmt":"2025-08-30T20:47:00","guid":{"rendered":"https:\/\/www.mapamundimusica.com\/?p=3851"},"modified":"2025-08-30T23:15:42","modified_gmt":"2025-08-30T21:15:42","slug":"august-25-talk-with-gigi-di-luca-about-festival-ethnos-efn-annual-conference-new-calls-and-86","status":"publish","type":"post","link":"https:\/\/www.mapamundimusica.com\/en\/newsletter\/august-25-talk-with-gigi-di-luca-about-festival-ethnos-efn-annual-conference-new-calls-and-86\/","title":{"rendered":"August 25. Talk with Gigi di Luca about Festival Ethnos, EFN annual conference, new calls and + #86"},"content":{"rendered":"<p><\/p>\n<h2><span style=\"font-family: open sans, helvetica neue, helvetica, arial, sans-serif;\"><strong>Summary\u00a0\ud83d\udc47<\/strong><\/span><span style=\"color: #ffffff; font-family: open sans, helvetica neue, helvetica, arial, sans-serif;\">\u00a0<\/span><\/h2>\n<p><span style=\"font-family: 'merriweather sans', 'helvetica neue', helvetica, arial, sans-serif; font-size: 12pt;\"><span class=\"x19la9d6 x1fc57z9 x6ikm8r x10wlt62 x19co3pv x1g5zs5t xfibh0p xiy17q3 x1xsqp64 x1lkfr7t xexx8yu xyri2b x18d9i69 x1c1uobl\"><span class=\"xrtxmta x1bhl96m\">\ud83d\udd38<\/span><\/span>Editorial<br \/>\n<span style=\"font-size: 10pt;\">After Urkult and Jeonju Sori Festival and the meaning of art<\/span><\/span><\/p>\n<p><span style=\"font-size: 12pt;\"><span style=\"font-family: 'merriweather sans', 'helvetica neue', helvetica, arial, sans-serif;\"><span class=\"x19la9d6 x1fc57z9 x6ikm8r x10wlt62 x19co3pv x1g5zs5t xfibh0p xiy17q3 x1xsqp64 x1lkfr7t xexx8yu xyri2b x18d9i69 x1c1uobl\"><span class=\"xrtxmta x1bhl96m\">\ud83d\udd38<\/span><\/span>Talk with\u00a0<\/span><span style=\"font-family: merriweather sans, helvetica neue, helvetica, arial, sans-serif;\">Gigi di Luca<\/span><span style=\"font-family: 'merriweather sans', 'helvetica neue', helvetica, arial, sans-serif;\">, from Festival\u00a0<\/span><span style=\"font-family: merriweather sans, helvetica neue, helvetica, arial, sans-serif;\">Ethnos<\/span><\/span><\/p>\n<p><span style=\"font-size: 12pt;\"><span class=\"x19la9d6 x1fc57z9 x6ikm8r x10wlt62 x19co3pv x1g5zs5t xfibh0p xiy17q3 x1xsqp64 x1lkfr7t xexx8yu xyri2b x18d9i69 x1c1uobl\"><span class=\"xrtxmta x1bhl96m\">\ud83d\udd38<\/span><\/span>Brief news from the media, charts and sister projects<\/span><\/p>\n<p><span style=\"font-family: 'merriweather sans', 'helvetica neue', helvetica, arial, sans-serif; font-size: 12pt;\"><span class=\"x19la9d6 x1fc57z9 x6ikm8r x10wlt62 x19co3pv x1g5zs5t xfibh0p xiy17q3 x1xsqp64 x1lkfr7t xexx8yu xyri2b x18d9i69 x1c1uobl\"><span class=\"xrtxmta x1bhl96m\">\ud83d\udd38<\/span><\/span>A little something from my side: Xabi Aburruzaga&#8217;s new album coming soon!<\/span><\/p>\n<p><span style=\"font-size: 12pt;\"><span class=\"x19la9d6 x1fc57z9 x6ikm8r x10wlt62 x19co3pv x1g5zs5t xfibh0p xiy17q3 x1xsqp64 x1lkfr7t xexx8yu xyri2b x18d9i69 x1c1uobl\"><span class=\"xrtxmta x1bhl96m\">\ud83d\udd38<\/span><\/span>Open calls and professional events: Annual Conference of the European Folk Network announced the program; Noura Mint Seymali Will Receive the WOMEX 25 Artist Award; Visa for Music 2025 &#8211; Professional Accreditations &amp; ExpoStand Booths Now Open<\/span><\/p>\n<p><span style=\"font-size: 12pt;\"><span class=\"x19la9d6 x1fc57z9 x6ikm8r x10wlt62 x19co3pv x1g5zs5t xfibh0p xiy17q3 x1xsqp64 x1lkfr7t xexx8yu xyri2b x18d9i69 x1c1uobl\"><span class=\"xrtxmta x1bhl96m\">\ud83d\udd38<\/span><\/span>Meet me at\u00a0\u2708\ufe0f\u00a0 World Music Festival Bratislava and more<\/span><\/p>\n<hr \/>\n<div style=\"text-align: center;\"><strong><span style=\"font-size: 18pt;\"><a class=\"mcnButton \" title=\" \u27a1\ufe0f This is the button for subscription \" href=\"https:\/\/mailchi.mp\/892ba551b707\/mapamundi-general\" target=\"_blank\" rel=\"noopener\">\u27a1\ufe0f This is the link for subscription<\/a><\/span><\/strong><\/div>\n<div>\n<hr \/>\n<\/div>\n<div>\n<p><b>Hello, how are you? I hope well!<\/b><\/p>\n<p>I am well and exhausted and full of recent memories and great expectation for the new season. Since the last newsletter I travelled with Vig\u00fcela to Urkult in Sweden and to Sori Festival in Jeonju in South Korea. In the picture, I am with Juan Antonio Torres and with the other two men who I talked about in the previous newsletter: Antonio Mir\u00f3n and Eduardo G\u00f3mez-Olmedo. It was the last night there and the relaxed one, as we had already made a workshop and a concert the days before. Two days earlier, we had the chance to attend the thrilling opening show.<\/p>\n<\/div>\n<div><img loading=\"lazy\" decoding=\"async\" class=\"aligncenter\" src=\"https:\/\/mcusercontent.com\/993c677d53044839b1b39b2dc\/images\/43cc1362-50ee-a865-1e68-7f408509dbfe.jpeg\" width=\"649\" height=\"365\" align=\"\" data-file-id=\"6075854\" \/><\/div>\n<div>\n<p>This year, the opening show was a production by the National Changgeuk Company\u00a0&#8216;\uc2ec\uccad of Pansori theater &#8220;Shim Cheong&#8221;, written and directed by Yona Kim.\u00a0Pansori is a traditional Korean form of musical storytelling in which a singer narrates long epic tales with drum accompaniment and powerful vocal expression.\u00a0In this production, however, it was conceived as if it were an opera, with more complex staging, countless artists on stage, and dozens of musicians. It was marvelous\u2014beautiful, dark, heartbreaking. When it ended, my legs were trembling. I imagined the immense amount of work, the countless hours of people\u2019s lives, and so much concentrated talent coming together to create that magic. It seemed to me an example that encapsulated the best of humanity.A couple of weeks before we were in Urkult, Sweden. A festival in the middle of the forest that gathers thousands of festival-goes and hundreds of artists. Totally different challenges and still so meaningful.\u00a0That is what art is. Its usefulness is abstract. Its impact, unquestionable and unforgettable.<\/p>\n<p>In the previous edition I announced an interview with Ultranesia. It will have to be in the next edition. I haven\u2019t been able to edit it in time to make it into this August issue. So I\u2019m announcing it again, hoping the hype will grow even more. I believe the ideas they share open up very important reflections.<\/p>\n<p>Another example of the best of humanity is what we are going to talk about further below with Gigi di Luca: the Ethnos Festival, in Campania, the region around Naples. This year it celebrates its thirtieth edition, which begins on September 6.<\/p>\n<p><strong>If you enjoyed any part of this newsletter, feel free to share it with someone who might like it too. Thank you in advance.<\/strong><\/p>\n<\/div>\n<hr \/>\n<div style=\"text-align: center;\"><strong>Remember: if you have any news of interest for our community, let me know. Thank you very much for your attention.<\/strong><\/div>\n<div style=\"text-align: center;\"><strong>Araceli Tzigane | Mapamundi M\u00fasica\u00a0|\u00a0+34 676\u00a030 28 82\u00a0<\/strong><\/div>\n<hr \/>\n<h3><strong><span style=\"color: #daa520;\">AND NOW THE FLOOR IS FOR:<br \/>\nGIGI DI LUCA<\/span><\/strong><strong><span style=\"color: #daa520;\">, FOUNDER AND DIRECTOR OF FESTIVAL ETHNOS IN CAMPANIA (ITALY)<\/span><\/strong><\/h3>\n<div>\n<p><img loading=\"lazy\" decoding=\"async\" class=\"alignright\" src=\"https:\/\/mcusercontent.com\/993c677d53044839b1b39b2dc\/images\/9737d893-8d14-b2c3-1511-61e4bc31d29c.jpg\" width=\"259\" height=\"153\" data-file-id=\"6075857\" \/><span style=\"color: #008080;\">I had the chance to learn about the history of Ethnos and the vision of Gigi di Luca during his presentation at Napoli World in 2022. I talked about it briefly in\u00a0<a style=\"color: #008080;\" href=\"https:\/\/www.mapamundimusica.com\/en\/newsletter\/15-years-of-mm-interview-with-daryana-antipova-news-calls-54\/\" target=\"_blank\" rel=\"noopener\">this previous edition<\/a>. He explained some situations in which the festival has responded to complicated events that have taken place in and around the Naples community.<\/span><\/p>\n<div style=\"text-align: center;\"><span style=\"color: #008080;\"><strong>~ Check the program of the 2025 edition,\u00a0<\/strong><strong><a style=\"color: #008080;\" href=\"https:\/\/www.festivalethnos.it\/\" target=\"_blank\" rel=\"noopener\">here<\/a>. ~<\/strong><\/span><\/div>\n<p><span style=\"color: #008080;\">He mentioned, for example, the two occasions when Miriam Makeba performed at the festival, as a statement specifically against racism. And that the second time, she ended the concert early because she felt unwell and shortly afterwards died in Castel Volturno, a town 30 minutes from Naples. Gigi recalled how, ten years later, at the tribute concert to Nelson Mandela and Miriam Makeba, a dove remained on stage throughout the concert, suggesting that the soul of the South African artist was accompanying them on that occasion.<\/span><\/p>\n<p><span style=\"color: #008080;\">Now, just a few days before the beginning of the 30th edition, Gigi shares some thrilling insights about Ethnos.<\/span><\/p>\n<div style=\"text-align: center;\"><span style=\"color: #008080;\"><strong>Thank you, Gigi, and happy 30th anniversary of Ethnos!!!<\/strong><\/span><\/div>\n<div><\/div>\n<hr \/>\n<p><img loading=\"lazy\" decoding=\"async\" class=\"alignright\" src=\"https:\/\/mcusercontent.com\/993c677d53044839b1b39b2dc\/images\/5e92d171-2b02-c8c3-2ab4-abd7be241f26.jpg\" width=\"280\" height=\"280\" align=\"right\" data-file-id=\"6075851\" \/><strong><span style=\"color: #993300;\">AT:\u00a0The festival was born in 1995, which means it is already 30 years old. Congratulations. Please tell me why you started it and what aspects came together at that moment that made it possible to begin this initiative.<\/span><br \/>\n<br data-end=\"372\" data-start=\"369\" \/>GDL:<\/strong>\u00a0Ethnos was born right from the beginning with a precise vision, that of recovering the memory of Vesuvian popular culture and making it meet with the traditions and music of the world. In 1995 the folk revival in Italy was already surpassed and forgotten, and Africa was seen only in a negative light for migratory flows, as was the case with other immigrants arriving from Albania, Romania, North Africa. Thinking of a contemporary festival that would bring world music to historical places in the cities at the foot of Vesuvius to create cross-pollination, beauty, and raise awareness towards the knowledge of the other was for me necessary and today I can say it was successful after 30 years of achievements.<\/p>\n<p data-end=\"1935\" data-start=\"1091\"><strong><span style=\"color: #993300;\">AT:\u00a0I understand that your festival has a discourse towards the world, which you illustrate through the programming. How do you choose the artists for each edition?<\/span><br \/>\n<br data-end=\"1254\" data-start=\"1251\" \/>GDL:<\/strong>\u00a0The festival takes place in an itinerant form in marvelous cultural sites of different cities ranging from Naples to the entire Vesuvian coast. The selection of the artists therefore responds to the need to create a relationship between the music and the space. It is important to offer the audience an experience that passes through emotions and perceptions, like an act of deepening life and not as mere entertainment. I dedicate a lot of time to creating a program that meets all these requirements and that above all I like, that gives me emotions, that transfers to me a richness in listening, in sight and in the mind, as well as infusing positive vibrations into the soul.<\/p>\n<p style=\"text-align: center;\" data-end=\"1935\" data-start=\"1091\"><span style=\"color: #008080;\"><strong>This is the program of this year&#8217;s edition. Below, the conversation continues:<\/strong><\/span><\/p>\n<p data-end=\"2813\" data-start=\"1940\"><strong><img loading=\"lazy\" decoding=\"async\" class=\"aligncenter\" src=\"https:\/\/mcusercontent.com\/993c677d53044839b1b39b2dc\/images\/ee4be76d-80d1-6aa3-d112-0f00b66341c4.jpeg\" width=\"560\" height=\"800\" align=\"center\" data-file-id=\"6075853\" \/><\/strong><\/p>\n<\/div>\n<p>&nbsp;<\/p>\n<p><span style=\"color: #993300;\"><strong>AT:\u00a0Do you have other activities apart from the concerts?<\/strong><\/span><br \/>\n<br data-end=\"1996\" data-start=\"1993\" \/><strong>GDL:<\/strong>\u00a0Yes, the festival with a multidisciplinary program develops naturalistic itineraries, guided tours in the cultural heritage sites that host Ethnos, and in the historic centers of the partner cities. Furthermore, workshops, conferences, thematic panels, exhibitions. A separate section is dedicated to emerging music with a contest called Ethnos Gener\/Azioni and one for schools, named Ethnos for Schools, which continues for several months and brings young people closer to the music of other cultures. I want to recall that the territory where Ethnos takes place, that of Naples and the Vesuvian area, is rich in history, archaeological parks, and natural beauties, a peculiarity and I would say a privilege of the festival, but it is also a duty to valorize them and make them known to the widest possible public.<\/p>\n<p data-end=\"5121\" data-start=\"2818\"><span style=\"color: #993300;\"><strong>AT:\u00a0What difficulties do you face that are particular to the land where you are making the festival? I believe your region has a special scourge, which is the mafia. If you want to comment on this, it could be interesting. On other occasions when I have attended your public lectures, you have given some hints. How do you deal with it?<\/strong><\/span><br \/>\n<br data-end=\"3153\" data-start=\"3150\" \/><strong>GDL:<\/strong>\u00a0The difficulties are linked only to the uncertainty of public funding, to the technical timing with which the funds are assigned. Even though the commitment of the Campania Region has guaranteed with financial resources throughout these years an important continuity and stability. To the Region is added the Ministry of Culture, which supports Ethnos as a Historic Festival, and the partner municipalities. Criminality has never interfered or created any problem. It is not a business sector they look at and moreover, the situation has greatly improved thanks to the work of law enforcement.<\/p>\n<p data-end=\"5121\" data-start=\"2818\"><br data-end=\"3749\" data-start=\"3746\" \/><span style=\"color: #993300;\"><strong>AT:\u00a0In a previous edition I explained the very moving anecdote you had with Miriam Makeba. It is\u00a0<a style=\"color: #993300;\" href=\"https:\/\/www.mapamundimusica.com\/en\/newsletter\/15-years-of-mm-interview-with-daryana-antipova-news-calls-54\/\" target=\"_blank\" rel=\"noopener\">here<\/a>.\u00a0Would you highlight any other moment? One in which you noticed how that discourse you want to send to the world was especially strengthened, perhaps?<\/strong><\/span><\/p>\n<p data-end=\"5121\" data-start=\"2818\"><strong>GDL:<\/strong>\u00a0Ethnos has a poetic and political vision. Music has the task of narrating, denouncing, opposing. And behind the artists there are stories, painful and beautiful at the same time, there is humanity. It is natural that we are aligned for peace and against war and at the side of artists who have made of their art a resistance in life. Along this line there are many episodes to remember, such as the embrace of the Neapolitan people to Mercedes Sosa with the audience arriving at the concert with Argentine flags. Grandchildren, great-grandchildren of generations of emigrants to Buenos Aires.<br \/>\nOr the inspections during the sound check of Cheikka Remitti, threatened by Islamic fundamentalists.<br \/>\nOr the enchantment of Sakamoto who in silent meditation observes the Spanish quarters of Naples.<br \/>\nThere would be many to recall, but above all the courageous artistic choices of the festival that no longer looks at the big names, but that has created a relationship of trust with its audience, has created a community.<\/p>\n<p data-end=\"6101\" data-start=\"5126\"><strong><span style=\"color: #993300;\">AT:\u00a0Another important aspect of your festival are the locations. What is special about them and what are the criteria for choosing them? Does this festival have any permanent place in these locations?<\/span><br \/>\n<br data-end=\"5325\" data-start=\"5322\" \/>GDL:<\/strong>\u00a0I always tell my international colleagues how difficult but exciting it is to organize an itinerant festival that unfolds in 8 cities, in places so beautiful and important. Spaces from 200 to 1000 people that deserve respect above all: The Vesuvian Villas of the 1700s, The Bourbon Palace of Portici, The Archaeological excavations, the Museums, the Churches, the Trails of the Vesuvius National Park. Once I organized the concert of Kamilya Joubran at the historic cemetery of Fontanelle in Naples, a marvelous mystical experience. They are places that evoke, that live of imaginations, and in these places I, with the eye of a theatre director that I have, create the contrast with contemporaneity, make music be born from the spaces more than containing it in the spaces.<\/p>\n<p style=\"text-align: center;\" data-end=\"6101\" data-start=\"5126\"><span style=\"color: #008080;\"><strong>I was thinking how may it be to attend a concert in one of thouse Vesuvian Villas. Perhaps with this picture you can have an idea. Picture: Di\u00a0<a class=\"external text\" style=\"color: #008080;\" href=\"https:\/\/www.flickr.com\/photos\/10083926@N04\/\" rel=\"nofollow\">Angelo<\/a>\u00a0&#8211;\u00a0<a class=\"external text\" style=\"color: #008080;\" href=\"https:\/\/www.flickr.com\/photos\/10083926@N04\/1302490695\/in\/photolist-5npBnZ-2Z7AQC-5DebQR-2Z6B78-2Z6c88-2Zmj47-5nMsCH-2ZdV9n-5nFLqJ-4r6MXd-2ZaMYJ-4Q69vY-2ZdTyv-2ZcGX1-5CdEMQ-5CpNLh-5PG3ug-2Zea9p-2ZiHN9-4r8JDc\" rel=\"nofollow\">Villa Campolieto<\/a>,\u00a0<a style=\"color: #008080;\" title=\"Creative Commons Zero, Public Domain Dedication\" href=\"http:\/\/creativecommons.org\/publicdomain\/zero\/1.0\/deed.en\">CC0<\/a>,\u00a0<a style=\"color: #008080;\" href=\"https:\/\/commons.wikimedia.org\/w\/index.php?curid=73909073\">Collegamento<\/a><\/strong><\/span><\/p>\n<p><strong><img decoding=\"async\" class=\"aligncenter\" src=\"https:\/\/mcusercontent.com\/993c677d53044839b1b39b2dc\/images\/4d0288a4-59a4-e755-9424-40f21cef2421.jpg\" width=\"560\" align=\"center\" data-file-id=\"6075861\" \/><\/strong><\/p>\n<p><span style=\"color: #993300;\"><strong>AT:\u00a0Ethnos prioritizes one single concert per night in historical places that are unconventional for festivals. What challenges and opportunities does this choice imply in logistical and creative terms?<\/strong><\/span><br \/>\n<br data-end=\"6307\" data-start=\"6304\" \/><strong>GDL:<\/strong>\u00a0It is complex and important to offer the audience a program that is mainly of deepening, of cultural knowledge. The audience that Ethnos has formed is cultivated, curious and the programming is free, not conditioned by business factors. The audience comes to the festival for the festival, for its proposal. They follow the stages in all the cities. For me it is a great satisfaction and pride the total trust that I have from them. But I also know that the choice of the artist who performs every night must necessarily be of a high level. The proposals I make are almost all in national exclusivity, the artists arrive in Naples for Ethnos and leave. There is a great work behind the programming and the realization of every single concert.<\/p>\n<p><span style=\"color: #993300;\"><strong>AT:\u00a0Italy is a land with very diverse and I think very strong musical traditions. How important is it for you to include local expressions along with international proposals?<\/strong><\/span><br \/>\n<br data-end=\"7229\" data-start=\"7226\" \/><strong>GDL:<\/strong>\u00a0It is important to give space to young people and to projects that year after year are being formed. For this reason I wanted to create the contest Ethnos Gener\/Azioni, which receives about 150 applications every year from artists who want to play at the Festival. To the winner, after a careful selection by a jury of experts, the opportunity is given to hold concerts in other festivals and for the following year also at Ethnos. The local, regional, and Southern Italian scene I instead place within a section called Le Terre del Rimorso, which however is not held every year, and which is an observatory on popular culture and on its present and future.<\/p>\n<p data-end=\"8581\" data-start=\"7893\"><span style=\"color: #993300;\"><strong>AT:\u00a0If you could make one wish regarding the festival, whatever it may be, what would you ask for?<\/strong><\/span><br \/>\n<br data-end=\"7990\" data-start=\"7987\" \/><strong>GDL:<\/strong>\u00a0That of giving the festival much more life. We have reached the thirtieth anniversary and it is a historic milestone, an achievement in a territory where everything changes quickly from administrations to fashions to language to communication. The history of the festival and of what it has been able to build can be enclosed in 5 themes: Resistance, Diversity, Territory, Community, Generations. I would like to add for the future the theme Research, intended as a return to origins, research of one\u2019s own identity and research of one\u2019s own happiness through the encounter with the other.<\/p>\n<p data-end=\"9353\" data-start=\"8586\"><span style=\"color: #993300;\"><strong>AT:\u00a0For any other idea you want to share with the readers, here is your space.<\/strong><\/span><br \/>\n<br data-end=\"8663\" data-start=\"8660\" \/><strong>GDL:<\/strong>\u00a0One can choose to make commercial or pop music; Ethnos has chosen world music, the music of other worlds where the stories of difficult territories make themselves heard.<br data-end=\"8836\" data-start=\"8833\" \/>One can choose, in the panorama of the so-called world music, to make entertainment, parties, parades. Ethnos has chosen deepening.<br data-end=\"8970\" data-start=\"8967\" \/>One can choose squares for concerts, Ethnos has chosen cultural heritage, historical sites, even sacrificing available seats.<br data-end=\"9098\" data-start=\"9095\" \/>One can change course, follow fashions, Ethnos after 30 years is faithful to itself and proudly claims its projectual and artistic line.<br data-end=\"9237\" data-start=\"9234\" \/>Ethnos is a magnificent journey into an inner world. A sensing more than listening. An observing more than seeing.<\/p>\n<hr \/>\n<h3><strong><span style=\"color: #daa520;\">BRIEF NEWS FROM THE MEDIA, CHARTS AND SISTER PROJECTS\u00a0<\/span><\/strong><span style=\"color: #000000; font-family: open sans, helvetica neue, helvetica, arial, sans-serif;\"><img loading=\"lazy\" decoding=\"async\" class=\"alignright\" src=\"https:\/\/mcusercontent.com\/993c677d53044839b1b39b2dc\/images\/e032fb01-1481-4ae7-a53d-1b163dd4572c.jpg\" width=\"180\" height=\"180\" align=\"right\" data-file-id=\"4734514\" \/><\/span><\/h3>\n<hr \/>\n<p>\ud83d\udd38<span style=\"font-family: 'open sans', 'helvetica neue', helvetica, arial, sans-serif;\">#1\u00a0for\u00a0<a href=\"https:\/\/www.transglobalwmc.com\/charts\/august-2025-chart\/\" target=\"_blank\" rel=\"noopener\">Transglobal World Music Chart in August of\u00a02025<\/a>\u00a0is: Mustafa Said &amp; Asil Ensemble&#8217;s\u00a0<em>Maqam pilgrims\u00a0<\/em>(Mapamundi M\u00fasica). Once again I will say that I am not voting in TWMC since April 2024, when I released an album with Mapamundi M\u00fasica as a label. The quality of Mustafa&#8217;s work, who had already the support of the Aga Khan Music Program (he was winner of the Aga Khan Music Awards 2019) well deserved.\u00a0<\/span><\/p>\n<div>\n<hr \/>\n<\/div>\n<p>\ud83d\udd38<span style=\"font-family: 'open sans', 'helvetica neue', helvetica, arial, sans-serif;\"><a href=\"https:\/\/mundofonias.com\/\" target=\"_blank\" rel=\"noopener\">Mundofon\u00edas<\/a>: in August we made holidays \ud83d\ude42\u00a0<\/span><\/p>\n<div>\n<hr \/>\n<\/div>\n<h3><strong><span style=\"color: #daa520;\">A LITTLE SOMETHING FROM MY SIDE:<br \/>\nXabi Aburruzaga, about to release his new album<\/span><\/strong><\/h3>\n<p><span style=\"font-family: 'open sans', 'helvetica neue', helvetica, arial, sans-serif;\">Xabi Aburruzaga has been pushing himself to the limit for months to produce his new album. It will be the seventh in his career. In May he had to pause this effort for a few days: he was participating in the Universal Expo in Osaka, selected by Acci\u00f3n Cultural Espa\u00f1ola. He and his musicians came back thrilled by the audience\u2019s reception.<\/span><\/p>\n<p>While the album is being finalized, Xabi has shared this beautiful video of a tribute concert to Kepa Junkera, where he performs with the Cobla Sant Jordi and the dance company Kukai Dantza.<\/p>\n<p><a class=\"\" title=\"\" href=\"https:\/\/www.youtube.com\/watch?v=lJkUFMk1X90\" target=\"\"><img decoding=\"async\" class=\"mcnImage aligncenter\" src=\"https:\/\/mcusercontent.com\/993c677d53044839b1b39b2dc\/video_thumbnails_new\/746032dc7268a249fb448bb5e229e20f.png\" alt=\"\" width=\"564\" \/><\/a><\/p>\n<hr \/>\n<p style=\"text-align: center;\"><strong>Do you have a call of interest for our community that you want to share? Let me know asap<\/strong><\/p>\n<h3><strong>OPEN CALLS &amp; PROFESSIONAL EVENTS<\/strong><\/h3>\n<p>This section is open for news. It is free of charge. You can let me know if you have any open call\u00a0of relevance to the community.<\/p>\n<p><img loading=\"lazy\" decoding=\"async\" class=\"alignright\" src=\"https:\/\/mcusercontent.com\/993c677d53044839b1b39b2dc\/images\/69871f18-27ed-21d4-de8e-e81d610b0f29.png\" width=\"130\" height=\"130\" align=\"right\" data-file-id=\"6069637\" \/><\/p>\n<p><strong>\ud83d\udd38 The Annual Conference of the European Folk Network announced the program<\/strong><br \/>\nThe 2025 EFN conference will take place in Manresa, Catalonia, Spain on\u00a0Friday 10 and Saturday 11 October, alongside the Fira Mediterr\u00e0nia de Manresa, combining two days of debate, networking and artistic showcases. Check the details and register,\u00a0<a href=\"https:\/\/www.europeanfolknetwork.com\/conference-2025\" target=\"_blank\" rel=\"noopener\">here<\/a>.\u00a0The EFN Conference 2025 will take place<\/p>\n<p>The programme focuses on topics like diversity and inclusion,\u00a0minority languages and cultures, the Ethno movement, and the Balkan folk scene.<\/p>\n<p>Breakout groups will explore EFN\u2019s future priorities in areas like dance, festivals, education, and equality. The event also includes networking lunches, a reception hosted by local wine producers, and access to Fira Mediterr\u00e0nia\u2019s wide range of music and dance showcases.<\/p>\n<p><strong><img loading=\"lazy\" decoding=\"async\" class=\"alignright\" src=\"https:\/\/mcusercontent.com\/993c677d53044839b1b39b2dc\/images\/7fb4b9df-c6b8-ac82-d2dd-e95103908031.png\" width=\"300\" height=\"185\" align=\"right\" data-file-id=\"6075860\" \/>\ud83d\udd38\u00a0Noura Mint Seymali Will Receive the WOMEX 25 Artist Award<\/strong><br \/>\nI wanted to congratulate the Mauritanian artist Noura Mint Seymali and also Glitterbeat Records, who have already supported her on two albums and will soon release another one with this label.<\/p>\n<p><strong>\ud83d\udd38\u00a0Visa for Music 2025 &#8211; Professional Accreditations &amp; ExpoStand Booths Now Open\u00a0<\/strong><br \/>\nFor more details, check\u00a0<a href=\"https:\/\/docs.google.com\/forms\/d\/e\/1FAIpQLSc-6obT1FfeKr61ro25hn3cV8WjbCLen4bXBuYrOp6Fc12kNQ\/viewform\" target=\"_blank\" rel=\"noopener\">this link<\/a>.<\/p>\n<hr \/>\n<h3><span style=\"color: #daa520;\"><strong>MEET ME AT<\/strong><\/span><\/h3>\n<p>This year I will attend for the 3rd time the\u00a0<a href=\"https:\/\/www.worldmusicfestival.sk\/\" target=\"_blank\" rel=\"noopener\">World Music Festival Bratislava<\/a>. In the link you have the program, which includes a dance workshop (flamenco) and a couple of interesting conferences:\u00a0<em>Tradition, fusion, hybridity: contemporary Romani musical landscapes in Slovakia<\/em>, by Jana Ambr\u00f3zov\u00e1, and\u00a0<em>Innovations in connection with traditional music<\/em>, by Mgr. art. J\u00e1n \u0160icko, ArtD. And two of the\u00a0<a href=\"https:\/\/www.worldmusicfestival.sk\/en\/delegates\/\" target=\"_blank\" rel=\"noopener\">delegates<\/a>\u00a0attending this edition have been protagonists of this newsletter. Click their names to visit those editions:\u00a0<a href=\"https:\/\/www.mapamundimusica.com\/en\/newsletter\/october-23-talk-with-said-chaouch-world-music-oasis-presenting-a-new-program-in-madrid-open-calls-64\/\" target=\"_blank\" rel=\"noopener\">Said Chaouch<\/a>\u00a0and\u00a0<a href=\"https:\/\/www.mapamundimusica.com\/en\/newsletter\/january-24-talk-with-christian-pliefke-many-open-calls-update-from-nabil-canaan-and-still-happy-2024-67\/\" target=\"_blank\" rel=\"noopener\">Christian Pliefke<\/a>.<\/p>\n<div><img decoding=\"async\" class=\"aligncenter\" src=\"https:\/\/mcusercontent.com\/993c677d53044839b1b39b2dc\/images\/2d912805-e46d-6603-082d-237b472ec002.jpg\" width=\"560\" align=\"center\" data-file-id=\"6075862\" \/><\/div>\n<ul>\n<li><span style=\"color: #daa520;\"><strong><img loading=\"lazy\" decoding=\"async\" class=\"alignright\" src=\"https:\/\/mcusercontent.com\/993c677d53044839b1b39b2dc\/images\/7761101f-09e4-250d-9c0e-aab5169ac02f.jpeg\" width=\"340\" height=\"526\" align=\"right\" data-file-id=\"6075856\" \/><\/strong><\/span><strong>5th-6th September<\/strong>. With Thanos Stavridis &amp; Drom in Tavira, Portugal.<\/li>\n<li><strong>19th-21th September<\/strong>. World Music Festival Bratislava, as a delegate.<\/li>\n<li><strong>23th September<\/strong>. Almer\u00eda. Celebration of the European Folk Day by Clasijazz, with a concert by Vig\u00fcela.<\/li>\n<li><strong>1st &#8211; 6th October<\/strong>. I will join\u00a0Ali Do\u011fan G\u00f6n\u00fclta\u015f in this tour\u00a0\u2192<\/li>\n<li><strong>9th &#8211; 11th October<\/strong>. Fira Mediterr\u00e0nia de Manresa + Annual Conference of the European Folk Network<\/li>\n<li><strong>13th &#8211; 15th October<\/strong>. Sofia, Bulgaria. For SoAlive Music Conference. It includes the performance by Ali on the opening evening on 14th October.<\/li>\n<li><strong>20th &#8211; 26th October<\/strong>. WOMEX. Tampere, Finland.<\/li>\n<\/ul>\n<p><span style=\"font-size: 12pt;\">In November I have some international dates with Ali and with Vig\u00fcela, I will attend Mundial Montreal and perhaps some more things that I will talk about in the next edition.<\/span><\/p>\n<p>&nbsp;<\/p>","protected":false},"excerpt":{"rendered":"<p>Summary\u00a0\ud83d\udc47\u00a0 \ud83d\udd38Editorial After Urkult and Jeonju Sori Festival and the meaning of art \ud83d\udd38Talk with\u00a0Gigi di Luca, from Festival\u00a0Ethnos \ud83d\udd38Brief news from the media, charts and sister projects \ud83d\udd38A little something from my side: Xabi Aburruzaga&#8217;s new album coming soon! \ud83d\udd38Open calls and professional events: Annual Conference of the European Folk Network announced the program; [&hellip;]<\/p>\n","protected":false},"author":1,"featured_media":0,"comment_status":"closed","ping_status":"open","sticky":false,"template":"","format":"standard","meta":{"footnotes":""},"categories":[19],"tags":[],"class_list":["post-3851","post","type-post","status-publish","format-standard","hentry","category-newsletter"],"_links":{"self":[{"href":"https:\/\/www.mapamundimusica.com\/en\/wp-json\/wp\/v2\/posts\/3851","targetHints":{"allow":["GET"]}}],"collection":[{"href":"https:\/\/www.mapamundimusica.com\/en\/wp-json\/wp\/v2\/posts"}],"about":[{"href":"https:\/\/www.mapamundimusica.com\/en\/wp-json\/wp\/v2\/types\/post"}],"author":[{"embeddable":true,"href":"https:\/\/www.mapamundimusica.com\/en\/wp-json\/wp\/v2\/users\/1"}],"replies":[{"embeddable":true,"href":"https:\/\/www.mapamundimusica.com\/en\/wp-json\/wp\/v2\/comments?post=3851"}],"version-history":[{"count":5,"href":"https:\/\/www.mapamundimusica.com\/en\/wp-json\/wp\/v2\/posts\/3851\/revisions"}],"predecessor-version":[{"id":3856,"href":"https:\/\/www.mapamundimusica.com\/en\/wp-json\/wp\/v2\/posts\/3851\/revisions\/3856"}],"wp:attachment":[{"href":"https:\/\/www.mapamundimusica.com\/en\/wp-json\/wp\/v2\/media?parent=3851"}],"wp:term":[{"taxonomy":"category","embeddable":true,"href":"https:\/\/www.mapamundimusica.com\/en\/wp-json\/wp\/v2\/categories?post=3851"},{"taxonomy":"post_tag","embeddable":true,"href":"https:\/\/www.mapamundimusica.com\/en\/wp-json\/wp\/v2\/tags?post=3851"}],"curies":[{"name":"wp","href":"https:\/\/api.w.org\/{rel}","templated":true}]}}