{"id":3837,"date":"2025-07-29T14:19:56","date_gmt":"2025-07-29T12:19:56","guid":{"rendered":"https:\/\/www.mapamundimusica.com\/?p=3837"},"modified":"2025-09-25T23:54:27","modified_gmt":"2025-09-25T21:54:27","slug":"july-25-about-elitism-identity-and-belonging-new-calls-and-85","status":"publish","type":"post","link":"https:\/\/www.mapamundimusica.com\/en\/newsletter\/july-25-about-elitism-identity-and-belonging-new-calls-and-85\/","title":{"rendered":"July 25. About elitism, identity and belonging, new calls and + #85"},"content":{"rendered":"<p>&nbsp;<\/p>\n<table style=\"border-collapse: collapse; width: 100%;\">\n<tbody>\n<tr>\n<td style=\"width: 100%;\">\n<h3>Summary\u00a0\ud83d\udc47<\/h3>\n<p><span style=\"font-size: 14pt;\"><span class=\"x19la9d6 x1fc57z9 x6ikm8r x10wlt62 x19co3pv x1g5zs5t xfibh0p xiy17q3 x1xsqp64 x1lkfr7t xexx8yu xyri2b x18d9i69 x1c1uobl\"><span class=\"xrtxmta x1bhl96m\">\ud83d\udd38<\/span><\/span>Editorial<\/span><br \/>\n<span style=\"font-size: 12pt;\">About elitism, about who you are and where you belong<\/span><\/p>\n<p><span style=\"font-size: 14pt;\"><span class=\"x19la9d6 x1fc57z9 x6ikm8r x10wlt62 x19co3pv x1g5zs5t xfibh0p xiy17q3 x1xsqp64 x1lkfr7t xexx8yu xyri2b x18d9i69 x1c1uobl\"><span class=\"xrtxmta x1bhl96m\">\ud83d\udd38<\/span><\/span>Brief news from the media, charts and sister projects<\/span><\/p>\n<p><span style=\"font-size: 14pt;\"><span class=\"x19la9d6 x1fc57z9 x6ikm8r x10wlt62 x19co3pv x1g5zs5t xfibh0p xiy17q3 x1xsqp64 x1lkfr7t xexx8yu xyri2b x18d9i69 x1c1uobl\"><span class=\"xrtxmta x1bhl96m\">\ud83d\udd38<\/span><\/span>A little something from my side : Vig\u00fcela&#8217;s tribute to the 150 anniversary of Manuel de Falla, Falla: voices of a time<\/span><\/p>\n<p><span style=\"font-size: 14pt;\"><span class=\"x19la9d6 x1fc57z9 x6ikm8r x10wlt62 x19co3pv x1g5zs5t xfibh0p xiy17q3 x1xsqp64 x1lkfr7t xexx8yu xyri2b x18d9i69 x1c1uobl\"><span class=\"xrtxmta x1bhl96m\">\ud83d\udd38<\/span><\/span>Open calls and professional events: Sauti za Busara festival, open call for artists; Hide &amp; Seek: free concert access for professionals; Summer rate for WOMEX and conferences announced<\/span><\/p>\n<p><span style=\"font-size: 14pt;\"><span class=\"x19la9d6 x1fc57z9 x6ikm8r x10wlt62 x19co3pv x1g5zs5t xfibh0p xiy17q3 x1xsqp64 x1lkfr7t xexx8yu xyri2b x18d9i69 x1c1uobl\"><span class=\"xrtxmta x1bhl96m\">\ud83d\udd38<\/span><\/span>Meet me at \u2708\ufe0f<\/span><\/td>\n<\/tr>\n<\/tbody>\n<\/table>\n<p>&nbsp;<\/p>\n<p style=\"text-align: center;\"><span style=\"font-size: 14pt;\"><a class=\"mcnButton \" title=\" \u27a1\ufe0f This is the button for subscription \" href=\"https:\/\/mailchi.mp\/892ba551b707\/mapamundi-general\" target=\"_blank\" rel=\"noopener\">\u27a1\ufe0f This is the link for subscription<\/a><\/span><\/p>\n<hr \/>\n<h3 style=\"text-align: center;\"><strong>This edition of this newsletter is the number 85. The previous one completed 7 years\u00a0<\/strong>\ud83e\udd42<\/h3>\n<hr \/>\n<p><img loading=\"lazy\" decoding=\"async\" class=\"alignright\" style=\"color: #747474; font-family: 'Open Sans', sans-serif; font-size: 14px;\" src=\"https:\/\/mcusercontent.com\/993c677d53044839b1b39b2dc\/images\/32d33ee8-4257-aa92-510b-08b9829b3e81.jpeg\" width=\"387\" height=\"291\" align=\"right\" data-file-id=\"6074260\" \/><\/p>\n<p>Hello, how are you?<\/p>\n<div>\n<p>I hope you&#8217;re well. I&#8217;m doing fine, though I&#8217;m in one of the busiest periods of work I&#8217;ve had in years. The picture is in Palma de Mallorca, with Thanos Stravridis and his colleagues of Drom, who performed there on 16th of July. It was our first concert together and it won&#8217;t be the last. We have a date in Tavira, Portugal, on 6th of September.<\/p>\n<p>There&#8217;s no interview in this edition. I have a very interesting one to edit, with the team of <strong>Ultranesia<\/strong>, whose work is extraordinary. The raw transcript is 24 pages long and touches on \u2014or even crosses into\u2014 painful territory regarding how things work in the cultural field in my country (and probably not just in my country). It will be part of the August edition \u2014at least a portion of it, as it\u2019s long but very insightful\u2014 and I may publish it in several parts. Here&#8217;s a sneak peek:<\/p>\n<\/div>\n<p style=\"text-align: center;\"><em style=\"color: #008080;\">&#8220;<b>Why don\u2019t we even consider sending a proposal to the major classical music auditoriums? Because at that level, we\u2019re no longer talking about social circles or even about artistic inbreeding \u2014 we\u2019re talking about pure elitism. And not even the kind masked as favoritism; it\u2019s openly elitist.<\/b><\/em><\/p>\n<p style=\"text-align: center;\"><em><span style=\"color: #008080;\">A prominent historian of contemporary music once shared this anecdote: he was asked to curate a program on a famous contemporary composer, and the organizer\u2019s first question was: \u201cAnd which family do you come from?\u201d That says it all.<\/span><\/em><\/p>\n<p style=\"text-align: center;\"><em><span style=\"color: #008080;\">What&#8217;s worse is that when that man, despite his aristocratic mindset, <\/span><\/em><em><span style=\"color: #008080;\">stopped programming contemporary music, that meant also missing out regular contemporary concerts at some public cultural institutions.<\/span><\/em><\/p>\n<p style=\"text-align: center;\"><em><span style=\"color: #008080;\">When you work in large cultural institutions, many of which are related to monarchy and state politics, it feels like we\u2019re still trapped in a mindset akin to the novel El Lazarillo de Tormes \u2014 having to flatter the \u201clords\u201d just to be allowed to do our work. Or like in Vel\u00e1zquez\u2019s paintings of court jesters: you\u2019re lucky if you\u2019re near the king, but you\u2019re not really there as an artist \u2014 you\u2019re there as a curiosity. A dwarf, a cripple, a \u201cstrange one.\u201d<\/span><\/em><\/p>\n<p>Tomorrow \u2014well, in just a few hours, since I\u2019ll be leaving home at 4:30 in the morning\u2014 I\u2019m traveling to Sweden, to Urkult, with Vig\u00fcela. Below you\u2019ll find a new project I\u2019ve developed with them. It will be their second time performing there. They were there in 2016. Since then, many things have happened. Over the past nine years, different people have passed through the band. Two of the musicians who came with us to Urkult left the group that same year. Shortly before playing at Urkult, during another festival \u2014the kind any band would dream of attending\u2014 a situation came up that surprised me. These two people didn\u2019t want that path. They weren\u2019t interested in traveling the world, sharing the music of their homeland and the joy of their art with audiences. They told us they preferred not to travel so much and to live a more, let\u2019s say, normal life. Honestly, it was a learning experience for me \u2014seeing that people with the talent to make art, which they had, didn\u2019t view that path as the one they wanted to follow. Years later, I\u2019ve been reinterpreting it. I think the demanding path of excellence and artistic depth wasn\u2019t something they were willing to commit to. They were content with what they already knew how to do, and that\u2019s where they\u2019ve stayed. They\u2019re still active in more locally-based groups. I think that\u2019s fair. But me? Tomorrow \u2014well, in a few hours\u2014 I travel to Urkult.<\/p>\n<p><img loading=\"lazy\" decoding=\"async\" class=\"alignright wp-image-3841\" src=\"https:\/\/www.mapamundimusica.com\/wp-content\/uploads\/2025\/07\/miron.jpeg\" alt=\"\" width=\"343\" height=\"457\" srcset=\"https:\/\/www.mapamundimusica.com\/wp-content\/uploads\/2025\/07\/miron.jpeg 1200w, https:\/\/www.mapamundimusica.com\/wp-content\/uploads\/2025\/07\/miron-225x300.jpeg 225w, https:\/\/www.mapamundimusica.com\/wp-content\/uploads\/2025\/07\/miron-768x1024.jpeg 768w, https:\/\/www.mapamundimusica.com\/wp-content\/uploads\/2025\/07\/miron-1152x1536.jpeg 1152w\" sizes=\"auto, (max-width: 343px) 100vw, 343px\" \/>Joining us is Antonio Mir\u00f3n, whom I\u2019ve written about <a href=\"https:\/\/www.mapamundimusica.com\/en\/newsletter\/august-24-back-to-school-teaching-traditional-music-educational-offer-by-muziekpublique-74\/\" target=\"_blank\" rel=\"noopener\">in this edition<\/a>.\u00a0I spoke about his work teaching music to children in tiny villages in the province of Almer\u00eda. Antonio has a deep understanding of the traditions of his region \u2014not just musically, but also in terms of what they mean, or perhaps meant, as a social fabric. Antonio will leave his garden for a few days to come with us to N\u00e4s\u00e5ker. I\u2019m truly grateful. How does he perceive all this? I don\u2019t know \u2014but I\u2019ll ask him.<\/p>\n<div>\n<p>Also coming is Eduardo G\u00f3mez-Olmedo, from Candeleda, \u00c1vila (in the picture, in yellow, playing the Spanish lute). After a few years away from our activities due to personal reasons, he is traveling with us again to perform. Eduardo has spent years playing informally with the elders of his village, which is known for its strong traditional arts. Several times a year, the elders still gather in the town square, around a bonfire, to sing and play music. <a href=\"https:\/\/www.youtube.com\/watch?v=7xMo1_z1gWU\" target=\"_blank\" rel=\"noopener\">Here<\/a>\u00a0you can see Eduardo playing with Vig\u00fcela before the concert in Okarina Festival in 2019.<\/p>\n<p><img loading=\"lazy\" decoding=\"async\" class=\"aligncenter\" src=\"https:\/\/mcusercontent.com\/993c677d53044839b1b39b2dc\/images\/80bde529-f433-75cd-82da-60002b218366.png\" width=\"602\" height=\"283\" data-file-id=\"6074261\" \/>I grew up in Alcorc\u00f3n, a commuter town 12 km from Madrid. We\u2019re so close to the capital that I believe the city never really developed its own cultural identity. My father is from Madrid. My mother left her village (Helechosa de los Montes, Badajoz, 562 current inhabitants) as soon as she could. She doesn\u2019t even have the accent from her region. She brought nothing of folklore with her. She wanted to leave \u2014like the young women who had already moved to the city and returned home on vacation, beautiful, well-dressed, and free from the fieldwork. What is my folklore?<\/p>\n<p>My company is legally based in Castilla-La Mancha, and the reference city for both Helechosa and El Carpio de Tajo, the village of Vig\u00fcela, is Talavera de la Reina, in the province of Toledo. If there is any traditional art that truly feels like my own, it\u2019s this one.<\/p>\n<p>Traveling back to Urkult with Vig\u00fcela, nine years later and after everything that\u2019s happened, inevitably leads me to reflect on the paths we take and how identity is built. Those who chose not to continue traveling didn\u2019t choose wrong \u2014they simply chose differently. And in that choice lies a deep gesture of identity. Sometimes we think being true to ourselves means sticking with what we do, but it can also mean letting go, redefining, or prioritizing something else.<\/p>\n<p>Antonio leaves his vegetable garden to join us. Eduardo resumes something he had paused. What does that say about them? And what does it say about me \u2014still here, getting up at 4:30 a.m. to once again cross Europe with a traditional music band?<\/p>\n<p>Perhaps identity is not only a reflection of our roots, but also of our willingness to return to them again and again \u2014or even to forge connections with some that brush past us. Every decision \u2014to stay, to leave, to return\u2014 speaks not only of what we do, but of who we are at that moment.<\/p>\n<p>If you enjoyed any part of this newsletter, feel free to share it with someone who might like it too. Thank you in advance.<\/p>\n<p><span style=\"font-size: 10pt;\">* Lazarillo de Tormes is a 16th-century Spanish novel considered one of the earliest examples of the picaresque genre. It tells the story of a poor boy, L\u00e1zaro, who survives by serving various masters \u2014 often flattering or tricking them \u2014 in order to get by in a rigidly hierarchical and unjust society.<\/span><\/p>\n<\/div>\n<hr \/>\n<div style=\"text-align: center;\"><strong>Remember: if you have any news of interest for our community, let me know. Thank you very much for your attention.<\/strong><\/div>\n<div style=\"text-align: center;\"><strong>Araceli Tzigane | Mapamundi M\u00fasica\u00a0|\u00a0+34 676\u00a030 28 82\u00a0<\/strong><\/div>\n<hr \/>\n<p>&nbsp;<\/p>\n<table class=\"mcnImageCardTopContent\" style=\"width: 100%; height: 381px;\" border=\"0\" cellspacing=\"0\" cellpadding=\"0\" align=\"left\">\n<tbody>\n<tr style=\"height: 381px;\">\n<td class=\"mcnTextContent\" style=\"height: 381px;\" valign=\"top\" width=\"546\">In 2019 Vig\u00fcela performed in Bled, for the Okarina Festival. The following year the Covid came. The festival didn&#8217;t take place again. We keep a great memory of this event and of Mr. Leo Li\u010dof, its founder and artistic director.<a class=\"\" title=\"Vig\u00fcela - rehearsal for Festival Okarina\" href=\"https:\/\/www.youtube.com\/watch?v=7xMo1_z1gWU\" target=\"_blank\" rel=\"noopener\"><img decoding=\"async\" class=\"mcnImage aligncenter\" src=\"https:\/\/mcusercontent.com\/993c677d53044839b1b39b2dc\/video_thumbnails_new\/4482404db8fd302dcd89abe72c6e568b.png\" alt=\"\" width=\"564\" \/><\/a><\/td>\n<\/tr>\n<\/tbody>\n<\/table>\n<p>&nbsp;<\/p>\n<h3><strong><span style=\"color: #daa520;\">BRIEF NEWS FROM THE MEDIA, CHARTS AND SISTER PROJECTS\u00a0<\/span><\/strong><span style=\"color: #000000; font-family: open sans, helvetica neue, helvetica, arial, sans-serif;\"><img loading=\"lazy\" decoding=\"async\" class=\"alignright\" src=\"https:\/\/mcusercontent.com\/993c677d53044839b1b39b2dc\/images\/e032fb01-1481-4ae7-a53d-1b163dd4572c.jpg\" width=\"120\" height=\"120\" align=\"right\" data-file-id=\"4734514\" \/><\/span><\/h3>\n<div>\n<hr \/>\n<p>\ud83d\udd38#1\u00a0for\u00a0<a href=\"https:\/\/www.transglobalwmc.com\/charts\/july-2025-chart\/\" target=\"_blank\" rel=\"noopener\">Transglobal World Music Chart in Julye of\u00a02025<\/a>\u00a0is: V\u00e4rttin\u00e4&#8217;s\u00a0Kyly\u00a0(Rockadillo)<\/p>\n<\/div>\n<div>\n<hr \/>\n<\/div>\n<p>\ud83d\udd38<a href=\"https:\/\/mundofonias.com\/wp\/?p=8787\" target=\"_blank\" rel=\"noopener\">Mundofon\u00edas<\/a>: the three favourite of the month are\u00a0Kraffft&#8217;s\u00a0Kraffft\u00a0(Vlad);\u00a0Hawa &amp; Kass\u00e9 Mady Diabat\u00e9&#8217;s\u00a0Toumaro\u00a0(One World Records) and\u00a0Mustafa Said &amp; Asil Ensemble&#8217;s\u00a0Maqam pilgrims\u00a0(Mapamundi M\u00fasica).<\/p>\n<div><span style=\"color: #000000; font-family: open sans, helvetica neue, helvetica, arial, sans-serif;\"><a href=\"https:\/\/mundofonias.com\/wp\/?p=8867\"><img loading=\"lazy\" decoding=\"async\" class=\"aligncenter\" src=\"https:\/\/mcusercontent.com\/993c677d53044839b1b39b2dc\/images\/58103a70-20aa-1411-a43f-0c42b3b101d4.jpg\" width=\"635\" height=\"211\" align=\"center\" data-file-id=\"6074265\" \/><\/a><\/span><\/div>\n<hr \/>\n<p><img loading=\"lazy\" decoding=\"async\" class=\"alignright\" style=\"color: #000000; font-family: 'open sans', 'helvetica neue', helvetica, arial, sans-serif;\" src=\"https:\/\/mcusercontent.com\/993c677d53044839b1b39b2dc\/images\/d266047d-439e-671f-7d73-c1f3ae5f1c6a.png\" width=\"295\" height=\"401\" data-file-id=\"6074263\" \/><\/p>\n<h3><strong><span style=\"color: #daa520;\">A LITTLE SOMETHING FROM MY SIDE:<\/span><\/strong><\/h3>\n<p><strong style=\"color: #1c314c; font-family: Raleway, sans-serif; font-size: 24px;\"><span style=\"color: #daa520;\">Vig\u00fcela&#8217;s new program, tribute to Manuel de Falla on his 150th anniversary<\/span><\/strong><\/p>\n<div>\n<p>On November 23, 2026, we will celebrate the 150th anniversary of the birth of Manuel de Falla. His work highlighted traditional music and brought its inspiration into the realm of classical music.<\/p>\n<p>To commemorate this milestone, the group Vig\u00fcela is creating a special program dedicated to his work. It is a &#8217;round-trip&#8217; project in which the band will adopt pieces by Falla and translate them into the language of traditional music:\u00a0<em>Falla: Voices of a Time<\/em>.<\/p>\n<\/div>\n<div style=\"text-align: center;\"><strong><span style=\"font-family: open sans, helvetica neue, helvetica, arial, sans-serif;\">Get the dossier with more background about Falla and the band,<\/span><span style=\"color: #000000; font-family: open sans, helvetica neue, helvetica, arial, sans-serif;\">\u00a0<a href=\"https:\/\/www.dropbox.com\/scl\/fi\/pfqwwi7d2y3wvxjmb3lnt\/Falla-voces-de-un-tiempo-EN.pdf?rlkey=md8e7ajfegc5k5lmh7htwqnij&amp;dl=0\" target=\"_blank\" rel=\"noopener\">here<\/a>.<\/span><\/strong><\/div>\n<hr \/>\n<h3><\/h3>\n<h3><strong>OPEN CALLS AND PROFESSIONAL EVENTS<\/strong><\/h3>\n<p>This section is open for news. It is free of charge. You can let me know if you have any open call\u00a0of relevance to the community.<\/p>\n<p><strong>NEW IN\u00a0THE NEWSLETTER:<\/strong><\/p>\n<h4><strong>\ud83d\udd38\u00a0Sauti za Busara festival, open call for artists<\/strong><\/h4>\n<h6><strong>Deadline on midnight (EAT) on 31st July 2025<\/strong><\/h6>\n<p><img loading=\"lazy\" decoding=\"async\" class=\"alignleft\" src=\"https:\/\/mcusercontent.com\/993c677d53044839b1b39b2dc\/images\/0460f9b5-a1f8-7a10-426c-e909f37d6164.png\" width=\"260\" height=\"325\" align=\"left\" data-file-id=\"6074264\" \/>&#8220;The Call for Artists is now open for the 23rd edition of Sauti za Busara festival, set to shake the walls of Stone Town, Zanzibar during 5 \u2013 8 February 2026.\u00a0Sauti za Busara showcases unique and diverse music, primarily from the African Continent, music that is connected to Africa and diaspora.&#8221;<\/p>\n<p>Check the official website for more details,\u00a0<a href=\"https:\/\/busaramusic.org\/call-for-artists-2026\/\" target=\"_blank\" rel=\"noopener\">here<\/a>. The application must be done<\/p>\n<p>It called my attention in the list of &#8220;Preference is given to:&#8221; that they will give preference to\u00a0&#8220;<em>Music that is performed \u2018100% live!\u2019<\/em>&#8221;<\/p>\n<p>The festival offers a modest honorarium (performance fee), per-diems for meals and incidentals, accommodation in Zanzibar, and all local transport related to the performance. It also covers Tanzanian visa costs and provides festival passes with access to all shows throughout the event. Artists will receive invitations to networking events like Movers &amp; Shakers, press conferences, and other official activities. Their profiles will be featured in the festival programmes, press releases, website, and social media platforms. Additionally, the travel sponsor\u2019s logo will be displayed with a link on the festival website, in programmes, and across social media channels.<\/p>\n<p>But note that &#8220;<em>Artists from outside the region are usually required to find their own travel sponsors and the festival will support where possible<\/em>.&#8221;<\/p>\n<h4><strong>\ud83d\udd38Hide &amp; Seek: free concert access for professionals<\/strong><\/h4>\n<p>If you happen to be in\u00a0Brussels from 17 to 23 August 2025 and you are a professional, Muziekpublique offers you one free ticket to the concert of your choice for Hide &amp; Seek. I talked about the festival\u00a0in\u00a0<a href=\"https:\/\/www.mapamundimusica.com\/en\/newsletter\/june-25-talk-with-davide-mastropaolo-about-napoli-world-and-much-more-hide-seek-festival-by-muziekpublique-mustafa-saids-album-release-by-mapamundi-new-calls-and-84\/\" target=\"_blank\" rel=\"noopener\">the previous edition<\/a>. All the details of this offer are\u00a0<a href=\"https:\/\/mailchi.mp\/muziekpublique\/dpd0mm6jr2-5858041?e=31a4dd3e5f\" target=\"_blank\" rel=\"noopener\">here<\/a>.<\/p>\n<h4><strong>\ud83d\udd38WOMEX Summer rate and conferences announced<\/strong><\/h4>\n<p>Until 29th of August you can get the\u00a0Summer Rate for WOMEX:\u00a0360 \u20ac net (VAT appart). Also, they have announced the conference program. You can check it\u00a0<a href=\"https:\/\/www.womex.com\/programme\/conference\" target=\"_blank\" rel=\"noopener\">here<\/a>. There is one that I don&#8217;t want to miss:\u00a0<a href=\"https:\/\/www.womex.com\/virtual\/piranha_arts_1\/event\/sync_how_to_start\" target=\"_blank\" rel=\"noopener\">Sync: How to Start?<\/a>\u00a0&#8220;This session offers a clear and practical introduction to sync licensing for artists, songwriters, and rights holders&#8221;. Moderated by Eugene Galushchenko (Ukraine\/Spain\/USA), onestop music;\u00a0with\u00a0Leo Niemi (Finland), Freelance \/ Sync Sauna; and\u00a0Patricia Carrera (Mexico\/Spain), Control Freaks Music.<\/p>\n<p>For two years now, I\u2019ve submitted a proposal to the panel program titled \u201cEntry Barriers in the Professional Circuit\u201d. It features two very experienced speakers from two different continents (both from each other and from mine). I hope to present it at another edition of WOMEX or in a different context. There are topics that I believe don\u2019t occupy the space they should within our global community, and which are critical both ethically and artistically.\u00a0This reminds me of the very interesting conversation in the program of panels at Ritmo this past April between Chris Eckman from Glitterbeat and Ian Brennan, called\u00a0<em>How Music Dies (or Lives): De-colonizing international music,<\/em>\u00a0whose theme was related.<\/p>\n<p>Anyway, see you at WOMEX if you attend.<\/p>\n<hr \/>\n<h3><span style=\"color: #daa520;\"><strong>MEET ME AT<\/strong><\/span><\/h3>\n<ul>\n<li><strong>1st-2nd August<\/strong>. With Vig\u00fcela at the Urkult Festival.<\/li>\n<li><strong>13th-16th August<\/strong>. With Vig\u00fcela in South Corea, International Sori Festival. Our participation has the support of Acci\u00f3n Cultural Espa\u00f1ola.<\/li>\n<li><strong>5th-6th September<\/strong>. With Thanos Stavridis &amp; Drom in Tavira, Portugal.<\/li>\n<li><strong>19th-21th September<\/strong>. World Music Festival Bratislava, as a delegate.<\/li>\n<\/ul>\n<p><\/p>","protected":false},"excerpt":{"rendered":"<p>&nbsp; Summary\u00a0\ud83d\udc47 \ud83d\udd38Editorial About elitism, about who you are and where you belong \ud83d\udd38Brief news from the media, charts and sister projects \ud83d\udd38A little something from my side : Vig\u00fcela&#8217;s tribute to the 150 anniversary of Manuel de Falla, Falla: voices of a time \ud83d\udd38Open calls and professional events: Sauti za Busara festival, open call [&hellip;]<\/p>\n","protected":false},"author":1,"featured_media":0,"comment_status":"closed","ping_status":"open","sticky":false,"template":"","format":"standard","meta":{"footnotes":""},"categories":[19],"tags":[],"class_list":["post-3837","post","type-post","status-publish","format-standard","hentry","category-newsletter"],"_links":{"self":[{"href":"https:\/\/www.mapamundimusica.com\/en\/wp-json\/wp\/v2\/posts\/3837","targetHints":{"allow":["GET"]}}],"collection":[{"href":"https:\/\/www.mapamundimusica.com\/en\/wp-json\/wp\/v2\/posts"}],"about":[{"href":"https:\/\/www.mapamundimusica.com\/en\/wp-json\/wp\/v2\/types\/post"}],"author":[{"embeddable":true,"href":"https:\/\/www.mapamundimusica.com\/en\/wp-json\/wp\/v2\/users\/1"}],"replies":[{"embeddable":true,"href":"https:\/\/www.mapamundimusica.com\/en\/wp-json\/wp\/v2\/comments?post=3837"}],"version-history":[{"count":12,"href":"https:\/\/www.mapamundimusica.com\/en\/wp-json\/wp\/v2\/posts\/3837\/revisions"}],"predecessor-version":[{"id":3873,"href":"https:\/\/www.mapamundimusica.com\/en\/wp-json\/wp\/v2\/posts\/3837\/revisions\/3873"}],"wp:attachment":[{"href":"https:\/\/www.mapamundimusica.com\/en\/wp-json\/wp\/v2\/media?parent=3837"}],"wp:term":[{"taxonomy":"category","embeddable":true,"href":"https:\/\/www.mapamundimusica.com\/en\/wp-json\/wp\/v2\/categories?post=3837"},{"taxonomy":"post_tag","embeddable":true,"href":"https:\/\/www.mapamundimusica.com\/en\/wp-json\/wp\/v2\/tags?post=3837"}],"curies":[{"name":"wp","href":"https:\/\/api.w.org\/{rel}","templated":true}]}}