{"id":3821,"date":"2025-06-22T00:13:45","date_gmt":"2025-06-21T22:13:45","guid":{"rendered":"https:\/\/www.mapamundimusica.com\/?p=3821"},"modified":"2025-06-22T11:17:37","modified_gmt":"2025-06-22T09:17:37","slug":"june-25-talk-with-davide-mastropaolo-about-napoli-world-and-much-more-hide-seek-festival-by-muziekpublique-mustafa-saids-album-release-by-mapamundi-new-calls-and-84","status":"publish","type":"post","link":"https:\/\/www.mapamundimusica.com\/en\/newsletter\/june-25-talk-with-davide-mastropaolo-about-napoli-world-and-much-more-hide-seek-festival-by-muziekpublique-mustafa-saids-album-release-by-mapamundi-new-calls-and-84\/","title":{"rendered":"June 25. Talk with Davide Mastropaolo about Napoli World and much more, Hide &#038; Seek Festival by Muziekpublique, Mustafa Said&#8217;s album release by Mapamundi, new calls and + #84"},"content":{"rendered":"<p><strong><span style=\"font-size: 18pt;\">Summary \ud83d\udc47<\/span><\/strong><\/p>\n<ul>\n<li><span style=\"font-size: 14pt;\"><strong>Editorial<\/strong><br \/>\n<span style=\"font-size: 12pt;\">Losses, European Music Day and a few words about Muziekpublique <\/span><\/span><\/li>\n<li><span style=\"font-size: 14pt;\">Talk with <strong>Davide Mastropaolo<\/strong> about Napoli World, Agualoca Records and much more<\/span><\/li>\n<li><span style=\"font-size: 14pt;\">A little something from my side: <strong>Mustafa Said<\/strong>&#8216;s new album <em>Maqam Pilgrims<\/em><\/span><\/li>\n<li><span style=\"font-size: 14pt;\">Two Venues for the <strong>Hide &amp; Seek Festival 2025<\/strong> Highlighted by Peter Van Rompaey<\/span><\/li>\n<li><span style=\"font-size: 14pt;\">Brief news from the media, charts and sister projects<\/span><\/li>\n<li><span style=\"font-size: 14pt;\">Open calls: <strong>Babel Music XP<\/strong>, <strong>Napoli World<\/strong><\/span><\/li>\n<li><span style=\"font-size: 14pt;\">Meet me at \u2708\ufe0f <\/span><\/li>\n<\/ul>\n<hr \/>\n<p style=\"text-align: center;\"><strong><span style=\"font-family: verdana, geneva, sans-serif; font-size: 18pt;\"><a class=\"mcnButton \" style=\"letter-spacing: normal;\" title=\" \u27a1\ufe0f This is the button for subscription \" href=\"https:\/\/mailchi.mp\/892ba551b707\/mapamundi-general\" target=\"_blank\" rel=\"noopener\">\u27a1\ufe0f This is the link for subscription<\/a><\/span><\/strong><\/p>\n<p>Hello, how are you? hope you are very well. I can&#8217;t complain. I&#8217;m doing well, although, as I imagine you are too, I&#8217;m closely following the situation in the Middle East. And I&#8217;m thinking, among others, of the people from Iran I know who are in exile. A couple of years ago I spoke <a href=\"https:\/\/www.mapamundimusica.com\/en\/newsletter\/mar-23-interview-with-asya-music-management-rastak-from-the-exile-talk-with-a-to-jazz-new-event-in-angola-many-open-calls-57\/\" target=\"_blank\" rel=\"noopener\">here<\/a> with Behzad Pournaghi, the manager of Rastak, about their exit from the country and their move to Turkey so they could continue making music, especially due to the presence of women in the group and all the complications and persecution that this was bringing them.There are dozens of women musicians we feature on <a href=\"http:\/\/www.mundofonias.com\/\" target=\"_blank\" rel=\"noopener\">Mundofon\u00edas<\/a> quite frequently, because they are prolific and outstanding artists, but of course, all of them whose music reaches us are outside their country. We always point this out on the show. I hope that in the near future we will be able to feature Iranian women musicians creating and recording music from within their own country.<\/p>\n<p>Mentioning these critical situations that are so present in the global conversation shouldn\u2019t make us forget about other peoples who don\u2019t receive as much attention, like Sudan, Yemen, Myanmar, Haiti, Ethiopia, the Congo \u2014 and surely there are others I\u2019m not even aware of. The other day, I was reflecting with a musician I collaborate with on what place people like us could have in all of this. I remembered a quote \u2014 I don\u2019t recall who said it or where \u2014 that suggested if people know the music (or art in general) of other peoples, it becomes harder to go to war against them. Someone who wasn\u2019t me (but I share the insight) replied that Putin wouldn\u2019t have been stopped by hearing a beautiful Ukrainian folk song.<\/p>\n<h4>About the losses<\/h4>\n<p>Everyone dies, sooner or later\u2014we know that. This past week I learned about the passing of two musicians I don\u2019t want to leave unmentioned. Both lived long lives and left behind a legacy of recordings that is a true treasure. I got the cover of two old albums from <a href=\"https:\/\/www.discogs.com\/\" target=\"_blank\" rel=\"noopener\">Discogs<\/a>.<\/p>\n<p><img loading=\"lazy\" decoding=\"async\" class=\"aligncenter\" src=\"https:\/\/mcusercontent.com\/993c677d53044839b1b39b2dc\/images\/5b8359fb-2342-8d24-5e5b-ac43406a2e6d.png\" width=\"750\" height=\"348\" data-file-id=\"6072665\" \/><\/p>\n<p><strong>Petroloukas Halkias<\/strong>, a Greek clarinetist, passed away at the age of 90 a few days ago. I first heard him about five years ago, thanks to the album The Soul of Epirus, with laouto player Vasilis Kostas. The full album is <a href=\"https:\/\/www.youtube.com\/watch?v=0K1gMjCJ0c8&amp;list=PLIeUD5WPWWmUxlDnGGbiB2msGpDiplDwb\" target=\"_blank\" rel=\"noopener\">here<\/a>. Two years ago they released Volume II, which you can hear <a href=\"https:\/\/www.youtube.com\/watch?v=M7WyATzhbXE&amp;list=OLAK5uy_nl3WIw1DZ-JXpxQbgXE32bB4GskYmexFQ\" target=\"_blank\" rel=\"noopener\">here<\/a>. On some tracks, Kostas Tzimas sings. I feel like I melt listening to this. I honestly feel drained of all strength.<\/p>\n<p>The other is <strong>Aharon Amram<\/strong>. He passed away on June 2 at the age of 91. I found out on Friday. I had posted <a href=\"https:\/\/www.youtube.com\/watch?v=Jk2M1lg8ito\" target=\"_blank\" rel=\"noopener\">this recording<\/a> of the piyut Kirya Yefefiya on Facebook, wondering where Aharon Amram might be, and someone told me he had passed away a couple of weeks ago. He was a Yemeni Jew who was brought to Israel at the age of 11 during Operation Magic Carpet. His role and his legacy related to the Yemenite Jewish music is huge.<\/p>\n<h4>About the European Day of Music<\/h4>\n<p>I am working on this newsletter on day 21st of June, the European Day of Music. And an idea came to my mind. I feel such sadness for people who are unaware of so much music. Although right now, anyone with a bit of curiosity has everything at their fingertips. I\u2019m sure there are people who feel sorry for people like me who are totally ignorant when it comes to cinema. Or literature. Or series at the digital platforms. And even I have such a limited knowledge of music. I know little about Western classical music. I know nothing about British pop music from the 1970s. For some people, that might be a cornerstone of life. For me, this cornerstone in mine keeps opening new or deeper perspectives on the world, time and time again. I have <a href=\"https:\/\/www.youtube.com\/watch?v=t9G3I62EeZc\" target=\"_blank\" rel=\"noopener\">this playlist on YouTube, it\u2019s called M\u00fasica Maravillosa<\/a>. Not everything that&#8217;s wonderful is there, but everything that is there is wonderful. I\u2019ll keep adding more.<\/p>\n<h4><img loading=\"lazy\" decoding=\"async\" class=\"alignright wp-image-3824\" src=\"https:\/\/www.mapamundimusica.com\/wp-content\/uploads\/2025\/06\/peter.jpeg\" alt=\"\" width=\"419\" height=\"558\" srcset=\"https:\/\/www.mapamundimusica.com\/wp-content\/uploads\/2025\/06\/peter.jpeg 1200w, https:\/\/www.mapamundimusica.com\/wp-content\/uploads\/2025\/06\/peter-225x300.jpeg 225w, https:\/\/www.mapamundimusica.com\/wp-content\/uploads\/2025\/06\/peter-768x1024.jpeg 768w, https:\/\/www.mapamundimusica.com\/wp-content\/uploads\/2025\/06\/peter-1152x1536.jpeg 1152w\" sizes=\"auto, (max-width: 419px) 100vw, 419px\" \/>About Muziekpublique<\/h4>\n<p>In the photo I\u2019m with Peter Van Rompaey in Brussels. I travelled there once again this year, this time to attend the <a href=\"https:\/\/www.emc-imc.org\/events\/european-forum-on-music-2025\/european-forum-on-music-2025\" target=\"_blank\" rel=\"noopener\">European Forum on Music<\/a>, organised by the European Music Council. I attended the Lab on the 11th of June, as a board member of the European Folk Network. The 12th of June was open to anyone who wanted to register.<\/p>\n<p>With Peter, I had a very long and fascinating interview, which you can find <a href=\"https:\/\/www.mapamundimusica.com\/en\/newsletter\/nov21-talk-with-peter-van-rompaey-new-call-from-most-music-post-womex-41\/\" target=\"_blank\" rel=\"noopener\">here<\/a>. He is the driving force behind Muziekpublique and a key figure in our field, both personally and in terms of the organisation he leads. It\u2019s always a great pleasure for me to spend time with him. If you\u2019re not familiar with their work, make sure to visit <a href=\"https:\/\/muziekpublique.be\/\" target=\"_blank\" rel=\"noopener\">their website<\/a>.<\/p>\n<p>And you can also subscribe to their newsletter at the bottom of their website. Muziekpublique has been hosting hundreds of concerts at the Th\u00e9\u00e2tre Moli\u00e8re, which is currently under renovation. In the meantime, they continue organising events in other venues, such as the Hide &amp; Seek Festival, which celebrates its 10th edition this year from August 17 to 23. Its motto is \u201cConcerts of traditional music in unusual places in Brussels.\u201d I asked Peter to tell me two of the venues he finds most special among those hosting the festival this year. You\u2019ll see them further down. I am happy for Peter also because they have two artists selected for WOMEX 2025: Toasaves and another one that is not announced yet.<\/p>\n<p style=\"text-align: center;\"><strong>If you enjoyed any part of this newsletter, feel free to share it with someone who might like it too. Thank you in advance.<\/strong><\/p>\n<h5 style=\"text-align: center;\">Remember: if you have any news of interest for our community, let me know. Thank you very much for your attention. Araceli Tzigane | Mapamundi M\u00fasica | +34 676 30 28 82<\/h5>\n<hr \/>\n<p>&nbsp;<\/p>\n<h1>AND NOW THE FLOOR IS FOR:<br \/>\nDAVIDE MASTROPAOLO, FROM NAPOLI WORLD AND AGUALOCA RECORDS<\/h1>\n<p><img loading=\"lazy\" decoding=\"async\" class=\"alignright\" src=\"https:\/\/mcusercontent.com\/993c677d53044839b1b39b2dc\/images\/783396fe-279f-a9fb-cdea-5271ed770a91.jpg\" width=\"408\" height=\"613\" align=\"right\" data-file-id=\"6072645\" \/>The portrait of Davide is by Riccardo Piccirillo<\/p>\n<p>I don\u2019t remember when I first met Davide. I think it was in Spain. He has lived in Spain and speaks Spanish quite well. But I couldn\u2019t say for sure \u2014 I\u2019ve seen him in so many places! At first, I associated him with his label, Agualoca Records, which has released albums by Flo, Vesevo, Ilaria Graziano &amp; Francesco Forni, Fanfara Station, Maria Mazzotta and, most recently, Ra di Spina. And more recently, his flagship project \u2014 at least from the perspective of our community (as he\u2019s also active in the field of music for audiovisual media) \u2014 is Napoli World. The recently opened call for showcase proposals, which welcomes international artists, was the trigger for this interview. But, as you\u2019ll see below, we talked about many other things as well.<\/p>\n<p>Davide\u2019s journey is truly fascinating. He brings experience from several angles and shared some insights that are nothing short of remarkable. I\u2019m sure you\u2019ll find the interview just as inspiring as I did.<\/p>\n<hr \/>\n<h6 style=\"text-align: center;\">\u2600\ufe0f While I am editing this interview I am listening to Orchestra Joub\u00e8s, the band of Davide. In this enchanting album, he played the upright piano and other instruments and co-composed the pieces (except one by Pascal Comelade) with his partners Ernesto Nobili and Antonio Fraioli.<br \/>\nListen to it, <a href=\"https:\/\/soundcloud.com\/orchestrajoubes\/sets\/orchestra-joubes\" target=\"_blank\" rel=\"noopener\">here<\/a><a href=\"https:\/\/soundcloud.com\/orchestrajoubes\/sets\/orchestra-joubes\">\ud83c\udfb6<\/a><\/h6>\n<hr \/>\n<p><img decoding=\"async\" src=\"https:\/\/mcusercontent.com\/993c677d53044839b1b39b2dc\/images\/b770e8a5-b479-470d-08eb-08eeba9e8bb3.png\" width=\"250\" align=\"right\" data-file-id=\"6072662\" \/>About Napoli World Napoli World will take place from 27th to 29th of November. The call for applications for showcases is open until 15th of July. It is organiced by Italian World Beat, lead by Fabio Scopino e Davide Mastropaolo. The artistic director is Enzo Avitabile.<\/p>\n<p>It is part of the <a href=\"https:\/\/upbeat-platform.eu\/\" target=\"_blank\" rel=\"noopener\">platform UpBeat<\/a> (The European Showcase Platform of World Music).<\/p>\n<p><a href=\"https:\/\/www.musiconnect-italy.com\/form-invio-candidadura-showcase-2025\/\" target=\"_blank\" rel=\"noopener\">On the website<\/a> you can download the rules and conditions and fulfil the form with the proposal of a showcase. &#8220;Musical projects belonging to the World Music, Ethnic and Folk Music, World Jazz, World Electro and Global Beats genres will be considered eligible.&#8221; Candidates who have not received any communication by 31th August 2025, will be considered &#8220;not selected&#8221;, a communication will be sent only to selected candidates.<\/p>\n<p>Sixteen showcases will be scheduled.<\/p>\n<p>The showcasing artists will receive a fee, per musician:<\/p>\n<ul>\n<li><span style=\"font-size: 11pt;\">regional project: 150 \u20ac;<\/span><\/li>\n<li><span style=\"font-size: 11pt;\">national projects: 200 \u20ac;<\/span><\/li>\n<li><span style=\"font-size: 11pt;\">international projects: 300 \u20ac;<\/span><\/li>\n<\/ul>\n<p>all amounts + VAT where applicable; national and international will have one in hotel + local transport where required).<\/p>\n<p>If you are going to apply, check the <a href=\"https:\/\/www.musiconnect-italy.com\/form-invio-candidadura-showcase-2025\/\" target=\"_blank\" rel=\"noopener\">official website<\/a>.<\/p>\n<hr \/>\n<p style=\"text-align: center;\"><span style=\"font-size: 14pt;\"><strong>And here is the interview.<\/strong><\/span><\/p>\n<h4>ABOUT NAPOLI WORLD<\/h4>\n<p>AT: The initial reason for the interview is Napoli World, but I\u2019d also like to know a bit more about you. About Napoli World. In 2022, but you did another similar event in another place. This year will be the fourth edition in Naples.<\/p>\n<p>DM: The fourth in Naples, which is the fifth of that MusicConnect project, because in 2021 we organized it in Pistoia. It was like a first attempt to see if something could be set up, because after Covid there were some funds that could be applied for to organize events. And we tried, because we already had in mind the idea of, in the future, organizing a showcase festival in Italy, because there was nothing. Many years ago there was Medimex, but it was a very large structure with stands\u2026 Old style, let\u2019s say, which I loved. I was at Medimex in 2012, in Bari. But the size I liked was another, it was more informal, with fewer delegates. Well, maybe someday\u2026 I don\u2019t know if we\u2019re going to have so many people. But the idea has always been to remain informal, on the one hand, but very professional with the artistic proposal and the quality of the guests.<\/p>\n<p style=\"text-align: right;\"><em><span style=\"font-size: 14pt; color: #808000;\">&#8220;The idea has always been to remain informal, on the one hand, but very professional with the artistic proposal and the quality of the guests.&#8221; <\/span><\/em><\/p>\n<p>But we\u2019ve always liked that kind of special showcase, different from the big one, which is a bit anonymous. Because mainly in Womex, you basically go to meet the people you already know. And everything goes fast and there are lots and lots of people. I, the first time I went, felt completely lost.<\/p>\n<p>Well, for the type of idea I have and that I share with Fabio Scopino, who is my travel companion in that type of proposal, which is an artistic proposal, we wanted to make it small. For years together, we\u2019ve had that experience of being delegates at different kinds of fairs, the big ones, the medium ones, the tiny ones\u2026 And as Italy, we always arrive last, so we had the advantage of trying to take what we liked from each fair to make our own. And we started in Pistoia.<\/p>\n<p style=\"text-align: center;\"><span style=\"color: #008080; font-size: 14pt;\"><strong><a style=\"color: #008080;\" href=\"https:\/\/www.linkedin.com\/in\/fabio-scopino-960796167\/\" target=\"_blank\" rel=\"noopener\">This<\/a> is Fabio Scopino&#8217;s LinkedIn profile.<\/strong><\/span><\/p>\n<p><strong>DM:<\/strong> And the following year the opportunity came up to do it in Naples, which is clearly a city that has returned to being at the center of culture. It got lost for a while, but now people like to come. There\u2019s a new wave of cultural tourism too. So we decided to keep MusicConnect, but we gave it the name Napoli World, because it\u2019s dedicated to the city of Naples, which is a brand that is easily recognized.<\/p>\n<h4>HOW NAPOLI WORLD WAS BORN<\/h4>\n<p>The project was born in Cape Verde in 2018, when we got together with some Canadians who invited us to Canada to make a first idea of that MusicConnect project, which was international, but very free. Each one brought an idea of making a group of professionals in their country and exchanging projects, but, above all, organizing 2 or 3 days of fair. And we did it in Paris one year, in 2019. It was organized by Jos\u00e9 da Silva with his daughter Elodie, who at that time still worked in the music sector. And in the end Fabio stood up and said:<em> \u201cWell, the following year we\u2019re going to do it in Italy.\u201d<\/em> He took that risk. And then Covid arrived and nothing was done.<\/p>\n<p>So, when we came out of Covid, with a one-year delay, we did that first edition, very small, in Pistoia, which is a city in Tuscany, very close to Florence, but is a size more, let\u2019s say, of cultural province. And from that moment, the idea was to do it in different cities. Because Italy is very diverse, also in terms of its musicians. And the delegates like to see different parts of Italy.<\/p>\n<p>And it turns out that I lived in Naples for a good part of my life and never had a euro of subsidy to do anything. And magically, in 2022, a new city administration arrived that accepted new projects. And I proposed that project and they liked it, because they saw it as an opportunity to open the city to an international context and, above all, the professional part. Because the festival has a public part, open to a general audience, and at the same time it is a work opportunity, of connections and of networking. That concept pleased the city council a lot and they gave us the possibility to do a first edition in 2022.<\/p>\n<p>And already the second in Naples was very successful because we had a historic theatre, one of the most important ones, the Teatro Bellini. And we started with the artistic direction of Enzo Avitabile, whom we already knew as an artist, and he was the only known artist whose manager went to the fairs. Because Italy is a bit strange, there has always been a somewhat divided presence in this type of events, not so structured. And he appreciated the work and we proposed to him to be our artistic director and that clearly gave us a more important profile at national and local level. So, since that 2023, we have the artistic direction of Avitabile. And the formula changed a bit, because in 2022 the idea was to focus above all on artists from Naples. In 2023 there were nationals with some international guests, because the collaboration with the fairs with which we are in network is also an opportunity to connect. These are similar fairs, with which we share an attitude.<\/p>\n<p style=\"text-align: right;\"><em><span style=\"color: #808000; font-size: 14pt;\">&#8220;Above all, in the city of Naples, now the festival is known. It\u2019s known that, at the end of November, there is a festival where I\u2019m not going to find big names, but I\u2019m going to discover projects from all over the world, which are going to be of quality.&#8221;<\/span><\/em><\/p>\n<p>And in 2024, it was a disaster, because the City Council didn\u2019t finance us. So we decided that we had to do it anyway. It was a personal investment. And we were supported by UpBeat, which is the platform of showcase festivals. With the UpBeat system basically we covered the expenses, but it was a very barricade-style edition because it was, really, without any local public financial support. And people liked it a lot. New musicians also came, new delegates\u2026 And, above all, in the city of Naples, now the festival is known. It\u2019s known that, at the end of November, there is a festival where I\u2019m not going to find big names, but I\u2019m going to discover projects from all over the world, which are going to be of quality.<\/p>\n<p style=\"text-align: center;\"><strong><span style=\"color: #008080; font-size: 14pt;\">Despite the complicated situation that Davide has explained, the program of 2024 was very interesting. You can check it <a style=\"color: #008080;\" href=\"https:\/\/www.musiconnect-italy.com\/programma-2024\/\" target=\"_blank\" rel=\"noopener\">here<\/a>.<\/span><\/strong><\/p>\n<p>Well, the normal audience is going to discover a new project. The local musician comes to listen to other musicians and they meet each other. The international delegates meet here. Napoli World turns out then to be a place where things happen at all levels: artistic, cultural, for the city, for the delegates, for the artists.<\/p>\n<p>&nbsp;<\/p>\n<h4>HOW THIS EDITION OF NAPOLI WORLD WILL BE<\/h4>\n<p><strong>DM:<\/strong> And this year for the first time we have made an open call to the whole world and we will do a promotion with an official campaign when we have the selection of the artists. For the first time in 4 years we will have a program 3 or 4 months in advance. This for me is a dream, because never in my life did I have that opportunity to have the program so many months before\u2026 (Italy\u2026\ud83d\ude0a)<\/p>\n<p>This year we will have 16 showcases: 8 international and 8 national. We will have a special event on Thursday, in collaboration with the City Council of Marseille. And we will organize some activities, but also leaving free time, so that the delegates don\u2019t have an impossible schedule from 8 in the morning until 10 at night. There will be time to go out into the city. For me, professionally, it is much more interesting because informal relationships are created outside the fair.<\/p>\n<p>At the fair we will have 3 hours of speed meetings on Saturday morning and some panels that also serve us to gather everyone together in the morning.<\/p>\n<p>The venues are more or less all close. I think that is the problem of big events of that kind, having to decide because you have to move around. I prefer a smaller venue for the day, with day case, and a bigger venue at night, but so that people don\u2019t have to run and sacrifice one they want to see, because you really can\u2019t see everything.<\/p>\n<h4>WHAT NAPOLI WORLD BRINGS TO THE ARTISTS<\/h4>\n<p><strong>DM:<\/strong> Clearly, our intention is to be the center of an international network, but the effort is toward promoting the presence of Italian artists. For a long time now Puglia has supported artists and they have an important presence. But there are many independent professionals who don\u2019t know, don\u2019t find their place. They don\u2019t understand anything. I was also one of them. So I said to myself: \u201cWell, I want to do something that nobody did for me.\u201d So, to help the artists to meet people who can be relevant for their career.<\/p>\n<p>For example, now a Neapolitan group that played last year \u2013 they are called PS5 \u2013 is a jazz, world, a bit funk quintet, fucking great musicians who are very successful here in Naples, they\u2019re going to Sunfest because Alfredo Caxaj liked them and they also have a date in Toronto. And in the previous years, groups like Ars Nova Napoli and, above all, Suonno D\u2019Ajere, entered the international world music circuit through this.<\/p>\n<p>Besides, we have established a payment for the artists. I am very sensitive on this subject, but clearly, last year we couldn\u2019t. Many of the delegates even paid for their own trip because we had no money for anything. But we did cover the on-site expenses.<\/p>\n<p>This year we have established a fixed fee. For the internationals we have more support because they have to travel here. And the idea is that it doesn\u2019t have to be an expense for the musician, but an opportunity, at least you cover expenses, but you play your card, it\u2019s an opportunity. That is very hard to explain to the groups, especially in Italy, because we are very talented, but we are a bit lost. And, above all, because there is no continuity. In our case, the city council supports you one year and the next year, who knows. But the festival improved. It\u2019s not that they don\u2019t support you because no one came. No: about 2000 people came in two days, the theater was full. We have fantastic images. And in response to this, the logical thing would be for them to keep financing it. But last year it wasn\u2019t like that.<\/p>\n<p>So it\u2019s like a game of chance\u2026<\/p>\n<p>This is the story of Napoli World and MusicConnect Italy. This year we also have a small support from the Ministry of Culture for the first time, in addition to the city council.<\/p>\n<p><span style=\"color: #993300;\"><strong>AT: So, this year, as new elements, there\u2019s that open call for international artists. And I wanted to ask you something. You mentioned that you report back to the city council. If the groups from Naples are performing abroad after their participation in Napoli World, do you have any formal way to gather that information about the result? Or is it informal? Until now, you have been very much in contact with the artists who have performed, quite directly. But do you have or are you thinking of establishing some way to collect that information in a more formal way?<\/strong><\/span><\/p>\n<p><span style=\"color: #993300;\"><strong>Indeed, artists say \u201chow am I going to go if I\u2019m not getting paid.\u201d And then they say, for example: \u201cin the showcases, the waiter gets paid, the sound technician gets paid, and the musicians, who are the main figures, don\u2019t get paid.\u201d I, obviously, from my point of view, perfectly understand what a showcase entails. But the artists, as you say, complain that they\u2019re not being paid. So, if we had a way from your side to show that if you do a good showcase, look, the results are worth it. This was the outcome from last year. And this over the last 2 years. These groups did this concert, this collaboration, etc.<\/strong><\/span><\/p>\n<p><strong>DM:<\/strong> That can be done not only for the Italians, but also for the internationals, the UpBeat platform also monitors this. Because here international artists have been shown to international professionals. So, we discovered that it makes more sense for it to be an international showcase, because here relationships are formed on the Neapolitan stage, but many opportunities have emerged beyond that.<br \/>\nSo, we\u2019re going to prepare a list of the artists who have participated from 2021 to today, and what festivals and experiences they\u2019ve had.<\/p>\n<p><span style=\"color: #993300;\"><strong>AT: I\u2019ve already made three proposals for NapoliWorld. And I have experience in other showcases that did result in concerts for me afterwards.<\/strong><\/span><\/p>\n<p><span style=\"color: #993300;\"><strong>But a professional recently pointed out to me that sometimes you don\u2019t know that the concert you\u2019re being hired for came from that showcase, because it\u2019s 2 years later, or 3 years later. I understand that it\u2019s really difficult to keep track of these things. But I think that if there isn\u2019t even the intention to collect this information, then you really are lost. You have no data to hold on to. That\u2019s why I find it very important to have data in order to make arguments to the musicians and also to institutions, of course. You now have to fight every year with the city council of Naples. To obtain this support you will need strong arguments, right? And in the end, numbers are what are understood most easily.<\/strong><\/span><br \/>\n<span style=\"color: #993300;\"><strong>I sometimes miss in these kinds of events that formal intention to collect that information about the results. From what we\u2019ve talked about, I understand that you are indeed going to make that specific effort to track the results.<\/strong><\/span><\/p>\n<p><strong>DM:<\/strong> Without a doubt, without a doubt.<\/p>\n<p><span style=\"color: #993300;\"><strong>AT: And regarding the panels, how do you select them? Are there any particular topics you are interested in?<\/strong><\/span><\/p>\n<p><strong>DM:<\/strong> Each year it depends on the type of delegates. Last year we had an important delegation from Asia because people came from Korea, Taiwan and India. So, we focused on how to present oneself to the Asian market in those different countries. It\u2019s a way for people to get to know it, including myself. I didn\u2019t know, for example, that there are those 5 festivals in Taiwan, for example. So, on an informative level, a presentation is made of what the delegates do.<\/p>\n<p>The first year, in Pistoia, we did a panel on performers\u2019 rights. We had a small support from the society that manages them in Italy and we did a panel about those rights.<\/p>\n<p>But what I see, especially in the last fairs where I\u2019ve been, is that maybe the topics are too generic. For example, the digital in music dissemination. That cannot be a topic. What\u2019s it about? Because this kind of music doesn\u2019t follow the reasoning of playlists on Spotify. Of course, it also has to be on Spotify, but those are topics that are too scattered.<\/p>\n<p>So, our idea is to do panels that have a concrete focus and, above all, that the delegates are introduced. Last year Joan Rial came, the new director of MMVV, who replaced Marc Lloret *, whom we miss a lot, he was a friend and a wonderful person, and he told me, \u201c<em>Thanks, because it\u2019s the first time I\u2019m here as director, nobody knows me, and I\u2019m meeting the people I\u2019ll be dealing with in the coming months, so you\u2019re introducing me not only to the public and the participants, but to the delegates<\/em>.\u201d I find this very useful both for the musician who is listening and for the professional.<\/p>\n<p>As for the speed meetings\u2026 They are very controversial as a concept. I think it\u2019s important that there is a moment of direct interaction. They are open to everyone and we do them very informally. Since I know the type of festivals that are coming and I know the musician, I tell them to talk to certain people with whom their work might fit. Because you can be a very good musician but maybe a certain person is not going to be interested in what you do, because they have a different editorial line. So I try to do it, in a slightly informal way, in the moment, because no one ever did it for me when I was there, and I would go talk to festivals that would never have looked at me for anything, because they did completely different things.<\/p>\n<p>And so, it is also a moment that, if well managed, is not so exhausting for the delegate who has to sit there. And it has been important for many musicians. I\u2019m sure Joan might like a project by some very good musicians from here who do like electronic indie, and I saw that it fit in MMVV, so I told them to talk to him, because I think that\u2019s the place where they could present themselves. I\u2019m sure that, if not this year, it could be next year. But I\u2019m sure they will remember that conversation.<\/p>\n<p style=\"text-align: right;\"><span style=\"font-size: 14pt;\"><em><strong><span style=\"color: #808000;\">&#8220;You have to think in the long term. With a global perspective, because you can work with a long timeline, but with the whole world. That\u2019s a characteristic of this type of music that I think other styles don\u2019t have.&#8221;<\/span><\/strong><\/em><\/span><\/p>\n<p>And you have to think in the long term. With a global perspective, because you can work with a long timeline, but with the whole world. That\u2019s a characteristic of this type of music that I think other styles don\u2019t have. A festival might pop up in Kazakhstan\u2026 anywhere in the world, the world is big.<\/p>\n<p><span style=\"color: #993300;\"><strong>AT: Yes, I agree. It\u2019s niche music, but the niche is all over the world. It\u2019s not music that\u2019s a bit niche, but it\u2019s a niche for everyone.<\/strong><\/span><\/p>\n<h4>WHAT IS DAVIDE\u2019S BACKGROUND IN THE MUSIC WORLD<\/h4>\n<p><span style=\"color: #993300;\"><strong>AT: Besides Napoli World, you\u2019ve already talked several times about how you\u2019ve taken these steps before, going to speed meetings and so on. I want you to tell me about your label Agualoca and also, why do you do all this? What\u2019s your origin? Are you from a family of musicians, did you study music, or how was it?<\/strong><\/span><\/p>\n<p><strong>DM:<\/strong> Well, that\u2019s the question my therapist also asks me. (Laughter)<br \/>\nSince I was little, 15 years old, 16 years old, 20 years old, I had the dream of being a musician. I played piano and keyboards in pubs. I studied classical music, but always in private institutions, I studied jazz for a few years, composition and orchestra conducting with composers. At the same time, I was doing my degree in modern literature, in philology. I lived in Madrid doing a degree, because I was studying Spanish philology of the Middle Ages. So, I had those two lives. And at one point I realized that what I liked the most was music for images, because I really liked the idea of making music that related to the emotions of the video, of cinema. And I started working professionally very young. I did soundtracks for films.<\/p>\n<p>I went to the Venice Festival, the Berlin Festival\u2026 I started, also with luck, we were like a group of artists from here and with a director. We did the music for like a new wave of the new Neapolitan cinema. I\u2019m talking about the years 1996, 1997, up to about 2000.<\/p>\n<p>And from then on I started doing it professionally. I\u2019ve lived from music, always making soundtracks for documentaries, independent films, mainly, also a bit experimental&#8230; We did like electronic music mixed with played instruments. At that time it was something new. We carried computers to the stage, which were big. It wasn\u2019t like now. Powerful laptops didn\u2019t exist.<\/p>\n<p>We also did the Romaeuropa Festival, we played at the Venice Biennale\u2026 I had a good resume, but I was alone and I never found someone to help me. Because I worked as a musician, I didn\u2019t handle other aspects of the professional side, I didn\u2019t have tools to strengthen my career. So I realized later that I missed a lot of opportunities because I didn\u2019t know how to manage them. And there came a time when I started working less, but I knew musicians, here in Naples. I had the opportunity to have my own studio. So I said to myself, \u201c<em>Well, let\u2019s see: we\u2019re musicians from here. We have ideas, nobody helps us. How can we help ourselves?<\/em>\u201d<\/p>\n<h4>THE BIRTH OF THE LABEL AGUALOCA<\/h4>\n<p><strong>DM:<\/strong> So I thought about starting a record label. Why? Because when I was a professional musician, I also worked part-time at FNAC, selling records. That gave me experience of the \u201cmarket.\u201d And I saw with my own eyes how people bought, what they bought, what they didn\u2019t buy, what the perception of music was like. But at the same time I told myself there was a niche and I decided to talk to these people at FNAC, because out of every 10 records, one is of this kind of music not necessarily \u201ccommercial.\u201d Perfect. I want to be there.<br \/>\n&#8220;I saw with my own eyes how people bought, what they bought, what they didn\u2019t buy, what the perception of music was like. But at the same time I told myself there was a niche.&#8221;<br \/>\nSo I opened that label and started producing unpublished projects. The name was born in Madrid; that year I was on Erasmus and lived in Lavapi\u00e9s, which was an extraordinary neighborhood, and in the afternoons we went out to listen to music; on Sundays, friends came to the house of the Italian who cooked \ud83d\ude42 and one day I prepared a fish \u201call&#8217;acqua pazza,\u201d which is a way of cooking it in Neapolitan style. An Argentine friend asked me what that recipe was called and I gave him the literal translation into Spanish: \u201cal agua loca\u201d&#8230;<\/p>\n<p>Often, at night, we went to concerts and listened to fabulous \u201cworld\u201d selections at Surist\u00e1n, a venue that I\u2019m sure you know and have been to&#8230; I was so impressed by that style that I told myself: one day I will open a record label and I will call it Agualoca Records, and it will produce music like this. Thirteen years later, my prophecy came true&#8230;<\/p>\n<p>Within that, there was a project of mine, Orchestra Joub\u00e8s with Antonio Fraioli, the violinist of Spaccanapoli, a historic group from Naples produced by Real World, and now violinist of Vesevo, whose album I just released and that was also in our catalog. And with Ernesto Nobili, who is the artistic producer of Maria Mazzotta and Flo. I started with Flo. And I also published Ilaria Graziano and Francesco Forni. There was a moment when I was so excited and so happy that I took on a lot of productions. And then there came a moment when I realized I didn\u2019t have time to play. Everyone was asking me to release their records, I put myself in the most uncomfortable position in the world. But in the end I started or helped in the career of many people. I liked that because it was like the support I hadn\u2019t had when I was a musician and looking for someone like me. I did more or less the same path in cinema, because I am above all an audiovisual producer. I am a producer of documentaries, of an independent film\u2026 Because, with my experience in post-production, music, sound\u2026 That also grew.<\/p>\n<p style=\"text-align: right;\"><em><strong><span style=\"color: #808000; font-size: 14pt;\">&#8220;There came a moment when I realized I didn\u2019t have time to play. Everyone was asking me to release their records, I put myself in the most uncomfortable position in the world. But in the end I started or helped in the career of many people.&#8221;<\/span><\/strong><\/em><\/p>\n<p>And it was in those years, when I was with the label, that I started attending markets, like Medimex. I went with my idea of an editorial line production, with some artists\u2026 And I met Fabio. He had all his experience with Eugenio Bennato, he had had his club in Naples for years\u2026 He was older than me, more experienced. So, I really liked him. The relationship was very easy. And he told me: \u201cI<em>\u2019ve listened to Flo, I really like her. I want to be her manager<\/em>.\u201d<\/p>\n<p>So I put them in contact. I sent Fabio everything I had of Flo and he told me: \u201c<em>Look, I\u2019ve seen everything you have: Flo doesn\u2019t need a manager because you are the manager<\/em>.\u201d (Laughter)<\/p>\n<p>I had no idea. I just did the things the project needed, but I never positioned myself as a \u201cmanager.\u201d So he taught me what it meant to be a manager. So, Fabio wanted to do it but together. I realized he was the person who knew things I didn\u2019t and, also, we are very complementary. That\u2019s how the relationship with him started. There was a moment when Flo went with another manager. Well, she changed her direction.<\/p>\n<h4>THE SEED OF THE IDEA TO CREATE A NETWORK<\/h4>\n<p><strong>DM: <\/strong>And Fabio and I for a year went to markets, thinking about what to do, but we didn\u2019t have an artist. But what we always noticed was that there were no Italian stands. Italians who aren\u2019t from Puglia are scattered\u2026 So we started that idea of creating a network. We took charge of bringing everyone together. At the beginning, we set a minimum fee that each one paid. And we had the possibility to say, \u201cWOMEX: we\u2019re Italians, we are 40, give us a discount.\u201d And then thanks to our work, many Italians who hadn\u2019t spoken to each other until then started talking. We had the Italian stand up to Tampere, in Finland, 2019. And that year I was also invited as a panelist at WOMEX.<\/p>\n<p>That year SIAE came, the Italian authors\u2019 society, to see what was happening. There was a new agency that was investing in the internationalization of Italian projects around the world. And from then on, they took control and started managing it themselves. So Fabio and I weren\u2019t going to be competitors of SIAE, so we went back to being delegates, now within a group managed by SIAE.<\/p>\n<p>But something was still missing. At that moment, the stands were bought by SIAE and the Italians already had a discount and had structures. So that was solved. At the beginning, even the Italians weren\u2019t in the same place. Puglia was in one place, a festival in another\u2026 So, if there\u2019s one piece of work I can say was our idea and that gave results, it\u2019s that one. Now, an Italian who goes to a fair, WOMEX, Babel Music XP\u2026 whatever it is, has a structure that you didn\u2019t have before unless you were from Puglia.<\/p>\n<p>So now that that\u2019s solved, there\u2019s no showcase in Italy. Medimex became a more mainstream festival, with incredible concerts. I saw Iggy Pop in Bari, the Chemical Brothers\u2026 but it had nothing to do with the original spirit, which was MEDIterranean Music EXpo. But they do f***ing great concerts.<\/p>\n<p style=\"text-align: right;\"><span style=\"font-size: 14pt;\"><em><strong><span style=\"color: #808000;\">&#8220;But the dream has always been to do a showcase ourselves and the possibility of doing it in Naples, for me, was a total surprise&#8221;<\/span><\/strong><\/em><\/span><\/p>\n<p>But the dream has always been to do a showcase ourselves and the possibility of doing it in Naples, for me, was a total surprise, because I had never had support in my city in my life.<\/p>\n<p style=\"text-align: center;\"><span style=\"color: #008080; font-size: 14pt;\"><strong>Davide has a relevant career in the audiovisual world. One of his recent works is the film Querido Fidel, of which he was executive and associated producer. It is available for instance <a style=\"color: #008080;\" href=\"https:\/\/www.filmin.es\/pelicula\/querido-fidel\" target=\"_blank\" rel=\"noopener\">in Filmin<\/a>.<\/strong><\/span><\/p>\n<p>Apart from this, now I\u2019m also working on 2 documentaries that are about to be finished. But now, in this part of the year, we are going to work mainly on Napoli World, because we have time, we have the chance to spread it as much as we can.<\/p>\n<p>What I like most about all of this is that now the festival is known in the city. People know, people come to discover concerts. And that is very important to me, it\u2019s like a cultural vehicle for a city where there is a lot of tourism, a lot of interest. It\u2019s a clearly very sectoral cultural proposal. In Naples there are very mainstream proposals, and a lot of classical music, there\u2019s a very important baroque music tradition\u2026 But something like this didn\u2019t exist in Naples. I\u2019m very happy and proud of this.<\/p>\n<p style=\"text-align: center;\"><span style=\"color: #008080; font-size: 14pt;\"><strong>The latest release by Agualoca Records is <em>Vocazioni<\/em>, by Ra di Spina. Here it is the playlist of the album:<\/strong><\/span><\/p>\n<p><iframe loading=\"lazy\" title=\"Madonni quant&#039; \u00e8 jirti stu palazzo\" width=\"1170\" height=\"878\" src=\"https:\/\/www.youtube.com\/embed\/7QFAMlhOZvQ?list=OLAK5uy_lWvY0q2PV7xRqCROYMihrghDHrdzoFvgw\" frameborder=\"0\" allow=\"accelerometer; autoplay; clipboard-write; encrypted-media; gyroscope; picture-in-picture; web-share\" referrerpolicy=\"strict-origin-when-cross-origin\" allowfullscreen><\/iframe><\/p>\n<p>&nbsp;<\/p>\n<h4>THE MEANING OF A RECORD LABEL TODAY<\/h4>\n<p><strong><span style=\"color: #993300;\">AT: And you\u2019re still releasing records with the label.<\/span><\/strong><\/p>\n<p><strong>DM:<\/strong> Yes. Now, after many years that I had abandoned it a bit, now, we have released the album by Ra di Spina, a project that premiered at Napoli World, whose manager is Andrea Saladino, a guy who collaborates with us, who goes to the fairs. It\u2019s one of the projects that fits into that larger structure, which is the showcase, the international presence. And clearly now, the record label part.<\/p>\n<p style=\"text-align: right;\"><strong><span style=\"color: #808000;\"><span style=\"font-size: 14pt;\"><em>&#8220;I like the idea that it can be a label that continues releasing interesting musical projects.&#8221;<\/em><\/span><\/span><\/strong><\/p>\n<p>Well, the numbers are very low, but there was a time when I also had distribution in all the countries of Europe, until 2015 or 2016. Through distribution, not through concerts, I\u2019ve sold like 15,000 CDs, in 6 years, which, for me, are incredible numbers, because we\u2019re talking about completely new projects in the time of the beginning of the definitive end of physical formats. Of course, with promotional support. But we didn\u2019t have major label tools. But I like the idea that the label continues to live, because everything started from there. And I like the idea that it can be a label that continues releasing interesting musical projects, not only Italian ones.<\/p>\n<p>Of course, it\u2019s no longer my main activity, but now I have a bit of experience, and I know that things can be done without incredible budgets. But now, printing the discs and spreading them is a promotion. The numbers are not interesting at an economic level, but they are interesting at a promotional level.<\/p>\n<p>I\u2019m from the generation of independent labels that had their editorial line and their projects. I stick with that. That I think still makes sense. It\u2019s harder, in my experience, to explain it to the new generations, those under 35, it\u2019s very hard, because they have another attitude, completely. They imagine a world that\u2026 They expect things that maybe don\u2019t exist.<\/p>\n<p><span style=\"color: #993300;\"><strong>AT: In relation to recorded music or what?<\/strong><\/span><\/p>\n<p><strong>DM:<\/strong> Yes. They expect presence, numbers\u2026 Why don\u2019t we play more? The usual things. Results in minimal time.<\/p>\n<h4>THE VISION FROM THE ARTIST&#8217;S SIDE<\/h4>\n<p><span style=\"color: #993300;\"><strong>AT: I think that\u2019s always been the case, it really depends a bit on the person. But I do think something is missing for artists. Opportunities to learn. I get proposals from bands looking for agents and managers every day, and I always try to be very didactic. They have no idea how to approach someone like me. But how could they have learned? There are no ways. It\u2019s very hard for artists. You said it too, that you used to go to fairs and didn\u2019t know how to do things. It\u2019s true.<\/strong><\/span><\/p>\n<p><span style=\"color: #993300;\"><strong>So I try to be compassionate and didactic with them. But they don\u2019t understand everything it involves\u2026 When someone comes to me and says: \u201cI want you to be my agent, we have a concert in France. I want you to find me concerts in Spain and so on.\u201d They can\u2019t imagine everything it takes to be able to do those things. I mean, \u201cWhy should I dedicate time to you and not to any other project when there are 20,000 groups like yours, that are also good? Why should it be you?\u201d And it\u2019s hard for them. They\u2019re very caught up in themselves. You\u2019re an artist too. So I imagine you understand how they\u2019re caught up in themselves and how hard it is to step out and perceive the whole picture of the enormous competition that exists globally right now.\u00a0<\/strong><\/span><span style=\"color: #993300;\"><strong>They have to learn over time.<\/strong><\/span><\/p>\n<p><strong>DM:<\/strong> Well, life gave me the luck of going through a role that wasn\u2019t mine. Stepping outside of myself, from the idea where you say \u201cWell, I work hard. The music is good. People like it. Why don\u2019t I reach what I want?\u201d That\u2019s a very personal level.<\/p>\n<p style=\"text-align: right;\"><strong><em><span style=\"color: #808000; font-size: 14pt;\">&#8220;You want to go on that adventure that is like traveling on a plank across the ocean. The difference is whether you\u2019re there with oars or without oars.&#8221;<\/span><\/em><\/strong><\/p>\n<p>I\u2019m also lucky that my parents are psychologists. My father told me at the beginning: \u201cYou want to be a musician. Perfect. But remember that you have to manage yourself, there will be moments of very deep depression, moments of great exaltation. And you have to manage all this. And that\u2019s not easy, I think. If you can manage this, maybe you can have that career.\u201d But it\u2019s what I always tell the musicians I work with: \u201cIf it goes very well, okay, calm. If it goes very badly, let\u2019s not shoot ourselves because things can change suddenly.\u201d I\u2019ve seen that so many times, right? I think this is the hardest point of all. Because there is a moment of imponderability, when you don\u2019t know if you will make it or not. So you want to go on that adventure that is like traveling on a plank across the ocean. The difference is whether you\u2019re there with oars or without oars. But having oars doesn\u2019t mean you\u2019ll get there.<\/p>\n<p style=\"text-align: right;\"><span style=\"color: #808000; font-size: 14pt;\"><em>&#8220;The list of composers registered in the UK authors\u2019 society is 5,000. Do you still want to do this? First thing: the world is not waiting for you..&#8221;<\/em><\/span><\/p>\n<p>After my degree I moved to England, where I studied music for films at an English university, with a very important professor from the BBC, Stephen Deutsch, with a lot of experience. On the first day he told us: \u201cWell, you are 10 composers. Well, the list of composers registered in the UK authors\u2019 society is 5,000. Do you still want to do this? First thing: the world is not waiting for you.\u201d Everyone has their own way of managing this.<\/p>\n<p><span style=\"color: #993300;\"><strong>AT: That quote is amazing, Davide: \u201cThe world is not waiting for you.\u201d<\/strong><\/span><\/p>\n<p><strong>DM:<\/strong> That\u2019s true, because no one was waiting for me.<\/p>\n<p><span style=\"color: #993300;\"><strong>AT: Yes, yes, exactly, you have to find your place. But it\u2019s difficult\u2026 I think artists, also, in their whole environment, people tell them: \u201cOh, how wonderful! How beautiful! How well you sing!\u201d Everyone around them tells them that, so it\u2019s hard to see the big picture of who you\u2019re competing with, which is the whole world. Also, with this kind of music, it\u2019s literally with the whole world.\u00a0So it takes an effort to step out of your environment that applauds you and think that you are a drop in the ocean of art in the world.<\/strong><\/span><\/p>\n<p><strong>DM:<\/strong> But that can happen when you have the need to step out of that, because you say \u201cOk, I have this now. Now I want to go further.\u201d So I think everyone who builds an artistic career wants to go further. And at that moment they come up against reality.<\/p>\n<p>What I do with films is worse. We do one of the sessions watching a cut. We show it, to whom? Choosing the producer friend, the cinephile friend, some people from the sector, a few, to get feedback. Because when you\u2019re inside something, it may be that you don\u2019t realize it. And so often there are like 6 people and 4 tell you the same thing, that they\u2019re not convinced\u2026 That, for me, means it\u2019s like that: it needs to be changed. And they are people who are completely different. I\u2019m used to this from working in film. I took part a lot in those post-production sessions. The film is shown to the producer. \u201cWhat will the producer say? Oh, the producer doesn\u2019t understand anything.\u201d Doesn\u2019t understand anything, but is producing your film, so they have the right to tell you what they think. Do you know how many times I\u2019ve seen directors fighting?<\/p>\n<p style=\"text-align: right;\"><em><strong><span style=\"color: #808000; font-size: 14pt;\">&#8220;You can\u2019t risk what might be the only moment you have to launch a project, because the project is not ready yet. There are projects that need to grow.&#8221;<\/span><\/strong><\/em><\/p>\n<p>I think it\u2019s kind of the same. I can\u2019t sell you, I can\u2019t propose you if I\u2019m not 100% sure of what I\u2019m proposing, because you can see it in my face. And it makes me look bad if the concert doesn&#8217;t go well. There will have to be rehearsals and tests. You can\u2019t risk what might be the only moment you have to launch a project, because the project is not ready yet. There are projects that need to grow.<\/p>\n<p><span style=\"color: #993300;\"><strong>AT: You\u2019ve explained a lot of things I wanted to ask you so I\u2019ll just ask if you have anything else you want to share or any final thoughts.<\/strong><\/span><\/p>\n<h4>WHY KEEP BETTING ON NAPOLI WORLD<\/h4>\n<p><strong>DM:<\/strong> Well, about Napoli World, it gives me strength in the field of entrepreneurship because I think it\u2019s a contribution, small, but one I can give, with my experience also as a musician.<\/p>\n<p><span style=\"color: #993300;\"><strong>AT: Yes. I think so too, honestly. Look, you were at the MUM** fair last year. I think it\u2019s going to do a lot of good. It\u2019s in Extremadura. My mother is from Extremadura and it\u2019s a region that\u2019s a bit forgotten by God\u2026 And I think that\u2019s going to change. It\u2019s going to make Extremadura emerge as a new relevant creation center for music in the medium term. It\u2019s still on the way, I think, because there still aren\u2019t so many good artistic proposals. But I think it\u2019s necessary to give artists some spaces, even to projects that are still mediocre. But if people don\u2019t see that there are places where they can show their art, they won\u2019t do it. Artistic projects won\u2019t be created and everything will stay the same.<\/strong><\/span><\/p>\n<p><strong>DM:<\/strong> I didn\u2019t go this year because on those same days I was in Cape Verde at AME, but I\u2019ve been several times, both in M\u00e9rida and when it was held in Villafranca de los Barros. It\u2019s a dimension I like because it\u2019s the kind of place where you can make human and interesting relationships.<\/p>\n<p><strong><span style=\"color: #993300;\">AT: So you\u2019re absolutely right about what you\u2019re saying. Also, to make other regions of Italy visible aside from Puglia.<\/span><\/strong><\/p>\n<p><strong>DM:<\/strong> Yes, we collaborate. Now also the region of Emilia Romagna is investing money in music. So, Emilia Romagna Region, Puglia and we are the Italians who are present at the fairs. But they are institutional. It\u2019s another story. We, as an independent company, cultural association\u2026 never, we were never in competition with them and it has taken years to explain that it\u2019s us, Davide and Fabio. What can we do in comparison with the region of Puglia? We support. Up to this year we asked them to put us in their Puglia stand, because I don\u2019t have one and I don\u2019t want to go to the bar with the delegate. The following year I said to myself: \u201cWell, this year I want a stand where there are x Italians, mixed, plural.\u201d But I really have to say that the region of Puglia in Italy is one of the few regions that has always made a great investment in culture. In the 90s it had a regional president from the left, from a party that was born after the end of the Italian Communist Party. It was the only experience of regional government in the south in the 90s, because in the 70s there were already some mayors, but in the regions, never\u2026 And they continue doing it. The form of government changed, but they kept that idea. In cinema, in music, in culture. That has been a very important experience in the Italian cultural landscape.<\/p>\n<p><span style=\"font-size: 10pt;\">* In the interview Davide mentions Marc Lloret, the former director of Mercat de Musica Viva de Vic. Marc died of lung cancer last February at his 51 years old. You can read more in the newspapers, for instance, <a href=\"https:\/\/elpais.com\/espana\/catalunya\/2025-02-02\/muere-a-los-51-anos-marc-lloret-teclista-de-mishima-y-exdirector-del-mercat-de-musica-viva-de-vic.html\" target=\"_blank\" rel=\"noopener\">here.<\/a><br \/>\n<\/span><span style=\"font-size: 10pt;\">** I talked about the MUM fair earlier on several occasions. For instance, <a href=\"https:\/\/www.mapamundimusica.com\/en\/newsletter\/april-25-talk-with-sofia-labropoulou-about-unbounded-sounds-update-from-efn-new-calls-and-82\/\" target=\"_blank\" rel=\"noopener\">here<\/a>. It is a showcase-conference-festival in Extremadura region, in Spain, that I have attended several ocasions. The website is <a href=\"https:\/\/extremum.agcex.org\/programa\/\" target=\"_blank\" rel=\"noopener\">this<\/a>.<\/span><\/p>\n<table style=\"border-collapse: collapse; width: 100%;\">\n<tbody>\n<tr>\n<td style=\"width: 100%; background-color: #ffd4d4;\">Davide sent me the links to all his releases on Spotify, so here you are:<\/p>\n<p>\u00b7 ALCD001 &#8211; SINETERRA &#8211; <a href=\"https:\/\/open.spotify.com\/intl-it\/album\/32SjetMCzd0BhcvhO5Ccz9\" target=\"_blank\" rel=\"noopener\">Fadisia<\/a><br \/>\n\u00b7 ALCD002 &#8211; ORCHESTRA JOUBES <a href=\"https:\/\/open.spotify.com\/intl-it\/album\/32SjetMCzd0BhcvhO5Ccz9\" target=\"_blank\" rel=\"noopener\">self titled<\/a> (Davide&#8217;s band!!!)<br \/>\n\u00b7 ALCD003 &#8211; SULLE RIVE DEL TANGO &#8211; <a href=\"https:\/\/open.spotify.com\/intl-it\/album\/5RtW5AwUKbDlxAQdOmqhMG?si=8BcwpJtLSSiO1rVNJ37svA\" target=\"_blank\" rel=\"noopener\">milonga madre<\/a> SINGLE digital &#8211; physical copies to sale)<br \/>\n\u00b7 ALCD004 &#8211; DRIVING MRS. SATAN &#8211; <a href=\"https:\/\/open.spotify.com\/intl-it\/album\/1CYbfgLqvJoYxRyPWKrYU4\" target=\"_blank\" rel=\"noopener\">Popscotch<\/a><br \/>\n\u00b7 ALCD005 &#8211; FLO &#8211; <a href=\"https:\/\/open.spotify.com\/intl-it\/album\/1yRDqRr6dkAiQaXBiOOlvm\" target=\"_blank\" rel=\"noopener\">D&#8217; amore e di altre cose irreversibili<\/a><br \/>\n\u00b7 ALCD006 &#8211; SULLE RIVE DEL TANGO &#8211; <a href=\"https:\/\/open.spotify.com\/intl-it\/album\/1M9TRtgwiBkmY3ji0TJBFY\" target=\"_blank\" rel=\"noopener\">Aniversario<\/a> (physical double version)<br \/>\n\u00b7 ALCD007 &#8211; ILARIA GRAZIANO &amp; FRANCESCO FORNI &#8211; From Bedlam to Lenane (only physical reprint)<br \/>\n\u00b7 ALCD008 &#8211; VESEVO &#8211; <a href=\"https:\/\/open.spotify.com\/intl-it\/album\/1B2qR7ZQAaPLiaXTM29G1s\" target=\"_blank\" rel=\"noopener\">self titled<\/a><br \/>\n\u00b7 ALCD009 &#8211; DRIVING MRS. SATAN &#8211; <a href=\"https:\/\/open.spotify.com\/intl-it\/album\/49OR3MDnHGJb66r2rA2Y0c?si=HB8x9bEwSiOrT_RWMuFzvw\" target=\"_blank\" rel=\"noopener\">Did you Mrs. me?<\/a><br \/>\n\u00b7 ALCD010 &#8211; EMA YAZURLO &amp; QUILOMBO SONORO &#8211; <a href=\"https:\/\/open.spotify.com\/intl-it\/album\/4slqu4iiBhkzOoBBR8wcgV?si=VFy1jkR_SByck-OrCXtr9w\" target=\"_blank\" rel=\"noopener\">self titled<\/a><br \/>\n\u00b7 ALCD011 &#8211; FLO &#8211; <a href=\"https:\/\/open.spotify.com\/intl-it\/album\/5SXFJCOwsknwATckIzZ9eB?si=a2d8ab4c62d44d8d\" target=\"_blank\" rel=\"noopener\">il mese del rosario<\/a><br \/>\n\u00b7 ALCD012 &#8211; ILARIA GRAZIANO &amp; FRANCESCO FORNI &#8211; Come 2 me &#8211; (only physical reprint)<br \/>\n\u00b7 ALCD013 &#8211; BARO DROM ORKESTAR &#8211; <a href=\"https:\/\/open.spotify.com\/intl-it\/album\/5OdLsoC9DdrWXz4wsynDCY\" target=\"_blank\" rel=\"noopener\">Genau!<\/a><br \/>\n\u00b7 ALCD014 &#8211; FANFARA STATION &#8211; <a href=\"https:\/\/open.spotify.com\/intl-it\/album\/3WHHaX7J7iDTa7JJhvRsSH\" target=\"_blank\" rel=\"noopener\">Tebourba<\/a><br \/>\n\u00b7 ALCD015 &#8211; MARIA MAZZOTTA &#8211; Amoreamaro &#8211; (out of stock after the licence got back to Zero Nove Nove)<br \/>\n\u00b7 ALCD016 &#8211; RA DI SPINA &#8211; <a href=\"https:\/\/open.spotify.com\/intl-it\/album\/6obMhCJLyKhHI6UvCqFKTr\" target=\"_blank\" rel=\"noopener\">Vocazioni<\/a><\/td>\n<\/tr>\n<\/tbody>\n<\/table>\n<p style=\"text-align: center;\"><span style=\"font-size: 18pt;\"><strong>Thank you, Davide!!!<\/strong><\/span><\/p>\n<p>&nbsp;<\/p>\n<hr \/>\n<h3>A LITTLE SOMETHING FROM MY SIDE:<\/h3>\n<h4>Mustafa Said&#8217;s new album, Maqam Pilgrims<\/h4>\n<p>In 2019, the gala and ceremony of the Aga Khan Music Awards took place in Lisbon in 2019. Mustafa Said won. This is now history. He performed alone with his oud and his thrilling voice. For me it was a combination of freshness and surprise at every moment, grounded in his deep knowledge of classical Arabic music. By then, Said had already released four albums and had founded the Asil Ensemble. I never forgot that performance. The competition was fierce, and the artistic level was outstanding. Even so, Said\u2019s victory filled me with joy.<\/p>\n<p>It is now an honor for Mapamundi M\u00fasica, six years later, to collaborate with the Aga Khan Music Program to share Mustafa Said\u2019s new work with you. The album is produced in CD too. If you need more information, just let me know.<\/p>\n<h5 style=\"text-align: center;\">\ud83c\udfb6Listen to the extraordinary <em>Maqam Pilgrims<\/em>, <a href=\"https:\/\/www.youtube.com\/watch?v=kSK-HC5oFik&amp;list=OLAK5uy_ljMZQXJbkYppjv5lD44Tcsm2K95km5txM&amp;index=1\" target=\"_blank\" rel=\"noopener\">here<\/a>.<\/h5>\n<p><a href=\"https:\/\/www.youtube.com\/watch?v=kSK-HC5oFik&amp;list=OLAK5uy_ljMZQXJbkYppjv5lD44Tcsm2K95km5txM&amp;index=2\" target=\"_blank\" rel=\"noopener\"><img loading=\"lazy\" decoding=\"async\" class=\"aligncenter\" src=\"https:\/\/mcusercontent.com\/993c677d53044839b1b39b2dc\/images\/26d8dc4a-f2d1-020d-3ee8-fbe1d965aee0.png\" width=\"665\" height=\"661\" align=\"center\" data-file-id=\"6072664\" \/><\/a><\/p>\n<hr \/>\n<h4><\/h4>\n<h4>TWO VENUES FOR THE HIDE AND SEEK FESTIVAL 2025 HIGHLIGHTED BY PETER VAN ROMPAEY<\/h4>\n<p>The Hide and Seek Festival brings together two things that, to me, don\u2019t usually go together. First, it takes place in spaces that are generally closed to the public \u2014 and even more so when it comes to concerts. And then it goes a step further with the kind of programme it offers, which follows the spirit of MuziekPublique\u2019s work. You can check out the programme <a href=\"https:\/\/muziekpublique.be\/hide-seek-festival-2025\/\" target=\"_blank\" rel=\"noopener\">here<\/a>.<\/p>\n<p>I asked Peter Van Rompaey to highlight two of the unusual venues for the festival on its 10th edition. He selected two venues: the Council of State and the Palace of the Academies.<\/p>\n<p>About them, Peter explained this (I am sharing his words):<\/p>\n<h6><img loading=\"lazy\" decoding=\"async\" class=\"alignright\" src=\"https:\/\/mcusercontent.com\/993c677d53044839b1b39b2dc\/images\/70d95a9b-ef38-7099-9d93-9e0ff86f4746.jpg\" width=\"501\" height=\"376\" align=\"right\" data-file-id=\"6072632\" \/>\ud83d\udd38 Council of State<\/h6>\n<p>(picture <a href=\"https:\/\/commons.wikimedia.org\/w\/index.php?curid=867595\" target=\"_blank\" rel=\"noopener\">By User:Ben2 &#8211; Travail personnel (selfmade), CC BY-SA 3.0<\/a>) \u27a1\ufe0f<br \/>\nWe are in two places: the ancient ballroom and the ancient court room.<\/p>\n<p>\u25ab\ufe0f<strong> The ancient ballroom<\/strong><br \/>\nSome places are usually reserved for suits and official summonses, the ballroom of the Council of State is one of them. But this year, you are invited to an extraordinary concert in this rarely seen Brussels gem. Imagine a discreet neoclassical palace, hidden in the heart of the European quarter, built between 1858 and 1860 by none other than Alphonse Balat, the royal architect behind the reconstruction of the Royal Palace and the famous Royal Greenhouses of Laeken.<\/p>\n<p>At the heart of this magnificent mansion lies a magnificent ballroom where people once waltzed all night long and where, until recently, high-level gatherings met under a dazzling XXL crystal chandelier. Framed by two large tapestries telling stories and legends from Flanders and Wallonia, the hall even hides a charming musicians&#8217; balcony, a nod to the chamber music evenings of another era.<br \/>\n<img loading=\"lazy\" decoding=\"async\" class=\"alignleft\" src=\"https:\/\/mcusercontent.com\/993c677d53044839b1b39b2dc\/images\/7c3e14a4-e631-80b3-f89d-bc83c22a6fda.jpeg\" width=\"250\" height=\"332\" data-file-id=\"6072633\" \/><br \/>\nThe Marquis of Assche once called this place home. So did Prince Albert and Princess Elisabeth, and King Lepold III was born there. American ambassadors followed. And now, for one night only, you are invited to enter this world of power and history. Come and experience a concert that is anything but ordinary.<\/p>\n<p>\u25ab\ufe0f<strong>The ancient court room<\/strong><br \/>\nPicture by Peter Van Rompaey.<\/p>\n<p>&nbsp;<\/p>\n<h5>\ud83d\udd38The palace of the Academies \u2b07\ufe0f<\/h5>\n<p>Once a royal palace, now a temple of knowledge, the Palais des Acad\u00e9mies is one of Brussels\u2019 best-kept treasures. Originally built for the Prince of Orange, this neoclassical masterpiece has been home to Belgium\u2019s top scientific and artistic academies since 1876, including the Royal Academy of Science, Letters and Fine Arts and the Royal Academy of Medicine.<\/p>\n<p>Behind its majestic columns, you\u2019ll find grand staircases, opulent salons, historic artworks and period furniture, the kind of setting that whispers history and elegance. For one night only, this place of wisdom becomes a stage for music, mystery and magic.<\/p>\n<p style=\"text-align: center;\">Picture by Peter Van Rompaey<br \/>\n<img loading=\"lazy\" decoding=\"async\" class=\"\" src=\"https:\/\/mcusercontent.com\/993c677d53044839b1b39b2dc\/images\/ae502067-8279-5f3b-59c1-c74d2bb17876.jpeg\" width=\"739\" height=\"492\" align=\"center\" data-file-id=\"6072634\" \/><\/p>\n<p>&nbsp;<\/p>\n<h4>BRIEF NEWS FROM THE MEDIA, CHARTS AND SISTER PROJECTS <img loading=\"lazy\" decoding=\"async\" class=\"alignright\" src=\"https:\/\/mcusercontent.com\/993c677d53044839b1b39b2dc\/images\/e032fb01-1481-4ae7-a53d-1b163dd4572c.jpg\" width=\"180\" height=\"180\" align=\"right\" data-file-id=\"4734514\" \/><\/h4>\n<hr \/>\n<p>\ud83d\udd38#1 for <a href=\"https:\/\/www.transglobalwmc.com\/charts\/june-2025-chart\/\" target=\"_blank\" rel=\"noopener\">Transglobal World Music Chart in June of 2025<\/a> is: Adrian Raso &amp; Fanfare Cioc\u0103rlia&#8217; The Devil Rides Again (Asphalt Tango)<\/p>\n<hr \/>\n<p>\ud83d\udd38<a href=\"https:\/\/mundofonias.com\/wp\/?p=8787\" target=\"_blank\" rel=\"noopener\">Mundofon\u00edas<\/a>: the three favourite of the month are Marc Crofts Klezmer Ensemble&#8217;s Urban myths (Fr\u00e9meaux &amp; Associ\u00e9s), Assafir&#8217;s Travers\u00e9es (Rakomelo) and Kaabi Kouyat\u00e9&#8217;s Tribute to Kandia (Buda Musique).<br \/>\n<img loading=\"lazy\" decoding=\"async\" class=\"aligncenter\" src=\"https:\/\/mcusercontent.com\/993c677d53044839b1b39b2dc\/images\/c92919cc-7935-7789-f906-ccdf919b1aac.jpg\" width=\"835\" height=\"276\" align=\"center\" data-file-id=\"6072642\" \/><\/p>\n<p>&nbsp;<\/p>\n<hr \/>\n<p>&nbsp;<\/p>\n<table style=\"border-collapse: collapse; width: 100%;\">\n<tbody>\n<tr>\n<td style=\"width: 100%; background-color: #ffd4d4;\">\n<p style=\"text-align: center;\"><span style=\"font-size: 14pt;\"><strong>Do you have a call of interest for our community that you want to share? Let me know asap<\/strong><\/span><\/p>\n<\/td>\n<\/tr>\n<\/tbody>\n<\/table>\n<p>&nbsp;<\/p>\n<h2>OPEN CALLS<\/h2>\n<p>This section is open for news. It is free of charge. You can let me know if you have any open call of relevance to the community.<\/p>\n<h5>NEW IN THE NEWSLETTER:<\/h5>\n<h6>\ud83d\udd38 Babel Music XP<\/h6>\n<p>Call for applications open until July 19, 2025. I\u2019ve attended the past three editions. In this year\u2019s edition, as I had mentioned in previous ones, I took part in a roundtable moderated by FAMDT, which gave me the chance to reflect on very important and deep topics, and to share that moment with the other speakers \u2014 something I truly enjoyed.<\/p>\n<p>This year, all panels had simultaneous interpretation, which I deeply appreciated and saw as a strong gesture towards a more international audience.<\/p>\n<p>I think I\u2019ll be submitting several artistic proposals. For now, I\u2019m sharing a few key points and invite you to <a href=\"https:\/\/babelmusicxp.com\/\" target=\"_blank\" rel=\"noopener\">visit the official website<\/a> in case you\u2019re interested in sending proposals or attending as a delegate.<\/p>\n<p>\u25ab\ufe0f<strong>What is it about?<\/strong><br \/>\nAccording to their website:<br \/>\n&#8220;A career accelerator and a showcase on an international scale, Babel Music XP stands out as an incredible amplifier of global musical diversity.<br \/>\nWith 1,800 professionals, over 50 countries from 4 continents, and 10,000 spectators, the 3rd edition of Babel Music XP in March 2025 generated real excitement, drawing numerous international delegations.&#8221;<\/p>\n<p><strong>\u25ab\ufe0fWhat do they cover?<\/strong><br \/>\n\u00b7 Minimum wages for every artist \/ musician \/ 1 technician on stage (direct contract with Babel Music XP or performance contract with the production, minimum union wage). &#8211; I have search how much is it and I found that it is 175 \u20ac gross per person (from <a href=\"https:\/\/musiquesactuelles.net\/events\/diffusion-du-spectacle-vivant-aide-aux-festivals-927\/\" target=\"_blank\" rel=\"noopener\">this source<\/a>). I don&#8217;t know how much it is net.<br \/>\n\u00b7 Accommodation in a twin room on the night of the performance for artists + 1 technician<br \/>\nAirport transfers \/ Rail transfers to the hotel and venue \u2013 only available from Wednesday 18th March and Sunday 22nd March.<br \/>\n\u00b7 An evening meal on the night of the performance for artist and the technician and 1 representative of management. Light refreshments backstage for all groups.<br \/>\n\u00b7 Accreditation passes for the artists and technicians + 1 representative of the group.<br \/>\n\u00b7 Basic, shared light, sound equipment &amp; backline (they have a backline list but I haven&#8217;t found it on the website &#8211; so check with them in case of special needs).<br \/>\n\u00b7 Professional technical assistance (sound, lighting, stage management).<br \/>\n\u00b7 Information on selected groups and artists on Babel Music XP communications.<\/p>\n<p><img loading=\"lazy\" decoding=\"async\" class=\"aligncenter\" src=\"https:\/\/mcusercontent.com\/993c677d53044839b1b39b2dc\/images\/a825e27e-6591-3454-3ee3-3594096533a6.png\" width=\"704\" height=\"201\" data-file-id=\"6072644\" \/><\/p>\n<h6>\ud83d\udd38 Napoli World<\/h6>\n<p>THIS SECTION REPEATS SOME OF THE EARLIER CONTENT, PRIOR TO DAVIDE\u2019S INTERVIEW.<br \/>\n<img loading=\"lazy\" decoding=\"async\" class=\"alignright\" src=\"https:\/\/mcusercontent.com\/993c677d53044839b1b39b2dc\/images\/b770e8a5-b479-470d-08eb-08eeba9e8bb3.png\" width=\"220\" height=\"146\" data-file-id=\"6072662\" \/><br \/>\nNapoli World will take place from 27th to 29th of November. The call for applications for showcases is open until 15th of July.On the website you can download the rules and conditions and fulfil the form with the proposal of a showcase. &#8220;Musical projects belonging to the World Music, Ethnic and Folk Music, World Jazz, World Electro and Global Beats genres will be considered eligible.&#8221;<\/p>\n<p>Candidates who have not received any communication by 31th August 2025, will be considered &#8220;not selected&#8221;, a communication will be sent only to selected candidates. Sixteen showcases will be scheduled.<\/p>\n<p>The showcasing artists will receive a fee, per musician:<\/p>\n<ul>\n<li><span style=\"font-size: 11pt;\">regional project: 150 \u20ac; national projects:<\/span><\/li>\n<li><span style=\"font-size: 11pt;\">200 \u20ac; international projects:<\/span><\/li>\n<li><span style=\"font-size: 11pt;\">300 \u20ac;<\/span><\/li>\n<\/ul>\n<p>all amounts + VAT where applicable; national and international will have one in hotel + local transport where required).<br \/>\nIf you are going to apply, check the <a href=\"https:\/\/www.musiconnect-italy.com\/form-invio-candidadura-showcase-2025\/\" target=\"_blank\" rel=\"noopener\">official website<\/a>.<\/p>\n<h6>\ud83d\udd38 MOST Sessions<\/h6>\n<p><img loading=\"lazy\" decoding=\"async\" class=\"alignright\" style=\"color: #747474; font-family: 'Open Sans', sans-serif; font-size: 14px;\" src=\"https:\/\/mcusercontent.com\/993c677d53044839b1b39b2dc\/images\/a3dc53cb-acf9-f488-9679-c6fce0ab58e4.png\" width=\"280\" height=\"186\" align=\"right\" data-file-id=\"6072666\" \/><\/p>\n<p><strong>\u25ab\ufe0fWhat is it?<\/strong><br \/>\nIt is a &#8220;training programme between 11\u201312 September 2025 at SHIP Festival, \u0160ibenik, Croatia&#8221; dor emerging artists.<\/p>\n<p><strong>\u25ab\ufe0fWho is it for?<\/strong><br \/>\nEligible countries: Hungary, Slovakia, Slovenia, Serbia, Croatia, Bosnia and Herzegovina, Montenegro, Kosovo, Albania, Macedonia, Romania, and Bulgaria.<br \/>\nCriteria: emerging artists who are connected to the world music industry and are ready for international work. A good level of English is required. Applicants haven\u2019t participated in the MOST \u2013 Bridge for Balkan Music project before.<\/p>\n<p>\u25ab\ufe0f<strong>How to apply?<\/strong> Check the details and the application form, <a href=\"https:\/\/mostmusic.eu\/mostsessions\/\" target=\"_blank\" rel=\"noopener\">on the website<\/a>. Deadline: 15th July<\/p>\n<hr \/>\n<h1>MEET ME AT<\/h1>\n<ul>\n<li><span style=\"font-size: 11pt;\">16th July. With Thanos Stavridis &amp; Drom in Palma de Mallorca.<\/span><\/li>\n<li><span style=\"font-size: 11pt;\">1st-2nd August. With Vig\u00fcela at the Urkult Festival.<\/span><\/li>\n<li><span style=\"font-size: 11pt;\">13th-16th August. With Vig\u00fcela in South Corea, TBA<\/span><\/li>\n<\/ul>\n<hr \/>\n<h4>WHO WE ARE AND SISTER PROJECTS<\/h4>\n<p>Mapamundi M\u00fasica is an agency of management and booking. <a href=\"http:\/\/www.mapamundimusica.com\/en\/\" target=\"_blank\" rel=\"noopener\">Learn more here<\/a>. Check our proposals at <a href=\"http:\/\/www.mapamundimusica.com\/\" target=\"_blank\" rel=\"noopener\">our website<\/a>.<\/p>\n<p>We also offer you our <a href=\"http:\/\/www.mundofonias.com\/\" target=\"_blank\" rel=\"noopener\">Mundofon\u00edas<\/a> radio show, probably the leader about world music in Spanish language (on 50 stations in 18 countries). We produce the <a href=\"http:\/\/www.transglobalwmc.com\/\" target=\"_blank\" rel=\"noopener\">Transglobal World Music Chart<\/a> with our partner \u00c1ngel Romero from WorldMusicCentral.com.<\/p>\n<p>Feel free to request info if you wish. For further information about us, get in touch by email, telephone (+34 676 30 28 82), <a href=\"http:\/\/www.mapamundimusica.com\/en\/contacto\/\" target=\"_blank\" rel=\"noopener\">our website<\/a> or at <a href=\"https:\/\/www.facebook.com\/mapamundimusica\/\" target=\"_blank\" rel=\"noopener\">our Facebook<\/a>.<\/p>\n<p>&nbsp;<\/p>\n<p>&nbsp;<\/p>","protected":false},"excerpt":{"rendered":"<p>Summary \ud83d\udc47 Editorial Losses, European Music Day and a few words about Muziekpublique Talk with Davide Mastropaolo about Napoli World, Agualoca Records and much more A little something from my side: Mustafa Said&#8216;s new album Maqam Pilgrims Two Venues for the Hide &amp; Seek Festival 2025 Highlighted by Peter Van Rompaey Brief news from the [&hellip;]<\/p>\n","protected":false},"author":1,"featured_media":0,"comment_status":"closed","ping_status":"open","sticky":false,"template":"","format":"standard","meta":{"footnotes":""},"categories":[19],"tags":[],"class_list":["post-3821","post","type-post","status-publish","format-standard","hentry","category-newsletter"],"_links":{"self":[{"href":"https:\/\/www.mapamundimusica.com\/en\/wp-json\/wp\/v2\/posts\/3821","targetHints":{"allow":["GET"]}}],"collection":[{"href":"https:\/\/www.mapamundimusica.com\/en\/wp-json\/wp\/v2\/posts"}],"about":[{"href":"https:\/\/www.mapamundimusica.com\/en\/wp-json\/wp\/v2\/types\/post"}],"author":[{"embeddable":true,"href":"https:\/\/www.mapamundimusica.com\/en\/wp-json\/wp\/v2\/users\/1"}],"replies":[{"embeddable":true,"href":"https:\/\/www.mapamundimusica.com\/en\/wp-json\/wp\/v2\/comments?post=3821"}],"version-history":[{"count":9,"href":"https:\/\/www.mapamundimusica.com\/en\/wp-json\/wp\/v2\/posts\/3821\/revisions"}],"predecessor-version":[{"id":3831,"href":"https:\/\/www.mapamundimusica.com\/en\/wp-json\/wp\/v2\/posts\/3821\/revisions\/3831"}],"wp:attachment":[{"href":"https:\/\/www.mapamundimusica.com\/en\/wp-json\/wp\/v2\/media?parent=3821"}],"wp:term":[{"taxonomy":"category","embeddable":true,"href":"https:\/\/www.mapamundimusica.com\/en\/wp-json\/wp\/v2\/categories?post=3821"},{"taxonomy":"post_tag","embeddable":true,"href":"https:\/\/www.mapamundimusica.com\/en\/wp-json\/wp\/v2\/tags?post=3821"}],"curies":[{"name":"wp","href":"https:\/\/api.w.org\/{rel}","templated":true}]}}