{"id":3792,"date":"2025-04-20T23:16:06","date_gmt":"2025-04-20T21:16:06","guid":{"rendered":"https:\/\/www.mapamundimusica.com\/?p=3792"},"modified":"2025-04-20T23:54:39","modified_gmt":"2025-04-20T21:54:39","slug":"april-25-talk-with-sofia-labropoulou-about-unbounded-sounds-update-from-efn-new-calls-and-82","status":"publish","type":"post","link":"https:\/\/www.mapamundimusica.com\/en\/newsletter\/april-25-talk-with-sofia-labropoulou-about-unbounded-sounds-update-from-efn-new-calls-and-82\/","title":{"rendered":"April 25. Talk with Sofia Labropoulou about Unbounded Sounds, update from EFN, new calls and + #82"},"content":{"rendered":"<p><\/p>\n<h2><span style=\"font-family: open sans, helvetica neue, helvetica, arial, sans-serif;\"><strong>Summary\u00a0\ud83d\udc47<\/strong><\/span><span style=\"font-family: 'open sans', 'helvetica neue', helvetica, arial, sans-serif;\">\u00a0<\/span><\/h2>\n<h5><span style=\"font-family: 'merriweather sans', 'helvetica neue', helvetica, arial, sans-serif;\">\u00b7 Editorial<br \/>\n<span style=\"font-size: 12pt;\">After\u00a0<\/span><\/span><span style=\"font-size: 12pt;\"><span style=\"font-family: merriweather sans, helvetica neue, helvetica, arial, sans-serif;\">Budapest Ritmo<\/span><span style=\"font-family: 'merriweather sans', 'helvetica neue', helvetica, arial, sans-serif;\">, some good news from\u00a0<\/span><span style=\"font-family: merriweather sans, helvetica neue, helvetica, arial, sans-serif;\">Zone Franche<\/span><span style=\"font-family: 'merriweather sans', 'helvetica neue', helvetica, arial, sans-serif;\">\u00a0and a reflection on my participation on the panel at<\/span><span style=\"font-family: merriweather sans, helvetica neue, helvetica, arial, sans-serif;\">\u00a0Babel Music XP<\/span><\/span><\/h5>\n<h5><span style=\"font-family: merriweather sans, helvetica neue, helvetica, arial, sans-serif;\">\u00b7 Talk with <\/span><span style=\"font-family: merriweather sans, helvetica neue, helvetica, arial, sans-serif;\">Sofia Labropoulou<\/span><span style=\"font-family: merriweather sans, helvetica neue, helvetica, arial, sans-serif;\">\u00a0about\u00a0<\/span><span style=\"font-family: merriweather sans, helvetica neue, helvetica, arial, sans-serif;\">Unbounded Sounds<\/span><\/h5>\n<h5><span style=\"font-family: 'merriweather sans', 'helvetica neue', helvetica, arial, sans-serif;\">\u00b7 The<\/span><span style=\"font-family: merriweather sans, helvetica neue, helvetica, arial, sans-serif;\">\u00a0European Folk Network\u00a0<\/span><span style=\"font-family: 'merriweather sans', 'helvetica neue', helvetica, arial, sans-serif;\">announces dates and location of its 6th annual conference<\/span><\/h5>\n<h5><span style=\"font-family: 'merriweather sans', 'helvetica neue', helvetica, arial, sans-serif;\">\u00b7 Brief news from the media, charts and sister projects<\/span><\/h5>\n<h5><span style=\"font-family: 'merriweather sans', 'helvetica neue', helvetica, arial, sans-serif;\">\u00b7 Open calls: Afro Pepites, Premio Andrea Parodi<\/span><\/h5>\n<h5><span style=\"font-family: 'merriweather sans', 'helvetica neue', helvetica, arial, sans-serif;\">\u00b7 Meet me at \u2708\ufe0f<\/span><\/h5>\n<hr \/>\n<p>&nbsp;<\/p>\n<p><img loading=\"lazy\" decoding=\"async\" class=\"alignright\" src=\"https:\/\/mcusercontent.com\/993c677d53044839b1b39b2dc\/images\/2995955e-b87a-2880-6de9-50c1d806d55b.jpg\" width=\"244\" height=\"278\" align=\"right\" data-file-id=\"6069619\" \/><\/p>\n<h1 style=\"text-align: center;\"><a class=\"mcnButton \" title=\" \u27a1\ufe0f This is the button for subscription \" href=\"https:\/\/mailchi.mp\/892ba551b707\/mapamundi-general\" target=\"_blank\" rel=\"noopener\">\u27a1\ufe0f This is the link for subscription<\/a><\/h1>\n<div>\n<p><strong>Hello, <\/strong><strong>how are you?<\/strong><\/p>\n<p>I am well and I hope you&#8217;re well too. Since the last edition, I\u2019ve attended the <a href=\"https:\/\/extremum.agcex.org\/programa\/\" target=\"_blank\" rel=\"noopener\">MUM fair<\/a>\u00a0(Professional Music Days in Extremadura), which I\u2019ve mentioned on previous occasions. The photo (by Juan Antonio V\u00e1zquez) is from my talk, where I presented a list of ten key ideas for developing a music career, which I shared with Juanlu Gonz\u00e1lez, as part of this fair and conference that celebrated its ninth edition this year.<\/p>\n<p>More recently, I went to Budapest Ritmo for the first time. In the second picture I am with S\u00e1ndor Cso\u00f3ri, who performed as a guest artist with the band Mord\u00e1i. He was\/is a singer and violinist of the band Buda Folk Band. I say &#8220;was\/is&#8221; because the band split up some years ago but Silvia Winkler told me they&#8217;ve reunited. Yeah. Great news! If you don&#8217;t know them, check <a href=\"https:\/\/www.youtube.com\/watch?v=HLyCmcfM9gg&amp;list=PLNvt8ytVGYDj01scxAd2SuS92SdVUcTJ7&amp;index=1\" target=\"_blank\" rel=\"noopener\">this link<\/a>\u00a0and listen to their latest album. I love\u00a0especially the first piece, sung by S\u00e1ndor.<\/p>\n<p><img loading=\"lazy\" decoding=\"async\" class=\"alignright\" src=\"https:\/\/mcusercontent.com\/993c677d53044839b1b39b2dc\/images\/a6f3608d-91bf-0f7c-60bc-1ae3d46487b9.jpg\" width=\"279\" height=\"279\" \/>I attended RItmo\u00a0on the occasion of the concert by Ali Do\u011fan G\u00f6n\u00fclta\u015f, which was on Friday the 11th, in a venue so packed that security had to restrict access.\u00a0It was my first time attending Budapest Ritmo. Aside from the pleasant setting of Budapest and the House of Music, I enjoyed not only the concerts but also the panels. I had the opportunity to listen to part of the talk between Chris Eckman and Ian Brennan, under the title\u00a0<em>How Music Dies (or Lives): De-colonizing international music<\/em>, where they discussed the lack of representation of many countries or cultures even in contexts labeled as &#8220;global music.&#8221; I appreciate that this issue is increasingly part of the conversation within this kind of community of people working\u2014each from their own perspective\u2014in this field.<\/p>\n<p>I was also glad to meet professionals from countries that aren\u2019t usually so present at international events, such as Albania, Georgia or Romania.<\/p>\n<p><strong>Updates on the latest edition and some good news<\/strong><\/p>\n<p>In the previous edition I explained that &#8220;On the 18th, I received an email from Zone Franche with a press release titled\u00a0<em>Update: Artists without visas<\/em>, which you can read in full\u00a0<a href=\"https:\/\/www.zonefranche.com\/actualites\/cp-de-zone-franche-pas-de-visa\/\" target=\"_blank\" rel=\"noopener\">here<\/a>.&#8221; This press release talked about the cultural cooperation program SAWA SAWA, funded by the Institut Fran\u00e7ais, supporting around 50 artist residencies for Palestinian and French artists. Two Palestinian artists had been recently unable to travel to France due to unjustified visa delays, causing cancellations and project disruptions.\u00a0Their statement urged the French government to approve the visas and uphold the free movement of artists as a fundamental part of cultural exchange.<\/p>\n<p>Well, at the beginning of April I learnt from S\u00e9bastien Laussel, director of Zone Franche, that the press release had its effect and both artists have been granted their visas. Great news indeed!<\/p>\n<p><strong>Related to\u00a0my participation on the panel &#8220;The new narratives for traditional music in the face of current political challenges&#8221; at Babel Music XP\u00a0<\/strong><\/p>\n<p>Our protagonist today is Sofia Labropoulou, a Greek kanunist and composer based in Vienna. When I started preparing my talk for Babel Music XP, an initiative by Sofia immediately came to mind: the concert and workshop series\u00a0<em>Unbounded Sounds<\/em>. I thought that project is a response to the issue. A migrant artist within Europe organizes a series of concerts with artists who will travel especially from other countries, and with artists of diverse backgrounds, also based in Vienna, some Austrian and others with Iranian and Kurdish background, in this first edition. It is a pleasure to contribute to the visibility of this initiative by Sofia, which I feel comes from her deepest honesty and generosity, her love for art, and her concept of music as a means of communication that transcends borders.<\/p>\n<p>Is Sofia making a &#8220;new narrative&#8221;?\u00a0I don\u2019t think that\u2019s her goal, but naturally\u2014almost as a normal step in her artistic path\u2014she\u2019s helping shape a new one.<\/p>\n<\/div>\n<p style=\"text-align: center;\">I hope you will enjoy these contents. Thank you for your attention.<\/p>\n<div><\/div>\n<hr \/>\n<h5 style=\"text-align: center;\"><strong>Remember: if you have any news of interest for our community, let me know. Thank you very much for your attention.<br \/>\n<\/strong>Araceli Tzigane | Mapamundi M\u00fasica\u00a0|<strong>\u00a0+34 676\u00a030 28 82\u00a0<\/strong><\/h5>\n<hr \/>\n<p>&nbsp;<\/p>\n<h3><strong><span style=\"color: #daa520;\">AND NOW THE FLOOR IS FOR:\u00a0<\/span><\/strong><br \/>\n<strong><span style=\"color: #daa520;\">SOFIA LABROPOULOU, ABOUT\u00a0THE SERIES OF CONCERTS AND WORKSHOPS &#8220;UNBOUNDED SOUNDS&#8221;<\/span><\/strong><\/h3>\n<p><span style=\"font-family: open sans, helvetica neue, helvetica, arial, sans-serif;\">I first met Sofia Labropoulou in Belgrade, on the occasion of the festival Todo Mundo, in September 2021. I was already familiar with her work through the album\u00a0<em>Sisyphus<\/em>.\u00a0And we&#8217;ve stayed in touch ever since. A few months ago, she announced her new project:\u00a0<em>Unbounded Sounds<\/em>. This is the main focus of our interview this time.<\/span><\/p>\n<p style=\"text-align: center;\"><span style=\"font-size: 18pt;\"><strong>~ While you read the interview, you can enjoy listening the album\u00a0<em>Sisyphus<\/em>,\u00a0<a href=\"https:\/\/www.youtube.com\/watch?v=cVRG_gXZgAs&amp;list=PLNx2BNVsKgchRfHkUpR7wHnbVk-I8MeUj\" target=\"_blank\" rel=\"noopener\">here<\/a>\u00a0<\/strong><strong>\ud83c\udfb6~<\/strong><\/span><\/p>\n<p><strong><span style=\"color: #daa520;\"><img loading=\"lazy\" decoding=\"async\" class=\"alignright\" src=\"https:\/\/mcusercontent.com\/993c677d53044839b1b39b2dc\/images\/9db7e594-f78d-fc26-217e-a99780eb5b3b.png\" width=\"365\" height=\"245\" align=\"right\" data-file-id=\"6069612\" \/><\/span><\/strong><span style=\"font-family: open sans, helvetica neue, helvetica, arial, sans-serif;\">As explained on the press release,\u00a0<em>&#8220;Unbounded Sounds is a music series created by the kanun virtuoso, improviser and composer Sofia Labropoulou. Debuting in 2025 at the Sargfabrik Kulturhaus, this series invites audiences to experience a unique blend of folk traditions, contemporary innovation, and Vienna\u2019s rich music diversity.<br \/>\nThe inaugural edition features a series of five unique concerts, each showcasing a two-part format. In the first part,\u00a0Sofia Labropoulou collaborates with an internationally acclaimed artist in a duet, exploring musical influences from\u00a0folk, jazz, experimental, and improvised music traditions. In the second part, a local Viennese artist joins to form a trio,\u00a0creating space for dialogue and unexpected musical connections.<\/em>&#8220;<\/span><\/p>\n<p>The program of concerts is:\u25ab\ufe0f<span style=\"font-family: open sans, helvetica neue, helvetica, arial, sans-serif;\">15.03.25 Sokratis Sinopoulos (Lyra\/Istanbul Kemen\u00e7e), Sofia Labropoulou (Kanun) &amp; Sarvin Hazin (Kamanche)<\/span><br \/>\n\u25ab\ufe0f<span style=\"font-family: open sans, helvetica neue, helvetica, arial, sans-serif;\">13.05.25 Efr\u00e9n L\u00f3pez (Oud), Sofia Labropoulou (Kanun) &amp; Sakina Teyna (Voice)<\/span><br \/>\n\u25ab\ufe0f<span style=\"font-family: open sans, helvetica neue, helvetica, arial, sans-serif;\">09.10.25 Michel Godard (Serpent), Sofia Labropoulou (Kanun) &amp; Tahereh Nourani (Flute, E-Bass, Objects)<\/span><br \/>\n\u25ab\ufe0f<span style=\"font-family: open sans, helvetica neue, helvetica, arial, sans-serif;\">06.11.25 Chris Jennings (Double-Bass), Sofia Labropoulou (Kanun) &amp; Verena Zeiner (Piano)<\/span><br \/>\n\u25ab\ufe0f<span style=\"font-family: open sans, helvetica neue, helvetica, arial, sans-serif;\">04.12.25 Shabnam Parvaresh (Bass-Clarinet), Sofia Labropoulou (Kanun) &amp; Matthias Loibner (Hurdy-Gurdy)<\/span><\/p>\n<p>On\u00a0<strong><a href=\"https:\/\/unboundedsounds.com\/en\/\" target=\"_blank\" rel=\"noopener\">the website<\/a><\/strong>\u00a0you can find many more details. And in\u00a0<a href=\"https:\/\/drive.google.com\/drive\/u\/6\/folders\/1J_Pgu405S5oyR_inkkzglzJW4lDItv0p\" target=\"_blank\" rel=\"noopener\">this link<\/a>\u00a0you have the press kit.\u00a0Sofia shares some additional reflections with us in this interview.<\/p>\n<p><span style=\"font-family: open sans, helvetica neue, helvetica, arial, sans-serif;\"><strong>Araceli Tzigane: How did the idea initially come about?<\/strong><\/span><span style=\"font-family: open sans, helvetica neue, helvetica, arial, sans-serif;\"><strong><img loading=\"lazy\" decoding=\"async\" class=\"alignright\" src=\"https:\/\/mcusercontent.com\/993c677d53044839b1b39b2dc\/_compresseds\/8fc96e56-0752-463e-b6a0-f06a64333a06.jpg\" width=\"445\" height=\"668\" align=\"right\" data-file-id=\"6069613\" \/>Sofia Labropoulou:\u00a0<\/strong>The idea for\u00a0<em>Unbounded Sounds<\/em>\u00a0grew out of a long-standing desire to create a space where musicians from different traditions, genres, and backgrounds could meet\u2014not to define, compare, or fuse\u2014but simply to\u00a0<em>listen\u00a0<\/em>to each other and to share sound, freely and openly.\u00a0<\/span><\/p>\n<p><span style=\"font-family: open sans, helvetica neue, helvetica, arial, sans-serif;\">This\u00a0portrait of Sofia is by Vegeldaniel.<\/span><\/p>\n<div>\n<p><span style=\"font-family: open sans, helvetica neue, helvetica, arial, sans-serif;\">After years of collaborating with artists from all over the world, I felt the need to offer this kind of artistic dialogue to a wider audience. A space where tradition and innovation are not in opposition, but coexist\u2014sometimes in harmony, sometimes in tension. What is \u201cold,\u201d what is \u201cnew\u201d? These are questions I don\u2019t try to answer definitively. I prefer to leave them open. For me, the focus is the Sound itself\u2014and how we can become one\u00a0<em>with\u00a0<\/em>it or\u00a0<em>through\u00a0<\/em>it.<\/span>I invite musicians I admire deeply\u2014artists whose sound, presence, and approach to music move me. This personal connection is at the heart of\u00a0<em>Unbounded Sounds<\/em>.<\/p>\n<p>A big part of the experience is the audience. Their presence, energy, and openness shape the atmosphere of each moment. And then, there are the seminars. For me, these are as essential as the concerts. I always feel like a student, no matter what I\u2019m doing. And what a privilege it is to have the chance to spend a little more time around and learn from the invited wonderful artists\u2014to learn, to listen, to feel and become part of their experience.<\/p>\n<p>Vienna has been my home and artistic base for the past five years. Its deep musical heritage and vibrant multicultural landscape made it feel like the right place to begin this journey.<\/p>\n<p><span style=\"font-family: open sans, helvetica neue, helvetica, arial, sans-serif;\"><strong>AT: I imagine it\u2019s quite a lot of work to organize all of this, and I haven\u2019t seen any sponsor logos, so I assume that the project\u2019s funding comes from ticket sales. Even though the line-ups are small, there are some artists who have to travel from other countries, which involves some expenses. There is always some financial risk. Considering all this, I imagine you have very clear objectives that have led you to embark on this project. What are they?<\/strong><\/span><\/p>\n<p><span style=\"font-family: open sans, helvetica neue, helvetica, arial, sans-serif;\"><strong>SL:\u00a0<\/strong>Yes, you&#8217;re absolutely right\u2014there is a significant amount of work and also financial risk involved. On top of that, being both a musician and an organizer\/artistic director requires a completely different mindset. That\u2019s another challenge in itself: to move between these two roles while staying connected to the core of the music.<\/span><\/p>\n<p>At this stage, the series\u2014both the concerts and the workshops\u2014is primarily funded through ticket sales, personal investment, and a lot of goodwill from the artists, collaborators, and friends who believe in the vision. As you very well noticed, there\u2019s no public or private funding behind it yet. But for me, this first edition is something like a demo. A first gesture. I want to show what can be done just by the pure need of it\u2014and simply, to do it. So, for this first edition, all the risk is mine alone, nobody else will not, should not and must not be affected. That is also essential.<\/p>\n<p>Of course, the financial side is a reality, but the deeper motivation goes far beyond that. It\u2019s about strengthening the local scene, creating space for mobility and dialogue, and offering the chance for new artistic encounters. I don t want to say a lot because my intention is not to preoccupy a situation. I think that music and art can speak by itself. I invite everyone just to come and listen and then decide.<\/p>\n<p>My main objective is to create a space where we musicians can explore new formats of collaboration in front of an audience that values improvisation, experimentation, and shared presence. I want to demonstrate the richness of new sounds and artistic risk-taking\u2014to show how much beauty can emerge when we are willing to meet each other without preconceptions, with curiosity and openness.<\/p>\n<p><span style=\"font-family: open sans, helvetica neue, helvetica, arial, sans-serif;\"><strong><img loading=\"lazy\" decoding=\"async\" class=\"alignright\" src=\"https:\/\/mcusercontent.com\/993c677d53044839b1b39b2dc\/images\/6fe1194f-15cd-1c3f-74e4-2340aa1f834d.jpg\" width=\"427\" height=\"427\" data-file-id=\"6069614\" \/>AT: What requirements do participants in the workshops have to meet? Do they need to know music and play an instrument?<\/strong><\/span><\/p>\n<p><span style=\"font-family: open sans, helvetica neue, helvetica, arial, sans-serif;\"><strong>SL:\u00a0<\/strong>The workshops are open to instrument players and singers of all levels, composers, or sound artists. Some familiarity with improvisation can be helpful, but it\u2019s by no means essential. What truly matters is openness, curiosity, and a willingness to listen, explore, and engage with others.\u2028One can participate actively or as an observer.<\/span><\/p>\n<p><span style=\"font-family: open sans, helvetica neue, helvetica, arial, sans-serif;\">Each workshop reflects the unique artistic identity of the guest musician. They\u2019re not designed as technical masterclasses at least at this first edition, but rather as hands-on explorations of musical ideas.<\/span><\/p>\n<p>For me, it&#8217;s also about creating community around this scene. A moment of coming together, where participants and artists meet not through hierarchy or skill level, but through a shared love of sound, listening, and expression.<\/p>\n<p><span style=\"font-family: open sans, helvetica neue, helvetica, arial, sans-serif;\"><strong>AT: From an artistic perspective, what challenges does organizing these collaborations present for you guys? Will it require a lot of prior preparation, or do you already share a certain musical language?<\/strong><\/span><\/p>\n<p><span style=\"font-family: open sans, helvetica neue, helvetica, arial, sans-serif;\"><strong>SL:\u00a0<\/strong>Each collaboration brings its own unique set of challenges and opportunities. In projects like this, you don\u2019t always have the luxury of extended rehearsal time\u2014especially when resources are limited. To be honest, I would love it if in the future editions each concert could be preceded by a 5\u20136-day residency. That would open up so many creative possibilities. But that\u2019s a completely different financial reality.<\/span><\/p>\n<p>Some of us already share a musical language or history; others are meeting on stage for the first time. There\u2019s always a delicate balance between preparation and spontaneity. We of course rehearse before the concert, as the guest artist is required to be in Vienna a minimum of two days earlier before the concert, but we intentionally leave space for the unknown\u2014for risk-taking, for that fragile, powerful moment where something unexpected can emerge.<\/p>\n<p>That\u2019s part of what makes this series so alive and exciting. Improvisation is the thread that connects all the artists involved\u2014whether it&#8217;s modal improvisation, jazz, free improvisation, or other open forms of musical expression. We all come with our own voices, but we share the willingness to listen, to trust, and to respond.<\/p>\n<p>Every concert has a completely different nature and way it is being formed depends entirely on common decisions.<\/p>\n<p><span style=\"font-family: open sans, helvetica neue, helvetica, arial, sans-serif;\"><strong>AT: Do you plan to repeat it in 2026?\u00a0<\/strong><\/span><\/p>\n<p><span style=\"font-family: open sans, helvetica neue, helvetica, arial, sans-serif;\"><strong>SL:\u00a0<\/strong>Yes, I truly hope so. The vision behind Unbounded Sounds was never meant to be limited to a single year. My dream is to develop it into an ongoing platform for musical dialogue\u2014something that can grow over time, evolve, and respond to the artists and audiences it brings together.<\/span><\/p>\n<p>Of course, whether it continues depends largely on funding and support. But even now, after the first concert, I can already feel that there\u2019s a real interest, a need, and a space for this kind of initiative.<\/p>\n<p>I\u2019ll be in a better position to answer this question more concretely around October though\u2014but the desire is very much there.<\/p>\n<p><span style=\"font-family: open sans, helvetica neue, helvetica, arial, sans-serif;\"><strong>AT: For those who want to share this initiative in their media, I must say that on the website, at the bottom right, there is a link to press materials that is very complete and well-organized. But in case they want to interview you or any of the other participating artists, how can they contact you?<\/strong><\/span><\/p>\n<p><span style=\"font-family: open sans, helvetica neue, helvetica, arial, sans-serif;\"><strong>SL:\u00a0<\/strong>Thank you so much for mentioning the press section and the website. It means a lot. The site was created by Yiota Vergo Web Stories (\u00a0<a href=\"http:\/\/y-vergo.com\/\" target=\"_blank\" rel=\"noopener\">y-vergo.com<\/a>), and we put a lot of care into making the press materials accessible, clear, and well-organized.<\/span><\/p>\n<p>Since I currently handle most aspects of the series myself, it was important to have everything in one obvious, easy-to-navigate place\u2014to make it as effortless as possible for anyone who wants to share or support the initiative.<\/p>\n<p>That said, I\u2019m definitely not doing this alone. I want to thank Sotiris Bekas, for his unwavering support. He\u2019s responsible for all the visual material\u2014videos, teasers, documentation\u2014which is another crucial part of\u00a0<em>Unbounded Sounds<\/em>. Capturing and sharing the process is really important for us.<\/p>\n<p>For interviews with the artists or any media inquiries, I can be contacted directly via the contact form on the website:\u00a0<a href=\"http:\/\/www.unboundedsounds.com\/\" target=\"_blank\" rel=\"noopener\">www.unboundedsounds.com<\/a>, or by email at contact@unboundedsounds.com.<\/p>\n<p><span style=\"font-family: open sans, helvetica neue, helvetica, arial, sans-serif;\"><strong>AT: If you\u2019d like to share any other thoughts, please feel free.<\/strong><\/span><\/p>\n<p><span style=\"font-family: open sans, helvetica neue, helvetica, arial, sans-serif;\"><strong>SL:\u00a0<\/strong>I don\u2019t know if it\u2019s about gratitude.<br \/>\nWhat I know is: those beautiful artists said yes. I hope that they did because something in the silence before the music called them. That\u2019s rare. And I don\u2019t take it lightly.<br \/>\nUnbounded Sounds is not a festival, is not a brand, not a project. It is a room with instruments and people who still believe in something they can\u2019t explain.<\/span><\/p>\n<p>The second concert and workshop of\u00a0<em>Unbounded Sounds\u00a0<\/em>will take place on May 13 and 14. Our guest artist from abroad is the brilliant Efr\u00e9n L\u00f3pez. We will perform together in the first set, and in the second set, we\u2019ll be joined by the wonderful singer Sakina Teyna.<\/p>\n<\/div>\n<table style=\"border-collapse: collapse; width: 100%; height: 99px;\">\n<tbody>\n<tr style=\"height: 99px;\">\n<td style=\"width: 100%; height: 99px; background-color: #072d54;\"><span style=\"color: #ffffff;\"><strong>Practical details on the concert that Sofia just mentioned:<\/strong><\/span><\/p>\n<p><span style=\"color: #ffffff;\">\u25ab\ufe0f<strong>Concert<\/strong>\u2028<strong>13.05.2025<\/strong>\u2028<em>Efr\u00e9n L\u00f3pez<\/em>\u00a0(Oud, saz),\u00a0<em>Sofia Labropoulou<\/em>\u00a0(Kanun) &amp;\u00a0<em>Sakina Teyna<\/em>\u00a0(Voice). Location:\u00a0Sargfabrik Kulturhaus, Goldschlagstra\u00dfe 169, 1140 Vienna<\/span><\/p>\n<p><span style=\"color: #ffffff;\">\u25ab\ufe0f<strong>Workshop<\/strong>\u2028<strong>14.05.2025<\/strong>\u2028<em>Efr\u00e9n L\u00f3pez &amp; Sofia Labropoulou.\u00a0<\/em><strong>Topic:<\/strong>\u00a0<em>Ottoman Music Influence on Sephardic Music.\u00a0<\/em>Location:<em>\u00a0<\/em>mica \u2013 music austria, Seminarraum, Stiftgasse 29, 1070 Vienna<\/span><\/td>\n<\/tr>\n<\/tbody>\n<\/table>\n<p><span style=\"font-family: open sans, helvetica neue, helvetica, arial, sans-serif;\"><strong>SL:\u00a0<\/strong>The collaboration with Efr\u00e9n also extends beyond\u00a0<em>Unbounded Sounds<\/em>.<br \/>\nOn May 17, together with Efr\u00e9n L\u00f3pez, Derya T\u00fcrkan, and Avgerini Gatsi, we\u2019ll perform as a quartet at the\u00a0<em>Jewish Weekends Festival<\/em>\u00a0in St. P\u00f6lten (Ehemalige Synagoge). The concert will explore the same theme as our workshop in Vienna\u2014<em>the influence of Ottoman music on Sephardic traditions<\/em>\u2014creating a meaningful connection between the two events.<\/span><\/p>\n<p>By building these links with other initiatives, we move in solidarity, fostering artistic dialogue and shared purpose across different spaces and communities.<\/p>\n<table style=\"border-collapse: collapse; width: 100%;\">\n<tbody>\n<tr>\n<td style=\"width: 100%; background-color: #072d54;\">\n<p style=\"text-align: center;\"><span style=\"color: #ffffff;\">The\u00a0<em>Unbounded Sounds<\/em>\u00a0music series\u00a0held its first concert on March 15, 2025, at Sargfabrik Kulturhaus in Vienna. This video features a free improvisation based on &#8220;Dayah Dayah,&#8221; a Lori folk song from Iran, performed by Sokratis Sinopoulos (lyra, Istanbul kemen\u00e7e), Sarvin Hazin (kamancheh), and Sofia Labropoulou (kanun).<\/span><a title=\"\" href=\"https:\/\/www.youtube.com\/watch?v=-8cm94qTpKQ\" target=\"_blank\" rel=\"noopener\"><img loading=\"lazy\" decoding=\"async\" class=\"mcnImage aligncenter\" src=\"https:\/\/mcusercontent.com\/993c677d53044839b1b39b2dc\/video_thumbnails_new\/6b6e631f835ad7b87a8966d903de5403.png\" alt=\"\" width=\"676\" height=\"380\" \/><\/a><\/p>\n<\/td>\n<\/tr>\n<\/tbody>\n<\/table>\n<p>&nbsp;<\/p>\n<h1><strong><span style=\"color: #daa520;\">THE EUROPEAN FOLK NETWORK ANNOUNCES DATES AND LOCATION OF ITS 6TH ANNUAL CONFERENCE<\/span><\/strong><\/h1>\n<p><span style=\"color: #000000; font-family: open sans, helvetica neue, helvetica, arial, sans-serif;\"><img loading=\"lazy\" decoding=\"async\" class=\"alignright\" src=\"https:\/\/mcusercontent.com\/993c677d53044839b1b39b2dc\/images\/69871f18-27ed-21d4-de8e-e81d610b0f29.png\" width=\"170\" height=\"170\" align=\"right\" data-file-id=\"6069637\" \/><\/span><span style=\"font-family: 'open sans', 'helvetica neue', helvetica, arial, sans-serif;\">The 2025 EFN conference will take place in Manresa, Catalonia, Spain on Friday 10 and Saturday 11 October, during the Fira Mediterr\u00e0nia de Manresa. This event hosted the annual conference of the EFN already in 2022.<\/span><\/p>\n<p>According to the website of the EFN: &#8220;<em>\u200bThere will be a host of superb speakers, sessions and discussions of interest to everyone in the traditional arts and a feast of music and dancing during the Fira Mediterrania de Manresa &#8211; it&#8217;s a unique opportunity to network in the beautiful ancient city amongst professionals from across Europe.<\/em>&#8221;<\/p>\n<p>Mapamundi M\u00fasica is a founding member of EFN, and I myself am a member of the board, so it\u2019s an initiative I\u2019m personally committed to.<br \/>\nIf you\u2019re not yet receiving EFN\u2019s news and updates, I encourage you to subscribe at:\u00a0<a href=\"https:\/\/www.europeanfolknetwork.com\/sign-up-to-the-monthly-newsletter\" target=\"_blank\" rel=\"noopener\">https:\/\/www.europeanfolknetwork.com\/sign-up-to-the-monthly-newsletter<\/a>. This link is for signing up to receive the newsletter by email, and it\u2019s free of charge.<\/p>\n<p>If you\u2019re interested in learning more about membership, check out this other link:\u00a0<a href=\"https:\/\/www.europeanfolknetwork.com\/membership\" target=\"_blank\" rel=\"noopener\">https:\/\/www.europeanfolknetwork.com\/membership<\/a><\/p>\n<h5><span style=\"font-family: open sans, helvetica neue, helvetica, arial, sans-serif;\"><strong>Practical details about the conference\u00a0<\/strong><\/span><\/h5>\n<p><span style=\"font-family: 'open sans', 'helvetica neue', helvetica, arial, sans-serif;\">The conference is open to both members and non-members.\u00a0\u00a0<\/span><\/p>\n<h5><span style=\"font-family: 'open sans', 'helvetica neue', helvetica, arial, sans-serif;\"><strong>Conference registration fees cover:<\/strong><\/span><\/h5>\n<p><span style=\"font-family: 'open sans', 'helvetica neue', helvetica, arial, sans-serif;\">\u00b7 All conference sessions over two full days<br \/>\n\u00b7 Barcelona airport pick-ups and return transfers<br \/>\n\u00b7 Discount rates at the four star Hotel Don Candido in Terrassa<br \/>\n\u00b7 Daily transport from the hotel to Manresa<br \/>\n\u00b7 Access to Fira Mediterrania showcase events<br \/>\n\u00b7 Delegate lunch in the splendid Kursaal Theatre<br \/>\n\u00b7 Welcome reception hosted by wine producers D.O.Pla de Bages<\/span><\/p>\n<div><\/div>\n<div>\n<h5><strong>Schedule:<\/strong><\/h5>\n<p>09 October &#8211; arrive &#8211; 19.00 Reception hosted by D.O. Pla de Bages<br \/>\n10 October &#8211; Conference 10.30 &#8211; 18.00<br \/>\n11 October &#8211; Conference 10.30 &#8211; 18.00<br \/>\n12 October &#8211; depart<\/p>\n<p><strong>For more details and to register, check this link<\/strong>:\u00a0<a href=\"https:\/\/www.eventbrite.co.uk\/e\/efn-2025-conference-in-manresa-tickets-1328315370029?aff=oddtdtcreator\" target=\"_blank\" rel=\"noopener\">https:\/\/www.eventbrite.co.uk\/e\/efn-2025-conference-in-manresa-tickets-1328315370029?aff=oddtdtcreator<\/a><\/p>\n<p><span style=\"color: #000000; font-family: open sans, helvetica neue, helvetica, arial, sans-serif;\"><img loading=\"lazy\" decoding=\"async\" class=\"alignright\" src=\"https:\/\/mcusercontent.com\/993c677d53044839b1b39b2dc\/images\/a10ba235-afe2-7dd3-c427-4d7f8a36fad6.jpg\" width=\"280\" height=\"365\" data-file-id=\"6069639\" \/><\/span><\/p>\n<h5><span style=\"font-family: open sans, helvetica neue, helvetica, arial, sans-serif;\"><strong>About the Fira Mediterr\u00e0nia\u00a0<\/strong><\/span><\/h5>\n<p><span style=\"font-family: 'open sans', 'helvetica neue', helvetica, arial, sans-serif;\">From its side, according to its website, the Fira Mediterr\u00e0nia de Manresa &#8220;<\/span><span style=\"font-family: 'open sans', 'helvetica neue', helvetica, arial, sans-serif;\"><em>works with what we call the 360 degrees of the root, starting with the first level, the intangible heritage, continuing through the associations of popular and traditional culture, which start with that heritage and work to connect it with society, and ending with the professional sector, the artists whose creations are based on that tradition. At the Fira, we attach particular importance to the interchange, interrelation and intersection of all of those<\/em>.&#8221;<\/span><\/p>\n<p>On the picture, you have the the poster for the 28th Fira Mediterr\u00e0nia of Manresa: a\u00a0heart made of musical instruments and stage elements takes center stage. According to their communication, &#8220;<em>the idea is to visually represent this year\u2019s theme: creation in the folk and roots-based arts<\/em>.&#8221; For more information about the Fira, visit\u00a0<a href=\"https:\/\/firamediterrania.cat\/es\" target=\"_blank\" rel=\"noopener\">their website<\/a>.<\/p>\n<\/div>\n<p>&nbsp;<\/p>\n<hr \/>\n<p>&nbsp;<\/p>\n<h1><strong><span style=\"color: #daa520;\">BRIEF NEWS FROM THE MEDIA, CHARTS AND SISTER PROJECTS\u00a0<\/span><\/strong><span style=\"color: #000000; font-family: open sans, helvetica neue, helvetica, arial, sans-serif;\"><img loading=\"lazy\" decoding=\"async\" src=\"https:\/\/mcusercontent.com\/993c677d53044839b1b39b2dc\/images\/e032fb01-1481-4ae7-a53d-1b163dd4572c.jpg\" width=\"180\" height=\"180\" align=\"right\" data-file-id=\"4734514\" \/><\/span><\/h1>\n<hr \/>\n<p>\ud83d\udd38<span style=\"font-family: 'open sans', 'helvetica neue', helvetica, arial, sans-serif;\">#1\u00a0for\u00a0<a href=\"https:\/\/www.transglobalwmc.com\/charts\/april-2025-chart\/\" target=\"_blank\" rel=\"noopener\">Transglobal World Music Chart in April of\u00a02025<\/a>\u00a0is:\u00a0Trio Da Kali&#8217;s\u00a0<em>Bagola\u00a0<\/em>(One World)<\/span><\/p>\n<hr \/>\n<p>\ud83d\udd38<span style=\"font-family: 'open sans', 'helvetica neue', helvetica, arial, sans-serif;\"><a href=\"https:\/\/mundofonias.com\/wp\/?p=8499\" target=\"_blank\" rel=\"noopener\">Mundofon\u00edas<\/a>: the three favourite of the month are\u00a0Ozan Baysal&#8217;s\u00a0<em>Tel ve ten<\/em>, Tatros Egy\u00fcttes&#8217;\u00a0<em>Pillanat\u00a0<\/em>and\u00a0Fanoos Ensemble&#8217;s\u00a0<em>Echoes of Afghanistan.<\/em><\/span><\/p>\n<p><span style=\"font-family: 'open sans', 'helvetica neue', helvetica, arial, sans-serif;\"><img loading=\"lazy\" decoding=\"async\" src=\"https:\/\/mcusercontent.com\/993c677d53044839b1b39b2dc\/images\/0abf41be-3fef-2a06-6e59-42411fc54c65.jpg\" width=\"560\" height=\"186\" align=\"center\" data-file-id=\"6069615\" \/><\/span><\/p>\n<hr \/>\n<p>\ud83d\udd38<span style=\"font-family: 'open sans', 'helvetica neue', helvetica, arial, sans-serif;\"><a href=\"https:\/\/www.limur.eu\/limur\/limur-2025-trimestre-1\/\" target=\"_blank\" rel=\"noopener\">LIM\u00faR<\/a>: it is the Iberian Roots Music Chart, led by Juan Antonio V\u00e1zquez. The LIM\u00faR for the first quarter of 2025 has been published. The #1 spot goes to\u00a0Mara Aranda&#8217;s\u00a0<em>Sefarad en el coraz\u00f3n de Bulgaria<\/em>, a self-produced work by the Valencian artist.<\/span><\/p>\n<p style=\"text-align: center;\"><span style=\"font-family: 'open sans', 'helvetica neue', helvetica, arial, sans-serif;\">Click the image to discover the 15 charted works:\u00a0<\/span><\/p>\n<p><span style=\"color: #000000; font-family: open sans, helvetica neue, helvetica, arial, sans-serif;\"><a href=\"https:\/\/www.limur.eu\/limur\/limur-2025-trimestre-1\/\" target=\"_blank\" rel=\"noopener\"><img loading=\"lazy\" decoding=\"async\" class=\"aligncenter\" src=\"https:\/\/mcusercontent.com\/993c677d53044839b1b39b2dc\/images\/e4ac8895-dfc5-6458-bf36-aea2560447d6.jpg\" width=\"625\" height=\"625\" data-file-id=\"6069617\" \/><\/a><\/span><\/p>\n<hr \/>\n<h3 style=\"text-align: center;\"><strong>Do you have a call of interest for our community that you want to share? Let me know asap.<\/strong><\/h3>\n<p>&nbsp;<\/p>\n<h1><strong><span style=\"color: #daa520;\">OPEN CALLS\u00a0<\/span><\/strong><\/h1>\n<p>This section is open for news. It is free of charge. You can let me know if you have any open call\u00a0of relevance to the community.<\/p>\n<p><strong>NEW CALL\u00a0IN THE NEWSLETTER:<\/strong><\/p>\n<p><strong>\ud83d\udd38Afro Pepites Show<\/strong><br \/>\nThe online registration is open until Saturday 31 May 2025. It is open to artists from Africa, the Caribbean, South America or any other artists inspired by Africa.\u00a0Organized by Le R\u00eave Africain, this online talent-spotting platform aims to discover and promote emerging African and diaspora artists across various genres, including hip-hop, reggae, afrobeat, spoken word, and urban music. The initiative offers selected artists opportunities for increased visibility, networking, and potential collaborations.<\/p>\n<p><strong>Application fees:<\/strong><br \/>\n\u00b7 Free for artists and labels based in Africa or South America.<br \/>\n\u00b7 For those based in Europe, Asia, or North America:<br \/>\n\u00b7\u00a0Independent artists: \u20ac15 registration fee.<br \/>\n\u00b7 Labels: \u20ac23 for the first project, \u20ac18 per additional project.<br \/>\n\u00b7 SACEM Plus members receive a 25% discount with a promotional code.<br \/>\n\u00b7 There is also a patronage option: supporters can sponsor artists who cannot afford the fee.<\/p>\n<p><strong>Key dates:<\/strong><br \/>\n\u00b7 Application deadline: 31 May 2025<br \/>\n\u00b7 Selection announcement: 15 June 2025<br \/>\n\u00b7 End of public voting: 10 July 2025<br \/>\n\u00b7 Final results (Pepites): 20 July 2025<\/p>\n<p>Full info and registration links are available\u00a0<a href=\"https:\/\/lereveafricain.wixsite.com\/afropepiteshow\/aps15-registration\" target=\"_blank\" rel=\"noopener\">here<\/a>.<br \/>\n<img loading=\"lazy\" decoding=\"async\" class=\"aligncenter\" src=\"https:\/\/mcusercontent.com\/993c677d53044839b1b39b2dc\/images\/18c64af8-07ab-ada6-85fa-45be68a22d1a.png\" width=\"560\" height=\"315\" align=\"center\" data-file-id=\"6069618\" \/><\/p>\n<hr \/>\n<p><img loading=\"lazy\" decoding=\"async\" class=\"alignright\" src=\"https:\/\/mcusercontent.com\/993c677d53044839b1b39b2dc\/images\/418d73ce-8955-5ab8-0ddd-0a571cb6b171.jpg\" width=\"300\" height=\"212\" data-file-id=\"6064667\" \/><\/p>\n<div>\n<div><\/div>\n<\/div>\n<p><strong>THIS CALL WAS IN THE NEWSLETTER IN THE PREVIOUS EDITION:<\/strong><\/p>\n<p>\ud83d\udd38<strong><a href=\"https:\/\/www.fondazioneandreaparodi.it\/\" target=\"_blank\" rel=\"noopener\">Premio Andrea Parodi<\/a><\/strong><\/p>\n<div>\n<p>The 18th edition of the competition has been launched, with the final rounds scheduled from October 9 to 11, 2025, in Cagliari. The call for applications is now open, with free registration available until May 9, 2025, through the official website\u00a0<a href=\"http:\/\/www.fondazioneandreaparodi.it\/\" target=\"_blank\" rel=\"noopener\">www.fondazioneandreaparodi.it<\/a>.<\/p>\n<p>The winner and several finalists will receive significant prizes, including opportunities to perform at major Italian music festivals.<\/p>\n<\/div>\n<hr \/>\n<p>&nbsp;<\/p>\n<h2><span style=\"color: #daa520;\"><strong>MEET ME AT<\/strong><\/span><\/h2>\n<ul>\n<li><strong>10th of May, Madrid, Spain<\/strong>. Yes, Madrid is the place where I am settled but I wanted to say that Vig\u00fcela will perform in the main festivity of the city: San Isidro.\u00a0The San Isidro Festival in Madrid is the city&#8217;s most iconic celebration, held every year around May 15th in honor of its patron saint, San Isidro Labrador. The festivities combine religious traditions with vibrant cultural and popular events. Locals and visitors gather at parks, streets, and historic squares to enjoy concerts, open-air dances, street performances, parades, and traditional activities such as chotis dancing and wearing the typical \u201cchulapo\u201d attire. The Pradera de San Isidro becomes the heart of the celebration, with food stalls, music, and a festive atmosphere. Vig\u00fcela will perform on 10th of May at the Pradera. Yeah!!! Check them in the video below.<\/li>\n<li><strong>19th May<\/strong>.\u00a0<a href=\"https:\/\/www.gmgyvai.lt\/en\/pasaulis-skamba\/\" target=\"_blank\" rel=\"noopener\">Festival Pasaulis Skamba<\/a>, in Vilnius, for the concert by\u00a0Ali Do\u011fan G\u00f6n\u00fclta\u015f.<\/li>\n<li><strong>30th May<\/strong>, South-East of Spain! TBA.\u00a0Ali Do\u011fan G\u00f6n\u00fclta\u015f returns to Spain for one more concert in a referential festival.<\/li>\n<\/ul>\n<table style=\"border-collapse: collapse; width: 100%;\">\n<tbody>\n<tr>\n<td style=\"width: 100%; background-color: #072d54;\">\n<p style=\"text-align: center;\"><span style=\"color: #ffffff;\">Vig\u00fcela will bring their warm-blooded music to the most iconic festivity of the city of Madrid: San Isidro!<\/span><\/p>\n<p><span style=\"color: #ffffff;\"><a title=\"\" href=\"https:\/\/www.youtube.com\/watch?v=eox5JxGe6hQ\" target=\"_blank\" rel=\"noopener\"><img loading=\"lazy\" decoding=\"async\" class=\"mcnImage aligncenter\" src=\"https:\/\/mcusercontent.com\/993c677d53044839b1b39b2dc\/video_thumbnails_new\/5c528ac8efec2e0bd62639b33f2f08b8.png\" alt=\"\" width=\"667\" height=\"375\" \/><\/a><\/span><\/td>\n<\/tr>\n<\/tbody>\n<\/table>\n<p>&nbsp;<\/p>","protected":false},"excerpt":{"rendered":"<p>Summary\u00a0\ud83d\udc47\u00a0 \u00b7 Editorial After\u00a0Budapest Ritmo, some good news from\u00a0Zone Franche\u00a0and a reflection on my participation on the panel at\u00a0Babel Music XP \u00b7 Talk with Sofia Labropoulou\u00a0about\u00a0Unbounded Sounds \u00b7 The\u00a0European Folk Network\u00a0announces dates and location of its 6th annual conference \u00b7 Brief news from the media, charts and sister projects \u00b7 Open calls: Afro Pepites, Premio [&hellip;]<\/p>\n","protected":false},"author":1,"featured_media":0,"comment_status":"closed","ping_status":"open","sticky":false,"template":"","format":"standard","meta":{"footnotes":""},"categories":[19],"tags":[],"class_list":["post-3792","post","type-post","status-publish","format-standard","hentry","category-newsletter"],"_links":{"self":[{"href":"https:\/\/www.mapamundimusica.com\/en\/wp-json\/wp\/v2\/posts\/3792","targetHints":{"allow":["GET"]}}],"collection":[{"href":"https:\/\/www.mapamundimusica.com\/en\/wp-json\/wp\/v2\/posts"}],"about":[{"href":"https:\/\/www.mapamundimusica.com\/en\/wp-json\/wp\/v2\/types\/post"}],"author":[{"embeddable":true,"href":"https:\/\/www.mapamundimusica.com\/en\/wp-json\/wp\/v2\/users\/1"}],"replies":[{"embeddable":true,"href":"https:\/\/www.mapamundimusica.com\/en\/wp-json\/wp\/v2\/comments?post=3792"}],"version-history":[{"count":10,"href":"https:\/\/www.mapamundimusica.com\/en\/wp-json\/wp\/v2\/posts\/3792\/revisions"}],"predecessor-version":[{"id":3802,"href":"https:\/\/www.mapamundimusica.com\/en\/wp-json\/wp\/v2\/posts\/3792\/revisions\/3802"}],"wp:attachment":[{"href":"https:\/\/www.mapamundimusica.com\/en\/wp-json\/wp\/v2\/media?parent=3792"}],"wp:term":[{"taxonomy":"category","embeddable":true,"href":"https:\/\/www.mapamundimusica.com\/en\/wp-json\/wp\/v2\/categories?post=3792"},{"taxonomy":"post_tag","embeddable":true,"href":"https:\/\/www.mapamundimusica.com\/en\/wp-json\/wp\/v2\/tags?post=3792"}],"curies":[{"name":"wp","href":"https:\/\/api.w.org\/{rel}","templated":true}]}}