{"id":3775,"date":"2025-02-24T16:02:56","date_gmt":"2025-02-24T15:02:56","guid":{"rendered":"https:\/\/www.mapamundimusica.com\/?p=3775"},"modified":"2025-02-26T13:00:55","modified_gmt":"2025-02-26T12:00:55","slug":"english-february-25-talk-with-kavita-shah-from-folkalist-records-insights-about-babel-music-xp-unbounded-sounds-by-sofia-labropoulou-many-new-calls-and-80","status":"publish","type":"post","link":"https:\/\/www.mapamundimusica.com\/en\/newsletter\/english-february-25-talk-with-kavita-shah-from-folkalist-records-insights-about-babel-music-xp-unbounded-sounds-by-sofia-labropoulou-many-new-calls-and-80\/","title":{"rendered":"February 25. Talk with Kavita Shah from Folkalist Records, insights about Babel Music XP, UnBounded Sounds by Sofia Labropoulou, many new calls and + #80"},"content":{"rendered":"<p><\/p>\n<h1><strong>SUMMARY<\/strong><\/h1>\n<p><span style=\"font-family: arial, helvetica, sans-serif; font-size: 12pt;\"><span class=\"x19la9d6 x1fc57z9 x6ikm8r x10wlt62 x19co3pv x1g5zs5t xfibh0p xiy17q3 x1xsqp64 x1lkfr7t xexx8yu x4uap5 x18d9i69 xkhd6sd\"><span class=\"xrtxmta x1bhl96m\">\ud83d\udd38<\/span><\/span>Editorial. MUM, Extremadura and VONK<\/span><\/p>\n<p><span style=\"font-size: 12pt; font-family: arial, helvetica, sans-serif;\"><span class=\"x19la9d6 x1fc57z9 x6ikm8r x10wlt62 x19co3pv x1g5zs5t xfibh0p xiy17q3 x1xsqp64 x1lkfr7t xexx8yu x4uap5 x18d9i69 xkhd6sd\"><span class=\"xrtxmta x1bhl96m\">\ud83d\udd38<\/span><\/span>Talk with Kavita Shah from Folkalist Records<\/span><\/p>\n<p><span style=\"font-size: 12pt; font-family: arial, helvetica, sans-serif;\"><span class=\"x19la9d6 x1fc57z9 x6ikm8r x10wlt62 x19co3pv x1g5zs5t xfibh0p xiy17q3 x1xsqp64 x1lkfr7t xexx8yu x4uap5 x18d9i69 xkhd6sd\"><span class=\"xrtxmta x1bhl96m\">\ud83d\udd38<\/span><\/span>Babel Music XP 2025, with Olivier Rey<\/span><\/p>\n<p><span style=\"font-size: 12pt; font-family: arial, helvetica, sans-serif;\"><span class=\"x19la9d6 x1fc57z9 x6ikm8r x10wlt62 x19co3pv x1g5zs5t xfibh0p xiy17q3 x1xsqp64 x1lkfr7t xexx8yu x4uap5 x18d9i69 xkhd6sd\"><span class=\"xrtxmta x1bhl96m\">\ud83d\udd38<\/span><\/span>UnBounded Sounds, series of concerts and workshops, by Sofia Labropoulou\u00a0<\/span><\/p>\n<p><span style=\"font-size: 12pt; font-family: arial, helvetica, sans-serif;\"><span class=\"x19la9d6 x1fc57z9 x6ikm8r x10wlt62 x19co3pv x1g5zs5t xfibh0p xiy17q3 x1xsqp64 x1lkfr7t xexx8yu x4uap5 x18d9i69 xkhd6sd\"><span class=\"xrtxmta x1bhl96m\">\ud83d\udd38<\/span><\/span>Brief news from the media, charts and sister projects<\/span><\/p>\n<p><span style=\"font-size: 12pt; font-family: arial, helvetica, sans-serif;\"><span class=\"x19la9d6 x1fc57z9 x6ikm8r x10wlt62 x19co3pv x1g5zs5t xfibh0p xiy17q3 x1xsqp64 x1lkfr7t xexx8yu x4uap5 x18d9i69 xkhd6sd\"><span class=\"xrtxmta x1bhl96m\">\ud83d\udd38<\/span><\/span>Open calls: Mundial Montreal, Fira-B!, Visa for Music, Trovam, SoAlive Music Conference, WOMEX, Premio Andrea Parodi, Mercat de M\u00fasica Viva de Vic<\/span><\/p>\n<p><span style=\"font-size: 12pt; font-family: arial, helvetica, sans-serif;\"><span class=\"x19la9d6 x1fc57z9 x6ikm8r x10wlt62 x19co3pv x1g5zs5t xfibh0p xiy17q3 x1xsqp64 x1lkfr7t xexx8yu x4uap5 x18d9i69 xkhd6sd\"><span class=\"xrtxmta x1bhl96m\">\ud83d\udd38<\/span><\/span>Meet me at\u00a0\u2708\ufe0f\u00a0 VONK in Ghent, Babel Music XP in Marseille, MUM, Budapest Ritmo<\/span><\/p>\n<hr \/>\n<p><strong style=\"font-family: inherit; font-size: inherit;\">Hello, <\/strong><strong style=\"font-family: inherit; font-size: inherit;\">how are you?<\/strong><\/p>\n<p><img loading=\"lazy\" decoding=\"async\" class=\"alignright\" style=\"color: #747474; font-family: 'Open Sans', sans-serif; font-size: 14px; font-weight: bold;\" src=\"https:\/\/mcusercontent.com\/993c677d53044839b1b39b2dc\/images\/90d3625d-6a50-770d-26aa-afa3f789710b.jpeg\" width=\"280\" height=\"373\" align=\"right\" data-file-id=\"6066523\" \/><\/p>\n<p>I am well! I hope you&#8217;re doing very well. This picture is a selfie at the house of radio, in Pozuelo de Alarc\u00f3n, Madrid, where there is the central headquarter of Spanish National Radio. I went there just to accompany Juan Antonio V\u00e1zquez for his interview with <a href=\"https:\/\/www.facebook.com\/enrique.helguera.3\" target=\"_blank\" rel=\"noopener\">Kiko Helguera<\/a>\u00a0on the occasion of the first anniversary of the\u00a0<a href=\"https:\/\/www.limur.eu\/limur\/\" target=\"_blank\" rel=\"noopener\">LIM\u00faR<\/a>. You can listen to that radio show\u00a0<a href=\"https:\/\/www.rtve.es\/play\/audios\/los-ultrasonicos\/kiko-helguera-limur-musicas-ibericas-raiz-2024-09-02-25\/16442795\/\" target=\"_blank\" rel=\"noopener\">here<\/a>\u00a0(in Spanish).Personally, I\u2019m excited about so many things coming up soon.<\/p>\n<p>Among them is MUM the\u00a0<a href=\"https:\/\/extremum.agcex.org\/\" target=\"_blank\" rel=\"noopener\">Professional Music Days in Extremadura<\/a>, which I\u2019ve mentioned on a previous occasion. This year, I\u2019ve been part of the artistic selection committee, and it has been a fascinating experience.\u00a0The fair will take place from April 2 to 4 in M\u00e9rida, Badajoz, a city with spectacular historical heritage from the Roman Empire.<img loading=\"lazy\" decoding=\"async\" class=\"alignleft\" src=\"https:\/\/mcusercontent.com\/993c677d53044839b1b39b2dc\/images\/aa361f52-0e54-47a6-8f75-5b97b5b673c0.png\" width=\"240\" height=\"93\" align=\"left\" data-file-id=\"6066524\" \/><\/p>\n<p>This event is the music industry gathering for the Extremadura region, one that has historically been less economically developed than other parts of Spain, although I believe it is a land of great contrasts. The nature is diverse and wild, there are cities like C\u00e1ceres, a UNESCO World Heritage Site, and many other gems like Plasencia or Guadalupe, as well as countless authentic and lively villages. It is also known for its Iberian pig farming, producing the famous jam\u00f3n ib\u00e9rico. Additionally, it is the region my mother is from.<\/p>\n<p>In terms of music, this fair will celebrate its ninth edition this year. The number of applications received has been enormous\u2014around 250 proposals, with nearly 100 from the region itself.<\/p>\n<p>The official communication and on-site activities are in Spanish, but I wanted to highlight that the\u00a0<strong>call for industry professionals<\/strong>\u00a0is open until March 14 at 14:00 CET, available\u00a0<a href=\"https:\/\/extremum.agcex.org\/abrimos-convocatoria-las-los-profesionales-del-sector\/\" target=\"_blank\" rel=\"noopener\">here<\/a>. Check the conditions and what they cover,\u00a0<a href=\"https:\/\/extremum.agcex.org\/profesionales\/\" target=\"_blank\" rel=\"noopener\">here<\/a>.<\/p>\n<p>MUM is organized by the Asociaci\u00f3n de Gestoras y Gestores Culturales de Extremadura (AGCEX), in collaboration with the Centro de las Artes Esc\u00e9nicas y la M\u00fasica (CEMART), under the Consejer\u00eda de Cultura, Turismo, J\u00f3venes y Deportes de la Junta de Extremadura. It is financed by the Diputaci\u00f3n de Badajoz, Diputaci\u00f3n Provincial de C\u00e1ceres, and the Ayuntamiento de M\u00e9rida, with the collaboration of Extremadura AVANTE.<\/p>\n<p>But before\u00a0<a href=\"https:\/\/www.vonkfestival.be\/\" target=\"_blank\" rel=\"noopener\">MUM<\/a>, I will have the opportunity to participate in a similar event, though in a very different setting: VONK, in the beautiful city of Ghent, which I think is my favorite city in the world so far.\u00a0The program includes performances by Mandolinman, Xabier D\u00edaz Trio, Playground Hearts, Hartwin Trio, Lies &amp; Jeroen, Farfar, and Cardboard Cabin. And of Sunday, the Open Stage will host 12 short performances of local artists.<\/p>\n<p style=\"text-align: center;\"><strong>I have often mentioned that my mother is from Extremadura. I found this photo where she appears with her parents and 8 of her 10 siblings. The other two were born later.<\/strong><br \/>\n<img loading=\"lazy\" decoding=\"async\" class=\"aligncenter\" src=\"https:\/\/mcusercontent.com\/993c677d53044839b1b39b2dc\/images\/d1c74d50-ad0e-4d5b-d4f9-a8db19fcaf5f.jpg\" width=\"560\" height=\"407\" align=\"center\" data-file-id=\"6066522\" \/><\/p>\n<p>I hope you will enjoy these contents. Thank you for your attention.<\/p>\n<div>\n<hr \/>\n<\/div>\n<div><\/div>\n<p style=\"text-align: center;\"><strong>Remember: if you have any news of interest for our community, let me know. Thank you very much for your attention.<\/strong><\/p>\n<p style=\"text-align: center;\">Araceli Tzigane | Mapamundi M\u00fasica\u00a0|<strong>\u00a0+34 676\u00a030 28 82\u00a0<\/strong><\/p>\n<hr \/>\n<h1><strong><span style=\"color: #daa520;\">AND NOW THE FLOOR IS FOR:<br \/>\nKAVITA SHAH, FROM FOLKALIST RECORDS<br \/>\n<img loading=\"lazy\" decoding=\"async\" class=\"aligncenter\" src=\"https:\/\/mcusercontent.com\/993c677d53044839b1b39b2dc\/images\/7b95f493-3180-7462-89d0-5c7d9119a21b.png\" width=\"560\" height=\"370\" align=\"center\" data-file-id=\"6066505\" \/><\/span><\/strong><\/h1>\n<div>\n<p><span style=\"font-family: open sans, helvetica neue, helvetica, arial, sans-serif;\"><strong>I got this beautiful picture from\u00a0<a href=\"https:\/\/www.kavitashahmusic.com\/\" target=\"_blank\" rel=\"noopener\">Kavita&#8217;s website<\/a>\u00a0and it is by Julien Charpentier.\u00a0I first heard about Kavita through her album\u00a0<em>Cape Verdean Blues<\/em>, the first release from Folkalist Records. A few days later, I received an email introducing the label, which she had founded. And I realised that was the first album of a new record label.<\/strong><\/span><\/p>\n<p><strong>I wondered why this woman, an artist with an already established career, would decide to start a record label in these times when recorded music doesn\u2019t seem to be a great business.<\/strong><\/p>\n<p><strong>I had recently started my own label to release my own artists and to offer an option for other musicians whose projects I identify with, helping them navigate all the work and procedures required to put an album on the market. I wondered what Kavita\u2019s reason was\u2026 As usually happens, when something catches your attention, more and more questions start to arise. Kavita was kind enough to answer mine, and here I share them with you.<\/strong><\/p>\n<hr \/>\n<\/div>\n<p style=\"text-align: center;\"><span style=\"font-family: open sans, helvetica neue, helvetica, arial, sans-serif;\"><strong>\u00a0 \u00a0While you read, you can listen to the album\u00a0<em>Cape Verdean Blues<\/em>,\u00a0<a href=\"https:\/\/kavitashah.bandcamp.com\/album\/cape-verdean-blues\" target=\"_blank\" rel=\"noopener\">here<\/a>\u00a0\u00a0<\/strong><\/span>\ud83c\udfa7<span style=\"font-family: open sans, helvetica neue, helvetica, arial, sans-serif;\"><strong>\u00a0<\/strong><\/span><\/p>\n<hr \/>\n<div>\n<p><strong><span style=\"font-family: open sans, helvetica neue, helvetica, arial, sans-serif;\">Araceli Tzigane:\u00a0<\/span><\/strong><span style=\"font-family: open sans, helvetica neue, helvetica, arial, sans-serif;\"><strong>Kavita, you already have some discographic experience. On your Bandcamp I see two albums released previously, before creating Folkalist. Why did you start a new record label, instead of releasing the album\/s with other labels already existing?\u00a0<\/strong><\/span><span style=\"font-family: open sans, helvetica neue, helvetica, arial, sans-serif;\"><strong><img loading=\"lazy\" decoding=\"async\" class=\"alignright\" src=\"https:\/\/mcusercontent.com\/993c677d53044839b1b39b2dc\/images\/c799e4d2-6a66-e355-1eee-da0d6cd70c4d.jpg\" width=\"265\" height=\"265\" align=\"right\" data-file-id=\"6066504\" \/><\/strong><\/span><\/p>\n<p><span style=\"font-family: open sans, helvetica neue, helvetica, arial, sans-serif;\"><strong>Kavita Shah:<\/strong>\u00a0Thank you for inviting me to share about Folkalist Records! I am a singer, composer, and educator working across the jazz, global music, and contemporary classical worlds. My practice also incorporates ethnographic research into diverse musical traditions from around the world.<\/span><\/p>\n<p>Folkalist has long been a goal of mine\u2013to create a space for artists who, like myself, are global citizens and make music that transcend cultures, genres, and marketing labels. With Folkalist, my dream is not just to highlight marginalized music and music-makers, especially women, but to establish a digital platform through which artists and audiences everywhere\u2013from Ethiopia to Argentina, Cabo Verde to India\u2013can find one another, discover novel connections, and in so doing, enable a new type of global music community.<\/p>\n<p>The decision to found Folkalist Records was more about this broader vision I had for the arts world than it was about creating a label for releasing my own music. That said, personally having recorded and toured on six continents for the past 13 years, I also grew weary of the exploitative dynamic between artists and industry folk, especially as a woman of color operating in a predominantly white, male space. And when it comes to record labels, the deals that exist out there in this very volatile environment, even with major labels, are lackluster at best.<\/p>\n<p>I have always been entrepreneurial in my career, and I enjoy a good challenge. When I realized that with a bit of work, I could create a forward-thinking structure with the right attention to detail to benefit independent artists on a global stage, it felt like the right time to launch Folkalist.<\/p>\n<p><span style=\"font-family: open sans, helvetica neue, helvetica, arial, sans-serif;\"><strong>AT: Please also explain what Folkalist provides differently to the world of the music industry.\u00a0<\/strong><\/span><\/p>\n<p><span style=\"font-family: open sans, helvetica neue, helvetica, arial, sans-serif;\"><strong>KS:<\/strong>\u00a0Folkalist is an artist-forward, artist-run label for the 21st century. As artists ourselves, we are acutely aware of the challenges artists face and strive to uplift independent artists and amplify their work. We offer bespoke services beyond just uploading music to DSPs, including in-house publicity, copywriting, career consulting, and booking services. This holistic approach contributes to the success of our artists and their long-term sustainability beyond an individual release. On our website, each artist can also present digital liner notes (beautifully designed by Hyperkit) with the photos, field recordings, and stories behind their music, giving them the opportunity to share their work with audiences in a deeper way (check out the liner notes for my album\u00a0<em>Cape Verdean Blues<\/em>\u00a0or for Juana Luna\u2019s\u00a0<em>Canciones en Blanco y Negro!<\/em>).<\/span><\/p>\n<p>Regarding our business model, many record labels were founded during a different era, when profits were still made through physical products, and these labels have fought to survive in the era of streaming by desperately trying to adapt an obsolete model to current times. We at Folkalist are coming into the game with eyes wide open that streaming is here to stay, and that in order to turn a profit as a record label, we have to be tactical about finding new ways to generate revenue. We use AI and data science tools to analyze streaming algorithms that can help us and our artists in this new climate, and we are developing partnerships with other organizations to help broaden the reach of our artists and their music.<\/p>\n<p><span style=\"font-family: open sans, helvetica neue, helvetica, arial, sans-serif;\"><strong>AT: I wonder about the name, Folkalist. Why did you choose this name?\u00a0<\/strong><\/span><\/p>\n<p><span style=\"font-family: open sans, helvetica neue, helvetica, arial, sans-serif;\"><strong>KS:<\/strong>\u00a0The word \u201cfolkalist\u201d came to me during a performance in Addis Ababa, Ethiopia, in the middle of a whirlwind voyage from Cape Verde to Dakar, Bamako to Tanzania. Singing with the founder of Ethio-jazz, the legendary Mulatu Astatke, and local musicians who effortlessly crossed folk genres and identities, something in me clicked: a \u201cfolkalist\u201d is a culture-maker, someone engaged in storytelling, and often at the crossroads where diverse cultures meet. And my calling as a multi-hyphenate, polyglot artist is to do my part to advance the music found in these places of encounter.\u00a0<\/span><\/p>\n<p><span style=\"font-family: open sans, helvetica neue, helvetica, arial, sans-serif;\"><strong>AT: And about your logo, it looks vintage. Together with the name it brings to my mind the idea of people like Alan Lomax. Was that your idea too?<\/strong><\/span><\/p>\n<p><span style=\"font-family: open sans, helvetica neue, helvetica, arial, sans-serif;\"><strong>KS:\u00a0<\/strong>Thank you for noticing our logo! It was created by a great UK-based design studio called IWANT Design. My colleague Jayme Stone and I worked with John Gilsenan, the designer, to make a logo that conveyed Folkalist\u2019s brand as bridging the traditional and the modern. We wanted something that felt both machine-printed and bespoke\/hand-drawn, with imperfections visible, much like the aesthetic of Folkalist\u2019s music.<\/span><\/p>\n<p><span style=\"font-family: open sans, helvetica neue, helvetica, arial, sans-serif;\"><strong>AT: Do you think physical production is still relevant?\u00a0<\/strong><\/span><\/p>\n<p><span style=\"font-family: open sans, helvetica neue, helvetica, arial, sans-serif;\"><strong>KS:<\/strong>\u00a0A few years ago, everyone thought that physical albums were on their way out, so when founding Folkalist, I assumed we would have a digital focus. But while the commercial market for CDs has indeed shrunk, I was shocked that within three months of the release of my album Cape Verdean Blues, I had to reprint CDs because so many people were buying the albums, both at concerts and through vendors like Bandcamp. People are buying CDs who don&#8217;t even have a CD player anymore because they want to take home a memento of what they experience live. Some radio and press outlets still request physical copies as well, and Folkalist has been working with physical distributors in Europe and Japan, where there is still a strong demand for physical product. So, yes, print is still relevant. We&#8217;ll have to assess this in real time as the industry continues to shift.<\/span><\/p>\n<p><span style=\"font-family: open sans, helvetica neue, helvetica, arial, sans-serif;\"><strong>AT: What do you think is the future of vinyl? Will it remain one of the alternatives for physical formats, or is it just a passing trend?\u00a0<\/strong><\/span><\/p>\n<p><span style=\"font-family: open sans, helvetica neue, helvetica, arial, sans-serif;\"><strong>KS:<\/strong>\u00a0Vinyl is not a passing trend! There is something to the analog experience of sitting down and listening to a story from start to finish. It\u2019s meditative, and many people who are overwhelmed by the barrage of information thrown at us in the digital age welcome this experience. Vinyls are also more sustainable than CDs, they offer the best sound quality, and they look great, so they are collector\u2019s items.<\/span><\/p>\n<p>This said, vinyls are still very expensive to produce, and I think the decline of CDs and rise of vinyls might be a little hyped, as we\u2019re still seeing more demand for CDs than for vinyls. This is another thing Folkalist will have to monitor closely from release to release.<\/p>\n<hr \/>\n<\/div>\n<p style=\"text-align: center;\"><strong>You might also be interested in listening to some of the album that Kavita mentions: Juana Luna&#8217;s\u00a0<em>Canciones en Blanco y Negro<\/em>. It is the second release from Folkalist. Here is the full album playlist:<\/strong><\/p>\n<p><a title=\"\" href=\"https:\/\/www.youtube.com\/watch?v=GgARkpkdaZY&amp;list=OLAK5uy_kanA34Et_wsiJPrXjJOkHUGUualfM8v64\" target=\"_blank\" rel=\"noopener\"><img loading=\"lazy\" decoding=\"async\" class=\"mcnImage aligncenter\" src=\"https:\/\/mcusercontent.com\/993c677d53044839b1b39b2dc\/video_thumbnails_new\/638f19e45e4606d178b3e96741df0e8f.png\" alt=\"\" width=\"564\" height=\"360\" \/><\/a><\/p>\n<hr \/>\n<p><span style=\"font-family: open sans, helvetica neue, helvetica, arial, sans-serif;\"><strong>AT: Are there any criteria you will apply when choosing which projects to release? I see on the website that you refer to the &#8220;global South.&#8221; Also, hybridity. Any other aspects?\u00a0<\/strong><\/span><\/p>\n<p><span style=\"font-family: open sans, helvetica neue, helvetica, arial, sans-serif;\"><strong>KS:\u00a0<\/strong>Folkalist\u2019s artists are singers, storytellers and culture-makers who put folkloric traditions in conversation with contemporary ones. Our number one criteria for signing new artists is musical excellence. Then, yes, we are dedicated to releasing music from the global South, which is not a geographic distinction as much as a political one: we are here to center music and amplify voices who have historically been left out of the marketplace. While primarily focused on vocal music, we are open to releasing instrumental music that fits this criteria as well. And as a female record label owner, I am committed to Folkalist&#8217;s artist roster being majority female \/ non-binary at any given moment.<\/span><\/p>\n<p>Hybridity is also an important feature to us because the so-called \u2018world music\u2019 industry, while historically increasing the awareness of previously unknown musical traditions within a marketplace dominated by the Global North, has at times also served to solidify binary concepts of \u2018us\u2019 vs. \u2018them\u2019, \u2018primitive\u2019 vs. \u2018modern\u2019, and \u2018authentic\u2019 vs. \u2018innovative,\u2019 leading to the paradoxical effect of pigeon-holing the very music it was globalizing. But history shows us that traditions are not static, and they do not live in isolation; they have always been in flux, shaped by constant contact with other societies and ideas. This dynamism is all the more true in our current age of hyperconnectivity. Folkalist strives to elevate music that thrives in the fertile space between genres, music that is plural rather than monolithic, music that transcends boundaries and binaries, and speaks to the reality of today\u2019s global citizens who do not possess one whole culture, but fragments of many.<\/p>\n<p><span style=\"font-family: open sans, helvetica neue, helvetica, arial, sans-serif;\"><strong>AT: For artists who meet those criteria, how should they contact you and what should they send for consideration? For example, do you need a final master or would a demo be sufficient?\u00a0<\/strong><\/span><\/p>\n<p><span style=\"font-family: open sans, helvetica neue, helvetica, arial, sans-serif;\"><strong>KS:<\/strong>\u00a0We at Folkalist would love to hear your music! We accept both demos and final products, and artists can submit their music on our website\u00a0<a href=\"https:\/\/www.folkalistrecords.com\/contact\" target=\"_blank\" rel=\"noopener\">here<\/a>.<\/span><\/p>\n<p>Note that, in order to keep a cohesive sound on the label, especially given that our artists come from all corners of the globe with different levels of access to equipment and technology, we generally like to get involved during the album production stage (during the recording or mixing process).<\/p>\n<p><span style=\"font-family: open sans, helvetica neue, helvetica, arial, sans-serif;\"><strong>AT: Do you think the concept of an album still makes sense in these times when digital predominates and singles can be easily released?\u00a0<\/strong><\/span><\/p>\n<p><span style=\"font-family: open sans, helvetica neue, helvetica, arial, sans-serif;\"><strong>KS:\u00a0<\/strong>This is another aspect of our market that is in flux. At Folkalist, we are open to releasing music in various formats: singles, EPs, and full-length albums. But I think the concept of an album still holds weight in establishing an artist\u2019s body of work and in building a sustainable career, especially for touring artists. (Of course, I am biased as I come from the jazz world and from a generation when albums were still very important in terms of telling a story from start to finish!)<\/span><\/p>\n<p>Artists today can certainly put out and promote singles\u2013especially when accompanied by music videos, which can be great promotional tools\u2013or shorter-length EPs\u2013which can be useful especially when artists want to try new artistic directions. I am just not convinced that EPs are truly cheaper or less time-consuming to produce than full-length albums, or that they ultimately supplant the growth opportunities, both creatively and financially, that arise from creating a broader artistic statement.<\/p>\n<p><span style=\"font-family: open sans, helvetica neue, helvetica, arial, sans-serif;\"><strong>AT: You released Juana Luna&#8217;s album \u201cCanciones en Blanco y Negro\u201d in September. This was your second release. Tell us about it.\u00a0<\/strong><\/span><\/p>\n<p><span style=\"font-family: open sans, helvetica neue, helvetica, arial, sans-serif;\"><strong>KS:<\/strong>\u00a0We are very excited to have released Argentine singer-songwriter Juana Luna&#8217;s\u00a0<em>Canciones en Blanco y Negro<\/em>\u00a0(Songs in Black and White) last Fall, a beautiful album blending Argentine folkchamam\u00e9s and boleros with string quartet arrangements commissioned by the New York Philharmonic Orchestra and touches of electronic production\u2013exactly the kind of hybrid, traditional-modern aesthetic that Folkalist is focused on! About the music, a tribute to her grandmothers and great-grandmothers, Juana says, \u201c<em>In a way, this album is a ritual of acceptance for all the women whose stories don\u2019t get told, whose suffering got swept under the rug. This is an embrace, a way of looking through the generations to say thank you to those who came before me<\/em>.\u201d<\/span><\/p>\n<p><em>Canciones\u00a0<\/em>is #5 on this month\u2019s World Music Charts Europe, and the single \u201cLa Paloma\u201d was included on NPR\u2019s \u201cTop 10 Songs of 2024\u201d by Felix Contreras. You can listen\/explore more\u00a0<a href=\"https:\/\/www.folkalistrecords.com\/releases\/canciones-en-blanco-y-negro\" target=\"_blank\" rel=\"noopener\">here<\/a>!<\/p>\n<p><span style=\"font-family: open sans, helvetica neue, helvetica, arial, sans-serif;\"><strong>AT: Which other plans do you have for the near future? Do you have a planned regularity for releases, or will you be releasing as interesting proposals come up?\u00a0<\/strong><\/span><\/p>\n<p><span style=\"font-family: open sans, helvetica neue, helvetica, arial, sans-serif;\"><strong>KS:\u00a0<\/strong>We are a small label aiming for quality over quantity; we invest a good deal of time, energy, and funding into each release to make it a success while also striving to adapt our strategies to the constantly changing nature of the music industry. In Spring 2025, we will be releasing our third album, Ecuadorian singer-songwriter Grecia Alb\u00e1n\u2019s\u00a0<em>Nubes Selva<\/em>\u00a0(Cloud Jungle), which takes the listener on a journey in Spanish and Kichwa across the diverse Ecuadorian landscape, combining rhythms and rituals of her ancestral homeland with electronic soundscapes to create a singular, futuristic folk sound.<\/span><\/p>\n<p>We are actively reviewing proposals and signing artists, and we will be making announcements about new signings over the next few months. Stay tuned!<\/p>\n<p><span style=\"font-family: open sans, helvetica neue, helvetica, arial, sans-serif;\"><strong>AT: If you want to share any other insight, please, proceed.\u00a0<\/strong><\/span><\/p>\n<p><span style=\"font-family: open sans, helvetica neue, helvetica, arial, sans-serif;\"><strong>KS:\u00a0<\/strong>Thank you for your interest in Folkalist Records! You can follow us on Instagram at @folkalistrecords and check out our website,\u00a0<a href=\"http:\/\/www.folkalistrecords.com\/\" target=\"_blank\" rel=\"noopener\">www.folkalistrecords.com<\/a>\u00a0for more information on our artists, music clips, and digital liner notes that beautifully tell the stories behind the songs!<\/span><\/p>\n<p style=\"text-align: center;\"><strong>THANK YOU, KAVITA, AND MUCH SUCCESS FOR FOLKALIST RECORDS!\u00a0<\/strong><\/p>\n<hr \/>\n<p>&nbsp;<\/p>\n<h1><strong><span style=\"color: #daa520;\">ABOUT BABEL MUSIC XP, 3RD EDITION<br \/>\nBY OLIVIER REY<\/span><\/strong><\/h1>\n<div><span style=\"font-family: open sans, helvetica neue, helvetica, arial, sans-serif;\"><strong>On August 2020, still during the hard time of the pandemic, Olivier Rey explained to us about the rebirth of the &#8220;Babel&#8221;. This event, Babel Music XP would be the heir of Babel Med, giving to the event the new vision and strength of a new team, lead by him. You can read that interview\u00a0<a href=\"https:\/\/www.mapamundimusica.com\/en\/tag\/interview-babel-music\/\" target=\"_blank\" rel=\"noopener\">here<\/a>. For Mundofon\u00edas, Juan Antonio sent some questions to Olivier and I asked them permission to write it down here also for my readers. Here you are.\u00a0<\/strong><\/span><\/div>\n<div>\n<hr \/>\n<\/div>\n<p style=\"text-align: center;\"><strong>While you read you may like to listen to this playlist with pieces by the artists on the official selection of Babel Music XP 2025:<\/strong><\/p>\n<p><a title=\"\" href=\"https:\/\/www.youtube.com\/watch?v=4HELITucY-U&amp;list=PLOG5L6RWq28D-GdBVUctodqDAPVHl5O-w\" target=\"_blank\" rel=\"noopener\"><img loading=\"lazy\" decoding=\"async\" class=\"mcnImage aligncenter\" src=\"https:\/\/mcusercontent.com\/993c677d53044839b1b39b2dc\/video_thumbnails_new\/c1a788f2163d0c53525648ef7f93cc71.png\" alt=\"\" width=\"564\" height=\"360\" \/><\/a><\/p>\n<hr \/>\n<p>&nbsp;<\/p>\n<p><strong>\u00b7 A few words about the 3rd edition of Babel Music XP 2025<span style=\"font-family: open sans, helvetica neue, helvetica, arial, sans-serif;\"><img loading=\"lazy\" decoding=\"async\" class=\"alignright\" src=\"https:\/\/mcusercontent.com\/993c677d53044839b1b39b2dc\/_compresseds\/5fb3ad55-ad8e-4690-99cd-2bac9fb2faec.jpg\" width=\"250\" height=\"375\" align=\"right\" data-file-id=\"4801958\" \/><\/span><\/strong><\/p>\n<p><span style=\"font-family: open sans, helvetica neue, helvetica, arial, sans-serif;\">This is an edition that takes on a special significance in the current global context. Babel Music XP aims to connect people in the industry, foster cultural exchange, and promote musical diversity through the live performance economy.<\/span><\/p>\n<p>It is a resolutely humanist and internationalist initiative, running counter to the current trends of isolationism and the rise of populism that can be seen in the United States, Argentina, and several countries in Europe, Africa, and Asia. Babel Music XP is therefore an engaged edition, designed to foster solidarity, bring people together, and stimulate the concert economy.<\/p>\n<p>We know that artists in the global music scene, whom we promote, build their careers primarily through live performances rather than streaming or album sales. It is through live music that these artists make a living and establish their careers. There is a real challenge in defending cultural and musical diversity, especially as multinational corporations increasingly centralize power and drive cultural homogenization.<\/p>\n<p>Babel Music XP stands as a counterpoint to this narrow vision of the world. Our goal is to be more open. This edition is one of struggle and solidarity, with a broader international scope than the previous two editions, not only in terms of the delegations attending the trade fair and professional meetings but also in the official selection.<\/p>\n<p>We have 30 selected groups representing 21 different countries. The styles featured are extremely diverse, ranging from deeply rooted traditional music to futuristic and highly contemporary sounds. Between these two extremes, a wealth of projects emerges, reflecting the vibrant musical scenes around the world. Babel Music XP serves as a snapshot of today\u2019s global musical creation.<\/p>\n<p><strong><span style=\"font-family: open sans, helvetica neue, helvetica, arial, sans-serif;\">\u00b7 Professional Meetings<\/span><\/strong><\/p>\n<p><span style=\"font-family: open sans, helvetica neue, helvetica, arial, sans-serif;\">We have focused on several key areas. One part of our discussions will be dedicated to the Mediterranean region for various reasons. Firstly, France will host a Mediterranean season in 2026 *. Secondly, Babel Music XP is a genuine Mediterranean hub for world music. We serve as a platform for exchange between the North and the South, a role we proudly embrace.<\/span><\/p>\n<p>The Mediterranean is a crossroads of three continents, multiple religions, and various languages. It reflects global dynamics today. Babel Music XP has a vital role to play in this space.<\/p>\n<p>Additionally, we are highlighting international music industry players from Argentina, Colombia, Uzbekistan, Jordan, Morocco, Canada, and across Europe. Our approach is truly global.<\/p>\n<p>The professional meetings will also address transformations in the live music industry, including shifts in economic models, evolving formats, and changing audience habits. Babel Music XP should be a space where we collectively reflect on these changes.<\/p>\n<p>We are looking forward to this edition with great anticipation. We want to demonstrate that it is possible to work differently in the music industry\u2014through meaningful, effective exchanges while preserving the human dimension that we hold dear.<\/p>\n<p>Welcome to Marseille, from March 20 to 22, where we will continue to build bridges and connections in an increasingly turbulent world. Babel Music XP is a project of general interest, and we will succeed together through collective action.<\/p>\n<p><span style=\"font-family: open sans, helvetica neue, helvetica, arial, sans-serif;\"><strong>\u00b7 About the Musical Lineup<\/strong><\/span><\/p>\n<p><span style=\"font-family: open sans, helvetica neue, helvetica, arial, sans-serif;\">I also wanted to focus on the official selection. Instead of listing all 30 groups, I want to emphasize their diversity. We are welcoming artists from Senegal, Sweden, Brazil, Ukraine, South Africa, Ireland, Iran, Estonia, and Bosnia, among others.<\/span><\/p>\n<p>The selection offers a broad panorama, ranging from traditional music to contemporary genres. It highlights not only emerging global trends but also the expression of diasporas worldwide.<\/p>\n<p>Some traditional music styles are being reinvented by new generations of artists. This is particularly interesting because these modern interpretations prove that traditions are not static. Many populist movements attempt to reclaim traditions by freezing them into folkloric representations. However, certain artists are offering a new narrative, reinterpreting shared cultural heritage in a fresh, contemporary way.<\/p>\n<p>In the selection, we have artists like Caama\u00f1o &amp; Ameixeiras (Spain), Dal:um (South Korea), Mari Kalkun (Estonia), Rokh Quartet (Iran-Switzerland), and a traditional Irish music duo, S\u00e9amus et Caoimhe U\u00ed Fhlatharta.<\/p>\n<p>We also showcase projects exploring innovative approaches, such as BitoI (Sweden-Denmark), which experiments with voice in a highly modern way. Other acts blend traditional and electronic music, like Azmz &#8211; Bnat Louz &amp; Raskas, merging ancestral Moroccan sounds with electronic music.<\/p>\n<p>Some projects build cultural bridges, like Ablaye Cissoko &amp; Cyril Brotto, who combine the kora and accordion between France and Senegal. Another example is Jawa, a Belgian-based project exploring Syrian music and Maq\u00e2m, featuring a whirling dervish.<\/p>\n<p>This lineup is incredibly diverse and globally connected. It fully represents the spirit of Babel Music XP, which finds a natural home in Marseille.<\/p>\n<p>Marseille is not a neutral city. It is the oldest city in France, deeply Mediterranean, port-based, and working-class. Its history is closely intertwined with the Mediterranean, North Africa, the Middle East, the Caribbean, the Indian Ocean, and Latin America.<\/p>\n<p>This is what Babel Music XP is all about. It is our Tower of Babel, where all languages and music will be heard and resonate together.<\/p>\n<p><span style=\"font-family: open sans, helvetica neue, helvetica, arial, sans-serif;\"><em>* The Mediterranean Season is\u00a0a program by the Institut Fran\u00e7ais that each year focuses on a specific country, with a year-long program across France showcasing cross-disciplinary artistic creations. In 2026, it will focus on the Mediterranean and the collaborations between France and other Mediterranean countries.<\/em><\/span><\/p>\n<p><strong><span style=\"color: #daa520;\"><a href=\"https:\/\/babelmusicxp.com\/\" target=\"_blank\" rel=\"noopener\"><img loading=\"lazy\" decoding=\"async\" class=\"aligncenter\" src=\"https:\/\/mcusercontent.com\/993c677d53044839b1b39b2dc\/images\/94b654d1-2e0d-ac61-b8f0-c22335d8a51d.png\" width=\"722\" height=\"89\" align=\"center\" data-file-id=\"6066507\" \/><\/a><\/span><\/strong><\/p>\n<hr \/>\n<p>&nbsp;<\/p>\n<h1><strong><span style=\"color: #daa520;\">UNBOUNDED SOUNDS, NEW CONCERTS AND WORKSHOPS SERIES CONCEIVED AND ORGANICED BY SOFIA LABROPOULOU<\/span><\/strong><\/h1>\n<div>\n<p><span style=\"font-family: open sans, helvetica neue, helvetica, arial, sans-serif;\"><strong>I first discovered Sofia Labropoulou through her 2020 work Sisyphus. You can listen to it,\u00a0<a href=\"https:\/\/www.youtube.com\/watch?v=cVRG_gXZgAs&amp;list=PLNx2BNVsKgchRfHkUpR7wHnbVk-I8MeUj\" target=\"_blank\" rel=\"noopener\">here<\/a>.\u00a0I had the pleasure of meeting her in person in Belgrade in September 2021, at the Todo Mundo festival, where she performed, and we were both invited to a panel called\u00a0<em>Women in the World Music<\/em>.<\/strong><\/span><\/p>\n<p>When a few weeks ago I started receiving information about this initiative by Sofia, I loved it and didn\u2019t want to miss the chance to share it already, although I plan to revisit it in future editions as I want to explore some aspects further. But for now, don\u2019t forget to visit the website, where they explain, among other things, the following:<\/p>\n<p><em>&#8220;Unbounded Sounds is a music series created by kanun virtuoso, improvisation artist and composer Sofia Labropoulou. Premiering at Sargfabrik Kulturhaus in 2025 , the series invites audiences to experience a unique blend of folk traditions, contemporary innovation and Vienna&#8217;s rich musical diversity.&#8221;<\/em><\/p>\n<p><strong>Learn more and check the program on\u00a0<a href=\"https:\/\/unboundedsounds.com\/\" target=\"_blank\" rel=\"noopener\">the\u00a0website<\/a>.<\/strong><\/p>\n<p><img loading=\"lazy\" decoding=\"async\" class=\"aligncenter\" src=\"https:\/\/mcusercontent.com\/993c677d53044839b1b39b2dc\/images\/3303c6f1-9a07-a6db-ca54-3a9459f7fdbf.jpg\" width=\"676\" height=\"250\" data-file-id=\"6066509\" \/><\/p>\n<\/div>\n<p>&nbsp;<\/p>\n<hr \/>\n<h1><strong><span style=\"color: #daa520;\">BRIEF NEWS FROM THE MEDIA, CHARTS AND SISTER PROJECTS\u00a0<\/span><\/strong><span style=\"color: #000000; font-family: open sans, helvetica neue, helvetica, arial, sans-serif;\"><img loading=\"lazy\" decoding=\"async\" class=\"alignright\" src=\"https:\/\/mcusercontent.com\/993c677d53044839b1b39b2dc\/images\/e032fb01-1481-4ae7-a53d-1b163dd4572c.jpg\" width=\"119\" height=\"119\" align=\"right\" data-file-id=\"4734514\" \/><\/span><\/h1>\n<hr \/>\n<p>\ud83d\udd38<span style=\"font-family: 'open sans', 'helvetica neue', helvetica, arial, sans-serif;\">#1\u00a0for\u00a0<a href=\"https:\/\/www.transglobalwmc.com\/charts\/february-2025-chart\/\" target=\"_blank\" rel=\"noopener\">Transglobal World Music Chart in February of\u00a02025<\/a>\u00a0is:\u00a0Al Andaluz Project&#8217;s,\u00a0\u00a0<em>The Songs of Iman Kandoussi: Traditional Arabic Andalusian<\/em><\/span><\/p>\n<hr \/>\n<p>\ud83d\udd38<span style=\"font-family: 'open sans', 'helvetica neue', helvetica, arial, sans-serif;\"><a href=\"https:\/\/mundofonias.com\/wp\/?p=8325\" target=\"_blank\" rel=\"noopener\">Mundofon\u00edas<\/a>: the three favourite of the month are\u00a0\u00a0Kaito Winse&#8217;s\u00a0<em>Reele bumbou<\/em>; Soolmaan&#8217;s\u00a0<em>Kashgul\u00a0<\/em>and\u00a0Simon Thacker &amp; Justyna Jablonska&#8217;s\u00a0<em>Songs of the Roma<\/em><\/span><\/p>\n<div>\n<p><span style=\"color: #000000; font-family: open sans, helvetica neue, helvetica, arial, sans-serif;\"><img loading=\"lazy\" decoding=\"async\" class=\"aligncenter\" src=\"https:\/\/mcusercontent.com\/993c677d53044839b1b39b2dc\/images\/4d196d6f-2f72-0367-9def-b713c346ee62.jpg\" width=\"656\" height=\"219\" align=\"center\" data-file-id=\"6066510\" \/><\/span><\/p>\n<\/div>\n<hr \/>\n<p>&nbsp;<\/p>\n<h1><strong>OPEN CALLS\u00a0<\/strong><\/h1>\n<p>This section is open for news. It is free of charge. You can let me know if you have any open call\u00a0of relevance to the community.<\/p>\n<h3><strong>NEW CALLS IN THE NEWSLETTER:<\/strong><\/h3>\n<hr \/>\n<p><strong>\ud83d\udd38<a href=\"https:\/\/www.mundialmontreal.com\/en\/call-for-artists-2025-useful-information-and-policies-2\/\" target=\"_blank\" rel=\"noopener\">Mundial Montreal<\/a><\/strong><\/p>\n<p>The 15th edition of this event will take place from November 18 to 21, 2025. The application for showcase is open until 2nd of March until midnight (note they are in in Canada). Check the details\u00a0<a href=\"https:\/\/www.mundialmontreal.com\/en\/call-for-artists-2025-useful-information-and-policies-2\/\" target=\"_blank\" rel=\"noopener\">on their website<\/a>. Below I will summarice for of the main facts.<br \/>\n<img loading=\"lazy\" decoding=\"async\" class=\"aligncenter\" src=\"https:\/\/mcusercontent.com\/993c677d53044839b1b39b2dc\/images\/cc687900-8946-4946-d182-d0ce8a93af42.png\" width=\"560\" height=\"186\" data-file-id=\"6066514\" \/><br \/>\n<strong>\u00b7 Who is it for:\u00a0<\/strong>Mundial Montr\u00e9al is looking for market-ready artists who wish to develop their careers at a national and international level.<\/p>\n<p><strong>\u00b7 How to apply:<\/strong>\u00a0The cost is $45 CA per application. On the form\u00a0<a href=\"https:\/\/www.mundialmontreal.com\/en\/call-for-artists-2025-useful-information-and-policies-2\/\" target=\"_blank\" rel=\"noopener\">on their website<\/a>. The application requests many data and makes questions as if there is gender parity in the band, how many members of your band identify as part of the 2SLGBTQIA+ community, if you belong to any of the following Indigenous Peoples in Northern Turtle Island,\u00a0how many members of your band identify as Indigenous, if\u00a0any of the following racial and ethnic groups that apply to members of your band (many options).<\/p>\n<p><strong>\u00b7 What do they cover:\u00a0<\/strong>Each band member will receive an Artist wristband that provides access to all panels, Mentor Caf\u00e9 and showcases.\u00a0Mundial Montr\u00e9al will provide the artists with the crew and basic backline required for their performance.<\/p>\n<p><strong>\u00b7 Which are the costs:<\/strong>\u00a0In case of been selected, the artist or the representative must buy a PRO badge.\u00a0 And note that Mundial Montr\u00e9al does not provide support for travel, accommodation or per diems. The artist is responsible for obtaining the necessary visa(s) to play in Canada and electronic travel authorization (eTA) to enter Canada.<\/p>\n<hr \/>\n<p><strong>\ud83d\udd38<\/strong><a href=\"http:\/\/www.firab.org\/\" target=\"_blank\" rel=\"noopener\"><strong>Fira -B!\u00a0<\/strong><\/a><\/p>\n<p>This fair has a part of performative arts, to take place from 2 to 5 of October, and a part of music, happening on 6 to 8 of November, both in Palma de Mallorca.<br \/>\n<img loading=\"lazy\" decoding=\"async\" class=\"aligncenter\" src=\"https:\/\/mcusercontent.com\/993c677d53044839b1b39b2dc\/images\/517a52f2-3520-a32a-6a61-95653570ad89.png\" width=\"560\" height=\"114\" data-file-id=\"6066513\" \/><br \/>\nThe application for showcase is open until\u00a028th of February, through the form\u00a0<a href=\"http:\/\/www.firab.org\/en\/p\/\/how-to-act\/\" target=\"_blank\" rel=\"noopener\">on their website<\/a>\u00a0or through Gigmit.<\/p>\n<p>Their website is very informative and clear. I will summarice some of the main facts but check the website for more details in case you consider to apply:<\/p>\n<p><strong>\u00b7 Who is it for:\u00a0<\/strong>Musical projects that are releasing or have released a new album or EP between January 1, 2023 and December 31, 2025. They must have performed five live concerts since January 1, 2023. Proposals must necessarily present a description and a CV in one of the three working languages of Fira B! (Catalan, Spanish and English), photographs, video recordings (at least one live) and an explanatory dossier at least in English.<\/p>\n<p><strong>\u00b7 What do they cover:\u00a0<\/strong>Artists featured in the official program will receive an artistic fee that will be calculated based on the number of participants in the production (artistic team and up to two members of the technical team), at a rate of \u20ac150 per person. For those artists who need to travel to Mallorca and who do not have financial support from any institution, travel expenses will be reimbursed (up to a maximum of \u20ac60 per person for travel between islands, \u20ac150 per person for travel from mainland Spain, \u20ac350 per person for travel from Europe) and one night&#8217;s accommodation, or, in the case of international artists, a maximum of two if logistics make it essential.<\/p>\n<hr \/>\n<p><strong>\ud83d\udd38<a href=\"https:\/\/visaformusic.com\/\" target=\"_blank\" rel=\"noopener\">Visa for Music<\/a>\u00a0<img loading=\"lazy\" decoding=\"async\" class=\"alignright\" src=\"https:\/\/mcusercontent.com\/993c677d53044839b1b39b2dc\/images\/adb7c415-e258-571e-0096-78fcfddf4b37.png\" width=\"300\" height=\"94\" align=\"right\" data-file-id=\"6066521\" \/><\/strong><\/p>\n<p>It will take place in Rabat from 19th to 22nd of November.\u00a0The deadline for submitting applications is\u00a0March 23, 2025, at 11:00 PM GMT+1. The application process is through the\u00a0<a href=\"https:\/\/docs.google.com\/forms\/d\/e\/1FAIpQLSfKLLBJYzc-rjRwf64PDVQPex3HSklSDENS7jZHadvXY-CahA\/viewform\" target=\"_blank\" rel=\"noopener\">official form<\/a>.<\/p>\n<p><strong>\u00b7 Who is it for:\u00a0<\/strong>Artists of\u00a0global folk and fusion; contemporary and urban music; electronic music (DJ and VJ).\u00a0All members of the musical group must be over 18 years old.\u00a0The group must have been active for at least one year, with multiple stage experiences (concerts from the past year and planned performances for the current year must be provided in the application). Able to deliver a 40-minute live performance of original music.<\/p>\n<p><strong>\u00b7 What do they offer:\u00a0<\/strong>No artist fees, travel costs (plane tickets, train, etc.), or other expenses (e.g., Moroccan visa fees) are covered. They cover: a\u00a0stage and necessary equipment, airport transfers and accommodation will be provided for up to 6 members of the group (for one to three nights, depending on the country of residence, in twin rooms), a per diem of 500 MAD per person will be provided on the day of the showcase (up to a maximum of 3,000 MAD per group), promotion of the showcase through Visa for Music&#8217;s extensive network (social media, newsletters, online marketing, etc.) and artist passes (for group members and their manager) granting free access to all Visa for Music activities.<\/p>\n<hr \/>\n<p><strong>\ud83d\udd38<a href=\"https:\/\/trovam.com\/\" target=\"_blank\" rel=\"noopener\">Trovam, the Valencian fair of music<\/a><\/strong><br \/>\n<img loading=\"lazy\" decoding=\"async\" class=\"aligncenter\" src=\"https:\/\/mcusercontent.com\/993c677d53044839b1b39b2dc\/images\/273537ea-6411-2479-d70b-f3cc4a58ca1a.png\" width=\"560\" height=\"283\" data-file-id=\"6066520\" \/><br \/>\nIt will take place in Castell\u00f3n de la Plana, Spain,\u00a0from 13th to 15th of November. Application deadline, until\u00a024th of March at 23:59h\u00a0(CET).\u00a0Check the conditions\u00a0<a href=\"https:\/\/trovam.com\/en\/2025\/convocatoria-artistica\" target=\"_blank\" rel=\"noopener\">on their website<\/a>. You will need a translator because this page is not translated into English. I will make a summary of the most relevant issues:<\/p>\n<p><strong>\u00b7 Who is it for:\u00a0<\/strong>Groups from any geographical origin can participate, although priority will be given to artistic formations from the Valencian Community.\u00a0Groups must have at least one released album or EP and have audio and video material available. Artistic proposals from various musical styles within the field of contemporary music (pop, rock, folk, electronic, urban, jazz, fusion, etc.) are welcome.<\/p>\n<p><strong>\u00b7 What do they offer:\u00a0<\/strong>the Fira Trovam, as a space for exchange with the attendance of professionals (650 in the last edition), will\u00a0<strong>agree on a financial contribution\u00a0<\/strong>with the participating companies and groups.\u00a0Artists and\/or their management offices must be registered and up to date with their obligations to Social Security and the Tax Authorities.\u00a0<strong>Hospitality<\/strong>:\u00a0Fira Trovam will consider as part of a company or group, for accommodation and meal purposes, the number of artists\/technicians listed in the application form and \u2013 at most \u2013 one person in the role of representative or manager. Depending on availability, accommodation will be arranged in Castell\u00f3 or nearby towns. Rooms will always be shared. The cost of single rooms will be covered by the artist, provided they are available.<\/p>\n<hr \/>\n<h3><strong>APPLICATION DEADLINE EXTENDED AND NEW APPLICATION PROCESS<\/strong><\/h3>\n<p><strong>\ud83d\udd38<a href=\"https:\/\/www.soalivemusicconference.com\/\" target=\"_blank\" rel=\"noopener\">SoAlive Music Conference<\/a><\/strong><\/p>\n<p>In the previos edition of the newsletter I announced the deadline of 15th of February for the applications, as it was announced. I have just check their website and I see it has been extended until <strong>15th of March.<\/strong><\/p>\n<p><strong>How to apply?\u00a0<\/strong>In the previous edition I announced it was by Gigmit. Now they have also opened the application process\u00a0<a href=\"https:\/\/www.soalivemusicconference.com\/\" target=\"_blank\" rel=\"noopener\">on their website<\/a>. I checked with Ruth Koleva if the applications made by Gigmit were still working for this year&#8217;s edition and she confirmed. Both process (Gigmit and their website) are OK.<\/p>\n<p>The content about So Alive under the picture are the same as in the previous edition.<\/p>\n<p><img loading=\"lazy\" decoding=\"async\" class=\"aligncenter\" src=\"https:\/\/mcusercontent.com\/993c677d53044839b1b39b2dc\/images\/2de5fbc7-60ba-4fd9-234c-a0caab8b50fd.png\" width=\"560\" height=\"292\" align=\"center\" data-file-id=\"6066512\" \/><\/p>\n<p>&nbsp;<\/p>\n<p><strong>For artists of any genre, from the Balkans<\/strong>\u00a0(Albania, Bulgaria, Slovenia, Serbia, Kosovo, Greece, Bosnia and Herzegovina, Montenegro, Romania, North Macedonia, Turkey, Croatia).<\/p>\n<p>It will take place in Sofia, Bulgaria,\u00a014-17 October 2025. The call\u00a0for artists is open until 15th of March.\u00a0What do they offer:\u00a0<em>&#8220;As part of SoAlive 2025, you will perform in front of an audience that includes over 800 delegates from the music industry.<\/em>&#8221; They won&#8217;t pay any fee. They cover fixed travel reimbursement (specific details provided upon selection), catering during the event, Pro + accreditations for all band members and accommodation for the duration of the festival.<\/p>\n<hr \/>\n<h3><strong>THESE CALLS WERE IN THE NEWSLETTER IN THE PREVIOUS EDITION:<\/strong><\/h3>\n<div>\n<div>\n<p><strong>\ud83d\udd38<a href=\"https:\/\/www.womex.com\/\" target=\"_blank\" rel=\"noopener\">WOMEX<\/a><\/strong><br \/>\n<img loading=\"lazy\" decoding=\"async\" class=\"alignright\" src=\"https:\/\/mcusercontent.com\/993c677d53044839b1b39b2dc\/images\/6d68b3bc-0007-2e8b-c59f-e9291567436b.png\" width=\"260\" height=\"195\" align=\"right\" data-file-id=\"6064666\" \/>This year WOMEX will take place in Tampere (like in 2019), Finland, 22 &#8211; 26 October 2025.<\/p>\n<p><em>&#8220;Recognized as one of the most important gatherings in the global music scene, WOMEX is the most diverse music meeting worldwide. Its musical spectrum spans from the most traditional to the cutting-edge global local underground, embracing folk, roots, jazz, local and diaspora cultures, and urban and electronic sounds from across the globe.&#8221;<\/em><\/p>\n<p>The deadline for sending the proposals is Friday,\u00a028 February 2025. The application must be done in this website:\u00a0<a href=\"https:\/\/www.womex-apply.com\/\" target=\"_blank\" rel=\"noopener\">https:\/\/www.womex-apply.com\/<\/a><\/p>\n<p>The submission fee (payable by Paypal) is:<br \/>\n\u00b7 20 January &#8211; 07 February: Early Bird Rate, 15 \u20ac<br \/>\n\u00b7 08 February &#8211; 28 February: Late Rate, 25 \u20ac<\/p>\n<hr \/>\n<p><img loading=\"lazy\" decoding=\"async\" class=\"alignright\" src=\"https:\/\/mcusercontent.com\/993c677d53044839b1b39b2dc\/images\/418d73ce-8955-5ab8-0ddd-0a571cb6b171.jpg\" width=\"300\" height=\"212\" data-file-id=\"6064667\" \/>\ud83d\udd38<a href=\"https:\/\/www.fondazioneandreaparodi.it\/\" target=\"_blank\" rel=\"noopener\">Premio Andrea Parodi<\/a><br \/>\nThe 18th edition of the competition has been launched, with the final rounds scheduled from October 9 to 11, 2025, in Cagliari. The call for applications is now open, with free registration available until\u00a0May 9, 2025, through the official website\u00a0<a href=\"http:\/\/www.fondazioneandreaparodi.it\/\" target=\"_blank\" rel=\"noopener\">www.fondazioneandreaparodi.it<\/a>.<\/p>\n<p>The winner and several finalists will receive significant prizes, including opportunities to perform at major Italian music festivals.<\/p>\n<hr \/>\n<p><strong>\ud83d\udd38<a href=\"https:\/\/www.mmvv.cat\/es\/comoactuar&amp;seccio=comactuar&amp;idioma=cat&amp;web2020=1&amp;\" target=\"_blank\" rel=\"noopener\">Mercat de M\u00fasica Viva de Vic<\/a><\/strong><br \/>\nThe 37th edition will take place from 17 to 21 of September in Vic, Catalonia. The call for applications expires on\u00a031st of March.\u00a0Proposals can be submitted for all musical styles and genres, with the exception of classical music.<br \/>\nCheck the conditions for the participations,\u00a0<a href=\"https:\/\/www.mmvv.cat\/en\/applytoplay&amp;seccio=comactuar&amp;idioma=cast&amp;web2020=1&amp;\" target=\"_blank\" rel=\"noopener\">here<\/a>. Application,\u00a0<a href=\"https:\/\/www.mmvv.cat\/es\/login&amp;seccio=login&amp;idioma=cat&amp;web2020=1&amp;\" target=\"_blank\" rel=\"noopener\">here<\/a>.<\/p>\n<p><img loading=\"lazy\" decoding=\"async\" class=\"aligncenter\" src=\"https:\/\/mcusercontent.com\/993c677d53044839b1b39b2dc\/images\/675716e8-712d-aa64-ad9c-e6f939cb8d26.jpg\" width=\"560\" height=\"280\" align=\"center\" data-file-id=\"6064669\" \/><\/p>\n<\/div>\n<\/div>\n<hr \/>\n<h1><span style=\"color: #daa520;\"><strong>MEET ME AT<\/strong><\/span><\/h1>\n<ul>\n<li><strong><img loading=\"lazy\" decoding=\"async\" class=\"alignright\" src=\"https:\/\/mcusercontent.com\/993c677d53044839b1b39b2dc\/images\/cabb120a-83c6-c600-d6af-4e69ca900937.jpg\" width=\"250\" height=\"250\" align=\"right\" data-file-id=\"6066515\" \/>28 of February to 2nd of March, Ghent, Belgium.\u00a0<\/strong><a href=\"https:\/\/www.vonkfestival.be\/english\" target=\"_blank\" rel=\"noopener\">VONK<\/a>. This is a showcase organiced by\u00a0Muziekmoza\u00efek Folk &amp; Jazz. This is how they present the event: &#8220;<em>The festival brings together both established names and exciting new discoveries on the stages of De Centrale. From atmospheric listening moments to danceable rhythms, there is something for everyone to enjoy. Additionally, VONKfestival is the place where musicians, organizers, and music lovers come together, offering space for spontaneous jams and engaging conversations<\/em>.&#8221;<\/li>\n<li><strong>20-22\u00a0of March, Marseille, France<\/strong>.\u00a0Babel Music XP.<\/li>\n<li><strong>2-4 of April, M\u00e9rida, Spain<\/strong>. MUM<\/li>\n<li><strong>10-13 of April, Budapest, Hungary<\/strong>.\u00a0<a href=\"https:\/\/budapestritmo.hu\/en\/\" target=\"_blank\" rel=\"noopener\">Budapest Ritmo<\/a>, as a delegate and for the concert by Ali Do\u011fan G\u00f6n\u00fclta\u015f.<\/li>\n<\/ul>\n<p><img loading=\"lazy\" decoding=\"async\" class=\"aligncenter\" src=\"https:\/\/mcusercontent.com\/993c677d53044839b1b39b2dc\/images\/279cfc27-4d3f-39ad-7ad2-8ce599ab7fe3.png\" width=\"647\" height=\"371\" align=\"center\" data-file-id=\"6065375\" \/><\/p>\n<p>&nbsp;<\/p>","protected":false},"excerpt":{"rendered":"<p>SUMMARY \ud83d\udd38Editorial. MUM, Extremadura and VONK \ud83d\udd38Talk with Kavita Shah from Folkalist Records \ud83d\udd38Babel Music XP 2025, with Olivier Rey \ud83d\udd38UnBounded Sounds, series of concerts and workshops, by Sofia Labropoulou\u00a0 \ud83d\udd38Brief news from the media, charts and sister projects \ud83d\udd38Open calls: Mundial Montreal, Fira-B!, Visa for Music, Trovam, SoAlive Music Conference, WOMEX, Premio Andrea Parodi, [&hellip;]<\/p>\n","protected":false},"author":1,"featured_media":0,"comment_status":"closed","ping_status":"open","sticky":false,"template":"","format":"standard","meta":{"footnotes":""},"categories":[19],"tags":[],"class_list":["post-3775","post","type-post","status-publish","format-standard","hentry","category-newsletter"],"_links":{"self":[{"href":"https:\/\/www.mapamundimusica.com\/en\/wp-json\/wp\/v2\/posts\/3775","targetHints":{"allow":["GET"]}}],"collection":[{"href":"https:\/\/www.mapamundimusica.com\/en\/wp-json\/wp\/v2\/posts"}],"about":[{"href":"https:\/\/www.mapamundimusica.com\/en\/wp-json\/wp\/v2\/types\/post"}],"author":[{"embeddable":true,"href":"https:\/\/www.mapamundimusica.com\/en\/wp-json\/wp\/v2\/users\/1"}],"replies":[{"embeddable":true,"href":"https:\/\/www.mapamundimusica.com\/en\/wp-json\/wp\/v2\/comments?post=3775"}],"version-history":[{"count":9,"href":"https:\/\/www.mapamundimusica.com\/en\/wp-json\/wp\/v2\/posts\/3775\/revisions"}],"predecessor-version":[{"id":3784,"href":"https:\/\/www.mapamundimusica.com\/en\/wp-json\/wp\/v2\/posts\/3775\/revisions\/3784"}],"wp:attachment":[{"href":"https:\/\/www.mapamundimusica.com\/en\/wp-json\/wp\/v2\/media?parent=3775"}],"wp:term":[{"taxonomy":"category","embeddable":true,"href":"https:\/\/www.mapamundimusica.com\/en\/wp-json\/wp\/v2\/categories?post=3775"},{"taxonomy":"post_tag","embeddable":true,"href":"https:\/\/www.mapamundimusica.com\/en\/wp-json\/wp\/v2\/tags?post=3775"}],"curies":[{"name":"wp","href":"https:\/\/api.w.org\/{rel}","templated":true}]}}