{"id":3737,"date":"2025-01-20T23:24:38","date_gmt":"2025-01-20T22:24:38","guid":{"rendered":"https:\/\/www.mapamundimusica.com\/?p=3737"},"modified":"2025-01-20T23:40:44","modified_gmt":"2025-01-20T22:40:44","slug":"january-25-talk-with-miklos-both-folk_me-juan-antonio-vazquez-limur-amosi-just-a-label-ntwala-oh-yeah-many-new-calls-and-79","status":"publish","type":"post","link":"https:\/\/www.mapamundimusica.com\/en\/newsletter\/january-25-talk-with-miklos-both-folk_me-juan-antonio-vazquez-limur-amosi-just-a-label-ntwala-oh-yeah-many-new-calls-and-79\/","title":{"rendered":"January 25. Talk with Mikl\u00f3s Both (Folk_ME), Juan Antonio V\u00e1zquez (LIM\u00faR), A&#8217;mosi Just a Label (Ntwala Oh Yeah!), many new calls and + #79"},"content":{"rendered":"<p><\/p>\n<h2><span style=\"font-family: open sans, helvetica neue, helvetica, arial, sans-serif;\"><strong>Summary\u00a0\ud83d\udc47<\/strong><\/span><span style=\"color: #ffffff; font-family: open sans, helvetica neue, helvetica, arial, sans-serif;\">\u00a0<\/span><\/h2>\n<h6><span class=\"x19la9d6 x1fc57z9 x6ikm8r x10wlt62 x19co3pv x1g5zs5t xfibh0p xiy17q3 x1xsqp64 x1lkfr7t xexx8yu x4uap5 x18d9i69 xkhd6sd\"><span class=\"xrtxmta x1bhl96m\">\ud83d\udd38<\/span><\/span>Editorial<\/h6>\n<h6><span class=\"x19la9d6 x1fc57z9 x6ikm8r x10wlt62 x19co3pv x1g5zs5t xfibh0p xiy17q3 x1xsqp64 x1lkfr7t xexx8yu x4uap5 x18d9i69 xkhd6sd\"><span class=\"xrtxmta x1bhl96m\">\ud83d\udd38<\/span><\/span>Learning traditional music: Folk_ME with Mikl\u00f3s Both<\/h6>\n<h6><span class=\"x19la9d6 x1fc57z9 x6ikm8r x10wlt62 x19co3pv x1g5zs5t xfibh0p xiy17q3 x1xsqp64 x1lkfr7t xexx8yu x4uap5 x18d9i69 xkhd6sd\"><span class=\"xrtxmta x1bhl96m\">\ud83d\udd38<\/span><\/span>LIM\u00faR, the Iberian roots music chart, turns one year old. Juan Antonio V\u00e1zquez shares some insights<\/h6>\n<h6><span class=\"x19la9d6 x1fc57z9 x6ikm8r x10wlt62 x19co3pv x1g5zs5t xfibh0p xiy17q3 x1xsqp64 x1lkfr7t xexx8yu x4uap5 x18d9i69 xkhd6sd\"><span class=\"xrtxmta x1bhl96m\">\ud83d\udd38<\/span><\/span>A new edition of Ntwala Oh Yeah!, with A&#8217;mosi Just a Label<\/h6>\n<h6><span class=\"x19la9d6 x1fc57z9 x6ikm8r x10wlt62 x19co3pv x1g5zs5t xfibh0p xiy17q3 x1xsqp64 x1lkfr7t xexx8yu x4uap5 x18d9i69 xkhd6sd\"><span class=\"xrtxmta x1bhl96m\">\ud83d\udd38<\/span><\/span>Brief news from the media, charts and sister projects<\/h6>\n<h6><span class=\"x19la9d6 x1fc57z9 x6ikm8r x10wlt62 x19co3pv x1g5zs5t xfibh0p xiy17q3 x1xsqp64 x1lkfr7t xexx8yu x4uap5 x18d9i69 xkhd6sd\"><span class=\"xrtxmta x1bhl96m\">\ud83d\udd38<\/span><\/span>Open calls: WOMEX, Premio Andrea Parodi, World Music Showcase in Sofia, Mercat de M\u00fasica Viva de Vic, Fira Mediterr\u00e0nia de Manresa, So Alive Music Conference, Circulart<\/h6>\n<h6><span class=\"x19la9d6 x1fc57z9 x6ikm8r x10wlt62 x19co3pv x1g5zs5t xfibh0p xiy17q3 x1xsqp64 x1lkfr7t xexx8yu x4uap5 x18d9i69 xkhd6sd\"><span class=\"xrtxmta x1bhl96m\">\ud83d\udd38<\/span><\/span>Meet me at\u00a0\u2708\ufe0f\u00a0 Line up of\u00a0Flanders Folk Music Awards and Belgian Worldwide Music Night, announced<\/h6>\n<p>&nbsp;<\/p>\n<h3 style=\"text-align: center;\"><a class=\"mcnButton \" title=\" \u27a1\ufe0f This is the button for subscription \" href=\"https:\/\/mailchi.mp\/892ba551b707\/mapamundi-general\" target=\"_blank\" rel=\"noopener\">\u27a1\ufe0f This is the link for subscription<\/a><\/h3>\n<hr \/>\n<p>&nbsp;<\/p>\n<p><strong>Hello, <\/strong><strong>how are you? <\/strong><img loading=\"lazy\" decoding=\"async\" class=\"alignright\" src=\"https:\/\/mcusercontent.com\/993c677d53044839b1b39b2dc\/images\/8334e185-987d-ae5d-f954-4b61c95e1abd.jpg\" width=\"300\" height=\"225\" align=\"right\" data-file-id=\"6064572\" \/>I hope well! I am very well, after some time without flights, but the activity will be hectic again very soon.<\/p>\n<p>I already shared this picture with Mikl\u00f3s Both in a previoys edition.\u00a0We made it in Kaustinen on the occasion of the annual conference of the European Folk Network. In this edition of the newsletter, here below, Mikl\u00f3s shares some insights about a project that I find really exciting: Folk_ME.<\/p>\n<p>It is conected to an issue that is in my mind very often: the learning of the traditional music. I dedicated\u00a0the\u00a0<a href=\"https:\/\/www.mapamundimusica.com\/en\/newsletter\/august-24-back-to-school-teaching-traditional-music-educational-offer-by-muziekpublique-74\/\" target=\"_blank\" rel=\"noopener\">edition of August 2024<\/a>\u00a0to this topic. There,\u00a0Marie Devlieger, coordinator of the academy and Peter Van Rompaey, artistic director of Muziekpublique told us about their educational offer.\u00a0I shared some insights about the experience of Antonio Mir\u00f3n in rural areas of Almer\u00eda province (Andaluc\u00eda) and I mentioned the Escuela de M\u00fasica Creativa from Madrid. Three different initiatives oriented to teaching traditional musics.<\/p>\n<p>I am writting this editorial on Sunday night. This morning I learnt about the international conference &#8220;Le Musiche Tradizionali in Conservatorio&#8221; (Traditional Music in Conservatory), that will take place on 24 and 25 of January\u00a0at the MARCA Museum, Catanzaro. You can check the details,\u00a0<a href=\"https:\/\/cons.cz.it\/evento\/le-musiche-tradizionali-in-conservatorio\/\" target=\"_blank\" rel=\"noopener\">here<\/a>.<\/p>\n<p>From 27th of February to 2nd of March, the AEC &#8211; European Association of Conservatoires will have their Pop and Jazz Platform anual meeting, with the topic of &#8220;Mother Tongue: European Identities in Heritage, Pedagogy, and Repertoire&#8221;. And they announce that<\/p>\n<p><em>&#8220;Together, we\u2019ll explore the impact of native languages and the dominance of English on:<\/em><\/p>\n<p>\ud83c\udfb6Musical identities<br \/>\n\ud83d\udcdaRepertoire choices<br \/>\n\ud83c\udfbcMusic teaching and learning<br \/>\n\ud83c\udf0d<em><strong>The state of musical traditions and Indigenous forms<\/strong><\/em><em>&#8221;\u00a0<\/em><\/p>\n<p>It is meaningful for me that they pay attention to specifically these topics.<\/p>\n<p>I wonder if these conferences will include people who are still bearers of traditional music. It would be essential, but I&#8217;m not quite sure if that will be the case.<\/p>\n<p>Yesterday I attended the concert by\u00a0Asm\u00e2a Hamzaoui &amp; Bnat Timbouktou in the\u00a0<a href=\"https:\/\/www.centrocentro.org\/musica\/limo\" target=\"_blank\" rel=\"noopener\">Limo concerts series<\/a>. There, I was told about a musician from Sardinia who had been learning to play the zambomba with the videos I made with Juan Antonio Torres from Vig\u00fcela six years ago for the Youtube channel of the Association of Dissemination of the Styles. The play list of 13 videos is\u00a0<a href=\"https:\/\/www.youtube.com\/watch?v=N3BCsMzJ3lw&amp;list=PLdVV_N8_o-o6HFMAz7rW4kLam1WR1Urzd\" target=\"_blank\" rel=\"noopener\">here<\/a>. Juan Antonio has been teaching traditional music for many years, developing his own methodology.<\/p>\n<p>Where am I trying to go with all this? I don&#8217;t think it will lead anywhere beyond reflecting on all the different ways this topic can be approached.\u00a0I&#8217;m glad to see activities related to the teaching of traditional music, and I believe we need to keep exploring ways to approach it.\u00a0This is one of the topics I address further down.<\/p>\n<p>But as you&#8217;ll see shortly, the news is on fire. We have a handful of open calls and very interesting content, which I hope you enjoy.<\/p>\n<h4 style=\"text-align: center;\"><strong>Remember: if you have any news of interest for our community, let me know. Thank you very much for your attention.<br \/>\n<\/strong>Araceli Tzigane | Mapamundi M\u00fasica\u00a0|<strong>\u00a0+34 676\u00a030 28 82\u00a0<\/strong><\/h4>\n<div>\n<hr \/>\n<\/div>\n<h1><strong><span style=\"color: #daa520;\">Folk_ME<\/span><\/strong><\/h1>\n<table class=\"mcnImageCardTopContent\" style=\"width: 100%; height: 381px;\" border=\"0\" cellspacing=\"0\" cellpadding=\"0\" align=\"left\">\n<tbody>\n<tr style=\"height: 381px;\">\n<td class=\"mcnTextContent\" style=\"background-color: #ab1616; width: 546px; height: 381px;\" valign=\"top\" width=\"546\">\n<p style=\"text-align: center;\"><span style=\"color: #ffffff;\">Let me invite you to play this in the background, if you can. Or listen to it first and then keep reading, if you can&#8217;t. I&#8217;m the second type. Good music captivates me too much for me to focus on what I&#8217;m reading.<\/span><\/p>\n<p><a title=\"\" href=\"https:\/\/www.youtube.com\/watch?v=uDUd12_CAfk\" rel=\"noopener\"><img loading=\"lazy\" decoding=\"async\" class=\"mcnImage aligncenter\" src=\"https:\/\/mcusercontent.com\/993c677d53044839b1b39b2dc\/video_thumbnails_new\/c4e19e3d071bc9b5edee8dd9d32f68b2.png\" alt=\"\" width=\"564\" height=\"360\" \/><\/a><\/td>\n<\/tr>\n<\/tbody>\n<\/table>\n<div>\n<p><span style=\"font-family: open sans, helvetica neue, helvetica, arial, sans-serif;\"><strong><img loading=\"lazy\" decoding=\"async\" class=\"alignright\" src=\"https:\/\/mcusercontent.com\/993c677d53044839b1b39b2dc\/images\/16bb04a3-5aab-adef-f964-a56a93ea6edf.png\" width=\"254\" height=\"121\" data-file-id=\"6064639\" \/><span style=\"color: #008080;\">According to\u00a0<a style=\"color: #008080;\" href=\"https:\/\/folk-me.com\/en\/page\/introduction\" target=\"_blank\" rel=\"noopener\">the website<\/a>, &#8220;Folk_ME&#8217;s platform is a versatile online teaching toolkit designed primarily for teachers and their students.&#8221;\u00a0It is a project led by Mikl\u00f3s Both, whom I first heard about in connection with the\u00a0<a style=\"color: #008080;\" href=\"https:\/\/www.polyphonyproject.com\/\" target=\"_blank\" rel=\"noopener\">Polyphony Project<\/a>. Piotr Piszczatowski, Polish percussionist who works with Janusz Prusinowski,\u00a0told me about this. It is superb; check it out.<\/span><\/strong><\/span><\/p>\n<p><span style=\"color: #008080;\">In November 2021, Mikl\u00f3s became the director of the Hagyom\u00e1nyok H\u00e1za (Hungarian Heritage House). On the day he took office, I was there for the annual conference of the European Folk Network. This picture of us together is from the 2024 annual conference in Kaustinen. Mikl\u00f3s\u00a0is also a composer, performer, folklorist, singer, guitarist, actor, and vitar violin (a mix of guitar and violin)\u00a0player.<\/span><\/p>\n<p><span style=\"color: #008080;\">Following a similar model to Polyphony, with an added educational layer, Folk_ME is fascinating not only for those interested in improving their performance of traditional Hungarian music but also for anyone who appreciates good music. This is how\u00a0Mikl\u00f3s explains Folk_ME:<\/span><\/p>\n<p><span style=\"color: #008080;\"><em><span style=\"font-family: open sans, helvetica neue, helvetica, arial, sans-serif;\">&#8220;The Folk_ME platform currently offers 134 recorded pieces,\u00a0each structured according to the Folk_ME methodology,\u00a0focusing on education and cultural heritage preservation. The\u00a0website is designed as a versatile toolkit for musicians,\u00a0educators, and enthusiasts, providing a deep dive into traditional folk music through various interactive features:<\/span><\/em><\/span><\/p>\n<p><span style=\"color: #008080;\"><em>\ud83d\udd38<span style=\"font-family: open sans, helvetica neue, helvetica, arial, sans-serif;\"><strong>1. Video Clips:\u00a0<\/strong>Each piece has a main video showing the\u00a0performance. Detailed information accompanies the video,\u00a0including the song&#8217;s origin, performers, and lyrics, to\u00a0contextualize the piece culturally and geographically.<\/span><\/em><\/span><\/p>\n<p><span style=\"color: #008080;\"><em>\ud83d\udd38<span style=\"font-family: open sans, helvetica neue, helvetica, arial, sans-serif;\"><strong>2. Tracks:\u00a0<\/strong>The multi-track player allows users to isolate or\u00a0combine individual instrumental and vocal parts. This\u00a0feature helps users analyze the music layer by layer and\u00a0study each instrument&#8217;s role.<\/span><\/em><\/span><\/p>\n<p><span style=\"color: #008080;\"><em>\ud83d\udd38<span style=\"font-family: open sans, helvetica neue, helvetica, arial, sans-serif;\"><strong>3. Parts:<\/strong>\u00a0Individual performances of each musician are\u00a0recorded separately, with a focus on their hands and\u00a0instruments. Videos can be slowed to 0.75x or 0.5x speed\u00a0for detailed study without losing quality. This is ideal for\u00a0musicians learning the techniques.<\/span><\/em><\/span><\/p>\n<p><span style=\"color: #008080;\"><em>\ud83d\udd38<span style=\"font-family: open sans, helvetica neue, helvetica, arial, sans-serif;\"><strong>4. Sources:<\/strong>\u00a0Archival recordings spanning the past century are\u00a0included to explore the rich diversity of folk music traditions and their historical evolution.<\/span><\/em><\/span><\/p>\n<p><span style=\"color: #008080;\"><em>Additionally, the site supports searches by instrument, musical\u00a0dialect, or genre, making it easy to explore the content based on\u00a0specific interests. This combination of educational and analytical\u00a0tools fosters both learning and appreciation of folk music in an\u00a0engaging and innovative way.&#8221;<\/em><\/span><\/p>\n<p style=\"text-align: center;\"><span style=\"font-family: 'open sans', 'helvetica neue', helvetica, arial, sans-serif; color: #008080;\"><strong>As I mentioned above, one of the topics that frequently occupies my mind is the transmission of traditional music, and I find this project fascinating. I asked Mikl\u00f3s a few more questions, and I\u2019m sharing his answers below. My thanks go to Linda Diligens from the Hagyom\u00e1nyok H\u00e1za for her support in the coordination.<\/strong><\/span><\/p>\n<hr \/>\n<\/div>\n<p><span style=\"font-family: open sans, helvetica neue, helvetica, arial, sans-serif;\"><strong>Araceli Tzigane:\u00a0How has it been the traditional music teached in the tradition? In Spain the way of learning before the massive exodus from the village to the cities was very different from the way after that. Indeed I think there was a cut in the transmision, and the learning of traditional music was substituted by learning other things (let&#8217;s say that the people started to learn a kind of recreated folk music from the concepts of academic music). At the same time (years 50s-60s of XX century) in Spain there was an explicit movement from the Regime, of folklorization of traditional music and dance, where many things were rejected and other things were standardized. At that time, they were created the folkloric groups that are still alive, mainly in villages and in little towns. So we have these folkloric groups on one side and the urban-recreated-folk on the other side, and so far these are the main ways to learn something that some people call tradition.\u00a0<\/strong><\/span><\/p>\n<p><strong>Mikl\u00f3s Both:<\/strong>\u00a0In Hungary, the transmission of traditional music historically took place within rural communities through oral tradition. This meant that children and young people naturally absorbed the repertoire of songs, dances, instrumental techniques, and performance styles by observing and participating in community events such as festivals, weddings, religious ceremonies, and work-related gatherings. This process was deeply embedded in the everyday life of these communities, where music and dance were inseparable from social functions and communal identity.<\/p>\n<p>Learning occurred primarily through observation and imitation. Young people would listen to older generations, watch their performances, and gradually internalize the repertoire and techniques. Certain skills, particularly in instrumental music, were often developed autonomously, with talented individuals experimenting and refining their abilities based on the examples they had seen and heard. However, intentional teaching also played a role: experienced musicians, such as fiddlers or bagpipers, often felt a moral obligation to pass on their knowledge to the next generation. In some regions, there was even a belief that a musician could not die without transmitting their craft to a successor\u2014a powerful illustration of the cultural and ethical weight placed on preserving heritage.<\/p>\n<p>The shift from rural to urban living in the 20th century disrupted this organic process. As traditional communities fragmented, the natural settings for transmission\u2014village gatherings and communal festivities\u2014diminished, and with them, the immersive environment where traditions thrived. In response, the preservation and teaching of folk music became more formalized, particularly through the establishment of institutions and movements such as the dance house (\u201ct\u00e1nch\u00e1z\u201d) revival of the 1970s. These initiatives aimed to recreate the communal and participatory nature of traditional music within an urban context while also incorporating structured teaching methods to ensure the transmission of knowledge.<\/p>\n<p>Today, traditional music in Hungary is learned through a combination of institutionalized education (e.g., music schools, workshops) and community-driven initiatives like dance houses, which aim to preserve the spirit of traditional oral transmission. However, the cultural and social immersion that characterized the original rural context is challenging to replicate in modern urban settings. Despite this, the commitment to passing down traditional music remains strong, supported by a growing recognition of its cultural value and its role in shaping a shared national identity.<\/p>\n<p><strong>AT:\u00a0Which are the future plans of the project Folk_ME?<\/strong><\/p>\n<p><strong>MB:\u00a0<\/strong>The Folk_ME program is preparing for a significant expansion with two major initiatives launching in April. These additions aim to enhance the platform\u2019s offerings and further its mission of making traditional culture accessible to diverse audiences, including teachers, students, and enthusiasts.<\/p>\n<p>The first initiative focuses on urban Gypsy music traditions, particularly Hungarian &#8220;v\u00e1rosi cig\u00e1nyzene.&#8221; This module will digitize and present this rich musical heritage, highlighting its historical roots, characteristic instruments (such as violin, cimbalom, and clarinet), and distinctive performance techniques. Through interactive tools, users will explore orchestration and stylistic nuances, preserving and educating about this vibrant tradition.<\/p>\n<p>The second initiative extends Folk_ME into traditional handicrafts, offering step-by-step tutorials and cultural context for various crafts like embroidery, pottery, and woodcarving. With accessible materials and detailed demonstrations, this segment will inspire both educators and hobbyists to engage with these crafts while learning about their historical significance.<\/p>\n<p>Together, these developments will deepen engagement with cultural heritage, promote hands-on learning, and foster cross-cultural dialogue, ensuring that both musical and craft traditions remain vibrant and relevant for future generations.<\/p>\n<p><strong>AT:\u00a0And which are your future plans? Because you made the Polyphony Project before, which is absolutely fantastic, and Folk_ME after. Do you have any other ideas like these for the future?\u00a0<\/strong><\/p>\n<p><strong>MB:\u00a0<\/strong>My future plans are closely tied to the further development and expansion of the Folk_ME and Polyphony Project platforms. Both initiatives have immense potential for growth, as demonstrated by the upcoming modules on urban Gypsy music traditions and traditional handicrafts. These new directions not only broaden the scope of the projects but also require significant time and expertise to fully realize.<\/p>\n<p>Our primary focus is to continue enriching these platforms by expanding their methodology with specialized knowledge and high-quality content. This approach ensures that they remain innovative and comprehensive tools for preserving and teaching cultural heritage.<\/p>\n<p>Given the scale of these developments, the projects themselves represent years of dedicated work, allowing us to delve deeper into diverse aspects of traditional culture while maintaining the highest professional standards.<\/p>\n<p>Looking ahead, my goal is to refine and expand this methodology further, ensuring that these platforms serve as exemplary models for digital cultural education and inspire similar initiatives worldwide.<\/p>\n<hr \/>\n<p>&nbsp;<\/p>\n<h1><strong><span style=\"color: #daa520;\">THE LIM\u00faR, THE IBERIAN ROOTS MUSIC CHART, TURNS ONE YEAR OLD<\/span><\/strong><\/h1>\n<div>\n<p><span style=\"font-family: open sans, helvetica neue, helvetica, arial, sans-serif;\"><strong><img loading=\"lazy\" decoding=\"async\" class=\"alignright\" src=\"https:\/\/mcusercontent.com\/993c677d53044839b1b39b2dc\/images\/9096cfe3-a7c9-8a72-7a41-ff1108c9fb46.png\" width=\"251\" height=\"61\" align=\"right\" data-file-id=\"6029591\" \/><span style=\"color: #008080;\">Recently, LIM\u00faR announced its first annual chart, following four quarterly lists produced throughout 2024. I am part of the panel, but, as I did with Transglobal World Music Chart,\u00a0I have not voted during the time when I had an album from my own label in the list of candidates. This was the case with Vig\u00fcela\u2019s album We. Even so, it reached the number one spot. Honestly, I consider it well-deserved. However, the focus of this article is not that, but rather to celebrate LIM\u00faR&#8217;s first anniversary. Congratulations! And we\u2019ll do so with a few words from Juan Antonio V\u00e1zquez, its driving force and the coordinator of a team of nearly 30 jurors. You can find more details on the\u00a0<a style=\"color: #008080;\" href=\"https:\/\/www.limur.eu\/\" target=\"_blank\" rel=\"noopener\">website<\/a>\u00a0and social media (<a style=\"color: #008080;\" href=\"https:\/\/www.facebook.com\/listaiberica\" target=\"_blank\" rel=\"noopener\">Facebook<\/a>\u00a0and\u00a0<a style=\"color: #008080;\" href=\"https:\/\/www.instagram.com\/listaiberica\/\" target=\"_blank\" rel=\"noopener\">Instagram<\/a>).<\/span><\/strong><\/span><\/p>\n<p><span style=\"color: #008080;\">Without further ado, here are the statements from Juan Antonio.<\/span><\/p>\n<\/div>\n<p><span style=\"font-family: open sans, helvetica neue, helvetica, arial, sans-serif;\"><strong><img loading=\"lazy\" decoding=\"async\" class=\"alignright\" src=\"https:\/\/mcusercontent.com\/993c677d53044839b1b39b2dc\/images\/b9cb6468-eb27-853b-a74d-9301ed923e3f.jpeg\" width=\"300\" height=\"300\" data-file-id=\"6064577\" \/>Araceli Tzigane: Please, make a short introduction of LIM\u00faR. What is it, who is part of it, what do you do, and why did you start it?<\/strong><\/span><\/p>\n<p><strong>Juan Antonio V\u00e1zquez:\u00a0<\/strong>LIM\u00faR stands for Lista Ib\u00e9rica de M\u00fasicas de Ra\u00edz (Spanish) \/ Raiz (Portuguese), or Iberian Roots Music Chart, a chart that highlights recently released albums of roots music either made in Iberian countries, by artists of Iberian origin anywhere in the world, or based on Iberian musical roots, no matter the origin or the place of residence of the artists. In fact, we&#8217;ve already included in our chart musicians from other origins (Sahrawi, Brazilian, Cape Verdean, Moroccan, Italian, Senegalese&#8230;) living in Iberian countries. Similarly, we could also have, for instance, a Portuguese artist creating Indian music or a Japanese artist residing in Germany making flamenco. In other words, we understand the concept of &#8220;Iberian&#8221; in the broadest and most inclusive sense possible. This inclusivity also extends to the approach to roots music, ranging from strictly traditional to the most diverse experiments.<\/p>\n<p>We also want to highlight the variety of Iberian cultures, languages, and musical expressions, which demonstrate a much richer diversity than what might be expected if we only look at administrative borders. In that sense, we advocate for Iberian diversity, ensuring complete equality and non-discrimination. This is reflected in the fact that the name of the chart is displayed in every Iberian language that has a standardized linguistic form established by a recognized institution, such as the various language academies and their equivalents. Therefore, the full name of LIM\u00faR appears in Spanish (Castilian), Portuguese, Galician, Catalan-Valencian, Basque, Asturian, Aragonese and Mirandese, as well as in English. We are still missing Aranese, for which we do not yet have a verified translation. Similarly, we aspire to have the website&#8217;s introductory texts in all these languages, and we welcome any possible collaboration in translating them into these languages.<\/p>\n<p>We are aware that there are other Iberian languages and linguistic variants besides the ones mentioned, but we have chosen to focus on those with recognized codification to make the representation manageable. For practical reasons, communication regarding the chart is conducted exclusively in Portuguese, Spanish and English.<\/p>\n<p>To launch this initiative, I invited a series of recognized journalists and disseminators of these musical genres, initially from Iberian countries. Over time, the invitation extended to participants from other countries. Currently, the panel includes members from Argentina, Puerto Rico, Poland, Brazil, Mexico, Greece, and Serbia, among others, with plans to incorporate new panelists from different regions in the future. We are fortunate to have journalists working for major media outlets, such as newspapers like El Pa\u00eds or El Mundo; national radio stations in Portugal, Spain, Poland or Serbia; university radio stations in Mexico, Spain, Puerto Rico, Brazil or Portugal; specialized web-based stations and more. But most importantly, they are specialists with extensive knowledge and broad perspectives.<\/p>\n<p>The process involves identifying and exploring roots music albums published during the previous months. Each quarter, panelists vote for albums that meet the criteria, covering releases from the last quarter and the one before it. At the end of the year, an annual vote determines the top albums of the entire year.<\/p>\n<p>The voting mechanism is straightforward: each panelist ranks their preferences, and the votes are tallied to create the final list based on the aggregated scores.<\/p>\n<p><strong>AT:\u00a0Which are the objectives?<\/strong><\/p>\n<p><strong>JAV:<\/strong>\u00a0The primary objective of LIM\u00faR is to act as a platform that amplifies the visibility of Iberian roots music, both within Iberian countries and internationally.<\/p>\n<p>In the Iberian context, these styles are often underappreciated, except for a few better-known genres like flamenco or fado. Even within these better-known genres, there are many artists with very interesting yet underexposed proposals. Additionally, root music from different territories within Iberian countries often does not transcend local boundaries due to linguistic and cultural divides. LIM\u00faR aims to foster mutual understanding and exchange across these diverse traditions.<\/p>\n<p>Another goal is to highlight works of excellence, prioritizing quality and providing a comprehensive reference for anyone interested in Iberian roots music. This includes both specialized media and sparking interest in mainstream outlets, with the ultimate aim of reaching a wider audience.<\/p>\n<p><strong>AT:\u00a0After one year, what are the insights you have about the development of the production of this kind of music?<\/strong><\/p>\n<p><strong>JAV:\u00a0<\/strong>All the objectives are currently in progress, with very promising outcomes. The response and impact have been overwhelmingly positive, but I hope it will gain even more recognition, especially after the publication of the first annual chart, corresponding to the year 2024.<\/p>\n<p>The initiative has been warmly received by those in the roots music sector, particularly by the artists and groups who have been recognized through LIM\u00faR. Many of them have become ambassadors for the project, proudly showcasing the recognition they\u2019ve received, which in turn helps spread awareness about LIM\u00faR\u2019s work.<\/p>\n<p>Ultimately, LIM\u00faR has brought joy to talented artists and contributed to the growing recognition and dissemination of its mission. This shared enthusiasm continues to expand LIM\u00faR\u2019s influence and reputation.<\/p>\n<hr \/>\n<h1><strong><span style=\"color: #daa520;\">THE THIRD EDITION OF NTWALA OH YEAH! WILL TAKE PLACE IN JUNE IN MALANJE<\/span><\/strong><\/h1>\n<div>\n<p><span style=\"font-family: open sans, helvetica neue, helvetica, arial, sans-serif;\"><strong><img loading=\"lazy\" decoding=\"async\" class=\"alignleft\" src=\"https:\/\/mcusercontent.com\/993c677d53044839b1b39b2dc\/images\/9f7bea2b-95a4-e4b6-3aa4-15b5cd612cb0.jpeg\" width=\"260\" height=\"260\" data-file-id=\"6064642\" \/>I<span style=\"color: #008080;\">n\u00a0<a style=\"color: #008080;\" href=\"https:\/\/www.mapamundimusica.com\/en\/newsletter\/mar-23-interview-with-asya-music-management-rastak-from-the-exile-talk-with-a-to-jazz-new-event-in-angola-many-open-calls-57\/\" target=\"_blank\" rel=\"noopener\">the March 2023 edition of this newsletter<\/a>, I talked about the first open call of Ntwala Oh Yeah! Festival. The artist\u00a0A&#8217;mosi Just A Label contacted me about it and told me about this new initiative in Angola, a multidisciplinary and international gathering of artists.<\/span><\/strong><\/span><span style=\"color: #008080;\">The event took place already for two times and now, KONONO SOUL ARTS, the organization of A&#8217;mosi, announces the NTWALA OH YEAH! Malanje Edition 2025. It is\u00a0scheduled for June 24-29.<\/span><\/p>\n<p><span style=\"color: #008080;\">According to their press release,<\/span><\/p>\n<p><span style=\"color: #008080;\"><span style=\"font-family: open sans, helvetica neue, helvetica, arial, sans-serif;\"><em>\u00a0&#8220;NTWALA OH YEAH! It is an itinerant meeting between the performing arts, Music, Dance, Literature, Visual Arts, and Spoken Word. Plus, Book Launches, Talks, Workshops, Networking and Tourism. The 2025 edition in Malanje \u2013 Angola, it\u2019s a camping edition with ecological footprint.\u00a0The aim of the festival is to promote and highlight emerging artists, offering them a platform to present themselves.&#8221;<\/em><strong>\u00a0You can\u00a0read the full press release,\u00a0<a style=\"color: #008080;\" href=\"https:\/\/www.dropbox.com\/scl\/fi\/vash3pacw87i616wm7a3u\/PRESS-RELEASE-2025.docx?rlkey=eelq201adx2ei1wjj59uhdja1&amp;dl=0\" target=\"_blank\" rel=\"noopener\">here<\/a>. And I really recommend it to understand it better.<\/strong><\/span>The call for proposals is\u00a0<a style=\"color: #008080;\" href=\"https:\/\/docs.google.com\/forms\/d\/e\/1FAIpQLSfB2TAcnSMzYzgqCRBPfZmgpM-uMSTI8TPSrr8QBe8C5rEvtA\/viewform\" target=\"_blank\" rel=\"noopener\">this form<\/a>. It is open until February 15th. And you can check the social media,\u00a0<a style=\"color: #008080;\" href=\"https:\/\/www.instagram.com\/ntwalaohyeah\/profilecard\/?igsh=MXhreTM0cjJqZHIydw%3D%3D\" target=\"_blank\" rel=\"noopener\">here<\/a>.<\/span><\/p>\n<p><span style=\"color: #008080;\">After these two previous years, I made a couple of questions to A&#8217;mosi. Check the answers here below.<\/span><\/p>\n<hr \/>\n<\/div>\n<p><img loading=\"lazy\" decoding=\"async\" class=\"alignleft\" src=\"https:\/\/mcusercontent.com\/993c677d53044839b1b39b2dc\/images\/50c3a03f-f484-5fea-0a4e-54243b1eb83b.jpg\" width=\"257\" height=\"386\" data-file-id=\"6064641\" \/><\/p>\n<p><span style=\"font-family: open sans, helvetica neue, helvetica, arial, sans-serif;\"><strong>Araceli Tzigane: Which where the biggest challenges in the previous editions?\u00a0<\/strong><\/span><\/p>\n<p><strong>A&#8217;mosi Just a Label<\/strong>:\u00a0The biggest challenge in producing Ntwala Oh Yeah! is first the people, including myself! Then the institutions in Angola.\u00a0Me, because i dared to think about holding a festival of international standard in Angola! Even though I was aware that the Angolan people understand that art is just entertainment, hype, etc. And yet, I insisted on proposing this festival model to the people.<\/p>\n<p>As for the other people, because regardless of whether there are some of them involved in the project, which makes me happy and makes me believe that the child that was born in 2023, will crawl and walk, I feel that they are still far from being able to contribute more than they already should.<\/p>\n<p>The institutions in Angola, because they are egocentric and incapable of opening their minds and changing the sociocultural system, I see them as dream killers, blind, and structures without the neurological capacity that allows them to generate consciousness and feel emotions.<\/p>\n<p>I confess that it was very difficult to answer this question, for several reasons, I faced so many challenges and didn&#8217;t know where to start explaining myself.<\/p>\n<p><span style=\"font-family: open sans, helvetica neue, helvetica, arial, sans-serif;\"><strong>Araceli Tzigane: Who participated in the previous edition?<\/strong><\/span><\/p>\n<p><span style=\"font-family: open sans, helvetica neue, helvetica, arial, sans-serif;\"><strong>AJL:\u00a0<\/strong>These artists participated: Marina Queiroz Miranda (Brazil); Clington experiment (Angola\/Portugal); Zadio (Angola\/United Kingdom); Yoleni (Angola\/France); VI-CI (Luanda\/Angola), Rainy Mar (Luanda\/Angola); Kark Sumba (Luanda\/Angola); Uncle Jay (Luanda\/Angola); Santimant Mwiny (Luanda\/Angola); Jorge Pimentel (Benguela\/Angola); Ismael Farinha (Luanda\/Angola) and Roberto Leal (Angola\/Brazil).<br \/>\n5 for exhibitions:\u00a0Ely Ingl\u00eas (Luanda\/Angola); Gato Preto (Luanda\/Angola); Eltina Gaspar (Luanda\/Angola); Nefwani J\u00fanior (Luanda\/Angola); Parasol (Luanda\/Angola).<br \/>\n2 selecta artists: Wilmara Maravilha (Luanda\/Angola) and Mara Baoba (Luanda\/Angola).<\/span><\/p>\n<p style=\"text-align: center;\"><span style=\"font-family: open sans, helvetica neue, helvetica, arial, sans-serif;\"><strong>I really wish much success to A&#8217;mosi and the team for the 2025 edition and I hope they can fulfil their aims!\u00a0<\/strong><\/span><\/p>\n<hr \/>\n<h1><strong><span style=\"color: #daa520;\">BRIEF NEWS FROM THE MEDIA, CHARTS AND SISTER PROJECTS\u00a0<\/span><\/strong><span style=\"color: #000000; font-family: open sans, helvetica neue, helvetica, arial, sans-serif;\"><img loading=\"lazy\" decoding=\"async\" class=\"alignright\" src=\"https:\/\/mcusercontent.com\/993c677d53044839b1b39b2dc\/images\/e032fb01-1481-4ae7-a53d-1b163dd4572c.jpg\" width=\"180\" height=\"180\" align=\"right\" data-file-id=\"4734514\" \/><\/span><\/h1>\n<div>\n<hr \/>\n<p>\ud83d\udd38<span style=\"color: #000000; font-family: open sans, helvetica neue, helvetica, arial, sans-serif;\">#1\u00a0for\u00a0<a href=\"https:\/\/www.transglobalwmc.com\/charts\/january-2025-chart\/\" target=\"_blank\" rel=\"noopener\">Transglobal World Music Chart in January of\u00a02025<\/a>\u00a0is:\u00a0Mari Boine&#8217;s\u00a0<em>Alva<\/em><\/span><\/p>\n<p>And the results of the Festival Awards 2024 have been announced. Check them\u00a0<a href=\"https:\/\/www.transglobalwmc.com\/festival-awards\/2024\/\" target=\"_blank\" rel=\"noopener\">here<\/a>.<\/p>\n<\/div>\n<div>\n<hr \/>\n<\/div>\n<div>\ud83d\udd38<span style=\"color: #000000; font-family: open sans, helvetica neue, helvetica, arial, sans-serif;\"><a href=\"https:\/\/mundofonias.com\/wp\/?p=8174\" target=\"_blank\" rel=\"noopener\">Mundofon\u00edas<\/a>: the three favourite of the month are\u00a0\u00a0JB Moundele&#8217;s\u00a0<em>Racines<\/em>, Mel\u00f3n Jim\u00e9nez &amp; Lara Wong&#8217;s\u00a0 \u2013\u00a0<em>Confluencias\u00a0<\/em>and\u00a0Beno\u00eet LeBlanc&#8217;s,\u00a0<em>M\u00f4 kouzin, m\u00f4 kouzinn<\/em><\/span><\/div>\n<div>\n<p><span style=\"color: #000000; font-family: open sans, helvetica neue, helvetica, arial, sans-serif;\"><img loading=\"lazy\" decoding=\"async\" class=\"aligncenter\" src=\"https:\/\/mcusercontent.com\/993c677d53044839b1b39b2dc\/images\/7058c416-b334-b1c4-41d1-17282110bcd7.jpg\" width=\"560\" height=\"186\" align=\"center\" data-file-id=\"6064644\" \/><\/span><\/p>\n<hr \/>\n<p>\ud83d\udd38<a href=\"https:\/\/www.limur.eu\/limur\/limur-anual-2024\/\" target=\"_blank\" rel=\"noopener\">LIM\u00faR<\/a><a href=\"https:\/\/www.limur.eu\/limur\/limur-anual-2024\/\">\u00a0(Iberian Roots Music Chart), annual results of 2024<\/a><\/p>\n<div>\n<p><span style=\"color: #000000; font-family: open sans, helvetica neue, helvetica, arial, sans-serif;\">Check the results in the link. In this collage Juan Antonio managed to put the top 25.\u00a0<\/span><\/p>\n<p><img loading=\"lazy\" decoding=\"async\" class=\"aligncenter\" src=\"https:\/\/mcusercontent.com\/993c677d53044839b1b39b2dc\/images\/728cd743-3bde-3477-4e61-e6234aa2f7f4.jpg\" width=\"560\" height=\"560\" data-file-id=\"6064656\" \/><\/p>\n<\/div>\n<\/div>\n<hr \/>\n<h3 style=\"text-align: center;\"><strong>Do you have a call of interest for our community that you want to share? Let me know asap<\/strong><\/h3>\n<hr \/>\n<h1><strong>OPEN CALLS\u00a0<\/strong><\/h1>\n<p>This section is open for news. It is free of charge. You can let me know if you have any open call\u00a0of relevance to the community.<\/p>\n<h4><strong>NEW CALLS IN THE NEWSLETTER:<\/strong><\/h4>\n<hr \/>\n<p>\ud83d\udd38<strong><a href=\"https:\/\/www.womex.com\/\" target=\"_blank\" rel=\"noopener\">WOMEX<\/a><\/strong><br \/>\n<img loading=\"lazy\" decoding=\"async\" class=\"alignright\" src=\"https:\/\/mcusercontent.com\/993c677d53044839b1b39b2dc\/images\/6d68b3bc-0007-2e8b-c59f-e9291567436b.png\" width=\"217\" height=\"163\" align=\"right\" data-file-id=\"6064666\" \/>This year WOMEX will take place in Tampere (like in 2019), Finland, 22 &#8211; 26 October 2025.<\/p>\n<p><em>&#8220;Recognized as one of the most important gatherings in the global music scene, WOMEX is the most diverse music meeting worldwide. Its musical spectrum spans from the most traditional to the cutting-edge global local underground, embracing folk, roots, jazz, local and diaspora cultures, and urban and electronic sounds from across the globe.&#8221;<\/em><\/p>\n<p>The deadline for sending the proposals is Friday, 28 February 2025. The application must be done in this website:\u00a0<a href=\"https:\/\/www.womex-apply.com\/\" target=\"_blank\" rel=\"noopener\">https:\/\/www.womex-apply.com\/<\/a><\/p>\n<p>The submission fee (payable by Paypal) is:<br \/>\n\u00b7 20 January &#8211; 07 February: Early Bird Rate, 15 \u20ac<br \/>\n\u00b7 08 February &#8211; 28 February: Late Rate, 25 \u20ac<\/p>\n<hr \/>\n<p><img loading=\"lazy\" decoding=\"async\" class=\"alignright\" src=\"https:\/\/mcusercontent.com\/993c677d53044839b1b39b2dc\/images\/418d73ce-8955-5ab8-0ddd-0a571cb6b171.jpg\" width=\"207\" height=\"146\" data-file-id=\"6064667\" \/>\ud83d\udd38<strong><a href=\"https:\/\/www.fondazioneandreaparodi.it\/\" target=\"_blank\" rel=\"noopener\">Premio Andrea Parodi<\/a><\/strong><br \/>\nThe 18th edition of the competition has been launched, with the final rounds scheduled from October 9 to 11, 2025, in Cagliari. The call for applications is now open, with free registration available until May 9, 2025, through the official website\u00a0<a href=\"http:\/\/www.fondazioneandreaparodi.it\/\" target=\"_blank\" rel=\"noopener\">www.fondazioneandreaparodi.it<\/a>.<\/p>\n<p>The winner and several finalists will receive significant prizes, including opportunities to perform at major Italian music festivals.<\/p>\n<hr \/>\n<p>\ud83d\udd38<strong><a href=\"https:\/\/atojazz.bg\/en\/showcase\/\" target=\"_blank\" rel=\"noopener\">World Music Showcase in Sofia<\/a><\/strong><br \/>\n<img loading=\"lazy\" decoding=\"async\" class=\"alignright\" src=\"https:\/\/mcusercontent.com\/993c677d53044839b1b39b2dc\/images\/351242cd-3fac-fd8e-ab92-ec2583ec2f9c.jpg\" width=\"195\" height=\"195\" data-file-id=\"6064668\" \/>&#8220;<em>The call for applications for the international showcase for emerging artists in world music is open from January 05th to February 16th, 2025. Each accepted application will be evaluated by a 5-member international jury. 12 participants will be selected to participate in the showcase program in Sofia. The official artist selection will be announced on March 17, 2025.<\/em><\/p>\n<p>The showcase will be held on July 3rd, 2025 in Sofia, Bulgaria. Participation includes also speed meetings with the delegates and networking sessions on July 4th, 2025.&#8221;<\/p>\n<p>To be elegible, the artists have to fulfill some conditions. Check them in the\u00a0<a href=\"https:\/\/atojazz.bg\/en\/showcase\/\" target=\"_blank\" rel=\"noopener\">official website<\/a>.<\/p>\n<hr \/>\n<p>\ud83d\udd38<strong><a href=\"https:\/\/www.mmvv.cat\/es\/comoactuar&amp;seccio=comactuar&amp;idioma=cat&amp;web2020=1&amp;\" target=\"_blank\" rel=\"noopener\">Mercat de M\u00fasica Viva de Vic<\/a><\/strong><br \/>\nThe 37th edition will take place from 17 to 21 of September in Vic, Catalonia. The call for applications expires on 31st of March.\u00a0Proposals can be submitted for all musical styles and genres, with the exception of classical music.<br \/>\nCheck the conditions for the participations,\u00a0<a href=\"https:\/\/www.mmvv.cat\/en\/applytoplay&amp;seccio=comactuar&amp;idioma=cast&amp;web2020=1&amp;\" target=\"_blank\" rel=\"noopener\">here<\/a>. Application,\u00a0<a href=\"https:\/\/www.mmvv.cat\/es\/login&amp;seccio=login&amp;idioma=cat&amp;web2020=1&amp;\" target=\"_blank\" rel=\"noopener\">here<\/a>.<br \/>\n<img loading=\"lazy\" decoding=\"async\" class=\"aligncenter\" src=\"https:\/\/mcusercontent.com\/993c677d53044839b1b39b2dc\/images\/675716e8-712d-aa64-ad9c-e6f939cb8d26.jpg\" width=\"560\" height=\"280\" align=\"center\" data-file-id=\"6064669\" \/><\/p>\n<hr \/>\n<p><strong>THESE CALLS WERE IN THE NEWSLETTER IN THE PREVIOUS EDITION:<\/strong><\/p>\n<div>\n<hr \/>\n<div>\n<p><span style=\"font-family: open sans, helvetica neue, helvetica, arial, sans-serif;\"><strong>\ud83d\udd39Fira Mediterr\u00e0nia de Manresa\u00a0<\/strong><\/span><\/p>\n<p><strong><img loading=\"lazy\" decoding=\"async\" class=\"alignright\" src=\"https:\/\/mcusercontent.com\/993c677d53044839b1b39b2dc\/images\/9819ab98-fd96-4a26-663c-b8777b3d91c7.jpg\" width=\"220\" height=\"103\" align=\"right\" data-file-id=\"6063607\" \/><\/strong>The 28th edition of the Fira Mediterr\u00e0nia will take place in Manresa\u00a0from 9 to 12 October 2025.<\/p>\n<\/div>\n<\/div>\n<p>\ud83d\udd38<strong>Who is it for?\u00a0<\/strong><br \/>\n<em>&#8220;Music, performing or street art, folk culture and association-related proposals that are based on traditional roots as a driver of creativity and speak to us in the present.&#8221;<\/em><br \/>\nNote also that:<br \/>\n<em>&#8220;The programme of Fira Mediterr\u00e0nia is divided into three main itineraries:<\/em><\/p>\n<ul>\n<li><em>Music, featuring the\u00a0world music and traditional roots music scenes.<\/em><\/li>\n<li><em>Dance, with a dynamic perspective on traditional roots and folk culture.<\/em><\/li>\n<li><em>Memory, llegacy and oral storytelling, with performance and outdoor arts offerings, particularly theatre and circus, which draw on folk culture.&#8221;<\/em><\/li>\n<\/ul>\n<p>\ud83d\udd38<strong>How to apply?\u00a0<\/strong><br \/>\nThe application is free and you can do it through\u00a0<a href=\"https:\/\/app.firamediterrania.cat\/login\" target=\"_blank\" rel=\"noopener\">the website<\/a>. Deadline:\u00a0Thursday 23 January 2025 at 12.00 a.m. CET.<\/p>\n<p>\ud83d\udd38<strong>To learn more:<\/strong><br \/>\n<em>&#8220;Fira, as a performing arts fair attended by sector professionals (1,140 registered delegates), will agree a financial contribution with companies and groups.&#8221;<\/em>\u00a0Check all the conditions, on the\u00a0<a href=\"https:\/\/budapestritmo.hu\/en\/showcase\/\" target=\"_blank\" rel=\"noopener\">official website<\/a>.<\/p>\n<div>\n<hr \/>\n<div>\n<p>\ud83d\udd38<strong><a href=\"https:\/\/www.soalivemusicconference.com\/\" target=\"_blank\" rel=\"noopener\">SoAlive Music Conference<\/a>.<\/strong><br \/>\n<img loading=\"lazy\" decoding=\"async\" class=\"aligncenter\" src=\"https:\/\/mcusercontent.com\/993c677d53044839b1b39b2dc\/images\/aae94252-97c9-53bf-bb37-1a05805698c3.png\" width=\"560\" height=\"292\" align=\"center\" data-file-id=\"6063591\" \/><br \/>\n<strong>For artists of any genre, from the Balkans<\/strong>\u00a0(Albania, Bulgaria, Slovenia, Serbia, Kosovo, Greece, Bosnia and Herzegovina, Montenegro, Romania, North Macedonia, Turkey, Croatia).<\/p>\n<p>It will take place in Sofia, Bulgaria,\u00a014-17 October 2025. The call\u00a0for artists is open until 15th of February.\u00a0What do they offer:\u00a0<em>&#8220;As part of SoAlive 2025, you will perform in front of an audience that includes over 800 delegates from the music industry.<\/em>&#8221; They won&#8217;t pay any fee. They cover fixed travel reimbursement (specific details provided upon selection), catering during the event, Pro + accreditations for all band members and accommodation for the duration of the festival.<\/p>\n<p>How to apply? In the previous edition this was not answered but yes in this: the application is on Gigmit (for free, you don&#8217;t need to create a pro account),\u00a0<a href=\"https:\/\/www.gigmit.com\/calls\/1261\" target=\"_blank\" rel=\"noopener\">here.<\/a><\/p>\n<hr \/>\n<p><img loading=\"lazy\" decoding=\"async\" class=\"alignright\" src=\"https:\/\/mcusercontent.com\/993c677d53044839b1b39b2dc\/images\/f256221d-7434-2849-fdbc-1c1a4f75eaef.png\" width=\"215\" height=\"93\" align=\"right\" data-file-id=\"6063594\" \/><strong>\ud83d\udd38<a href=\"https:\/\/circulart.org\/2024\/artistas-y-agencias\/\" target=\"_blank\" rel=\"noopener\">Circulart<\/a><\/strong><br \/>\nThe call is open for artists\/bands, agencies and labels,\u00a0<strong>Colombian or settled in Colombia\u00a0or from the &#8220;Iberoamerican common cultural space&#8221;<\/strong>. Until 28th of January.\u00a0All the details are\u00a0<a href=\"https:\/\/circulart.org\/2024\/artistas-y-agencias\/\" target=\"_blank\" rel=\"noopener\">on the website<\/a>\u00a0(Spanish).<\/p>\n<p>In 2025 it will have its 16th edition. The event will take place from 12th to 14th of June in Medellin, Colombia. It includes showcases and a digital networking platform.<\/p>\n<\/div>\n<\/div>\n<p>&nbsp;<\/p>\n<hr \/>\n<h1><span style=\"color: #daa520;\"><strong>MEET ME AT<\/strong><\/span><\/h1>\n<ul>\n<li><strong>27-29 of January, Brussels<\/strong>.\u00a0Flanders Folk Music Awards (the performances will be by\u00a0Snaarmaarwaar, BLIET, and Bamako Express)\u00a0and Belgian Worldwide Music Night (with performances by Ga\u00efsha, NENA, Soledad Kalza &amp; Sina Kienou, and Peixe e Lim\u00e3o).<\/li>\n<li><strong>20-22\u00a0of March, Marseille<\/strong>.\u00a0Babel Music XP.<\/li>\n<\/ul>\n<div>This flyer is from the\u00a0<a href=\"https:\/\/www.facebook.com\/events\/609836798098414\/?acontext=%7B%22event_action_history%22%3A[]%7D\" target=\"_blank\" rel=\"noopener\">event of the Belgian World Music Night on Facebook<\/a>.<br \/>\n<img loading=\"lazy\" decoding=\"async\" class=\"aligncenter\" src=\"https:\/\/mcusercontent.com\/993c677d53044839b1b39b2dc\/images\/e28a707c-e020-f5c5-c1bd-ef3a9a32d267.jpg\" width=\"560\" height=\"315\" align=\"center\" data-file-id=\"6063606\" \/><\/div>\n<p>&nbsp;<\/p>","protected":false},"excerpt":{"rendered":"<p>Summary\u00a0\ud83d\udc47\u00a0 \ud83d\udd38Editorial \ud83d\udd38Learning traditional music: Folk_ME with Mikl\u00f3s Both \ud83d\udd38LIM\u00faR, the Iberian roots music chart, turns one year old. Juan Antonio V\u00e1zquez shares some insights \ud83d\udd38A new edition of Ntwala Oh Yeah!, with A&#8217;mosi Just a Label \ud83d\udd38Brief news from the media, charts and sister projects \ud83d\udd38Open calls: WOMEX, Premio Andrea Parodi, World Music Showcase [&hellip;]<\/p>\n","protected":false},"author":1,"featured_media":0,"comment_status":"closed","ping_status":"open","sticky":false,"template":"","format":"standard","meta":{"footnotes":""},"categories":[19],"tags":[],"class_list":["post-3737","post","type-post","status-publish","format-standard","hentry","category-newsletter"],"_links":{"self":[{"href":"https:\/\/www.mapamundimusica.com\/en\/wp-json\/wp\/v2\/posts\/3737","targetHints":{"allow":["GET"]}}],"collection":[{"href":"https:\/\/www.mapamundimusica.com\/en\/wp-json\/wp\/v2\/posts"}],"about":[{"href":"https:\/\/www.mapamundimusica.com\/en\/wp-json\/wp\/v2\/types\/post"}],"author":[{"embeddable":true,"href":"https:\/\/www.mapamundimusica.com\/en\/wp-json\/wp\/v2\/users\/1"}],"replies":[{"embeddable":true,"href":"https:\/\/www.mapamundimusica.com\/en\/wp-json\/wp\/v2\/comments?post=3737"}],"version-history":[{"count":10,"href":"https:\/\/www.mapamundimusica.com\/en\/wp-json\/wp\/v2\/posts\/3737\/revisions"}],"predecessor-version":[{"id":3747,"href":"https:\/\/www.mapamundimusica.com\/en\/wp-json\/wp\/v2\/posts\/3737\/revisions\/3747"}],"wp:attachment":[{"href":"https:\/\/www.mapamundimusica.com\/en\/wp-json\/wp\/v2\/media?parent=3737"}],"wp:term":[{"taxonomy":"category","embeddable":true,"href":"https:\/\/www.mapamundimusica.com\/en\/wp-json\/wp\/v2\/categories?post=3737"},{"taxonomy":"post_tag","embeddable":true,"href":"https:\/\/www.mapamundimusica.com\/en\/wp-json\/wp\/v2\/tags?post=3737"}],"curies":[{"name":"wp","href":"https:\/\/api.w.org\/{rel}","templated":true}]}}