{"id":3720,"date":"2024-12-23T21:13:37","date_gmt":"2024-12-23T20:13:37","guid":{"rendered":"https:\/\/www.mapamundimusica.com\/?p=3720"},"modified":"2024-12-23T23:25:08","modified_gmt":"2024-12-23T22:25:08","slug":"december-24-talk-with-david-sierra-sierra-contratacion-artistica-recaps-new-calls-and-78","status":"publish","type":"post","link":"https:\/\/www.mapamundimusica.com\/en\/newsletter\/december-24-talk-with-david-sierra-sierra-contratacion-artistica-recaps-new-calls-and-78\/","title":{"rendered":"December 24. Talk with David Sierra (Sierra Contrataci\u00f3n Art\u00edstica), recaps, new calls and + #78"},"content":{"rendered":"<p><\/p>\n<h3><span style=\"font-family: open sans, helvetica neue, helvetica, arial, sans-serif;\"><strong>Summary\u00a0\ud83d\udc47<\/strong><\/span><span style=\"color: #ffffff; font-family: open sans, helvetica neue, helvetica, arial, sans-serif;\">\u00a0<\/span><\/h3>\n<ul>\n<li><span style=\"font-family: arial, helvetica, sans-serif; font-size: 14pt;\">Editorial<\/span><\/li>\n<li><span style=\"font-family: arial, helvetica, sans-serif; font-size: 14pt;\">In depth with David Sierra, from Sierra Contrataci\u00f3n Art\u00edstica (Spain)<\/span><\/li>\n<li><span style=\"font-family: arial, helvetica, sans-serif; font-size: 14pt;\">Brief news from the\u00a0media, charts and sister projects<\/span><br \/>\n<span style=\"font-family: arial, helvetica, sans-serif; font-size: 12pt;\">Transglobal World Music Chart &amp; Hall of Fame, Mundofon\u00edas favorites of the month and the year, World Music Charts Europe best of 2024, LIM\u00faR 4th quarter of 2024.<\/span><\/li>\n<li><span style=\"font-family: arial, helvetica, sans-serif; font-size: 14pt;\">A little bit of mine<\/span><\/li>\n<li><span style=\"font-family: arial, helvetica, sans-serif; font-size: 14pt;\">Open calls: SoAlive Music Conference, Circulart + Babel Music XP announced the artistic selection<\/span><\/li>\n<li><span style=\"font-family: arial, helvetica, sans-serif; font-size: 14pt;\">Meet me at \u2708\ufe0f . Line up of Flanders Folk Music Awards and Belgian Worldwide Music Night, announced<\/span><\/li>\n<\/ul>\n<p style=\"text-align: center;\"><span style=\"font-size: 18pt;\"><a class=\"mcnButton \" title=\" \u27a1\ufe0f This is the button for subscription \" href=\"https:\/\/mailchi.mp\/892ba551b707\/mapamundi-general\" target=\"_blank\" rel=\"noopener\">\u27a1\ufe0f This is the link for subscription<\/a><\/span><\/p>\n<p>&nbsp;<\/p>\n<table style=\"width: 100%;\" border=\"0\" cellspacing=\"0\" cellpadding=\"0\" align=\"left\">\n<tbody>\n<tr>\n<td class=\"mcnShareIconContent\" style=\"width: 5.16364%;\" align=\"center\" valign=\"middle\" width=\"24\"><a href=\"https:\/\/us13.forward-to-friend.com\/forward?u=993c677d53044839b1b39b2dc&amp;id=347a3e2b75&amp;e=[UNIQID]\" target=\"_blank\" rel=\"noopener\"><img loading=\"lazy\" decoding=\"async\" class=\"\" src=\"https:\/\/cdn-images.mailchimp.com\/icons\/social-block-v2\/dark-forwardtofriend-48.png\" alt=\"If you like this content, forward it \u2b05\ufe0f\" width=\"59\" height=\"59\" \/><\/a><\/td>\n<td class=\"mcnShareTextContent\" style=\"width: 94.6909%;\" align=\"left\" valign=\"middle\"><a href=\"https:\/\/us13.forward-to-friend.com\/forward?u=993c677d53044839b1b39b2dc&amp;id=347a3e2b75&amp;e=[UNIQID]\" target=\"\" rel=\"noopener\">If you like this content, send it to a friend \u2b05\ufe0f<\/a><\/td>\n<\/tr>\n<\/tbody>\n<\/table>\n<p>&nbsp;<\/p>\n<p><strong>Hello, <\/strong><strong>how are you?<\/strong><\/p>\n<p><img loading=\"lazy\" decoding=\"async\" class=\"alignright\" src=\"https:\/\/mcusercontent.com\/993c677d53044839b1b39b2dc\/images\/63577dc9-1201-26a0-1111-c06a30ab2c08.jpeg\" width=\"434\" height=\"326\" align=\"right\" data-file-id=\"6063589\" \/>The end of the year is here. I don\u2019t know about you, but I can\u2019t help but take a moment to reflect and analyze, thinking about what to change and what to continue just as it is.<\/p>\n<p>In the photo for this edition, I\u2019m accompanied by\u00a0<strong>David Sierra<\/strong>, someone many of you who receive this newsletter already know. He\u2019s my professional colleague, and we also share several circumstances that allow us to discuss topics that, while specific, also serve as a lens to examine the situation in other regions. They can help to check\u00a0if these experiences resonate with our own and to deepen our understanding of the complexities of the sector we\u2019re involved in: music that is in some way connected to the heritage of peoples.<\/p>\n<p>Below, I\u2019m sharing a recent conversation we had in Toledo, on a cold and sunny midday, in that beautiful and profound place\u2014a key site in the history of Western culture. It\u2019s a pleasure to feature David as the protagonist of this final edition of the year.<\/p>\n<p><a href=\"https:\/\/www.mondosonoro.com\/blog-musica\/mejores-discos-flamenco-2024-nacional\/\" target=\"_blank\" rel=\"noopener\"><img loading=\"lazy\" decoding=\"async\" class=\"alignright\" src=\"https:\/\/mcusercontent.com\/993c677d53044839b1b39b2dc\/images\/5acf4865-ce62-9395-37ba-dd4d39d3c43b.png\" width=\"256\" height=\"92\" data-file-id=\"6063599\" \/><\/a>It\u2019s also time to take stock of the charts. I\u2019ve had some wonderful surprises, such as\u00a0<em>We<\/em>, Vig\u00fcela\u2019s tenth album, making it onto Mondo Sonoro\u2019s list of the best flamenco and roots music albums.\u00a0It made me really happy because it&#8217;s a long-standing magazine and a generalist one, not specialized, so it was a very pleasant surprise.<\/p>\n<p>And there are still a few days left until the end of the year. Let&#8217;s see what they bring. In any case, I wish you a 2025 full of fulfillment and joy.<\/p>\n<table style=\"border-collapse: collapse; width: 100%;\">\n<tbody>\n<tr>\n<td style=\"width: 100%; background-color: #9c0505;\">\n<h4 style=\"letter-spacing: normal; text-align: center;\"><span style=\"color: #ffffff;\"><strong>Remember: if you have any news of interest for our community, let me know. Thank you very much for your attention.<\/strong><\/span><\/h4>\n<h4 style=\"letter-spacing: normal; text-align: center;\"><span style=\"color: #ffffff; font-size: 12pt;\">Araceli Tzigane | Mapamundi M\u00fasica\u00a0|<strong>\u00a0+34 676\u00a030 28 82\u00a0<\/strong><\/span><\/h4>\n<\/td>\n<\/tr>\n<\/tbody>\n<\/table>\n<h4 style=\"text-align: center;\"><\/h4>\n<hr \/>\n<h2><strong><span style=\"color: #daa520;\">AND NOW THE FLOOR IS FOR:<\/span><\/strong><\/h2>\n<h2><strong><span style=\"color: #daa520;\">DAVID SIERRA, FROM SIERRA CONTRATACI\u00d3N ART\u00cdSTICA<\/span><\/strong><\/h2>\n<div style=\"text-align: center;\"><span style=\"font-family: open sans, helvetica neue, helvetica, arial, sans-serif;\"><strong><img loading=\"lazy\" decoding=\"async\" class=\"aligncenter\" src=\"https:\/\/mcusercontent.com\/993c677d53044839b1b39b2dc\/images\/45782798-4d45-a5c9-ba80-195f9deec355.jpeg\" width=\"593\" height=\"395\" align=\"center\" data-file-id=\"6063601\" \/><\/strong><\/span><span style=\"font-family: 'open sans', 'helvetica neue', helvetica, arial, sans-serif; font-size: 10pt;\"><strong>This portrait of David Sierra in WOMEX is by Eric Van Nieuwland.<\/strong><\/span><\/div>\n<div><span style=\"color: #ffffff;\">.<\/span><\/div>\n<p><span style=\"font-family: 'open sans', 'helvetica neue', helvetica, arial, sans-serif; color: #008080;\"><strong>I don\u2019t remember exactly when I first met David Sierra. I believe we\u2019ve gotten to know each other gradually over the years. He is the heart of\u00a0<a style=\"color: #008080;\" href=\"https:\/\/www.sierracontratacionartistica.com\/\" target=\"_blank\" rel=\"noopener\">Sierra Contrataci\u00f3n Art\u00edstica<\/a>, working, for instance, with Ana Alcaide for many years, as well as handling worldwide booking for the Italian band Kal\u00e0scima. You can check out all his artists on\u00a0<a style=\"color: #008080;\" href=\"https:\/\/www.sierracontratacionartistica.com\/\" target=\"_blank\" rel=\"noopener\">his website<\/a>. Additionally, he manages bookings in Spain for several artists, with Maria Mazzotta being the most renowned among them.<\/strong><\/span><\/p>\n<p><span style=\"color: #008080;\">David is originally from Castilla-La Mancha and currently lives in Toledo, the city where Mapamundi M\u00fasica is legally and fiscally based. For both of us, our regional administration is Castilla-La Mancha. This is no small matter. In Spain, the complexity of territorial division makes this a very significant issue. Recently, during a conversation within the European Folk Network, I reflected on the differential access to resources for internationalization, both between European countries and within Spanish regions. In Castilla-La Mancha, we lack an entity dedicated to the internationalization of the arts in general or music in particular. This is not the case in Galicia, with Agadic, or in the Basque Country, with Musika Bulegoa, or in Catalonia, with Catalan Arts. Why this happens would require a separate discussion, and surely some of the dynamics leading to this escape me\u2014though I can imagine a few. In any case, this is the reality we face.Castilla-La Mancha is one of Spain&#8217;s most rural regions, characterized by low population density and small municipalities. Its economy relies heavily on agriculture, particularly vineyards, olive groves, and cereals, with less industrial and technological development compared to urbanized regions. Despite this, the region boasts a rich cultural and historical heritage, including Toledo and Cuenca, and is known for its rural tourism and traditional industries like wine and cheese production. And, of course, it is the land of the universal Don Quixote from La Mancha.<\/span><\/p>\n<p><span style=\"color: #008080;\">It would be a bit clich\u00e9 to compare David and me to Don Quixote. Mainly because none of us has a Sancho Panza to support us!\u00a0\ud83d\ude05\u00a0<span style=\"font-family: open sans, helvetica neue, helvetica, arial, sans-serif;\"><strong>But we do have muses. Just as Don Quixote had Dulcinea, we have our beloved artists.<\/strong><\/span>Without further ado, I share with you the very interesting conversation with David.<\/span><\/p>\n<p><img loading=\"lazy\" decoding=\"async\" class=\"alignright size-full wp-image-3733\" src=\"https:\/\/www.mapamundimusica.com\/wp-content\/uploads\/2024\/12\/sierracontratacion.jpeg\" alt=\"\" width=\"1600\" height=\"901\" srcset=\"https:\/\/www.mapamundimusica.com\/wp-content\/uploads\/2024\/12\/sierracontratacion.jpeg 1600w, https:\/\/www.mapamundimusica.com\/wp-content\/uploads\/2024\/12\/sierracontratacion-300x169.jpeg 300w, https:\/\/www.mapamundimusica.com\/wp-content\/uploads\/2024\/12\/sierracontratacion-1024x577.jpeg 1024w, https:\/\/www.mapamundimusica.com\/wp-content\/uploads\/2024\/12\/sierracontratacion-768x432.jpeg 768w, https:\/\/www.mapamundimusica.com\/wp-content\/uploads\/2024\/12\/sierracontratacion-1536x865.jpeg 1536w\" sizes=\"auto, (max-width: 1600px) 100vw, 1600px\" \/><\/p>\n<div>\n<hr \/>\n<p><span style=\"font-family: open sans, helvetica neue, helvetica, arial, sans-serif;\"><strong>Araceli Tzigane: How did you start in the music industry?<\/strong><\/span><\/p>\n<p><strong>David Sierra:\u00a0<\/strong>I started professionally in 2008. Before that, I worked in a travel agency as a travel agent. I had studied a degree in Humanities with a specialization in Tourism. So, I ended up in a travel agency, and through a very casual connection there, I met someone who worked in music. This person needed someone to manage the administrative and commercial side of the business, and that\u2019s where I began. I worked at that company until 2011 with that artist, and then, starting in 2012, I became self-employed under the name Sierra Contrataci\u00f3n Art\u00edstica, which is still my business today.<\/p>\n<p><strong>AT: Was it already folk music at that time?<\/strong><\/p>\n<p><strong>DS:\u00a0<\/strong>Yes, it was with an artist primarily focused on Celtic music. We\u2019re talking about the 2000s, a time when there was a large network of festivals centered around Celtic music in Spain. Many of those festivals have since disappeared.<\/p>\n<p><strong>AT: So, when you started, you already had some experience with logistics, production, and similar aspects because of your work in travel.<\/strong><\/p>\n<p><strong>DS:\u00a0<\/strong>Exactly. Everything involving customer service, the commercial side, and all the organizational aspects of what we call pre-production, I already had experience with that. Of course, it was completely new to me to have to call municipalities, theatre networks, and so on. That whole commercial aspect, but related to the arts, was unfamiliar to me compared to arranging hotels or flights. Dealing with, for example, a cultural officer, a festival director, or a technical manager was something I didn\u2019t know much about. So, it was very much a day-to-day learning process.<\/p>\n<p><strong>AT: How did you learn?<\/strong><\/p>\n<p><strong>DS:\u00a0<\/strong>I think it was through trial and error\u2014mistakes, more mistakes, and learning from them. The person I worked with helped me a lot since she already had experience in the music industry. She knew how to do things and guided me. But a lot of it was self-taught. Later, when you start attending trade fairs, that\u2019s another learning curve. The first fair I attended was WOMEX in 2008 in Seville. From that experience, I started building a network with colleagues, exchanging experiences, contacts, and ways of working. That\u2019s also how I learned the most. Initially, my work was much more regionally focused, specifically in Castilla-La Mancha, which was my region. My client base in those first one or two years was largely regional, with some national work. After two years, I started moving into international territory. During those two years, I gained a lot of experience. But above all, it was a lot of self-teaching, really.<\/p>\n<p><strong>AT: Did you live in Italy as well?\u00a0<\/strong><\/p>\n<p><strong>DS:\u00a0<\/strong>I did an Erasmus program in Italy. Something that helped me both for this job and for my work in the travel agency was that all the exams there were oral. That was something we didn\u2019t normally do in Spain. Evaluation in Spain was usually through written exams or multiple-choice tests. So, it wasn\u2019t like facing a panel of four professors with students behind you while you tried to speak Italian and defend yourself in a language that wasn\u2019t your own. That experience really helped me lose my fear of public speaking and interacting with others. I think it was very useful for both the travel agency and my current job\u2014being able to communicate and feel comfortable speaking.<\/p>\n<p><strong>AT: So, you already had an inclination toward international experiences.<\/strong><\/p>\n<p><strong>DS:\u00a0<\/strong>Yes, absolutely. Plus, I\u2019ve always been very connected to music through dance. For example, in secondary school, I had an amazing teacher from Cantabria, Esther Diego, and between us it developed a very personal and wonderful bond. She gave me cassette tapes from that era, with things like Naciones Celtas or even Goran Bregovi\u0107. I grew up listening to everything from Vangelis to The Beatles. During my childhood and adolescence, Mike Oldfield was also a significant influence. I always had an interest in less commercial music. Thanks to that teacher, I discovered so many groups. Later, a colleague from the travel agency, who was a Bosnian refugee from the Balkan War of the \u201990s, introduced me to a wealth of Balkan music, from Bijelo Dugme to Sevdah. So, I already had an interest in this kind of music before pursuing it professionally.<\/p>\n<p><strong>AT: Were you born in Cuenca or Belmonte?<\/strong><\/p>\n<p><strong>DS:\u00a0<\/strong>I was born in Cuenca. My family is from Belmonte, but I was born in Cuenca\u2019s hospital, so that\u2019s what my ID says. My siblings, however, were born in the village. In the late \u201970s and early \u201980s, in small villages like mine, about 100 km from the capital (so for the hospital too), the figure of a midwife was still common. There was a woman named Manuela who did everything\u2014she could cure the evil eye, deliver babies, or prepare the deceased.<\/p>\n<p><img loading=\"lazy\" decoding=\"async\" class=\"aligncenter\" src=\"https:\/\/mcusercontent.com\/993c677d53044839b1b39b2dc\/images\/29f6a042-036b-76f1-37a9-b0face9aea4c.jpg\" width=\"632\" height=\"420\" data-file-id=\"6063603\" \/><\/p>\n<p style=\"text-align: center;\"><span style=\"font-size: 10pt;\">At this moment I think it is useful to illustrate the conversation with this picture of Belmonte and its castle (by Jos\u00e9 Francisco Fern\u00e1ndez Saura from\u00a0<a href=\"https:\/\/www.pexels.com\/es-es\/foto\/pueblo-edificios-colina-castillo-15925006\/\" target=\"_blank\" rel=\"noopener\">Pexels<\/a>).<\/span><\/p>\n<\/div>\n<p>&nbsp;<\/p>\n<p><span style=\"font-family: open sans, helvetica neue, helvetica, arial, sans-serif;\"><strong>AT: Belmonte is a small but very historic place, isn\u2019t it? It has a castle.<\/strong><\/span><\/p>\n<p><strong>DS:\u00a0<\/strong>Yes, historically, Belmonte is a significant landmark in Castilla-La Mancha. It was part of the Marquisate of Villena, stretching from Villena in Alicante to Alarc\u00f3n in Cuenca, among other territories. This area was closely tied to the 15th century. We have several notable monuments from that period. There\u2019s the palace of Infante Don Juan Manuel, a key historical figure in Belmonte, dating to the early 14th century. The castle, built in 1456, is iconic. It\u2019s been featured in classic films, from El Cid with Charlton Heston and Sofia Loren to various commercials. Its construction is unique\u2014unlike traditional castles with rectangular courtyards, it has an equilateral triangular layout. The base is the keep, which is also distinctive. The surrounding walls form a six-pointed star, with defensive towers at each point. It\u2019s very original, like the circular Bellver Castle in Mallorca.<\/p>\n<p>Belmonte was also the birthplace of Fray Luis de Le\u00f3n, one of the greatest mystic poet or the Renaissance.<\/p>\n<p>The main source of income in Belmonte today is tourism. It\u2019s a village with around 1,800 or 1,900 residents and offers everything from a four-star hotel with a spa to a range of gastronomy and accommodation options. You should definitely visit Belmonte.<\/p>\n<p><strong>AT: Well, we\u2019re in Toledo, which was also home to the School of Translators, a place that helped much of classical knowledge reach us today. This land is incredibly cultural, although you and I face many challenges. I\u2019d like to discuss, at some point, how the market is skewed due to certain economic-political situations in some regions. But before that, I want to ask you something else. You\u2019ve been working in the folk and related music scene for over 15 years. How have you seen its evolution? You mentioned earlier that when you started, there were many Celtic festivals, but they\u2019re no longer around. What happened? Have festivals changed, or has the audience stopped attending?<\/strong><\/p>\n<p><strong>DS:\u00a0<\/strong>I\u2019m not sure if it\u2019s a matter of trends\u2014certain musical styles or movements appear and disappear. I started with Celtic music, but many folk festivals have since disappeared, partly due to reduced financial support from politicians who redirect funds to other interests. But going back to what I said earlier, there were times when, for example, New Age music flourished, with many festivals dedicated to it. The same happened with mestizo music in Spain. For example, at Vi\u00f1arock in Villarrobledo, one of the top Spanish Rock Festival, happening in Castilla-La Mancha, there was a parallel stage exclusively for mestizo music. You could find Chambao, Macaco, Huecco, Ojos de Brujo, and similar groups\u2014more fusion-oriented music. That demand has vanished.<\/p>\n<p>Celtic music is still around, and it has an audience, but it might not generate the ticket sales of a rock or indie music act. I don\u2019t think there\u2019s less interest because those who love this music will attend and buy tickets. But administrations and private promoters are part of the mainstream and focus on what generates better numbers. That\u2019s why certain genres, smaller in audience size but loyal in following, don\u2019t receive the same support.<\/p>\n<p>For instance, the Ortigueira Celtic Music Festival still exists and is massive, attracting a large crowd not only for the music but for everything surrounding the festival. It also benefits from public funding. This ties into how certain regions prioritize and protect their heritage and traditions. Galicia, for example, is deeply connected to these kinds of music and is one of the regions that most actively supports them economically and politically.<\/p>\n<p><span style=\"font-family: open sans, helvetica neue, helvetica, arial, sans-serif;\"><strong>AT: Yes, in Spain, we face an added complication when you try to understand how everything works here due to regions with their own languages, which often become political tools. On the one hand, this can result in population manipulation, but on the other, it means extra care is given to preserving their music.<\/strong><\/span><\/p>\n<p><strong>DS:\u00a0<\/strong>Totally.<\/p>\n<p><strong>AT: An example, though not entirely comparable because its language is more widespread, is Ja\u00e9n. A few years ago, that province began presenting \u201cJa\u00e9n en Julio\u201d in Madrid. It\u2019s a program featuring five very diverse festivals held in Ja\u00e9n. It\u2019s like Ja\u00e9n has embraced music as one of its core values\u2014music and olive oil.<\/strong><\/p>\n<p><strong>DS:\u00a0<\/strong>Let me add something here. In my opinion, Ja\u00e9n isn\u2019t the most touristy province in Andalusia. So, they must find ways to highlight what they do have. Olive oil, of course, brings in significant revenue. But they\u2019ve also identified festivals like Etnosur as attractions that draw large crowds, boosting tourism in the province. Unlike Almer\u00eda or Granada\u2019s tropical coast, Ja\u00e9n lacks beaches. And C\u00e1diz and Huelva have their coastal areas too. So, Ja\u00e9n focuses on what it can offer. I think that\u2019s fantastic because the music industry generates opportunities for other sectors. Hospitality, catering, technical services\u2014they all benefit. A music festival in Ja\u00e9n, for instance, likely provides significant income for many local people during those days.<\/p>\n<p><span style=\"font-family: open sans, helvetica neue, helvetica, arial, sans-serif;\"><strong>AT: A few years ago, I spoke with Pedro Melguizo, who ran Etnosur. They conducted a study and found that one-third of the annual revenue for many shops in Alcal\u00e1 la Real, the festival\u2019s location, came during Etnosur.<\/strong><\/span><\/p>\n<p><strong>DS:\u00a0<\/strong>That\u2019s a fascinating statistic.<\/p>\n<p><strong>AT: There should be more studies on the origins and impacts of festivals. It would be really interesting. You and I see the reason for certain things. We\u2019re both in Castilla-La Mancha\u2014a region with such cultural richness, yet challenges remain. I\u2019m an adopted member of this region, and my company is based here. It feels like we\u2019re still missing a step toward international recognition of intangible cultural assets. This region exports millions of bottles of wine and cheese to China, for example, but its non-material cultural exports&#8230;<\/strong><\/p>\n<p><strong>DS:\u00a0<\/strong>That\u2019s definitely an area for improvement. Speaking of music, this region doesn\u2019t receive the same political and economic support as others. You and I know this all too well. In performing arts, there\u2019s more unity, but not so much in music. Castilla-La Mancha is vast, with five provinces, each with its traditional music and groups representing their local styles. There\u2019s an incredible variety of musicians and artists here, not just in traditional music but across genres. Yet the administration doesn\u2019t prioritize it.<\/p>\n<p>We should demand political responsibility and insist that our industry be treated like others. Castilla-La Mancha consistently wins the best stand award at Fitur, thanks to its geographic position and proximity to Madrid. It\u2019s in the centre of the peninsula, making it a natural hub for international travel. While tourism is a focus, beyond monumental cities like Toledo and Cuenca, there\u2019s more to showcase. Beyond crafts, which are somewhat &#8220;favored&#8221; by the regional administration, we need to highlight performing arts and music.<\/p>\n<p><strong>AT: You mentioned, &#8220;being treated like other industries,&#8221; and it got me thinking about an area where I wouldn\u2019t want us to be treated the same. When I apply for internationalization grants, for example, I compete with large industries like Joma, the sports footwear and clothing manufacturer, under the same conditions. My company has been internationalized for several years, but I compete against those producing wine and consumer goods, not just cultural services. There doesn\u2019t seem to be a cultural policy that provides differentiated support. We\u2019re competing for resources in the same way as any other industry, even though we bring unique societal values. Sports shoes, as great as Joma\u2019s might be, can be made anywhere. What we export is unique and unparalleled globally. Also, most of our companies are micro-enterprises or individual freelancers. I\u2019d like to see us treated differently in this regard.<\/strong><\/p>\n<p><strong>DS:\u00a0<\/strong>Absolutely, we should be treated differently because the goals, starting points, and organizational structures are entirely different. Joma is a large company with many employees, logistics, and structures we simply don\u2019t have. Most importantly, what we offer are small gems. A sports shoe can be made in various ways, but what you, for instance, offer\u2014something very original and pure, like Vig\u00fcela\u2014is deeply specific, authentic, and unique to a province, region, or even a particular community.<\/p>\n<p>This is exactly what I mean when I say we need support. If we don\u2019t protect it, it will disappear. This intangible heritage of jotas, seguidillas, rhythms, and so forth\u2014this needs ongoing support.<\/p>\n<p><span style=\"font-family: open sans, helvetica neue, helvetica, arial, sans-serif;\"><strong>AT: Yes, it\u2019s truly a loss of cultural richness, and it will vanish. I don\u2019t believe there will be continuity after Vig\u00fcela.<\/strong><\/span><\/p>\n<p><strong>DS:\u00a0<\/strong>Neither do I. There may be reinterpretations or new approaches, but not the preservation of tradition in the way Vig\u00fcela maintains it.<\/p>\n<p><strong>AT: Let\u2019s move from the abstract and macroscopic to something more specific. You\u2019ve been working independently for quite a while now, having left the company you worked for. You decide which artists to work with. How do you choose them?<\/strong><\/p>\n<p><strong>DS:\u00a0<\/strong>There have been various circumstances. Sometimes, it\u2019s been very casual and magical\u2014like being at a festival in Denmark with another group and hearing something in the background. I\u2019d think, &#8220;That sounds like a tarantella. It reminds me of my time in Italy.&#8221; I\u2019d walk over, discover a group doing traditional Salento music with modern rhythms, see their live performance, and immediately know, &#8220;I want this for my country.&#8221; I&#8217;m talking about Kal\u00e0scima, a band I&#8217;ve been working with since that day in July 2014.<\/p>\n<p>First and foremost, it\u2019s about seeing a live performance. If I see a group live and they surprise me, I want them immediately. That\u2019s invaluable to me.<\/p>\n<p>Then there are moments when a piece of music hooks you unexpectedly\u2014a song or proposal grabs your attention, and you dive deeper, researching who manages them, what they\u2019re doing, and so on. It\u2019s about falling in love with the music.<\/p>\n<p>As a second point, there must be a personal connection beyond the professional one. I can\u2019t work with or represent a group unless there\u2019s a compatibility of personalities and shared goals. Ultimately, we work with people, and those values matter.<\/p>\n<p>&nbsp;<\/p>\n<table style=\"border-collapse: collapse; width: 100%;\">\n<tbody>\n<tr>\n<td style=\"width: 100%; background-color: #9c0505; text-align: center;\"><span style=\"color: #ffffff;\">Kal\u00e0scima is one of the artists with which David Sierra works for the bookings worldwide. I invite you to enjoy this live recording if you don&#8217;t know them yet:<\/span><\/p>\n<p><a class=\"\" title=\"Kala\u0300scima - Connections [live performance]\" href=\"https:\/\/www.youtube.com\/watch?v=e_5d4rAJDaY\" target=\"_blank\" rel=\"noopener\"><img decoding=\"async\" class=\"mcnImage\" src=\"https:\/\/mcusercontent.com\/993c677d53044839b1b39b2dc\/video_thumbnails_new\/c3c54dd60373bc653bd1833faadf6953.png\" alt=\"\" width=\"564\" \/><\/a><\/td>\n<\/tr>\n<\/tbody>\n<\/table>\n<p><span style=\"font-family: open sans, helvetica neue, helvetica, arial, sans-serif;\"><strong>AT: I agree. For me, it\u2019s crucial to align on how we approach the work. I want to dedicate myself fully, but I need the artist to match that commitment. Sometimes, I\u2019ve felt my dedication to them is strong, their dedication to themselves is strong, but their dedication to me is lacking.<\/strong><\/span><\/p>\n<p><strong>DS:\u00a0<\/strong>Exactly. That\u2019s something we all face at some point. Like in personal relationships, we sometimes make mistakes professionally. You might think, &#8220;This project has potential; I can take it far.&#8221; But then the artist places limits that don\u2019t align with your goals. For example, you plan an international strategy involving festivals, but the artist, for personal or ecological reasons, doesn\u2019t want to fly. That can significantly constrain your plans.<\/p>\n<p><strong>AT: Yes, and sometimes they don\u2019t realize the urgency of responding quickly to your needs. Our minds are constantly occupied with these matters. Sometimes inspiration strikes, and you have a great idea. You want feedback immediately but can\u2019t wait a day. There\u2019s an element of creativity and artistry on our side that I think isn\u2019t always understood. We need that spark of inspiration and for the artist to join us in capturing it. Do you feel that way?<\/strong><\/p>\n<p><strong>DS:\u00a0<\/strong>Absolutely, especially regarding immediacy. There are deadlines, whether for submitting a grant proposal or being considered for a festival. You need materials\u2014photos, recordings, and so on\u2014but the artist might not have high-quality content ready. It\u2019s frustrating to realize you can\u2019t move forward because of that.<\/p>\n<p><span style=\"font-family: open sans, helvetica neue, helvetica, arial, sans-serif;\"><strong>AT: Yes, or having to cobble something together, like recording a rehearsal just to have something.<\/strong><\/span><\/p>\n<p><strong>DS:\u00a0<\/strong>Exactly, makeshift solutions.<\/p>\n<p><strong>AT: What do you think are the most common mistakes artists make? You must get approached by artists daily, asking for your support. What recurring issues do you see, or how should they approach you differently?<\/strong><\/p>\n<p><strong>DS:\u00a0<\/strong>Linking this to what I mentioned earlier\u2014materials. When someone wants to present an artistic proposal, they must realize you need solid materials upfront. High-quality audiovisual content is essential, not just a studio recording, which is relatively easy to arrange. But, for example, a multi-camera recording of a live performance, a well-prepared artistic dossier with press references, high-quality photos, a technical rider, and a hospitality rider\u2014these basics are often missing.<\/p>\n<p>This lack often stems from not understanding the industry. Artists know how to execute their projects and are likely the best at doing so because it\u2019s their creation. But everything beyond the stage, outside the artist\u2019s creative realm, often falls short.<br \/>\nSo, the first major issue is the lack of quality materials. The second is a lack of understanding of the industry itself. We, as professionals, deal with administrations and festivals daily. We know how challenging it is to secure a spot in a festival lineup. But artists sometimes have an ego (in a positive sense) that leads them to believe their project is a perfect fit for a festival. They may not realize that 100 other projects are vying for the same spot.<\/p>\n<p>So, I think there\u2019s a lack of understanding of how a festival or a programming process works. There\u2019s a team behind it that has to put together a cohesive lineup, sometimes with a specific theme. Your project might not fit this year or even next. This can lead to frustration, with artists thinking, \u201cWe\u2019ve been trying to get into this festival for seven years, but I do flamenco, for example, and I\u2019m still not there.\u201d But it\u2019s all very relative.<\/p>\n<p><strong>AT: Exactly. I\u2019ve had moments where I don\u2019t know how to handle it. I try to be didactic when approached by artists. Sometimes, they even call me directly. I pick up the phone, not knowing who it is, and it\u2019s an artist asking for attention. It feels like they don\u2019t put themselves in our shoes\u2014they don\u2019t realize that when they approach us, they\u2019re asking us to dedicate our resources\u2026<\/strong><\/p>\n<p><strong>DS:\u00a0<\/strong>\u2026for free\u2026<\/p>\n<p><span style=\"font-family: open sans, helvetica neue, helvetica, arial, sans-serif;\"><strong>AT: \u2026and our time, with no immediate return, only the potential of maybe recovering something down the line.<\/strong><\/span><\/p>\n<p><strong>DS:\u00a0<\/strong>Exactly. In our line of work, we often start earning zero. Many times, we\u2019re the ones financing artists\u2019 careers. We\u2019re the ones investing in creating quality materials, drafting strong press kits, and contacting media outlets. We only start to recover some of that investment once we book a concert for the artist, whether at a theatre, festival, or elsewhere. Even then, it\u2019s based on a pre-agreed commission percentage. You\u2019d need to secure a significant number of bookings to recoup your investment. Often, artists\u2014though not all\u2014want to get everything while contributing very little financially.<\/p>\n<p><strong>AT: Or nothing at all. Many times, they want to contribute nothing. I think it\u2019s crucial for artists to read and understand this because I often feel like they believe I have a magic wand. They think I can just wave it and say, \u201cAh, yes, I like you; I\u2019ll place you here, here, and here.\u201d That\u2019s not how it works. They need to realize what they\u2019re asking of us. If an artist comes to me with only five subscribers on their YouTube channel after two years, they can\u2019t ask for anything. How dare you even contact me, especially if I don\u2019t know you, and demand my attention?<\/strong><\/p>\n<p><strong>DS:\u00a0<\/strong>And I\u2019m sure you\u2019ve experienced cases where they see your artist roster and say, \u201cWell, I\u2019m in line with what you do.\u201d And you think, \u201cNo, you\u2019re not in line.\u201d Musically, they might do something similar. But if your roster includes internationally established artists with professional trajectories, and then someone with five YouTube subscribers or 1,000 views in two years approaches you, that\u2019s not the profile you\u2019re looking for. Moreover, it could harm your work with the other, more professional artists you work with.<\/p>\n<p><span style=\"font-family: open sans, helvetica neue, helvetica, arial, sans-serif;\"><strong>AT: It\u2019s harmful in terms of opportunity cost. If I dedicate time to one artist, it\u2019s time I\u2019m taking away from others. Their request needs to be highly justified, and they must prove to me that they\u2019re investing in themselves, in me, and in the journey we\u2019ll do together. One of the main issues is that they ask me to do what they\u2019re not willing to do for themselves.<br \/>\nAnother question. What would you ask of the Three Kings as we approach Christmas, specifically in relation to your work?<\/strong><\/span><\/p>\n<p><strong>DS:\u00a0<\/strong>That self-employment fees are reduced, that the taxes we pay translate into better living standards, services, and healthcare\u2014beyond just my work. Professionally, I\u2019d ask for the dismantling of lobbies around certain festivals and power structures within the music industry. Let large music corporations stick to their domain and stop meddling in what we do, which is much more artisanal.<br \/>\nMost importantly, I\u2019d ask for recognition of what we do\u2014supporting very specific, challenging projects that are difficult to promote, export, and find a place for. At the very least, our work deserves to be valued.<\/p>\n<p><strong>AT: What advice would you give to someone starting in your line of work?<\/strong><\/p>\n<p><strong>DS:\u00a0<\/strong>Above all, have patience. This is a long-term career. From my perspective, after 15 years, I can say that success doesn\u2019t happen overnight. It requires investing countless hours daily. Everything comes in time, but you need to work consistently, believe in what you\u2019re doing, and present yourself authentically and naturally. Defend the project you\u2019re working on with passion and determination.<br \/>\nAlso, be open to advice from those around you who can guide and support you. Find allies along the way. In this profession, it\u2019s much easier to work with partners or friends who can exchange not just work but also conversations and knowledge. That\u2019s important.<\/p>\n<p><strong>AT: Perfect. We\u2019ve covered advice for musicians, professionals like us, and even politicians. We have something for anyone!\u00a0But I have two more questions before we wrap up. How would you define the type of music you work with, especially in relation to this next question: why do you think it deserves a place?<\/strong><\/p>\n<p><strong>DS:\u00a0<\/strong>Most of the music I work with stems from roots and tradition. I believe it deserves a place because it\u2019s part of our cultural DNA and identity as members of a community. This connection ties closely to where you\u2019re from. The majority of the artists I work with engage with the music of their birthplaces, where they grew up, and where they live.<\/p>\n<p>To me, this intangible heritage\u2014from pizzicas to field recordings and reinterpretations\u2014is crucial. The starting point for most of the artists I collaborate with is traditional music. Many of them draw inspiration from these traditions and integrate elements from other genres, like electronic music or visual and performance arts. But there\u2019s always a foundation in roots music.<\/p>\n<p>It\u2019s essential to value this music because it reflects where we come from and where we\u2019re going. We can\u2019t disconnect from the land.<\/p>\n<p><strong>AT: Anything else you\u2019d like to add?<\/strong><\/p>\n<p><strong>DS:\u00a0<\/strong>Just to thank the newsletter readers, you, dear Araceli, and to acknowledge that we\u2019re brave for doing what we do.<\/p>\n<table style=\"border-collapse: collapse; width: 100%;\">\n<tbody>\n<tr>\n<td style=\"width: 100%; background-color: #8f0909; text-align: center;\"><span style=\"font-family: 'open sans', 'helvetica neue', helvetica, arial, sans-serif; color: #ffffff;\">Sierra Contrataci\u00f3n Art\u00edstica works with La Jose. She participated in the last edition of La Voz (The Voice) and I really liked this performance of her. So, check it and, if you want to book her, contact David Sierra!!!\u00a0<\/span><\/p>\n<p><a class=\"\" title=\"La Jose canta &quot;Nostalgias&quot; | Directos | La Voz Antena 3 2024\" href=\"https:\/\/www.youtube.com\/watch?v=mRcDSb6eVoQ\" target=\"_blank\" rel=\"noopener\"><img decoding=\"async\" class=\"mcnImage\" src=\"https:\/\/mcusercontent.com\/993c677d53044839b1b39b2dc\/video_thumbnails_new\/e4210b5732e76d1c3d678f563d398651.png\" alt=\"\" width=\"564\" \/><\/a><\/td>\n<\/tr>\n<\/tbody>\n<\/table>\n<hr \/>\n<p>&nbsp;<\/p>\n<h2><strong><span style=\"color: #daa520;\">BRIEF NEWS FROM THE MEDIA, CHARTS AND SISTER PROJECTS\u00a0<\/span><\/strong><span style=\"color: #000000; font-family: open sans, helvetica neue, helvetica, arial, sans-serif;\"><img loading=\"lazy\" decoding=\"async\" class=\"alignright\" src=\"https:\/\/mcusercontent.com\/993c677d53044839b1b39b2dc\/images\/e032fb01-1481-4ae7-a53d-1b163dd4572c.jpg\" width=\"180\" height=\"180\" align=\"right\" data-file-id=\"4734514\" \/><\/span><\/h2>\n<hr \/>\n<p>\ud83d\udd38<span style=\"font-family: 'open sans', 'helvetica neue', helvetica, arial, sans-serif;\">#1\u00a0for\u00a0<a href=\"https:\/\/www.transglobalwmc.com\/charts\/november-2024-chart\/\" target=\"_blank\" rel=\"noopener\"><strong>Transglobal World Music Chart<\/strong> in December of\u00a02024<\/a>\u00a0is:\u00a0<em>Sweet Release<\/em>, by\u00a0Justin Adams &amp; Mauro Durante (Ponderosa Music)<\/span><\/p>\n<hr \/>\n<p>\ud83d\udd38<span style=\"font-family: 'open sans', 'helvetica neue', helvetica, arial, sans-serif;\"><strong><a href=\"https:\/\/mundofonias.com\/wp\/?p=8017\" target=\"_blank\" rel=\"noopener\">Mundofon\u00edas<\/a><\/strong>: the three favourite of the months are Andr\u00e9s Belmonte&#8217;s\u00a0<em>Gharb\u00ed\u00a0<\/em>(Segell Microscopi),\u00a0Alicia Svigals&#8217;\u00a0<em>Fidl afire<\/em>\u00a0(Borscht Beat)\u00a0and\u00a0<em>Super disco pirata: De Tepito para el mundo, 1965-1980 [V.A.]\u00a0<\/em>(Analog Africa)<\/span><\/p>\n<p><span style=\"color: #000000; font-family: open sans, helvetica neue, helvetica, arial, sans-serif;\"><img loading=\"lazy\" decoding=\"async\" class=\"aligncenter\" src=\"https:\/\/mcusercontent.com\/993c677d53044839b1b39b2dc\/images\/798c701e-c372-e441-081e-9aac2828c734.jpg\" width=\"731\" height=\"244\" align=\"center\" data-file-id=\"6063595\" \/><\/span><\/p>\n<hr \/>\n<p>\ud83d\udd38<span style=\"font-family: 'open sans', 'helvetica neue', helvetica, arial, sans-serif;\"><strong><a href=\"https:\/\/mundofonias.com\/wp\/?p=8017\" target=\"_blank\" rel=\"noopener\">Mundofon\u00edas<\/a><\/strong>: Favis of the year 2024. In random order:<\/span><\/p>\n<p><span style=\"font-family: 'open sans', 'helvetica neue', helvetica, arial, sans-serif;\">Polyph\u00e8me \/ Wassim Halal &amp; Gamelan Puspawarna &#8211; Le R\u00eave de Polyph\u00e8me &#8211; Pagans<\/span><\/p>\n<p><span style=\"font-family: 'open sans', 'helvetica neue', helvetica, arial, sans-serif;\">El Khat &#8211; Mute &#8211; Glitterbeat<\/span><\/p>\n<p><span style=\"font-family: 'open sans', 'helvetica neue', helvetica, arial, sans-serif;\">Jyotsna Srikanth &#8211; Carnatic Nomad &#8211; Naxos World<\/span><\/p>\n<p><span style=\"font-family: 'open sans', 'helvetica neue', helvetica, arial, sans-serif;\">Andr\u00e9s Belmonte &#8211; Gharb\u00ed &#8211; Segell Microscopi<\/span><\/p>\n<p><span style=\"font-family: 'open sans', 'helvetica neue', helvetica, arial, sans-serif;\">Bhutan Balladeers &#8211; Your Face Is Like the Moon, Your Eyes Are Stars &#8211; Glitterbeat<\/span><\/p>\n<p><span style=\"font-family: 'open sans', 'helvetica neue', helvetica, arial, sans-serif;\">Vig\u00fcela &#8211; We &#8211; Mapamundi M\u00fasica<\/span><\/p>\n<p><span style=\"font-family: 'open sans', 'helvetica neue', helvetica, arial, sans-serif;\">V.A.\u00b7 Super Disco Pirata: De Tepito para el Mundo 1965-1980 \u00b7 Analog Africa<\/span><\/p>\n<p><span style=\"font-family: 'open sans', 'helvetica neue', helvetica, arial, sans-serif;\">Lemon Bucket Orkestra &#8211; Cuckoo &#8211; Lemon Bucket Orkestra<\/span><\/p>\n<p><span style=\"font-family: 'open sans', 'helvetica neue', helvetica, arial, sans-serif;\">Ru\u015fan Filiztek &#8211; Exils &#8211; Accords Crois\u00e9s<\/span><\/p>\n<p><span style=\"font-family: 'open sans', 'helvetica neue', helvetica, arial, sans-serif;\">Bassekou Kouyate &amp; Amy Sacko &#8211; Djudjon, L\u2019Oiseau de Garana &#8211; One World<\/span><\/p>\n<p><span style=\"font-family: 'open sans', 'helvetica neue', helvetica, arial, sans-serif;\">Ali Do\u011fan G\u00f6n\u00fclta\u015f \u00b7 Keyey\u00ee \u00b7 Mapamundi M\u00fasica<\/span><\/p>\n<p><span style=\"font-family: 'open sans', 'helvetica neue', helvetica, arial, sans-serif;\">Quintet Bumbac &#8211; H\u00e9ritages &#8211; Collectif \u00c7ok Malko<\/span><\/p>\n<p><span style=\"font-family: 'open sans', 'helvetica neue', helvetica, arial, sans-serif;\">Petroloukas Halkias &amp; Vasilis Kostas &#8211; The Soul of Epirus Vol. II &#8211; Artway \/ Technotropon<\/span><\/p>\n<p><span style=\"font-family: 'open sans', 'helvetica neue', helvetica, arial, sans-serif;\">Tarek Abdallah &amp; Adel Shams El Din &#8211; Ousoul &#8211; Buda Musique<\/span><\/p>\n<p><span style=\"font-family: 'open sans', 'helvetica neue', helvetica, arial, sans-serif;\">Alicia Svigals &#8211; Fidl Afire &#8211; Borscht Beat<\/span><\/p>\n<p><span style=\"font-family: 'open sans', 'helvetica neue', helvetica, arial, sans-serif;\">Le Bour-Bodros &#8211; Daou Ribl &#8211; Paker Prod<\/span><\/p>\n<p><span style=\"font-family: 'open sans', 'helvetica neue', helvetica, arial, sans-serif;\">Hulb\u00e6kmo &amp; Jacobsen familieorkester &#8211; Rundsnurrknurr &#8211; Heilo<\/span><\/p>\n<p><span style=\"font-family: 'open sans', 'helvetica neue', helvetica, arial, sans-serif;\">V.A. &#8211; Merengue t\u00edpico, nueva generaci\u00f3n! &#8211; Les Disques Bongo Joe<\/span><\/p>\n<hr \/>\n<p><strong>\ud83d\udd38<a href=\"https:\/\/www.wmce.de\/the-year-2024.html\" target=\"_blank\" rel=\"noopener\"><span style=\"font-family: open sans, helvetica neue, helvetica, arial, sans-serif;\">World Music Charts Europe, chart of 2024<\/span><\/a><\/strong><\/p>\n<p><span style=\"font-family: 'open sans', 'helvetica neue', helvetica, arial, sans-serif;\">Their number 1 of the year is <strong>Aziza Brahim<\/strong>\u00a0with the \u00e1lbum\u00a0<em>Mawja\u00a0<\/em>(Glitterbeat). Click the line above to check all the chart. My\u00a0<strong>Ali Do\u011fan G\u00f6n\u00fclta\u015f<\/strong>&#8216;s second album,\u00a0<em>Keyey\u00ee<\/em>, is on the position #23 of the year. Yeah! And\u00a0<strong>Vig\u00fcela<\/strong>&#8216;s We is on the #35.\u00a0<\/span><\/p>\n<hr \/>\n<p><strong>\ud83d\udd38<img loading=\"lazy\" decoding=\"async\" class=\"alignright\" src=\"https:\/\/mcusercontent.com\/993c677d53044839b1b39b2dc\/images\/9096cfe3-a7c9-8a72-7a41-ff1108c9fb46.png\" width=\"253\" height=\"62\" align=\"right\" data-file-id=\"6029591\" \/><a href=\"https:\/\/www.limur.eu\/limur\/limur-2024-trimestre-4\/\" target=\"_blank\" rel=\"noopener\">LIM\u00faR<\/a><a href=\"https:\/\/www.limur.eu\/limur\/limur-2024-trimestre-4\/\">\u00a0(Iberian Roots Music Chart), last quarter of\u00a02024<\/a><\/strong><\/p>\n<div>\n<p>As Vig\u00fcela&#8217;s album is not elegible now, I voted again for this last chart. The #1 has been\u00a0Al Andaluz Project, with the album\u00a0<em>The songs of Iman Kandoussi<\/em>\u00a0(Galileo Music Communication), which is a compilation of the pieces sung by the Moroccan singer Iman Kandoussi, from the albums that the ensemble released previously.<\/p>\n<p>I&#8217;d like to highlight the album on #10, which is Andr\u00e9s Belmonte&#8217;s\u00a0<em>Gharb\u00ed\u00a0<\/em>(Segell Microscopi).<\/p>\n<\/div>\n<hr \/>\n<p><strong>\ud83d\udd38<a href=\"https:\/\/www.transglobalwmc.com\/2024s-inductees-into-the-transglobal-world-music-hall-of-fame\/\" target=\"_blank\" rel=\"noopener\"><span style=\"font-family: open sans, helvetica neue, helvetica, arial, sans-serif;\">Transglobal World Music Hall of Fame\u00a02024<\/span><\/a><\/strong><\/p>\n<div>The inductees this year have been:<\/div>\n<div>\n<table style=\"border-collapse: collapse; width: 100%;\">\n<tbody>\n<tr>\n<td style=\"width: 33.3333%; vertical-align: top;\"><strong>ARTIST<\/strong><\/p>\n<p>Martin Carthy<\/p>\n<p>Jyotsna Srikanth<\/p>\n<p>Petroloukas Halkias<\/p>\n<p>Hermeto\u00a0Pascoal<\/p>\n<p>Erik Marchand<\/td>\n<td style=\"width: 33.3333%; vertical-align: top;\"><strong>IN MEMORIAM<\/strong><\/p>\n<p>Toumani Diabate<\/p>\n<p>Mercedes Sosa<\/p>\n<p>Camar\u00f3n de la Isla<\/p>\n<p>Mohammad-Reza Shajarian<\/p>\n<p>Reinette l&#8217;Oranaise<\/td>\n<td style=\"width: 33.3333%; vertical-align: top;\"><strong>PROFESSIONAL EXCELLENCE<\/strong><\/p>\n<p>Percy Yip Tong<\/p>\n<p>Muziekpublique<\/p>\n<p>Simon Broughton<\/td>\n<\/tr>\n<\/tbody>\n<\/table>\n<\/div>\n<div><\/div>\n<div><\/div>\n<div><strong><img loading=\"lazy\" decoding=\"async\" class=\"alignleft\" src=\"https:\/\/mcusercontent.com\/993c677d53044839b1b39b2dc\/images\/00c1fa33-bffb-6f4a-8a3a-0c0cb925940b.png\" width=\"577\" height=\"575\" align=\"right\" data-file-id=\"6063597\" \/><\/strong><\/div>\n<div><\/div>\n<div><\/div>\n<div><\/div>\n<div><\/div>\n<div><\/div>\n<div><\/div>\n<div><\/div>\n<div><\/div>\n<div><\/div>\n<div><\/div>\n<div><\/div>\n<div><\/div>\n<p>&nbsp;<\/p>\n<p>&nbsp;<\/p>\n<p>&nbsp;<\/p>\n<p>&nbsp;<\/p>\n<p>&nbsp;<\/p>\n<p>&nbsp;<\/p>\n<p>&nbsp;<\/p>\n<p>&nbsp;<\/p>\n<p>&nbsp;<\/p>\n<hr \/>\n<h2><strong><span style=\"color: #daa520;\">A LITTLE BIT OF MINE<\/span><\/strong><\/h2>\n<div>\n<hr \/>\n<div>\n<p>\ud83d\udd38\u00a0<img loading=\"lazy\" decoding=\"async\" class=\"alignright\" src=\"https:\/\/mcusercontent.com\/993c677d53044839b1b39b2dc\/images\/3db37e9a-6f94-4883-6abd-4a612beb9d10.jpg\" width=\"300\" height=\"311\" data-file-id=\"6063598\" \/><span style=\"font-family: open sans, helvetica neue, helvetica, arial, sans-serif;\">My\u00a0<strong>Vig\u00fcela<\/strong>&#8216;s 10th album\u00a0<em>We\u00a0<\/em>has been selected by the magazine\u00a0<a href=\"https:\/\/www.mondosonoro.com\/blog-musica\/mejores-discos-flamenco-2024-nacional\/\" target=\"_blank\" rel=\"noopener\">Mondo Sonoro<\/a>\u00a0in the list of the best albums of flamenco and rooted music. I invite you to check the list and to listen to the other albums. I like specially the one by Tarta Relena.\u00a0<\/span><\/p>\n<p>\ud83d\udd38\u00a0<span style=\"font-family: open sans, helvetica neue, helvetica, arial, sans-serif;\">With\u00a0Ali Do\u011fan G\u00f6n\u00fclta\u015f\u00a0we made a list of some of his musical heroes, including a bio and a selected recording, with a comment. If you haven&#8217;t checked it yet, I invite you to discover them,\u00a0<a href=\"https:\/\/www.dropbox.com\/scl\/fi\/12tkv0mabog8ivmhc13bh\/Ali-Do-an-G-n-lta-Some-key-inspirations.pdf?rlkey=275qyfltv8tpinks0nsvoumce&amp;dl=0\" target=\"_blank\" rel=\"noopener\">here<\/a>. It was very useful for me as I learnt about some facts of the history and deepened in Ali&#8217;s fascinating cosmogony.\u00a0<\/span><\/p>\n<\/div>\n<div><\/div>\n<div><span style=\"font-family: open sans, helvetica neue, helvetica, arial, sans-serif;\"><img loading=\"lazy\" decoding=\"async\" class=\"aligncenter\" src=\"https:\/\/mcusercontent.com\/993c677d53044839b1b39b2dc\/images\/ec27c25e-bf5d-1a5d-866c-15e892ff4a1c.png\" width=\"520\" height=\"257\" align=\"center\" data-file-id=\"6063369\" \/><\/span><\/div>\n<\/div>\n<hr \/>\n<h3 style=\"text-align: center;\"><strong>Do you have a call of interest for our community that you want to share? Let me know asap<\/strong><\/h3>\n<hr \/>\n<h1><strong>OPEN CALLS\u00a0<\/strong><\/h1>\n<p>This section is open for news. It is free of charge. You can let me know if you have any open call\u00a0of relevance to the community.<\/p>\n<h4><strong>NEW CALLS IN THE NEWSLETTER:<\/strong><\/h4>\n<hr \/>\n<p>\ud83d\udd38<a href=\"https:\/\/www.soalivemusicconference.com\/\" target=\"_blank\" rel=\"noopener\">SoAlive Music Conference<\/a>.<br \/>\n<img loading=\"lazy\" decoding=\"async\" class=\"aligncenter\" src=\"https:\/\/mcusercontent.com\/993c677d53044839b1b39b2dc\/images\/aae94252-97c9-53bf-bb37-1a05805698c3.png\" width=\"560\" height=\"292\" align=\"center\" data-file-id=\"6063591\" \/><br \/>\n<strong>For artists of any genre, from the Balkans<\/strong>\u00a0(Albania, Bulgaria, Slovenia, Serbia, Kosovo, Greece, Bosnia and Herzegovina, Montenegro, Romania, North Macedonia, Turkey, Croatia).<\/p>\n<p>It will take place in Sofia, Bulgaria, 14-17 October 2025. The call for artists is open until 15th of February.\u00a0What do they offer:\u00a0<em>&#8220;As part of SoAlive 2025, you will perform in front of an audience that includes over 800 delegates from the music industry.<\/em>&#8221; They won&#8217;t pay any fee. They cover fixed travel reimbursement (specific details provided upon selection), catering during the event, Pro + accreditations for all band members and accommodation for the duration of the festival.<\/p>\n<p>How to apply? Please, check <a href=\"https:\/\/www.soalivemusicconference.com\/\" target=\"_blank\" rel=\"noopener\" data-cke-saved-href=\"https:\/\/www.soalivemusicconference.com\/\">their website<\/a> after Christmas time for the procedure.<\/p>\n<hr \/>\n<p><img loading=\"lazy\" decoding=\"async\" class=\"alignright\" src=\"https:\/\/mcusercontent.com\/993c677d53044839b1b39b2dc\/images\/f256221d-7434-2849-fdbc-1c1a4f75eaef.png\" width=\"215\" height=\"93\" align=\"right\" data-file-id=\"6063594\" \/>\ud83d\udd38<a href=\"https:\/\/circulart.org\/2024\/artistas-y-agencias\/\" target=\"_blank\" rel=\"noopener\"><strong>Circulart<\/strong><\/a><br \/>\nThe call is open for artists\/bands, agencies and labels,\u00a0<strong>Colombian or settled in Colombia\u00a0or from the &#8220;Iberoamerican common cultural space&#8221;<\/strong>. Until 28th of January.\u00a0All the details are\u00a0<a href=\"https:\/\/circulart.org\/2024\/artistas-y-agencias\/\" target=\"_blank\" rel=\"noopener\">on the website<\/a>\u00a0(Spanish).<\/p>\n<p>In 2025 it will have its 16th edition. The event will take place from 12th to 14th of June in Medellin, Colombia. It includes showcases and a digital networking platform.<\/p>\n<hr \/>\n<h4><strong>THESE CALLS WERE IN THE NEWSLETTER IN THE PREVIOUS EDITION:<\/strong><\/h4>\n<p><span style=\"font-family: open sans, helvetica neue, helvetica, arial, sans-serif;\"><strong>\ud83d\udd39Babel Music XP<\/strong><\/span><\/p>\n<p>They have announced the\u00a0<strong>artistic selection<\/strong>\u00a0for 2025 and you can check it\u00a0<a href=\"https:\/\/babelmusicxp.com\/selection-2025\/?\" target=\"_blank\" rel=\"noopener\">here<\/a>.<\/p>\n<p><a href=\"https:\/\/babelmusicxp.com\/\" target=\"_blank\" rel=\"noopener\">Babel Music XP<\/a>, which will take place\u00a0from 20 to 22 March 2025 in Marseille has open the\u00a0<a href=\"https:\/\/babelmusicxp.com\/en\/accreditations\/\" target=\"_blank\" rel=\"noopener\">accreditations<\/a>\u00a0(the early rate is right now in\u00a0132,60 euros)\u00a0and the booking of\u00a0<a href=\"https:\/\/babelmusicxp.com\/en\/stands\/\" target=\"_blank\" rel=\"noopener\">stands<\/a>\u00a0(early rate, price from\u00a0\u20ac550 excl. TVA).<br \/>\n<img loading=\"lazy\" decoding=\"async\" class=\"aligncenter\" src=\"https:\/\/mcusercontent.com\/993c677d53044839b1b39b2dc\/images\/3e9837a0-7ffe-42da-b710-422b29c8bc47.png\" width=\"560\" height=\"75\" align=\"center\" data-file-id=\"6062366\" \/><\/p>\n<div>\n<hr \/>\n<div>\n<p><span style=\"font-family: open sans, helvetica neue, helvetica, arial, sans-serif;\"><strong>\ud83d\udd39Fira Mediterr\u00e0nia de Manresa\u00a0<\/strong><\/span><\/p>\n<p><strong><img loading=\"lazy\" decoding=\"async\" class=\"alignright\" src=\"https:\/\/mcusercontent.com\/993c677d53044839b1b39b2dc\/images\/9819ab98-fd96-4a26-663c-b8777b3d91c7.jpg\" width=\"243\" height=\"115\" align=\"right\" data-file-id=\"6063607\" data-cke-saved-src=\"https:\/\/mcusercontent.com\/993c677d53044839b1b39b2dc\/images\/9819ab98-fd96-4a26-663c-b8777b3d91c7.jpg\" \/><\/strong>The 28th edition of the Fira Mediterr\u00e0nia will take place in Manresa from 9 to 12 October 2025.<\/p>\n<\/div>\n<\/div>\n<p>\ud83d\udd38<strong>Who is it for?\u00a0<\/strong><br \/>\n<em>&#8220;Music, performing or street art, folk culture and association-related proposals that are based on traditional roots as a driver of creativity and speak to us in the present.&#8221;<\/em><br \/>\nNote also that:<\/p>\n<p><em>&#8220;The programme of Fira Mediterr\u00e0nia is divided into three main itineraries:<\/em><\/p>\n<ul>\n<li><em>Music, featuring the\u00a0world music and traditional roots music scenes.<\/em><\/li>\n<li><em>Dance, with a dynamic perspective on traditional roots and folk culture.<\/em><\/li>\n<li><em>Memory, llegacy and oral storytelling, with performance and outdoor arts offerings, particularly theatre and circus, which draw on folk culture.&#8221;<\/em><\/li>\n<\/ul>\n<p>\ud83d\udd38<strong>How to apply?\u00a0<\/strong><br \/>\nThe application is free and you can do it through\u00a0<a href=\"https:\/\/app.firamediterrania.cat\/login\" target=\"_blank\" rel=\"noopener\">the website<\/a>. Deadline:\u00a0Thursday 23 January 2025 at 12.00 a.m. CET.<\/p>\n<p>\ud83d\udd38<strong>To learn more:<\/strong><br \/>\n<em>&#8220;Fira, as a performing arts fair attended by sector professionals (1,140 registered delegates), will agree a financial contribution with companies and groups.&#8221;<\/em>\u00a0Check all the conditions, on the\u00a0<a href=\"https:\/\/budapestritmo.hu\/en\/showcase\/\" target=\"_blank\" rel=\"noopener\">official website<\/a>.<\/p>\n<div>\n<hr \/>\n<div>\n<p><span style=\"font-family: open sans, helvetica neue, helvetica, arial, sans-serif;\"><strong>\ud83d\udd39<\/strong><\/span><strong>FolkHerbst<\/strong><strong>\u00a0<\/strong><\/p>\n<p><strong><img loading=\"lazy\" decoding=\"async\" class=\"alignright\" src=\"https:\/\/mcusercontent.com\/993c677d53044839b1b39b2dc\/images\/2689c5c7-660c-7fc1-2a42-2b0735d6473c.png\" width=\"353\" height=\"189\" data-file-id=\"6060426\" \/><\/strong>&#8220;The FolkHerbst is a series of music events, as a result of which the only European folk music award in Germany, the Eiserner Eversteiner, has been awarded since 1992. [&#8230;] The single \u201ccompetition\u201c concerts take place from the end of September to the end of November.&#8221;<\/p>\n<\/div>\n<\/div>\n<p>\ud83d\udd38<strong>Who is it for?\u00a0<\/strong><br \/>\nParticipating artists must have their\u00a0<strong>residence in Europe<\/strong>.<br \/>\nThey must engage with\u00a0<strong>folk music in the broadest sense<\/strong>\u00a0in their musical performances &#8211; everything from traditional to crossover is welcome.<br \/>\nIn case of a nomination for the Eversteiner award, FolkHerbst participants need to keep the award &#8211; ceremony date available (31.01.26).<br \/>\n\ud83d\udd38<strong>How to apply?\u00a0<\/strong><br \/>\nApplications must be submitted informally by email to kultur@malzhaus.de by January 15, 2025. Send 3 music pieces (preferably videos in good quality, preferably live), along with a press text and a press photo.<br \/>\n\ud83d\udd38<strong>To learn more:<\/strong><br \/>\nThe official document I have received from Christian Dressel is\u00a0<a href=\"https:\/\/www.dropbox.com\/scl\/fi\/1wsoexhcomncp5fsajevt\/Ausschreibung-2025-english.pdf?rlkey=qzbk9yyi7bylpef9flhyrfw18&amp;dl=0\" target=\"_blank\" rel=\"noopener\">this one<\/a>.<\/p>\n<p>&nbsp;<\/p>\n<hr \/>\n<p>&nbsp;<\/p>\n<h2><span style=\"color: #daa520;\"><strong>MEET ME AT<\/strong><\/span><\/h2>\n<ul>\n<li><strong>27-29 of January, Brussels<\/strong>.\u00a0Flanders Folk Music Awards (the performances will be by\u00a0Snaarmaarwaar, BLIET, and Bamako Express)\u00a0and Belgian Worldwide Music Night (with performances by Ga\u00efsha, NENA, Soledad Kalza &amp; Sina Kienou, and Peixe e Lim\u00e3o).<\/li>\n<li><strong>20-22\u00a0of March, Marseille<\/strong>.\u00a0Babel Music XP.<\/li>\n<\/ul>\n<p style=\"text-align: center;\"><span style=\"font-size: 10pt;\">This flyer is from the\u00a0<a href=\"https:\/\/www.facebook.com\/events\/609836798098414\/?acontext=%7B%22event_action_history%22%3A[]%7D\" target=\"_blank\" rel=\"noopener\">event of the Belgian World Music Night on Facebook<\/a>.<\/span><br \/>\n<img loading=\"lazy\" decoding=\"async\" class=\"aligncenter\" src=\"https:\/\/mcusercontent.com\/993c677d53044839b1b39b2dc\/images\/e28a707c-e020-f5c5-c1bd-ef3a9a32d267.jpg\" width=\"767\" height=\"433\" align=\"center\" data-file-id=\"6063606\" \/><\/p>\n<p>&nbsp;<\/p>\n<p>&nbsp;<\/p>\n<p>&nbsp;<\/p>","protected":false},"excerpt":{"rendered":"<p>Summary\u00a0\ud83d\udc47\u00a0 Editorial In depth with David Sierra, from Sierra Contrataci\u00f3n Art\u00edstica (Spain) Brief news from the\u00a0media, charts and sister projects Transglobal World Music Chart &amp; Hall of Fame, Mundofon\u00edas favorites of the month and the year, World Music Charts Europe best of 2024, LIM\u00faR 4th quarter of 2024. A little bit of mine Open calls: [&hellip;]<\/p>\n","protected":false},"author":1,"featured_media":0,"comment_status":"closed","ping_status":"open","sticky":false,"template":"","format":"standard","meta":{"footnotes":""},"categories":[19],"tags":[],"class_list":["post-3720","post","type-post","status-publish","format-standard","hentry","category-newsletter"],"_links":{"self":[{"href":"https:\/\/www.mapamundimusica.com\/en\/wp-json\/wp\/v2\/posts\/3720","targetHints":{"allow":["GET"]}}],"collection":[{"href":"https:\/\/www.mapamundimusica.com\/en\/wp-json\/wp\/v2\/posts"}],"about":[{"href":"https:\/\/www.mapamundimusica.com\/en\/wp-json\/wp\/v2\/types\/post"}],"author":[{"embeddable":true,"href":"https:\/\/www.mapamundimusica.com\/en\/wp-json\/wp\/v2\/users\/1"}],"replies":[{"embeddable":true,"href":"https:\/\/www.mapamundimusica.com\/en\/wp-json\/wp\/v2\/comments?post=3720"}],"version-history":[{"count":13,"href":"https:\/\/www.mapamundimusica.com\/en\/wp-json\/wp\/v2\/posts\/3720\/revisions"}],"predecessor-version":[{"id":3734,"href":"https:\/\/www.mapamundimusica.com\/en\/wp-json\/wp\/v2\/posts\/3720\/revisions\/3734"}],"wp:attachment":[{"href":"https:\/\/www.mapamundimusica.com\/en\/wp-json\/wp\/v2\/media?parent=3720"}],"wp:term":[{"taxonomy":"category","embeddable":true,"href":"https:\/\/www.mapamundimusica.com\/en\/wp-json\/wp\/v2\/categories?post=3720"},{"taxonomy":"post_tag","embeddable":true,"href":"https:\/\/www.mapamundimusica.com\/en\/wp-json\/wp\/v2\/tags?post=3720"}],"curies":[{"name":"wp","href":"https:\/\/api.w.org\/{rel}","templated":true}]}}