{"id":3708,"date":"2024-11-29T18:40:29","date_gmt":"2024-11-29T17:40:29","guid":{"rendered":"https:\/\/www.mapamundimusica.com\/?p=3708"},"modified":"2024-11-30T15:18:39","modified_gmt":"2024-11-30T14:18:39","slug":"november-24-talks-with-sharaf-darzaid-popular-art-center-palestine-and-hassan-elammouri-arteganza-foundation-netherlands-and-77","status":"publish","type":"post","link":"https:\/\/www.mapamundimusica.com\/en\/newsletter\/november-24-talks-with-sharaf-darzaid-popular-art-center-palestine-and-hassan-elammouri-arteganza-foundation-netherlands-and-77\/","title":{"rendered":"November 24. Talks with Sharaf DarZaid (Popular Art Center, Palestine) and Hassan Elammouri (ArteGanza Foundation, Netherlands) and + #77"},"content":{"rendered":"<p><\/p>\n<h2><span style=\"font-size: 14pt;\"><span style=\"font-family: open sans, helvetica neue, helvetica, arial, sans-serif;\"><strong>Summary\u00a0\ud83d\udc47<\/strong><\/span><span style=\"color: #ffffff; font-family: open sans, helvetica neue, helvetica, arial, sans-serif;\">\u00a0<\/span><\/span><\/h2>\n<ul>\n<li><span style=\"font-family: arial, helvetica, sans-serif; font-size: 12pt;\">Editorial<\/span>\n<ul>\n<li><span style=\"font-family: arial, helvetica, sans-serif; font-size: 12pt;\">Highlights of Mundial Montreal<\/span><\/li>\n<li><span style=\"font-family: arial, helvetica, sans-serif; font-size: 12pt;\">Ageism in music<\/span><\/li>\n<\/ul>\n<\/li>\n<li><span style=\"font-size: 12pt; font-family: arial, helvetica, sans-serif;\">In depth with\u00a0Hassan Elammouri,\u00a0from\u00a0ArteGanza Foundation\u00a0(The Netherlands)<\/span><\/li>\n<li><span style=\"font-size: 12pt; font-family: arial, helvetica, sans-serif;\">Talk with\u00a0Sharaf DarZaid\u00a0from the\u00a0Popular Art Center (Ramallah, Palestine)<\/span><\/li>\n<li><span style=\"font-size: 12pt; font-family: arial, helvetica, sans-serif;\">Brief news from the media, charts and sister projects<\/span><\/li>\n<li><span style=\"font-size: 12pt; font-family: arial, helvetica, sans-serif;\">A little bit of mine<\/span><\/li>\n<li><span style=\"font-size: 12pt; font-family: arial, helvetica, sans-serif;\">Open calls: Fira Mediterr\u00e0nia de Manresa, Budapest Ritmo, Folkherbts, and coming soon, SoAlive &#8211; BabelMusic XP opened the accreditations<\/span><\/li>\n<li><span style=\"font-size: 12pt; font-family: arial, helvetica, sans-serif;\">Meet me at\u00a0\u2708\ufe0f<\/span><\/li>\n<\/ul>\n<hr \/>\n<p>&nbsp;<\/p>\n<p style=\"text-align: center;\"><a class=\"mcnButton \" title=\" \u27a1\ufe0f This is the button for subscription \" href=\"https:\/\/mailchi.mp\/892ba551b707\/mapamundi-general\" target=\"_blank\" rel=\"noopener\">\u27a1\ufe0f This is the link for subscription<\/a><\/p>\n<table style=\"width: 100%;\" border=\"0\" cellspacing=\"0\" cellpadding=\"0\" align=\"left\">\n<tbody>\n<tr>\n<td class=\"mcnShareIconContent\" style=\"width: 7.63052%;\" align=\"center\" valign=\"middle\" width=\"24\"><a href=\"https:\/\/us13.forward-to-friend.com\/forward?u=993c677d53044839b1b39b2dc&amp;id=65d92e8ba0&amp;e=[UNIQID]\" target=\"_blank\" rel=\"noopener\"><img loading=\"lazy\" decoding=\"async\" class=\"\" src=\"https:\/\/cdn-images.mailchimp.com\/icons\/social-block-v2\/dark-forwardtofriend-48.png\" alt=\"If you like this content, forward it \u2b05\ufe0f\" width=\"37\" height=\"37\" \/><\/a><\/td>\n<td class=\"mcnShareTextContent\" style=\"width: 92.2691%;\" align=\"left\" valign=\"middle\"><a href=\"https:\/\/us13.forward-to-friend.com\/forward?u=993c677d53044839b1b39b2dc&amp;id=65d92e8ba0&amp;e=[UNIQID]\" target=\"\" rel=\"noopener\">If you like this content, forward it \u2b05\ufe0f<\/a><\/td>\n<\/tr>\n<\/tbody>\n<\/table>\n<p>&nbsp;<\/p>\n<p><strong>Hello, <\/strong><strong>how are you?<\/strong><\/p>\n<p><img decoding=\"async\" class=\"alignright\" src=\"https:\/\/mcusercontent.com\/993c677d53044839b1b39b2dc\/images\/723b228e-88e7-add4-2593-77eafcf7e50d.jpeg\" width=\"200\" align=\"right\" data-file-id=\"6062367\" \/>I hope well. I\u2019m doing well, although I can\u2019t stop being shocked by the political situation in my country. After all the awful things we\u2019ve seen following the floods, there\u2019s now a series of terrible corruption scandals. And when I look at the world, I feel like crawling under my bed and never coming out. But anyway&#8230;<\/p>\n<p>The photo is from Montreal, where I was last week for Mundial Montreal. I truly enjoyed it, getting to see performances like those of\u00a0<strong>Nimkii and the Niniis<\/strong>\u00a0or the magnificent\u00a0<strong>Due Perse-Inca<\/strong>, along with plenty of great conversations (the speed meetings with music supervisors in the frame of M from Montreal was another highlight) and walking all over the city. I was very lucky with the weather.<\/p>\n<p>Now, I\u2019ll spend a couple of months without business trips and will focus on booking concerts and refining work processes and strategy. Yes, in case anyone didn\u2019t know, I don\u2019t make a living writing this newsletter\u2014I\u2019m a manager and agent for musicians!<\/p>\n<p>I\u2019m really excited about the work for the next weeks, especially considering how the year has gone and what I foresee for 2025. For example, the new album from\u00a0<strong>Hudaki Village Band<\/strong>. On that note, I posted a question yesterday on my Facebook page, which I\u2019d like to share here and invite you to participate in. You can find it\u00a0<a href=\"https:\/\/www.facebook.com\/aracelitzigane\/posts\/pfbid0fcGyNAE6Q2mrsqEmAzQPK7jUvBep6QtPxqSynDmMtXYv9BLWrC6tG7fmJsKid2wYl\" target=\"_blank\" rel=\"noopener\">here<\/a>\u00a0and it says:<\/p>\n<p style=\"padding-left: 40px;\"><em>&#8220;I have a question for my colleagues working in the field of music. I see many festivals with the objective of increasing diversity in their lineups, and they mention things like gender, the presence of LGTBIQ+ people, people with disabilities, races&#8230; but I rarely see any claim about the diversity of ages (especially related to having older people). And I think that ageism is one of the biggest sources of discrimination in the field of music. What do you think?&#8221;<\/em><\/p>\n<p><img loading=\"lazy\" decoding=\"async\" class=\"alignright\" src=\"https:\/\/mcusercontent.com\/993c677d53044839b1b39b2dc\/_compresseds\/6be8848b-b661-6a51-bd7d-de8e84f4942f.jpg\" width=\"200\" height=\"300\" data-file-id=\"6062369\" \/>With Hudaki and with Vig\u00fcela I feel something in common. They are the last ones doing what they are doing. And right now, I think no one else is doing what they are doing.\u00a0But as Juan Antonio Torres (on the picture) from Vig\u00fcela says, Aunt Marina la Chamarreta, from whom he learned so much, has passed away, and nothing has changed\u2014the music continues, and music is music, and the melodies will stay. Those who want to learn it can do so, and those who don\u2019t, simply won\u2019t. I believe that if this is lost, we will be a little poorer. Juan Antonio agrees on this. It is sad that we will leave the art go.\u00a0He has just told me that that it&#8217;s a shame that acorn-fed hams are no longer cured, and we settle for standard cured ham instead.\u00a0I hope the metaphor is clear.\u00a0And probably Sharaf DarZaid, one of the protagonists of this edition, thinks the same way we do.<\/p>\n<p>My other protagonist today has shared some ideas that are a true lesson for anyone interested in organizing concerts\u2014among many other things. He is Hassan Elammouri, founder of ArteGanza, and the interview is absolutely fascinating. Beyond this insight, we also get a glimpse into his life, and I personally feel quite connected to some aspects of it. I hope it moves you as well.<\/p>\n<p>&nbsp;<\/p>\n<div style=\"text-align: center;\"><strong>Remember: if you have any news of interest for our community, let me know. Thank you very much for your attention.<\/strong><\/div>\n<div style=\"text-align: center;\">Araceli Tzigane | Mapamundi M\u00fasica\u00a0|<strong>\u00a0+34 676\u00a030 28 82\u00a0<\/strong><\/div>\n<p>&nbsp;<\/p>\n<hr \/>\n<p>&nbsp;<\/p>\n<h1><span style=\"font-size: 18pt;\"><strong><span style=\"color: #daa520;\">AND NOW THE FLOOR IS FOR:<\/span><\/strong><\/span><\/h1>\n<h1><strong><span style=\"color: #daa520;\">HASSAN ELAMMOURI, FOUNDER OF ARTEGANZA FOUNDATION<\/span><\/strong><\/h1>\n<div>\n<p><span style=\"font-family: open sans, helvetica neue, helvetica, arial, sans-serif;\"><strong><img loading=\"lazy\" decoding=\"async\" class=\"alignright\" src=\"https:\/\/mcusercontent.com\/993c677d53044839b1b39b2dc\/images\/86cdc244-9052-187c-32e7-213a4f1f76cd.jpg\" width=\"280\" height=\"280\" data-file-id=\"6062350\" \/><span style=\"color: #008080;\">I knew about Hassan Elammouri this past May in Nijmegen, The Netherlands, during the\u00a0<em>Music Meeting<\/em>\u00a0festival, which I visited because of the Ali Do\u011fan G\u00f6n\u00fclta\u015f\u2019s performance. By the way, the festival won the\u00a0<em>UPBEAT Future Festival Award<\/em>, and the prize was presented at the recent edition of WOMEX in Manchester. You can find more details\u00a0<a style=\"color: #008080;\" href=\"https:\/\/upbeat-platform.eu\/2024\/09\/music-meeting-wins-upbeat-future-festival-award\/\" target=\"_blank\" rel=\"noopener\">here<\/a>.<\/span><\/strong><\/span><\/p>\n<p><span style=\"color: #008080;\">However, Hassan and I didn\u2019t meet at Ali&#8217;s concert. After the performance, Ali told me about a Moroccan man who had a festival and who had congratulated him on his show. I immediately looked into it and found him\u2014Hassan Elammouri, founder of\u00a0<a style=\"color: #008080;\" href=\"https:\/\/arteganza.nl\/\" target=\"_blank\" rel=\"noopener\">ArteGanza Foundation<\/a>\u00a0and director of the\u00a0<a style=\"color: #008080;\" href=\"https:\/\/musica-mundo.com\/\" target=\"_blank\" rel=\"noopener\"><em>Musica Mundo Festival<\/em><\/a>.<\/span><\/p>\n<p><span style=\"color: #008080;\">Coincidentally, he founded ArteGanza the same year Mapamundi M\u00fasica was established.\u00a0Our similarities don\u2019t end there. In our communications from afar, I believe we\u2019ve recognized shared values in our approach to working with music. This inspired me to learn more about him and share his voice with the readers of this newsletter, an idea he welcomed with generosity.<\/span><\/p>\n<p><span style=\"color: #008080;\"><strong><a style=\"color: #008080;\" href=\"https:\/\/arteganza.nl\/over-ons\/14\" target=\"_blank\" rel=\"noopener\"><img loading=\"lazy\" decoding=\"async\" src=\"https:\/\/mcusercontent.com\/993c677d53044839b1b39b2dc\/images\/eee01571-48d9-3818-f52e-203d5e2e674d.png\" width=\"270\" height=\"84\" align=\"right\" data-file-id=\"6062348\" \/><\/a>About ArteGanza, I will make a summary of some content from\u00a0<a style=\"color: #008080;\" href=\"https:\/\/arteganza.nl\/over-ons\/\" target=\"_blank\" rel=\"noopener\">their website<\/a>:<\/strong><\/span><\/p>\n<p><span style=\"color: #008080;\">Founded in 2007, ArteGanza is led by a team with culturally diverse backgrounds and uses global performing arts to connect people from different cultures. The organization hosts theater concerts and a major festival, focusing on emerging artists often overlooked by mainstream programming. ArteGanza acts as a springboard for these artists, helping them reach larger stages across the Netherlands. It also inspires broader cultural programming of non-Western art forms by providing expertise and access to international networks.<\/span><\/p>\n<p><span style=\"color: #008080;\">Since 2018, the Musica Mundo Festival highlights world music in summer, complemented by the Musica Mundo Series of concerts in spring and fall.<\/span><\/p>\n<p><span style=\"color: #008080;\">Without further ado, here is the conversation with Hassan.<\/span><\/p>\n<hr \/>\n<p><span style=\"font-family: 'open sans', 'helvetica neue', helvetica, arial, sans-serif; color: #993300;\"><strong>Araceli Tzigane: Why do you work with music?<\/strong><\/span><\/p>\n<p><strong>Hassan Elammouri:\u00a0<\/strong>Music touches something deeper within us; it is a language beyond words. For many who work with it, it offers a unique way to express feelings, experiences and ideas that are difficult to put into words. The deep motivation for making music can vary, but usually it comes down to the desire to connect &#8211; with others and with oneself.<\/p>\n<p>Many musicians feel a strong need to express themselves and share their emotions. Music gives them an outlet to turn everything they are feeling and experiencing into something that can touch others as well. It is almost a spiritual urge to create something that gives meaning, not only to themselves, but also to others. In addition, it offers an almost magical form of freedom and creativity in which they can explore and express their personal truth.<\/p>\n<p>Some are also driven by the desire to tell stories, to give hope, or even to inspire others. Music can bring comfort, strength and joy, and for many musicians, the idea that they can have a positive impact on others is a huge motivation. The idea that a song can improve someone&#8217;s day, provide comfort during difficult times or simply inspire a sense of joy makes the work worthwhile for them.<\/p>\n<p>In short, music acts as a bridge &#8211; a way to connect with others and themselves in a deeper way. It is a search for meaning, and a way to make the invisible visible,<\/p>\n<p><span style=\"font-family: 'open sans', 'helvetica neue', helvetica, arial, sans-serif; color: #993300;\"><strong>AT:\u00a0Which is your personal background? Where were you born and where have you lived?\u00a0<\/strong><\/span><\/p>\n<p><strong>HE:\u00a0<\/strong><span style=\"font-family: open sans, helvetica neue, helvetica, arial, sans-serif;\">I was born and raised in Morocco. I lived and studied in my city of Fes. At the beginning of my 19th year, I left for the Netherlands to continue my studies. I completed my studies in Amsterdam and stayed in the Netherlands<\/span><\/p>\n<p>I studied Arabic and English literature. Later I did administrative studies and worked at the municipality of my city of Amersfoort. Besides my studies, I was always busy with music, theatre and art. At the end of 2007, I established my foundation ArteGanza. The intention was to create a home for world cultures, art and creation. Thus we are engaged in initiating, developing, programming, organizing and distributing various art forms.<\/p>\n<\/div>\n<p><span style=\"font-family: 'open sans', 'helvetica neue', helvetica, arial, sans-serif; color: #993300;\"><strong>AT: Why did you stay\u00a0in The Netherlands?<\/strong><\/span><\/p>\n<p><strong>HE:\u00a0<\/strong>Netherlands was my home land. That\u2019s all.<\/p>\n<p><span style=\"font-family: 'open sans', 'helvetica neue', helvetica, arial, sans-serif; color: #993300;\"><strong>AT:\u00a0How did you start to have any activities related to music?\u00a0<\/strong><\/span><\/p>\n<p><strong>HE:\u00a0<\/strong>Starting with music often begins with a small spark \u2014 a song that sticks, a melody that inspires, or even a particular feeling that comes when hearing certain sounds. For many, this initial pull to music happens early, perhaps through family, school, or friends. Maybe someone grew up in a musical household where instruments were always around, or they had a teacher who encouraged them to sing or play. For others, it\u2019s the pure joy they felt when singing along with their favorite songs or the curiosity that led them to pick up an instrument.<\/p>\n<p>Learning an instrument, joining a choir, or taking music classes are common first steps. Sometimes it&#8217;s as simple as playing around with the family piano, a friend\u2019s guitar, or even learning basic production software on a computer. These small activities build confidence and skill over time, encouraging a deeper dive into music.<\/p>\n<p>As interests grow, people often start experimenting with creating music, forming bands, or recording their first songs. Maybe they start attending more concerts, discovering new genres, or connecting with others who share the same passion. These experiences \u2014 playing music, listening to it, or sharing it with others \u2014 create a pathway from curiosity to genuine involvement, setting the stage for music to become an integral part of their life.<\/p>\n<p><span style=\"color: #993300;\"><strong>AT: Your foundation is called ArteGanza. What does it mean?\u00a0<\/strong><\/span><\/p>\n<p><strong>HE:\u00a0<\/strong>The name ArteGanza is a blend of the words arte (which means &#8220;art&#8221; in several languages, including Italian and Spanish) and extravaganza (which implies a grand, lavish event or celebration). Together, ArteGanza suggests a vibrant celebration of art and culture, highlighting creativity and diversity.<br \/>\nThe foundation likely aims to promote the arts in an inclusive and inspiring way, celebrating various forms of artistic expression \u2014 from music and dance to visual arts and more. The name itself communicates a mission of bringing people together through the power of art, creating spaces where creativity is celebrated on a grand, engaging scale.<\/p>\n<p><span style=\"font-family: 'open sans', 'helvetica neue', helvetica, arial, sans-serif; color: #993300;\"><strong>AT: Which is your team in ArteGanza?\u00a0<\/strong><\/span><\/p>\n<p><strong>HE:\u00a0<\/strong>My organizational team consists of several people.\u00a0First of all, I have a board of four people: the president, secretary, treasurer and two more general board members.\u00a0There are also two colleagues who deal with grant applications, communications and more.<\/p>\n<p>In terms of execution, we have a producer who deals with preparations on all fronts (think contact with the artists, technique, permits with the local government, scheduling of volunteers, etc&#8230;).\u00a0We have an enthusiastic volunteer coordinator and volunteer team with diverse backgrounds consisting of 20 permanent members.<\/p>\n<p>Last but not least, I hold the position of the general and artistic director. I deal with programming and also managing the organization. I am a proponent of a platform organization. It works and communicates easily and decisions made (in advance) are implemented quickly.<\/p>\n<p><span style=\"font-family: open sans, helvetica neue, helvetica, arial, sans-serif;\"><strong><a href=\"https:\/\/musica-mundo.com\/\" target=\"_blank\" rel=\"noopener\"><img loading=\"lazy\" decoding=\"async\" class=\"aligncenter\" src=\"https:\/\/mcusercontent.com\/993c677d53044839b1b39b2dc\/images\/7228624b-1119-350d-6ebf-ad7b8acc7c78.png\" width=\"393\" height=\"178\" data-file-id=\"6062352\" \/><\/a><\/strong><\/span><\/p>\n<p><span style=\"font-family: 'open sans', 'helvetica neue', helvetica, arial, sans-serif; color: #993300;\"><strong>AT: You make a festival, Musica Mundo, and you also present artists in different venues of the Netherlands during the year. And ArteGanza was born in 2007. It is curious: it is the same year as Mapamundi M\u00fasica. Please, how have you perceived the development of the circuit or market of the world musics? You can answer specifically about The Netherlands or in general in Europe or the world, or about several of these frames.\u00a0<\/strong><\/span><\/p>\n<p><strong>HE:\u00a0<\/strong>Since ArteGanza\u2019s beginning in 2007, the world music scene has gone through significant changes, both in the Netherlands and globally. The rise of digital streaming platforms and social media has reshaped how audiences discover, access, and engage with world music. In the past, people often discovered global genres through physical events, niche record stores, or specialized radio stations. Now, anyone with internet access can explore a vast range of musical traditions and artists from around the world with ease. This accessibility has broadened the market and increased interest, but it has also made it more challenging for artists and organizers to stand out.<\/p>\n<p>In the Netherlands and across Europe, there has been a growing appreciation for diverse musical traditions and fusion genres, but this shift has also brought challenges. Cultural diversity initiatives and government support for the arts have increased opportunities for artists from different backgrounds, enabling a wider range of voices to reach audiences. However, competition for funding and resources has intensified, and the music industry\u2019s rapid changes mean that traditional circuits and festivals have to innovate continually to stay relevant.<\/p>\n<p>Many European cities, including some in the Netherlands, have established more festivals and concert series focused on world music. However, the sustainability of these events can be unpredictable, as they often depend on fluctuating cultural budgets and sponsorships. Festivals like Musica Mundo and initiatives by foundations like ArteGanza play a crucial role in providing a platform for world music artists, helping to build a dedicated audience and create meaningful experiences that transcend just music.<\/p>\n<p>Looking ahead, as audiences become more global-minded and curious, there\u2019s enormous potential for world music to keep growing. In the Netherlands, the increase in diverse communities and international exchange only deepens this interest. The challenge \u2014 and opportunity \u2014 lies in nurturing this interest through high-quality, immersive events and in continuing to foster a deep appreciation of world music\u2019s cultural richness, bridging the gap between artists and new audiences.<\/p>\n<p style=\"text-align: center;\"><img loading=\"lazy\" decoding=\"async\" class=\"\" src=\"https:\/\/mcusercontent.com\/993c677d53044839b1b39b2dc\/_compresseds\/bafebc5a-dd1b-c882-e026-ba017c112671.jpg\" width=\"673\" height=\"292\" align=\"center\" data-file-id=\"6062353\" \/><br \/>\n<strong>This picture is the cover picture of\u00a0<a href=\"https:\/\/www.facebook.com\/elammouri\" target=\"_blank\" rel=\"noopener\">Hassan&#8217;s facebook profile<\/a>.<\/strong><\/p>\n<p>&nbsp;<\/p>\n<p><span style=\"font-family: 'open sans', 'helvetica neue', helvetica, arial, sans-serif; color: #993300;\"><strong>AT: Why did you call it \u201cMusica Mundo\u201d? It sounds like Spanish.\u00a0<\/strong><\/span><\/p>\n<p><strong>HE:\u00a0<\/strong>The name Musica Mundo indeed sounds like Spanish, and this choice was likely intentional to give the festival a warm, international, and accessible feel. &#8220;Musica&#8221; means &#8220;music&#8221; in several Romance languages, and &#8220;Mundo&#8221; means &#8220;world&#8221; in Spanish and Portuguese. Together, Musica Mundo translates roughly to \u201cMusic of the World,\u201d capturing the essence of a festival that celebrates global sounds and cultural diversity.<\/p>\n<p>The name evokes a sense of openness and inclusivity, suggesting that the festival is a meeting point for different cultures, traditions, and musical expressions from around the world. By using a name with a Romance language influence, it adds a feeling of warmth and familiarity, resonating with people from different linguistic backgrounds, especially in a multicultural setting like the Netherlands.<\/p>\n<p><span style=\"font-family: 'open sans', 'helvetica neue', helvetica, arial, sans-serif; color: #993300;\"><strong>AT:\u00a0Which are the main challenges you face to make the festival?\u00a0<\/strong><\/span><\/p>\n<p><strong>HE:\u00a0<\/strong>Organizing a festival like Musica Mundo comes with several significant challenges, especially when it celebrates a diverse range of global music traditions. Here are some of the main challenges:<\/p>\n<p>Funding and Sponsorship: Securing adequate funding is often the biggest challenge. Festivals like Musica Mundo, which focus on world music, sometimes struggle to attract large commercial sponsors who may prioritize mainstream music events. Dependence on government or cultural grants adds uncertainty, as budgets can fluctuate and funding priorities may change.<\/p>\n<p>Audience Engagement: Reaching and educating audiences about the value of world music requires effort. While there is a growing interest in global sounds, building a dedicated audience who will consistently attend and support diverse performances can be challenging, particularly in areas where world music is less familiar.<\/p>\n<p>Artist Logistics: Coordinating international artists brings logistical complexities, including visas, travel arrangements, and accommodations. Different countries have varying requirements and timelines for visas, and any delays or issues can impact the festival lineup.<\/p>\n<p>Venue and Technical Setup: Ensuring that venues have the right acoustics and technical setup for diverse musical traditions is critical. World music often involves unique instruments and sound requirements, so the technical crew must be equipped to handle these nuances to ensure high-quality performances.<\/p>\n<p>Balancing Tradition and Innovation: Many world music genres have deep traditional roots, but audiences today may prefer fusion or contemporary interpretations. Balancing authentic representation with innovative programming that appeals to a broader audience is a delicate task, requiring sensitivity to both the artists&#8217; integrity and audience interests.<\/p>\n<p>Cultural Sensitivity and Representation: With a focus on world music, it&#8217;s crucial to present cultures respectfully and authentically. This means building relationships with artists and communities, understanding cultural contexts, and avoiding tokenism. Ensuring diversity without falling into stereotypes requires ongoing awareness and respect.<\/p>\n<p>Sustaining Relevance and Growth: As with any festival, staying relevant is vital. Competing with other music festivals and entertainment options means that Musica Mundo needs to offer something unique and create memorable experiences that bring audiences back year after year.<\/p>\n<p>Overcoming these challenges often requires creativity, adaptability, and a passionate commitment to the festival\u2019s mission. By continuing to find new ways to connect with audiences and involve communities, Musica Mundo can thrive and create lasting impact.<\/p>\n<p><span style=\"font-family: 'open sans', 'helvetica neue', helvetica, arial, sans-serif; color: #993300;\"><strong>AT:\u00a0What do you feel when you see the concerts you organise going on and the public over there attending?<\/strong><\/span><\/p>\n<p><strong>HE:\u00a0<\/strong>Seeing a concert come to life \u2014 especially one you\u2019ve organized \u2014 is an incredibly rewarding and emotional experience. Watching the audience connect with the music, immersing themselves in the sounds and energy, brings a profound sense of fulfillment and joy. It&#8217;s often a moment where all the hard work, challenges, and behind-the-scenes efforts feel worth it, because you can see the impact that the event is having right in front of you.<\/p>\n<p>There\u2019s also a deep sense of pride and gratitude. Pride in the artists for sharing their culture and talent, and gratitude toward the audience for showing up, engaging, and being open to experiencing something new. It\u2019s particularly moving to see people from different backgrounds coming together, enjoying the performance, and discovering music they may never have encountered otherwise.<\/p>\n<p>For many organizers, these moments also bring a sense of relief and peace, knowing that everything has come together successfully. It can be emotional to witness the magic of live music \u2014 the shared smiles, the movement, the applause, and the connections being made. This experience creates a lasting bond between the music, the artists, the audience, and yourself as the organizer.<\/p>\n<p><span style=\"font-family: 'open sans', 'helvetica neue', helvetica, arial, sans-serif; color: #993300;\"><strong>AT:\u00a0Do you consider that the world musics have any specific added value?\u00a0<\/strong><\/span><\/p>\n<p><strong>HE:\u00a0<\/strong>Yes, world music brings unique and powerful added value, both culturally and personally. It goes beyond mere entertainment by offering listeners a way to connect with diverse histories, languages, and traditions from around the globe. This form of music holds deep cultural significance, often rooted in centuries of tradition, storytelling, and communal experience, and this depth provides audiences with an authentic glimpse into the lives, emotions, and values of different cultures.<\/p>\n<p>One of the most significant added values of world music is its ability to foster empathy and understanding. By listening to music from different parts of the world, people can appreciate the uniqueness and universality of human experience. World music often introduces audiences to unfamiliar instruments, rhythms, and vocal styles, expanding their musical horizons and encouraging open-mindedness.<\/p>\n<p>Another added value is the preservation and revitalization of cultural heritage. World music keeps traditional sounds and stories alive, sometimes in the face of globalization pressures that can erode local cultures. By bringing these art forms to new audiences, festivals and artists help protect and celebrate cultural identities that might otherwise fade over time.<\/p>\n<p>World music also nurtures creativity and innovation. Many contemporary artists draw inspiration from world music traditions, blending them with other genres to create new, hybrid forms of music. This cross-pollination enriches the entire music landscape, pushing boundaries and sparking fresh creative ideas.<\/p>\n<p>In sum, world music has the unique power to educate, inspire, and connect people, bridging cultural gaps and fostering a richer, more interconnected world. It holds intrinsic value as a cultural artifact, while also offering emotional depth and fostering a global sense of unity and appreciation.<\/p>\n<p><span style=\"color: #993300;\"><strong>AT:\u00a0How can the readers be updated of your activities?\u00a0<\/strong><\/span><\/p>\n<p><strong>HE:\u00a0<\/strong>Readers can stay updated on all our activities by subscribing to our newsletter, which provides the latest news on upcoming concerts, festivals, artist spotlights, and special events. Through the newsletter, we share insights into the artists we work with, behind-the-scenes stories, and exclusive offers for subscribers.<\/p>\n<p>In addition to the newsletter, you can follow us on our social media channels for real-time updates, photos, and videos from our events. Our website also has an events calendar where you can find detailed information about each performance, ticketing, and venues.<\/p>\n<p>By staying connected through these platforms, you\u2019ll be the first to know about new programs and enjoy a closer look into our world of global music!<\/p>\n<hr \/>\n<p style=\"padding-left: 120px;\"><span style=\"font-family: 'open sans', 'helvetica neue', helvetica, arial, sans-serif; color: #993300;\"><strong>Feel free to follow their social media channels:<\/strong><\/span><br \/>\n<span style=\"text-decoration: underline;\"><span style=\"color: #993300; text-decoration: underline;\">\ud83d\udd38<span style=\"font-family: open sans, helvetica neue, helvetica, arial, sans-serif;\"><a style=\"color: #993300; text-decoration: underline;\" href=\"https:\/\/www.instagram.com\/musicamundo_nl\/\" target=\"_blank\" rel=\"noopener\">Instagram of Musica Mundo Festival<\/a><\/span><\/span><\/span><br \/>\n<span style=\"text-decoration: underline;\"><span style=\"color: #993300; text-decoration: underline;\">\ud83d\udd38<span style=\"font-family: open sans, helvetica neue, helvetica, arial, sans-serif;\"><a style=\"color: #993300; text-decoration: underline;\" href=\"https:\/\/www.facebook.com\/ArteGanza.Connecting.Cultures\" target=\"_blank\" rel=\"noopener\">Facebook of ArteGanza<\/a><\/span><\/span><\/span><br \/>\n<span style=\"text-decoration: underline;\"><span style=\"color: #993300; text-decoration: underline;\">\ud83d\udd38<span style=\"font-family: open sans, helvetica neue, helvetica, arial, sans-serif;\"><a style=\"color: #993300; text-decoration: underline;\" href=\"https:\/\/www.facebook.com\/arteganzamusicamundo\" target=\"_blank\" rel=\"noopener\">Facebook of Musica Mundo Festival<\/a><\/span><\/span><\/span><br \/>\n<span style=\"text-decoration: underline;\"><span style=\"color: #993300; text-decoration: underline;\">\ud83d\udd38<span style=\"font-family: open sans, helvetica neue, helvetica, arial, sans-serif;\"><a style=\"color: #993300; text-decoration: underline;\" href=\"https:\/\/www.youtube.com\/@musicamundo033\" target=\"_blank\" rel=\"noopener\">Youtube channel of Musica Mundo<\/a><\/span><\/span><\/span><\/p>\n<hr \/>\n<p><span style=\"font-family: 'open sans', 'helvetica neue', helvetica, arial, sans-serif; color: #993300;\"><strong>AT:\u00a0If you want to share any insights to the readers, please, do.\u00a0<\/strong><\/span><\/p>\n<p><span style=\"font-family: open sans, helvetica neue, helvetica, arial, sans-serif;\"><strong>HE:\u00a0<\/strong>One insight I\u2019d love to share is the transformative power of exploring world music. Engaging with music from different cultures isn\u2019t just about enjoying a new sound \u2014 it\u2019s a way to travel, connect, and grow as individuals. Each song, instrument, and rhythm carries a piece of a community\u2019s spirit and history, creating a bridge between listeners and distant parts of the world.<\/span><\/p>\n<p>For those curious about world music but not sure where to start, I encourage you to attend a live performance or festival if you have the chance. Experiencing this music live can be profoundly moving, and you\u2019ll find that it brings people together in a special way. Listening with an open heart and mind, you may discover stories and sounds that resonate with your own life and expand your perspective.<\/p>\n<p>World music reminds us that, despite our diverse languages and backgrounds, we all share similar emotions, dreams, and struggles. By embracing this diversity, we not only celebrate other cultures but enrich our own lives with the beauty of global connection. So keep exploring, stay curious, and allow music to guide you on a journey of understanding and unity.<\/p>\n<p style=\"text-align: center;\"><span style=\"color: #993300; font-family: 'open sans', 'helvetica neue', helvetica, arial, sans-serif; font-size: 18pt;\"><strong>Thank you, Hassan!\u00a0<\/strong><\/span><\/p>\n<hr \/>\n<h1><span style=\"font-size: 24pt;\"><strong><span style=\"color: #daa520;\">TALK WITH\u00a0<\/span><\/strong><\/span><br \/>\n<strong><span style=\"color: #daa520;\">SHARAF DARZAID FROM THE POPULAR ART CENTER (RAMALLAH, PALESTINE)<\/span><\/strong><\/h1>\n<p style=\"text-align: center;\"><span style=\"color: #008080;\"><strong>This a short video, one minute and a half, of Sharaf DarZaid dancing alone. It is a good context for the interview. Below you&#8217;ll find more videos, also with a dance troupe.<\/strong><\/span><\/p>\n<p style=\"text-align: center;\"><a class=\"\" title=\"\" href=\"https:\/\/www.youtube.com\/watch?v=63hGt6U6U3Q\" target=\"\" rel=\"noopener\"><span style=\"color: #008080;\"><strong><img decoding=\"async\" class=\"mcnImage\" src=\"https:\/\/mcusercontent.com\/993c677d53044839b1b39b2dc\/video_thumbnails_new\/07840884bd800b2ffdcc3ae2774ca224.png\" alt=\"\" width=\"564\" \/><\/strong><\/span><\/a><\/p>\n<p><span style=\"font-family: open sans, helvetica neue, helvetica, arial, sans-serif;\"><strong><img loading=\"lazy\" decoding=\"async\" class=\"alignright\" src=\"https:\/\/mcusercontent.com\/993c677d53044839b1b39b2dc\/images\/f8ea37c4-a610-6d82-e624-fceccc80d5ad.jpeg\" width=\"250\" height=\"333\" align=\"right\" data-file-id=\"6060411\" \/>As I explained in the previous edition of the newsletter, in October I attended the Fira Mediterr\u00e0nia in Manresa, where I made an interview with Sharaf DarZaid from the Popular Art Center of Palestine. Sharaf was performing at the Fira and he also participated in a panel called &#8220;Artistic Diaspora and Cultural Rights&#8221;.<\/strong><\/span><\/p>\n<p>I want to thank Paula Ten from the\u00a0<a href=\"https:\/\/acpau.org\/\" target=\"_blank\" rel=\"noopener\">Associaci\u00f3 Catalana per la Pau<\/a>, because this organization was hosting a project with Sharaf, and I understand they served as the connection with the Fira too. I didn&#8217;t know Sharaf before and I had no idea about the Popular Art Center. Their story is really worth to be told to the world.<\/p>\n<p>To learn about Sharaf and the Center has one of the highlights for me from the Fira Mediterr\u00e0nia. Another one was the interview with Laia Canals, that I already published in\u00a0<a href=\"https:\/\/www.mapamundimusica.com\/en\/newsletter\/october-24-post-womex-talk-with-laia-canals-tempi-new-open-calls-and-76\/\" target=\"_blank\" rel=\"noopener\">the previous edition of this magazine<\/a>.<\/p>\n<p>Thinking about what is happening stirs up a lot of emotions in me. Two years ago around this time, I was in Israel. I often think about the people who organize that event, the showcase I\u2019ve attended three times, where I saw, for example, Gulaza, with whom I later worked. It\u2019s also where I met Eyal ElWahab from El Khat, who has now emigrated to Germany\u2014a decision I find understandable, yet also sad. I think about how the people who organize the showcase don\u2019t wish for the destruction of others. I think about how we are at the mercy of madmen and large-scale murderers. I think about how they treat people like pawns. I think about how some people find strength and hope amidst despair and the lack of freedom. Attending the Fira would have been worth the effort even if it had been just to learn about the existence of the Popular Art Center in Ramallah.<\/p>\n<p>I have nothing more insightful to say about this. So I will simply share the interview with Sharaf, to whom I am infinitely grateful for those minutes he gave me after the panel.<\/p>\n<hr \/>\n<p><span style=\"font-family: open sans, helvetica neue, helvetica, arial, sans-serif;\"><strong><a href=\"https:\/\/www.popularartcentre.org\/\" target=\"_blank\" rel=\"noopener\"><img loading=\"lazy\" decoding=\"async\" class=\"alignright\" src=\"https:\/\/mcusercontent.com\/993c677d53044839b1b39b2dc\/images\/e4cc15be-039c-d887-70a8-4fee5e9b136c.png\" width=\"250\" height=\"245\" align=\"right\" data-file-id=\"6062362\" \/><\/a><\/strong><\/span><span style=\"font-family: 'open sans', 'helvetica neue', helvetica, arial, sans-serif; color: #993300;\"><strong>Araceli Tzigane: Please, could you explain to me briefly what is the Popular Art Center? When was it created? \u00a0<\/strong><\/span><\/p>\n<p><strong>Sharaf DarZaid:\u00a0<\/strong>The Popular Art Center was founded in 1987, in the first Intifada, in the time when the Israeli occupation was just not looking to occupy land, but also to steal our heritage and our identity and our culture. And even the colours of our Palestinian flag were forbidden. And if any Palestinian tried to raise their Palestinian flag, they would arrest him or her. In this kind of situation, the Popular Art Center came established in order to save culture, identity and dabke. And to create a dance school to teach to children, from 5 years old until 16 years old, dabke, the pure traditional folkloric dance. And not just to teach them the technique of the dance, but also the importance of the dabke dance and the story behind it and why we are doing it and how it&#8217;s related to our heritage and how we can use it to express ourselves.<\/p>\n<p>We started with the Heritage Festival to keep the dance groups alive and to have the space to present their creation to the audience. And of course, all kind of dabke dance production is always talking about resistance, about Palestine, its history, about reigning, about Palestinian agriculture, about fighting, about Palestinian animals that we use, whether in agriculture or in the fights, sharing different stories. And we also have one of the programs that we called \u201coutreach program\u201d, where we go to different villages and refugee camps to work with children. Especially at the second Intifada, those children faced a lot of harms and problems due to the occupation. And what we actually do is to go and establish dance groups or to develop dance groups that they already established there in these places.<\/p>\n<p>We don&#8217;t do like branches for the Popular Art Center, no, we build partnerships with organizations with community-based organizations, because we believe that everyone is in their own city, they are stronger. So it&#8217;s not a business thing, it&#8217;s a non-governmental and non-profit organization. And we established hundreds of dance troops, and the Heritage Festival is a place for them to present and to perform, not just in Ramallah where we live, and also in other cities in Palestine.<\/p>\n<p>We also started in 1993 the Palestine International Festival, where we are trying to invite local and international dance and music troops to perform, in Ramallah and also in other cities to present their own culture, their own art, and to share it with Palestinians and also to see Palestine with their own eyes and to experience passing through checkpoints, through apartheid, the separation wall and also to visit villages and refugee camps to see what&#8217;s going on in Palestine. And this is also to build cultural bridges with the whole world.<\/p>\n<p>Also one of the group programs that we worked on is to record old songs and traditional music, to record them and to put them available for artists and groups from all over Palestine, to come and to listen and to produce new productions inspired by the folklore. There are our roots and this is our heritage, this is our culture, this is our identity, that we are presenting, and keep them alive and share it with people. We don&#8217;t want this kind of art to stay just in the museum: we want it to be spread out and to be all over the word. This is like one of our missions in the Popular Art Center.<\/p>\n<p><span style=\"font-family: 'open sans', 'helvetica neue', helvetica, arial, sans-serif; color: #993300;\"><strong>AT:\u00a0\u00a0So you are building an archive of recordings. Is it available somehow for people from abroad, on your website?<\/strong><\/span><\/p>\n<p><strong>SD:\u00a0<\/strong>You should come and listen to it in the Center.<\/p>\n<p><span style=\"color: #993300;\"><strong>AT:\u00a0\u00a0Ah, so we have to visit you if we want to listen to it. Do you have any plan for putting it available for the world online?<\/strong><\/span><\/p>\n<p><strong>SD:\u00a0<\/strong>We do have plans, but we still are stuck in some technical issues and also the copyright, because we don&#8217;t have the copyright to put it on the website. We just record them and archive them, so people can come, listen, and produce their own. If I want to put it online for people all over the world to use it, I need copyright.<\/p>\n<p><span style=\"color: #993300;\"><strong>AT:\u00a0\u00a0Is this your job? Can you make your living with this?<\/strong><\/span><\/p>\n<p><strong>SD:\u00a0<\/strong>Yes, this is my job but actually I do art management and I do dance, so I&#8217;m not just professional dancer. I wouldn&#8217;t have enough money to to live just as a dancer, because being a dancer it&#8217;s a bit risky in in Palestine: if there&#8217;s a project, you work. If you don&#8217;t have a project, you don&#8217;t work. And actually, in our dance troupe I&#8217;m a volunteer, I dance as a volunteer, I train as a volunteer and I also choreograph as a volunteer. And I travel abroad with the company as a volunteer. I don&#8217;t take money, and I don&#8217;t want to take money, actually. Even if they had money I would ask them to save it, in order to create new productions. So we are more than 100 members in the dance troupe, but all of us are volunteers. And this is basically one of the very important things that makes the organization keep going and keep alive and not stopping, because it&#8217;s volunteer-based.<\/p>\n<p>How we define professional? For us, a professional dancer it not about taking money from the dance. For us, professional means that you are loyal towards the idea and to have a common mission with the dance troop and to present Palestine, especially due to the current circumstances, the situation that we are living under occupation, and to be on time, to give all your effort, put all your energy, power\u2026 This is professionality for us. It&#8217;s not about money at all.<\/p>\n<p><span style=\"color: #993300;\"><strong>AT:\u00a0\u00a0You are very young, so you didn&#8217;t found yourself the Popular Art Center. You said it was founded in 1987.\u00a0<\/strong><\/span><\/p>\n<p><strong>SD:\u00a0<\/strong>I was born in the same year. The Forum Dance Troupe was established in 1979. And in 1987 they decided to establish the Popular Art Center because they didn\u2019t want their dancers to be, as I told you, paid as dancers. They wanted to keep the volunteer-based work. And at that moment they thought about having their own dance school. Then, their members and Forum Dance Group could be paid trainers, professional trainers at the Popular Art Center. So, they are actually two organizations: one is producing art volunteer-based and the other one is presenting art and teaching art on a professional level.<\/p>\n<p>So personally I do dance voluntarily but, at the Popular Art Center, I work as a manager as my every day I have office work from 10 to 18. Dancing comes before, we have a studio upstairs in the building. I dance like 2 hours before my work starts and, afterwards, after 6, I dance with Forum Dance Troope. But I have eight hours a day to work, because, you know it is a bit risky to work just as a dancer and we don&#8217;t have an insurance even. If you fall, for example, on your leg and you can&#8217;t dance anymore, no one will give you a wage, a salary. And I think this is not just in Palestine, I mean, it\u2019s everywhere, but in Palestine it&#8217;s much more difficult, because we don&#8217;t even have support from a cultural ministry or from the government. We need to have our own funds and in the Popular Art Center we refuse to take funds from Sweden, from the EU, from the United States, from the British Council. All the funders put political conditional funds. So we decided not to take money from them. And from those who give the right for Israelis to start their genocide in Gaza we also decided not to take a money from them.<\/p>\n<p style=\"text-align: center;\"><span style=\"color: #008080;\"><strong>In this so beautiful video you&#8217;ll see Sharaf performing with the El-Funoun Palestinian Dance Troupe:<\/strong><\/span><\/p>\n<p><a class=\"\" title=\"El-Funoun - (Shebabeh) | \u0641\u0631\u0642\u0629 \u0627\u0644\u0641\u0646\u0648\u0646 - \u0627\u0644\u0634\u0628\u0627\u0628\u0629\" href=\"https:\/\/www.youtube.com\/watch?v=A99uJwTuAWo\" target=\"_blank\" rel=\"noopener\"><img decoding=\"async\" class=\"mcnImage aligncenter\" src=\"https:\/\/mcusercontent.com\/993c677d53044839b1b39b2dc\/video_thumbnails_new\/3d9ad15b9f3a6003ccf0e1fd9b384e1c.png\" alt=\"\" width=\"564\" \/><\/a><\/p>\n<p><span style=\"font-family: 'open sans', 'helvetica neue', helvetica, arial, sans-serif; color: #993300;\"><strong>AT:\u00a0\u00a0So how do you keep the organizations going on economically? How can you found your own salary?<\/strong><\/span><\/p>\n<p><strong>SD:\u00a0<\/strong>Our society helps.<\/p>\n<p><span style=\"color: #993300;\"><strong>AT:\u00a0\u00a0You mean the Palestinians\u2026 they buy tickets\u2026<\/strong><\/span><\/p>\n<p><strong>SD:\u00a0<\/strong>They buy tickets, they are participating in the dance school, they support us, they help us\u2026 It&#8217;s not a problem.<\/p>\n<p><span style=\"color: #993300;\"><strong>AT:\u00a0\u00a0I have one last question. You are talking about dabke. It&#8217;s not only in Palestine, but this dance is also in other countries too. Are you able to bring also foreigner dancers to dabke dancers from other countries?<\/strong><\/span><\/p>\n<p><strong>SD:\u00a0<\/strong>Yes, of course. As I told you, we organize the Palestine International Festival where we annually invite different dance and music artists from all over the world to come to Palestine, and to perform as well, and to work with the Palestinian artists. We also work on a project at the Popular Art Center: our dance students travel and they do exchange programs. Last year, nine of our students went to Poland and they worked with different students who are learning dance and they teach each other their own culture. Last summer, ten of our students went to Morocco to learn about Morocco and their dance and also to meet other children from different countries, to share experiences together and to teach each other\u2019s dance. And they bring this experience back to Palestine and we give them the space to develop it more and more.<\/p>\n<p><span style=\"color: #993300;\"><strong>AT:\u00a0I have one last question. You are talking about dabke. It&#8217;s not only in Palestine, but this dance is also in other countries too. Are you able to bring also foreigner dancers to dabke dancers from other countries?<\/strong><\/span><\/p>\n<p><strong>SD:\u00a0<\/strong>Yes.<\/p>\n<p><span style=\"color: #993300;\"><strong>AT:\u00a0So you can go to the Consulate of Poland or Morocco and you apply for the Visa and if you are given a Visa for Poland, you have a Visa for the Schengen area.\u00a0<\/strong><\/span><\/p>\n<p><strong>SD:\u00a0<\/strong>Sometimes they give it just to Poland but recently they do the Schengen Visa. I have a Dutch Schengen Visa that I can travel with. I came here with my Dutch Schengen Visa.<\/p>\n<p><span style=\"color: #993300;\"><strong>AT:\u00a0Is it more or less easy for you?<\/strong><\/span><\/p>\n<p><strong>SD:\u00a0<\/strong>Not for all, it depends to whom they give it. Just last week, a colleague of mine who has a US citizen passport, but he lives in Palestine, he decided to go to the United States to give dance workshops with a dance troupe and on the border they didn&#8217;t allow him to travel. Even he is a US citizen, but still they didn&#8217;t allow him to travel. And other dancers have been kicked out of the country, so it depends. And others apply through offices to apply for a couple of countries in the EU and because, you know, sometimes the official office is in Jerusalem, and we can&#8217;t go to Jerusalem. So they open an office in Ramallah and we go to that office to apply. But of course they ask for a lot, a lot of papers, so, so many\u2026<\/p>\n<p><span style=\"color: #993300;\"><strong>AT:\u00a0I think it&#8217;s a huge issue, the visas, many documents, you have to pay a lot of money\u2026 OK. I saw you have a website, so the people can visit your website and check everything. I saw about the Heritage Festival on Facebook.<\/strong><\/span><\/p>\n<p><strong>SD:\u00a0<\/strong>Facebook,\u00a0<a href=\"https:\/\/www.facebook.com\/PopularArtCentre\" target=\"_blank\" rel=\"noopener\">Popular Art Center on Facebook<\/a>.<\/p>\n<p><span style=\"color: #993300;\"><strong>AT:\u00a0I think it&#8217;s a huge issue, the visas, many documents, you have to pay a lot of money\u2026 OK. I saw you have a website, so the people can visit your website and check everything. I saw about the Heritage Festival on Facebook.<\/strong><\/span><\/p>\n<p><strong>SD:\u00a0<\/strong>Yes, there&#8217;s a website it&#8217;s a bit old, but yes, you can know about the Center through the website and also through the Facebook.<\/p>\n<p>&nbsp;<\/p>\n<p style=\"text-align: center;\"><span style=\"color: #008080;\"><strong>On the\u00a0<a style=\"color: #008080;\" href=\"https:\/\/www.youtube.com\/@popularartcentre7633\" target=\"_blank\" rel=\"noopener\">Youtube channel of the Popular Art Center<\/a>\u00a0there are some old videos in which you can see the lessons and other events.<\/strong><\/span><\/p>\n<p><a class=\"\" title=\"\u0627\u0644\u0633\u0651\u0627\u0645\u0631 \u0644\u062a\u0639\u0644\u064a\u0645 \u0627\u0644\u062f\u0628\u0643\u0629 \u0627\u0644\u0634\u0639\u0628\u064a\u0629 \u0627\u0644\u0641\u0644\u0633\u0637\u064a\u0646\u064a\u0629\" href=\"https:\/\/www.youtube.com\/watch?v=K48v1OdecmU\" target=\"_blank\" rel=\"noopener\"><img decoding=\"async\" class=\"mcnImage aligncenter\" src=\"https:\/\/mcusercontent.com\/993c677d53044839b1b39b2dc\/video_thumbnails_new\/c3b55f88298fec8111bd52da5d070840.png\" alt=\"\" width=\"564\" \/><\/a><\/p>\n<p>&nbsp;<\/p>\n<h2><strong><span style=\"color: #daa520;\">BRIEF NEWS FROM THE MEDIA, CHARTS AND SISTER PROJECTS\u00a0<\/span><\/strong><span style=\"color: #000000; font-family: open sans, helvetica neue, helvetica, arial, sans-serif;\"><img loading=\"lazy\" decoding=\"async\" class=\"alignright\" src=\"https:\/\/mcusercontent.com\/993c677d53044839b1b39b2dc\/images\/e032fb01-1481-4ae7-a53d-1b163dd4572c.jpg\" width=\"180\" height=\"180\" align=\"right\" data-file-id=\"4734514\" \/><\/span><\/h2>\n<div>\n<hr \/>\n<p>\ud83d\udd38<span style=\"font-family: 'open sans', 'helvetica neue', helvetica, arial, sans-serif;\">#1\u00a0for\u00a0<a href=\"https:\/\/www.transglobalwmc.com\/charts\/november-2024-chart\/\" target=\"_blank\" rel=\"noopener\">Transglobal World Music Chart in November of\u00a02024<\/a>\u00a0is:\u00a0<em>Chain of Light<\/em>, by\u00a0Nusrat Fateh Ali Khan &amp; Party \u00b7<\/span><\/p>\n<\/div>\n<div>\n<hr \/>\n<\/div>\n<p>\ud83d\udd38<span style=\"font-family: 'open sans', 'helvetica neue', helvetica, arial, sans-serif;\"><a href=\"https:\/\/mundofonias.com\/wp\/?p=7903\" target=\"_blank\" rel=\"noopener\">Mundofon\u00edas<\/a>: the three favourite of the months are the albums\u00a0<em>Caracoles\u00a0<\/em>by\u00a0Orquesta Akok\u00e1n,\u00a0<em>Le concile des oiseaux<\/em>\u00a0by\u00a0Hadouk and\u00a0<em>Le r\u00eave de Polyph\u00e8me\u00a0<\/em>by\u00a0Polyph\u00e8me \/ Wassim Halal &amp; Gamelan Puspawarna.<\/span><\/p>\n<div>\n<p><span style=\"color: #000000; font-family: open sans, helvetica neue, helvetica, arial, sans-serif;\"><img loading=\"lazy\" decoding=\"async\" class=\"aligncenter\" src=\"https:\/\/mcusercontent.com\/993c677d53044839b1b39b2dc\/images\/05725168-afe8-29f5-befb-6c398a3d3d8d.jpg\" width=\"560\" height=\"186\" data-file-id=\"6062363\" \/><\/span><\/p>\n<\/div>\n<hr \/>\n<h1><\/h1>\n<h1><strong><span style=\"color: #daa520;\">A LITTLE BIT OF MINE<\/span><\/strong><\/h1>\n<div>\n<hr \/>\n<p>\ud83d\udd38\u00a0<img loading=\"lazy\" decoding=\"async\" class=\"alignright\" src=\"https:\/\/mcusercontent.com\/993c677d53044839b1b39b2dc\/images\/3c78be8f-2896-481a-6036-701d7937ed65.jpeg\" width=\"230\" height=\"238\" data-file-id=\"6061444\" \/>After WOMEX, we signed an agreement for booking for Eastern Europe for\u00a0<a href=\"http:\/\/www.alidogangonultas.com\/\" target=\"_blank\" rel=\"noopener\"><strong>Ali Do\u011fan G\u00f6n\u00fclta\u015f<\/strong><\/a>\u00a0with\u00a0<a href=\"https:\/\/www.instagram.com\/mostmusicagency\/\" target=\"_blank\" rel=\"noopener\"><strong>MOST Music Agency<\/strong><\/a>.<br \/>\n\ud83d\udd38\u00a0The Ukrainian band\u00a0<strong>Hudaki Village Band<\/strong>\u00a0are mixing their new album, to be released next Spring. Listen to a bit of it in the video below.\u00a0No doubt, they have incredible strength!<br \/>\n\ud83d\udd38\u00a0The 10th album of Vig\u00fcela has been awared by the\u00a0<a href=\"https:\/\/www.schallplattenkritik.de\/bestenlisten\/2024\/04?c=16\" target=\"_blank\" rel=\"noopener\">Preis der Deutschen Schallplattenkritik<\/a>.<\/p>\n<\/div>\n<p>Listen to some pieces of the future album by Hudaki Village Band:<\/p>\n<p><a class=\"\" title=\"Hudaki Village Band 2024\" href=\"https:\/\/www.youtube.com\/watch?v=DuneYr7b8aA\" target=\"_blank\" rel=\"noopener\"><img decoding=\"async\" class=\"mcnImage\" src=\"https:\/\/mcusercontent.com\/993c677d53044839b1b39b2dc\/video_thumbnails_new\/1ffe84335b0f130c617e17dad787bde5.png\" alt=\"\" width=\"564\" \/><\/a><\/p>\n<hr \/>\n<p style=\"text-align: left;\"><span style=\"color: #ff0000; font-size: 14pt;\"><strong>Do<\/strong><strong>\u00a0<\/strong><strong style=\"font-family: inherit;\">you have a call of interest for our community that you want to share? Let me know asap<\/strong><\/span><\/p>\n<p>&nbsp;<\/p>\n<h1><strong>OPEN CALLS\u00a0<\/strong><\/h1>\n<p>This section is open for news. It is free of charge. You can let me know if you have any open call\u00a0of relevance to the community.<\/p>\n<hr \/>\n<p>\ud83d\udd38<img loading=\"lazy\" decoding=\"async\" class=\"alignright\" src=\"https:\/\/mcusercontent.com\/993c677d53044839b1b39b2dc\/images\/4ac276f1-fc30-353b-0753-9687d9343666.png\" width=\"250\" height=\"105\" data-file-id=\"6062365\" \/>Note that the<strong>\u00a0<a href=\"https:\/\/www.soalivemusicconference.com\/\" target=\"_blank\" rel=\"noopener\">SoAlive Music Conference<\/a><\/strong>\u00a0is announced for 14-17 October 2025. It will take place in Sofia, as the previous editions. The open call for bands will be announced in December.<\/p>\n<p>\ud83d\udd38And note that\u00a0<strong><a href=\"https:\/\/babelmusicxp.com\/\" target=\"_blank\" rel=\"noopener\">Babel Music XP<\/a><\/strong>, which will take place\u00a0from 20 to 22 March 2025 in Marseille has open the\u00a0<a href=\"https:\/\/babelmusicxp.com\/en\/accreditations\/\" target=\"_blank\" rel=\"noopener\">accreditations<\/a>\u00a0(the early rate is right now in\u00a0132,60 euros)\u00a0and the booking of\u00a0<a href=\"https:\/\/babelmusicxp.com\/en\/stands\/\" target=\"_blank\" rel=\"noopener\">stands<\/a>\u00a0(early rate, price from\u00a0\u20ac550 excl. TVA).<br \/>\n<img loading=\"lazy\" decoding=\"async\" class=\"aligncenter\" src=\"https:\/\/mcusercontent.com\/993c677d53044839b1b39b2dc\/images\/3e9837a0-7ffe-42da-b710-422b29c8bc47.png\" width=\"560\" height=\"75\" align=\"center\" data-file-id=\"6062366\" \/><\/p>\n<div>\n<hr \/>\n<div>\n<p><span style=\"font-family: 'open sans', 'helvetica neue', helvetica, arial, sans-serif; font-size: 14pt;\"><strong>\ud83d\udd39Fira Mediterr\u00e0nia de Manresa\u00a0<span style=\"color: #ff0000;\">NEW IN THE NEWSLETTER<\/span>\u00a0<\/strong><\/span><\/p>\n<p><strong><img decoding=\"async\" class=\"alignright\" src=\"https:\/\/mcusercontent.com\/993c677d53044839b1b39b2dc\/images\/f7e65ef4-80df-aaaf-398b-82c2407e2041.jpeg\" width=\"200\" data-file-id=\"5336553\" \/><\/strong>The 28th edition of the Fira Mediterr\u00e0nia will take place in Manresa\u00a0from 9 to 12 October 2025.<\/p>\n<\/div>\n<\/div>\n<p>\ud83d\udd38<strong>Who is it for?\u00a0<\/strong><br \/>\n<em>&#8220;Music, performing or street art, folk culture and association-related proposals that are based on traditional roots as a driver of creativity and speak to us in the present.&#8221;<\/em><br \/>\nNote also that:<br \/>\n<em>&#8220;The programme of Fira Mediterr\u00e0nia is divided into three main itineraries:<\/em><\/p>\n<ul>\n<li><em>Music, featuring the\u00a0world music and traditional roots music scenes.<\/em><\/li>\n<li><em>Dance, with a dynamic perspective on traditional roots and folk culture.<\/em><\/li>\n<li><em>Memory, llegacy and oral storytelling, with performance and outdoor arts offerings, particularly theatre and circus, which draw on folk culture.&#8221;<\/em><\/li>\n<\/ul>\n<p>\ud83d\udd38<strong>How to apply?\u00a0<\/strong><br \/>\nThe application is free and you can do it through\u00a0<a href=\"https:\/\/app.firamediterrania.cat\/login\" target=\"_blank\" rel=\"noopener\">the website<\/a>. Deadline:\u00a0Thursday 23 January 2025 at 12.00 a.m. CET.<\/p>\n<p>\ud83d\udd38<strong>To learn more:<\/strong><br \/>\n<em>&#8220;Fira, as a performing arts fair attended by sector professionals (1,140 registered delegates), will agree a financial contribution with companies and groups.&#8221;<\/em>\u00a0Check all the conditions, on the\u00a0<a href=\"https:\/\/budapestritmo.hu\/en\/showcase\/\" target=\"_blank\" rel=\"noopener\">official website<\/a>.<\/p>\n<div>\n<hr \/>\n<p><span style=\"font-size: 14pt;\"><span style=\"font-family: open sans, helvetica neue, helvetica, arial, sans-serif;\"><strong>\ud83d\udd39<\/strong><\/span><strong>Budapest Ritmo\u00a0<\/strong><\/span><\/p>\n<\/div>\n<p>\ud83d\udd38<strong><img loading=\"lazy\" decoding=\"async\" class=\"alignright\" src=\"https:\/\/mcusercontent.com\/993c677d53044839b1b39b2dc\/images\/99c569a7-ee0b-5693-5b0f-15c2cd44cdc3.png\" width=\"180\" height=\"52\" data-file-id=\"6060425\" \/><\/strong><strong>Who is it for?\u00a0<\/strong><br \/>\nBands and artists from the\u00a0<strong>world music<\/strong>\u00a0scene, from Poland, Slovakia, Hungary, Czech Republic, Western-Balkan countries, Eastern Partnership countries, Baltics, Hungary\u2019s neighboring countries,\u00a0<strong>ready to step on the international stage.<\/strong><br \/>\n\ud83d\udd38<strong>How to apply?\u00a0<\/strong><br \/>\nThe application is free and you can do it through the platform gigmit, until midnight on December 22.\u00a0<a href=\"https:\/\/www.gigmit.com\/calls\/1203\" target=\"_blank\" rel=\"noopener\">This<\/a>\u00a0is the direct link for the call in gigmit.<br \/>\n\ud83d\udd38<strong>To learn more:<\/strong><br \/>\nCheck all the conditions, on the\u00a0<a href=\"https:\/\/budapestritmo.hu\/en\/showcase\/\" target=\"_blank\" rel=\"noopener\">official website<\/a>.<\/p>\n<div>\n<hr \/>\n<div>\n<p><span style=\"font-size: 14pt;\"><span style=\"font-family: open sans, helvetica neue, helvetica, arial, sans-serif;\"><strong>\ud83d\udd39<\/strong><\/span><strong>FolkHerbst<\/strong><strong>\u00a0<\/strong><\/span><\/p>\n<p><strong><img decoding=\"async\" class=\"alignright\" src=\"https:\/\/mcusercontent.com\/993c677d53044839b1b39b2dc\/images\/2689c5c7-660c-7fc1-2a42-2b0735d6473c.png\" width=\"200\" data-file-id=\"6060426\" \/><\/strong>&#8220;The FolkHerbst is a series of music events, as a result of which the only European folk music award in Germany, the Eiserner Eversteiner, has been awarded since 1992. [&#8230;] The single \u201ccompetition\u201c concerts take place from the end of September to the end of November.&#8221;<\/p>\n<\/div>\n<\/div>\n<p>\ud83d\udd38<strong>Who is it for?\u00a0<\/strong><br \/>\nParticipating artists must have their\u00a0<strong>residence in Europe<\/strong>.<br \/>\nThey must engage with\u00a0<strong>folk music in the broadest sense<\/strong>\u00a0in their musical performances &#8211; everything from traditional to crossover is welcome.<br \/>\nIn case of a nomination for the Eversteiner award, FolkHerbst participants need to keep the award &#8211; ceremony date available (31.01.26).<br \/>\n\ud83d\udd38<strong>How to apply?\u00a0<\/strong><br \/>\nApplications must be submitted informally by email to kultur@malzhaus.de by January 15, 2025. Send 3 music pieces (preferably videos in good quality, preferably live), along with a press text and a press photo.<br \/>\n\ud83d\udd38<strong>To learn more:<\/strong><br \/>\nThe official document I have received from Christian Dressel is\u00a0<a href=\"https:\/\/www.dropbox.com\/scl\/fi\/1wsoexhcomncp5fsajevt\/Ausschreibung-2025-english.pdf?rlkey=qzbk9yyi7bylpef9flhyrfw18&amp;dl=0\" target=\"_blank\" rel=\"noopener\">this one<\/a>.<\/p>\n<hr \/>\n<h1><strong>WHO WE ARE AND SISTER PROJECTS<\/strong><strong>\u00a0<\/strong><\/h1>\n<p>Mapamundi M\u00fasica is an agency of management and booking.\u00a0<a href=\"http:\/\/www.mapamundimusica.com\/en\/\" target=\"_blank\" rel=\"noopener\">Learn more here<\/a>. Check our proposals at\u00a0<a href=\"http:\/\/www.mapamundimusica.com\/\" target=\"_blank\" rel=\"noopener\">our website<\/a>.<\/p>\n<p>We also offer you our\u00a0<a href=\"http:\/\/www.mundofonias.com\/\" target=\"_blank\" rel=\"noopener\">Mundofon\u00edas<\/a>\u00a0radio show, probably the leader about world music in Spanish language (on 50 stations in 18 countries). We produce\u00a0the\u00a0<a href=\"http:\/\/www.transglobalwmc.com\/\" target=\"_blank\" rel=\"noopener\">Transglobal World Music Chart<\/a>\u00a0with our partner \u00c1ngel Romero from WorldMusicCentral.com.<\/p>\n<p>Feel free to request info if you wish. For further information about us,\u00a0<strong>get in touch by email, telephone (+34 676 30 28 82),\u00a0<a href=\"http:\/\/www.mapamundimusica.com\/en\/contacto\/\" target=\"_blank\" rel=\"noopener\">our website<\/a>\u00a0or at\u00a0<a href=\"https:\/\/www.facebook.com\/mapamundimusica\/\" target=\"_blank\" rel=\"noopener\">our Facebook<\/a>.\u00a0<\/strong><\/p>\n<p>&nbsp;<\/p>","protected":false},"excerpt":{"rendered":"<p>Summary\u00a0\ud83d\udc47\u00a0 Editorial Highlights of Mundial Montreal Ageism in music In depth with\u00a0Hassan Elammouri,\u00a0from\u00a0ArteGanza Foundation\u00a0(The Netherlands) Talk with\u00a0Sharaf DarZaid\u00a0from the\u00a0Popular Art Center (Ramallah, Palestine) Brief news from the media, charts and sister projects A little bit of mine Open calls: Fira Mediterr\u00e0nia de Manresa, Budapest Ritmo, Folkherbts, and coming soon, SoAlive &#8211; BabelMusic XP opened the [&hellip;]<\/p>\n","protected":false},"author":1,"featured_media":0,"comment_status":"closed","ping_status":"open","sticky":false,"template":"","format":"standard","meta":{"footnotes":""},"categories":[19],"tags":[],"class_list":["post-3708","post","type-post","status-publish","format-standard","hentry","category-newsletter"],"_links":{"self":[{"href":"https:\/\/www.mapamundimusica.com\/en\/wp-json\/wp\/v2\/posts\/3708","targetHints":{"allow":["GET"]}}],"collection":[{"href":"https:\/\/www.mapamundimusica.com\/en\/wp-json\/wp\/v2\/posts"}],"about":[{"href":"https:\/\/www.mapamundimusica.com\/en\/wp-json\/wp\/v2\/types\/post"}],"author":[{"embeddable":true,"href":"https:\/\/www.mapamundimusica.com\/en\/wp-json\/wp\/v2\/users\/1"}],"replies":[{"embeddable":true,"href":"https:\/\/www.mapamundimusica.com\/en\/wp-json\/wp\/v2\/comments?post=3708"}],"version-history":[{"count":10,"href":"https:\/\/www.mapamundimusica.com\/en\/wp-json\/wp\/v2\/posts\/3708\/revisions"}],"predecessor-version":[{"id":3718,"href":"https:\/\/www.mapamundimusica.com\/en\/wp-json\/wp\/v2\/posts\/3708\/revisions\/3718"}],"wp:attachment":[{"href":"https:\/\/www.mapamundimusica.com\/en\/wp-json\/wp\/v2\/media?parent=3708"}],"wp:term":[{"taxonomy":"category","embeddable":true,"href":"https:\/\/www.mapamundimusica.com\/en\/wp-json\/wp\/v2\/categories?post=3708"},{"taxonomy":"post_tag","embeddable":true,"href":"https:\/\/www.mapamundimusica.com\/en\/wp-json\/wp\/v2\/tags?post=3708"}],"curies":[{"name":"wp","href":"https:\/\/api.w.org\/{rel}","templated":true}]}}