{"id":3689,"date":"2024-10-30T20:23:53","date_gmt":"2024-10-30T19:23:53","guid":{"rendered":"https:\/\/www.mapamundimusica.com\/?p=3689"},"modified":"2024-10-30T20:38:59","modified_gmt":"2024-10-30T19:38:59","slug":"october-24-post-womex-talk-with-laia-canals-tempi-new-open-calls-and-76","status":"publish","type":"post","link":"https:\/\/www.mapamundimusica.com\/en\/newsletter\/october-24-post-womex-talk-with-laia-canals-tempi-new-open-calls-and-76\/","title":{"rendered":"October 24. Post-WOMEX, talk with Laia Canals (Tempi), new open calls and + #76"},"content":{"rendered":"<p><span style=\"font-size: 18pt;\"><span style=\"font-family: open sans, helvetica neue, helvetica, arial, sans-serif;\"><strong>Summary\u00a0\ud83d\udc47<\/strong><\/span><span style=\"font-family: 'open sans', 'helvetica neue', helvetica, arial, sans-serif;\">\u00a0<\/span><\/span><\/p>\n<p><span style=\"font-family: verdana, geneva, sans-serif; font-size: 14pt;\"><span class=\"x19la9d6 x1fc57z9 x6ikm8r x10wlt62 x19co3pv x1g5zs5t xfibh0p xiy17q3 x1xsqp64 x1lkfr7t xexx8yu x4uap5 x18d9i69 xkhd6sd\"><span class=\"xrtxmta x1bhl96m\">\ud83d\udd39<\/span><\/span>Editorial<br \/>\n<span style=\"font-size: 12pt;\">Drops of Fira Mediterr\u00e0nia de Manresa and WOMEX<\/span><\/span><\/p>\n<p><span style=\"font-family: verdana, geneva, sans-serif; font-size: 13pt;\"><span class=\"x19la9d6 x1fc57z9 x6ikm8r x10wlt62 x19co3pv x1g5zs5t xfibh0p xiy17q3 x1xsqp64 x1lkfr7t xexx8yu x4uap5 x18d9i69 xkhd6sd\"><span class=\"xrtxmta x1bhl96m\">\ud83d\udd39<\/span><\/span>Talk with Laia Canals, director of Tempi (and much more)<\/span><\/p>\n<p><span style=\"font-family: verdana, geneva, sans-serif; font-size: 13pt;\"><span class=\"x19la9d6 x1fc57z9 x6ikm8r x10wlt62 x19co3pv x1g5zs5t xfibh0p xiy17q3 x1xsqp64 x1lkfr7t xexx8yu x4uap5 x18d9i69 xkhd6sd\"><span class=\"xrtxmta x1bhl96m\">\ud83d\udd39<\/span><\/span>Brief news from the media, charts and sister projects<\/span><\/p>\n<p><span style=\"font-family: verdana, geneva, sans-serif; font-size: 13pt;\"><span class=\"x19la9d6 x1fc57z9 x6ikm8r x10wlt62 x19co3pv x1g5zs5t xfibh0p xiy17q3 x1xsqp64 x1lkfr7t xexx8yu x4uap5 x18d9i69 xkhd6sd\"><span class=\"xrtxmta x1bhl96m\">\ud83d\udd39<\/span><\/span>A little bit of mine<\/span><\/p>\n<p><span style=\"font-family: verdana, geneva, sans-serif; font-size: 13pt;\"><span class=\"x19la9d6 x1fc57z9 x6ikm8r x10wlt62 x19co3pv x1g5zs5t xfibh0p xiy17q3 x1xsqp64 x1lkfr7t xexx8yu x4uap5 x18d9i69 xkhd6sd\"><span class=\"xrtxmta x1bhl96m\">\ud83d\udd39<\/span><\/span>Open calls: Budapest Ritmo, Folkherbts, Transglobal World Music Hall of Fame <span style=\"color: #ff0000;\">DEADLINE TOMORROW 31ST OCTOBER<\/span><\/span><\/p>\n<p><span style=\"font-family: verdana, geneva, sans-serif; font-size: 13pt;\"><span class=\"x19la9d6 x1fc57z9 x6ikm8r x10wlt62 x19co3pv x1g5zs5t xfibh0p xiy17q3 x1xsqp64 x1lkfr7t xexx8yu x4uap5 x18d9i69 xkhd6sd\"><span class=\"xrtxmta x1bhl96m\">\ud83d\udd39<\/span><\/span>Meet me at\u00a0\u2708\ufe0f\u00a0<\/span><\/p>\n<hr \/>\n<h3 style=\"text-align: center;\"><a class=\"mcnButton \" title=\" \u27a1\ufe0f This is the button for subscription \" href=\"https:\/\/mailchi.mp\/892ba551b707\/mapamundi-general\" target=\"_blank\" rel=\"noopener\">\u27a1\ufe0f This is the link for subscription<\/a><\/h3>\n<hr \/>\n<p><strong>Hello, <\/strong><strong>how are you?<\/strong><\/p>\n<p>I hope well. I\u2019m doing well, although somewhat sad about the catastrophe in Valencia and nearby provinces.\u00a0News about these situations, which can literally end you, triggers a strong internal debate within me between the temptation to indulge in hedonism and the urge to keep striving to leave a better world for when I\u2019m no longer here. For now, the latter tendency still prevails.\u00a0I imagine this happens to almost everyone.<\/p>\n<p><img loading=\"lazy\" decoding=\"async\" class=\"alignright\" style=\"color: #747474; font-family: 'Open Sans', sans-serif; font-size: 14px;\" src=\"https:\/\/mcusercontent.com\/993c677d53044839b1b39b2dc\/images\/f8ea37c4-a610-6d82-e624-fceccc80d5ad.jpeg\" width=\"266\" height=\"355\" data-file-id=\"6060411\" \/><\/p>\n<p>As I write this, the storm has moved toward Andalusia, mainly affecting Seville and C\u00e1diz, and I hope they\u2019ve had enough time to prepare better than those impacted yesterday. I\u2019m still waiting for news from a couple of people in Valencia, but I trust they\u2019re safe and only experiencing power outages, which I know has happened in several towns,\u00a0and with no battery on their phones. I trust.<\/p>\n<p>This October has been a very busy month for me. I attended the Fira Mediterr\u00e0nia in Manresa, where I made an interview that I\u2019ll publish in the next edition of this newsletter, with Sharaf DarZaid (in the picture) from the Popular Art Center of Palestine. I shared some additional insights about the Fira in this edition of Mundofon\u00edas. Listen <a href=\"https:\/\/www.ivoox.com\/mundofonias-2024-79-fira-mediterranania-manresa-audios-mp3_rf_135273444_1.html\" target=\"_blank\" rel=\"noopener\">here<\/a>.<\/p>\n<p>I also had a long interview with Laia Canals, director of Tempi. You can find it further down. She is the protagonist in this edition.<\/p>\n<p><strong><img loading=\"lazy\" decoding=\"async\" class=\"alignleft\" src=\"https:\/\/mcusercontent.com\/993c677d53044839b1b39b2dc\/images\/fac8fcdc-e0cc-7cfc-72d9-f46db743fdba.jpg\" width=\"346\" height=\"346\" align=\"left\" data-file-id=\"6060410\" \/><\/strong>And, of course, I\u2019ve been at WOMEX. I\u2019ve been attending since 2011, and this time I had my fourth artist showcasing, the fifth chosen for the official selection (in 2020 Vig\u00fcela were selected, but the event was canceled due to the pandemic). This time it was Ali Do\u011fan G\u00f6n\u00fclta\u015f, and it was a success. I\u2019m still receiving congratulations, ever since last Friday.\u00a0I am especially moved by the words of some colleagues. I believe none of us who attended will ever forget it.\u00a0In the photo, you can see us both just minutes before his performance.<\/p>\n<p>&nbsp;<\/p>\n<p>&nbsp;<\/p>\n<p>&nbsp;<\/p>\n<table style=\"border-collapse: collapse; width: 100%;\">\n<tbody>\n<tr>\n<td style=\"width: 100%; background-color: #cf3a3a; text-align: center;\"><span style=\"color: #ffffff;\"><strong>Remember: if you have any news of interest for our community, let me know. Thank you very much for your attention. <\/strong><\/span><\/p>\n<p><span style=\"color: #ffffff;\"><strong>Araceli Tzigane | Mapamundi M\u00fasica\u00a0|\u00a0+34 676\u00a030 28 82\u00a0<\/strong><\/span><\/td>\n<\/tr>\n<\/tbody>\n<\/table>\n<p>&nbsp;<\/p>\n<hr \/>\n<h3><strong><span style=\"color: #daa520;\"><a href=\"https:\/\/tempi.nu\/\"><img loading=\"lazy\" decoding=\"async\" class=\"alignright\" src=\"https:\/\/mcusercontent.com\/993c677d53044839b1b39b2dc\/images\/2127f815-4af8-3073-6a66-974d207ec7ac.png\" width=\"200\" height=\"108\" data-file-id=\"6060419\" \/><\/a>AND NOW THE FLOOR IS FOR:<\/span><\/strong><br \/>\n<strong><span style=\"color: #daa520;\">LAIA CANALS, DIRECTOR OF TEMPI &#8211; ROOTS MUSIC DENMARK<\/span><\/strong><\/h3>\n<div>\n<p><span style=\"font-family: open sans, helvetica neue, helvetica, arial, sans-serif;\"><strong><span style=\"color: #008080;\">After working since 2017 as the\u00a0Head of International Projects in\u00a0<em>Tempi &#8211; Roots Music Denmark<\/em>, the national organization that promotes Danish roots music genres in Denmark and abroad,\u00a0Laia became its director in April 2023.\u00a0<\/span><\/strong><\/span><\/p>\n<p><span style=\"color: #008080;\"><img loading=\"lazy\" decoding=\"async\" class=\"alignright\" src=\"https:\/\/mcusercontent.com\/993c677d53044839b1b39b2dc\/images\/b1d45caf-ff23-af4d-d199-72d923f356de.jpeg\" width=\"416\" height=\"277\" align=\"right\" data-file-id=\"6060397\" \/><strong>I\u2019ve known Laia for several years, but it was only during the last edition of the Fira Mediterr\u00e0nia de Manresa that we were able to spend a good while talking, and it was wonderful. I wasn\u2019t aware of many important aspects of her career, elements of her initiatives from which I have benefitted through the beauty of the music she has supported. For example, Filastine, of whom you\u2019ll find more below. It\u2019s a great pleasure to share these aspects of her career and her vision with the readers of this newsletter. I won\u2019t keep you any longer. Enjoy.<\/strong><\/span><\/p>\n<hr \/>\n<p><span style=\"font-family: open sans, helvetica neue, helvetica, arial, sans-serif;\"><strong>Araceli Tzigane: Why do you work with music?<\/strong><br \/>\n<strong>Laia Canals:\u00a0<\/strong>Music has been my life, even though I\u2019m not a musician. I never learned to play an instrument or attended a conservatory.<\/span><\/p>\n<p><strong>AT: I feel the same way. Music has been a kind of madness for me ever since I can remember.<\/strong><br \/>\n<strong>LC:\u00a0<\/strong>When I was in school, I was always very musical. I never learned to play an instrument, but I\u2019ve always loved dancing. I even skated competitively and became the European champion in figure skating, which is all about dancing to music. I was always very physical and focused on networking\u2014I was the one organizing all the parties at school. At the end of primary school, our teachers gave each of us a title for our best quality. There was one for the best mathematician, another for someone who would go to the moon, and one for the best friend. I received the title for \u201cthe dance and rhythm\u201d, and I had no doubt they were right. For me, there was never a Plan B.<\/p>\n<p>I was also a bit nerdy about machines and gaming, which led me to film school where I specialized in sound, combining my love for both machines and music. For my thesis, I worked with Dolby Digital 5.1, setting up cinemas and handling post-production with split sound.<\/p>\n<p>I was very young, and music meant everything to me. I took a live sound technician course at Microfusa, a well-known school in Barcelona, and started working at a small cultural center. A band there offered me a position as their monitor engineer at Sala Apolo. The venue noticed my work and informed me that their monitor technician was leaving, so they hired me as well. From there, I became the house technician, managing both concerts and DJ nights.<\/p>\n<p>Two key moments directed me toward world music. The first was a concert by Rachid Taha. I had always been drawn to music with roots-based references, but working as Rachid Taha\u2019s engineer was a turning point. He blended electronic music with traditional sounds, making it feel incredibly contemporary, and his charismatic personality made it a joy to collaborate with him.<\/p>\n<p>Sala Apolo hosted a club called Mundo Canibal, which brought in 2,000 students every Wednesday from midnight to 5 a.m. I was the sound technician for those sessions, and I loved the music and the atmosphere. There was a DJ named Mamay\u00e9 who heard the music I played during soundchecks and suggested, &#8216;Why don\u2019t you try DJing?&#8217; So, little by little, I began warming up for the club. I had the opening hour, and gradually, people started arriving earlier just to catch my sets.<\/p>\n<p>One day, Mamay\u00e9 said to me, &#8216;Laia, you\u2019re ready for prime time,&#8217; but I hesitated, saying, &#8216;No, no, no, I\u2019m scared.&#8217; However, she believed in me and pushed me forward. She was an incredible mentor and gave me a prime-time slot, and that\u2019s when I DJed for the first time. To my surprise, a music booker from Roskilde Festival was in the audience. Shortly after, I found a manager who started representing me, leading to performances at Sziget, Sfinks, and many other festivals across Europe and around the world.<\/p>\n<p>At these festivals, I met a few other DJs who were doing what I was\u2014combining electronic music with global influences. This was back in 2004, and while that style is well-established now, hardly anyone was exploring it then. By chance, we decided to start a record label focused on electronic music with roots music influences.<\/p>\n<hr \/>\n<\/div>\n<div style=\"text-align: center;\"><span style=\"color: #008080;\"><strong><span style=\"font-family: open sans, helvetica neue, helvetica, arial, sans-serif;\">Under the video, Laia will continue explaining about the\u00a0record label. But I wanted to remember Rahid Taha and pay him a tribute for the effect his work and personality had in my protagonist of today.<\/span><\/strong><\/span><\/div>\n<table class=\"mcnImageCardBlock\" border=\"0\" width=\"100%\" cellspacing=\"0\" cellpadding=\"0\">\n<tbody class=\"mcnImageCardBlockOuter\">\n<tr>\n<td class=\"mcnImageCardBlockInner\" style=\"border-style: solid; border-color: #004c52;\" valign=\"top\">Rachid Taha included a version of &#8220;Ya Rayah&#8221;\u00a0in his 1998 album\u00a0<em>Diw\u00e2n<\/em>. I think this was the greatest hit of his career. The song was originally written by the Algerian artist Dahmane El Harrachi in the 1970s. It speaks about migration, nostalgia, and the challenges of leaving one\u2019s homeland. It is a powerful symbol of the immigrant experience and cultural identity, particularly for North Africans in Europe. Here below you have the videoclip of Taha. And you can listen to the recording by El Harrachi,\u00a0<a href=\"https:\/\/www.youtube.com\/watch?v=kvkRVx16FAI\" target=\"_blank\" rel=\"noopener\">here<\/a>.<a class=\"\" title=\"\" href=\"https:\/\/www.youtube.com\/watch?v=vBu2OXGWBFI\" target=\"\" rel=\"noopener\"><img decoding=\"async\" class=\"mcnImage aligncenter\" src=\"https:\/\/mcusercontent.com\/993c677d53044839b1b39b2dc\/video_thumbnails_new\/6dfc9e1b2021b72992f0b7f8048a4be1.png\" alt=\"\" width=\"564\" \/><\/a><\/td>\n<\/tr>\n<\/tbody>\n<\/table>\n<p><span style=\"font-family: open sans, helvetica neue, helvetica, arial, sans-serif;\"><strong>AT: What was the record label\u00a0called?<\/strong><br \/>\n<strong>LC:\u00a0<\/strong>Post World Industries. It was home to artists like Filastine, Maga Bo, Copia Doble Systema, and Alo Wala\u2014many of whom performed at WOMEX and gained significant recognition. We collaborated with Enchufada, Buraka Som Sistema, and even Major Lazer. It became a cult label. As many of our artists started gaining popularity, they often lacked management representation.<\/span><\/p>\n<table style=\"width: 100%; border-collapse: collapse; background-color: #ffffff;\">\n<tbody>\n<tr>\n<td style=\"width: 100%; background-color: #ffffff; text-align: center; vertical-align: middle;\"><img decoding=\"async\" class=\"alignright\" src=\"https:\/\/mcusercontent.com\/993c677d53044839b1b39b2dc\/images\/9ee53fc1-51bf-6326-8ced-c42293a0a680.png\" width=\"180\" data-file-id=\"6060421\" \/><\/p>\n<p>&nbsp;<\/p>\n<p><span style=\"color: #008080;\">\ud83d\udc49 <strong>Check more about Post World Indust<\/strong><strong>ries, on\u00a0<a style=\"color: #008080;\" href=\"https:\/\/postworldindustries.bandcamp.com\/\" target=\"_blank\" rel=\"noopener\">their B<\/a><a style=\"color: #008080;\" href=\"https:\/\/postworldindustries.bandcamp.com\/\">andCamp<\/a><\/strong><\/span><\/td>\n<\/tr>\n<\/tbody>\n<\/table>\n<p>&nbsp;<\/p>\n<p><span style=\"font-family: open sans, helvetica neue, helvetica, arial, sans-serif;\"><strong>AT: You were still in Barcelona?<\/strong><br \/>\n<strong>LC:\u00a0<\/strong>Yes. Many of the artists didn\u2019t have representation, so I gradually began managing and booking several of the label\u2019s artists. As the daughter of a businessman from Spain, I learned a lot from my father, but I had never really connected music and business until I started the record label. It came naturally to me, and I found great enjoyment in blending business with music. That\u2019s when I realized this was my true passion.<\/span><\/p>\n<p>Of course, there wasn\u2019t a music management school back then\u2014and I don\u2019t think there still is. For me, it\u2019s an art form, a craft. I refer to it as the craft of being a manager. That\u2019s when I discovered the role I wanted\u2014I found my joy!<\/p>\n<p>I worked in artist management for over 15 years, developing many artists who are well-known today. I also traveled to Denmark frequently to DJ, receiving calls from the venue Vega, which flew me from Barcelona to perform once a month. That\u2019s how I got to know the Danish music scene and industry. Eventually, I moved to Denmark and started working with the local music landscape and the people here.<\/p>\n<p>Then I had two children.\u00a0Artist management is a 24\/7 job, and with two babies, I realized I couldn\u2019t continue in that role. So, I had to move on from my agency. The organization I work for now, Tempi, was seeking to establish a strong international network, and as a manager, I specialized in artist internationalization and export initiatives. I\u2019ve been attending WOMEX for 17 years and Eurosonic as well, because I worked in mainstream markets too, not just world music. However, I\u2019ve always promoted global music, even in mainstream contexts. For the past seven years, I\u2019ve been leading the export initiatives for Danish roots music.<\/p>\n<hr \/>\n<p style=\"text-align: center;\"><span style=\"color: #008080; font-size: 12pt;\"><strong><span style=\"font-family: open sans, helvetica neue, helvetica, arial, sans-serif;\">To close this part about Laia&#8217;s career before joining Tempi, the organization where she has been working for the last 7 years,\u00a0I&#8217;d like to bring here one of the artists she mentioned and which I had the chance to see live at WOMEX in 2013: Filastine.<\/span><\/strong><\/span><\/p>\n<table class=\"mcnImageCardBlock\" border=\"0\" width=\"100%\" cellspacing=\"0\" cellpadding=\"0\">\n<tbody class=\"mcnImageCardBlockOuter\">\n<tr>\n<td class=\"mcnImageCardBlockInner\" style=\"border-color: #004c52;\" valign=\"top\">\n<p style=\"text-align: center;\">This outstanding piece is called\u00a0<em>Colony Collapse<\/em>\u00a0and I find it very beautiful and also meaningful. The artists are Grey Filastine &amp; Nova Ruth. This was release by the record label founded by Laia: Post World Industries. About the video, they explain that: &#8220;<em>Colony Collapse is filmed at sites of ecological friction, the fault lines of conflict between humanity and (the rest of) nature. It is a video made to confront and indict the ongoing catastrophes that are the very fabric of our globalized economic order.<\/em>&#8221; Read the complete text in the descripcion on Youtube:<\/p>\n<p style=\"text-align: center;\"><a class=\"\" title=\"Filastine - Colony Collapse\" href=\"https:\/\/www.youtube.com\/watch?v=DXLED5HuI8o\" target=\"_blank\" rel=\"noopener\"><img decoding=\"async\" class=\"mcnImage aligncenter\" src=\"https:\/\/mcusercontent.com\/993c677d53044839b1b39b2dc\/video_thumbnails_new\/6c3b61b8a692990a7ff30d3fd23c8656.png\" alt=\"\" width=\"564\" \/><\/a><\/p>\n<\/td>\n<\/tr>\n<\/tbody>\n<\/table>\n<p><span style=\"font-family: open sans, helvetica neue, helvetica, arial, sans-serif;\"><strong>AT: Which kinds of music do you work with at Tempi?<\/strong><br \/>\n<strong>LC:\u00a0<\/strong>Roots music, folk, global music, Chamber Folk Music, Americana and Country, Blues, Afrobeat, all play a significant role in our landscape. We have a strong tradition of singer-songwriters, and even in mainstream music, elements of roots music are blending more than ever\u2014just look at artists like Rosal\u00eda. Many Danish artists in the mainstream are now incorporating Colombian and Kurdish influences into their music.<\/span>It&#8217;s like the coolest office in Denmark because we get to work across so many genres: jazz, classical music, electronic music, hip hop, rock, and more. As the director of the office, I have the opportunity to work both nationally in Denmark and internationally.<\/p>\n<p><img loading=\"lazy\" decoding=\"async\" src=\"https:\/\/mcusercontent.com\/993c677d53044839b1b39b2dc\/images\/80234016-cef7-ec8a-4a74-e3ba628e2273.jpeg\" width=\"300\" height=\"449\" align=\"right\" data-file-id=\"6060400\" \/><strong>AT: What are Tempi&#8217;s goals? To internationalise the artists as much as possible?<\/strong><br \/>\n<strong>LC:\u00a0<\/strong>Tempi primarily focuses on national objectives. We participate in three festivals and two music conferences each year. Additionally, we create artist accelerators, mentorship programs, sync conferences, writing camps, and data collection projects. Beyond functioning as an export office, we manage a mobility fund that artists can apply for to cover both national and international travel expenses.<br \/>\nFor instance, if an artist has a tour to promote an album, they can seek funding to cover their travel costs. We also provide various forms of support. If you&#8217;re starting a festival, we can assist with fundraising, offer advice, and help in any way we can.<\/p>\n<p>We also facilitate the participation of international delegations at events like the Resonator Festival, Spot Festival, Nordic Folk Alliance, and T\u00f8nder Festival. Essentially, we&#8217;re deeply involved in the entire Danish and international roots music ecosystem.<\/p>\n<p><strong>AT: And you have three of your own festivals, which are those?<\/strong><br \/>\n<strong>LC:<\/strong>\u00a0It\u2019s always about partnership. We don\u2019t run the festivals ourselves; instead, we handle the coordination and fundraising at specific stages. It\u2019s a collaborative effort. For example, we work on the Resonator Festival, which is gaining recognition, as well as the Nordic Folk Festival, which, while niche, is popular within Nordic music circles. We also collaborate on the Rosenthal Chamber Folk Festival, which beautifully blends folk and classical music. In the Nordic countries, this intersection of genres has a strong identity, exemplified by bands like Dreamers&#8217; Circus and Stundom, who thrive in that classical-folk crossover niche.<br \/>\nAdditionally, we\u2019re involved in two conferences: the Nordic Folk Alliance, which we produce, and the Spot Festival, which is Denmark\u2019s equivalent of BIME or Eurosonic. At these events, we contribute by curating and funding the global roots music and folk music stages.<\/p>\n<p><strong>AT: And what would you like to develop within Tempi that hasn\u2019t been done yet?<\/strong><br \/>\n<strong>LC:\u00a0<\/strong>My obsession is to leave a structural impact in the industry. Denmark has incredibly talented musicians, thanks to the excellent music schools and the economic support to the artists, as well as great music conservatories. However, once they leave these institutions, there\u2019s a lack of industry. We don\u2019t have booking agents or management within our music genre, and that pulls the brakes on the artists careers and the whole tapestry of our music genre in Denmark.<\/p>\n<p>What we are working on is attracting the existing labels and independent booking agencies that are independent but still considered mainstream into our niche. And it\u2019s working\u2014we\u2019re seeing the industry grow more and more, and making contracts with Roots artists.<\/p>\n<p>As the director of Tempi, I hope my legacy will be the establishment of a robust infrastructure that provides sustainable career opportunities for artists in roots music. Currently, we have a major project focused on block booking networks, where concert venues collaborate on artist bookings. We\u2019re also partnering with festivals. My goal is to leave behind a more developed music industry with a solid infrastructure when I eventually move on from Tempi.<\/p>\n<p style=\"text-align: center;\"><span style=\"color: #008080; font-size: 12pt;\"><strong><span style=\"font-family: open sans, helvetica neue, helvetica, arial, sans-serif;\">Under this video we will continue talking about Laia&#8217;s work in Tempi and other of her activities. But before, let&#8217;s listen to one of the Danish bands she mentioned: Stundom.\u00a0<\/span><\/strong><\/span><\/p>\n<table class=\"mcnImageCardBlock\" border=\"0\" width=\"100%\" cellspacing=\"0\" cellpadding=\"0\">\n<tbody class=\"mcnImageCardBlockOuter\">\n<tr>\n<td class=\"mcnImageCardBlockInner\" style=\"border-color: #004c52; border-style: solid;\" valign=\"top\">\n<p style=\"text-align: center;\"><em>Sa\u030a meget godt i vente<\/em>\u00a0was the first single from their most recent album,\u00a0<em>Hvis ikke de er d\u00f8de, lever de endnu<\/em>, their second studio album, released last September. Feel free to learn more about the band, on\u00a0<a href=\"https:\/\/www.stundommusic.com\/\" target=\"_blank\" rel=\"noopener\">their website<\/a>.<\/p>\n<p><a class=\"\" title=\"Stundom - Sa\u030a meget godt i vente (Official Video)\" href=\"https:\/\/www.youtube.com\/watch?v=uCu05--nQY8\" target=\"_blank\" rel=\"noopener\"><img decoding=\"async\" class=\"mcnImage aligncenter\" src=\"https:\/\/mcusercontent.com\/993c677d53044839b1b39b2dc\/video_thumbnails_new\/e76553a80c43d5174ac22e54dae11de7.png\" alt=\"\" width=\"564\" \/><\/a><\/td>\n<\/tr>\n<\/tbody>\n<\/table>\n<p><span style=\"font-family: open sans, helvetica neue, helvetica, arial, sans-serif;\"><strong>AT: Is all of this work at Tempi funded by public money?<\/strong><br \/>\n<strong>LC:<\/strong>\u00a0Yes, at Tempi, we get around 5 million kroner from the Ministry of Culture and the Danish Arts Council. We also apply for funds from private foundations. While fundraising is a big part of what we do, a core portion of our funding is a fixed amount from the state, which we then distribute across national projects, international initiatives, and our mobility fund.<\/span>Another thing I\u2019m really passionate about is board work. I sit on a number of boards and see firsthand how limited representation is at this level. Having diverse voices here is so important for driving real change in the industry. I\u2019m involved with the Nordic Folk Alliance and the Nordic Folk Council, which is similar to the European Folk Network but focused on the Nordic region, and we\u2019re also part of the European Folk Network.<\/p>\n<p>I think boards are where big shifts can happen because they\u2019re all about strategy. We don\u2019t talk enough about the impact boards can have, but when there\u2019s a clear vision, they can make a real difference. I\u2019m genuinely passionate about it because I see the potential for change when we\u2019re intentional about how we approach it.<\/p>\n<p><strong>AT: But you also have that vision. It also happens that, often, this type of non-commercial music excludes itself.<\/strong><br \/>\n<strong>LC:<\/strong>\u00a0For me, beyond any commercial value, we hold an incredible democratic value.<\/p>\n<p><strong>AT: Of course, that\u2019s part of the legacy of the peoples.<\/strong><br \/>\n<strong>LC:<\/strong>\u00a0That\u2019s exactly what the European Union resonates with and needs: our message of community, unity, inclusion, diversity, openness to new cultures, and creating a safe space for marginalized voices&#8230;<\/p>\n<p><strong>AT: Exactly, but we sometimes excluded ourselves, as if we don\u2019t believe that we belong in that space.<\/strong><br \/>\n<strong>LC:\u00a0<\/strong>Yes, I agree\u2014we often lack confidence in our own value, in saying, &#8216;This is what we\u2019re worth.&#8217; But we\u2019re taking steps to change that.<\/p>\n<p><strong>AT: It\u2019s also about global justice. Why are there cultures that are completely outside of the &#8220;industry&#8221;? Because there are countries that don\u2019t invest in this.<\/strong><br \/>\n<strong>LC:\u00a0<\/strong>There are real differences in privilege. I\u2019d love to mention that I\u2019m the chairperson of Another Life Community, an organization in Denmark that advocates for marginalized groups within the music industry. It\u2019s incredibly interesting work\u2014we gather data through surveys and publish an annual report to keep a pulse on industry inclusivity. Our work spans LGBTQ+ communities, people with disabilities, ethnic minorities, and gender balance, always assessing and aiming to improve the landscape. Alongside the report, we also run workshops and even organize a festival each year.<\/p>\n<p><span style=\"font-family: open sans, helvetica neue, helvetica, arial, sans-serif;\">I love this specific work. It\u2019s where I can bring on my activism.\u00a0\u00a0<\/span><\/p>\n<table style=\"width: 100%; border-collapse: collapse; background-color: #ffffff;\">\n<tbody>\n<tr>\n<td style=\"width: 100%; background-color: #ffffff; text-align: center; vertical-align: middle;\"><img loading=\"lazy\" decoding=\"async\" class=\"alignnone\" style=\"color: #747474; font-family: 'Open Sans', sans-serif; font-size: 14px; letter-spacing: normal; background-color: #ffffff;\" src=\"https:\/\/mcusercontent.com\/993c677d53044839b1b39b2dc\/images\/0ce05977-8018-1dd8-1fb4-8c33cd754968.png\" width=\"84\" height=\"84\" data-file-id=\"6060409\" \/><\/p>\n<p><span style=\"color: #747474; font-family: 'Open Sans', sans-serif; font-size: 14px; letter-spacing: normal; background-color: #ffffff;\">\ud83d\udc49\u00a0<\/span><strong style=\"color: #747474; font-family: 'Open Sans', sans-serif; font-size: 14px; letter-spacing: normal; background-color: #ffffff;\">Check more about Another Life<\/strong><strong style=\"color: #747474; font-family: 'Open Sans', sans-serif; font-size: 14px; letter-spacing: normal; background-color: #ffffff;\">\u00a0Community, on\u00a0<a href=\"https:\/\/anotherlifecommunity.com\/\" target=\"_blank\" rel=\"noopener\">their website<\/a><\/strong><\/td>\n<\/tr>\n<\/tbody>\n<\/table>\n<p><span style=\"font-family: open sans, helvetica neue, helvetica, arial, sans-serif;\"><strong>AT: And what about ageism, is that included?<\/strong><br \/>\n<strong>LC:<\/strong>\u00a0Yes, I find it very important.<\/span><\/p>\n<p><strong>AT: Whenever I see projects that are for people under 35&#8230; how many super marginalized people over 50 are doing truly emerging things?<\/strong><br \/>\n<strong>LC:\u00a0<\/strong>Like many others, people often start their entrepreneurial journey young. But why should starting under 35 open doors to funding, while starting at 45 is overlooked? Entrepreneurship isn\u2019t limited by age\u2014you don\u2019t have to be young to innovate and build something new. I believe it\u2019s important to offer incubators and accelerators for all ages.<\/p>\n<p><strong>AT: The people I know who are deeply committed to music end up seeking the real roots. It could be flamenco, traditional music, or whatever, but intermediate substitutes eventually aren\u2019t enough.<\/strong><br \/>\n<strong>LC:\u00a0<\/strong>They definitely serve a purpose, but for me, it goes beyond that. I can still enjoy a great night at a club listening to Baiuca or Bomba Est\u00e9reo\u2014I\u2019m always the first one on the dancefloor<\/p>\n<p><strong>AT: Yes, yes, because I think it\u2019s a world where people are very decent, in the sense that they\u2019re very respectful. It\u2019s even healthy in the sense that the drugs consumed aren\u2019t hard drugs. It\u2019s a healthy vibe in every way, with a general sense of respect.<\/strong><br \/>\n<strong>LC:<\/strong>\u00a0I believe we have a lot to contribute on a democratic level\u2014that\u2019s our strength. And on a community level as well, since folk music is deeply connected to local communities and community work.<\/p>\n<p><strong>AT: Yes, and to participation.<\/strong><br \/>\n<strong>LC:\u00a0<\/strong>A partner once asked, &#8216;What are the ticket sales? What\u2019s the audience size?&#8217; But that\u2019s not the right approach. The real question is: ask the community\u2014is this platform meaningful to them? Is it a good investment? We\u2019re not mainstream.<\/p>\n<p><strong>AT: Right, and it\u2019s public money. You have to show returns, but you need to show social returns, not just economic ones, because these are taxes. If that\u2019s your world, go into the private sector and don\u2019t mix taxes into it because you\u2019re competing with private business.<\/strong><br \/>\n<strong>LC:\u00a0<\/strong>The same applies to public radio stations\u2014they&#8217;re cutting folk programs. The question is, &#8216;If you don\u2019t support us, who will?&#8217; We may not generate the audience numbers that Spotify or private radio stations seek, but abandoning us isn\u2019t the solution.<\/p>\n<p><strong>AT: But public money shouldn\u2019t compete with private companies. That\u2019s unfair competition. If a private company needs to do commercial things to survive and Spanish Television does the same with taxpayer money&#8230; Then shut it down, don\u2019t spend millions a year doing that. You have to cover what the private sector doesn\u2019t cover. That\u2019s something that astonishes me because the EU tries to prevent governments from distorting market competition. But they keep doing it with culture, using it for propaganda and advertising&#8230;<\/strong><\/p>\n<hr \/>\n<div style=\"text-align: center;\"><span style=\"font-family: 'open sans', 'helvetica neue', helvetica, arial, sans-serif; color: #008080; font-size: 14pt;\"><strong>We kept talking for quite a while longer, but that\u2019s a story for another time \ud83d\ude0a<br \/>\nThank you, Laia!<\/strong><\/span><span style=\"font-family: open sans, helvetica neue, helvetica, arial, sans-serif;\"><strong><img loading=\"lazy\" decoding=\"async\" class=\"aligncenter\" src=\"https:\/\/mcusercontent.com\/993c677d53044839b1b39b2dc\/images\/170df8a8-31ef-2da0-bfa3-b362b3338c0e.jpeg\" width=\"673\" height=\"448\" align=\"center\" data-file-id=\"6060399\" \/><\/strong><\/span><\/div>\n<div>\n<hr \/>\n<\/div>\n<div><\/div>\n<div>\n<h3><strong><span style=\"color: #daa520;\">BRIEF NEWS FROM THE MEDIA, CHARTS AND SISTER PROJECTS\u00a0<\/span><\/strong><span style=\"color: #000000; font-family: open sans, helvetica neue, helvetica, arial, sans-serif;\"><img loading=\"lazy\" decoding=\"async\" class=\"alignright\" src=\"https:\/\/mcusercontent.com\/993c677d53044839b1b39b2dc\/images\/e032fb01-1481-4ae7-a53d-1b163dd4572c.jpg\" width=\"180\" height=\"180\" align=\"right\" data-file-id=\"4734514\" \/><\/span><\/h3>\n<div>\n<hr \/>\n<p>\ud83d\udd38<span style=\"font-family: 'open sans', 'helvetica neue', helvetica, arial, sans-serif;\">#1\u00a0for\u00a0<a href=\"https:\/\/www.transglobalwmc.com\/charts\/october-2024-chart\/\" target=\"_blank\" rel=\"noopener\">Transglobal World Music Chart in October of\u00a0202<\/a><a href=\"https:\/\/www.transglobalwmc.com\/charts\/july-2024-chart\/\" target=\"_blank\" rel=\"noopener\">4<\/a>\u00a0is:\u00a0 the homonymous album by\u00a0Buzz\u2019 Ayaz (label: Glitterbeat)<\/span><\/p>\n<\/div>\n<div>\n<hr \/>\n<\/div>\n<p>\ud83d\udd38<span style=\"font-family: 'open sans', 'helvetica neue', helvetica, arial, sans-serif;\"><a href=\"https:\/\/mundofonias.com\/wp\/?p=7746\" target=\"_blank\" rel=\"noopener\">Mundofon\u00edas<\/a>: the three favourite of the months are the albums\u00a0<em>Mute\u00a0<\/em>by<em>\u00a0<\/em>El Khat,\u00a0<em>Sv\u00e4ngo Nuevo<\/em>\u00a0by\u00a0Sv\u00e4ng,\u00a0 and\u00a0<em>Gyezz\u00a0<\/em>by<em>\u00a0<\/em>S\u00f6nd\u00f6rg\u0151.<\/span><\/p>\n<div><span style=\"color: #000000; font-family: open sans, helvetica neue, helvetica, arial, sans-serif;\"><img loading=\"lazy\" decoding=\"async\" class=\"aligncenter\" src=\"https:\/\/mcusercontent.com\/993c677d53044839b1b39b2dc\/images\/d538ddee-0fe6-edab-9400-3996bd95e2d8.jpg\" width=\"560\" height=\"185\" data-file-id=\"6060414\" \/><\/span><\/div>\n<\/div>\n<div><\/div>\n<div><\/div>\n<div>\n<hr \/>\n<\/div>\n<h3><strong><span style=\"color: #daa520;\">A LITTLE BIT OF MINE<\/span><\/strong><\/h3>\n<div>\n<p>Let me share a bit of joy from me. After so much work, investment and expectation, I can&#8217;t keep for me the words I have been receiving the last days about the showcase by\u00a0Ali Do\u011fan G\u00f6n\u00fclta\u015f:<\/p>\n<p style=\"text-align: center;\">\ud83d\udd38&#8221;It was AMAZING&#8221;<br \/>\n\ud83d\udd38&#8221;A wonderful artist and group&#8221;<br \/>\n\ud83d\udd38&#8221;I enjoyed it enormously &#8211; what an amazing talent!&#8221;<br \/>\n\ud83d\udd38&#8221;Congratulations again for a great showcase. It was one of the highlights for sure&#8221;<br \/>\n\ud83d\udd38&#8221;Ali, your concert was the best I&#8217;ve heard at this year WOMEX&#8221;<br \/>\n\ud83d\udd38&#8221;I was truly touched by the show&#8221;<br \/>\n\ud83d\udd38&#8221;Ali Do\u011fan G\u00f6n\u00fclta\u015f was in my top 2 of best performances at WOMEX&#8221;<br \/>\n\ud83d\udd38&#8221;It was a glorious concert \ud83d\ude0e&#8221;<\/p>\n<div style=\"text-align: center;\"><img loading=\"lazy\" decoding=\"async\" src=\"https:\/\/mcusercontent.com\/993c677d53044839b1b39b2dc\/images\/e172ab93-3908-681d-88a3-3f0b5bf20644.jpg\" width=\"560\" height=\"373\" align=\"center\" data-file-id=\"6060375\" \/><\/div>\n<\/div>\n<p><img loading=\"lazy\" decoding=\"async\" class=\"aligncenter\" src=\"https:\/\/mcusercontent.com\/993c677d53044839b1b39b2dc\/images\/74ace333-6202-a80d-6f00-979af4f065e1.png\" width=\"560\" height=\"183\" data-file-id=\"6060413\" \/><\/p>\n<hr \/>\n<table style=\"border-collapse: collapse; width: 100%;\">\n<tbody>\n<tr>\n<td style=\"width: 100%; background-color: #cf3a3a; text-align: center;\"><span style=\"color: #ffffff;\"><strong>Do you have a call of interest for our community that you want to share? Let me know asap.<\/strong><\/span><\/td>\n<\/tr>\n<\/tbody>\n<\/table>\n<h3><strong>OPEN CALLS\u00a0<\/strong><\/h3>\n<p>This section is open for news. It is free of charge. You can let me know if you have any open call\u00a0of relevance to the community.<\/p>\n<div>\n<hr \/>\n<h4><span style=\"font-family: open sans, helvetica neue, helvetica, arial, sans-serif;\"><strong>\ud83d\udd39<\/strong><\/span><strong>Budapest Ritmo\u00a0<\/strong><span style=\"font-family: open sans, helvetica neue, helvetica, arial, sans-serif;\"><span style=\"color: #ffcc00;\">NEW IN THE NEWSLETTER<\/span>\u00a0<\/span><\/h4>\n<\/div>\n<p>\ud83d\udd38<strong><img loading=\"lazy\" decoding=\"async\" class=\"alignright\" src=\"https:\/\/mcusercontent.com\/993c677d53044839b1b39b2dc\/images\/99c569a7-ee0b-5693-5b0f-15c2cd44cdc3.png\" width=\"180\" height=\"52\" data-file-id=\"6060425\" \/><\/strong><strong>Who is it for?\u00a0<\/strong><br \/>\nBands and artists from the\u00a0<strong>world music<\/strong>\u00a0scene, from Poland, Slovakia, Hungary, Czech Republic, Western-Balkan countries, Eastern Partnership countries, Baltics, Hungary\u2019s neighboring countries,\u00a0<strong>ready to step on the international stage.<\/strong><br \/>\n\ud83d\udd38<strong>How to apply?\u00a0<\/strong><br \/>\nThe application is free and you can do it through the platform gigmit, until midnight on December 22.\u00a0<a href=\"https:\/\/www.gigmit.com\/calls\/1203\" target=\"_blank\" rel=\"noopener\">This<\/a>\u00a0is the direct link for the call in gigmit.<br \/>\n\ud83d\udd38<strong>To learn more:<\/strong><br \/>\nCheck all the conditions, on the\u00a0<a href=\"https:\/\/budapestritmo.hu\/en\/showcase\/\" target=\"_blank\" rel=\"noopener\">official website<\/a>.<\/p>\n<div>\n<hr \/>\n<h4><span style=\"font-family: open sans, helvetica neue, helvetica, arial, sans-serif;\"><strong>\ud83d\udd39<\/strong><\/span><strong>FolkHerbst<\/strong><strong>\u00a0<\/strong><span style=\"font-family: open sans, helvetica neue, helvetica, arial, sans-serif;\"><span style=\"color: #ffcc00;\">NEW IN THE NEWSLETTER<\/span>\u00a0<\/span><\/h4>\n<p><strong><img decoding=\"async\" class=\"alignright\" src=\"https:\/\/mcusercontent.com\/993c677d53044839b1b39b2dc\/images\/2689c5c7-660c-7fc1-2a42-2b0735d6473c.png\" width=\"200\" data-file-id=\"6060426\" \/><\/strong>&#8220;The FolkHerbst is a series of music events, as a result of which the only European folk music award in Germany, the Eiserner Eversteiner, has been awarded since 1992. [&#8230;] The single \u201ccompetition\u201c concerts take place from the end of September to the end of November.&#8221;<\/p>\n<\/div>\n<p>\ud83d\udd38<strong>Who is it for?\u00a0<\/strong><br \/>\nParticipating artists must have their\u00a0<strong>residence in Europe<\/strong>.<br \/>\nThey must engage with\u00a0<strong>folk music in the broadest sense<\/strong>\u00a0in their musical performances &#8211; everything from traditional to crossover is welcome.<br \/>\nIn case of a nomination for the Eversteiner award, FolkHerbst participants need to keep the award &#8211; ceremony date available (31.01.26).<br \/>\n\ud83d\udd38<strong>How to apply?\u00a0<\/strong><br \/>\nApplications must be submitted informally by email to kultur@malzhaus.de by January 15, 2025. Send 3 music pieces (preferably videos in good quality, preferably live), along with a press text and a press photo.<br \/>\n\ud83d\udd38<strong>To learn more:<\/strong><br \/>\nThe official document I have received from Christian Dressel is\u00a0<a href=\"https:\/\/www.dropbox.com\/scl\/fi\/1wsoexhcomncp5fsajevt\/Ausschreibung-2025-english.pdf?rlkey=qzbk9yyi7bylpef9flhyrfw18&amp;dl=0\" target=\"_blank\" rel=\"noopener\">this one<\/a>.<\/p>\n<div>\n<hr \/>\n<h4><span style=\"font-family: open sans, helvetica neue, helvetica, arial, sans-serif;\"><strong>\ud83d\udd39<\/strong><\/span><strong>Transglobal World Music Hall of Fame\u00a0<\/strong><span style=\"font-family: 'open sans', 'helvetica neue', helvetica, arial, sans-serif; color: #ff9900;\">DEADLINE TOMORROW 31ST<\/span><\/h4>\n<\/div>\n<p><img loading=\"lazy\" decoding=\"async\" class=\"alignright\" src=\"https:\/\/mcusercontent.com\/993c677d53044839b1b39b2dc\/images\/967daf67-e9bc-7fd3-38c9-0ecaffb758a0.png\" width=\"180\" height=\"116\" data-file-id=\"6002347\" \/>The Transglobal World Music Hall Fame celebrates excellence in the world music field. The Hall of Fame includes three categories: 1) Artists, 2) Professional Excellence; and 3) In Memoriam.\u00a0Would you like to submit any individual or organization?<\/p>\n<p>The period for proposals for 2024 is open until 31st of October 2024.\u00a0Submit your proposals through the form at the bottom of\u00a0<a href=\"https:\/\/www.transglobalwmc.com\/transglobal-world-music-chart-hall-of-fame\/\" target=\"_blank\" rel=\"noopener\">this website<\/a>. Check the previous inductees, in\u00a0<a href=\"https:\/\/www.transglobalwmc.com\/transglobal-world-music-chart-hall-of-fame\/\" target=\"_blank\" rel=\"noopener\">the website<\/a>.<\/p>\n<p>&nbsp;<\/p>\n<hr \/>\n<h3><span style=\"color: #daa520;\"><strong>MEET ME AT<\/strong><\/span><\/h3>\n<p>If you happen to attend these events, drop me a line. They are international events to which some of the readers may attend.\u00a0If you are not, they can be interesting for you too\u00a0in any case.<\/p>\n<ul>\n<li><strong>19-22 November:\u00a0<\/strong>Mundial Montreal (Canada).<\/li>\n<\/ul>\n<p><\/p>","protected":false},"excerpt":{"rendered":"<p>Summary\u00a0\ud83d\udc47\u00a0 \ud83d\udd39Editorial Drops of Fira Mediterr\u00e0nia de Manresa and WOMEX \ud83d\udd39Talk with Laia Canals, director of Tempi (and much more) \ud83d\udd39Brief news from the media, charts and sister projects \ud83d\udd39A little bit of mine \ud83d\udd39Open calls: Budapest Ritmo, Folkherbts, Transglobal World Music Hall of Fame DEADLINE TOMORROW 31ST OCTOBER \ud83d\udd39Meet me at\u00a0\u2708\ufe0f\u00a0 \u27a1\ufe0f This is [&hellip;]<\/p>\n","protected":false},"author":1,"featured_media":0,"comment_status":"closed","ping_status":"open","sticky":false,"template":"","format":"standard","meta":{"footnotes":""},"categories":[19],"tags":[],"class_list":["post-3689","post","type-post","status-publish","format-standard","hentry","category-newsletter"],"_links":{"self":[{"href":"https:\/\/www.mapamundimusica.com\/en\/wp-json\/wp\/v2\/posts\/3689","targetHints":{"allow":["GET"]}}],"collection":[{"href":"https:\/\/www.mapamundimusica.com\/en\/wp-json\/wp\/v2\/posts"}],"about":[{"href":"https:\/\/www.mapamundimusica.com\/en\/wp-json\/wp\/v2\/types\/post"}],"author":[{"embeddable":true,"href":"https:\/\/www.mapamundimusica.com\/en\/wp-json\/wp\/v2\/users\/1"}],"replies":[{"embeddable":true,"href":"https:\/\/www.mapamundimusica.com\/en\/wp-json\/wp\/v2\/comments?post=3689"}],"version-history":[{"count":17,"href":"https:\/\/www.mapamundimusica.com\/en\/wp-json\/wp\/v2\/posts\/3689\/revisions"}],"predecessor-version":[{"id":3706,"href":"https:\/\/www.mapamundimusica.com\/en\/wp-json\/wp\/v2\/posts\/3689\/revisions\/3706"}],"wp:attachment":[{"href":"https:\/\/www.mapamundimusica.com\/en\/wp-json\/wp\/v2\/media?parent=3689"}],"wp:term":[{"taxonomy":"category","embeddable":true,"href":"https:\/\/www.mapamundimusica.com\/en\/wp-json\/wp\/v2\/categories?post=3689"},{"taxonomy":"post_tag","embeddable":true,"href":"https:\/\/www.mapamundimusica.com\/en\/wp-json\/wp\/v2\/tags?post=3689"}],"curies":[{"name":"wp","href":"https:\/\/api.w.org\/{rel}","templated":true}]}}