{"id":3682,"date":"2024-09-30T21:37:35","date_gmt":"2024-09-30T19:37:35","guid":{"rendered":"https:\/\/www.mapamundimusica.com\/?p=3682"},"modified":"2024-09-30T21:49:01","modified_gmt":"2024-09-30T19:49:01","slug":"september-24-relocated-identities-birgit-ellinghauss-speech-on-the-5th-conference-of-the-efn-and-75","status":"publish","type":"post","link":"https:\/\/www.mapamundimusica.com\/en\/newsletter\/september-24-relocated-identities-birgit-ellinghauss-speech-on-the-5th-conference-of-the-efn-and-75\/","title":{"rendered":"September 24. Relocated identities. Birgit Ellinghaus&#8217;s speech on the 5th Conference of the EFN and + #75"},"content":{"rendered":"<p><span style=\"font-size: 18pt;\"><span style=\"font-family: open sans, helvetica neue, helvetica, arial, sans-serif;\">Summary\u00a0\ud83d\udc47<\/span><span style=\"font-family: 'open sans', 'helvetica neue', helvetica, arial, sans-serif;\">\u00a0<\/span><\/span><\/p>\n<ul>\n<li><span style=\"font-family: helvetica, arial, sans-serif; font-size: 12pt;\">Editorial:<\/span><br \/>\n<span style=\"font-family: helvetica, arial, sans-serif; font-size: 12pt;\">\ud83d\udd38A few insights from the 5th Annual Conference of the European Folk Network\u00a0<\/span><br \/>\n<span style=\"font-family: helvetica, arial, sans-serif; font-size: 12pt;\">\ud83d\udd38Relocated identities<\/span><\/li>\n<li><span style=\"font-family: helvetica, arial, sans-serif; font-size: 12pt;\">Birgit Ellinghaus&#8217;s Speech At The 5th Annual Conference Of The European Folk Network<\/span><\/li>\n<li><span style=\"font-family: helvetica, arial, sans-serif; font-size: 12pt;\">Brief news from the media, charts and sister projects + WOMEX 20 Top Labels<\/span><\/li>\n<li><span style=\"font-family: helvetica, arial, sans-serif; font-size: 12pt;\">Open calls:\u00a0Transglobal World Music Hall of Fame<\/span><\/li>\n<li><span style=\"font-family: helvetica, arial, sans-serif; font-size: 12pt;\">Meet me at \u2708\ufe0f<\/span><\/li>\n<\/ul>\n<hr \/>\n<p style=\"text-align: center;\"><span style=\"font-size: 18pt;\"><a class=\"mcnButton \" title=\" \u27a1\ufe0f This is the button for subscription \" href=\"https:\/\/mailchi.mp\/892ba551b707\/mapamundi-general\" target=\"_blank\" rel=\"noopener\">\u27a1\ufe0f This is the link for subscription<\/a><\/span><\/p>\n<div>\n<p><strong>Hello, <\/strong><strong>how are you?\u00a0<\/strong>I hope well. I am well but I have been so busy the last times!<\/p>\n<p><strong><img loading=\"lazy\" decoding=\"async\" class=\"alignright\" src=\"https:\/\/mcusercontent.com\/993c677d53044839b1b39b2dc\/images\/6b4734db-4561-1531-0ee9-af7ee75a99e3.jpeg\" width=\"347\" height=\"260\" align=\"right\" data-file-id=\"6058657\" \/><\/strong><span style=\"color: #800000;\"><strong>The 5th Annual Conference of the\u00a0European Folk Network<\/strong><\/span><\/p>\n<p>In previous editions, I have been announcing the 5th Annual Conference of the European Folk Network. I must say that it was extraordinary in both the diversity and depth of the topics we covered, as well as the brilliant minds that participated.\u00a0The production was also exemplary, led by Nod Knowles and an incredibly dedicated and experienced team. You can find all the details about the specific individuals and the entire program\u00a0<a href=\"https:\/\/www.europeanfolknetwork.com\/_files\/ugd\/b0bb1c_5e3a1480bb8646ce82f82fd2eb8c9177.pdf\" target=\"_blank\" rel=\"noopener\">here<\/a>.<\/p>\n<p>This time, it was held in Kaustinen, a place that, at least for folk fans in Spain, sounds almost mythical, like Rivendell or Avalon of Nordic folk. Well, it has a more tangible reality. If you haven&#8217;t been there, believe me, I assure you. More than a hundred people gathered, and I must say it was two days filled with exciting reflections.<\/p>\n<p>One of the moments I enjoyed the most was the participation of\u00a0<strong>Mikl\u00f3s Both<\/strong>, who is with me in the photo.\u00a0 I consider Mikl\u00f3s is one of the brightest minds we have in this community. The first time I heard about him was through his Polyphony Project, which you can check out\u00a0<a href=\"https:\/\/www.polyphonyproject.com\/en\" target=\"_blank\" rel=\"noopener\">here<\/a>. It is an initiative dedicated to preserving and documenting the traditional polyphonic songs of Ukraine. It provides an extensive digital archive of folk songs and stories, aiming to maintain and share the cultural heritage of Ukraine\u2019s polyphonic singing tradition.<\/p>\n<p>Mikl\u00f3s has been the director of the Hungarian Heritage House since November 2021. He took on the position when we were having the second Annual Meeting of the European Folk Network right at its facilities. The House is a center for the safeguarding and presentation of Hungary&#8217;s intangible cultural heritage, particularly through music, dance, and folk art.<\/p>\n<p><img loading=\"lazy\" decoding=\"async\" class=\"alignright\" src=\"https:\/\/mcusercontent.com\/993c677d53044839b1b39b2dc\/images\/586647e3-e038-02cc-ab0e-09fb1c21b7bb.jpeg\" width=\"300\" height=\"400\" data-file-id=\"6058664\" \/>And in this 5th Annual Meeting, Mikl\u00f3s explained how, during the folk revival of the 60s and 70s, the original rural context of traditional music was lost when that music was brought into the city, to a completely different setting. I found this idea quite insightful. This topic, regarding the romanticization of traditional music and how certain ideas are sometimes created around it that have more to do with fantasy than reality, is something I often discuss with\u00a0<strong>Juan Antonio Torres<\/strong>\u00a0from\u00a0<strong>Vig\u00fcela<\/strong>. One day, I\u2019ll delve deeper into this with him and bring it here.<\/p>\n<p>For my part, I had the pleasure of participating in the panel &#8220;Branding for Professional Folk,&#8221; moderated by\u00a0<strong>Laia Canals<\/strong>\u00a0(Tempi, Denmark), and with the participation of\u00a0<strong>Ale Carr<\/strong>\u00a0(Sweden), on the frame of his role for the Nordic Folk Alliance. The picture is by\u00a0<strong>Pablo Camino<\/strong>\u00a0(Spain is Music), who came to lead a discussion group about musical tourism.<\/p>\n<p>Honestly, it was a fascinating mental exercise for me, reflecting on some issues around country branding, comparing certain characteristics of my own country, Spain, which has a strong and recognizable brand, with its advantages and disadvantages, offering a few insights into its historical roots, and exploring how it contrasts with the concept of Nordic folk in a way that could be useful for them.<br \/>\n<span style=\"font-family: open sans, helvetica neue, helvetica, arial, sans-serif;\"><strong>~~~~~~~~~~~~<\/strong><\/span><br \/>\n<span style=\"color: #800000;\"><strong>Relocated identities<\/strong><\/span><br \/>\nDirectly connected to the topic I discuss further down, the part about\u00a0<strong>Birgit Ellinghaus<\/strong>\u2019\u00a0participation in the Annual Meeting is\u00a0what I want to tell you now. I learned from Eyal El Wahab, leader of the Yemeni Jewish band\u00a0<strong>El Khat<\/strong>\u00a0(picture by\u00a0Kfir Mualem, Eyal is the one in the middle), that they have emigrated from Jaffa, the old city next to Tel Aviv, to Berlin. It feels disheartening that such things happen.<\/p>\n<p>In the notes sent by the\u00a0<strong>Glitterbeat\u00a0<\/strong>record label about their latest album,\u00a0<em>Mute<\/em>, (you can listen to it\u00a0<a href=\"https:\/\/www.youtube.com\/playlist?list=OLAK5uy_lbVHjf5yiQjycywMOzbZeUFat2yDXkV-E&amp;playnext=1&amp;index=1\" target=\"_blank\" rel=\"noopener\">here<\/a>) these words are included:<\/p>\n<p><span style=\"color: #008080;\"><em>&#8220;The move was an expression of the nomadic urge that has been a constant in el Wahab\u2019s life, one that flows directly into his work. &#8216;These songs are about emigrating, leaving someone or somewhere. I don\u2019t think I\u2019ve stayed in any one place for more than a year. For us Arab Jews whose families were forced to leave Yemen, it really began with that big move and our families\u2019 arrival in Israel, a land with a constant muting of the \u2018other&#8217;.&#8221;\u00a0<\/em><\/span><br \/>\n<em><img loading=\"lazy\" decoding=\"async\" class=\"aligncenter\" src=\"https:\/\/mcusercontent.com\/993c677d53044839b1b39b2dc\/images\/87a42524-d49c-f28f-8ef7-be0b4b2a2cd9.jpg\" width=\"560\" height=\"419\" align=\"center\" data-file-id=\"6058658\" \/><\/em><\/p>\n<p>I would also like to share a few more words from Eyal:<\/p>\n<p><span style=\"color: #008080;\"><em>\u201cWe Arab Jews of Yemeni origin condemn the war in Gaza. The war is a mute, the actions of leaders are a mute, dividing Islam and Judaism or any other religion is a mute. Judging people based on their skin colour, where they were born, or ethnicity is a mute.\u201d<\/em><em>\u00a0\u201cI cannot even share my feelings with my friends and family anymore. People only see themselves instead of the entire picture, that \u2018whole\u2019 where we all complete each other and cannot be separated as if we were different parts of a human body.\u201d<\/em><\/span><\/p>\n<p>I don\u2019t know Eyal very well. We only met two years ago in Tel Aviv. Will we ever meet there again? Will they ever return?<\/p>\n<\/div>\n<div style=\"text-align: center;\"><span style=\"font-family: open sans, helvetica neue, helvetica, arial, sans-serif;\"><strong>~~~~~~~~~~~~<\/strong><\/span><\/div>\n<div style=\"text-align: center;\"><strong>I&#8217;m very tired, I have a lot of work, and on Thursday, Ali Do\u011fan G\u00f6n\u00fclta\u015f is coming to Spain to perform in M\u00e1laga and Madrid (which is great!). And somehow, I feel that writing this is the most important thing I could be doing right now.<\/strong><\/div>\n<hr \/>\n<div style=\"text-align: center;\"><strong>Remember: if you have any news of interest for our community, let me know. Thank you very much for your attention.<\/strong><\/div>\n<div style=\"text-align: center;\">Araceli Tzigane | Mapamundi M\u00fasica\u00a0|<strong>\u00a0+34 676\u00a030 28 82\u00a0<\/strong><\/div>\n<div>\n<hr \/>\n<\/div>\n<h3><strong><span style=\"color: #daa520;\">BIRGIT ELLINGHAUS&#8217;S SPEECH\u00a0<\/span><\/strong><strong><span style=\"color: #daa520;\">AT THE 5TH ANNUAL CONFERENCE\u00a0OF THE EUROPEAN FOLK NETWORK<br \/>\n<\/span><\/strong><span style=\"font-size: 14pt;\"><strong><span style=\"color: #daa520;\">ON THE PANEL &#8220;NEW EUROPEANS &#8211; ACCOMMODATING AND SAFEGUARDING THEIR ICH&#8221;<\/span><\/strong><\/span><\/h3>\n<div>\n<p><span style=\"font-family: open sans, helvetica neue, helvetica, arial, sans-serif;\">I had the idea, which turned out to be a very good one, to record the mentioned panel, as the speakers I know best, <strong>Birgit Ellinghaus<\/strong> (<a href=\"https:\/\/www.albakultur.de\/\" target=\"_blank\" rel=\"noopener\">alba Kultur<\/a>, Germany) and <strong>Alan Ibrahim<\/strong> (<a href=\"https:\/\/www.instagram.com\/music.for.identity\/\" target=\"_blank\" rel=\"noopener\">Music for Identity<\/a>, originally from Syria and based in Germany), contribute ideas that open paths to deep reflection. I am less familiar with the other participants: alongside them were moderator <strong>Jaana-Maria Jukkara<\/strong> (<a href=\"https:\/\/globalmusic.fi\/en\/home\" target=\"_blank\" rel=\"noopener\">Global Music Centre, Finland<\/a>) and\u00a0<strong><a href=\"https:\/\/mehrnooshzolfaghari.com\/EN\/\" target=\"_blank\" rel=\"noopener\">Mehrnoosh Zolfaghari<\/a><\/strong>\u00a0(kanunist from Iran settled in Finland).<\/span><\/p>\n<p>I have interviews with both of them from previous editions:<br \/>\n\ud83d\udd38<span style=\"font-family: open sans, helvetica neue, helvetica, arial, sans-serif;\"><a href=\"https:\/\/www.mapamundimusica.com\/en\/newsletter\/newsletterfebruary20\/\" target=\"_blank\" rel=\"noopener\">Here<\/a>\u00a0is Birgit&#8217;s and she has appeared on several occasions, for instance, before Migrans Music Manifesto,\u00a0<a href=\"https:\/\/www.mapamundimusica.com\/en\/newsletter\/magazine-38-august21-migrants-music-manifesto-chinese-imx-talk-with-eduardo-quezada-from-emprende-musica-latam-and-much\/\" target=\"_blank\" rel=\"noopener\">here<\/a>,<\/span><br \/>\n\ud83d\udd38<span style=\"font-family: open sans, helvetica neue, helvetica, arial, sans-serif;\">and\u00a0<a href=\"https:\/\/www.mapamundimusica.com\/en\/newsletter\/may-23-in-depth-with-music-for-identity-2-news-from-upbeat-talk-with-etnosur-festival-open-calls-and-59\/\" target=\"_blank\" rel=\"noopener\">here<\/a>\u00a0is Alan&#8217;s.<\/span><\/p>\n<p><img loading=\"lazy\" decoding=\"async\" class=\"aligncenter\" src=\"https:\/\/mcusercontent.com\/993c677d53044839b1b39b2dc\/images\/bc68dd87-6bd5-4c76-3541-4fa10eaf1caf.jpeg\" width=\"668\" height=\"329\" data-file-id=\"6058655\" \/><\/p>\n<p>This time, I have transcribed Birgit&#8217;s participation. To fully understand it, I recommend checking out, before or after reading her speech,\u00a0the Conventions and the charter she mentioned:<\/p>\n<p>\ud83d\udd38<span style=\"font-family: open sans, helvetica neue, helvetica, arial, sans-serif;\">UNESCO Convention on the Protection and Promotion of the Diversity of Cultural Expression &#8211;\u00a0<a href=\"https:\/\/www.unesco.org\/en\/legal-affairs\/convention-protection-and-promotion-diversity-cultural-expressions\" target=\"_blank\" rel=\"noopener\">website<\/a>\u00a0<\/span><br \/>\n\ud83d\udd38<span style=\"font-family: open sans, helvetica neue, helvetica, arial, sans-serif;\">UNESCO Convention for the Safeguarding of the Intangible Cultural Heritage (ICH) &#8211;\u00a0<a href=\"https:\/\/ich.unesco.org\/en\/convention\" target=\"_blank\" rel=\"noopener\">website<\/a><\/span><br \/>\n\ud83d\udd38<span style=\"font-family: open sans, helvetica neue, helvetica, arial, sans-serif;\">And the newest tool, which Birgit encouraged us to check and countersign, the Fair Culture Charter &#8211;\u00a0<a href=\"https:\/\/www.fair-culture.de\/\" target=\"_blank\" rel=\"noopener\">website<\/a>\u00a0(available in English, French, Spanish and German)<\/span><\/p>\n<\/div>\n<div><span style=\"font-family: open sans, helvetica neue, helvetica, arial, sans-serif;\"><strong>~~~~~~~~~~~~<\/strong><\/span><\/div>\n<div>\n<h2><strong>Birgit Ellinghaus&#8217;s speech:<\/strong><\/h2>\n<p><span style=\"color: #008080;\"><em><span style=\"font-family: open sans, helvetica neue, helvetica, arial, sans-serif;\">&#8220;<\/span><\/em>W<span style=\"font-family: open sans, helvetica neue, helvetica, arial, sans-serif;\">e spoke a lot about Intangible Cultural Heritage (ICH), yesterday and today, mainly in rural peaceful territories: Nordic Countries, Scotland\u2026 we saw all these great examples. And today the majority of the European population is living in urban regions of very pluralistic societies due to the migration of many different kinds: we call \u201crecruited skill workers\u201d who came and who are still coming to Europe, we have blue card holders, we have international students, we have displaced people from war zones or, in the future, maybe because of climate change, refugees coming to the Nordic zones, because they can&#8217;t survive anymore on the small islands in the Pacific or the Indian Ocean. So, they all have different cultural identities, they have different kind of food, languages, music, instruments, rituals, religions, understanding of the universe and nature. This is the cultural baggage they carry along here to this European territory.\u00a0<\/span><\/span><\/p>\n<p><span style=\"color: #008080;\"><em><span style=\"font-family: open sans, helvetica neue, helvetica, arial, sans-serif;\"><img loading=\"lazy\" decoding=\"async\" class=\"alignright\" src=\"https:\/\/mcusercontent.com\/993c677d53044839b1b39b2dc\/images\/f08c50cb-a990-6807-91c6-ca4e917bf9cb.jpeg\" width=\"374\" height=\"499\" data-file-id=\"6058665\" \/><\/span><\/em><span style=\"font-family: open sans, helvetica neue, helvetica, arial, sans-serif;\">So, I going to start with some questions about the term \u201cnew Europeans\u201d. Are there new Europeans and old Europeans? And who are old Europeans and could we really use this term? Do we really have a European identity? If we think about what Matti Hakam\u00e4ki* introduced to us yesterday as principles of communities and ICH, would the communities from the rural North identify themselves first as Europeans? Or do they have their local identity and the term European is put as a political on top? And do we want really ask to migrants from non-European territories to assimilate in Europe and to have an European identity? And in this case, what kind of European culture do we ask from them? And do we really want to put the power on others (the migrants) and name them \u201cnew Europeans\u201d and ignore and reject by this attitude their own roots in other (non-European) cultures?\u00a0Or is there a new grown identity by a community of people living in urban pluralistic societies in Europe we could name, now or in the future, European? All these are very dynamic and multifaceted questions. I would just pledge to avoid in this debate the Eurocentric views or post-colonial wording and classification.<\/span><\/span><\/p>\n<p><span style=\"color: #008080;\">And all this is in a broader context which has given us, not only the convention on ICH, but as well the UNESCO Convention on the Protection and Promotion of the Diversity of Cultural Expressions, which stands for the diversity of individuals and their rights to be recognized equally with their cultural expression and to make their cultural expressions and identity flourishing and developing freely.<\/span><\/p>\n<p><span style=\"color: #008080;\">This is why we call the UNESCO Convention of Cultural Diversity the \u201cmagna carta for contemporary creation\u201d. This is a convention, which has a different position within all the other UNESCO conventions, because only this convention has a binding power for the ratifying states. All states who have signed up with the UNESCO convention for cultural diversity have to implement this convention and all the rules and knowledge and concepts into their society, into our society and in the intergovernmental relationships with other countries. Europe has ratified as an entire network of states and each state within Europe has ratified this convention too. We have to see, that the ICH convention is nice to have, but it has no legal binding power. The UNESCO convention for cultural diversity has this legal binding power. And through this different concept we can say, both conventions are sister conventions, and the ICH convention is carried through the Convention on cultural diversity into a more powerful meaning, because, through the convention of cultural diversity, the ICH convention gets the relevance to be implemented within the concept of cultural diversity.<\/span><\/p>\n<p><span style=\"color: #008080;\">This is the concept which gives us access to the cultures from migrants of all kinds, which should be included on equal base into our cultural political debate and into our actions. Both conventions are commitments to artistic freedom, for fair working conditions of artists and creatives and other cultural workers, because around each artist you have such activists and many of you are activist as well.<\/span><\/p>\n<p><span style=\"color: #008080;\">And this diversity convention is a commitment to pay particular attention to vulnerable and marginalized people in all territories. It highlights the systematic inequalities and imbalances to cultural exchange, that continues to exist on local level, on regional, national and on global level. So, this is a tool we have with the cultural diversity convention, which makes us acting in our relationships and though these relationships we are expressing, what we mean with communities.<\/span><\/p>\n<p><span style=\"color: #008080;\">And I just would like to finish to give you some brand-new information, because last week we all got a new tool to act in this diverse cultural landscape in Europe: it\u2019s the Fair Culture Charter, which has been worked out after the World Conference on Cultural Policies and Sustainable Development MONDIACULT in Mexico one and a half year ago by a number of national UNESCO committees from Africa, Asia, Europe, Latin America. All together it was a really a collective process to draw down and to squeeze some rules, specifically for the cultural sector from these UNESCO Conventions, but as well from some international laws, such as the status of artists, which had been recommended already in 1980, by the UN, by the Human Rights Declaration, by some economic, social and cultural rights laws, which has been approved by the UN and, lately, the Sustainable Development Goals.<\/span><\/p>\n<p><span style=\"color: #008080;\">This Fair Culture Charter is the complete application of all these diverse tools for the cultural sector and it has been broken down to eight principles, I do not name them all, but some are: access to diverse culture expressions and resources, non-discrimination and gender equality, local development\u2026 These are principles of this Charter which gives us now really power to act. And I call to all of you to get in the internet on the on the website www.fair-culture.org and to countersign this Charter and to spread the word. Everybody, individuals and organizations, can sign this Charter and this could be a very powerful tool for us, similar to what we know already since many years from the fair-trade movement. So, we would like to start a fair-culture movement with this, which helps to implement our mission in the field of music.&#8221;<\/span><\/p>\n<\/div>\n<div><span style=\"color: #555555; font-family: 'open sans', 'helvetica neue', helvetica, arial, sans-serif; font-size: 10pt;\">*\u00a0<strong>Matti Hakam\u00e4ki\u00a0<\/strong>is the\u00a0director of the Finnish Folk Music Institute, that hosted the conference.\u00a0<a href=\"https:\/\/ich.unesco.org\/es\/trainer\/hakamaki-matti-03468\" target=\"_blank\" rel=\"noopener\">This<\/a>\u00a0is his profile at the UNESCO website. The day before, Matti had made the Keynote &#8220;UNESCO Inscriptions, Safeguarding ICH and Professional Folk Music&#8221;, together with\u00a0Esbj\u00f6rn Hogmark (ESI, SE).\u00a0<\/span><\/div>\n<div style=\"text-align: center;\"><span style=\"font-family: open sans, helvetica neue, helvetica, arial, sans-serif;\"><strong>~~~~~~~~~~~~<\/strong><\/span><br \/>\n<strong><span style=\"font-family: open sans, helvetica neue, helvetica, arial, sans-serif;\">I want to close the section saying thank you to Birgit and asking you to check out the Fair Culture Charter on its\u00a0<a href=\"https:\/\/www.fair-culture.de\/\" target=\"_blank\" rel=\"noopener\">website<\/a>\u00a0and if you agree with it, please consider supporting it by signing as an individual or as an organization.<\/span><\/strong><\/div>\n<p>&nbsp;<\/p>\n<hr \/>\n<h3><strong><span style=\"color: #daa520;\">BRIEF NEWS FROM THE MEDIA, CHARTS AND SISTER PROJECTS\u00a0<\/span><\/strong><span style=\"color: #000000; font-family: open sans, helvetica neue, helvetica, arial, sans-serif;\"><img loading=\"lazy\" decoding=\"async\" class=\"alignright\" src=\"https:\/\/mcusercontent.com\/993c677d53044839b1b39b2dc\/images\/e032fb01-1481-4ae7-a53d-1b163dd4572c.jpg\" width=\"180\" height=\"180\" align=\"right\" data-file-id=\"4734514\" \/><\/span><\/h3>\n<div>\n<hr \/>\n<p>\ud83d\udd38<span style=\"font-family: 'open sans', 'helvetica neue', helvetica, arial, sans-serif;\">#1\u00a0for\u00a0<a href=\"https:\/\/www.transglobalwmc.com\/charts\/august-2024-chart\/\" target=\"_blank\" rel=\"noopener\">Transglobal World Music Chart in September\u00a0of\u00a0202<\/a><a href=\"https:\/\/www.transglobalwmc.com\/charts\/july-2024-chart\/\" target=\"_blank\" rel=\"noopener\">4<\/a>\u00a0is: Bassekou Kouyate &amp; Amy Sacko&#8217;s\u00a0<em>Djudjon, l\u2019Oiseau de Garana<\/em>\u00a0(One World)<\/span><\/p>\n<\/div>\n<div>\n<hr \/>\n<\/div>\n<p>\ud83d\udd38<span style=\"font-family: 'open sans', 'helvetica neue', helvetica, arial, sans-serif;\"><a href=\"https:\/\/mundofonias.com\/wp\/?p=7634\" target=\"_blank\" rel=\"noopener\">Mundofon\u00edas<\/a>: the three favourite of the months are the albums\u00a0<em>Exils<\/em>, by\u00a0Ru\u015fan Filiztek,\u00a0<em>Cuckoo<\/em>, by the Lemon Bucket Orkestra and\u00a0<em>Daou ribl<\/em>\u00a0by\u00a0Le Bour-Bodros<\/span><\/p>\n<div>\n<p><span style=\"color: #000000; font-family: open sans, helvetica neue, helvetica, arial, sans-serif;\"><img decoding=\"async\" class=\"aligncenter\" src=\"https:\/\/mcusercontent.com\/993c677d53044839b1b39b2dc\/images\/1b15c006-16d2-6e52-d873-19d60b0ac1be.jpg\" width=\"560\" data-file-id=\"6058660\" \/><\/span><\/p>\n<hr \/>\n<p>\ud83d\udd38<span style=\"font-family: 'open sans', 'helvetica neue', helvetica, arial, sans-serif;\">The\u00a0<strong>20 Top Labels for WOMEX<\/strong>\u00a0is made with the data of the monthly playlist charts that they receive from their partners &#8220;<em><span style=\"font-family: open sans, helvetica neue, helvetica, arial, sans-serif;\">World Music Charts Europe and Transglobal World Music Chart\u00a0who work with more than 100 journalists and broadcasters worldwide enable us to compile this list<\/span><\/em>&#8220;. All the details are\u00a0<a href=\"https:\/\/www.womex.com\/programme\/awards\/labels_2024\" target=\"_blank\" rel=\"noopener\">here<\/a>.<\/span><\/p>\n<div>\n<p><span style=\"font-family: 'open sans', 'helvetica neue', helvetica, arial, sans-serif;\"><img loading=\"lazy\" decoding=\"async\" class=\"alignright\" src=\"https:\/\/mcusercontent.com\/993c677d53044839b1b39b2dc\/images\/4ae9c757-c0bc-fb48-e0af-589422a13533.jpg\" width=\"280\" height=\"173\" align=\"right\" data-file-id=\"6058663\" \/><\/span><span style=\"font-family: 'open sans', 'helvetica neue', helvetica, arial, sans-serif;\">The 20 Top independent labels are<\/span><\/p>\n<ul>\n<li><span style=\"font-family: 'open sans', 'helvetica neue', helvetica, arial, sans-serif; font-size: 11pt;\">Glitterbeat Records (Germany)<\/span><\/li>\n<li><span style=\"font-family: 'open sans', 'helvetica neue', helvetica, arial, sans-serif; font-size: 11pt;\">Real World Records (UK)<\/span><\/li>\n<li><span style=\"font-family: 'open sans', 'helvetica neue', helvetica, arial, sans-serif; font-size: 11pt;\">Buda Musique (France)<\/span><\/li>\n<li><span style=\"font-family: 'open sans', 'helvetica neue', helvetica, arial, sans-serif; font-size: 11pt;\">Galileo MC (Spain\/Germany)<\/span><\/li>\n<li><span style=\"font-family: 'open sans', 'helvetica neue', helvetica, arial, sans-serif; font-size: 11pt;\">Nordic Notes \/ CPL Music (Germany)<\/span><\/li>\n<li><span style=\"font-family: 'open sans', 'helvetica neue', helvetica, arial, sans-serif; font-size: 11pt;\">Segell Microscopi (Spain)<\/span><\/li>\n<li><span style=\"font-family: 'open sans', 'helvetica neue', helvetica, arial, sans-serif; font-size: 11pt;\">ARC Music (UK)<\/span><\/li>\n<li><span style=\"font-family: 'open sans', 'helvetica neue', helvetica, arial, sans-serif; font-size: 11pt;\">Mieruba (Mali)<\/span><\/li>\n<li><span style=\"font-family: 'open sans', 'helvetica neue', helvetica, arial, sans-serif; font-size: 11pt;\">Zero Nove Nove (Italy)<\/span><\/li>\n<li><span style=\"font-family: 'open sans', 'helvetica neue', helvetica, arial, sans-serif; font-size: 11pt;\">One World Records (Denmark)<\/span><\/li>\n<li><span style=\"font-family: 'open sans', 'helvetica neue', helvetica, arial, sans-serif; font-size: 11pt;\">Ajabu! Records (Sweden\/Germany)<\/span><\/li>\n<li><span style=\"font-family: 'open sans', 'helvetica neue', helvetica, arial, sans-serif; font-size: 11pt;\">Analog Africa (Germany)<\/span><\/li>\n<li><span style=\"font-family: 'open sans', 'helvetica neue', helvetica, arial, sans-serif; font-size: 11pt;\">Riverboat Records \/ World Music Network (UK)<\/span><\/li>\n<li><span style=\"font-family: 'open sans', 'helvetica neue', helvetica, arial, sans-serif; font-size: 11pt;\">Trad Records (Belgium)<\/span><\/li>\n<li><span style=\"font-family: 'open sans', 'helvetica neue', helvetica, arial, sans-serif; font-size: 11pt;\">Smithsonian Folkways Recordings (USA)<\/span><\/li>\n<li><span style=\"font-family: 'open sans', 'helvetica neue', helvetica, arial, sans-serif; font-size: 11pt;\">Outhere Records (Germany)<\/span><\/li>\n<li><span style=\"font-family: 'open sans', 'helvetica neue', helvetica, arial, sans-serif; font-size: 10pt;\">ZZK Records (Argentina)<\/span><\/li>\n<li><span style=\"font-family: 'open sans', 'helvetica neue', helvetica, arial, sans-serif; font-size: 11pt;\">Wagram \/ Chapter Two (France)<\/span><\/li>\n<li><span style=\"font-family: 'open sans', 'helvetica neue', helvetica, arial, sans-serif; font-size: 11pt;\">Dreyer Gaido (Germany)<\/span><\/li>\n<li><span style=\"font-family: 'open sans', 'helvetica neue', helvetica, arial, sans-serif; font-size: 11pt;\">World Circuit (UK)<\/span><\/li>\n<\/ul>\n<\/div>\n<\/div>\n<hr \/>\n<p>&nbsp;<\/p>\n<h4 style=\"text-align: center;\"><strong>Do you have a call of interest for our community that you want to share? Let me know asap<\/strong><\/h4>\n<hr \/>\n<h3><strong>OPEN CALLS\u00a0<\/strong><\/h3>\n<p>This section is open for news. It is free of charge. You can let me know if you have any open call\u00a0of relevance to the community.<\/p>\n<div>\n<hr \/>\n<ul>\n<li>\n<div>\n<h5><span style=\"font-family: open sans, helvetica neue, helvetica, arial, sans-serif;\"><strong>Transglobal World Music Hall of Fame<\/strong><\/span><\/h5>\n<\/div>\n<\/li>\n<\/ul>\n<p>The Transglobal World Music Hall Fame celebrates excellence in the world music field. The Hall of Fame includes three categories: 1) Artists, 2) Professional Excellence; and 3) In Memoriam.\u00a0Would you like to submit any individual or organization?<\/p>\n<p>The period for proposals for 2024 is open until 31st of October 2024.\u00a0Submit your proposals through the form at the bottom of\u00a0<a href=\"https:\/\/www.transglobalwmc.com\/transglobal-world-music-chart-hall-of-fame\/\" target=\"_blank\" rel=\"noopener\">this website<\/a>. Below you see the inductees of 2023. Check the ones also of 2022 and 2021, in\u00a0<a href=\"https:\/\/www.transglobalwmc.com\/transglobal-world-music-chart-hall-of-fame\/\" target=\"_blank\" rel=\"noopener\">the website<\/a>.<\/p>\n<p><img loading=\"lazy\" decoding=\"async\" class=\"aligncenter\" src=\"https:\/\/mcusercontent.com\/993c677d53044839b1b39b2dc\/images\/fbe3e68e-03e1-f68d-a4b5-f6ff9fe69601.jpg\" width=\"560\" height=\"598\" data-file-id=\"6058662\" \/><\/p>\n<\/div>\n<hr \/>\n<h3><span style=\"color: #daa520;\"><strong>MEET ME AT<\/strong><\/span><\/h3>\n<p>If you happen to attend these events, drop me a line. They are international events to which some of the readers may attend.\u00a0If you are not, they can be interesting for you too\u00a0in any case.<\/p>\n<ul>\n<li><strong>10-13 October<\/strong>, Fira Mediterr\u00e0nia de Manresa.<\/li>\n<li><strong>23-27 October<\/strong>:\u00a0<strong>WOMEX\u00a0<\/strong>in Manchester (UK).<\/li>\n<li><strong>19-22 November:\u00a0<\/strong>Mundial Montreal (Canada).<\/li>\n<\/ul>\n<p><\/p>","protected":false},"excerpt":{"rendered":"<p>Summary\u00a0\ud83d\udc47\u00a0 Editorial: \ud83d\udd38A few insights from the 5th Annual Conference of the European Folk Network\u00a0 \ud83d\udd38Relocated identities Birgit Ellinghaus&#8217;s Speech At The 5th Annual Conference Of The European Folk Network Brief news from the media, charts and sister projects + WOMEX 20 Top Labels Open calls:\u00a0Transglobal World Music Hall of Fame Meet me at \u2708\ufe0f [&hellip;]<\/p>\n","protected":false},"author":1,"featured_media":0,"comment_status":"closed","ping_status":"open","sticky":false,"template":"","format":"standard","meta":{"footnotes":""},"categories":[19],"tags":[],"class_list":["post-3682","post","type-post","status-publish","format-standard","hentry","category-newsletter"],"_links":{"self":[{"href":"https:\/\/www.mapamundimusica.com\/en\/wp-json\/wp\/v2\/posts\/3682","targetHints":{"allow":["GET"]}}],"collection":[{"href":"https:\/\/www.mapamundimusica.com\/en\/wp-json\/wp\/v2\/posts"}],"about":[{"href":"https:\/\/www.mapamundimusica.com\/en\/wp-json\/wp\/v2\/types\/post"}],"author":[{"embeddable":true,"href":"https:\/\/www.mapamundimusica.com\/en\/wp-json\/wp\/v2\/users\/1"}],"replies":[{"embeddable":true,"href":"https:\/\/www.mapamundimusica.com\/en\/wp-json\/wp\/v2\/comments?post=3682"}],"version-history":[{"count":5,"href":"https:\/\/www.mapamundimusica.com\/en\/wp-json\/wp\/v2\/posts\/3682\/revisions"}],"predecessor-version":[{"id":3687,"href":"https:\/\/www.mapamundimusica.com\/en\/wp-json\/wp\/v2\/posts\/3682\/revisions\/3687"}],"wp:attachment":[{"href":"https:\/\/www.mapamundimusica.com\/en\/wp-json\/wp\/v2\/media?parent=3682"}],"wp:term":[{"taxonomy":"category","embeddable":true,"href":"https:\/\/www.mapamundimusica.com\/en\/wp-json\/wp\/v2\/categories?post=3682"},{"taxonomy":"post_tag","embeddable":true,"href":"https:\/\/www.mapamundimusica.com\/en\/wp-json\/wp\/v2\/tags?post=3682"}],"curies":[{"name":"wp","href":"https:\/\/api.w.org\/{rel}","templated":true}]}}