{"id":3412,"date":"2023-09-27T01:28:22","date_gmt":"2023-09-26T23:28:22","guid":{"rendered":"https:\/\/www.mapamundimusica.com\/?p=3412"},"modified":"2023-09-27T02:01:14","modified_gmt":"2023-09-27T00:01:14","slug":"september-23-talk-with-ludovico-esposito-sud-sonico-after-balkanmost-aa-music-booking-news-from-babel-music-xp-open-calls-63","status":"publish","type":"post","link":"https:\/\/www.mapamundimusica.com\/en\/newsletter\/september-23-talk-with-ludovico-esposito-sud-sonico-after-balkanmost-aa-music-booking-news-from-babel-music-xp-open-calls-63\/","title":{"rendered":"September 23. Talk with Ludovico Esposito (Sud Sonico), after Balkan:MOST, A&#038;A Music Booking, news from Babel Music XP, open calls\u2026 #63"},"content":{"rendered":"<p><\/p>\n<h3><span style=\"font-family: open sans, helvetica neue, helvetica, arial, sans-serif;\"><strong>Summary\u00a0\ud83d\udc47<\/strong><\/span><span style=\"color: #ffffff; font-family: open sans, helvetica neue, helvetica, arial, sans-serif;\">\u00a0<\/span><\/h3>\n<div>\n<p><span style=\"font-family: arial, helvetica, sans-serif; font-size: 14pt;\">Editorial<\/span><\/p>\n<hr \/>\n<p><span style=\"font-family: arial, helvetica, sans-serif; font-size: 14pt;\">A&amp;A Music Booking,\u00a0joint venture between Mapamundi M\u00fasica and Asya Music &amp; Management (Turkey)<\/span><\/p>\n<hr \/>\n<p><span style=\"font-family: arial, helvetica, sans-serif; font-size: 14pt;\">Talk with\u00a0Ludovico Esposito, from the Italian association Sud Sonico<\/span><\/p>\n<hr \/>\n<p><span style=\"font-family: arial, helvetica, sans-serif; font-size: 14pt;\">Update about\u00a0Babel Music XP\u00a0from its director\u00a0Olivier Rey<\/span><\/p>\n<hr \/>\n<p><span style=\"font-family: arial, helvetica, sans-serif; font-size: 14pt;\">European Folk Day,\u00a0how it was<\/span><\/p>\n<hr \/>\n<p><span style=\"font-family: arial, helvetica, sans-serif; font-size: 14pt;\">Brief news from the media, charts and sister projects<\/span><\/p>\n<\/div>\n<div>\n<hr \/>\n<\/div>\n<p><span style=\"font-family: arial, helvetica, sans-serif; font-size: 14pt;\">Open calls\u00a0and more news from professional events\u00a0\ud83d\udcbc<\/span><\/p>\n<hr \/>\n<p><span style=\"font-family: arial, helvetica, sans-serif; font-size: 14pt;\">Meet me at\u00a0\u2708\ufe0f<\/span><\/p>\n<hr \/>\n<h3 style=\"text-align: center;\"><a class=\"mcnButton \" title=\" \u27a1\ufe0f This is the button for subscription \" href=\"https:\/\/mailchi.mp\/892ba551b707\/mapamundi-general\" target=\"_blank\" rel=\"noopener noreferrer\">\u27a1\ufe0f This is the link for subscription<\/a><\/h3>\n<table style=\"width: 100%;\" border=\"0\" cellspacing=\"0\" cellpadding=\"0\" align=\"left\">\n<tbody>\n<tr>\n<td class=\"mcnShareIconContent\" style=\"width: 8.87315%;\" align=\"center\" valign=\"middle\" width=\"24\"><a href=\"http:\/\/twitter.com\/intent\/tweet?text=August+23.+Talk+with+Imed+Alibi+from+Atelier+des+Artistes+en+Exil%2C+European+Folk+Day%2C+news%2C+open+calls%E2%80%A6+%2362:%20http%3A%2F%2Feepurl.com%2FiAwMK2\" target=\"_blank\" rel=\"noopener noreferrer\"><img loading=\"lazy\" decoding=\"async\" class=\"\" src=\"https:\/\/cdn-images.mailchimp.com\/icons\/social-block-v2\/outline-dark-twitter-48.png\" alt=\"Share it in Twitter\" width=\"46\" height=\"46\" \/><\/a><\/td>\n<td class=\"mcnShareTextContent\" style=\"width: 90.9804%;\" align=\"left\" valign=\"middle\"><a href=\"http:\/\/twitter.com\/intent\/tweet?text=August+23.+Talk+with+Imed+Alibi+from+Atelier+des+Artistes+en+Exil%2C+European+Folk+Day%2C+news%2C+open+calls%E2%80%A6+%2362:%20http%3A%2F%2Feepurl.com%2FiAwMK2\" target=\"\" rel=\"noopener noreferrer\">Share it on Twitter<\/a><\/td>\n<\/tr>\n<\/tbody>\n<\/table>\n<table style=\"width: 100%;\" border=\"0\" cellspacing=\"0\" cellpadding=\"0\" align=\"left\">\n<tbody>\n<tr>\n<td class=\"mcnShareIconContent\" style=\"width: 8.67071%;\" align=\"center\" valign=\"middle\" width=\"24\"><a href=\"http:\/\/www.facebook.com\/sharer\/sharer.php?u=http%3A%2F%2Feepurl.com%2FiAwMK2\" target=\"_blank\" rel=\"noopener noreferrer\"><img loading=\"lazy\" decoding=\"async\" class=\"\" src=\"https:\/\/cdn-images.mailchimp.com\/icons\/social-block-v2\/outline-dark-facebook-48.png\" alt=\"Share it in FB\" width=\"48\" height=\"48\" \/><\/a><\/td>\n<td class=\"mcnShareTextContent\" style=\"width: 91.1828%;\" align=\"left\" valign=\"middle\"><a href=\"http:\/\/www.facebook.com\/sharer\/sharer.php?u=http%3A%2F%2Feepurl.com%2FiAwMK2\" target=\"\" rel=\"noopener noreferrer\">Share it on FB<\/a><\/td>\n<\/tr>\n<\/tbody>\n<\/table>\n<table style=\"width: 100%;\" border=\"0\" cellspacing=\"0\" cellpadding=\"0\" align=\"left\">\n<tbody>\n<tr>\n<td class=\"mcnShareIconContent\" style=\"width: 8.52418%;\" align=\"center\" valign=\"middle\" width=\"24\"><a href=\"http:\/\/www.linkedin.com\/shareArticle?url=http%3A%2F%2Feepurl.com%2FiAwMK2&amp;mini=true&amp;title=August+23.+Talk+with+Imed+Alibi+from+Atelier+des+Artistes+en+Exil%2C+European+Folk+Day%2C+news%2C+open+calls%E2%80%A6+%2362\" target=\"_blank\" rel=\"noopener noreferrer\"><img loading=\"lazy\" decoding=\"async\" class=\"\" src=\"https:\/\/cdn-images.mailchimp.com\/icons\/social-block-v2\/outline-dark-linkedin-48.png\" alt=\"Share it in Linkedin\" width=\"51\" height=\"51\" \/><\/a><\/td>\n<td class=\"mcnShareTextContent\" style=\"width: 91.3293%;\" align=\"left\" valign=\"middle\"><a href=\"http:\/\/www.linkedin.com\/shareArticle?url=http%3A%2F%2Feepurl.com%2FiAwMK2&amp;mini=true&amp;title=August+23.+Talk+with+Imed+Alibi+from+Atelier+des+Artistes+en+Exil%2C+European+Folk+Day%2C+news%2C+open+calls%E2%80%A6+%2362\" target=\"\" rel=\"noopener noreferrer\">Share it on Linkedin<\/a><\/td>\n<\/tr>\n<\/tbody>\n<\/table>\n<table style=\"width: 100%;\" border=\"0\" cellspacing=\"0\" cellpadding=\"0\" align=\"left\">\n<tbody>\n<tr>\n<td class=\"mcnShareIconContent\" style=\"width: 8.37767%;\" align=\"center\" valign=\"middle\" width=\"24\"><a href=\"https:\/\/us13.forward-to-friend.com\/forward?u=993c677d53044839b1b39b2dc&amp;id=267edae8df&amp;e=[UNIQID]\" target=\"_blank\" rel=\"noopener noreferrer\"><img loading=\"lazy\" decoding=\"async\" class=\"\" src=\"https:\/\/cdn-images.mailchimp.com\/icons\/social-block-v2\/dark-forwardtofriend-48.png\" alt=\"If you like this content, forward it \u2b05\ufe0f\" width=\"50\" height=\"50\" \/><\/a><\/td>\n<td class=\"mcnShareTextContent\" style=\"width: 91.4758%;\" align=\"left\" valign=\"middle\"><a href=\"https:\/\/us13.forward-to-friend.com\/forward?u=993c677d53044839b1b39b2dc&amp;id=267edae8df&amp;e=[UNIQID]\" target=\"\" rel=\"noopener noreferrer\">If you like this content, forward it \u2b05\ufe0f<\/a><\/td>\n<\/tr>\n<\/tbody>\n<\/table>\n<div><\/div>\n<p><strong><img loading=\"lazy\" decoding=\"async\" class=\"alignleft\" src=\"https:\/\/mcusercontent.com\/993c677d53044839b1b39b2dc\/images\/010035cc-1146-4d55-f95e-8eace04291d7.jpg\" width=\"347\" height=\"260\" align=\"left\" data-file-id=\"5930299\" \/>Hello, <\/strong><strong>how are you?<\/strong><\/p>\n<div>\n<p>I am\u00a0well. I begin this editorial with a photo of myself and Ludovico Esposito. He is the protagonist of this edition. I met him at Balkan:MOST, but I had previously had my eye on him and contacted him to have a chat there.Some ideas I had seen on his profile on the festival&#8217;s intranet had caught my attention:\u00a0&#8220;<em>Ludovico uses music as a medium for recreational, educational, tourism, and humanitarian-environmental purposes, producing concerts, festivals, capacity-building programs, and fundraising events in support of devastated geographical areas<\/em>&#8220;.\u00a0In recent times I have been reflecting a lot on questions concerning the use of music (and also the use of the musicians).\u00a0Also on other issues that I am recurrently mentioning here, such as the exclusion from\u00a0the world music industry of many artists who make &#8220;world music&#8221;, caused by several issues. I will not dwell on this now.<\/p>\n<p><a href=\"https:\/\/artisticfreedominitiative.org\/wp-content\/uploads\/2018\/03\/logo_main.png\" target=\"_blank\" rel=\"noopener noreferrer\"><img loading=\"lazy\" decoding=\"async\" class=\"alignright\" src=\"https:\/\/mcusercontent.com\/993c677d53044839b1b39b2dc\/images\/5dfafb4a-6d18-b41a-9a68-4c5ef8cef2c6.png\" width=\"265\" height=\"131\" align=\"right\" data-file-id=\"5930411\" \/><\/a>But related to this issues, at Balkan:MOST I also met\u00a0<a href=\"https:\/\/www.linkedin.com\/in\/amita-vempati-918a36117\/\" target=\"_blank\" rel=\"noopener noreferrer\">Amita Vempati<\/a>, development manager of the organisation\u00a0<a href=\"https:\/\/artisticfreedominitiative.org\/\" target=\"_blank\" rel=\"noopener noreferrer\">Artistic Freedom Initiative<\/a>, which is dedicated to creating the conditions for artists who are unable to develop their work in their countries because they are experiencing censorship, persecution, forced displacement, armed conflict or\u00a0humanitarian crisis.<br \/>\nThey support them in several ways, like\u00a0through legal and practical support to settle in the USA. They are also starting to work in Europe. We are talking about artists in situations like those who can be getting support from the French organisation\u00a0<a href=\"http:\/\/aa-e.org\/fr\/\" target=\"_blank\" rel=\"noopener noreferrer\">L&#8217;Atelier des Artistes en Exil<\/a>, about which I spoke in the previous edition in the conversation with Imed Alibi. Read that edition, the #62,\u00a0<a href=\"http:\/\/aa-e.org\/fr\/\" target=\"_blank\" rel=\"noopener noreferrer\">here<\/a>.<\/p>\n<p>These people I am talking about have been an important part of my Balkan:MOST experience. Another essential part has been David Sierra, my colleague with whom I share many things (I made him an interview for this newsletter, that is available\u00a0<a href=\"https:\/\/www.mapamundimusica.com\/en\/newsletter\/magazine-36-june21-in-depth-with-david-sierra-many-open-calls-including-creative-europe-%f0%9f%98%b1-and\/\" target=\"_blank\" rel=\"noopener noreferrer\">here<\/a>). I want to mention him because we had some fascinating conversations. I was also able to meet other old friends who have been through this newsletter before, such as Bojan Djordjevic, from the Todo Mundo festival (his interview, from 2019, is\u00a0<a href=\"https:\/\/www.mapamundimusica.com\/en\/newsletter\/newsletteroctober19\/\" target=\"_blank\" rel=\"noopener noreferrer\">here<\/a>)\u00a0and to meet in person others with whom I was in contact from afar, such as Andr\u00e1s Halmos, who was also a protagonist (his interview, much recent, is\u00a0<a href=\"https:\/\/www.mapamundimusica.com\/en\/newsletter\/jan-23-interview-with-andras-halmos-news-calls-and-55\/\" target=\"_blank\" rel=\"noopener noreferrer\">here<\/a>).<\/p>\n<p>The truth is that I feel very privileged to meet these people and to be at these events. All of this gives me a lot of food for thought. Perhaps for other people, being in these environments comes as no surprise. For me, it is still very exciting. Well, I have a lot of excitement coming up in October&#8230;\u00a0I&#8217;ll tell you about it below. But now, it&#8217;s time to give a voice to others.\u00a0They are sure to be of great interest to you.<\/p>\n<\/div>\n<hr \/>\n<p style=\"text-align: center;\"><span style=\"font-size: 14pt;\"><strong>Remember: if you have any news of interest for our community, let me know. Thank you very much for your attention.<\/strong><\/span><\/p>\n<p style=\"text-align: center;\">Araceli Tzigane | Mapamundi M\u00fasica\u00a0|<strong>\u00a0+34 676\u00a030 28 82\u00a0<\/strong><\/p>\n<hr \/>\n<h1><strong><span style=\"color: #daa520;\">A&amp;A MUSIC BOOKING, JOINT VENTURE BETWEEN MAPAMUNDI M\u00daSICA AND ASYA MUSIC &amp; MANAGEMENT<\/span><\/strong><\/h1>\n<p>Let me tell you a story. In February I travelled to Istanbul. It was the same week as the earthquakes. I&#8217;m sure you remember it. I almost didn&#8217;t go&#8230; I was going to travel for a concert of Ali Do\u011fan G\u00f6n\u00fclta\u015f. We were going to shoot a video of the concert and do a photo session.<\/p>\n<p>Both things were cancelled but I kept the trip. I had already paid for everything and I had some meetings that we were still able to keep.<\/p>\n<p>One of the meetings\u00a0was with Martin Greve, who I was going to meet for the first time, after the suggestion by Birgit Ellinghaus. Martin and me had arranged to meet in \u00dcsk\u00fcdar, in the Asian part of Istanbul. But due to a misunderstanding, I ended up in Kad\u0131k\u00f6y&#8230;<\/p>\n<p>Martin came over, we had coffee, dinner, and at one point it occurred to him to call his friend Asya Arslanta\u015f, who is in more or less the same line of work as me and she lived close to that place. Well, all this seems like a chain of events linked in a very fragile way, which led us to meet each other.<\/p>\n<p><img loading=\"lazy\" decoding=\"async\" class=\"alignright\" src=\"https:\/\/mcusercontent.com\/993c677d53044839b1b39b2dc\/images\/da764ff9-f634-ff45-e92a-42a7f70351e4.png\" width=\"426\" height=\"135\" align=\"right\" data-file-id=\"5925043\" \/><\/p>\n<p>The truth is that\u00a0everything in life is like that.\u00a0It has all been so improbable as to be almost impossible. But it happened!<\/p>\n<p>Asya was my protagonist in <a href=\"https:\/\/www.mapamundimusica.com\/en\/newsletter\/mar-23-interview-with-asya-music-management-rastak-from-the-exile-talk-with-a-to-jazz-new-event-in-angola-many-open-calls-57\/\" target=\"_blank\" rel=\"noopener noreferrer\">this edition of March<\/a>.\u00a0The truth is that we saw that we had a very similar approach to working with music and after several conversations, we decided to start a common path, of which this concert programme that you have here is the first proposal.\u00a0Soon we will also have a website\u00a0\ud83e\udd73.<\/p>\n<p><span style=\"color: #000000; font-family: open sans, helvetica neue, helvetica, arial, sans-serif;\"><img loading=\"lazy\" decoding=\"async\" class=\"aligncenter\" src=\"https:\/\/mcusercontent.com\/993c677d53044839b1b39b2dc\/images\/ab54ca57-82f6-2634-2bb9-51ed9765b855.png\" width=\"739\" height=\"515\" align=\"center\" data-file-id=\"5930419\" \/><\/span><\/p>\n<p style=\"text-align: center;\">You can download a dossier with more information,\u00a0<a href=\"https:\/\/www.dropbox.com\/scl\/fi\/ptb7gmc9e90rjg41sqzyy\/DossierEchoes.pdf?rlkey=dqz7tt0mxd0f1xq2peddqhv4r&amp;dl=0\" target=\"_blank\" rel=\"noopener noreferrer\">here<\/a>.<\/p>\n<p>&nbsp;<\/p>\n<hr \/>\n<h1><strong><span style=\"color: #daa520;\">AND NOW THE FLOOR IS FOR: <\/span><\/strong><strong><span style=\"color: #daa520;\">LUDOVICO ESPOSITO<\/span><\/strong><\/h1>\n<table style=\"border-collapse: collapse; width: 100%; height: 219px;\">\n<tbody>\n<tr style=\"height: 219px;\">\n<td style=\"width: 100%; background-color: #ffffff; height: 219px; border-color: #730505;\">\n<p style=\"text-align: center;\"><em>&#8220;Sud Sonico is a cultural association &amp; platform whose aim is to promote musical diversity and innovation through recreational and educational activities like festivals, seminars, conferences and concerts.<\/em><\/p>\n<p style=\"text-align: center;\"><em>Sud Sonico is formed by a a team of music professionals specialized in the field of music consultancy, event organization and music therapy. It operates in Lecce, South Italy, and had been collaborating with worldwide operators since 2012.<\/em><\/p>\n<p style=\"text-align: center;\"><em>Our ethical and professional values are innovation, diversity, quality, accessibility and inclusion, which are strongly communicated to citizens, institutions, public bodies and organizations.&#8221;<\/em><\/p>\n<p style=\"text-align: center;\">From the page\u00a0<a href=\"https:\/\/www.sudsonico.it\/en\/associazione\/\" target=\"_blank\" rel=\"noopener noreferrer\">Association of www.sudsonico.it<\/a><\/p>\n<\/td>\n<\/tr>\n<\/tbody>\n<\/table>\n<p><strong><img loading=\"lazy\" decoding=\"async\" class=\"aligncenter\" src=\"https:\/\/mcusercontent.com\/993c677d53044839b1b39b2dc\/images\/05dad0a8-7d20-d54b-7d02-fd7f8b8132d5.jpg\" width=\"689\" height=\"517\" align=\"center\" data-file-id=\"5930303\" \/><\/strong><\/p>\n<p><img loading=\"lazy\" decoding=\"async\" class=\"alignright\" src=\"https:\/\/mcusercontent.com\/993c677d53044839b1b39b2dc\/images\/c90a9b83-0a3f-7444-873f-9fd61351857c.jpg\" width=\"200\" height=\"200\" align=\"right\" data-file-id=\"5930379\" \/><\/p>\n<p><strong>Ludovico is the president of Sud Sonico. He was invited to Balkan:MOST to make a keynote during the pitching session. I took the picture above during his speech. He talked there for 4 minutes. But I was priviledged with more than 40 minutes of conversation with him\u00a0<\/strong>\ud83e\udd73<strong>.<\/strong><\/p>\n<p><strong>His artistic focus is what he calls as advanced music, with a strong pressence of electronics. That is a very different focus than mine, as I work mainly with acoustic music connected with the tradition. However, many of the things he explains seem to me to be very interesting and useful and applicable to any cultural initiative, especially when we work with material that is far from the mainstream.<\/strong><\/p>\n<p><strong>But without further ado, I will share the content of the interview.<\/strong><\/p>\n<hr \/>\n<p>&nbsp;<\/p>\n<div>\n<p><strong>Mapamundi M\u00fasica: You have the Association Sud Sonico, the Festival Avant, the Xenomorph Sounds concert series, and Sagra Elettronica.\u00a0<\/strong><\/p>\n<p><strong>Ludovico Esposito:<\/strong>\u00a0Sagra Elettronica is not going on. The project stopped since Covid. It was designed to be a modern food and electronic music event. In South of Italy,\u00a0<em>sagra<\/em>\u00a0is a street food format dedicated to specific ingredients. It might be sagra of octopus, sagra of aubergine\u2026 So the usual is to go there and listen to folk music and eat non-quality dishes. We wanted to create a modern sagra as a very high-quality street food and with quality electronic music. So we did two editions, but since Covid we could not bring it forward. As a 1000-people capacity event, it was challenging to keep the public security-capacity balanced. Although it was a successful project, we just stopped investing energies in it, and instead worked on \u201csafer\u201d and smaller event concepts. Food, installations, people gathering, dancing and eating in old farms\u2026 Sagra Elettronica has been a great format, it has been done in the right time, and looked ahead of it proudly.<\/p>\n<p><span style=\"color: #000000;\"><img loading=\"lazy\" decoding=\"async\" class=\"aligncenter\" src=\"https:\/\/mcusercontent.com\/993c677d53044839b1b39b2dc\/images\/8afb20b1-7a02-ea75-0145-ee2d07e7d1df.jpg\" width=\"676\" height=\"451\" data-file-id=\"5930363\" \/><\/span><\/p>\n<\/div>\n<div style=\"text-align: center;\"><span style=\"color: #000000;\">Sagra Elettronica @\u00a0Atraz Emilia\u00a0<\/span><\/div>\n<div><span style=\"color: #ffffff;\">.<\/span><\/div>\n<p>On the other hand, we invested in another project, in Avant, a different concept but the same soul. It is a boutique festival to create an intimate atmosphere and unite the beauties of our traditions with avantgarde music. We basically welcome 300 guests over a weekend of events. We have daytime and evening activities. During the day, we present wine tasting, food tasting and hiking or trekking on the Adriatic Sea. And in the evening, we present avantgarde music concerts, electronica, experimental electroacoustic and any hybrid sound or performance. But also, DJ sets. So we listen to quality music and we dance and we enjoy a weekend of togetherness in our spectacular panoramas and with our spectacular food and wine. It functions as a slow intimate tourism experiences, through music. It is a \u201cmore-adult\u201d and intimate format than Sagra Elettronica. It is basically the same concept, but designed for a different fruition and for different targets.<\/p>\n<p><strong>MM: I have seen that your approach to music or to art is recreational, educational and therapeutic. And you focus the art somehow for equality, it has kind of political or philosophical approach\u2026<\/strong><\/p>\n<p><strong>LE:\u00a0<\/strong>Yes, we have a benefit approach, so our association works and, in general, uses music for different purposes. When I mean recreational purposes, I refer to social cohesion and togetherness through live events like the festivals Sagra Electronica and AVANT, or the concert series Xenomorph sounds. These are different projects that serve to enable people to have fun and to stay together.<\/p>\n<p><span style=\"color: #ffffff;\">.<\/span><\/p>\n<div style=\"text-align: right;\"><span style=\"color: #008080; font-size: 18pt;\"><strong><em>&#8220;The idea of our educational approach is that, today, a sustainable and impactful project needs vertical skills and vertical vision. So it&#8217;s not only about marketing, communication or fundraising, but it&#8217;s about having a vertical approach, a vertical vision on projects.&#8221;<\/em><\/strong><\/span><\/div>\n<div><span style=\"color: #ffffff;\">.<\/span><\/div>\n<div>\n<p>About educational. We produce \u201cAvant Learn \u2013 Advanced Music XLR8R\u201d, a training program to enable young people or even freelancers to work better on music projects. This project was funded by MusicAIRE last year and it is pretty unique in Europe. The idea of our educational approach is that, today, a sustainable and impactful project needs vertical skills and vertical vision. So it&#8217;s not only about marketing, communication or fundraising, but it&#8217;s about having a vertical approach, a vertical vision on projects. So we organize free-entry master classes about music marketing, communication, fundraising, production, but also contemporary and modern ones like music tourism, sustainability, international fundraising, digital project management, data &amp; science, copyright. We help the students to be independent to and produce independently any sort of projects, from a festival, a record label, a technology start-up. I think that the reason why it got co-funded is because it is \u2013 and looked \u2013 as necessary for music organizations to cover so many different areas in terms of management, or at least, to have a clue on what it means to work on sustainability, music tourism or fundraising, and be able to delegate. We cannot do everything by ourselves, but we must be able to handle any area of a project and to delegate, to supervise and to track the impact.<\/p>\n<p>About the therapeutical approach: we did few seminar and laboratories on music therapy, we did such activities for children, but even for adults or for disabled people. So we help people to feel better through sound and music. We recently slowed down our focus on music therapy too, at the moment is not a primary activity for us.<\/p>\n<p><strong>MM: You, about the educational part. You\u00a0have at least to know that those areas of activity are there and they must be covered. You have to know that they exist.\u00a0<\/strong><\/p>\n<p><strong>LE:\u00a0<\/strong>\u201cAvant Learn\u201d is indeed meant to compensate such gap. For any educational section of the program, we hire a specialized professor, or we cover them ourselves. I can teach myself fundraising, project management, administration\u2026 For music tourism, I ask a colleague from Milan. For sustainability, I asked an Italian collegue, plus we collaborate with other entities in Italy and Europe that works on music festival impact reduction in terms of energy, water, waste recycling, purchase &#8211; any sustainability topics of the Agenda 2030.<\/p>\n<p>\u201cAvant Learn\u201d offers a highly advanced learning model, as the students satisfaction rate was very high. In terms of scaleup, we work on different scaling approaches. We are considering if and how to evolve in also in a e-learning program, to develop a digital methodology-sharing platform and not only an in-presence project. We also envision it as a point of touch between European organisations seeking to hire new talents, and new talents looking for traineeships in Europe.<\/p>\n<p>We are working to export it in several nations, by designing training programs tailored for the needs and goals of music organizations. For example, an organization in Europe asked us to train five of their volunteers in arts fundraising. So we designed an advanced learning project for that organization. A booking agency ask us to design a program for their artists to reinforce their skills in digital copyright, contracting, intellectual property\u2026 So we just produced one course, and not a complete training program. It results to be scalable, and shaped specifically for one organization or one specific project.\u00a0We aim to help organizations, citizens, people in any form which is possible through sound and music.<\/p>\n<p><strong>MM: My newsletter is sent to professionals working on what I do and also from festivals. If they want to have a consultancy with you about those topics, can they contact you for that service?<\/strong><\/p>\n<p><strong>LE<\/strong>: Of course. This specific project \u201cAvant Learn\u201d, but in general our organization Sud Sonico, works in two different fields: the production of our own projects and\u00a0advise and support to improve specific areas of an organization or project in terms of management, fundraising, cooperation and scaleup, engaging with citizens, artists, public administration and municipalities, cultural bodies or festival organizations\u2026 We can cover pretty much any area which is needed today to make projects sustainable, make individuals independent, smarter, more flexible and ready to afford the new challenges of the music and creative industries.<\/p>\n<p><strong>MM: And do you make all this under the frame of Sud Sonico?<\/strong><\/p>\n<p><strong>LE<\/strong>: Yes and no, my role in Sud Sonico as a President is not only to do fundraising, but to improve the non-profit projects of the organization in any possible capacity and scale. As a freelance, I offer music fundraising and project management consultancies. Our organization can collaborate with you mostly in some capacities, me as an individual, in others. Our associates and volunteers are amazing and their support in production and execution is fundamental. We are always open for collaboration ideas.<\/p>\n<p>We recently launched a new project, that expanded our vision. It is called M\u00fasica Etica (in English, Etic Music). It is a project which aim is to use music as a medium for humanitarian or environmental awareness purposes. We produced one even this year. As simple as it may sound, we played electronic music and we choose a humanitarian cause to support, asking donations to help us supporting it. This year, we wanted to support the victims of the earthquake in Syria and Turkey. So, we settled a partnership with Save The Children Italy, and they were happy to help us promote the event and distribute the donations on site to children and families. We are trying and open to boost this project on an international scale, to open bridges with Middle East and, in general, with real humanitarian and environmental organizations supporting the planet in any form.<\/p>\n<p>Sud Sonico is using music in many capacities, with many ideas and concepts, but the key goal is the same: to create benefits, to create a positive impact, not locally but worldwide.<br \/>\n<img loading=\"lazy\" decoding=\"async\" class=\"aligncenter\" src=\"https:\/\/mcusercontent.com\/993c677d53044839b1b39b2dc\/images\/e4cc4bc3-946d-2805-6d29-cb477a7e20bf.jpg\" width=\"713\" height=\"373\" data-file-id=\"5930375\" \/><\/p>\n<\/div>\n<p style=\"text-align: center;\">Banner of\u00a0Musica Etica, from\u00a0<a href=\"https:\/\/www.facebook.com\/photo\/?fbid=968246931093201&amp;set=a.711792120072018\" target=\"_blank\" rel=\"noopener noreferrer\">Sud Sonico&#8217;s Facebook page<\/a><\/p>\n<div>\n<p><strong>MM: About Xenomorph Sounds, tell me more.<\/strong><\/p>\n<p><strong>LE<\/strong>: It is a concert series, so it is a single one-day event. It is a kind of Avant Festival, in a smaller proportion. If there are not enough financial resources, we produce smaller, but always quality events, and Xenomorph Sounds is Sud Sonico\u2019s live music event project. We have produced 4 events with Italian and international experimental solo performers. Xenomorph is about showcasing a wide range of new music genres: electronic, experimental, electroacoustic, ambient, jazz, impro, and anything we think can fit the context. Equally to Avant or Sagra Elettronica, or like Musica Etica, we have no sound limit: as far is it avantgarde music, we can book any act. And depending on the venue, the atmosphere, the period, if it is summer or autumn\u2026 we shape, we design a program that unites a series of goals and needs. We produced this concert series in castles, in cultural centres, in bars\u2026 our aim is to make avantgarde music the most accessible as possible. We invited exceptional musicians like Italy\u2019s ambient wizard Gigi Masin, Italian saxophonist Laura Agnusdei, Austrian drummer Katharina Ernst, Japanese noise performer Yuko Araki, the band Give Guitars to People.<\/p>\n<p><strong>MM: Why did you come here to Balkan:MOST?<\/strong><\/p>\n<p><strong>LE<\/strong>: Because I was invited as a delegate from the festival to run keynote about the topic \u201cMusic as a Medium for Impact\u201d. I was invited in Athens earlier this year for another conference festival, Athens Music week, and in a panel we discussed a few project ideas &#8211; funding opportunities &#8211; to create a new expanded Southern Europe Network including Balkans. It is a vivid geographical area that has a lot of potential, and still not much attention from corporate and media. So, Georges Perot, the founder of Athens Music Week, together with other delegates, discussed the possibility of expanding the cooperation, vision and operational projects from Spain and Portugal until the end of the Balkans, with the idea to create a network for cooperation and collaboration in a broader sense and capacity. I\u2019m here at Balkan:MOST to try bringing ahead this idea, and share it with other music professionals.<\/p>\n<\/div>\n<div>\n<p><img loading=\"lazy\" decoding=\"async\" class=\"aligncenter\" src=\"https:\/\/mcusercontent.com\/993c677d53044839b1b39b2dc\/_compresseds\/ee911655-36e0-59d9-d9f2-81fecd5fc7d6.jpg\" width=\"659\" height=\"438\" align=\"center\" data-file-id=\"5930367\" \/><\/p>\n<\/div>\n<p style=\"text-align: center;\"><span style=\"color: #000000;\">Athens Music Week 2023<\/span><\/p>\n<div>\n<p><strong>MM: So, in the artistic part, the focus of your work is the avantgarde music. Do you have any relationship also with the traditional music from the region of Lecce?<\/strong><\/p>\n<p><strong>LE<\/strong>: Not that much, because of my personal choice, or yes, depending on the perspective. The music heritage traditional music in Lecce is mainly traditional music, and has little to do with avantgarde. Not many traditional musicians here contaminate with contemporary languages. If musicians play just one instrument, it normally doesn\u2019t fit on our idea of avantgarde programming, although we made exceptions. It is not that we don\u2019t like traditional music, but our artistic direction selects avant-garde music and not traditional-only artists. One exception is Maria Mazzotta: a local singer who recently started a project with Raul Refree, a Spanish composer and producer who also released music on Mute Records. I appreciate much their new project, because it is about our tradition, and about electronic music. We have several folk avantgarde projects that we would like to invite but it depends on the kind of event, the funding\u2026 There are many things that should come together for us to give space to an avantgarde yet traditional performers.<\/p>\n<p><strong>MM: Why do you do all this? Which is your personal background that took you finally to make this?<\/strong><\/p>\n<p><strong>LE<\/strong>:\u00a0I started to work in the field almost 10 years ago. I started to play music by case, 15 years ago I played electric guitar, and 10 years ago I started to collaborate for the organization of some music events. I attended a lot of events in Berlin, which shaped my vision and taste very much. When in Berlin, my taste and my vision kept improving and I started my own agency We Care PR. It was a promotional &amp; pr agency for artists, record labels and festivals. I collaborated from the smallest blog to BBC Radio, placing electronic, experimental and club music in different channels, media and helping artists to reach new audiences. At the same time, I was organizing club events in Lecce, my city. First, semi-legal techno events, inviting the artists I was dancing to when in Berlin. The success and network were getting stronger and stronger\u2026 And 8 years ago, I started to realise that the projects should find a sustainability in medium-long term. As I have a degree in social &amp; consumer psychology, and a master in marketing and communication, it was natural to me to approach fundraising. So, my background helped me approach medium-big corporations and get funding from the beginning. And I continued to diversify my vision and skills. I continued to invest on myself in advanced training, and to share new skills and goals with my team. I started to do fundraising myself, starting from corporate, and\u00a0moving to public funding and philanthropy. I think there must\u00a0always be space and time to learn new skills. In my opinion, individual donations and philanthropy are the solution for music, arts and creative industry on an international scale.<\/p>\n<p><span style=\"color: #ffffff;\">.<\/span><\/p>\n<\/div>\n<div style=\"text-align: right;\"><span style=\"color: #008080; font-size: 18pt;\"><strong><em>&#8220;I work on Sud Sonico\u2019s fundraising, but also support other organizations in achieving new funding, and expanding the network of potential funding partners. I believe this is the solution for us to be independent and to continue to work with creativity even without public funding which, in my opinion, will be continued to be cut down, year per year for the next 15 years.&#8221;<\/em><\/strong><\/span><\/div>\n<div><span style=\"color: #ffffff;\">.<\/span><\/div>\n<div>\n<p>Here on Balkan:MOST we have just listened to Mila Georgieva talking about the major part of the cultural organizations relying too much on public funding. I realised this myself 5 years ago and I started to work on fundraising diversification for my own organization, but as well to advice other organizations to start diversify and not relying only on municipalities, Minister or Creative Europe. I work on Sud Sonico\u2019s fundraising, but also support other organizations in achieving new funding, and expanding the network of potential funding partners. I believe this is the solution for us to be independent and to continue to work with creativity even without public funding which, in my opinion, will be continued to be cut down, year per year for the next 15 years. The cultural and economic panorama of Europe is changing, it is decreasing, and we need to work on other directions. As a person with wide interests in geopolitics, humanitarian topics, cultural topics, circular economy topics\u2026 I try to look very much ahead and be ready for the change that is imposed for the cultural organization.<\/p>\n<p><strong>MM: What are the corporations searching for, to decide to give you some thousands of euros?\u00a0<\/strong><\/p>\n<p><strong>LE<\/strong>: The goal of corporate can be focussed on the improvement of different areas: social &amp; cultural impact; environmental &amp; green sustainability goals; employees\u2019 welfare; sponsorships. Corporate basically support non-profit projects to achieve results in one or more of the aforementioned areas of public interest. Marketing and external relation offices do look actively for projects, and the best fundraising consultants would analyse the profile of the corporation, the marketing managers, the corporate external relations manager and, from the analysis, the consultant will find strategy to penetrate. Which is not easy. It takes time, effort and knowledge, sensibility and capacity of negotiation, flexibility of approach.<\/p>\n<p>The goals of corporations are different from the goal of other private bodies, like foundations. Private foundations release funding in order to pursue social, cultural, environmental purposes, and more. Of course, there are some foundations supporting health, foundations supporting welfare and so on. Foundations are ruled by their own statutes, so it is necessary to analysing the formal aspects too. The analytical process we applied for corporate, should be reshaped for other funding partners.<\/p>\n<p>And the approach to request funds is different from corporation to corporation. It needs to be a tailored fundraising approach, it is not possible to automatize the process: I would never suggest a non-profit organization to send the identical request to many corporations and many foundations. Fundraising is about a constant analysis, design and craft of words, goals, perspective of project development, perspective of project scale up, impact tracking, and budgeting. It&#8217;s very complex: there are many areas to enhance in one system. This approach to project management and development is, in my opinion, the only solution for non-profit organizations to survive, be independent, and getting a decent remuneration.<\/p>\n<p><strong>MM:\u00a0Do you want to share any last idea?\u00a0<\/strong><\/p>\n<p><strong>LE:<\/strong>\u00a0I would like to specify once again \u2013 in case it was not clear \u2013 and I and we want to use sound and music as a medium for worldwide impact. We desire and want to cooperate for humanitarian projects, environmental projects, cultural projects, cultural heritage projects, tourism projects, educational projects, performing projects, networking projects. We are a young organization but incredible skilled and ready to face any project in any capacity, and we look forward to continue our growing path and continue helping as many people as possible.<\/p>\n<\/div>\n<div>\n<p style=\"text-align: center;\"><span style=\"font-size: 18pt;\"><strong>Thank you, Ludovico!\u00a0<\/strong>\ud83d\ude4f<\/span><\/p>\n<\/div>\n<div>\n<hr \/>\n<\/div>\n<p>&nbsp;<\/p>\n<h1><strong><span style=\"color: #daa520;\">UPDATE ABOUT BABEL MUSIC XP FROM ITS DIRECTOR, OLIVIER REY<\/span><\/strong><\/h1>\n<p><em style=\"color: #747474; font-family: 'open sans', 'helvetica neue', helvetica, arial, sans-serif; font-size: 14px;\"><img loading=\"lazy\" decoding=\"async\" class=\"alignleft\" src=\"https:\/\/mcusercontent.com\/993c677d53044839b1b39b2dc\/images\/3273d9f8-b3d2-8aec-e06b-ef6e3db213af.jpg\" width=\"187\" height=\"187\" align=\"left\" data-file-id=\"5930415\" \/><\/em><\/p>\n<p><span style=\"font-family: 'open sans', 'helvetica neue', helvetica, arial, sans-serif;\">A few days ago I corresponded with Olivier Rey. I asked him if they already have the jury for the selection of the\u00a0<a href=\"https:\/\/babelmusicxp.com\/\" target=\"_blank\" rel=\"noopener noreferrer\">Babel Music XP<\/a>\u00a0showcases. He told me that they are working on it and updated me on a few things. Of course, he mentioned the\u00a0<a href=\"https:\/\/www.lemonde.fr\/disparitions\/article\/2023\/08\/14\/la-mort-de-bernard-aubert-cofondateur-de-la-fiesta-des-suds_6185402_3382.html\" target=\"_blank\" rel=\"noopener noreferrer\">decease of Bernard Aubert<\/a>.<\/span><\/p>\n<p>I asked him for permission to shape his message and share it with you, as I find it interesting:<\/p>\n<p><span style=\"font-family: open sans, helvetica neue, helvetica, arial, sans-serif;\"><em><img loading=\"lazy\" decoding=\"async\" class=\"alignright\" src=\"https:\/\/mcusercontent.com\/993c677d53044839b1b39b2dc\/_compresseds\/5fb3ad55-ad8e-4690-99cd-2bac9fb2faec.jpg\" width=\"230\" height=\"345\" align=\"right\" data-file-id=\"4801958\" \/>&#8220;The Fiesta des Suds, Marseille&#8217;s biggest and most historic festival, runs from 5 to 8 October. Its director and founder, Bernard Aubert, passed away in mid-August. This news has obviously affected the teams and has forced us to offer additional content to pay tribute to Bernard&#8217;s character.<\/em><\/span><\/p>\n<p><em>About Babel Music XP, we&#8217;re delighted with this relaunch edition in 2023, which has been acclaimed by everyone. We brought together 1,500 professionals from 72 countries.but we&#8217;re also aware of the areas we need to develop to make the market more attractive. This means going international, working with world music players, opening up to contemporary music, which often programmes our styles without realising it, and many other things.<\/em><\/p>\n<p><em>The dates for Babel Music XP 2024 are 28 to 30 March. A number of projects have already been launched. The call for applications received 2,300 projects, demonstrating the extraordinary expectations surrounding an event like Babel. The good news is that we&#8217;ll be able to use the Dock des Suds for showcases once again this year. Quite apart from the acoustics (especially of the venue), it&#8217;s vital for me to have the 3 stages under the same roof, so that all the professionals can come together. The showcases are open to both professionals and the general public (10,000 spectators last year).<\/em><\/p>\n<p><em>As far as the selection committee is concerned, it will meet in mid-November and we hope to announce the selection in mid-December (a month earlier than last year) so that everyone can get organised and plan their visit to Marseille. The jury is currently being finalised. I&#8217;d like to renew a third of it each year, both to bring in new blood and to keep a record of our work from one year to the next.&#8221;<\/em><\/p>\n<p style=\"text-align: center;\"><span style=\"font-size: 18pt;\"><strong>Thank you, Olivier!\u00a0<\/strong>\ud83d\ude4f<\/span><\/p>\n<div><\/div>\n<div>\n<hr \/>\n<\/div>\n<h1><strong><span style=\"color: #daa520;\">Update<br \/>\nEUROPEAN FOLK DAY<\/span><\/strong><\/h1>\n<p><img loading=\"lazy\" decoding=\"async\" src=\"https:\/\/mcusercontent.com\/993c677d53044839b1b39b2dc\/images\/41569195-0f6b-6bc6-b565-d7213ea89859.png\" width=\"160\" height=\"162\" align=\"right\" data-file-id=\"5915847\" \/><\/p>\n<p><span style=\"font-family: 'open sans', 'helvetica neue', helvetica, arial, sans-serif;\">Finally, the first ever\u00a0European Folk Day took place on 23rd of September. It gathered 226 events in 32 countries. The call for tracks for the Music Repository\u00a0got to collect 104 tracks on the from 28 countries.\u00a026 radio stations members of the European Broadcasting Union dedicated part of their program to the Day. You can sign up for the news from the European Folk Network,\u00a0<a href=\"https:\/\/www.europeanfolknetwork.com\/sign-up-to-the-monthly-newsletter\" target=\"_blank\" rel=\"noopener noreferrer\">here<\/a>, and receive the news directlly from the organization that has coordinated this project.\u00a0<\/span><\/p>\n<p>The European Folk Day is a pilot project co-ordinated by European Folk Network (EFN) with financial support from\u00a0the MusicAIRE project jointly organised by the European Music Council and Inova with funds from the Creative Europe programme of the European Commission.<\/p>\n<hr \/>\n<h1><\/h1>\n<h1><strong><span style=\"color: #daa520;\">BRIEF NEWS FROM THE MEDIA, CHARTS AND SISTER PROJECTS\u00a0<\/span><\/strong><\/h1>\n<div>\n<hr \/>\n<\/div>\n<ul>\n<li><span style=\"font-family: 'open sans', 'helvetica neue', helvetica, arial, sans-serif;\">#1\u00a0for\u00a0<a href=\"https:\/\/www.transglobalwmc.com\/charts\/september-2023-chart\/\" target=\"_blank\" rel=\"noopener noreferrer\">Transglobal World Music Chart in September 2023<\/a>\u00a0is:\u00a0<em>Stoonia Lood \/ Stories of Stonia<\/em>, by\u00a0Mari Kalkun<\/span><\/li>\n<\/ul>\n<div>\n<hr \/>\n<\/div>\n<ul>\n<li><span style=\"font-family: 'open sans', 'helvetica neue', helvetica, arial, sans-serif;\"><a href=\"https:\/\/mundofonias.com\/wp\/?p=6858\" target=\"_blank\" rel=\"noopener noreferrer\">Mundofon\u00edas:<\/a>\u00a0the three favourites of the month are\u00a0<em>Lost In Tajikistan<\/em>\u00a0[V.A.],\u00a0Zeyn\u2019el&#8217;s<em>\u00a0Divan &amp; divine<\/em>\u00a0and\u00a0\u00d8sterlide&#8217;s\u00a0<em>Kilden<\/em><\/span><\/li>\n<\/ul>\n<div><a href=\"https:\/\/mundofonias.com\/wp\/?p=6858\" target=\"_blank\" rel=\"noopener noreferrer\"><img loading=\"lazy\" decoding=\"async\" class=\"aligncenter\" src=\"https:\/\/mcusercontent.com\/993c677d53044839b1b39b2dc\/images\/8366080b-4daf-b465-5b73-d7bf5c7715fd.jpg\" width=\"698\" height=\"231\" align=\"center\" data-file-id=\"5930383\" \/><\/a><\/div>\n<div><\/div>\n<div>\n<hr \/>\n<\/div>\n<h1><strong><span style=\"color: #daa520;\">Reminder <\/span><\/strong><\/h1>\n<h1><img decoding=\"async\" class=\"alignright\" src=\"https:\/\/mcusercontent.com\/993c677d53044839b1b39b2dc\/images\/2f42f28d-5923-9738-644b-6fb9067e34ba.jpg\" width=\"250\" align=\"right\" data-file-id=\"5915751\" \/><strong><span style=\"color: #daa520;\">TALK AT WOMEX: RESHAPING THE NARRATIVE<\/span><\/strong><\/h1>\n<div>\n<p><span style=\"font-family: 'open sans', 'helvetica neue', helvetica, arial, sans-serif;\">I already mentioned this event. This is a reminder. This morning I was talking with my colleagues to prepare the next steps and we are thrilled.<\/span><\/p>\n<p>It is going to be the first time that I actually participate in this WOMEX activity and I am very happy to do it with two tremendous colleagues:\u00a0<a href=\"https:\/\/www.mvn-culture.com\/\" target=\"_blank\" rel=\"noopener noreferrer\">Martyna van Nieuwland<\/a>\u00a0and\u00a0<a href=\"https:\/\/www.resonate-productions.com\/ArtisticDirector.html\" target=\"_blank\" rel=\"noopener noreferrer\">Andrea Voets<\/a>. Click on their names to read a bio.<\/p>\n<\/div>\n<p>&nbsp;<\/p>\n<hr \/>\n<div><\/div>\n<h2 style=\"text-align: center;\"><strong>Do you have a call of interest for our community that you want to share? Let me know asap<\/strong><\/h2>\n<div>\n<hr \/>\n<\/div>\n<div><\/div>\n<div>\n<h1><strong><span style=\"color: #daa520;\">OPEN CALLS AND PROFESSIONAL EVENTS<\/span><\/strong><\/h1>\n<div>\n<p><strong>About open calls, just two reminders:<\/strong><\/p>\n<p>\ud83d\udd38<img loading=\"lazy\" decoding=\"async\" class=\"alignright\" style=\"color: #747474; font-family: 'Open Sans', sans-serif; font-size: 14px;\" src=\"https:\/\/mcusercontent.com\/993c677d53044839b1b39b2dc\/images\/c0fd3d4e-6e6d-2df8-b6a8-2bc440e767e5.jpg\" width=\"231\" height=\"145\" align=\"right\" data-file-id=\"5930391\" \/><strong>Call for candidates &#8211; Journ\u00e9es Musicales de Carthage, 9th edition.<\/strong><br \/>\nFrom 20 to 27 January 2024. For musicians from Tunisia, Africa, the Arab world and the rest of the world.\u00a0<em>&#8220;Are you ready to embark on a unique adventure, meet a distinguished audience and present your projects to professionals and specialists from all over the world?\u00a0Submit your application by 15 October 2023 and enjoy an unforgettable experience.<br \/>\nApplications can only be submitted via the following link:\u00a0<a href=\"https:\/\/shorturl.at\/ehpQ5\" target=\"_blank\" rel=\"noopener noreferrer\">https:\/\/shorturl.at\/ehpQ5<\/a><\/em>&#8221; There is more info,\u00a0<a href=\"https:\/\/www.musicinafrica.net\/fr\/magazine\/appel-candidatures-journees-musicales-de-carthage-2023\" target=\"_blank\" rel=\"noopener noreferrer\">here<\/a>.&#8221;<\/p>\n<p><em style=\"color: #747474; font-family: 'Open Sans', sans-serif; font-size: 14px;\"><img loading=\"lazy\" decoding=\"async\" class=\"alignright\" src=\"https:\/\/mcusercontent.com\/993c677d53044839b1b39b2dc\/images\/b76adc4f-ba6d-23b9-576f-d4125906f31e.png\" width=\"150\" height=\"150\" align=\"right\" data-file-id=\"5930431\" \/><\/em>\ud83d\udd38<strong>Small World Music \/ Global Toronto, in urgent need\u00a0<\/strong><br \/>\n<em>&#8220;The cuts we face, combined with the poorly executed rollout of the Experience Ontario program, pose a significant threat to the future of Small World Music and the continuation of our cherished free festival. Our mission to celebrate diversity, connect communities, and promote understanding through music is now at risk.&#8221;<\/em><br \/>\nRead their complete message and learn about the ways to helo them,\u00a0<a href=\"https:\/\/mailchi.mp\/smallworldmusic\/urgent-support-needed\" target=\"_blank\" rel=\"noopener noreferrer\">here.<\/a><\/p>\n<p>\ud83d\udd38<strong>Mundial Montreal, professional acreditations are available at regular price.\u00a0<\/strong><br \/>\nAlso from Canada:\u00a0<em>&#8220;Mundial Montr\u00e9al is the North American gathering for Global Music. The boutique event has been inviting talent and sounds from Canada and around the world to perform for industry professionals every year for the past 13 years in Montreal.<br \/>\nThe event distinguishes itself by the carefully selected artists and the strength of the connections generated between artists and professionals from over 50 regions of the world.&#8221;\u00a0<\/em>Check\u00a0<a href=\"https:\/\/www.mundialmontreal.com\/en\/tickets\/\" target=\"_blank\" rel=\"noopener noreferrer\">the website<\/a>\u00a0for more info.<br \/>\n<img loading=\"lazy\" decoding=\"async\" class=\"aligncenter\" src=\"https:\/\/mcusercontent.com\/993c677d53044839b1b39b2dc\/images\/1a5942cb-9d5f-20da-892f-e3aa5c3dfd90.jpg\" width=\"671\" height=\"224\" align=\"center\" data-file-id=\"5930427\" \/><\/p>\n<p style=\"text-align: center;\"><strong>About more professional events, check the following section.\u00a0<\/strong><\/p>\n<\/div>\n<\/div>\n<hr \/>\n<h1><span style=\"color: #daa520;\"><strong>MEET ME AT<\/strong><\/span><\/h1>\n<p>So far, nothing new from the previous edition.<br \/>\nIf you happen to attend these events, drop me a line. If you are not, they can be interesting for you too\u00a0in any case.\u00a0They are special events.<\/p>\n<div>\n<hr \/>\n<\/div>\n<ul>\n<li><strong>October, 5-8<\/strong>,\u00a0I will go to the\u00a0<a href=\"https:\/\/firamediterrania.cat\/ca\/espectacle\/2023\/ki-ali-doan-gonulta\" target=\"_blank\" rel=\"noopener noreferrer\">Fira Mediterr\u00e0nia in Manresa<\/a>. Ali Do\u011fan G\u00f6n\u00fclta\u015f will perform there and I will attend also as a delegate as in many previous occasions.<\/li>\n<\/ul>\n<div><a href=\"https:\/\/www.alidogangonultas.com\/sl\/\" target=\"_blank\" rel=\"noopener noreferrer\"><strong><img loading=\"lazy\" decoding=\"async\" class=\"aligncenter\" src=\"https:\/\/mcusercontent.com\/993c677d53044839b1b39b2dc\/images\/f73ae526-81bf-bb2e-51fa-2cce0638e810.png\" width=\"675\" height=\"474\" align=\"center\" data-file-id=\"5930395\" \/><\/strong><\/a><\/div>\n<ul>\n<li><strong><img loading=\"lazy\" decoding=\"async\" class=\"alignright\" src=\"https:\/\/mcusercontent.com\/993c677d53044839b1b39b2dc\/_compresseds\/e12690f7-7655-7eea-49ff-a5c918ca391e.jpg\" width=\"250\" height=\"375\" data-file-id=\"5930423\" \/>October, 11th.<\/strong>\u00a0<a href=\"https:\/\/www.alteoper.de\/de\/programm\/veranstaltung.php?id=523013309\" target=\"_blank\" rel=\"noopener noreferrer\">Very special concert<\/a>\u00a0at the\u00a0<strong>Alte Oper\u00a0Franfkurt<\/strong>\u00a0with Vig\u00fcela and several other Spanish performers for a program designed by alba Kultur. In the picture, Mari Nieto, singer of Vig\u00fcela, one of the protagonist of the event.<\/li>\n<li><strong>October, 18-21, Manchester<\/strong>. English Folk Expo, which this year hosts the\u00a0<a href=\"https:\/\/www.europeanfolknetwork.com\/conference-2023\" target=\"_blank\" rel=\"noopener noreferrer\">annual meeting of the European Folk Network<\/a>.<\/li>\n<li><strong><a href=\"https:\/\/www.womex.com\/\" target=\"_blank\" rel=\"noopener noreferrer\">Womex<\/a>. 25-29 October<\/strong>,\u00a0<strong>La Coru\u00f1a.<\/strong><\/li>\n<li><strong>18-19 November. Hamburg, Germany.<\/strong>\u00a0At the Elbphilarmonie there will be a wonderful program curated by\u00a0<a href=\"https:\/\/www.albakultur.de\/\" target=\"_blank\" rel=\"noopener noreferrer\">alba Kultur<\/a>, called Festival &#8220;Kurdistan&#8221;.\u00a0<a href=\"https:\/\/www.elbphilharmonie.de\/de\/suche\/event\/Kurdistan\" target=\"_blank\" rel=\"noopener noreferrer\">Click here<\/a>\u00a0to discover the full program.<\/li>\n<\/ul>\n<p>&nbsp;<\/p>\n<hr \/>\n<h1><strong>WHO WE ARE AND SISTER PROJECTS<\/strong><strong>\u00a0<\/strong><\/h1>\n<p>Mapamundi M\u00fasica is an agency of management and booking.\u00a0<a href=\"http:\/\/www.mapamundimusica.com\/en\/\" target=\"_blank\" rel=\"noopener noreferrer\">Learn more here<\/a>. Check our proposals at\u00a0<a href=\"http:\/\/www.mapamundimusica.com\/\" target=\"_blank\" rel=\"noopener noreferrer\">our website<\/a>.<\/p>\n<p>We also offer you our\u00a0<a href=\"http:\/\/www.mundofonias.com\/\" target=\"_blank\" rel=\"noopener noreferrer\">Mundofon\u00edas<\/a>\u00a0radio show, probably the leader about world music in Spanish language (on 50 stations in 18 countries). We produce\u00a0the\u00a0<a href=\"http:\/\/www.transglobalwmc.com\/\" target=\"_blank\" rel=\"noopener noreferrer\">Transglobal World Music Chart<\/a>\u00a0with our partner \u00c1ngel Romero from WorldMusicCentral.com.<\/p>\n<p>Feel free to request info if you wish. For further information about us,\u00a0<strong>get in touch by email, telephone (+34 676 30 28 82),\u00a0<a href=\"http:\/\/www.mapamundimusica.com\/en\/contacto\/\" target=\"_blank\" rel=\"noopener noreferrer\">our website<\/a>\u00a0or at\u00a0<a href=\"https:\/\/www.facebook.com\/mapamundimusica\/\" target=\"_blank\" rel=\"noopener noreferrer\">our Facebook<\/a>.\u00a0<\/strong><\/p>\n<p>&nbsp;<\/p>\n<p>&nbsp;<\/p>","protected":false},"excerpt":{"rendered":"<p>Summary\u00a0\ud83d\udc47\u00a0 Editorial A&amp;A Music Booking,\u00a0joint venture between Mapamundi M\u00fasica and Asya Music &amp; Management (Turkey) Talk with\u00a0Ludovico Esposito, from the Italian association Sud Sonico Update about\u00a0Babel Music XP\u00a0from its director\u00a0Olivier Rey European Folk Day,\u00a0how it was Brief news from the media, charts and sister projects Open calls\u00a0and more news from professional events\u00a0\ud83d\udcbc Meet me at\u00a0\u2708\ufe0f [&hellip;]<\/p>\n","protected":false},"author":1,"featured_media":0,"comment_status":"closed","ping_status":"open","sticky":false,"template":"","format":"standard","meta":{"footnotes":""},"categories":[19],"tags":[],"class_list":["post-3412","post","type-post","status-publish","format-standard","hentry","category-newsletter"],"_links":{"self":[{"href":"https:\/\/www.mapamundimusica.com\/en\/wp-json\/wp\/v2\/posts\/3412","targetHints":{"allow":["GET"]}}],"collection":[{"href":"https:\/\/www.mapamundimusica.com\/en\/wp-json\/wp\/v2\/posts"}],"about":[{"href":"https:\/\/www.mapamundimusica.com\/en\/wp-json\/wp\/v2\/types\/post"}],"author":[{"embeddable":true,"href":"https:\/\/www.mapamundimusica.com\/en\/wp-json\/wp\/v2\/users\/1"}],"replies":[{"embeddable":true,"href":"https:\/\/www.mapamundimusica.com\/en\/wp-json\/wp\/v2\/comments?post=3412"}],"version-history":[{"count":18,"href":"https:\/\/www.mapamundimusica.com\/en\/wp-json\/wp\/v2\/posts\/3412\/revisions"}],"predecessor-version":[{"id":3430,"href":"https:\/\/www.mapamundimusica.com\/en\/wp-json\/wp\/v2\/posts\/3412\/revisions\/3430"}],"wp:attachment":[{"href":"https:\/\/www.mapamundimusica.com\/en\/wp-json\/wp\/v2\/media?parent=3412"}],"wp:term":[{"taxonomy":"category","embeddable":true,"href":"https:\/\/www.mapamundimusica.com\/en\/wp-json\/wp\/v2\/categories?post=3412"},{"taxonomy":"post_tag","embeddable":true,"href":"https:\/\/www.mapamundimusica.com\/en\/wp-json\/wp\/v2\/tags?post=3412"}],"curies":[{"name":"wp","href":"https:\/\/api.w.org\/{rel}","templated":true}]}}