{"id":3394,"date":"2023-09-04T10:31:43","date_gmt":"2023-09-04T08:31:43","guid":{"rendered":"https:\/\/www.mapamundimusica.com\/?p=3394"},"modified":"2023-09-04T10:36:13","modified_gmt":"2023-09-04T08:36:13","slug":"introducing-aa-music-booking-the-new-tandem-between-asya-arslantas-turkey-and-araceli-tzigane-spain","status":"publish","type":"post","link":"https:\/\/www.mapamundimusica.com\/en\/whats-up-mapamundimusica\/introducing-aa-music-booking-the-new-tandem-between-asya-arslantas-turkey-and-araceli-tzigane-spain\/","title":{"rendered":"Introducing A&#038;A Music Booking, the new tandem between Asya Arslanta\u015f (Turkey) and Araceli Tzigane (Spain)"},"content":{"rendered":"<p><\/p>\n<div style=\"text-align: center;\"><span style=\"font-size: 18pt;\"><strong>Hello, let us introduce to you<\/strong><\/span><\/div>\n<div><img loading=\"lazy\" decoding=\"async\" class=\"aligncenter wp-image-3395\" src=\"https:\/\/www.mapamundimusica.com\/wp-content\/uploads\/2023\/09\/logopictureblue.png\" alt=\"\" width=\"723\" height=\"230\" srcset=\"https:\/\/www.mapamundimusica.com\/wp-content\/uploads\/2023\/09\/logopictureblue.png 1268w, https:\/\/www.mapamundimusica.com\/wp-content\/uploads\/2023\/09\/logopictureblue-300x95.png 300w, https:\/\/www.mapamundimusica.com\/wp-content\/uploads\/2023\/09\/logopictureblue-768x244.png 768w, https:\/\/www.mapamundimusica.com\/wp-content\/uploads\/2023\/09\/logopictureblue-1024x325.png 1024w\" sizes=\"auto, (max-width: 723px) 100vw, 723px\" \/><\/div>\n<h5><strong>The new tandem between Araceli Tzigane from Mapamundi M\u00fasica, Spain, and Asya Arslanta\u015f from Asya Music &amp; Management, Turkey.<\/strong><\/h5>\n<p><span style=\"font-size: 12pt;\">Two women from each corner of the Mediterranean and a common objective: to disseminate the artistic legacy of the music from the peoples, taking care of both its carriers, the musicians, and the essential third part, the client, whose trust and complicity enable the public&#8217;s access to this heritage.<\/span><\/p>\n<p style=\"text-align: center;\"><span style=\"font-size: 12pt;\">Find below the first project designed by the partnership and if you need any further information, contact us.<\/span><\/p>\n<div>\n<hr \/>\n<\/div>\n<table style=\"border-collapse: collapse; width: 100%;\">\n<tbody>\n<tr>\n<td style=\"width: 100%; background-color: #c49d00; text-align: center;\">&nbsp;<\/p>\n<p><span style=\"font-size: 36pt; color: #ffffff;\"><strong>Echoes of Peaks and Waves<\/strong><\/span><br \/>\n<span style=\"font-size: 18pt; color: #ffffff;\"><strong>A Century\u2019s Journey in Anatolian Music<\/strong><\/span><\/p>\n<hr \/>\n<p><span style=\"font-size: 24pt; color: #ffffff;\"><strong>Sinafi Trio\u00a0&amp;\u00a0Ali Do\u011fan G\u00f6n\u00fclta\u015f<\/strong><\/span><\/p>\n<p><span style=\"color: #ffffff; font-size: 14pt;\"><strong>A female trio from Greece, a male trio from Anatolia, two sides from the border and a common background. Peoples separated by the vicissitudes of 20th century history.<\/strong><\/span><img loading=\"lazy\" decoding=\"async\" class=\"mcnImage aligncenter\" style=\"color: #333333; font-family: Georgia, 'Times New Roman', 'Bitstream Charter', Times, serif; font-size: 16px; letter-spacing: 0.5px; background-color: #fcfcfc;\" src=\"https:\/\/mcusercontent.com\/993c677d53044839b1b39b2dc\/images\/7dea5deb-c5d3-f012-a58d-5caf9ce542cd.png\" alt=\"\" width=\"749\" height=\"272\" align=\"center\" \/><\/td>\n<\/tr>\n<\/tbody>\n<\/table>\n<p style=\"text-align: center;\"><strong><span style=\"font-size: 18pt;\"><a class=\"mcnButton \" title=\"Click here to download the dossier\" href=\"https:\/\/www.dropbox.com\/scl\/fi\/ptb7gmc9e90rjg41sqzyy\/DossierEchoes.pdf?rlkey=dqz7tt0mxd0f1xq2peddqhv4r&amp;dl=0\" target=\"_self\" rel=\"noopener noreferrer\">Click here to download the dossier<\/a><\/span><\/strong><\/p>\n<p>A century has passed since the Treaty of Lausanne, that meant the largest mass population swap up to that time. But the thread that connects the music of Greeks and Anatolian peoples has not vanished. This project celebrates a common background, in a turbulent time, in which music creates new shared spaces.<\/p>\n<p>The proposal consists in a double program with a concert by Sinafi Trio and a concert by Ali Do\u011fan G\u00f6n\u00fclta\u015f, with a shared part at the end. It can be enriched with extra activities, to discuss with the client according to his\/her needs, that can be interactive workshops, talks, conversations with the artists\u2026 Let&#8217;s discuss your specific needs.<\/p>\n<table style=\"border-collapse: collapse; width: 100%; height: 24px;\">\n<tbody>\n<tr style=\"height: 24px;\">\n<td style=\"width: 46.6234%; height: 24px; background-color: #004e7a; border-style: none;\"><span style=\"color: #ffffff;\"><img loading=\"lazy\" decoding=\"async\" class=\"mcnImage aligncenter\" src=\"https:\/\/mcusercontent.com\/993c677d53044839b1b39b2dc\/images\/c552d01c-80ce-e038-0501-a5a6e96b92b1.jpg\" alt=\"\" width=\"402\" height=\"315\" \/><\/span><\/td>\n<td style=\"width: 53.3766%; height: 24px; vertical-align: top; background-color: #004e7a; border-style: none;\">\n<h2 style=\"text-align: center;\"><span style=\"color: #ffffff;\"><strong>Sinafi Trio<\/strong><\/span><\/h2>\n<p><span style=\"color: #ffffff;\">Sinafi Trio was created by three Greek women musicians who met in Istanbul in 2014. As a group,\u00a0<strong>they grew inside the meyhane and the bars of Istanbul<\/strong>. They listened to and learned from the local music stories, the music wealth of the place, hearing its sensitivity and complexity. They&#8217;ve won recognition in a short while and had a distinctive audience<\/span><\/p>\n<div style=\"text-align: center;\"><span style=\"color: #ffffff; font-size: 14pt;\"><a style=\"color: #ffffff;\" href=\"https:\/\/www.youtube.com\/watch?v=dRuIKrE0B1M\" target=\"_blank\" rel=\"noopener noreferrer\"><strong>Watch them<\/strong><\/a><\/span><\/div>\n<\/td>\n<\/tr>\n<\/tbody>\n<\/table>\n<table style=\"border-collapse: collapse; width: 100%; height: 24px;\">\n<tbody>\n<tr style=\"height: 24px;\">\n<td style=\"width: 46.4502%; height: 24px; background-color: #004e7a; border-style: hidden;\"><img loading=\"lazy\" decoding=\"async\" class=\"mcnImage aligncenter\" src=\"https:\/\/mcusercontent.com\/993c677d53044839b1b39b2dc\/images\/732df4b0-2374-11cc-fab9-05880bfa7bc4.jpg\" alt=\"\" width=\"400\" height=\"313\" \/><\/td>\n<td style=\"width: 53.5498%; height: 24px; vertical-align: top; background-color: #004e7a; border-style: hidden;\">\n<div>\n<h2 style=\"text-align: center;\"><span style=\"color: #ffffff;\"><strong>Ali Do\u011fan G\u00f6n\u00fclta\u015f<\/strong><\/span><\/h2>\n<p><span style=\"color: #ffffff; font-family: 'Open Sans', sans-serif; font-size: 14px;\">The thrill of the expressive voice of the Eastern Anatolian artist settled in Istanbul, the dreamy melodies of his pieces and his deep background, are shown in all their glory in the magnificent debut album Ki\u011f\u0131, which opened the doors of the European stages. During 2023, his trio has played in\u00a0<\/span><strong style=\"color: #ffffff; font-family: 'Open Sans', sans-serif; font-size: 14px;\">Germany<\/strong><span style=\"color: #ffffff; font-family: 'Open Sans', sans-serif; font-size: 14px;\"> (15 concerts), <\/span><strong style=\"color: #ffffff; font-family: 'Open Sans', sans-serif; font-size: 14px;\">France<\/strong><span style=\"color: #ffffff; font-family: 'Open Sans', sans-serif; font-size: 14px;\"> (10), <\/span><strong style=\"color: #ffffff; font-family: 'Open Sans', sans-serif; font-size: 14px;\">Spain<\/strong><span style=\"color: #ffffff; font-family: 'Open Sans', sans-serif; font-size: 14px;\"> (3), <\/span><strong style=\"color: #ffffff; font-family: 'Open Sans', sans-serif; font-size: 14px;\">Portugal<\/strong><span style=\"color: #ffffff; font-family: 'Open Sans', sans-serif; font-size: 14px;\">, <\/span><strong style=\"color: #ffffff; font-family: 'Open Sans', sans-serif; font-size: 14px;\">Switzerland<\/strong><span style=\"color: #ffffff; font-family: 'Open Sans', sans-serif; font-size: 14px;\">,\u00a0<\/span><strong style=\"color: #ffffff; font-family: 'Open Sans', sans-serif; font-size: 14px;\">Sweden<\/strong><span style=\"color: #ffffff; font-family: 'Open Sans', sans-serif; font-size: 14px;\">\u00a0and\u00a0<\/span><strong style=\"color: #ffffff; font-family: 'Open Sans', sans-serif; font-size: 14px;\">Belgium.<\/strong><\/p>\n<\/div>\n<div>\n<div style=\"text-align: center;\"><strong><span style=\"color: #ffffff; font-size: 14pt;\"><a style=\"color: #ffffff;\" href=\"https:\/\/www.youtube.com\/watch?v=q72pFq7So80\" target=\"_blank\" rel=\"noopener noreferrer\">Watch them<\/a><\/span><\/strong><\/div>\n<\/div>\n<\/td>\n<\/tr>\n<\/tbody>\n<\/table>\n<p>&nbsp;<\/p>","protected":false},"excerpt":{"rendered":"<p>Hello, let us introduce to you The new tandem between Araceli Tzigane from Mapamundi M\u00fasica, Spain, and Asya Arslanta\u015f from Asya Music &amp; Management, Turkey. Two women from each corner of the Mediterranean and a common objective: to disseminate the artistic legacy of the music from the peoples, taking care of both its carriers, the [&hellip;]<\/p>\n","protected":false},"author":1,"featured_media":0,"comment_status":"closed","ping_status":"open","sticky":false,"template":"","format":"standard","meta":{"footnotes":""},"categories":[226],"tags":[],"class_list":["post-3394","post","type-post","status-publish","format-standard","hentry","category-whats-up-mapamundimusica"],"_links":{"self":[{"href":"https:\/\/www.mapamundimusica.com\/en\/wp-json\/wp\/v2\/posts\/3394","targetHints":{"allow":["GET"]}}],"collection":[{"href":"https:\/\/www.mapamundimusica.com\/en\/wp-json\/wp\/v2\/posts"}],"about":[{"href":"https:\/\/www.mapamundimusica.com\/en\/wp-json\/wp\/v2\/types\/post"}],"author":[{"embeddable":true,"href":"https:\/\/www.mapamundimusica.com\/en\/wp-json\/wp\/v2\/users\/1"}],"replies":[{"embeddable":true,"href":"https:\/\/www.mapamundimusica.com\/en\/wp-json\/wp\/v2\/comments?post=3394"}],"version-history":[{"count":7,"href":"https:\/\/www.mapamundimusica.com\/en\/wp-json\/wp\/v2\/posts\/3394\/revisions"}],"predecessor-version":[{"id":3402,"href":"https:\/\/www.mapamundimusica.com\/en\/wp-json\/wp\/v2\/posts\/3394\/revisions\/3402"}],"wp:attachment":[{"href":"https:\/\/www.mapamundimusica.com\/en\/wp-json\/wp\/v2\/media?parent=3394"}],"wp:term":[{"taxonomy":"category","embeddable":true,"href":"https:\/\/www.mapamundimusica.com\/en\/wp-json\/wp\/v2\/categories?post=3394"},{"taxonomy":"post_tag","embeddable":true,"href":"https:\/\/www.mapamundimusica.com\/en\/wp-json\/wp\/v2\/tags?post=3394"}],"curies":[{"name":"wp","href":"https:\/\/api.w.org\/{rel}","templated":true}]}}