{"id":3366,"date":"2023-08-19T11:00:59","date_gmt":"2023-08-19T09:00:59","guid":{"rendered":"https:\/\/www.mapamundimusica.com\/?p=3366"},"modified":"2023-08-19T11:44:11","modified_gmt":"2023-08-19T09:44:11","slug":"ali-dogan-gonultas-a-year-in-review-and-upcoming-plans","status":"publish","type":"post","link":"https:\/\/www.mapamundimusica.com\/en\/whats-up-mapamundimusica\/ali-dogan-gonultas-a-year-in-review-and-upcoming-plans\/","title":{"rendered":"Ali Do\u011fan G\u00f6n\u00fclta\u015f: A Year In Review And Upcoming Plans"},"content":{"rendered":"<p><\/p>\n<h6><span style=\"color: #000000;\"><img decoding=\"async\" class=\"alignright\" src=\"https:\/\/mcusercontent.com\/ed719e35608a2898bcd0f1717\/_compresseds\/64680613-04e2-2cc9-c27a-433984faad75.jpg\" width=\"240\" data-file-id=\"6625103\" \/>Last year in May, when I received Ali Do\u011fan G\u00f6n\u00fclta\u015f&#8217;s digital album,\u00a0<em>Ki\u011f\u0131<\/em>, his voice and his music captured me. I felt compelled to talk to him to explore the possibility of a collaboration.<\/span><\/h6>\n<p><span style=\"color: #000000;\">It was clear to me that there would be some challenges&#8230; The increasing cost of transport, the visas&#8230; Even his English was almost inexistent when I travelled to Vienna for\u00a0his concert in September!\u00a0But the music and the talent were more powerful than all that.<\/span><\/p>\n<p><span style=\"color: #000000;\">A little over a year has passed. Ali and his band have performed in 2023 in\u00a0<strong>Germany, Switzerland, Sweden and Spain<\/strong>. The concerts have been adapted to indoor and outdoor formats, captivating audiences in both contexts. <\/span><\/p>\n<p><span style=\"color: #000000;\">He has given a three-day workshop for teachers in Valencia (here \u2b07\ufe0f you can see him with his students).<\/span><\/p>\n<p><span style=\"color: #000000;\"><img loading=\"lazy\" decoding=\"async\" class=\"aligncenter\" src=\"https:\/\/mcusercontent.com\/ed719e35608a2898bcd0f1717\/images\/8e8d5f73-82ec-368d-82be-c5e9c32a03ee.jpg\" width=\"642\" height=\"219\" align=\"center\" data-file-id=\"6625135\" \/><\/span><\/p>\n<p><span style=\"color: #000000;\">We have made a physical CD of his album. We have made a video of a performance commissioned by the\u00a0<a style=\"color: #000000;\" href=\"https:\/\/www.youtube.com\/watch?v=G9uvIXSa2uQ\" target=\"_blank\" rel=\"noopener noreferrer\">Library of Congress of the USA<\/a>.<\/span><\/p>\n<p><span style=\"color: #000000;\"><img loading=\"lazy\" decoding=\"async\" class=\"alignright\" src=\"https:\/\/mcusercontent.com\/ed719e35608a2898bcd0f1717\/images\/61cb85b3-b5d8-8201-36e8-5ee9a83256f4.jpg\" width=\"299\" height=\"299\" align=\"right\" data-file-id=\"6625079\" \/>Today, 18th of August, they will play in <strong>Dersim<\/strong>, the cultural capital of their homeland. <\/span><\/p>\n<p><span style=\"color: #000000;\">On Sunday 20th they travel to\u00a0<strong>France<\/strong>\u00a0for a tour of 10 concerts, until September 1st (full schedule,\u00a0<a style=\"color: #000000;\" href=\"https:\/\/www.alidogangonultas.com\/en\/concerts\/\" target=\"_blank\" rel=\"noopener noreferrer\">here<\/a>). And, after France, Ali will perform at the\u00a0<strong>Fira Mediterr\u00e0nia in Manresa<\/strong>, at the\u00a0<strong>Funda\u00e7\u00e3o Gulbenkian in Lisbon<\/strong>\u00a0and has a tour in Germany between 7 and 27 November (thanks to alba Kultur), which includes the iconic Elbphilarmonie auditorium in Hamburg \u27a1\ufe0f (complete program,\u00a0<strong><a style=\"color: #000000;\" href=\"https:\/\/www.elbphilharmonie.de\/de\/programm\/ali-dogan-gonultas-trio-mavis-guneser-trio-ahmet-aslan\/20256\" target=\"_blank\" rel=\"noopener noreferrer\">here<\/a><\/strong>).<\/span><\/p>\n<p><span style=\"color: #000000;\">In December, Ali will record\u00a0<strong>his second album<\/strong>. We already have some plans for 2024 and we are working on the bookings, so contact me if you need any info!<\/span><\/p>\n<h6><span style=\"color: #000000;\"><img loading=\"lazy\" decoding=\"async\" class=\"alignleft\" src=\"https:\/\/mcusercontent.com\/ed719e35608a2898bcd0f1717\/images\/38d7c3a1-8b11-6a1a-60b9-06c0c42a519b.png\" width=\"219\" height=\"184\" align=\"right\" data-file-id=\"6625279\" \/><\/span><\/h6>\n<h6><span style=\"color: #ffffff;\">:<\/span><\/h6>\n<h6><span style=\"color: #000000;\">All this encourages me to keep working and I wanted to share it with you. If you want more, keep watching below where you have a couple of videos. And visit the <a style=\"color: #000000;\" href=\"http:\/\/www.alidogangonultas.com\/\" target=\"_blank\" rel=\"noopener noreferrer\">official website<\/a>. Thanks for your attention.<\/span><\/h6>\n<p style=\"text-align: center;\"><span style=\"color: #000000;\">Araceli Tzigane +34676302882<\/span><\/p>\n<p>&nbsp;<\/p>\n<hr \/>\n<p style=\"text-align: center;\"><span style=\"color: #000000;\"><strong>Video-summary of the Spanish premiere: Festival Polir\u00edtmia, Valencia, 5 July (GVA Cultura), video by Carles Desfilis. Click to watch it:<\/strong><\/span><\/p>\n<p><span style=\"color: #000000;\"><a class=\"\" style=\"color: #000000;\" title=\"\" href=\"https:\/\/www.youtube.com\/watch?v=q72pFq7So80\" target=\"\" rel=\"noopener noreferrer\"><img loading=\"lazy\" decoding=\"async\" class=\"mcnImage aligncenter\" src=\"https:\/\/mcusercontent.com\/ed719e35608a2898bcd0f1717\/video_thumbnails_new\/0ee6d6ecf6bf5c1991bf5ec270e51281.png\" alt=\"\" width=\"709\" height=\"399\" \/><\/a><\/span><\/p>\n<table style=\"border-collapse: collapse; width: 100%;\">\n<tbody>\n<tr>\n<td style=\"width: 47.0882%; vertical-align: top;\">\n<div><span style=\"color: #000000;\"><strong><a style=\"color: #000000;\" href=\"https:\/\/rencontresculturelles.ccas.fr\/rencontresculturelles\/Ali-Dogan-Gonultas-Trio-En-concert-Turquie-\" target=\"_blank\" rel=\"noopener noreferrer\">Tour in France<\/a>, August 21-31\u00a0<\/strong><\/span><br \/>\n<span style=\"color: #000000;\">\u00a0<\/span><\/div>\n<div><span style=\"color: #000000;\"><em>&#8220;Inoubliable voix du musicien et chanteur kurde Ali Do\u011fan G\u00f6n\u00fclta\u015f\u2026 Elle vibre de tous les tr\u00e9sors musicaux d\u2019Anatolie orientale, ivres de leur propre beaut\u00e9; [&#8230;] Un \u00e9tonnant voyage intemporel, sur l\u2019aile des innombrables m\u00e9lodies n\u00e9es en la mirifique ville de Ki\u011f\u0131, creuset des m\u00e9lodies et des peuples.&#8221;<\/em><\/span><\/div>\n<\/td>\n<td style=\"width: 52.9118%;\"><img loading=\"lazy\" decoding=\"async\" class=\"alignleft wp-image-3373 size-full\" src=\"https:\/\/www.mapamundimusica.com\/wp-content\/uploads\/2023\/08\/flyerfranciaig7.png\" alt=\"\" width=\"1179\" height=\"1090\" srcset=\"https:\/\/www.mapamundimusica.com\/wp-content\/uploads\/2023\/08\/flyerfranciaig7.png 1179w, https:\/\/www.mapamundimusica.com\/wp-content\/uploads\/2023\/08\/flyerfranciaig7-300x277.png 300w, https:\/\/www.mapamundimusica.com\/wp-content\/uploads\/2023\/08\/flyerfranciaig7-768x710.png 768w, https:\/\/www.mapamundimusica.com\/wp-content\/uploads\/2023\/08\/flyerfranciaig7-1024x947.png 1024w\" sizes=\"auto, (max-width: 1179px) 100vw, 1179px\" \/><\/td>\n<\/tr>\n<tr>\n<td style=\"width: 47.0882%; vertical-align: top;\">\n<div>\n<div><span style=\"color: #000000;\"><strong><a style=\"color: #000000;\" href=\"https:\/\/firamediterrania.cat\/ca\/espectacle\/2023\/ki-ali-doan-gonulta\" target=\"_blank\" rel=\"noopener noreferrer\">Fira Mediterr\u00e0nia de Manresa<\/a>, October 6\u00a0<\/strong><\/span><br \/>\n<span style=\"color: #000000;\">\u00a0<\/span><\/div>\n<div><span style=\"color: #000000;\"><em>&#8220;Fa deu anys que fa treball de recerca a la seva terra natal i la zona d\u2019influ\u00e8ncia, amb una motivaci\u00f3 d\u2019investigaci\u00f3 de la tradici\u00f3 oral que ha evolucionat cap a un treball de mem\u00f2ria musical. El resultat est\u00e0 recollit al magn\u00edfic \u00e0lbum debut\u00a0<\/em>Ki\u011f\u0131<em>, on l\u2019emoci\u00f3 de la seva veu expressiva impregna les melodies on\u00edriques de les can\u00e7ons.&#8221;<\/em><\/span><\/div>\n<p><span style=\"color: #000000;\"><strong>\u00a0<\/strong><\/span><\/p>\n<\/div>\n<\/td>\n<td style=\"width: 52.9118%;\"><span style=\"color: #000000;\"><img loading=\"lazy\" decoding=\"async\" class=\"mcnImage\" src=\"https:\/\/mcusercontent.com\/ed719e35608a2898bcd0f1717\/images\/86c0d9ab-91f8-a15d-01a5-1d5094ac5b1c.png\" alt=\"\" width=\"507\" height=\"532\" \/><\/span><\/td>\n<\/tr>\n<tr>\n<td style=\"width: 47.0882%; vertical-align: top;\">\n<div>\n<div>\n<div><span style=\"color: #000000;\"><strong><a style=\"color: #000000;\" href=\"https:\/\/gulbenkian.pt\/agenda\/ali-dogan-gonultas\/\" target=\"_blank\" rel=\"noopener noreferrer\">Funda\u00e7\u00e3o Calouste Gulbenkian<\/a>, November 4<\/strong><\/span><br \/>\n<span style=\"color: #000000;\">\u00a0<\/span><\/div>\n<div><span style=\"color: #000000;\"><em>&#8220;O seu primeiro \u00e1lbum, Ki\u011fi, tem por t\u00edtulo o nome da localidade onde G\u00f6n\u00fclta\u015f nasceu e \u00e9 o corol\u00e1rio de dez anos de pesquisa de campo. Uma l\u00f3gica de salvaguarda da tradi\u00e7\u00e3o da regi\u00e3o, \u00e0 qual o m\u00fasico empresta a sua voz de enorme expressividade, serpenteando por melodias ancestrais de uma beleza tocante.&#8221;<\/em><\/span><\/div>\n<p><span style=\"color: #000000;\"><strong>\u00a0<\/strong><\/span><\/p>\n<\/div>\n<\/div>\n<\/td>\n<td style=\"width: 52.9118%;\"><span style=\"color: #000000;\"><img loading=\"lazy\" decoding=\"async\" class=\"mcnImage\" src=\"https:\/\/mcusercontent.com\/ed719e35608a2898bcd0f1717\/images\/56837c12-77be-e691-f955-3da1b7f46d09.png\" alt=\"\" width=\"504\" height=\"498\" \/><\/span><\/td>\n<\/tr>\n<\/tbody>\n<\/table>\n<p style=\"text-align: center;\"><strong><span style=\"color: #000000;\"><a class=\"mcnButton \" style=\"color: #000000;\" title=\"Check the dates in Germany in November. HERE\" href=\"https:\/\/www.alidogangonultas.com\/en\/concerts\/\" target=\"_blank\" rel=\"noopener noreferrer\">Check the dates in Germany in November, HERE<\/a><\/span><\/strong><\/p>\n<p style=\"text-align: center;\"><span style=\"color: #000000;\"><strong>Performance for the Library of Congress. Click to watch it:<\/strong><\/span><span style=\"color: #000000;\"><a class=\"\" style=\"color: #000000;\" title=\"Ali Do\u011fan G\u00f6n\u00fclta\u015f Quartet, 150 Years of Music From Ki\u011f\u0131, Turkey\" href=\"https:\/\/www.youtube.com\/watch?v=G9uvIXSa2uQ\" target=\"_blank\" rel=\"noopener noreferrer\"><img loading=\"lazy\" decoding=\"async\" class=\"mcnImage aligncenter\" src=\"https:\/\/mcusercontent.com\/ed719e35608a2898bcd0f1717\/video_thumbnails_new\/52c5168d952a7bb8f64ec3cc9f6b5143.png\" alt=\"\" width=\"632\" height=\"474\" \/><\/a><\/span><\/p>\n<h4 style=\"text-align: center;\"><span style=\"color: #000000;\">I already imagined that Ali would be able to fly<\/span><\/h4>\n<p><span style=\"color: #000000;\"><img loading=\"lazy\" decoding=\"async\" class=\"mcnImage aligncenter\" src=\"https:\/\/mcusercontent.com\/ed719e35608a2898bcd0f1717\/_compresseds\/ecb00086-ff21-b168-a759-2845d6e90a89.jpg\" alt=\"\" width=\"672\" height=\"504\" \/><\/span><\/p>","protected":false},"excerpt":{"rendered":"<p>Last year in May, when I received Ali Do\u011fan G\u00f6n\u00fclta\u015f&#8217;s digital album,\u00a0Ki\u011f\u0131, his voice and his music captured me. I felt compelled to talk to him to explore the possibility of a collaboration. It was clear to me that there would be some challenges&#8230; The increasing cost of transport, the visas&#8230; Even his English was [&hellip;]<\/p>\n","protected":false},"author":1,"featured_media":0,"comment_status":"closed","ping_status":"open","sticky":false,"template":"","format":"standard","meta":{"footnotes":""},"categories":[226],"tags":[],"class_list":["post-3366","post","type-post","status-publish","format-standard","hentry","category-whats-up-mapamundimusica"],"_links":{"self":[{"href":"https:\/\/www.mapamundimusica.com\/en\/wp-json\/wp\/v2\/posts\/3366","targetHints":{"allow":["GET"]}}],"collection":[{"href":"https:\/\/www.mapamundimusica.com\/en\/wp-json\/wp\/v2\/posts"}],"about":[{"href":"https:\/\/www.mapamundimusica.com\/en\/wp-json\/wp\/v2\/types\/post"}],"author":[{"embeddable":true,"href":"https:\/\/www.mapamundimusica.com\/en\/wp-json\/wp\/v2\/users\/1"}],"replies":[{"embeddable":true,"href":"https:\/\/www.mapamundimusica.com\/en\/wp-json\/wp\/v2\/comments?post=3366"}],"version-history":[{"count":12,"href":"https:\/\/www.mapamundimusica.com\/en\/wp-json\/wp\/v2\/posts\/3366\/revisions"}],"predecessor-version":[{"id":3379,"href":"https:\/\/www.mapamundimusica.com\/en\/wp-json\/wp\/v2\/posts\/3366\/revisions\/3379"}],"wp:attachment":[{"href":"https:\/\/www.mapamundimusica.com\/en\/wp-json\/wp\/v2\/media?parent=3366"}],"wp:term":[{"taxonomy":"category","embeddable":true,"href":"https:\/\/www.mapamundimusica.com\/en\/wp-json\/wp\/v2\/categories?post=3366"},{"taxonomy":"post_tag","embeddable":true,"href":"https:\/\/www.mapamundimusica.com\/en\/wp-json\/wp\/v2\/tags?post=3366"}],"curies":[{"name":"wp","href":"https:\/\/api.w.org\/{rel}","templated":true}]}}