{"id":3338,"date":"2023-07-28T17:28:48","date_gmt":"2023-07-28T15:28:48","guid":{"rendered":"https:\/\/www.mapamundimusica.com\/?p=3338"},"modified":"2023-07-28T18:07:28","modified_gmt":"2023-07-28T16:07:28","slug":"july-23-talk-with-nabil-canaan-talks-at-womex-open-calls-61","status":"publish","type":"post","link":"https:\/\/www.mapamundimusica.com\/en\/newsletter\/july-23-talk-with-nabil-canaan-talks-at-womex-open-calls-61\/","title":{"rendered":"July 23. Talk with Nabil Canaan from Station Beirut, conferences at WOMEX, open calls&#8230; #61"},"content":{"rendered":"<p><span style=\"font-size: 14pt;\"><span style=\"font-family: open sans, helvetica neue, helvetica, arial, sans-serif;\"><strong>Summary\u00a0\ud83d\udc47<\/strong><\/span><span style=\"color: #ffffff; font-family: open sans, helvetica neue, helvetica, arial, sans-serif;\">\u00a0<\/span><\/span><\/p>\n<ul>\n<li><span style=\"font-family: arial, helvetica, sans-serif; font-size: 12pt;\">Editorial and Czech Music Crossroads<\/span><\/li>\n<li><span style=\"font-family: arial, helvetica, sans-serif; font-size: 12pt;\">Talk with Nabil Canaan, from Station Beirut and Shuruq Music<\/span><\/li>\n<li><span style=\"font-family: arial, helvetica, sans-serif; font-size: 12pt;\">Best New Talent Award 2023, By Upbeat Platform<\/span><\/li>\n<li><span style=\"font-family: arial, helvetica, sans-serif; font-size: 12pt;\">Talk At WOMEX: Reshaping The Narrative. Gender, Authority And New Approaches To Music Journalism\u00a0<\/span><\/li>\n<li><span style=\"font-family: arial, helvetica, sans-serif; font-size: 12pt;\">A Personal Farewell to Mad Sheer Khan<\/span><\/li>\n<li><span style=\"font-family: arial, helvetica, sans-serif; font-size: 12pt;\">Brief news from the media, charts and sister projects<\/span><\/li>\n<li><span style=\"font-family: arial, helvetica, sans-serif; font-size: 12pt;\">Open calls\u00a0and more news from professional events\u00a0\ud83d\udcbc <\/span><\/li>\n<li><span style=\"font-family: arial, helvetica, sans-serif; font-size: 12pt;\">Meet me at\u00a0\u2708\ufe0f<\/span><\/li>\n<\/ul>\n<hr \/>\n<table style=\"width: 100%;\" border=\"0\" cellspacing=\"0\" cellpadding=\"0\" align=\"left\">\n<tbody>\n<tr>\n<td class=\"mcnShareIconContent\" style=\"width: 8.13253%;\" align=\"center\" valign=\"middle\" width=\"24\"><a href=\"https:\/\/us13.forward-to-friend.com\/forward?u=993c677d53044839b1b39b2dc&amp;id=c47b38bba6&amp;e=[UNIQID]\" target=\"_blank\" rel=\"noopener noreferrer\"><img loading=\"lazy\" decoding=\"async\" class=\"\" src=\"https:\/\/cdn-images.mailchimp.com\/icons\/social-block-v2\/dark-forwardtofriend-48.png\" alt=\"If you like this content, forward it \u2b05\ufe0f\" width=\"50\" height=\"50\" \/><\/a><\/td>\n<td class=\"mcnShareTextContent\" style=\"width: 91.7671%;\" align=\"left\" valign=\"middle\"><a href=\"https:\/\/us13.forward-to-friend.com\/forward?u=993c677d53044839b1b39b2dc&amp;id=c47b38bba6&amp;e=[UNIQID]\" target=\"\" rel=\"noopener noreferrer\">If you like this content, send it to a friend \u2b05\ufe0f<\/a><\/td>\n<\/tr>\n<\/tbody>\n<\/table>\n<table style=\"width: 100%;\" border=\"0\" cellspacing=\"0\" cellpadding=\"0\" align=\"left\">\n<tbody>\n<tr>\n<td class=\"mcnShareIconContent\" style=\"width: 8.3115%;\" align=\"center\" valign=\"middle\" width=\"24\"><a href=\"http:\/\/www.facebook.com\/sharer\/sharer.php?u=http%3A%2F%2Feepurl.com%2FivVnvY\" target=\"_blank\" rel=\"noopener noreferrer\"><img loading=\"lazy\" decoding=\"async\" class=\"\" src=\"https:\/\/cdn-images.mailchimp.com\/icons\/social-block-v2\/outline-dark-facebook-48.png\" alt=\"Share to FB right from here\" width=\"55\" height=\"55\" \/><\/a><\/td>\n<td class=\"mcnShareTextContent\" style=\"width: 91.543%;\" align=\"left\" valign=\"middle\"><a href=\"http:\/\/www.facebook.com\/sharer\/sharer.php?u=http%3A%2F%2Feepurl.com%2FivVnvY\" target=\"\" rel=\"noopener noreferrer\">Share to FB right from here<\/a><\/td>\n<\/tr>\n<\/tbody>\n<\/table>\n<p style=\"text-align: center;\"><strong><img loading=\"lazy\" decoding=\"async\" class=\"alignleft\" src=\"https:\/\/mcusercontent.com\/993c677d53044839b1b39b2dc\/images\/44775618-a579-8384-b6c2-894f9d66007a.jpeg\" width=\"256\" height=\"256\" align=\"left\" data-file-id=\"5911327\" \/><\/strong><strong><span style=\"font-size: 18pt;\"><a class=\"mcnButton \" title=\" \u27a1\ufe0f This is the button for subscription \" href=\"https:\/\/mailchi.mp\/892ba551b707\/mapamundi-general\" target=\"_blank\" rel=\"noopener noreferrer\">\u27a1\ufe0f This is the link for subscription<\/a><\/span> <\/strong><\/p>\n<p><strong>Hello, how are you?\u00a0<\/strong>I am\u00a0well and also full of very diverse emotions. Haha, yes, that is the same as the beginning of the previous edition.\u00a0But the photo is not the same. This flyer was made by the Upbeat team on the occasion of my participation as a judge in the Best New Talent competition. I talk about it below.<\/p>\n<p>This July edition is coming out a little late for a number of reasons.<\/p>\n<p>I&#8217;m writing from home, in Alcorc\u00f3n, between returning from Palma de Mallorca for Yiannis Dionysiou&#8217;s concert (wow, what a level, it was an artistic highlight of my life) and travelling again, to Sweden in this case, for Ali Do\u011fan G\u00f6n\u00fclta\u015f&#8217;s participation in the Urkult festival.<\/p>\n<p><img loading=\"lazy\" decoding=\"async\" class=\"alignright\" src=\"https:\/\/mcusercontent.com\/993c677d53044839b1b39b2dc\/images\/ba3c14cc-68ba-c979-df76-2457ebf30ec7.png\" width=\"250\" height=\"255\" align=\"right\" data-file-id=\"5911335\" \/><\/p>\n<p>With Ali I spent an important part of July in Spain and Germany.\u00a0I leave you below a short video of his participation in the Polir\u00edtmia festival in Valencia, with the collaboration as guest artist of the versatile and skilful Eduard Navarro.<\/p>\n<p style=\"text-align: center;\"><strong><span class=\"fe5nidar khvhiq1o r5qsrrlp i5tg98hk f9ovudaz przvwfww gx1rr48f gfz4du6o r7fjleex nz2484kf svot0ezm dcnh1tix sxl192xd t3g6t33p\"><span class=\"mpj7bzys xzlurrtv\">\u27a1\ufe0f <\/span><\/span>This photo with Ali was taken by F\u0131rat, his clarinet player, at the Caf\u00e9 Barbieri in Madrid, a caf\u00e9 that is 121 years old. It&#8217;s not all about work!\u00a0<\/strong><\/p>\n<p>Well, in conclusion, this month has been awesome. It started even in Ostrava for the Czech Music Crossroads&#8230;<\/p>\n<p style=\"text-align: center;\"><span style=\"font-size: 14pt;\">\ud83d\udfe8\u00a0<strong>Czech Music Crossroads\u00a0<\/strong>\ud83d\udfe8<\/span><\/p>\n<p>This professional meeting took place in Ostrava from 28 June to 1 July. As I mentioned earlier, Mapamundi M\u00fasica sponsored the participation of Spain as the guest country, with performances by Vig\u00fcela, Xabi Aburruzaga and Xurxo Fernandes.\u00a0I chose three artists from three of the cultures that make up my country of birth.\u00a0Besides them, I especially enjoyed the concerts of two of the bands from Slovenia, which was the other guest country: the very young Gugutke and the more experienced and also extraordinary Teo Collori &amp; Momento Cigano. And also Sutari, the Polish women&#8217;s trio, who also won the Crossroads professional award.<\/p>\n<p>Besides the concerts there was also a series of talks. Among them, I myself spoke on behalf of Transglobal World Music Chart, together with Milan Tesa\u0159, coordinator of World Music Charts Europe, about both initiatives. Svenja Mahlstede gave a very interesting talk about sync licensing.\u00a0Piotr Pucy\u0142o gave a series of practical tips for artists and managers on issues such as technical rider and photography.<\/p>\n<p>In addition, there were formal and informal moments for the exchange of ideas. I have captured one of them in a very specific way: the conversation with Nabil Canaan during the speed datings. I had not planned to interview him beforehand, but as soon as we started talking I understood that it was of great interest to give him space here. So he is the protagonist of this edition.<\/p>\n<p style=\"text-align: center;\"><strong>In this picture you have all or almost all the international delegates and part of the Crossroads team:<\/strong><\/p>\n<p><img loading=\"lazy\" decoding=\"async\" class=\"mcnImage aligncenter\" src=\"https:\/\/mcusercontent.com\/993c677d53044839b1b39b2dc\/images\/e0ff6607-cb30-bb97-ce85-9ff58a833c73.jpg\" alt=\"\" width=\"630\" height=\"420\" \/><\/p>\n<p style=\"text-align: center;\">I hope you enjoy the content. I think it is very interesting. And as always, if you have something to share with the global community that is dedicated in one way or another to these musics, let me know.<\/p>\n<p style=\"text-align: center;\"><strong>Remember: if you have any news of interest for our community, let me know. Thank you very much for your attention.<\/strong><\/p>\n<p style=\"text-align: center;\">Araceli Tzigane | Mapamundi M\u00fasica\u00a0|<strong>\u00a0+34 676\u00a030 28 82\u00a0<\/strong><\/p>\n<hr \/>\n<h1><strong><span style=\"color: #daa520;\">AND NOW THE FLOOR IS FOR:\u00a0<\/span><\/strong><strong><span style=\"color: #daa520;\">NABIL CANAAN<\/span><\/strong><\/h1>\n<p style=\"text-align: center;\"><span style=\"font-size: 14pt;\"><span style=\"font-family: open sans, helvetica neue, helvetica, arial, sans-serif;\"><strong>While you read, listen to the the playlist of Shuruq Sessions,\u00a0<a href=\"https:\/\/www.youtube.com\/watch?v=CRpN1B5WqI4&amp;list=PLS09guTVMQ6cHxG3jqu-Y5XRu-b-_TShD&amp;index=1\" target=\"_blank\" rel=\"noopener noreferrer\">here<\/a>\u00a0<\/strong><\/span>\ud83c\udfa7<\/span><\/p>\n<p><strong>It is quite obvious that I have been thinking for some time about the situation in many parts of the world regarding the access of artists to the so-called world music circuits and how there are various mechanisms of exclusion.<\/strong><\/p>\n<p>The economic ones are very obvious, of course. The other day I was talking to Ali Do\u011fan G\u00f6n\u00fclta\u015f in the van after his concert at the SoNna Festival, about the money that has to be advanced for flights and other aspects before receiving payment from the festival. In Spain practically no public entity pays in advance, not even for travel expenses, so the agent or the artist has to advance all that money. If they can\u2019t, they will be excluded from that program because the regulation is very strict in these respects.<\/p>\n<p>There are administrative barriers as well. Last year I helped a colleague from Italy to issue an invoice, fulfilling the bureaucratic requirements of his client, a Spanish municipality. Even within the EU itself it was a pain to get the invoice issued, imagine if you don&#8217;t have a European agent.<\/p>\n<p>And of course, there is the issue of visas, an extra source of stress.<\/p>\n<p>All these limitations apply to artists who are somehow in the &#8220;industry&#8221;. Many others will not even come to deal with them and will never transcend into the international arena. I&#8217;m fine with that if that&#8217;s what they want and if they can make a living in their local or national market. In many cases this is not the situation.<br \/>\n<img loading=\"lazy\" decoding=\"async\" class=\"alignright\" src=\"https:\/\/mcusercontent.com\/993c677d53044839b1b39b2dc\/images\/04aea29e-adaf-d067-2434-b35fea8cd736.jpeg\" width=\"357\" height=\"268\" align=\"center\" data-file-id=\"5911331\" \/><\/p>\n<p>All this is to say that I found it very interesting to talk to Nabil Canaan about his initiatives. You will understand very soon.\u00a0I met Nabil Canaan during the last edition of Czech Music Crossroads that took place in Ostrava from 28th of June to 1st of July. In his profile as delegate of the event he is presented as \u201c<em>co-founder of Station Beirut arts platform, director of its cultural centre in Beirut, producer of its international projects. After an earlier career in marketing and technology, Nabil pivoted into the creative industries twenty years ago as a cultural change agent in journalism, film and arts<\/em>.\u201d The complete profile is available here.<\/p>\n<p><strong>Before reading the interview, it is useful to check out the platform\u00a0<\/strong><strong><a href=\"https:\/\/shuruqmusic.net\/\" target=\"_blank\" rel=\"noopener noreferrer\">Shuruq Music<\/a>, that is mentioned below. And the website of\u00a0<a href=\"https:\/\/www.stationbeirut.com\/\" target=\"_blank\" rel=\"noopener noreferrer\">Station Beirut<\/a>.\u00a0<\/strong><\/p>\n<hr \/>\n<p><strong>Mapamundi M\u00fasica: You are the founder of the cultural center Station Beirut. You are Lebanese, aren\u2019t you?<\/strong><\/p>\n<p><strong>Nabil Canaan:<\/strong>\u00a0I was born in Lebanon. I&#8217;ve lived in Nigeria, Switzerland, France, New York, Cyprus\u2026 I&#8217;ve worked with Japanese companies, Korean companies\u2026 and we opened Station in an old wood factory in Beirut in 2013.<\/p>\n<p><strong>MM: 10 years ago. Is it your job currently?\u00a0<\/strong><br \/>\n<strong>NC:\u00a0<\/strong>Yes, I&#8217;m the director, booker, I handle artistic direction and other management roles as well.<\/p>\n<p><strong>MM: And when you decided to make this, I suppose you were taking some risks\u2026 Because you have been working in places, let\u2019s say, economically developed and without any problems, with a lot of regulations and so. Why did you want to make this?<\/strong><\/p>\n<p><strong>NC:<\/strong>\u00a0I&#8217;ve been working for about 30 years. First ten years I worked in corporate environments in marketing and technology and then after that, I was looking for something more meaningful in life. So I moved into journalism (with The New York Times in New York), film, and development, working with UN agencies on projects in West Africa, Levant region and North Africa. Combining all that with my partner at the time we said \u201cokay, what can we do within the Middle East\/North Africa region through arts and culture to try and advance some social aspects?\u201d.<a href=\"https:\/\/www.stationbeirut.com\/\" target=\"_blank\" rel=\"noopener noreferrer\"><img loading=\"lazy\" decoding=\"async\" class=\"alignright\" src=\"https:\/\/mcusercontent.com\/993c677d53044839b1b39b2dc\/images\/4ad21c98-887e-0ad3-3c0b-33775a7794b8.jpg\" width=\"355\" height=\"105\" align=\"right\" data-file-id=\"5911351\" \/><\/a> We decided to set up Station with a mission of \u201carts and culture for social transformation\u201d. We deliver this through our programming in visual arts, live arts, and via more mainstream events like urban markets and stand-up comedy. All of it is geared towards programming artists with a social practice, meaning people who have socially engaged arts projects that address human rights, women&#8217;s rights, gay rights, the environment\u2026 Projects that invite critical thinking towards social and political change.<\/p>\n<div><\/div>\n<div style=\"text-align: right;\"><span style=\"color: #008080; font-size: 14pt;\"><em><strong>&#8220;There&#8217;s a lack of, let&#8217;s say, professional structures and market linkages for exports. So there&#8217;s a lot of potential for development, to say it positively.&#8221;<\/strong><\/em><\/span><\/div>\n<div><span style=\"color: #ffffff;\">.<\/span><\/div>\n<p>We worked a lot with photography, film, video art, visual arts in general\u2026 And on the live side our core focus is Music, but we also program theatre, stand up and storytelling, looking to identify and present the next generation of artists from the region who are collectively trying to make some change. We work in a region where, in general, there&#8217;s a lot of censorship, where there are still some conservative views. There are, you know, infrastructural issues as well. There&#8217;s a lack of, let&#8217;s say, professional structures and market linkages for exports. So there&#8217;s a lot of potential for development, to say it positively.<\/p>\n<div style=\"text-align: right;\"><span style=\"color: #008080; font-size: 14pt;\"><em><strong>&#8220;The idea for the Shuruq platform is to identify, elevate and transmit music productions from the SWANA\u00a0region to the world.&#8221;<\/strong><\/em><\/span><\/div>\n<div><span style=\"color: #ffffff;\">.<\/span><\/div>\n<p><em><strong><img loading=\"lazy\" decoding=\"async\" class=\"alignleft\" src=\"https:\/\/mcusercontent.com\/993c677d53044839b1b39b2dc\/images\/94d030af-7075-6fbe-f698-ed9b9a9e7ccd.jpg\" width=\"344\" height=\"487\" align=\"left\" data-file-id=\"5911355\" \/><\/strong><\/em>Given my development background working on sector strengthening projects, in 2019 we created the concept for a platform called \u201cSHURUQ\u201d, which in Arabic means sunrise, a metaphor for emerging talents, new beginnings, moving towards the light. The idea for the Shuruq platform is to identify, elevate and transmit music productions from the SWANA* region to the world.<\/p>\n<p>* Swana: South West Asia\/North Africa.<\/p>\n<p><strong>MM: For my newsletter I am trying to talk about these issues that affect the music\u2026 You have talked about censorships. For instance, I work with an artist with whom I&#8217;m facing this situation because of his background and the place where he lives, he faces discrimination for several reasons. When I started with him, I didn&#8217;t really know about him, but we must face the visa issue, we have the Schengen visa for one year, so it&#8217;s going quite well with him. He sings in minority languages. About the censorship, he has suffered cancellations of concerts\u2026 But let\u2019s continue about Station Beirut and Shuruq.<\/strong><\/p>\n<p><strong>NC:\u00a0<\/strong>Keep in mind that during the past three weird years living through corona, in Lebanon you have to add revolution, economic meltdown, explosion of the Beirut port, the dramatic 90% devaluation of the currency, exodus of talent\u2026 It&#8217;s really a lot of challenges for a small country. We\u2019ve also had the Syria war next door since 2011, with over 2 million refugees in Lebanon. There are a lot of issues still going on.So, in the midst of all these challenges, we created Shuruq Music Platform as a way to elevate and transmit artists and music productions from the region to the rest of the world. Shuruq is built on four pillars: there&#8217;s a Capacity Building\/Training side, there&#8217;s a Content Production side, Music Marketing and International Bookings. We\u2019ve already delivered a set of trainings, produced live performance music videos and we launched a Shuruq Music YouTube channel that you can follow. Shuruq is also of course on Instagram, Spotify, Anghami and the other main DSPs.In November 2022 I reopened our Station venue in Beirut to restart presenting live music. We&#8217;ve booked about 16 bands since, about two concerts a month. It&#8217;s what the country can handle right now. People don&#8217;t mind going clubbing but live concerts\u2026that\u2019s more challenging. We have to re-engage audiences. I think this week we found out that everyone&#8217;s having challenges with audiences.<\/p>\n<div><\/div>\n<div style=\"text-align: right;\"><span style=\"color: #008080; font-size: 14pt;\"><em><strong>&#8220;We&#8217;re looking to build partnerships for export development, first within the region, then across the Mediterranean, Balkans, onto Western Europe and beyond.&#8221;<\/strong><\/em><\/span><\/div>\n<div><span style=\"color: #ffffff;\">.<\/span><\/div>\n<p>What we\u2019re looking to develop now are bookings. We started already last year at The Great Escape in the UK by booking Rasha Nahas, a Palestinian artist based in Berlin. Last week we booked Lebanese hip-hop artist El Rass in Canada, two dates in Toronto and Montreal. In September we&#8217;re booking a band at the Arabesques Festival in Montpellier, France, and in October, three bands at Les Docks in Lausanne, Switzerland\u2026 We want to help promote not just from Lebanon, but from across the southern Mediterranean region and Levant. We&#8217;re looking to build partnerships for export development, first within the region, then across the Mediterranean, Balkans, onto Western Europe and beyond.<\/p>\n<p><img loading=\"lazy\" decoding=\"async\" class=\"aligncenter\" src=\"https:\/\/mcusercontent.com\/993c677d53044839b1b39b2dc\/_compresseds\/6a960a27-70c9-7367-267b-ab5aea5079f7.jpg\" width=\"639\" height=\"427\" align=\"center\" data-file-id=\"5911359\" \/><\/p>\n<div style=\"text-align: right;\"><span style=\"color: #008080; font-size: 14pt;\"><em><strong>&#8220;By calling it Swana, and not Middle East\u00a0North Africa, it allows us to also go beyond Arabic-speaking music alone, to include Kurdish, Berber, Turkic languages, Farsi, Armenian, etc, where there is a shared history, shared culture, food, instruments and somehow the microtonal modal sounds.&#8221;<\/strong><\/em><\/span><\/div>\n<div><span style=\"color: #ffffff;\">.<\/span><\/div>\n<p>We&#8217;re very confident that there\u2019s a lot of very good talent in this region. What they need is to understand better how to export, how to develop export strategies, how to package that, how to start building circuits and networks of venues, festivals, helpful people around us. I think today for the music industry there&#8217;s probably two areas of growth: technology and emerging markets. Latin America is doing a good job. In Africa generally they are also working well, key markets being obviously Nigeria, South Africa, Senegal, Uganda. But I think the third region that\u2019s the next growth area is what we call SWANA: Southwest Asia &#8211; North Africa.\u00a0This covers the North African countries from the Maghreb all the way across to the Levant (Lebanon, Syria, Palestine, Jordan, Iraq), the Gulf countries like Saudi Arabia, Bahrain, Emirates and beyond into Turkey and the Caucasus countries like Armenia, Georgia and the like\u2026 By calling it Swana, and not Middle East, North Africa, it allows us to also go beyond Arabic-speaking music alone, to include Kurdish, Berber, Turkic languages, Farsi, Armenian, etc, where there is a shared history, shared culture, food, instruments and somehow the microtonal modal sounds, which we can find even here actually in the Czech Republic. Two bands ago that we were listening to I was sitting next to the Tunisian percussionist, Imed Alibi who was saying to me \u201cMan, this sounds like it comes from our region\u201d, talking about the rhythms by the East European band.<\/p>\n<p style=\"text-align: right;\"><span style=\"color: #008080; font-size: 14pt;\"><em><strong>&#8220;It has been 20 years of \u201cArab equals terrorist\u201d, which is wrong obviously. We have always worked to change perceptions internationally through the arts and culture.&#8221;<\/strong><\/em><\/span><\/p>\n<p>So obviously if you go into Spain, 700 years of Arab presence, there&#8217;s a lot of references that you can also find in Flamenco. We think this mixture of culture is way overdue. We need to know that the time for getting people from this region to the West is now. And thankfully the stigmatization of Arabs seems like it\u2019s diminishing somewhat. It has been 20 years of \u201cArab equals terrorist\u201d, which is wrong obviously. We have always worked to change perceptions internationally through the arts and culture. So we now look forward to partnering with people who share the same values.<\/p>\n<hr \/>\n<p><strong>I am very grateful to Nabil for the conversation. Before I say goodbye, I want to share something about one of the artists he mentioned, Rasha Nahas, in a collaboration with Dina Elwedidi:<\/strong><a class=\"\" title=\"\" href=\"https:\/\/www.youtube.com\/watch?v=D8agwylqOQw\" target=\"_blank\" rel=\"noopener noreferrer\"><img decoding=\"async\" class=\"mcnImage aligncenter\" src=\"https:\/\/mcusercontent.com\/993c677d53044839b1b39b2dc\/video_thumbnails_new\/7c8f83b9255107bb2a69189052a24dfb.png\" alt=\"\" width=\"564\" \/><\/a><\/p>\n<p>&nbsp;<\/p>\n<hr \/>\n<h1><strong><span style=\"color: #daa520;\">BEST NEW TALENT AWARD 2023, BY UPBEAT PLATFORM<\/span><\/strong><\/h1>\n<p><span style=\"font-family: 'open sans', 'helvetica neue', helvetica, arial, sans-serif;\">As mentioned above, I had the honour to be part of the jury for the Best New Talent Award in the framework of Upbeat Platform, together with Bal\u00e1zs Weyer from Hangvet\u0151 and Chris Eckman from Glitterbeat.\u00a0<\/span><\/p>\n<p><a href=\"https:\/\/www.facebook.com\/upbeateu\/videos\/2173010279696786\/\" target=\"_blank\" rel=\"noopener noreferrer\"><span style=\"color: #000000; font-family: open sans, helvetica neue, helvetica, arial, sans-serif;\"><strong><img loading=\"lazy\" decoding=\"async\" class=\"alignright\" src=\"https:\/\/mcusercontent.com\/993c677d53044839b1b39b2dc\/images\/ad623855-18db-c22c-a12d-3d487abf7734.png\" width=\"394\" height=\"311\" align=\"right\" data-file-id=\"5911363\" \/><\/strong><\/span><\/a><span style=\"font-family: 'open sans', 'helvetica neue', helvetica, arial, sans-serif;\">Between the three of us we came up with a list of 10 artists who met the criteria to be considered &#8220;emerging&#8221; and who had performed at one of the events that make up the platform.\u00a0Click the picture to watch a video with the nominees\u00a0<\/span>\u27a1\ufe0f.<\/p>\n<p><span style=\"font-family: 'open sans', 'helvetica neue', helvetica, arial, sans-serif;\">What are these events? You have them\u00a0<a href=\"https:\/\/upbeat-platform.eu\/partners-members\/\" target=\"_blank\" rel=\"noopener noreferrer\">here<\/a>. And what were those criteria? Literally:<\/span><\/p>\n<p><span style=\"font-family: 'open sans', 'helvetica neue', helvetica, arial, sans-serif;\">&#8220;<em>The performer has to fit at least 5 of the following conditions:<br \/>\n\u25cf max 3 albums released<br \/>\n\u25cf max 5 years passed since the release of their first album<br \/>\n\u25cf no more than 20.000 followers on either of their social media channels<br \/>\n\u25cf the average age of band members does not exceed 35 years<br \/>\n\u25cf had at least one concert in a professional setting<br \/>\n\u25cf the band did not go on an international tour of 10 gigs<br \/>\n\u25cf the band does not have a contract with a non-national record label<br \/>\n\u25cf the band has an up-to-date web presence (website, social media)<br \/>\nThe nominated artists also have to be legal residents in any country participating in the<br \/>\nCreative Europe programme<\/em>.&#8221;<\/span><\/p>\n<p>And now the voting is open to everyone,\u00a0<a href=\"https:\/\/upbeatawards.eu\/\" target=\"_blank\" rel=\"noopener noreferrer\">here<\/a>, until 12 September. The vote gives you\u00a0the chance to win a double pass for the Tallinn Music Week.\u00a0The chosen band will get the chance to perform at the PIN MUSIC Conference &amp; Showcase &amp; to record a clip with the mighty La Blogoth\u00e8que in Paris.<\/p>\n<hr \/>\n<h1><strong><span style=\"color: #daa520;\">TALK AT WOMEX: RESHAPING THE NARRATIVE. <\/span><\/strong><strong><span style=\"color: #daa520;\">GENDER, AUTHORITY AND NEW APPROACHES TO MUSIC JOURNALISM<\/span><\/strong><\/h1>\n<p><img loading=\"lazy\" decoding=\"async\" class=\"alignright\" style=\"color: #747474; font-family: 'Open Sans', sans-serif; font-size: 14px;\" src=\"https:\/\/mcusercontent.com\/993c677d53044839b1b39b2dc\/images\/d411cf22-24c0-94fb-0ba0-08627a05760b.jpg\" width=\"401\" height=\"247\" align=\"right\" data-file-id=\"5911387\" \/><\/p>\n<p><span style=\"font-family: 'open sans', 'helvetica neue', helvetica, arial, sans-serif;\">This week WOMEX has announced the conference program. It is going to be the first time that I actually participate in this WOMEX activity and I am very happy to do it with two tremendous colleagues: <a href=\"https:\/\/www.mvn-culture.com\/\" target=\"_blank\" rel=\"noopener noreferrer\">Martyna van Nieuwland<\/a>\u00a0and\u00a0<a href=\"https:\/\/www.resonate-productions.com\/ArtisticDirector.html\" target=\"_blank\" rel=\"noopener noreferrer\">Andrea Voets<\/a>. Click on their names to read a bio.\u00a0<\/span><\/p>\n<p><span style=\"font-family: 'open sans', 'helvetica neue', helvetica, arial, sans-serif;\">Specific day and time details will be announced at a later date.\u00a0<\/span><\/p>\n<p><span style=\"font-family: open sans, helvetica neue, helvetica, arial, sans-serif;\"><strong>And another conference I&#8217;d like to highlight<\/strong><\/span><\/p>\n<p><img loading=\"lazy\" decoding=\"async\" class=\"alignleft\" style=\"color: #747474; font-size: 14px; font-family: 'open sans', 'helvetica neue', helvetica, arial, sans-serif;\" src=\"https:\/\/mcusercontent.com\/993c677d53044839b1b39b2dc\/images\/5a32fc91-1687-c48e-cb33-08683c3a1123.jpg\" width=\"328\" height=\"203\" data-file-id=\"5911395\" \/><\/p>\n<p><span style=\"font-family: 'open sans', 'helvetica neue', helvetica, arial, sans-serif;\">I would like to mention another conference in which I am not going to participate but with which I have a certain relationship because it was born within the European Folk Network, of which I am a member of the board. The conference is &#8220;<em>Archives: Living Heritage or History?\u00a0Using archives and assessing their value to a contemporary scene<\/em>&#8221; and it will be chaired by Nod Knowles, the coordinator of the\u00a0European Folk Network,\u00a0with Mikl\u00f3s Both (Hungary) from the Hungarian Heritage House,\u00a0Mariet Calsius (Belgium) from\u00a0CEMPER &#8211; Center for Music and Performing Arts Heritage and Prof. Simon McKerrell (Scotland).\u00a0<\/span><\/p>\n<p>&nbsp;<\/p>\n<hr \/>\n<p>&nbsp;<\/p>\n<h1><strong><span style=\"color: #daa520;\">A PERSONAL FAREWELL TO MAD SHEER KHAN<\/span><\/strong><\/h1>\n<div>\n<p><span style=\"color: #000000; font-family: open sans, helvetica neue, helvetica, arial, sans-serif;\"><strong><img loading=\"lazy\" decoding=\"async\" class=\"alignright\" src=\"https:\/\/mcusercontent.com\/993c677d53044839b1b39b2dc\/images\/349784b9-11cc-559c-c124-221b1a29e70b.jpg\" width=\"270\" height=\"337\" align=\"right\" data-file-id=\"5911375\" \/><\/strong><\/span>In 2005 there was no Mapamundi M\u00fasica. But I was already working on these things and I had the opportunity to bring Mad Sheer Khan to perform in Spain for his first time. Specifically, to Murcia Tres Culturas. He was the first international artist I brought to perform in my country. I knew his work from the album 1001 Nights. You can listen to it\u00a0<a href=\"https:\/\/www.youtube.com\/watch?v=kDZl4-AlMKg&amp;list=OLAK5uy_mBjil3MGaasGzzNVTwzeHefetRfaFeBus\" target=\"_blank\" rel=\"noopener noreferrer\">here<\/a>.<span style=\"font-family: 'open sans', 'helvetica neue', helvetica, arial, sans-serif;\">That concert was in quartet formation, with Celia, his wife and harmonium player from France, a Cuban percussionist and one from Congo. Some time later, with Mapamundi, I worked with him again on several occasions.<\/span><\/p>\n<p>Mad Sheer Khan has been a very particular artist, with a very special life and professional career. His voice has always been deeply pacifist. On\u00a0<a href=\"https:\/\/madsheerkhan.net\/\" target=\"_blank\" rel=\"noopener noreferrer\">his website<\/a>\u00a0you have more information.<\/p>\n<p>This week I learned of his death at the age of 67. I didn&#8217;t expect it, really. In recent years we have not had much contact. His last album was in 2012. I think he&#8217;s been sick for a while until this fatal end.\u00a0Several artists have passed away lately. Everyone is talking about Sinead O&#8217;Connor. Her decease is\u00a0pity, without a doubt. Ceferina Banquez, the queen of bullerengue, has also passed away at the age of 80. Some people talk about her. I&#8217;m sorry too.\u00a0Thanks to all three. It will take you a long time to be forgotten.<\/p>\n<\/div>\n<div>\n<hr \/>\n<\/div>\n<p>&nbsp;<\/p>\n<h1><strong><span style=\"color: #daa520;\">BRIEF NEWS FROM THE MEDIA, CHARTS AND SISTER PROJECTS\u00a0<\/span><\/strong><\/h1>\n<hr \/>\n<ul>\n<li><span style=\"font-family: 'open sans', 'helvetica neue', helvetica, arial, sans-serif;\">#1\u00a0for<\/span><span style=\"color: #000000; font-family: open sans, helvetica neue, helvetica, arial, sans-serif;\"><a href=\"https:\/\/www.transglobalwmc.com\/charts\/july-2023-chart\/\" target=\"_blank\" rel=\"noopener noreferrer\">Transglobal World Music Chart in July\u00a02023<\/a><\/span><span style=\"font-family: 'open sans', 'helvetica neue', helvetica, arial, sans-serif;\">\u00a0is:\u00a0<\/span><span style=\"font-family: 'open sans', 'helvetica neue', helvetica, arial, sans-serif;\"><em>London Ko<\/em>\u00a0by\u00a0Fatoumata Diawara\u00a0(Fatoumata Diawara)<\/span><\/li>\n<\/ul>\n<div>\n<hr \/>\n<\/div>\n<ul>\n<li><span style=\"font-family: 'open sans', 'helvetica neue', helvetica, arial, sans-serif;\"><a href=\"https:\/\/mundofonias.com\/wp\/?p=6747\" target=\"_blank\" rel=\"noopener noreferrer\">Mundofon\u00edas<\/a>: our three favour<\/span><span style=\"font-family: open sans, helvetica neue, helvetica, arial, sans-serif;\">ites of the month are Sourdurent&#8217;s\u00a0<em>L\u2019herbe de d\u00e9tourne<\/em>, the compilation\u00a0<em>Afghan music in exile: Mashhad 2022<\/em>\u00a0[V.A.] and Sa\u00eed\u00ea Goy\u00ee&#8217;s\u00a0<em>Jin\u00ea.<\/em><\/span><\/li>\n<\/ul>\n<div><a href=\"https:\/\/mundofonias.com\/wp\/?p=6799\" target=\"_blank\" rel=\"noopener noreferrer\"><img loading=\"lazy\" decoding=\"async\" class=\"aligncenter\" src=\"https:\/\/mcusercontent.com\/993c677d53044839b1b39b2dc\/images\/095106f0-98a1-9918-3a4b-25e510470105.jpg\" width=\"745\" height=\"246\" align=\"center\" data-file-id=\"5911367\" \/><\/a><\/div>\n<p>&nbsp;<\/p>\n<hr \/>\n<h1><strong><span style=\"color: #daa520;\">OPEN CALLS AND PROFESSIONAL EVENTS<\/span><\/strong><\/h1>\n<p><strong><span style=\"font-family: 'open sans', 'helvetica neue', helvetica, arial, sans-serif;\">If you have anything to share in this section in a future edition, let me know.<\/span><\/strong><\/p>\n<hr \/>\n<ul>\n<li><strong><img loading=\"lazy\" decoding=\"async\" src=\"https:\/\/mcusercontent.com\/993c677d53044839b1b39b2dc\/images\/3ae298c0-6410-d36b-c705-1e6eb2daa757.jpg\" width=\"150\" height=\"150\" align=\"right\" data-file-id=\"5756115\" \/>Festival Au Fil des Voix.\u00a0<\/strong>Paris. Deadline: 31 of August. &#8220;The shows are selected from artistic proposals related to recent discographic news (physical release of the album in France between February 2023 and January 2024).&#8221; Check the terms and conditions,\u00a0<a href=\"https:\/\/www.aufildesvoix.com\/12\/conditions-generales\/\" target=\"_blank\" rel=\"noopener noreferrer\">here<\/a>. In the\u00a0<a href=\"https:\/\/www.mapamundimusica.com\/en\/newsletter\/june-23-5-years-talk-with-daniel-rosenberg-mm-record-label-open-calls-60\/\" target=\"_blank\" rel=\"noopener noreferrer\">previous edition<\/a> I shared more information and reflections about this event.<\/li>\n<\/ul>\n<p>&nbsp;<\/p>\n<hr \/>\n<p>&nbsp;<\/p>\n<h1><strong><span style=\"color: #daa520;\">MEET ME AT<\/span><\/strong><\/h1>\n<ul>\n<li><img loading=\"lazy\" decoding=\"async\" class=\"alignright\" src=\"https:\/\/mcusercontent.com\/993c677d53044839b1b39b2dc\/images\/bc373caf-006c-0400-3319-6f956f9aa10f.png\" width=\"357\" height=\"356\" align=\"right\" data-file-id=\"5911383\" \/>Next week, from 3 to 6 of August,\u00a0<a href=\"https:\/\/www.urkult.se\/en\/project\/ali-dogan-gonultas-2\/\" target=\"_blank\" rel=\"noopener noreferrer\">Urkult Festival<\/a>, for the participation by\u00a0Ali Do\u011fan G\u00f6n\u00fclta\u015f with a concert and a workshop.<\/li>\n<li>September, 7-9, Veszpr\u00e9m, Hungary, for the festival of\u00a0<a href=\"https:\/\/mostmusic.eu\/\" target=\"_blank\" rel=\"noopener noreferrer\">BALKAN:MOST<\/a>.<\/li>\n<li>October, 5-8,\u00a0I will go to the\u00a0<a href=\"https:\/\/firamediterrania.cat\/ca\/espectacle\/2023\/ki-ali-doan-gonulta\" target=\"_blank\" rel=\"noopener noreferrer\">Fira Mediterr\u00e0nia in Manresa<\/a>. Again, Ali will perform there and I will attend also as a delegate as in many previous occasions.<\/li>\n<li>October, 11th.\u00a0<a href=\"https:\/\/www.alteoper.de\/de\/programm\/veranstaltung.php?id=523013309\" target=\"_blank\" rel=\"noopener noreferrer\">Very special concert<\/a>\u00a0at the Alte Oper\u00a0Franfkurt with Vig\u00fcela and several other Spanish performers for a program designed by alba Kultur.<\/li>\n<li>October, 18-21, Manchester. English Folk Expo, which this year hosts the\u00a0<a href=\"https:\/\/www.europeanfolknetwork.com\/conference-2023\" target=\"_blank\" rel=\"noopener noreferrer\">annual meeting of the European Folk Network<\/a>.<\/li>\n<li>And\u00a0<a href=\"https:\/\/www.womex.com\/\" target=\"_blank\" rel=\"noopener noreferrer\">Womex<\/a>. 25-29 October, La Coru\u00f1a.<\/li>\n<\/ul>\n<p style=\"text-align: center;\"><strong>Just for the pleasure, I leave you here a little video of the performance of Ali Do\u011fan G\u00f6n\u00fclta\u015f at the Festival Polir\u00edtmia, with the participation as guest artist of Eduard Navarro playing the dol\u00e7aina:<\/strong><\/p>\n<p style=\"text-align: center;\"><iframe loading=\"lazy\" title=\"Ali Do\u011fan G\u00f6n\u00fclta\u015f at the Festival Polir\u00edtmia, 5th July 2023. (video: Carles Desfilis)\" src=\"https:\/\/www.youtube.com\/embed\/q72pFq7So80\" width=\"619\" height=\"377\" frameborder=\"0\" allowfullscreen=\"allowfullscreen\"><span data-mce-type=\"bookmark\" style=\"display: inline-block; width: 0px; overflow: hidden; line-height: 0;\" class=\"mce_SELRES_start\">\ufeff<\/span><\/iframe><\/p>\n<p>&nbsp;<\/p>\n<hr \/>\n<p><strong>WHO WE ARE AND SISTER PROJECTS<\/strong><strong>\u00a0<\/strong><\/p>\n<p>Mapamundi M\u00fasica is an agency of management and booking. <a href=\"http:\/\/www.mapamundimusica.com\/en\/\" target=\"_blank\" rel=\"noopener noreferrer\" data-cke-saved-href=\"http:\/\/www.mapamundimusica.com\/en\/\">Learn more here<\/a>. Check our proposals at <a href=\"http:\/\/www.mapamundimusica.com\" target=\"_blank\" rel=\"noopener noreferrer\" data-cke-saved-href=\"http:\/\/www.mapamundimusica.com\">our website<\/a>.<\/p>\n<p>We also offer you our\u00a0<a href=\"http:\/\/www.mundofonias.com\/\" target=\"_blank\" rel=\"noopener noreferrer\" data-cke-saved-href=\"http:\/\/www.mundofonias.com\/\">Mundofon\u00edas<\/a> radio show, probably the leader about world music in Spanish language (on 50 stations in 18 countries). We produce\u00a0the <a href=\"http:\/\/www.transglobalwmc.com\/\" target=\"_blank\" rel=\"noopener noreferrer\" data-cke-saved-href=\"http:\/\/www.transglobalwmc.com\/\">Transglobal World Music Chart<\/a> with our partner \u00c1ngel Romero from WorldMusicCentral.com.<\/p>\n<p>Feel free to request info if you wish. For further information about us,\u00a0<strong>get in touch by email, telephone (+34 676 30 28 82), <a href=\"http:\/\/www.mapamundimusica.com\/en\/contacto\/\" target=\"_blank\" rel=\"noopener noreferrer\" data-cke-saved-href=\"http:\/\/www.mapamundimusica.com\/en\/contacto\/\">our website<\/a> or at <a href=\"https:\/\/www.facebook.com\/mapamundimusica\/\" target=\"_blank\" rel=\"noopener noreferrer\" data-cke-saved-href=\"https:\/\/www.facebook.com\/mapamundimusica\/\">our Facebook<\/a>.\u00a0<\/strong><\/p>","protected":false},"excerpt":{"rendered":"<p>Summary\u00a0\ud83d\udc47\u00a0 Editorial and Czech Music Crossroads Talk with Nabil Canaan, from Station Beirut and Shuruq Music Best New Talent Award 2023, By Upbeat Platform Talk At WOMEX: Reshaping The Narrative. Gender, Authority And New Approaches To Music Journalism\u00a0 A Personal Farewell to Mad Sheer Khan Brief news from the media, charts and sister projects Open [&hellip;]<\/p>\n","protected":false},"author":1,"featured_media":0,"comment_status":"closed","ping_status":"open","sticky":false,"template":"","format":"standard","meta":{"footnotes":""},"categories":[19],"tags":[],"class_list":["post-3338","post","type-post","status-publish","format-standard","hentry","category-newsletter"],"_links":{"self":[{"href":"https:\/\/www.mapamundimusica.com\/en\/wp-json\/wp\/v2\/posts\/3338","targetHints":{"allow":["GET"]}}],"collection":[{"href":"https:\/\/www.mapamundimusica.com\/en\/wp-json\/wp\/v2\/posts"}],"about":[{"href":"https:\/\/www.mapamundimusica.com\/en\/wp-json\/wp\/v2\/types\/post"}],"author":[{"embeddable":true,"href":"https:\/\/www.mapamundimusica.com\/en\/wp-json\/wp\/v2\/users\/1"}],"replies":[{"embeddable":true,"href":"https:\/\/www.mapamundimusica.com\/en\/wp-json\/wp\/v2\/comments?post=3338"}],"version-history":[{"count":26,"href":"https:\/\/www.mapamundimusica.com\/en\/wp-json\/wp\/v2\/posts\/3338\/revisions"}],"predecessor-version":[{"id":3364,"href":"https:\/\/www.mapamundimusica.com\/en\/wp-json\/wp\/v2\/posts\/3338\/revisions\/3364"}],"wp:attachment":[{"href":"https:\/\/www.mapamundimusica.com\/en\/wp-json\/wp\/v2\/media?parent=3338"}],"wp:term":[{"taxonomy":"category","embeddable":true,"href":"https:\/\/www.mapamundimusica.com\/en\/wp-json\/wp\/v2\/categories?post=3338"},{"taxonomy":"post_tag","embeddable":true,"href":"https:\/\/www.mapamundimusica.com\/en\/wp-json\/wp\/v2\/tags?post=3338"}],"curies":[{"name":"wp","href":"https:\/\/api.w.org\/{rel}","templated":true}]}}