{"id":3325,"date":"2023-06-21T15:06:13","date_gmt":"2023-06-21T13:06:13","guid":{"rendered":"https:\/\/www.mapamundimusica.com\/?p=3325"},"modified":"2023-06-23T14:47:49","modified_gmt":"2023-06-23T12:47:49","slug":"june-23-5-years-talk-with-daniel-rosenberg-mm-record-label-open-calls-60","status":"publish","type":"post","link":"https:\/\/www.mapamundimusica.com\/en\/newsletter\/june-23-5-years-talk-with-daniel-rosenberg-mm-record-label-open-calls-60\/","title":{"rendered":"June 23. 5 years! Talk with Daniel Rosenberg, MM record label, open calls&#8230; #60"},"content":{"rendered":"<p><\/p>\n<h2><span style=\"font-family: open sans, helvetica neue, helvetica, arial, sans-serif;\"><strong>Summary\u00a0\ud83d\udc47<\/strong><\/span><span style=\"color: #ffffff; font-family: open sans, helvetica neue, helvetica, arial, sans-serif;\">\u00a0<\/span><\/h2>\n<div>\n<p><span style=\"font-family: arial, helvetica, sans-serif; font-size: 12pt;\">Editorial: 5 years\u00a05\ufe0f\u20e3\u00a0of this monthly window to the community, a deeper vision, other worlds inside our world<\/span><\/p>\n<hr \/>\n<p><span style=\"font-family: arial, helvetica, sans-serif; font-size: 12pt;\">Talk with Daniel Rosenberg, about the purpose of his work and a relevant issue in the field of world music<\/span><\/p>\n<hr \/>\n<p><span style=\"font-family: arial, helvetica, sans-serif; font-size: 12pt;\">New record label:\u00a0Mapamundi M\u00fasica Records\u00a0\ud83e\udd73<\/span><\/p>\n<hr \/>\n<p><span style=\"font-family: arial, helvetica, sans-serif; font-size: 12pt;\">Brief news from the\u00a0media, charts and sister projects<\/span><\/p>\n<hr \/>\n<p><span style=\"font-family: arial, helvetica, sans-serif; font-size: 12pt;\">More updates on the\u00a0European Folk Day: map and events database, ready!\u00a0<\/span><\/p>\n<\/div>\n<div>\n<hr \/>\n<\/div>\n<div>\n<p><span style=\"font-family: arial, helvetica, sans-serif; font-size: 12pt;\">Open calls\u00a0and more news from professional events\u00a0\ud83d\udcbc Two French proposals and some reflections<\/span><\/p>\n<hr \/>\n<p><span style=\"font-family: arial, helvetica, sans-serif; font-size: 12pt;\">Reminder:\u00a0Mapamundi M\u00fasica, in charge of the Spanish participation as partnering country in the Czech Music Crossroads &#8211; Vig\u00fcela, Xurxo Fernandes and Xabi Aburruzaga<\/span><br \/>\n<span style=\"font-family: arial, helvetica, sans-serif; font-size: 12pt;\">+<br \/>\nmy agenda for the next months\u00a0<\/span><\/p>\n<\/div>\n<hr \/>\n<div><span style=\"font-family: arial, helvetica, sans-serif; font-size: 12pt; color: #808080;\">Meet me at\u00a0\u2708\ufe0f<\/span><\/div>\n<div><\/div>\n<div style=\"text-align: center;\"><span style=\"font-size: 18pt;\"><strong><a class=\"mcnButton \" title=\" \u27a1\ufe0f This is the button for subscription \" href=\"https:\/\/mailchi.mp\/892ba551b707\/mapamundi-general\" target=\"_blank\" rel=\"noopener noreferrer\">\u27a1\ufe0f This is the link for subscription<\/a><\/strong><\/span><\/div>\n<div><\/div>\n<div>\n<hr \/>\n<\/div>\n<table style=\"width: 100%;\" border=\"0\" cellspacing=\"0\" cellpadding=\"0\" align=\"left\">\n<tbody>\n<tr>\n<td class=\"mcnShareIconContent\" style=\"width: 7.13889%;\" align=\"center\" valign=\"middle\" width=\"24\"><a href=\"https:\/\/us13.forward-to-friend.com\/forward?u=993c677d53044839b1b39b2dc&amp;id=fb862e744b&amp;e=[UNIQID]\" target=\"_blank\" rel=\"noopener noreferrer\"><img loading=\"lazy\" decoding=\"async\" class=\"\" src=\"https:\/\/cdn-images.mailchimp.com\/icons\/social-block-v2\/dark-forwardtofriend-48.png\" alt=\"If you like this content, forward it \u2b05\ufe0f\" width=\"47\" height=\"47\" \/><\/a><\/td>\n<td class=\"mcnShareTextContent\" style=\"width: 92.7279%;\" align=\"left\" valign=\"middle\"><a href=\"https:\/\/us13.forward-to-friend.com\/forward?u=993c677d53044839b1b39b2dc&amp;id=fb862e744b&amp;e=[UNIQID]\" target=\"\" rel=\"noopener noreferrer\">If you like this content, forward it \u2b05\ufe0f<\/a><\/td>\n<\/tr>\n<\/tbody>\n<\/table>\n<table style=\"width: 100%;\" border=\"0\" cellspacing=\"0\" cellpadding=\"0\" align=\"left\">\n<tbody>\n<tr>\n<td class=\"mcnShareIconContent\" style=\"width: 7.04129%;\" align=\"center\" valign=\"middle\" width=\"24\"><a href=\"http:\/\/twitter.com\/intent\/tweet?text=June+23.+5+years%21+Talk+with+Daniel+Rosenberg+XXXXX%2C+open+calls...+%2360:%20http%3A%2F%2Feepurl.com%2FitLK4U\" target=\"_blank\" rel=\"noopener noreferrer\"><img loading=\"lazy\" decoding=\"async\" class=\"\" src=\"https:\/\/cdn-images.mailchimp.com\/icons\/social-block-v2\/outline-dark-twitter-48.png\" alt=\"Share it in Twitter\" width=\"43\" height=\"43\" \/><\/a><\/td>\n<td class=\"mcnShareTextContent\" style=\"width: 92.8255%;\" align=\"left\" valign=\"middle\"><a href=\"http:\/\/twitter.com\/intent\/tweet?text=June+23.+5+years%21+Talk+with+Daniel+Rosenberg+XXXXX%2C+open+calls...+%2360:%20http%3A%2F%2Feepurl.com%2FitLK4U\" target=\"\" rel=\"noopener noreferrer\">Share it in Twitter<\/a><\/td>\n<\/tr>\n<\/tbody>\n<\/table>\n<table style=\"width: 100%;\" border=\"0\" cellspacing=\"0\" cellpadding=\"0\" align=\"left\">\n<tbody>\n<tr>\n<td class=\"mcnShareIconContent\" style=\"width: 7.07506%;\" align=\"center\" valign=\"middle\" width=\"24\"><a href=\"http:\/\/www.linkedin.com\/shareArticle?url=http%3A%2F%2Feepurl.com%2FitLK4U&amp;mini=true&amp;title=June+23.+5+years%21+Talk+with+Daniel+Rosenberg+XXXXX%2C+open+calls...+%2360\" target=\"_blank\" rel=\"noopener noreferrer\"><img loading=\"lazy\" decoding=\"async\" class=\"\" src=\"https:\/\/cdn-images.mailchimp.com\/icons\/social-block-v2\/outline-dark-linkedin-48.png\" alt=\"Share it in Linkedin\" width=\"42\" height=\"42\" \/><\/a><\/td>\n<td class=\"mcnShareTextContent\" style=\"width: 92.7918%;\" align=\"left\" valign=\"middle\"><a href=\"http:\/\/www.linkedin.com\/shareArticle?url=http%3A%2F%2Feepurl.com%2FitLK4U&amp;mini=true&amp;title=June+23.+5+years%21+Talk+with+Daniel+Rosenberg+XXXXX%2C+open+calls...+%2360\" target=\"\" rel=\"noopener noreferrer\">Share it in Linkedin<\/a><\/td>\n<\/tr>\n<\/tbody>\n<\/table>\n<p><img loading=\"lazy\" decoding=\"async\" class=\"alignleft\" src=\"https:\/\/mcusercontent.com\/993c677d53044839b1b39b2dc\/images\/9cfd4779-bb17-2801-d158-e97249202b67.png\" width=\"446\" height=\"374\" align=\"left\" data-file-id=\"5755807\" \/><\/p>\n<div><strong>Dear friend, <\/strong><strong>how are you?<\/strong><\/div>\n<div>\n<p>I am well and also full of very diverse emotions. This is the 60th edition of this newsletter and 5 years since I started this initiative.\u00a0<a href=\"https:\/\/www.mapamundimusica.com\/en\/newsletter\/newsletter1_july18\/\" target=\"_blank\" rel=\"noopener noreferrer\">Here is the first edition<\/a>. At that time Sherezade was with me. I have already explained that the pandemic made me unable to keep her as an employee. I have not recovered her. She found another job and is doing well. Although we are still in regular contact and she collaborates with me on some occasions. I think that all that took away a part of innocence and brought a part of temperance and experience.I know that during these 5 years I have learned a lot. My world is now much bigger and I feel that I perceive deeper and deeper layers of reality. Maybe it happens to everyone as time goes by. I feel that it happens to me thanks to being exposed to so many human realities.<\/p>\n<p>Regarding this topic of layers, lately I have been reflecting on all the content that the musics I work with contain, on the relationship between the aesthetic pleasure they produce and the whole load of history and worldviews that go with them. Approaching these musics confronts you with an unfathomable universe that can give you vertigo&#8230;\u00a0The other day I was at the presentation of the concert season of an important public organization of reference in Spain, dedicated above all to classical music, with some nods to other types (mainly jazz and flamenco). I couldn&#8217;t help but think that their world was smaller. The other day at the gym, a classic rock playlist was playing on the background music system\u00a0and Cream&#8217;s\u00a0<em>Sunshine Of Your Love<\/em>, a song that I love, was included. I posted about that on my Instagram and tagged the gym. They responded by thanking me for the mention and saying that you had to hear &#8220;everything&#8221;. Holy cow. That &#8220;everything&#8221; means current Anglo pop hits, urban Latin music and, rarely, an hits of the rock of some decades ago.\u00a0The truth is, I don&#8217;t know if anything has changed in the past five years regarding all of this. I don&#8217;t believe we are better off. Further down, I talk about the European Folk Day. It relates to this reflection.<\/p>\n<p>I also reflect a lot lately on how there are other worlds outside of the one we tend to see in our realm of world music.\u00a0In fact, taking action to address this situation fueled the creation of the Transglobal World Music Chart (if you&#8217;re not familiar with it, visit\u00a0<a href=\"https:\/\/www.transglobalwmc.com\/\" target=\"_blank\" rel=\"noopener noreferrer\">the website<\/a>) already in 2015.\u00a0This is a topic I discussed with Dan\u00a0Rosenberg recently when we met in Madrid for Silent Tears&#8217; performance. Below you&#8217;ll find the conversation with him.\u00a0I was lucky to spend a couple of moments with him and I made him a little interview just before the concert.<\/p>\n<p>A couple of weeks ago, a contact from another continent was asking on Facebook for professional opinions on showcases. Obviously the issue of the barrier of access to artists without an organization behind them that can cover the costs of travelling to play for free is a very clear problem of showcase festivals. This situation is obvious for artists like the Kurds, many minorities in China, such as the Uighurs or\u00a0many minorities from republics of the Russian Federation. And, of course, countries without structures such as culture export offices or an industry with an international vision. For instance, what happens in Paraguay regarding music? I wondered about this with my friend Fernando Mart\u00ednez, the director of the radio show\u00a0<a href=\"https:\/\/www.ivoox.com\/podcast-podcast-trafico-de-tarareos_sq_f151815_1.html\" target=\"_blank\" rel=\"noopener noreferrer\">Tr\u00e1fico de Tarareos<\/a>, a few days ago.<\/p>\n<p>This topic of the support to the artists from the showcases festivals briefly came up in the conversation with Peter Dimitrov regarding the new showcase associated with the Bulgarian festival A To Jazz. That edition is\u00a0<a href=\"https:\/\/www.mapamundimusica.com\/en\/newsletter\/mar-23-interview-with-asya-music-management-rastak-from-the-exile-talk-with-a-to-jazz-new-event-in-angola-many-open-calls-57\/\" target=\"_blank\" rel=\"noopener noreferrer\">here<\/a>. It also came up in the conversation with Andrea del Favero regarding the new showcase associated with the Italian festival Folkest. That edition is\u00a0<a href=\"https:\/\/www.mapamundimusica.com\/en\/newsletter\/april-23-new-stage-of-folkest-with-andreadelfavero-the-new-rete-italiana-de-world-music-open-calls-58\/\" target=\"_blank\" rel=\"noopener noreferrer\">here<\/a>. By the way, the Folkest is taking place now and the showcase will happens next week, between 30th of June and 2nd of July.\u00a0I want to send a warm greeting to Piero Cremaschi! I hope it is a great success!\u00a0Both of these showcases provide financial support to artists. In fact, many of them do. These two are part of\u00a0<a href=\"https:\/\/upbeat-platform.eu\/\" target=\"_blank\" rel=\"noopener noreferrer\">Upbeat Platform<\/a>, which is co-funded by the European Union. Other showcase or mixed festivals, such as Fira-B or the Fira Mediterr\u00e0nia de Manresa, that are not part of this platform,\u00a0also provide significant support to artists.<\/p>\n<p>This issue touches me very closely now that I work with Ali Do\u011fan G\u00f6n\u00fclta\u015f shoulder to shoulder because\u00a0there isn&#8217;t an organization beyond myself that supports him to do something like going to perform in\u00a0a showcase festival that would not give any support for the expenses.\u00a0The organizations that could provide support to me as a Spanish company would only do so for Spanish artists, not for someone with a Turkish passport.<\/p>\n<p>I wonder, how many Ali&#8217;s are there in the world, capable of conveying something so profound and beautiful, to whom providence will not lead to finding someone who helps them transcend their borders? Last week I\u00a0discovered that Dan Rosenberg also asks himself these kinds of questions. I loved it.\u00a0I know there are many more of us.<\/p>\n<\/div>\n<hr \/>\n<p style=\"text-align: center;\"><strong>I feel very blessed. Last week, the day before the concert, we met for dinner. In the photo, from left to right, we have Kiko Helguera, journalist from Radio 3-RNE, and his partner Tina, the Czech-Canadian singer and songwriter Lenka Lichtenberg, Juan Antonio V\u00e1zquez, myself, and Daniel Rosenberg.\u00a0Such moments are precious.<\/strong><\/p>\n<p><img loading=\"lazy\" decoding=\"async\" class=\"mcnImage aligncenter\" src=\"https:\/\/mcusercontent.com\/993c677d53044839b1b39b2dc\/images\/55749c64-cc4c-9e42-90b8-500198db333d.jpeg\" alt=\"\" width=\"974\" height=\"554\" \/><\/p>\n<div>\n<p>But another issue to consider, maybe not so obvious, that happens even in environments with more advantages\u00a0is the fact that artists who do have such support, they have to fit the criteria, be from the social circle or be somehow aligned with the goals of that entity that gives the support. This sometimes favors artists who are well positioned in their own territory\u00a0but who perhaps now are not the most interesting (neither in commercial nor in artistic terms) to occupy a space as limited as the one that is being given in the showcases festivals for the international circuit.<\/p>\n<p>I am extending myself so much in this editorial that, either I stop or I make an article itself with these reflections. Well, I choose the first option. I&#8217;ll conclude here and without further ado, I&#8217;ll proceed with the conversation with Dan. I hope you find it as interesting as I do.<\/p>\n<\/div>\n<div style=\"text-align: center;\"><strong>Remember: if you have any news of interest for our community, let me know. Thank you very much for your attention.<\/strong><\/div>\n<div style=\"text-align: center;\">Araceli Tzigane | Mapamundi M\u00fasica\u00a0|<strong>\u00a0+34 676\u00a030 28 82<\/strong><\/div>\n<div>\n<hr \/>\n<\/div>\n<h1><strong><span style=\"color: #daa520;\">AND NOW THE FLOOR IS FOR:\u00a0 <\/span><\/strong><strong><span style=\"color: #daa520;\">DANIEL ROSENBERG<\/span><\/strong><\/h1>\n<p style=\"text-align: center;\"><span style=\"font-size: 18pt;\"><span style=\"font-family: open sans, helvetica neue, helvetica, arial, sans-serif;\"><strong>While you read, listen to the album Silent Tears, produced by Dan, <a href=\"https:\/\/open.spotify.com\/album\/6pbjWvwU7dWlgCjbSKzILW?si=7T4dJVofQ2ufo0K9sdEa-A\" target=\"_blank\" rel=\"noopener noreferrer\">here<\/a>\u00a0<\/strong><\/span>\ud83c\udfa7<\/span><\/p>\n<p><span style=\"color: #000000;\"><strong><img loading=\"lazy\" decoding=\"async\" class=\"alignright\" src=\"https:\/\/mcusercontent.com\/993c677d53044839b1b39b2dc\/images\/6bf669fa-d8cf-c2ab-2649-51c653188656.jpg\" width=\"359\" height=\"269\" align=\"right\" data-file-id=\"5755835\" \/><\/strong><\/span><strong>I usually include the person&#8217;s name followed by the entity they represent or work for. In Dan&#8217;s case, his name alone is sufficient. It&#8217;s challenging to define him with just one concept or brand attached to his name.<\/strong><\/p>\n<p>On his website there is a phrase that is specially enlightening:<\/p>\n<p><em>&#8220;One thing that often frustrated me though, was that I was heading to the far corners of the earth, and reporting about music that very few readers and listeners had access to.\u00a0After each radio show, I&#8217;d get lots of calls and emails asking, &#8220;How do I get a recording of that song you played on the show?&#8221; I would have to explain that ordering a copy through the mail from the artist who lived in a village 8000 miles away wasn&#8217;t very realistic. So, I approached a number of record labels about releasing CDs from artists I met on my travels<\/em>.&#8221;<\/p>\n<p><strong>I think this will give us a good understanding of the following.\u00a0According to\u00a0<a href=\"http:\/\/danrosenberg.net\/\" target=\"_blank\" rel=\"noopener noreferrer\">his own website<\/a>, he is a &#8220;Producer \/ Arts Journalist \/ Publicist-Media Relations&#8221;.<\/strong><\/p>\n<p><img loading=\"lazy\" decoding=\"async\" class=\"alignright\" src=\"https:\/\/mcusercontent.com\/993c677d53044839b1b39b2dc\/images\/fdcf44fd-9e17-8504-cc3b-ff6674715aeb.jpg\" width=\"317\" height=\"231\" data-file-id=\"5755839\" \/>He has been the compiler of many &#8220;<a href=\"https:\/\/worldmusic.net\/collections\/rough-guides\" target=\"_blank\" rel=\"noopener noreferrer\">Rough Guides<\/a>,&#8221; the compilation series published by World Music Network. He has been involved in radio for decades, and currently hosts the program &#8220;<a href=\"https:\/\/www.facebook.com\/cafeinternationalradio\/\" target=\"_blank\" rel=\"noopener noreferrer\">Cafe International<\/a>&#8220;. He has developed concepts and brought together the resources and the people for projects like\u00a0<a href=\"https:\/\/www.yiddishglory.com\/\" target=\"_blank\" rel=\"noopener noreferrer\">Yiddish Glory, the Lost Songs of World War II<\/a>\u00a0and\u00a0<a href=\"https:\/\/payadoratangoensemble.bandcamp.com\/album\/silent-tears-the-last-yiddish-tango\" target=\"_blank\" rel=\"noopener noreferrer\">Silent Tears, the Last Yiddish Tango<\/a>.<\/p>\n<p>Dan has\u00a0<a href=\"http:\/\/danrosenberg.net\/\" target=\"_blank\" rel=\"noopener noreferrer\">his own website<\/a>, that you can visit to learn more.<\/p>\n<hr \/>\n<div>\n<p><strong>Mapamundi M\u00fasica: What is the purpose of you when doing all these things related to music?<\/strong><\/p>\n<p><strong>Dan Rosenberg:\u00a0<\/strong>Oh, we have an open-ended question. And it&#8217;s a good question. You know a lot of the projects I&#8217;m involved with are in Jewish music although not all of them are. And someone asked me recently like \u201chow did you become so interested in Jewish music to do projects like this\u201d. And I said, well, you know, ironically, it&#8217;s not what you would think that I saw some Jewish concert when I was a child&#8230; I\u2019ve been more motivated by people like Oumou Sangare and Calypso Rose, Fatoumata Diawara\u2026 who would see a problem in the world and want to bring attention to it through their art. And Calypso Rose did an amazing song about how women who worked as domestic servants were underpaid and essentially modern slaves in some countries. Or Oumou Sangare about women&#8217;s rights in Mali. And also, Fatoumata Diawara. And I found that so inspiring because in a way when artists can shine a light on a problem it brings that problem to attention and maybe some change can come of it. And in Trinidad the minimum wage was raised after Calypso Rose&#8217;s song which to me is like incredible: you are bringing attention through your music and now people are in less poverty at least.<\/p>\n<table style=\"border-collapse: collapse; width: 100%;\">\n<tbody>\n<tr>\n<td style=\"width: 100%; border-color: #db0d0d; background-color: #8c0d0d; text-align: center;\"><span style=\"color: #ffffff;\">The song\u00a0<em>No Madame<\/em><span style=\"font-family: 'Open Sans', sans-serif; font-size: 14px; letter-spacing: normal; text-align: center;\">\u00a0was originally included in the album by Calypso Rose released in 1971,\u00a0<\/span><em style=\"font-family: 'Open Sans', sans-serif; font-size: 14px; letter-spacing: normal; text-align: center;\"><strong><a style=\"color: #ffffff;\" href=\"https:\/\/www.discogs.com\/es\/release\/10993215-Calypso-Rose-Calypso-Queen-Of-The-World\" target=\"_blank\" rel=\"noopener noreferrer\">Calypso Queen of the World<\/a><\/strong><\/em><span style=\"font-family: 'Open Sans', sans-serif; font-size: 14px; letter-spacing: normal; text-align: center;\">. I haven&#8217;t found that version. She included the song again in the album of 2016\u00a0<\/span><em style=\"font-family: 'Open Sans', sans-serif; font-size: 14px; letter-spacing: normal; text-align: center;\"><a style=\"color: #ffffff;\" href=\"https:\/\/www.discogs.com\/es\/master\/1016663-Calypso-Rose-Far-From-Home\" target=\"_blank\" rel=\"noopener noreferrer\">Far From Home<\/a><\/em><\/span><span style=\"color: #747474; font-family: 'Open Sans', sans-serif; font-size: 14px; letter-spacing: normal; text-align: center;\"><span style=\"color: #ffffff;\">. This song created a public conversation that\u00a0led her home country&#8217;s government to create legislation supporting rights for domestic workers.<\/span><iframe loading=\"lazy\" title=\"Calypso Rose - No Madame (Official Audio)\" src=\"https:\/\/www.youtube.com\/embed\/pEoAMOpNny8\" width=\"642\" height=\"430\" frameborder=\"0\" allowfullscreen=\"allowfullscreen\"><span data-mce-type=\"bookmark\" style=\"display: inline-block; width: 0px; overflow: hidden; line-height: 0;\" class=\"mce_SELRES_start\">\ufeff<\/span><\/iframe><\/span><\/td>\n<\/tr>\n<\/tbody>\n<\/table>\n<\/div>\n<p>&nbsp;<\/p>\n<p><strong>MM: And is this your purpose both with your own productions and also with the work you make in dissemination, like the radio show and everything you have been doing these years?<\/strong><\/p>\n<p><strong>DR:\u00a0<\/strong>Well, at the radio show we want to shine a light on the beautiful music that&#8217;s all around the world and especially music that, hopefully, at least on a program mine is like yours, we want to share music from all around the world, that maybe people wouldn&#8217;t get to hear otherwise because sadly there aren&#8217;t a lot of programs like these. Despite that I think there&#8217;s a much more of a demand for it than programs that are out there because, you know, people listen, they call and ask where can I get more of this, where can I hear more and you know, hopefully\u2026 Well, hopefully we&#8217;re making a difference in sharing this because we have this in common, you know. You know, there&#8217;s like\u2026 \u201cwe know Cuba has great music and Brazil has great music\u2026\u201d. Everywhere has great music. There&#8217;s not a single place on Earth that doesn&#8217;t have amazing music. So I think it&#8217;s just our job to get to share that with people.<\/p>\n<div>\n<p><strong>MM: Considering that, would you recommend any region of the world that you think is especially unknown for the public and that you would like the music from that place to be more known? \u00a0<\/strong><\/p>\n<p><strong>DR:\u00a0<\/strong>That&#8217;s a good one and I don&#8217;t know if I have that answer\u2026 But if you think about, I spent a lot of time on music of the Americas, especially African music in the Americas. And that same combination for example that made us fall in love with Haitian music and Brazilian music and Cuban music: that mix of indigenous and African and European. Those three ingredients together create this incredible music that&#8217;s found in all those places. Right. But I do find it a shame because of historical reasons some places will get more attention than others.\u00a0I mean they&#8217;re parts of Latin America and the Caribbean that we hear less. Even from parts of Africa, we hear tons of music from Mali and Senegal, that have unbelievably great music, right. But if you look, you know there&#8217;s\u2026 what? 50 countries in Africa more or less and probably more than half of them, if you look at our shelves of a good radio station there will be very little. And I&#8217;m a hundred percent certain that it&#8217;s mostly because of, you know, you are having a champion that&#8217;s recording it and sending it to us, for example.<\/p>\n<p>You know, because life is short, we don&#8217;t get it. Most of us haven&#8217;t had a chance to get to these places and it&#8217;s a shame because we&#8217;re missing out on hearing those artists. I often think, I mean, it&#8217;s slightly related but, you know, if we look at human history and you look at\u00a0all of recorded history up until the 20th century, there aren&#8217;t a lot of women whose works were recorded. Or minorities. And you say to yourself \u201chow many Beethovens, how many Mozarts did not get the chance to share what they do with the world just because the society was so racist and sexist?\u201d And those composers had that talent. Probably people heard them locally but they didn&#8217;t get the chance to have that on a big stage because of that racism and sexism.<\/p>\n<p><strong>MM: This is an issue that I have been discussing with people, also programmers or festivals or people making showcases festivals, that there is a clear bias between the artists from places where they have support and the artists from places who don&#8217;t have support or minorities. I had a conversation with one person who&#8217;s starting a showcase festival. Specifically I put two examples: the\u00a0Kurdish people and also the minorities from many republics from Russia. They are not going to have any support from for their governments. They are just an example of thousands of examples of minorities or peoples who are not going to have any support. What would you ask to the international community that have the chance as you and me of disseminating music to do to try to resolve this bias somehow?<\/strong><\/p>\n<p><strong>DR:\u00a0<\/strong>You know, that&#8217;s a really big problem that exists. I mean, you have two different sets of problems. I come from Canada and we&#8217;re very lucky that there&#8217;s Canada Council for the Arts and also regional arts organizations depending on the city and province where you come. And then you have a good project, there is a decent chance that you&#8217;re going to get support for that project. If you&#8217;re in\u2026, even the United States, a rich country, there&#8217;s a lot less art support.<\/p>\n<p>Then if you&#8217;re from a poor country, let&#8217;s say, we have a very long list\u2026 the chances of them supporting the arts and flying somebody to Womex or whatever is probably lower.<\/p>\n<p>Then you have a third category: what if you&#8217;re stateless, let&#8217;s say, you&#8217;re a Romani musician or you&#8217;re Kurdish, there is no Kurdistan, there&#8217;s no Roma country and they have no music schools they have no festivals, they have no State organizations\u2026 any of those things even if you&#8217;re a poor country, let&#8217;s say, you&#8217;re Belize or Peru or Ecuador or whatever,\u00a0not the richest country in the world but they will have music schools and they will have local festivals that will be able to promote those things. So when you&#8217;re stateless, that&#8217;s a whole other level of problems.<\/p>\n<p>But you&#8217;re right, there\u00a0needs to be something, I don&#8217;t know what the solution is but there definitely needs to be something for artists who don&#8217;t have those opportunities and the world is missing out. I mean we have to see this as when they don&#8217;t get to share their incredible works and talents, we all lose.<\/p>\n<hr \/>\n<\/div>\n<div style=\"text-align: center;\"><span style=\"color: #000000; font-size: 10pt;\"><strong>Last week Daniel Rosenberg came to Madrid during the European tour of\u00a0<em>Silent Tears: the Last Yiddish Tango<\/em>, a project based on poems of survivors of the Holocaust of group lead by the Dra. Paula David\u00a0(University of Toronto) at the Baycrest Centre for Geriatric Care. He came with Payadora Tango Ensemble and Lenka Lichtenberg.\u00a0<\/strong><\/span><br \/>\n<span style=\"color: #000000;\"><img decoding=\"async\" class=\"aligncenter\" src=\"https:\/\/mcusercontent.com\/993c677d53044839b1b39b2dc\/images\/ed5c7520-3633-c917-8f3b-ca282689941f.jpg\" width=\"560\" align=\"center\" data-file-id=\"5756075\" \/><\/span><\/div>\n<div><\/div>\n<div>\n<hr \/>\n<\/div>\n<div>\n<p><span style=\"color: #000000; font-family: open sans, helvetica neue, helvetica, arial, sans-serif;\"><a style=\"color: #ee591f; transition: all 300ms ease-out 0s; outline: none;\" href=\"https:\/\/www.mixcloud.com\/WaterwavesRadio\/the-womexicans-meet-araceli-tzigane-from-mapamundi-musica\/\"><strong><img loading=\"lazy\" decoding=\"async\" class=\"alignright\" src=\"https:\/\/mcusercontent.com\/993c677d53044839b1b39b2dc\/images\/ccf6188e-859b-fcea-0b40-111e15d6836f.jpg\" width=\"280\" height=\"278\" align=\"right\" data-file-id=\"5756123\" \/><\/strong><\/a><\/span><\/p>\n<h1><strong><span style=\"color: #daa520;\">NEW RECORD LABEL:<\/span><\/strong><strong><span style=\"color: #daa520;\">\u00a0MAPAMUNDI M\u00daSICA RECORDS<\/span><\/strong><\/h1>\n<div>\n<p><span style=\"font-family: 'open sans', 'helvetica neue', helvetica, arial, sans-serif;\">My dear Kutay Ku\u011fay suggested to me several times the idea of releasing a physical edition of Ali Do\u011fan G\u00f6n\u00fclta\u015f&#8217;s album &#8220;Ki\u011f\u0131&#8221;. I know that for him, it means something tangible to leave for future generations, and digital files may not fulfill that mission. I share with him the idea of the transcendence of certain musical creations, and I believe that both of us see this in Ali&#8217;s work.<\/span><\/p>\n<p>This is why I have conceived Mapamundi M\u00fasica Records label. &#8220;Ki\u011f\u0131&#8221; has all the necessary elements for a retail release (legal deposit, ISBN, barcode). It is the reference 001. What will be reference 002, only time will tell.<\/p>\n<\/div>\n<div style=\"text-align: center;\"><span style=\"font-family: 'open sans', 'helvetica neue', helvetica, arial, sans-serif;\"><strong>You can check Ali&#8217;s discography and order\u00a0<em>Ki\u011f\u0131\u00a0<\/em><a href=\"https:\/\/www.alidogangonultas.com\/en\/discography\/\" target=\"_blank\" rel=\"noopener noreferrer\">here<\/a>.<\/strong><\/span><\/div>\n<div><\/div>\n<\/div>\n<p>&nbsp;<\/p>\n<hr \/>\n<h1><strong><span style=\"color: #daa520;\">BRIEF NEWS FROM THE MEDIA, CHARTS AND SISTER PROJECTS\u00a0<\/span><\/strong><\/h1>\n<div>\n<hr \/>\n<\/div>\n<ul>\n<li><span style=\"font-family: 'open sans', 'helvetica neue', helvetica, arial, sans-serif;\">#1\u00a0for\u00a0<a href=\"https:\/\/www.transglobalwmc.com\/charts\/june-2023-chart\/\" target=\"_blank\" rel=\"noopener noreferrer\">Transglobal World Music Chart in June 2023<\/a>\u00a0is:\u00a0The Sky Is the Same Colour Everywhere, by\u00a0Kayhan Kalhor and Toumani Diabat\u00e9 (Real World)<\/span><\/li>\n<\/ul>\n<div>\n<hr \/>\n<\/div>\n<ul>\n<li><span style=\"font-family: 'open sans', 'helvetica neue', helvetica, arial, sans-serif;\"><a href=\"https:\/\/mundofonias.com\/wp\/?p=6747\" target=\"_blank\" rel=\"noopener noreferrer\">Mundofon\u00edas<\/a>: our three favour<\/span><span style=\"font-family: open sans, helvetica neue, helvetica, arial, sans-serif;\">ites of the month are Castor et Pollux&#8217;s<em>\u00a0Contrebandes<\/em>,\u00a0Oghlan Bakhshi&#8217;s<em>\u00a0Journey across the steppes<\/em>\u00a0and\u00a0Aditya Prakash&#8217;s\u00a0<em>Karnatic roots.<\/em><\/span><\/li>\n<\/ul>\n<div><img loading=\"lazy\" decoding=\"async\" class=\"aligncenter\" src=\"https:\/\/mcusercontent.com\/993c677d53044839b1b39b2dc\/images\/88ec4c0b-5765-b8c1-0c4a-8c6c2750f392.jpg\" width=\"702\" height=\"232\" align=\"center\" data-file-id=\"5756083\" \/><\/div>\n<div><\/div>\n<div>\n<hr \/>\n<\/div>\n<h1><strong><span style=\"color: #daa520;\">UPDATE ON THE\u00a0EUROPEAN FOLK DAY<\/span><\/strong><\/h1>\n<div>\n<p><strong>\ud83d\udd39\ud83d\udd38THE MAP AND THE DATABASE ARE READY\ud83d\udd38\ud83d\udd39<img loading=\"lazy\" decoding=\"async\" class=\"alignright\" src=\"https:\/\/mcusercontent.com\/993c677d53044839b1b39b2dc\/images\/52286c5c-d5c5-3baf-4b4d-52544f4c2f52.jpg\" width=\"180\" height=\"180\" data-file-id=\"5751871\" \/><\/strong><\/p>\n<p>I have talked about the European Folk Day before, but I think I haven&#8217;t shared the objetive behind it. According to the website:<\/p>\n<p><em>&#8220;Folk music has been characterised by an absence of structures that other sectors, such as classical music, theatre, opera or jazz, have.\u00a0This has made it difficult for the traditional arts to be considered in decisions which may impact how they continue in the future.<br \/>\nThe EFN was born to solve this shortcoming and European Folk Day is a key initiative aligned with this mission.<br \/>\nEuropean Folk Day will collect events and initiatives from everyone \u2013 EFN members and non-members alike.\u00a0Please, share the call and participate. The numbers will support all of us:<\/em><\/p>\n<\/div>\n<ul>\n<li><em>in dialogue with decision makers<\/em><\/li>\n<li><em>to raise profile of the traditional arts within the media<\/em><\/li>\n<li><em>to show the capacity of our community to unite all this energy in a coordinated way&#8221;<\/em><\/li>\n<\/ul>\n<p>A key component of the European Folk Day project is the website that brings together all the events that any interested party will organize in relation to the concept. The map and the database with filters and search functionality are already available and ready,\u00a0<a href=\"https:\/\/www.europeanfolkday.eu\/events\/\" target=\"_blank\" rel=\"noopener noreferrer\">here<\/a>.\u00a0Visit the website to learn more.<\/p>\n<p>The European Folk Day (on &amp; around 23 September 2023) is by you for you, by us, for us, for everyone\u2026<br \/>\n<img loading=\"lazy\" decoding=\"async\" class=\"aligncenter\" src=\"https:\/\/mcusercontent.com\/993c677d53044839b1b39b2dc\/images\/676eb93b-4e93-56f5-4a4f-0334814f9328.png\" width=\"683\" height=\"421\" align=\"center\" data-file-id=\"5756091\" \/><\/p>\n<p>The European Folk Day is a pilot project co-ordinated by European Folk Network (EFN) with financial support from the MusicAIRE project jointly organised by the European Music Council and Inova with funds from the Creative Europe programme of the European Commission.<\/p>\n<hr \/>\n<h1><strong><span style=\"color: #daa520;\">OPEN CALLS AND PROFESSIONAL EVENTS<\/span><\/strong><\/h1>\n<p><strong><span style=\"color: #000000; font-family: open sans, helvetica neue, helvetica, arial, sans-serif;\">If you have anything to share in this section in a future edition, let me know.<\/span><\/strong><\/p>\n<hr \/>\n<ul>\n<li><strong>Babel Music XP.<\/strong>\u00a0Marseille.\u00a0DEADLINE, 17TH JULY.\u00a0The dates for the second Babel Music XP are 28-30 March 2024.\u00a0Check the terms and conditions,\u00a0<a href=\"https:\/\/babelmusicxp.com\/wp-content\/uploads\/2023\/06\/termes-et-conditions-2024-en.pdf\" target=\"_blank\" rel=\"noopener noreferrer\">here<\/a>. And apply\u00a0<a href=\"https:\/\/inscriptions.babelmusicxp.com\/Candidatures\/bienvenue\" target=\"_blank\" rel=\"noopener noreferrer\">here<\/a>. Note that unless you are from near Marseille, you are going to have to make an investment if you have a showcase there.\u00a0This year, in March, the first edition of this event took place, which in a way takes up the legacy of Babel Med. It took place at a particularly complicated time for an event with logistical needs related to travel, because it coincided with several days of strikes and demonstrations. In fact, we saw several containers burning in the city. Some professionals were unable to arrive or directly ruled out going because they foresaw that it would be very complicated to get to Marseille by public transport and there were also road closures. Even so, there were quite a few professionals, with a high proportion of French people. The second edition will take place in 2024. I hope that it will not coincide again with circumstances like those and also that international participation will increase.\u00a0<img loading=\"lazy\" decoding=\"async\" class=\"aligncenter\" src=\"https:\/\/mcusercontent.com\/993c677d53044839b1b39b2dc\/images\/07420862-76f6-9198-c540-92a4540a7cd4.png\" width=\"803\" height=\"125\" data-file-id=\"5756111\" \/><\/li>\n<\/ul>\n<p><span style=\"font-size: 11pt;\">For me it was a good opportunity to talk to some French professionals. One of them confirmed that there are French programmers who do not want to do business with foreign\u00a0agents, so I am excluded from those programs if I do not find a French agent for my artists. I think it is a widespread feeling among Spanish colleagues and from other countries, that France is a particularly complicated market to enter. I have experienced this in conversations, but I only have anecdotal knowledge. That is one of the reasons why I am especially grateful for such an opportunity in France. On the other hand, I know that Spain is not easy either. The bureaucracy is very complicated, so much so that it is almost always worthwhile to have a local agent who can take care of the paperwork. I know that there are artists who play in Portugal and the rest of Europe and never in Spain. The truth is that all this, the barriers to entry and the difficulties of each country, is a topic worthy of further compared analysis, but right now that is beyond the scope of this newsletter.<\/span><\/p>\n<hr \/>\n<ul>\n<li><strong><img loading=\"lazy\" decoding=\"async\" class=\"alignright\" src=\"https:\/\/mcusercontent.com\/993c677d53044839b1b39b2dc\/images\/3ae298c0-6410-d36b-c705-1e6eb2daa757.jpg\" width=\"180\" height=\"180\" align=\"right\" data-file-id=\"5756115\" \/>Festival Au Fil des Voix.\u00a0<\/strong>Paris. Deadline: 31 of August. &#8220;The shows are selected from artistic proposals related to recent discographic news (physical release of the album in France between February 2023 and January 2024).&#8221; Check the terms and conditions,\u00a0<a href=\"https:\/\/www.aufildesvoix.com\/12\/conditions-generales\/\" target=\"_blank\" rel=\"noopener noreferrer\">here<\/a>. Once a colleague told me that Au Fil des Voix was a cheaper way to organise a concert in Paris for your artist, compared to doing it yourself by renting a venue and handling promotion and production. I believe it. In fact, that&#8217;s how they explain it on the festival&#8217;s website. &#8220;<em>\u2018Pool and share\u2019 principle. When selected, a contribution of 1000 euros (excl. tax) will be asked to the label and the tour manager. They will also be asked to work in a synergistic way with the festival. This \u2018pool and share\u2019 principle allows the different members (labels, producers, and tour managers) to offer a Parisian event at a reduced cost under professional conditions (organization and promotion).<\/em>&#8221; Well, it&#8217;s worth considering that nowadays many of the artists who might be interested in doing this don&#8217;t have a label as such, as they are self-produced or released by a small label that sometimes even provides editing as a service, paid for by the artist. So they won&#8217;t be making any kind of investment. And many times the agent and the manager are the same or the band itself makes their own booking and don&#8217;t have any manager.<\/li>\n<\/ul>\n<p><span style=\"font-size: 11pt;\">I have already made a proposal. But this is an example of what I was talking about earlier with Dan Rosenberg. Participation in Au Fil des Voix requires the manager or agent or a combination of whoever\u00a0to pay 1000 euros + taxes\u00a0to the festival. The festival pays 250 euros to each participating musician (up to a maximum of 4 artists). International travel expenses are not covered. Travel expenses are covered for artists who are in France. One night of accommodation is provided. The festival offers promotion (6000 posters and 15000 flyers distributed throughout the city) and attendance by professionals (&#8220;<em>8 tickets per evening to organizers and 7 tickets to journalists appointed by Simon Veyssi\u00e8re, our press officer, to bring extra exposure to the artist<\/em>s&#8221;).It is not my intention to criticize this model. In fact, as I mentioned, I have submitted a proposal this year and have done so in previous years as well. Each entity should develop its own model as it sees fit, and it is valid as long as what it offers and asks for is clear. And in this case, it is. I just don&#8217;t want to forget that there is a separate reality that is completely excluded from something like this.<\/span><\/p>\n<hr \/>\n<ul>\n<li><strong><img loading=\"lazy\" decoding=\"async\" class=\"alignright\" src=\"https:\/\/mcusercontent.com\/993c677d53044839b1b39b2dc\/images\/92710fb2-1a81-443e-672d-f25284da8717.jpg\" width=\"260\" height=\"146\" data-file-id=\"5756131\" \/><a href=\"https:\/\/www.showingroots.com\/\" target=\"_blank\" rel=\"noopener noreferrer\">Your Roots Are Showing<\/a>.\u00a0Ireland&#8217;s Folk Conference.<\/strong> 17-21 January 2024. Dundalk,\u00a0Ireland.\u00a0DEADLINE, 7\u00a0JULY.\u00a0Open to not Irish artists too. &#8220;All non-Irish artists must be legally able to enter Ireland and are responsible for acquiring all necessary travel permits including visas when necessary.&#8221;<\/li>\n<\/ul>\n<p><span style=\"font-size: 11pt;\">They don&#8217;t cover anything. The selected artists for showcase have to pay for their registration to the conference. The early bird price was 80 euros. It expired and right now the price is 95 (until 31st August). The last price will be 110 euros.<\/span><\/p>\n<hr \/>\n<p>&nbsp;<\/p>\n<h2><strong><span style=\"color: #daa520;\">NEXT WEEK IN OSTRAVA&#8230; AND WHERE TO FIND ME AFTER<\/span><\/strong><br \/>\n<strong><span style=\"color: #daa520;\">MAPAMUNDI M\u00daSICA, IN CHARGE OF THE SPANISH PARTICIPATION AS PARTNERING COUNTRY IN THE CZECH MUSIC CROSSROADS<\/span><\/strong><\/h2>\n<h4><span style=\"color: #000000; font-family: open sans, helvetica neue, helvetica, arial, sans-serif;\"><img loading=\"lazy\" decoding=\"async\" class=\"alignleft\" src=\"https:\/\/mcusercontent.com\/993c677d53044839b1b39b2dc\/images\/f432a56e-6183-0801-79b5-b02268505f7f.jpg\" width=\"200\" height=\"200\" data-file-id=\"5756103\" \/><\/span><span style=\"font-family: 'open sans', 'helvetica neue', helvetica, arial, sans-serif;\">Next week I will be traveling to Ostrava for the\u00a0<\/span><span style=\"font-family: 'open sans', 'helvetica neue', helvetica, arial, sans-serif;\"><a href=\"https:\/\/www.crossroadsmusic.cz\/\" target=\"_blank\" rel=\"noopener noreferrer\">Czech Music Crossroads<\/a>. It will be the third time I attend this event, and the first time I have my own artists participating. This year,\u00a0<strong>Mapamundi M\u00fasica is bringing Spain as the guest country, with three of our artists<\/strong>.<\/span><\/h4>\n<p>I have talked about Vig\u00fcela many times before. They will bring their uncompromising traditional music from the heart of Spain. Xabi Aburruzaga, on the other hand, will bring the trikitixa, the iconic diatonic accordion of Basque music, along with the Basque language, or as it is called in the language itself, Euskera. And Xurxo Fernandes from Galicia will bring the magic of the traditional voices and tambourine from his land, with a heterodox vision connected to North Africa and the Mediterranean in general.<\/p>\n<p>It will be a busy season for me&#8230; I will share some of my plans, that may be interesting for you to discover festivals that don&#8217;t know yet or even to set a date if we happen to be at the same place.<br \/>\n<img loading=\"lazy\" decoding=\"async\" class=\"aligncenter\" src=\"https:\/\/mcusercontent.com\/993c677d53044839b1b39b2dc\/images\/a3c1d125-0fce-02a3-a3d3-26a5f7f58de3.png\" width=\"560\" height=\"283\" align=\"center\" data-file-id=\"5748111\" \/><\/p>\n<p><img loading=\"lazy\" decoding=\"async\" class=\"alignleft\" src=\"https:\/\/mcusercontent.com\/993c677d53044839b1b39b2dc\/images\/413a90b8-ec98-0495-6fd0-9d246e440b36.png\" width=\"357\" height=\"201\" align=\"left\" data-file-id=\"5753679\" \/><\/p>\n<h2><strong><span style=\"color: #daa520;\">AND AFTER\u00a0OSTRAVA:<\/span><\/strong><\/h2>\n<div>\n<p><span style=\"font-family: 'open sans', 'helvetica neue', helvetica, arial, sans-serif;\"><a href=\"https:\/\/www.mapamundimusica.com\/hudaki\/\" target=\"_blank\" rel=\"noopener noreferrer\">Hudaki Village Band<\/a><\/span><span style=\"font-family: 'open sans', 'helvetica neue', helvetica, arial, sans-serif;\">\u00a0will perform in Ibiza on day 1st of July. That same day, we have the first collaboration with the Portuguese trio\u00a0<a href=\"https:\/\/www.youtube.com\/watch?v=eeBRCQiGI00\" target=\"_blank\" rel=\"noopener noreferrer\">Seiva<\/a>.<\/span><\/p>\n<p>But I can&#8217;t be there: I will return from Ostrava on the 2nd, the same day\u00a0<a href=\"http:\/\/www.alidogangonultas.com\/\" target=\"_blank\" rel=\"noopener noreferrer\">Ali Do\u011fan G\u00f6n\u00fclta\u015f<\/a>\u00a0will land in Spain for the first time. Click the picture to see the video. And the next day we will travel together to Valencia for the\u00a0<a href=\"https:\/\/poliritmia.ivc.gva.es\/programa\/\" target=\"_blank\" rel=\"noopener noreferrer\">Polir\u00edtmia Festival<\/a>.<\/p>\n<p><img loading=\"lazy\" decoding=\"async\" class=\"aligncenter\" src=\"https:\/\/mcusercontent.com\/993c677d53044839b1b39b2dc\/images\/337da155-2e28-d677-d7c7-db7b6ffe99c8.jpg\" width=\"677\" height=\"510\" align=\"center\" data-file-id=\"5756107\" \/><\/p>\n<p>There, Ali will conduct a three-day workshop for music teachers\u00a0and perform a concert on the 5th. This will be his premiere in Spain and it will be amazing. He will play at the square of the city council of Valencia.\u00a0He will return soon as he will perform at the\u00a0<a href=\"https:\/\/www.dphuesca.es\/agenda\/-\/calendarsuite\/event\/12743081\/n37GeRWAJDzz\/ali-dogan-gonultas\" target=\"_blank\" rel=\"noopener noreferrer\">SoNna Festival<\/a>\u00a0on the 15th, after coming back from the\u00a0<a href=\"https:\/\/www.rudolstadt-festival.de\/startseite.html\" target=\"_blank\" rel=\"noopener noreferrer\">Rudolstadt Festival<\/a>\u00a0where he will perform on the 8th and 9th of July.<\/p>\n<hr \/>\n<p><span style=\"color: #000000; font-family: open sans, helvetica neue, helvetica, arial, sans-serif;\"><img loading=\"lazy\" decoding=\"async\" class=\"alignleft\" src=\"https:\/\/mcusercontent.com\/993c677d53044839b1b39b2dc\/images\/db4c4dd4-f40c-8acf-aac1-79d727b46077.jpg\" width=\"322\" height=\"322\" data-file-id=\"5756095\" \/><\/span><\/p>\n<p><span style=\"font-family: 'open sans', 'helvetica neue', helvetica, arial, sans-serif;\">While Ali and his musicians are in Germany for the concert in\u00a0<\/span><span style=\"font-family: 'open sans', 'helvetica neue', helvetica, arial, sans-serif;\"><a href=\"https:\/\/horizonte-festival.de\/\" target=\"_blank\" rel=\"noopener noreferrer\">Horizonte Festival<\/a>\u00a0I will be in Palma de Mallorca for the premiere of the outstanding Cypriot singer <strong>Yannis Dionysiou<\/strong>, who will perform at Can\u00e7ons de la Mediterr\u00e0nia with a program based on the repertoire of Antonis Dalgas. This is our first collaboration and I am thrilled. I love old Rebetiko and I think Yiannis is a highly remarkable continuation of that.<\/span><\/p>\n<p>You might think I have a special fixation on gentlemen with mustaches. Well, maybe.\u00a0<strong><a href=\"https:\/\/www.dropbox.com\/s\/inxiuh9y7apkya1\/papa.png?dl=0\" target=\"_blank\" rel=\"noopener noreferrer\">This man<\/a><\/strong>\u00a0is the first one I saw when I came out of my mother&#8217;s womb. It\u00a0may give you an explanation.<\/p>\n<p>At the beginning of August I will also go to\u00a0<a href=\"https:\/\/www.urkult.se\/en\/\" target=\"_blank\" rel=\"noopener noreferrer\">Urkult Festival<\/a>\u00a0with Ali (he will come back to Spain in Autumn but I can&#8217;t announce the details yet) and the rest of August I will not travel outside Spain, not even in September.<\/p>\n<\/div>\n<p>&nbsp;<\/p>\n<p>&nbsp;<\/p>\n<hr \/>\n<h2><strong><span style=\"color: #daa520;\">MEET ME AT<\/span><\/strong><\/h2>\n<div>Besides what I have just explained above, in October I will go to the Fira Mediterr\u00e0nia in Manresa, to the English Folk Expo, which this year hosts the annual meeting of the European Folk Network, and to Womex.<\/div>\n<p style=\"text-align: center;\"><a class=\"mcnButton \" title=\"Do you like our newsletter? Tell us! Forward it to your friends! To sign up, click HERE.\" href=\"http:\/\/www.mapamundimusica.com\/en\/contacto\/\" target=\"_blank\" rel=\"noopener noreferrer\">Do you like our newsletter? Tell us! Forward it to your friends! To sign up, click HERE.<\/a><\/p>\n<p><\/p>","protected":false},"excerpt":{"rendered":"<p>Summary\u00a0\ud83d\udc47\u00a0 Editorial: 5 years\u00a05\ufe0f\u20e3\u00a0of this monthly window to the community, a deeper vision, other worlds inside our world Talk with Daniel Rosenberg, about the purpose of his work and a relevant issue in the field of world music New record label:\u00a0Mapamundi M\u00fasica Records\u00a0\ud83e\udd73 Brief news from the\u00a0media, charts and sister projects More updates on the\u00a0European [&hellip;]<\/p>\n","protected":false},"author":1,"featured_media":0,"comment_status":"closed","ping_status":"open","sticky":false,"template":"","format":"standard","meta":{"footnotes":""},"categories":[19],"tags":[],"class_list":["post-3325","post","type-post","status-publish","format-standard","hentry","category-newsletter"],"_links":{"self":[{"href":"https:\/\/www.mapamundimusica.com\/en\/wp-json\/wp\/v2\/posts\/3325","targetHints":{"allow":["GET"]}}],"collection":[{"href":"https:\/\/www.mapamundimusica.com\/en\/wp-json\/wp\/v2\/posts"}],"about":[{"href":"https:\/\/www.mapamundimusica.com\/en\/wp-json\/wp\/v2\/types\/post"}],"author":[{"embeddable":true,"href":"https:\/\/www.mapamundimusica.com\/en\/wp-json\/wp\/v2\/users\/1"}],"replies":[{"embeddable":true,"href":"https:\/\/www.mapamundimusica.com\/en\/wp-json\/wp\/v2\/comments?post=3325"}],"version-history":[{"count":10,"href":"https:\/\/www.mapamundimusica.com\/en\/wp-json\/wp\/v2\/posts\/3325\/revisions"}],"predecessor-version":[{"id":3335,"href":"https:\/\/www.mapamundimusica.com\/en\/wp-json\/wp\/v2\/posts\/3325\/revisions\/3335"}],"wp:attachment":[{"href":"https:\/\/www.mapamundimusica.com\/en\/wp-json\/wp\/v2\/media?parent=3325"}],"wp:term":[{"taxonomy":"category","embeddable":true,"href":"https:\/\/www.mapamundimusica.com\/en\/wp-json\/wp\/v2\/categories?post=3325"},{"taxonomy":"post_tag","embeddable":true,"href":"https:\/\/www.mapamundimusica.com\/en\/wp-json\/wp\/v2\/tags?post=3325"}],"curies":[{"name":"wp","href":"https:\/\/api.w.org\/{rel}","templated":true}]}}