{"id":3246,"date":"2023-02-17T01:10:14","date_gmt":"2023-02-17T00:10:14","guid":{"rendered":"https:\/\/www.mapamundimusica.com\/?p=3246"},"modified":"2023-02-17T08:25:17","modified_gmt":"2023-02-17T07:25:17","slug":"feb-23-ukraine-one-year-after-calls-and-56","status":"publish","type":"post","link":"https:\/\/www.mapamundimusica.com\/en\/newsletter\/feb-23-ukraine-one-year-after-calls-and-56\/","title":{"rendered":"Feb. 23. Ukraine, one year after, calls and + #56"},"content":{"rendered":"<p><\/p>\n<h2><span style=\"font-size: 18pt;\"><span style=\"font-family: open sans, helvetica neue, helvetica, arial, sans-serif;\"><strong>Summary \ud83d\udc47<\/strong><\/span><\/span><\/h2>\n<div>\n<ul>\n<li><span style=\"font-family: verdana, geneva, sans-serif; font-size: 12pt;\">Editorial<\/span><\/li>\n<li><span style=\"font-family: verdana, geneva, sans-serif; font-size: 12pt;\">Music scene in Ukraine after one year of invasion: talk with Music Export Ukraine&#8217;s co-founder Dartsya Tarkovska<\/span><\/li>\n<li><span style=\"font-family: verdana, geneva, sans-serif; font-size: 12pt;\">In brief about The Polyphony Project, Unknown Ukraine<\/span><\/li>\n<li><span style=\"font-family: verdana, geneva, sans-serif; font-size: 12pt;\">Brief news from the media, charts and sister projects<\/span><\/li>\n<li><span style=\"font-family: verdana, geneva, sans-serif; font-size: 12pt;\">News from the European Folk Network: European Folk Day, on 23rd of September\u00a0<\/span><\/li>\n<li><span style=\"font-family: verdana, geneva, sans-serif; font-size: 12pt;\">Open calls and more news from professional events \ud83d\udcbc<\/span><\/li>\n<li><span style=\"font-family: verdana, geneva, sans-serif; font-size: 12pt;\">Meet me at\u00a0\u2708\ufe0f<\/span><\/li>\n<\/ul>\n<\/div>\n<div>\n<hr \/>\n<\/div>\n<div><\/div>\n<div>\n<table style=\"width: 100%;\" border=\"0\" cellspacing=\"0\" cellpadding=\"0\" align=\"left\">\n<tbody>\n<tr>\n<td class=\"mcnShareIconContent\" style=\"width: 7.15789%;\" align=\"center\" valign=\"middle\" width=\"24\"><a href=\"https:\/\/us13.forward-to-friend.com\/forward?u=993c677d53044839b1b39b2dc&amp;id=81369680a7&amp;e=[UNIQID]\" target=\"_blank\" rel=\"noopener noreferrer\"><img loading=\"lazy\" decoding=\"async\" class=\"\" src=\"https:\/\/cdn-images.mailchimp.com\/icons\/social-block-v2\/outline-dark-forwardtofriend-48.png\" alt=\"If you like this content, forward it\" width=\"46\" height=\"46\" \/><\/a><\/td>\n<td class=\"mcnShareTextContent\" style=\"width: 92.6316%;\" align=\"left\" valign=\"middle\"><a href=\"https:\/\/us13.forward-to-friend.com\/forward?u=993c677d53044839b1b39b2dc&amp;id=81369680a7&amp;e=[UNIQID]\" target=\"\" rel=\"noopener noreferrer\">If you like this content, forward it<\/a><\/td>\n<\/tr>\n<\/tbody>\n<\/table>\n<\/div>\n<div><\/div>\n<p>&nbsp;<\/p>\n<p style=\"text-align: center;\"><span style=\"font-size: 18pt;\"><a class=\"mcnButton \" title=\" \u27a1\ufe0f This is the button for subscription \" href=\"https:\/\/mailchi.mp\/892ba551b707\/mapamundi-general\" target=\"_blank\" rel=\"noopener noreferrer\">\u27a1\ufe0f This is the link for subscription<\/a><\/span><\/p>\n<hr \/>\n<p><strong>Hello, <\/strong><strong>how are you?<\/strong><\/p>\n<p>This time I am not including my smiling portrait. I started to think about this edition of the newsletter at the mid of January, hoping that by the time I sent it out, something would have changed in the situation in Ukraine. If it has changed, it has not been for the better. I have just read that &#8220;Putin&#8217;s big offensive has already begun&#8221; and that the culmination will be on the anniversary, 24 February.<\/p>\n<p>As I started to\u00a0write this newsletter, February 14th, I was in Istanbul. On the 10th there was to be a concert by\u00a0<a href=\"https:\/\/www.alidogangonultas.com\/\" target=\"_blank\" rel=\"noopener noreferrer\">Ali Do\u011fan G\u00f6n\u00fclta\u015f<\/a>\u00a0there, which we were going to record in multi-camera, and on Saturday we were going to do a photo shoot. Because of the extraordinary tragedy caused by the earthquake, the concert and the photo shoot have\u00a0been postponed. Still, I went and, despite the situation, the trip has provided me with moments of conversation with locals and foreigners, which have helped\u00a0me to understand a little better some things that are not symple.<\/p>\n<p>On this trip I also met some people and one of them will be the protagonist of the next edition of this newsletter. She is a woman who works independently and only with the music she loves. Just like me, but in Turkey. It will be a pleasure to give her a voice in this space.<\/p>\n<p>And in this edition it is another woman who is the protagonist: Dartsya Tarkovska, who will speak on behalf of Music Export Ukraine.\u00a0I am waiting for another reply from another organisation, but it has not arrived yet. I can&#8217;t reproach them as I don&#8217;t know in what condition they have been in\u00a0the\u00a0last few weeks.<\/p>\n<p>Before we get into the subject, I would like to remind you that Mapamundi M\u00fasica is working on the booking of the\u00a0<a href=\"https:\/\/www.mapamundimusica.com\/en\/hudaki\/\" target=\"_blank\" rel=\"noopener noreferrer\">Ukrainian Hudaki Village Band<\/a>. The October before the invasion we did their showcase at WOMEX (you can watch it\u00a0<a href=\"https:\/\/www.youtube.com\/watch?v=fTJoZauA5fI&amp;t=36s\" target=\"_blank\" rel=\"noopener noreferrer\">here<\/a>). A few months later their world was turned upside down in a horrible way. Even so, in the summer of 2022 they were able to play outside Ukraine with the permission of the Ministry of Culture and this year they are still active and stronger than ever to bring Ukrainian music to everyone who wants to hear it, so I am here to serve anyone who wants to have them.<\/p>\n<p style=\"text-align: center;\"><strong>Remember: if you have any news of interest for our community, let me know. Thank you very much for your attention.<\/strong><\/p>\n<p style=\"text-align: center;\">Araceli Tzigane | Mapamundi M\u00fasica\u00a0|<strong>\u00a0+34 676\u00a030 28 82\u00a0<\/strong><\/p>\n<div>\n<hr \/>\n<\/div>\n<div>\n<h1><strong><span style=\"color: #daa520;\">AND NOW THE FLOOR IS FOR: <\/span><\/strong><strong><span style=\"color: #daa520;\">DARTSYA TARKOVSKA, CO-FOUNDER OF MUSIC EXPORT UKRAINE<br \/>\n<a href=\"https:\/\/musicexportukraine.com\/\"><img decoding=\"async\" class=\"aligncenter\" src=\"https:\/\/mcusercontent.com\/993c677d53044839b1b39b2dc\/images\/273f9b33-8540-25d0-7987-81f46be90340.png\" width=\"560\" align=\"center\" data-file-id=\"5740779\" \/><\/a><\/span><\/strong><\/h1>\n<div>\n<p><span style=\"font-family: 'open sans', 'helvetica neue', helvetica, arial, sans-serif;\"><strong>Music Export Ukraine\u00a0became active in 2015.\u00a0On their\u00a0<a href=\"https:\/\/musicexportukraine.com\/\" target=\"_blank\" rel=\"noopener noreferrer\">website<\/a>\u00a0they\u00a0present themselves as &#8220;<em>an independent initiative, which helps Ukrainian emerging artists to establish connections, promote their music, develop career and talent on the international level.\u00a0<\/em><\/strong><\/span><em>Our main activities include artist support, cross-sector collaborations, international exchange programs, educational events, along with the only one export oriented music conference and showcase MCU in Kyiv. <\/em><strong><em>We also facilitate information about Ukrainian music industry and its specifics. Stick to our monthly newsletters, playlist and updates on the website to track market\u2019s development. We are your connection to Ukrainian music!<\/em>&#8220;<\/strong><\/p>\n<p><strong>The latest Music Conference Ukraine (MCU) took place online on 18 and 19 of February of 2022. The program is available\u00a0<a href=\"https:\/\/musicexportukraine.com\/22-selectorpro\" target=\"_blank\" rel=\"noopener noreferrer\">here<\/a>. It is also interesting to check the artists which with they cooperate for the export,\u00a0<a href=\"https:\/\/musicexportukraine.com\/artists\/artists\" target=\"_blank\" rel=\"noopener noreferrer\">here<\/a>.<\/strong><\/p>\n<p><strong>In order to support the Ukrainian music community and to deal with the consequences of the Russian invasion and war, Music Export Ukraine launched the\u00a0support programme, which you can read about\u00a0<a href=\"https:\/\/musicexportukraine.com\/support-program\" target=\"_blank\" rel=\"noopener noreferrer\">here<\/a>.<\/strong><\/p>\n<p><strong>With this information you now have some context to continue with Dartsya&#8217;s questions and answers.<\/strong><\/p>\n<hr \/>\n<p><span style=\"color: #000000; font-family: open sans, helvetica neue, helvetica, arial, sans-serif;\"><img loading=\"lazy\" decoding=\"async\" src=\"https:\/\/mcusercontent.com\/993c677d53044839b1b39b2dc\/images\/ff5343f6-a00f-1046-5cc0-99abd2688ad1.jpeg\" width=\"300\" height=\"307\" align=\"right\" data-file-id=\"5740271\" \/><\/span><span style=\"font-family: open sans, helvetica neue, helvetica, arial, sans-serif;\"><strong>Mapamundi M\u00fasica: What is the current situation for the musicians in Ukraine? Is there still any possibility to make a living by performing for the ones settled in the country?<\/strong><\/span><\/p>\n<p><span style=\"font-family: 'open sans', 'helvetica neue', helvetica, arial, sans-serif;\"><strong>Dartsya Tarkovska:\u00a0<\/strong>The fear that Ukrainian music will become obsolete at the time of war disappeared within the first week of the full-scale invasion. The cultural landscape definitely changed as some musicians joined army and territorial defence, while others became volunteers. Still, new music is still being released every week and it fuels the energy of millions of Ukrainians. The topics definitely became very different, as many songs reflect on traumatic experiences around war, loss and fears. In a way, it&#8217;s interesting to see how the music scene became an emotional reflection of the whole nation and help us process everything.<\/span><\/p>\n<p>Unfortunately, the professional side of the business remains a big struggle. Without full recovery after COVID-19, music industry was challenged to survive under unbearable conditions. Live performances traditionally were the main source of income for musicians, but at the time of war every concert had a set of restrictions. We&#8217;re not talking about masks and sanitizers anymore, but about venues that can operate as bomb shelters, timing that would match curfew and electricity generators to enable sustainable performance. The cost of living also leaves a trace on the fans&#8217; capability to support their favourite artists. Still, it&#8217;s mesmerising to see more emerging artists join the scene and feel that they&#8217;re here because of passion for music and not for money. The Ukrainian music industry is definitely going through a transformation.<\/p>\n<p><span style=\"font-family: open sans, helvetica neue, helvetica, arial, sans-serif;\"><strong>MM: Have you noticed a greater interest on the international scene in your proposals? If so, has it been sustained over time, now that a year has passed?<\/strong><\/span><\/p>\n<p><span style=\"font-family: 'open sans', 'helvetica neue', helvetica, arial, sans-serif;\"><strong>DT:\u00a0<\/strong>There was definitely a boost in attention to the Ukrainian music scene in Spring-Summer 2022. I always believed that music is a strong tool of policy making and 2022 proved this one more time. Providing a spotlight to Ukrainian artists was important for many reasons &#8211; to spread important messages, gather donations, support Ukrainian refugees and many more. We were very grateful to see as many industry players provided opportunities for Ukrainian artists to be heard &#8211; via festival slots, radio and media placements, residencies, cooperation projects and many more. Unfortunately we had to admit that war fatigue is a very strong thing. It&#8217;s indeed hard to stay &#8216;in trend&#8217; with such a complicated topic. Currently international activity of Ukrainian artists is focused around one motto &#8211; War is Not Over. From Kalush&#8217;s call to save Mariupol at Eurovision up to the performance of an unknown DJ in a small German village, we&#8217;re standing as one in our intentions and messages.\u00a0<\/span><\/p>\n<p><span style=\"font-family: open sans, helvetica neue, helvetica, arial, sans-serif;\"><strong>MM: Could you recommend any online resources to get deeper into Ukrainian culture in general and music in particular?\u00a0<\/strong><\/span><\/p>\n<p><span style=\"font-family: 'open sans', 'helvetica neue', helvetica, arial, sans-serif;\"><strong>DT:\u00a0<\/strong><\/span>As a starting point, you can totally begin\u00a0with &#8216;<a href=\"https:\/\/artsandculture.google.com\/project\/ukraine\" target=\"_blank\" rel=\"noopener noreferrer\">Ukraine\u00a0is here<\/a>&#8216; &#8211; a project created by Google in\u00a0cooperation with a set of\u00a0Ukrainian\u00a0national museum and key industry stakeholders. 3D models, art in AR, entertaining video and articles &#8211; it&#8217;s all there.<\/p>\n<p>I also love online resources crafted around particular topics. The\u00a0<a href=\"https:\/\/www.polyphonyproject.com\/en\" target=\"_blank\" rel=\"noopener noreferrer\">Polyphony Project<\/a>\u00a0is a great example, as they preserve and present the living musical folklore of\u00a0Ukrainian\u00a0villages. Check out the interactive map and play some videos! Having access to our cultural legacy in such a modern way indeed transforms your perception of it.<\/p>\n<p>Lastly, if you&#8217;re curious to discover some modern music, pay attention to\u00a0<a href=\"https:\/\/slukh.media\/en\/\" target=\"_blank\" rel=\"noopener noreferrer\">Slukh.media<\/a>\u00a0&#8211; this is one of the biggest music media in\u00a0Ukraine\u00a0and last year they introduced an English version of their website. This media remains a reliable source of new\u00a0Ukrainian\u00a0music, highlighting both established and emerging talents:\u00a0<a href=\"https:\/\/slukh.media\/\" target=\"_blank\" rel=\"noopener noreferrer\">https:\/\/slukh.media\/<\/a><\/p>\n<p><span style=\"font-family: open sans, helvetica neue, helvetica, arial, sans-serif;\"><strong>MM: This newsletter goes to people working with music and a good part of them deal with traditional \/ world \/ folk musics. Would you recommend them to pay special attention to any of the artists you are currently supporting?<\/strong><\/span><\/p>\n<p><span style=\"font-family: 'open sans', 'helvetica neue', helvetica, arial, sans-serif;\"><strong>DT:\u00a0<\/strong><\/span>Dakhabrakha, Go-A, Kalush Orchestra, Onuka &#8211; we&#8217;re very pleased that\u00a0more Ukrainian artists become\u00a0known abroad. This time around let us tell you about several hidden gems:<\/p>\n<\/div>\n<\/div>\n<table class=\"mcnImageCardTopContent\" border=\"0\" cellspacing=\"0\" cellpadding=\"0\" align=\"right\">\n<tbody>\n<tr>\n<td class=\"mcnTextContent\" valign=\"top\" width=\"546\"><strong>Maryna Krut&#8217;:<\/strong>\u00a0not only a talented\u00a0singer and\u00a0songwriter, but also a bandura player (Ukrainian\u00a0folk plucked string instrument). She has a mission of bringing bandura\u00a0out of gloom and doom and make it popular again. So far she nails it! Check out one of her performances in the\u00a0<a href=\"https:\/\/www.youtube.com\/watch?v=B1y1U9AP1HM\" target=\"_blank\" rel=\"noopener noreferrer\">Lviv bomb shelter<\/a>\u00a0last year.<\/td>\n<\/tr>\n<tr>\n<td class=\"mcnImageCardTopImageContent\" align=\"center\" valign=\"top\"><a class=\"\" title=\"KRUT\u042c from the bomb shelter\/ Art Front of Ukraine\/ 7.04.22\" href=\"https:\/\/www.youtube.com\/watch?v=B1y1U9AP1HM\" target=\"_blank\" rel=\"noopener noreferrer\"><img decoding=\"async\" class=\"mcnImage\" src=\"https:\/\/mcusercontent.com\/993c677d53044839b1b39b2dc\/video_thumbnails_new\/89b1a61c9a7b0fd99e809e5b18a2ddeb.png\" alt=\"\" width=\"564\" \/><\/a><\/td>\n<\/tr>\n<\/tbody>\n<\/table>\n<table class=\"mcnImageCardTopContent\" border=\"0\" cellspacing=\"0\" cellpadding=\"0\" align=\"right\">\n<tbody>\n<tr>\n<td class=\"mcnTextContent\" valign=\"top\" width=\"546\"><strong>Gordiy Starukh<\/strong>:\u00a0he initially got noticed on the\u00a0Ukrainian\u00a0version of the Voice, Gordiy became noticeable for his talent of mixing authentic\u00a0Ukrainian\u00a0songs and instruments with the modern sound. It&#8217;s always fascinating to see him performing live, as he plays most of the instruments on his own:<\/td>\n<\/tr>\n<tr>\n<td class=\"mcnImageCardTopImageContent\" align=\"center\" valign=\"top\"><a class=\"\" title=\"[\u041f\u0420\u0415\u041c'\u0404\u0420\u0410!] \u0413\u043e\u0440\u0434\u0456\u0439 \u0421\u0442\u0430\u0440\u0443\u0445 - \u041b\u0456\u0441\u043e\u0440\u0443\u0431 \/\/ Gordiy Starukh - LISORUB (official video)\" href=\"https:\/\/www.youtube.com\/watch?v=N6K75vlF-F4\" target=\"_blank\" rel=\"noopener noreferrer\"><img decoding=\"async\" class=\"mcnImage\" src=\"https:\/\/mcusercontent.com\/993c677d53044839b1b39b2dc\/video_thumbnails_new\/0a88ce91900e34865106b080b8db1cad.png\" alt=\"\" width=\"564\" \/><\/a><\/td>\n<\/tr>\n<\/tbody>\n<\/table>\n<table class=\"mcnImageCardTopContent\" border=\"0\" cellspacing=\"0\" cellpadding=\"0\" align=\"right\">\n<tbody>\n<tr>\n<td class=\"mcnTextContent\" valign=\"top\" width=\"546\"><strong>Jerry Heil<\/strong>\u00a0&#8211; starting off her career as a sarcastic and goofy singer, Jerry has focused on reimagining\u00a0Ukrainian\u00a0music legacy and traditional vocals. Each of her songs become huge hits on Tiktok and become widely sung by\u00a0Ukrainians. This year she has won People&#8217;s choice at Music Moves Europe awards and hopes to keep on spreading important messages to wider audience:<\/td>\n<\/tr>\n<tr>\n<td class=\"mcnImageCardTopImageContent\" align=\"center\" valign=\"top\"><a class=\"\" title=\"#\u041a\u041e\u0417\u0410\u0426\u042c\u041a\u041e\u041c\u0423_\u0420\u041e\u0414\u0423 - Jerry Heil\" href=\"https:\/\/www.youtube.com\/watch?v=OhKEUfSuRws%C2%A0\" target=\"_blank\" rel=\"noopener noreferrer\"><img decoding=\"async\" class=\"mcnImage\" src=\"https:\/\/mcusercontent.com\/993c677d53044839b1b39b2dc\/video_thumbnails_new\/5a7a55035f32931dff89b64e4858156c.png\" alt=\"\" width=\"564\" \/><\/a><\/td>\n<\/tr>\n<\/tbody>\n<\/table>\n<p style=\"text-align: center;\"><strong><span style=\"font-family: 'open sans', 'helvetica neue', helvetica, arial, sans-serif; font-size: 14pt;\">Thank you very much, Dartsya, Alona Dmukhovska, Diana Dadonova and team of MEU.<\/span><\/strong><\/p>\n<hr \/>\n<h1><\/h1>\n<h1><strong><span style=\"color: #daa520;\">BRIEF NEWS FROM THE MEDIA, CHARTS AND SISTER PROJECTS\u00a0<\/span><\/strong><\/h1>\n<ul>\n<li><span style=\"font-family: 'open sans', 'helvetica neue', helvetica, arial, sans-serif;\">#1\u00a0for\u00a0<a href=\"https:\/\/www.transglobalwmc.com\/charts\/february-2023-chart\/\" target=\"_blank\" rel=\"noopener noreferrer\">Transglobal World Music Chart in February 2023<\/a>\u00a0is:\u00a0Lucas Santtana&#8217;s album\u00a0<em>O Para\u00edso<\/em><\/span><\/li>\n<\/ul>\n<div>\n<hr \/>\n<\/div>\n<ul>\n<li><span style=\"font-family: 'open sans', 'helvetica neue', helvetica, arial, sans-serif;\"><a href=\"https:\/\/mundofonias.com\/wp\/\" target=\"_blank\" rel=\"noopener noreferrer\">Mundofon\u00edas<\/a>: our three favourites of the month are\u00a0<em>Sefarad en el coraz\u00f3n de Grecia<\/em>, by Mara Aranda, the production with various artists produced by Muzyka Odnaleziona\u00a0<em>Ch\u0142opy, wesele Boryny<\/em>, and Erato by\u00a0<em>Kairos Collective.<\/em><\/span><\/li>\n<\/ul>\n<div><img loading=\"lazy\" decoding=\"async\" class=\"aligncenter\" src=\"https:\/\/mcusercontent.com\/993c677d53044839b1b39b2dc\/images\/3a1f3a1a-e69e-1f2d-9057-9fe4ba153010.jpg\" width=\"709\" height=\"234\" align=\"center\" data-file-id=\"5740795\" \/><\/div>\n<p>&nbsp;<\/p>\n<hr \/>\n<h1><strong><span style=\"color: #daa520;\">NEWS FROM THE EUROPEAN FOLK NETWORK: EUROPEAN FOLK DAY, ON 23RD OF SEPTEMBER<\/span><\/strong><\/h1>\n<div>\n<p>From a recent emailing by the European Folk Network:<\/p>\n<p><img loading=\"lazy\" decoding=\"async\" class=\"alignright\" src=\"https:\/\/mcusercontent.com\/993c677d53044839b1b39b2dc\/images\/49509b85-f8b6-856a-20b8-c1fb895e861d.png\" width=\"160\" height=\"160\" align=\"right\" data-file-id=\"5607735\" \/>&#8220;<em>EFN can now confirm that\u00a0<strong>23 September 2023<\/strong>\u00a0will be the\u00a0<strong>first-ever European Folk Day.\u00a0<\/strong>The idea of a pan-European event to celebrate and raise awareness of the importance of the traditional arts of music, advance and storytelling has been a constant theme of enthusiastic discussion with EFN members since the network\u2019s first conference in 2019. And now it will become a reality \u2013 on 23 September &#8211; appropriately the day of the Autumnal Equinox in the Northern Hemisphere. [&#8230;]<\/em><\/p>\n<p><em>The\u00a0<strong>European Folk Day<\/strong>\u00a0will be an opportunity for everyone \u2013 and not just EFN members but anyone who is involved in traditional music, dance and storytelling &#8211; to contribute whatever they want to this celebration. The aim of the\u00a0<strong>European Folk Day<\/strong>\u00a0is to do everything possible to raise the profile of folk arts across Europe and each of our own countries<\/em>.<\/p>\n<p><em>While EFN sets up a full-scale European Folk Day contact point, in the meantime\u00a0<strong>questions and expressions of interest<\/strong>\u00a0in the project can be emailed to EFN\u00a0<a href=\"mailto:info@europeanfolknetwork.com?subject=European%20Folk%20Day&amp;body=Please%20note%20my%2Four%20interest%20in%20the%20European%20Folk%20Day.%20%0A%5BPlease%20give%20a%20brief%20note%20of%20your%20interest%20and%20your%20own%20contact%20details%5D\" target=\"_blank\" rel=\"noopener noreferrer\">here<\/a><\/em>.&#8221;<\/p>\n<p>The project is co-funded by the\u00a0<strong>MusicAIRE<\/strong>\u00a0programme.\u00a0<a href=\"https:\/\/europeanfolknetwork.us20.list-manage.com\/track\/click?u=85f762bf5afcf8f060a414c26&amp;id=ba78d8188c&amp;e=a8702838eb\" target=\"_blank\" rel=\"noopener noreferrer\" data-saferedirecturl=\"https:\/\/www.google.com\/url?q=https:\/\/europeanfolknetwork.us20.list-manage.com\/track\/click?u%3D85f762bf5afcf8f060a414c26%26id%3Dba78d8188c%26e%3Da8702838eb&amp;source=gmail&amp;ust=1676675441154000&amp;usg=AOvVaw3Phks-_3-VL1f_0LzVkuUZ\">MusicAIRE<\/a>\u00a0is a\u00a0<a href=\"https:\/\/europeanfolknetwork.us20.list-manage.com\/track\/click?u=85f762bf5afcf8f060a414c26&amp;id=6dc07fafc2&amp;e=a8702838eb\" target=\"_blank\" rel=\"noopener noreferrer\" data-saferedirecturl=\"https:\/\/www.google.com\/url?q=https:\/\/europeanfolknetwork.us20.list-manage.com\/track\/click?u%3D85f762bf5afcf8f060a414c26%26id%3D6dc07fafc2%26e%3Da8702838eb&amp;source=gmail&amp;ust=1676675441154000&amp;usg=AOvVaw2F2gGo8qJYRfuXVLErc6XE\">European Music Council<\/a>\/Inova initiative with funds from the European Union \u2013 see more details of the programme awards\u00a0<a href=\"https:\/\/europeanfolknetwork.us20.list-manage.com\/track\/click?u=85f762bf5afcf8f060a414c26&amp;id=92974129b0&amp;e=a8702838eb\" target=\"_blank\" rel=\"noopener noreferrer\" data-saferedirecturl=\"https:\/\/www.google.com\/url?q=https:\/\/europeanfolknetwork.us20.list-manage.com\/track\/click?u%3D85f762bf5afcf8f060a414c26%26id%3D92974129b0%26e%3Da8702838eb&amp;source=gmail&amp;ust=1676675441154000&amp;usg=AOvVaw17hPOV3oZWuz7ZRgQl0wP1\">here<\/a>.<\/p>\n<\/div>\n<hr \/>\n<p style=\"text-align: center;\"><strong>Do you have a call of interest for our community that you want to share? Let me know asap<\/strong><\/p>\n<hr \/>\n<h1><strong><span style=\"color: #daa520;\">OPEN CALLS AND PROFESSIONAL EVENTS<\/span><\/strong><\/h1>\n<p><strong><span style=\"font-family: 'open sans', 'helvetica neue', helvetica, arial, sans-serif;\">If you have anything to share in this section in a future edition, let me know.<\/span><\/strong><\/p>\n<div>\n<hr \/>\n<ul>\n<li><strong><img loading=\"lazy\" decoding=\"async\" class=\"alignright\" src=\"https:\/\/mcusercontent.com\/993c677d53044839b1b39b2dc\/images\/bafc5dc3-5baf-3be8-746f-3b6e647d0580.png\" width=\"200\" height=\"150\" data-file-id=\"5740803\" \/>WOMEX 2023: call for proposals open and jury announced.\u00a0<\/strong>NEW IN THIS NEWSLETTER.\u00a0WOMEX will take place in A Coru\u00f1a, Galicia, Spain,\u00a0from 25 to 29 October 2023. The application for Showcases, Club Summit, Conference &amp; Mentoring and Films is open\u00a0until midnight Friday, 17 March 2023 (CET),\u00a0<a href=\"https:\/\/womex-apply.com\/\" target=\"_blank\" rel=\"noopener noreferrer\">here<\/a>.<br \/>\nThey have also announced the jury:<\/p>\n<ul>\n<li>Conference: Ouafa Belgacem (Tunisia), Ouafa Belgacem (Tunisia);<\/li>\n<li>Showcase: Magali Berardo (Italy), Lize Colson (Belgium), Francis de Souza (The Netherlands), Antonio Martinez (Spain\/Germany), Takuya Salam Unagami (Japan);<\/li>\n<li>Club Summit: Takuya Salam Unagami (Japan)<\/li>\n<\/ul>\n<\/li>\n<\/ul>\n<hr \/>\n<ul>\n<li><strong><img loading=\"lazy\" decoding=\"async\" class=\"alignright\" src=\"https:\/\/mcusercontent.com\/993c677d53044839b1b39b2dc\/images\/b0b47847-3a55-1c35-b977-84be2eab4ef3.png\" width=\"200\" height=\"214\" data-file-id=\"5740807\" \/>TransAsia Music Meeting.\u00a0<\/strong>NEW IN THIS NEWSLETTER. I came across this news on Glommnet&#8217;s Instagram. This is the text\u00a0accompanying the picture:\u00a0&#8220;<em>Trans Asia Music meeting (TAMM) is an International Music Conference in Okinawa, Japan established in 2016. It is aimed at strengthening the Asian music network and at the same time introduces Okinawan music to the world. TAMM invites international delegates as well as local music professionals who join in discussions for the betterment and upliftment of the Asian music industry.<br \/>\nThe conference includes network meeting, individual and group presentations, one to one meetings<\/em>.&#8221; I will try to find out more about the program for the next edition of the newsletter.<\/li>\n<\/ul>\n<hr \/>\n<ul>\n<li><strong><a href=\"https:\/\/www.malzhaus.de\/folkherbst\/was-ist-der-folkherbst\" target=\"_blank\" rel=\"noopener noreferrer\"><img loading=\"lazy\" decoding=\"async\" class=\"alignright\" src=\"https:\/\/mcusercontent.com\/993c677d53044839b1b39b2dc\/images\/fb777717-4a99-9e77-bf11-28964b7aeb4f.png\" width=\"200\" height=\"48\" align=\"right\" data-file-id=\"5627287\" \/><\/a>\u00bbFolkHerbst\u00ab (Folk Music Autumn),\u00a0open call.\u00a0<\/strong>FolkHerbst &#8220;<em>is a series of folk music events that culminate in handing out the\u00a0only European Folk Music Award of Germany, the \u00bbEiserner Eversteiner (the Iron Eversteiner)\u00ab. The promoter Malzhaus e.V. bestows this award upon folk musicians living in Europe as he\/she has for\u00a0the past 30 years. He\/she will do it again next year at the 31th FolkHerbst. We anticipate the best, most\u00a0accomplished and inspired musicians competing for this prestigious award<\/em>.&#8221;\u00a0&#8220;<em>Musician\/ artist must be a European resident.\u00a0The performance\/ music must be derivative of or influenced by folk music. This includes both the\u00a0broadest interpretation and most specific, as a traditional folk music<\/em>&#8220;. It is open until 01th March\u00a02023. I have received the complete information with the procedure and conditions from\u00a0Christian Dressel (kultur(at)malzhaus.de) and I don&#8217;t see them on the website so I suggest you to ask him. Their website is\u00a0<a href=\"https:\/\/www.malzhaus.de\/folkherbst\/was-ist-der-folkherbst\" target=\"_blank\" rel=\"noopener noreferrer\">this<\/a>.<\/li>\n<\/ul>\n<\/div>\n<hr \/>\n<h1><strong><span style=\"color: #daa520;\">MEET ME AT<\/span><\/strong><\/h1>\n<p><span style=\"font-size: 12pt;\">Will we meet? Drop me a line!<\/span><\/p>\n<ul>\n<li><span style=\"font-size: 12pt;\">23-25 March 2023,\u00a0<a href=\"https:\/\/babelmusicxp.com\/\" target=\"_blank\" rel=\"noopener noreferrer\">Babel Music XP<\/a><\/span><\/li>\n<li><span style=\"font-size: 12pt;\">More news to come in the next newsletter.<\/span><\/li>\n<\/ul>\n<hr \/>\n<h1><strong>WHO WE ARE AND SISTER PROJECTS<\/strong><strong>\u00a0<\/strong><\/h1>\n<p>Mapamundi M\u00fasica is an agency of management and booking.\u00a0<a href=\"http:\/\/www.mapamundimusica.com\/en\/\" target=\"_blank\" rel=\"noopener noreferrer\">Learn more here<\/a>. Check our proposals at\u00a0<a href=\"http:\/\/www.mapamundimusica.com\/\" target=\"_blank\" rel=\"noopener noreferrer\">our website<\/a>.<\/p>\n<p>We also offer you our\u00a0<a href=\"http:\/\/www.mundofonias.com\/\" target=\"_blank\" rel=\"noopener noreferrer\">Mundofon\u00edas<\/a>\u00a0radio show, probably the leader about world music in Spanish language (on 50 stations in 18 countries). We produce\u00a0the\u00a0<a href=\"http:\/\/www.transglobalwmc.com\/\" target=\"_blank\" rel=\"noopener noreferrer\">Transglobal World Music Chart<\/a>\u00a0with our partner \u00c1ngel Romero from WorldMusicCentral.com.<\/p>\n<p>Feel free to request info if you wish. For further information about us,\u00a0<strong>get in touch by email, telephone (+34 676 30 28 82),\u00a0<a href=\"http:\/\/www.mapamundimusica.com\/en\/contacto\/\" target=\"_blank\" rel=\"noopener noreferrer\">our website<\/a>\u00a0or at\u00a0<a href=\"https:\/\/www.facebook.com\/mapamundimusica\/\" target=\"_blank\" rel=\"noopener noreferrer\">our Facebook<\/a>.\u00a0<\/strong><\/p>","protected":false},"excerpt":{"rendered":"<p>Summary \ud83d\udc47 Editorial Music scene in Ukraine after one year of invasion: talk with Music Export Ukraine&#8217;s co-founder Dartsya Tarkovska In brief about The Polyphony Project, Unknown Ukraine Brief news from the media, charts and sister projects News from the European Folk Network: European Folk Day, on 23rd of September\u00a0 Open calls and more news [&hellip;]<\/p>\n","protected":false},"author":1,"featured_media":0,"comment_status":"closed","ping_status":"open","sticky":false,"template":"","format":"standard","meta":{"footnotes":""},"categories":[19],"tags":[],"class_list":["post-3246","post","type-post","status-publish","format-standard","hentry","category-newsletter"],"_links":{"self":[{"href":"https:\/\/www.mapamundimusica.com\/en\/wp-json\/wp\/v2\/posts\/3246","targetHints":{"allow":["GET"]}}],"collection":[{"href":"https:\/\/www.mapamundimusica.com\/en\/wp-json\/wp\/v2\/posts"}],"about":[{"href":"https:\/\/www.mapamundimusica.com\/en\/wp-json\/wp\/v2\/types\/post"}],"author":[{"embeddable":true,"href":"https:\/\/www.mapamundimusica.com\/en\/wp-json\/wp\/v2\/users\/1"}],"replies":[{"embeddable":true,"href":"https:\/\/www.mapamundimusica.com\/en\/wp-json\/wp\/v2\/comments?post=3246"}],"version-history":[{"count":13,"href":"https:\/\/www.mapamundimusica.com\/en\/wp-json\/wp\/v2\/posts\/3246\/revisions"}],"predecessor-version":[{"id":3259,"href":"https:\/\/www.mapamundimusica.com\/en\/wp-json\/wp\/v2\/posts\/3246\/revisions\/3259"}],"wp:attachment":[{"href":"https:\/\/www.mapamundimusica.com\/en\/wp-json\/wp\/v2\/media?parent=3246"}],"wp:term":[{"taxonomy":"category","embeddable":true,"href":"https:\/\/www.mapamundimusica.com\/en\/wp-json\/wp\/v2\/categories?post=3246"},{"taxonomy":"post_tag","embeddable":true,"href":"https:\/\/www.mapamundimusica.com\/en\/wp-json\/wp\/v2\/tags?post=3246"}],"curies":[{"name":"wp","href":"https:\/\/api.w.org\/{rel}","templated":true}]}}