{"id":3220,"date":"2023-01-17T14:31:55","date_gmt":"2023-01-17T13:31:55","guid":{"rendered":"https:\/\/www.mapamundimusica.com\/?p=3220"},"modified":"2023-01-17T14:34:46","modified_gmt":"2023-01-17T13:34:46","slug":"jan-23-interview-with-andras-halmos-news-calls-and-55","status":"publish","type":"post","link":"https:\/\/www.mapamundimusica.com\/en\/newsletter\/jan-23-interview-with-andras-halmos-news-calls-and-55\/","title":{"rendered":"Jan. 23. Interview with Andr\u00e1s Halmos, news, calls and + #55"},"content":{"rendered":"<p><span style=\"font-family: verdana, geneva, sans-serif; font-size: 18pt;\"><strong>Summary\u00a0\ud83d\udc47<\/strong><span style=\"color: #ffffff;\">\u00a0<\/span><\/span><\/p>\n<p><span style=\"font-family: verdana, geneva, sans-serif;\">Editorial<\/span><\/p>\n<hr \/>\n<p><span style=\"font-family: verdana, geneva, sans-serif;\">Interview with\u00a0Andr\u00e1s Halmos, musician, head of concert programming at the\u00a0House of Music\u00a0Hungary and artistic advisor and concert booker for the M\u00dcPA<\/span><\/p>\n<hr \/>\n<p><span style=\"font-family: verdana, geneva, sans-serif;\">Brief news from the media, charts and sister projects<\/span><\/p>\n<hr \/>\n<p><span style=\"font-family: verdana, geneva, sans-serif;\">Open calls and more news from professional events\u00a0\ud83d\udcbc<\/span><\/p>\n<hr \/>\n<p><span style=\"font-family: verdana, geneva, sans-serif;\">Meet me at\u00a0\u2708\ufe0f<\/span><\/p>\n<hr \/>\n<table style=\"width: 100%;\" border=\"0\" cellspacing=\"0\" cellpadding=\"0\" align=\"left\">\n<tbody>\n<tr>\n<td class=\"mcnShareIconContent\" style=\"width: 6.4257%;\" align=\"center\" valign=\"middle\" width=\"24\"><a href=\"https:\/\/us13.forward-to-friend.com\/forward?u=993c677d53044839b1b39b2dc&amp;id=e03d5726e1&amp;e=[UNIQID]\" target=\"_blank\" rel=\"noopener noreferrer\"><img loading=\"lazy\" decoding=\"async\" class=\"\" src=\"https:\/\/cdn-images.mailchimp.com\/icons\/social-block-v2\/outline-dark-forwardtofriend-48.png\" alt=\"If you like this content, forward it\" width=\"39\" height=\"39\" \/><\/a><\/td>\n<td class=\"mcnShareTextContent\" style=\"width: 93.4739%;\" align=\"left\" valign=\"middle\"><a href=\"https:\/\/us13.forward-to-friend.com\/forward?u=993c677d53044839b1b39b2dc&amp;id=e03d5726e1&amp;e=[UNIQID]\" target=\"\" rel=\"noopener noreferrer\">If you like this content, forward it<\/a><\/td>\n<\/tr>\n<\/tbody>\n<\/table>\n<table style=\"width: 100%;\" border=\"0\" cellspacing=\"0\" cellpadding=\"0\" align=\"left\">\n<tbody>\n<tr>\n<td class=\"mcnShareIconContent\" style=\"width: 6.2249%;\" align=\"center\" valign=\"middle\" width=\"24\"><a href=\"http:\/\/www.facebook.com\/sharer\/sharer.php?u=http%3A%2F%2Feepurl.com%2Fiitrh9\" target=\"_blank\" rel=\"noopener noreferrer\"><img loading=\"lazy\" decoding=\"async\" class=\"\" src=\"https:\/\/cdn-images.mailchimp.com\/icons\/social-block-v2\/outline-dark-facebook-48.png\" alt=\"Share it in FB\" width=\"35\" height=\"35\" \/><\/a><\/td>\n<td class=\"mcnShareTextContent\" style=\"width: 93.6747%;\" align=\"left\" valign=\"middle\"><a href=\"http:\/\/www.facebook.com\/sharer\/sharer.php?u=http%3A%2F%2Feepurl.com%2Fiitrh9\" target=\"\" rel=\"noopener noreferrer\">Share it in FB<\/a><\/td>\n<\/tr>\n<\/tbody>\n<\/table>\n<div><strong>Hello, <\/strong><strong>how are you?<\/strong><\/div>\n<div>\n<p><img loading=\"lazy\" decoding=\"async\" class=\"alignleft\" src=\"https:\/\/mcusercontent.com\/993c677d53044839b1b39b2dc\/images\/ec983c07-b71a-de20-dd91-adf770336f57.jpg\" width=\"180\" height=\"180\" align=\"left\" data-file-id=\"5627267\" \/>I am very well.\u00a0I started this year by confirming some concert dates that make me very happy. Others I can even announce now. For instance,\u00a0<a href=\"https:\/\/www.alidogangonultas.com\/\" target=\"_blank\" rel=\"noopener noreferrer\">Ali Do\u011fan G\u00f6n\u00fclta\u015f<\/a>\u00a0with his trio\u00a0<a href=\"https:\/\/www.urkult.se\/en\/project\/ali-dogan-gonultas-2\/\" target=\"_blank\" rel=\"noopener noreferrer\">in Urkult<\/a>.I am sending you this letter from Brussels. Tomorrow I will attend a meeting in Gent of the board of the European Folk Network (EFN). By the way, the EFN has been granted in the program MusicAIRE, for the project of the European Folk Day. It has been publicly announced in the latest newsletter of the EFN. I invite you to be updated about this organization by signing up for that\u00a0monthly newsletter (just fill in\u00a0<a href=\"https:\/\/www.europeanfolknetwork.com\/sign-up-to-the-monthly-newsletter\" target=\"_blank\" rel=\"noopener noreferrer\">this form<\/a>).\u00a0<a href=\"https:\/\/www.europeanfolknetwork.com\/post\/efn-newsletter-january-2023-11\" target=\"_blank\" rel=\"noopener noreferrer\">Its latest edition<\/a>\u00a0is somehow connected with this one of Mapamundi, but it is just by chance. The featured artist of the month is\u00a0Balogh K\u00e1lm\u00e1n, the fantastic Hungarian Roma\u00a0cymbalonist. There you will find a small tribute to him and some brief memories of those times, 23 years ago, when I had much more difficult access to this musics than I do now.<\/p>\n<p>And our protagonist for today is also Hungarian.\u00a0One of the aims of this newsletter is to understand the events, paths and passions that lie beneath the delicate fabric of cultural management related to the activity of the kinds musics that Mapamundi M\u00fasica\u00a0work with. We see who is where, who does what, but I often wonder how that person came to be responsible for the decisions that shape the circuit of\u00a0world, traditional and folk musics.\u00a0I really enjoyed it and I am very grateful to Andr\u00e1s Halmos for revealing some of the keys to his development\u00a0to become\u00a0the head of programming at the House of Music Hungary. A position that sounds fascinating as well as a great responsibility.\u00a0My path and his are very different, but there is something about what he explains that I understand very well and that many who read this will surely understand too: this need, this impeliment, to create spaces for the dissemination of the music we love.<\/p>\n<p>I won&#8217;t go on any longer and I&#8217;ll give way to him. And under the interview there\u00a0is some other information that I hope will be of interest to you.<\/p>\n<\/div>\n<div style=\"text-align: center;\"><strong>Remember: if you have any news of interest for our community, let me know. Thank you very much for your attention.<\/strong><\/div>\n<div style=\"text-align: center;\">Araceli Tzigane | Mapamundi M\u00fasica\u00a0|<strong>\u00a0+34 676\u00a030 28 82\u00a0<\/strong><\/div>\n<div style=\"text-align: center;\"><\/div>\n<div>\n<hr \/>\n<\/div>\n<h3><span style=\"color: #000000; font-family: open sans, helvetica neue, helvetica, arial, sans-serif;\"><img decoding=\"async\" class=\"alignright\" src=\"https:\/\/mcusercontent.com\/993c677d53044839b1b39b2dc\/images\/9a05fed4-9932-a545-5ff2-2d18694c3013.jpg\" width=\"300\" align=\"right\" data-file-id=\"5736343\" \/><\/span><\/h3>\n<h3><strong><span style=\"color: #daa520;\">AND NOW THE FLOOR IS FOR:<\/span><\/strong><\/h3>\n<h3><strong><span style=\"color: #daa520;\">ANDR\u00c1S HALMOS<\/span><\/strong><\/h3>\n<div>\n<p><span style=\"color: #000000; font-family: open sans, helvetica neue, helvetica, arial, sans-serif;\"><strong>My first approach to Andr\u00e1s Halmos has been through his role as head of programming of the\u00a0<a href=\"https:\/\/zenehaza.hu\/en\" target=\"_blank\" rel=\"noopener noreferrer\">House of Music Hungary<\/a>\u00a0(Magyar Zene H\u00e1za, in Hungarian)&#8221;. It is a building which is itself a work of art designed by Sou Fujimoto and which opened a year ago, in January 2022.\u00a0Here is a photo below, which I have taken from the Facebook page of the organisation, and\u00a0<a href=\"https:\/\/zenehaza.hu\/en\/gallery\" target=\"_blank\" rel=\"noopener noreferrer\">here<\/a>\u00a0is a gallery of impressive photos of the building outside and inside.<\/strong><\/span><\/p>\n<p>But Andr\u00e1s&#8217; profile, like that of many of the people who appear on these pages, is not monolithic. He is also a musician. You can listen to a\u00a0<a href=\"https:\/\/open.spotify.com\/playlist\/5xRbRfQOLHa8bFkEO39i4E?si=9052644ec9b84ead\" target=\"_blank\" rel=\"noopener noreferrer\">playlist about the albums he has played on<\/a>\u00a0while you read the interview. Moreover, years before assuming his role at the Zene H\u00e1za, he was already artistic advisor and concert booker for the M\u00dcPA.\u00a0But it is he himself who will explain his professional path.<\/p>\n<p>I am very grateful to Andr\u00e1s for his generosity in answering all my questions.<br \/>\n<img loading=\"lazy\" decoding=\"async\" class=\"aligncenter\" src=\"https:\/\/mcusercontent.com\/993c677d53044839b1b39b2dc\/images\/d747cb1b-bae0-d4d0-5fe9-32b43f2143d8.jpg\" width=\"814\" height=\"301\" align=\"center\" data-file-id=\"5736347\" \/><\/p>\n<p>&nbsp;<\/p>\n<p><span style=\"font-family: open sans, helvetica neue, helvetica, arial, sans-serif;\"><strong>Mapamundi M\u00fasica: Your website enumerates your activities as a drummer and as a concert programmer but, could you tell us a bit more about your background? How did you start in music?\u00a0<\/strong><\/span><\/p>\n<p><span style=\"font-family: 'open sans', 'helvetica neue', helvetica, arial, sans-serif;\"><strong>Andr\u00e1s Halmos:\u00a0<\/strong>I started playing the drums at the age of 17 and I got into it quite intensively. Soon, I joined various bands, and I was lucky enough to play with more advanced players than I was at that time.<\/span><\/p>\n<p>At the beginning, my main inspiration was the music of the 60\u2019s (singer-songwriters, psychedelic rock, blues, etc.), then I began to be influenced by jazz and Indian classical music. For the latter, my entry point was a concert by Sultan Khan and Zakir Hussain, that was a revelation to me. Later on, while I was playing in a jazz big band (organised by Mediawave Festival for 3 consecutive years), I had the opportunity to play and learn from drummer Hamid Drake and double bass player William Parker, they also had a huge impact on me. They drew my attention to Moroccan Gnawa music, also to the African origins of jazz. By that time, I had become interested in traditional music from all over the world.<\/p>\n<p>I was listening to amazing bands and musicians who had never played in Hungary, and I also saw many while I was on tours abroad, so I decided to find a part time job as a music programmer. It took three and a half years of searching and applications before I won the trust of the director at the Trafo House of Contemporary Arts and became their concert programmer in 2004. This venue is mainly for contemporary dance, but they had 2 concerts each month, and I was given the freedom to experiment in new territories. I\u2019ve focused on music that had only rarely or never been heard in Hungary before. These were really good times. As it turned out, there was a demand for these kinds of concerts and somehow this music profile gained a reputation in some local circles.<\/p>\n<\/div>\n<table style=\"border-collapse: collapse; width: 100%;\">\n<tbody>\n<tr>\n<td style=\"width: 100%; background-color: #990000;\">\n<p style=\"text-align: center;\"><span style=\"color: #ffffff;\"><strong>Let&#8217;s try to understand what Andr\u00e1s might have felt at that Sultan Khan and Zakir Hussain concert<\/strong><\/span><\/p>\n<p style=\"text-align: center;\"><iframe loading=\"lazy\" title=\"Concert Ustad Zakir Hussain &amp; Ustad Sultan Khan.\" src=\"https:\/\/www.youtube.com\/embed\/8ZSJcYT0uAA\" width=\"640\" height=\"480\" frameborder=\"0\" allowfullscreen=\"allowfullscreen\"><\/iframe><\/p>\n<\/td>\n<\/tr>\n<\/tbody>\n<\/table>\n<p><span style=\"font-family: open sans, helvetica neue, helvetica, arial, sans-serif;\"><strong>MM: You are also a drummer, which of your project\/s would you like to highlight?\u00a0<\/strong><\/span><\/p>\n<p><span style=\"color: #000000; font-family: open sans, helvetica neue, helvetica, arial, sans-serif;\"><strong>AH:\u00a0<\/strong>Tariqa is my only band now. I can\u2019t commit to being a member of any groups that work on a regular basis. Alongside this, I occasionally play freely improvised music with various line ups.\u00a0<\/span><\/p>\n<p><span style=\"font-family: open sans, helvetica neue, helvetica, arial, sans-serif;\"><strong>MM: You have been an artistic advisor and concert booker for the M\u00dcPA since 2008. How did you come to occupy this role at the venue?\u00a0<\/strong><\/span><\/p>\n<p><span style=\"color: #000000; font-family: open sans, helvetica neue, helvetica, arial, sans-serif;\"><strong>AH:\u00a0<\/strong>While booking concerts for Trafo, I got the opportunity to invite an Indonesian gamelan group with 46 members, musicians and dancers. Strangely, there had never been any authentic, public Indonesian gamelan concerts in Hungary prior to that. The project was too big for Trafo, so I asked for a meeting with the programme director of M\u00fcpa Budapest with the idea of offering this concert to them. He was really happy for the opportunity and we staged a successful and unique concert. During the preparations, we talked about music a lot, and he asked for more recommendations of performers who could perhaps play at M\u00fcpa. That was how I began to work at that amazing venue, and I\u2019m lucky to still be there 14 years later.<\/span><\/p>\n<table style=\"border-collapse: collapse; width: 100%;\">\n<tbody>\n<tr>\n<td style=\"width: 100%; background-color: #990000;\">\n<p style=\"text-align: center;\"><span style=\"color: #ffffff;\">This is Tariqa, Andr\u00e1s&#8217; band:<\/span><\/p>\n<p style=\"text-align: center;\"><iframe loading=\"lazy\" title=\"Tariqa: Sallam ala\" src=\"https:\/\/www.youtube.com\/embed\/u1PjMug0WXQ\" width=\"553\" height=\"380\" frameborder=\"0\" allowfullscreen=\"allowfullscreen\"><\/iframe><\/p>\n<\/td>\n<\/tr>\n<\/tbody>\n<\/table>\n<p><span style=\"font-family: open sans, helvetica neue, helvetica, arial, sans-serif;\"><strong>MM: As this newsletter is mainly oriented to the world of non-classical music, how much space is there at the M\u00dcPA for world\/traditional\/folk music? Do you have any opportunities for including them in the programme of events?\u00a0<\/strong><\/span><\/p>\n<p><span style=\"color: #000000; font-family: open sans, helvetica neue, helvetica, arial, sans-serif;\"><strong>AH:\u00a0<\/strong>Yes, they do all kinds of music, although classical music is, indeed, the main profile there. I\u2019ve staged many Hungarian premiers here for greats like Danyel Waro, Bnet Marrakesh, Alim Qasimov &amp; Alizera Ghorbani, Zohar Fresco Quartet, Giovanni Hidalgo \u2013 Horazio \u201cEl Negro\u201d Hernandez, Ttukunak, Jordi Savall, L. Subramaniam, Erdal Erzican &amp; Kayhan Kalhor, Sona Jobareth. I have also have presented Anouar Brahem, Anoushka Shankar, Bombino, Eva Quartet, Zakir Hussain, Shakti, etcetera.\u00a0<\/span><\/p>\n<p><span style=\"font-family: open sans, helvetica neue, helvetica, arial, sans-serif;\"><strong>MM: Since 2020 you have been the head of concert programming at the House of Music Hungary. You started in 2020, so you were assigned to the role even before it opened. How did you get into this role at the institution?\u00a0<\/strong><\/span><\/p>\n<p><span style=\"color: #000000; font-family: open sans, helvetica neue, helvetica, arial, sans-serif;\"><strong>AH:\u00a0<\/strong>M\u00e1rton Horn, the director of the House of Music, and I knew each other from Trafo, where we had worked together for a few years, so he invited me to take this job. We had to build up the whole venue\/concert profile and the administrative background from scratch, so we started working on it well before the venue opened in January 2022. Our two directors, Marton Horn and the CEO, Andr\u00e1s Batta started working on the concept for the venue many years before me, they\u2019ve done an amazing job.<\/span><\/p>\n<p><span style=\"font-family: open sans, helvetica neue, helvetica, arial, sans-serif;\"><strong>MM:\u00a0What are your criteria? What is it that you are searching for when selecting acts for the House of Music and the M\u00dcPA?<\/strong><\/span><\/p>\n<p><span style=\"color: #000000; font-family: open sans, helvetica neue, helvetica, arial, sans-serif;\"><strong>AH:\u00a0<\/strong>I still like to present music that can\u2019t often be heard everywhere, in other words, music that is not too obvious. Some of these performers are established mainstream artists who rarely or never played in Hungary, but most of them are representatives of less widely known genres. Generally, I prefer traditional music to world music, and I\u2019m looking for sounds and approaches that are new or fresh to my ears.<\/span><\/p>\n<p>Before I started working for the House of Music, I had mainly booked international concerts, but here I do more local ones. This is a top notch and highly visible venue where we stage all kinds of music, and we like to go underground and really reach out in our programming. It\u2019s important that we welcome and address everyone with our programme that is accessible and enjoyable to all, regardless of their background. So, it takes some balancing.<\/p>\n<p><span style=\"font-family: open sans, helvetica neue, helvetica, arial, sans-serif;\"><strong>MM:\u00a0From now on I will focus on the House of Music. I see that you programme workshops as well as concerts at the House of Music. Are you responsible for both of these things?\u00a0<\/strong><\/span><\/p>\n<p><span style=\"color: #000000; font-family: open sans, helvetica neue, helvetica, arial, sans-serif;\"><strong>AH:\u00a0<\/strong>There are three main pillars at the House of Music: education, concerts and exhibitions. All three elements support each other. The concept is that all our concert programmers \u2013 myself included \u2013 add educational programmes connected to their concerts, but our department for music education also offers a programme of interactive events.\u00a0<\/span><\/p>\n<p><span style=\"font-family: open sans, helvetica neue, helvetica, arial, sans-serif;\"><strong>MM:\u00a0What is the profile of those who attend the workshops? I mean, are they students of music, professional musicians, the general public, adults, kids, or a combination of these&#8230;?\u00a0<\/strong><\/span><\/p>\n<p><span style=\"color: #000000; font-family: open sans, helvetica neue, helvetica, arial, sans-serif;\"><strong>AH:\u00a0<\/strong>We provide programmes for kids and families just as much as for younger and older generations with different musical preferences. \u00a0We also offer workshops, presentations, and interviews that delve more deeply into particular topics.\u00a0<\/span><\/p>\n<p><span style=\"font-family: open sans, helvetica neue, helvetica, arial, sans-serif;\"><strong>MM:\u00a0The House of Music has been operating for more than a year now. What have been your main challenges?\u00a0<\/strong><\/span><\/p>\n<p><span style=\"color: #000000; font-family: open sans, helvetica neue, helvetica, arial, sans-serif;\"><strong>AH:\u00a0<\/strong>For me it has clearly been the volume of work. From day one we were offering a full programme of events, and had to face our limitations, regardless how much we love what we do. We have so many plans, but there are also many demands from musicians, from partner institutions and from the b2b sector as well.\u00a0<\/span><br \/>\n<span style=\"font-family: open sans, helvetica neue, helvetica, arial, sans-serif;\"><strong>MM:\u00a0How is it financed? I couldn\u2019t find any information on the website.\u00a0<\/strong><\/span><\/p>\n<p><span style=\"color: #000000; font-family: open sans, helvetica neue, helvetica, arial, sans-serif;\"><strong>AH:\u00a0<\/strong>We are a part of the City Park Project and have state support through them. We also rely on our income and on applications [for funding] of course.<\/span><\/p>\n<p><span style=\"font-family: open sans, helvetica neue, helvetica, arial, sans-serif;\"><strong>MM:\u00a0Can you share any plans for the future?\u00a0<\/strong><\/span><\/p>\n<p><span style=\"color: #000000; font-family: open sans, helvetica neue, helvetica, arial, sans-serif;\"><strong>AH:\u00a0<\/strong>Speaking of traditional and world related music, I can mention Mazaher. We do their concert\u00a0with Ritmo Festival as the opening concert, so we do it together with Bal\u00e1zs Weyer.\u00a0Also a special 50th anniversary concert of Muzsik\u00e1s and friends, many traditional concerts that present the different styles and regions of the ethnic Hungary, and a special project with local musicians and Sainkho Namtchylak. In summer we\u2019ll have a two-day focus on Latin American music.<\/span><\/p>\n<div style=\"text-align: center;\"><strong>THANK YOU, ANDR\u00c1S!\u00a0<\/strong>\ud83d\ude4f<\/div>\n<div><\/div>\n<div>\n<table style=\"border-collapse: collapse; width: 100%;\">\n<tbody>\n<tr>\n<td style=\"width: 100%; background-color: #990000; text-align: center;\">\n<p style=\"text-align: center;\"><span style=\"color: #ffffff;\">Mazaher will perform at the Zene H\u00e1za on April 12th. Let&#8217;s enjoy with their showcase at WOMEX 2021:<\/span><\/p>\n<p><iframe loading=\"lazy\" title=\"Mazaher Live at WOMEX 2021\" src=\"https:\/\/www.youtube.com\/embed\/wE0gHrjqqhw\" width=\"553\" height=\"380\" frameborder=\"0\" allowfullscreen=\"allowfullscreen\"><\/iframe><\/td>\n<\/tr>\n<\/tbody>\n<\/table>\n<\/div>\n<h3><\/h3>\n<h3><strong><span style=\"color: #daa520;\">BRIEF NEWS FROM THE MEDIA, CHARTS AND SISTER PROJECTS\u00a0<\/span><\/strong><\/h3>\n<ul>\n<li><span style=\"font-family: 'open sans', 'helvetica neue', helvetica, arial, sans-serif;\">#1\u00a0for\u00a0<a href=\"https:\/\/www.transglobalwmc.com\/charts\/january-2023-chart\/\" target=\"_blank\" rel=\"noopener noreferrer\">Transglobal World Music Chart in January 2023<\/a>\u00a0is: Gaye Su Akyol&#8217;s album\u00a0<em>Anadolu Ejderi<\/em>\u00a0<\/span><\/li>\n<\/ul>\n<div>\n<hr \/>\n<\/div>\n<ul>\n<li><span style=\"font-family: 'open sans', 'helvetica neue', helvetica, arial, sans-serif;\"><a href=\"https:\/\/mundofonias.com\/wp\/?p=6395\" target=\"_blank\" rel=\"noopener noreferrer\">Mundofon\u00edas<\/a>: our three favourites of the month are the eponymous albums by\u00a0<a href=\"https:\/\/open.spotify.com\/album\/1OdVoT1CWhlybxU3qyqUoC?si=Z4SQLg9mT06gDfY9OUxS0g\" target=\"_blank\" rel=\"noopener noreferrer\">Taraf Syriana<\/a>\u00a0and\u00a0<a href=\"https:\/\/open.spotify.com\/album\/5KkthZv1GEy0SsfTI5Lo3i?si=3tGV5hXDToGod0SMqRZ9-g\" target=\"_blank\" rel=\"noopener noreferrer\">World Wide Wig<\/a>, and the album\u00a0<a href=\"https:\/\/www.youtube.com\/playlist?list=PLBplE7iDpSBgw82gDG4uoUC_WhODpk2lE\" target=\"_blank\" rel=\"noopener noreferrer\"><em>Adyge oredyzhkher | Adyg \/ Circassian music<\/em><\/a>, performed by Damir Guagov &amp; Asker Sapiev, from the amazing catalogue of Antonovka Records. I talked about these artists in\u00a0<a href=\"https:\/\/www.mapamundimusica.com\/en\/newsletter\/nov-22-talks-with-davide-mastropaolo-italian-world-beat-sebastien-laussel-zone-franche-will-villa-sqrz-much-53\/\" target=\"_blank\" rel=\"noopener noreferrer\">this previous edition<\/a>.\u00a0<\/span><\/li>\n<\/ul>\n<div><img loading=\"lazy\" decoding=\"async\" class=\"aligncenter\" src=\"https:\/\/mcusercontent.com\/993c677d53044839b1b39b2dc\/images\/fae3b9af-d15b-d957-f20d-c8e8386eed8f.jpg\" width=\"837\" height=\"278\" align=\"center\" data-file-id=\"5736395\" \/><\/div>\n<div>\n<hr \/>\n<div><span style=\"color: #000000; font-family: open sans, helvetica neue, helvetica, arial, sans-serif;\"><img loading=\"lazy\" decoding=\"async\" class=\"alignright\" src=\"https:\/\/mcusercontent.com\/993c677d53044839b1b39b2dc\/images\/ebf34c41-271f-9c5c-0df0-bf8f61822f6d.png\" width=\"280\" height=\"155\" align=\"right\" data-file-id=\"5736411\" \/><\/span><\/div>\n<ul>\n<li><span style=\"font-family: 'open sans', 'helvetica neue', helvetica, arial, sans-serif;\">The\u00a0<a href=\"https:\/\/worldmusic.org.rs\/2023\/01\/16\/balkan-world-music-chart-top-20-of-2022\/\" target=\"_blank\" rel=\"noopener noreferrer\">Balkan World Music Chart<\/a>\u00a0has announced the annual chart of 2022.\u00a0 In the previous edition I announced that the album\u00a0<em>Throisma<\/em>, by\u00a0<strong>Antonis Antoniou<\/strong>, released by Ajabu!\u00a0was #1 in World Music Charts Europe. Well, it is the #1 in the Balkan World Music Chart too.\u00a0The Bosnian band\u00a0<strong>Divanhana<\/strong>, with their album Zavrzlama, released by CPL Music, is #2.\u00a0And the aforementioned,<strong>\u00a0Ali Do\u011fan G\u00f6n\u00fclta\u015f<\/strong>, with his self-produced debut album Ki\u011f\u0131, is #3. Check the top 20\u00a0<a href=\"https:\/\/worldmusic.org.rs\/2023\/01\/16\/balkan-world-music-chart-top-20-of-2022\/\" target=\"_blank\" rel=\"noopener noreferrer\">on the website<\/a>.<\/span><\/li>\n<\/ul>\n<div><img loading=\"lazy\" decoding=\"async\" src=\"https:\/\/mcusercontent.com\/993c677d53044839b1b39b2dc\/images\/531e21c9-e20d-ca50-b376-b5c94dd32d4e.png\" width=\"500\" height=\"486\" align=\"center\" data-file-id=\"5736423\" \/><\/div>\n<\/div>\n<div><\/div>\n<div>\n<hr \/>\n<\/div>\n<p>&nbsp;<\/p>\n<h3><strong><span style=\"color: #daa520;\">OPEN CALLS AND PROFESSIONAL EVENTS<\/span><\/strong><\/h3>\n<p><strong><span style=\"font-family: 'open sans', 'helvetica neue', helvetica, arial, sans-serif;\">If you have anything to share in this section in a future edition, let me know.<\/span><\/strong><\/p>\n<ul>\n<li><strong>Fira-B.<\/strong>\u00a0NEW IN THE NEWSLETTER.\u00a0It is a showcase festival and professional market in Palma de Mallorca. I have to say that the conditions offered to the selected artists are one of the best for a professional event that is not a festival as such.\u00a0The music program will take place from 2nd to 5th of November. Note there is also a section of performing arts, which program will take place from\u00a0 9th to 12th of October.\u00a0Who can apply? &#8220;<em>Musical projects that release or have released a new album or EP between January 1, 2021 and November 30, 2023 can submit a proposal. Additionally, they must have performed five live concerts since January 1 2021<\/em>.&#8221;\u00a0The form for the submissions and more details are\u00a0<a href=\"http:\/\/www.firab.org\/en\/p\/how-to-act\/\" target=\"_blank\" rel=\"noopener noreferrer\">here<\/a>.<\/li>\n<\/ul>\n<div><img loading=\"lazy\" decoding=\"async\" class=\"aligncenter\" src=\"https:\/\/mcusercontent.com\/993c677d53044839b1b39b2dc\/images\/575edb38-c25f-5f63-dbcd-81144d56eb72.jpg\" width=\"661\" height=\"164\" data-file-id=\"5736427\" \/><\/div>\n<div>\n<hr \/>\n<\/div>\n<ul>\n<li><strong><img loading=\"lazy\" decoding=\"async\" class=\"alignright\" src=\"https:\/\/mcusercontent.com\/993c677d53044839b1b39b2dc\/images\/10915e90-cd0b-1a1c-0f42-4b4f8eecc246.png\" width=\"240\" height=\"93\" align=\"right\" data-file-id=\"5736435\" \/>Jornadas Profesionales de la M\u00fasica en Extremadura (MUM2023).<\/strong>\u00a0NEW IN THE NEWSLETTER.\u00a0I include this specially for the Spanish and Portuguese artists because of the location of the event and because the information is only in English, but I see nothing to indicate that an artist from another country cannot propose. This event is also building connections, so it can be interesting for organizers and institutions from other countries.\u00a0It will take place in M\u00e9rida (Badajoz, Spain) from 13 to 15 of April. The call for proposals is open until January 31 at 23:59h. More info and application form,\u00a0<a href=\"https:\/\/extremum.agcex.org\/propuestas-artisticas\/\" target=\"_blank\" rel=\"noopener noreferrer\">here<\/a>.<\/li>\n<\/ul>\n<div>\n<hr \/>\n<\/div>\n<div>\n<ul>\n<li><strong>Fira Mediterr\u00e0nia de Manresa,\u00a0open call for showcases.<\/strong>\u00a0DEADLINE SOON.\u00a0It will take place from 5 to 8 of October in Manresa, Catalonia. The call for artistic proposals is open\u00a0<a href=\"https:\/\/firamediterrania.cat\/professionals\/convocatoria-artistica\" target=\"_blank\" rel=\"noopener noreferrer\">here<\/a>\u00a0until 19th of January at 24h. The participation rules are available\u00a0<a href=\"https:\/\/firamediterrania.cat\/en\/professionals\/participation-rules\" target=\"_blank\" rel=\"noopener noreferrer\">here<\/a>.<\/li>\n<\/ul>\n<hr \/>\n<ul>\n<li><strong>Babel Music XP has announced the artistic program. You can check it\u00a0<a href=\"https:\/\/babelmusicxp.com\/les-concerts\/la-programmation\/\" target=\"_blank\" rel=\"noopener noreferrer\">here<\/a>. The registration of stands and the accreditations is open.<\/strong>\u00a0The long-awaited fair in Marseille\u00a0is finally approaching.\u00a0&#8220;<em>From the 23 \u2013 25 March 2023,\u00a0BABEL MUSIC XP will make Marseille\u00a0the economic and cultural epicentre of the music industry.\u00a0With its professional trade fair at the Friche La Belle de Mai\u00a0and world music festival open to the general public at the Dock des Suds, BABEL MUSIC XP is firmly at the heart of the Mediterranean hub\u00a0on the world music map<\/em>.&#8221;\u00a0\u00a0For now and until February 01st, the small stand (3m2) costs 500\u20ac and includes 2 accreditations, 1 table, 2 chairs, light and electricity, wifi, trashcan. The standard unit (6m2) costs 670. The price will be increased on February 2nd. The accreditation for a person costs 129 euros and I don&#8217;t see any deadline or date for an increase of cost. Check the official information\u00a0<a href=\"https:\/\/babelmusicxp.com\/en\/\" target=\"_blank\" rel=\"noopener noreferrer\">on their website<\/a>.<\/li>\n<\/ul>\n<hr \/>\n<ul>\n<li><strong><a href=\"https:\/\/www.malzhaus.de\/folkherbst\/was-ist-der-folkherbst\" target=\"_blank\" rel=\"noopener noreferrer\"><img loading=\"lazy\" decoding=\"async\" class=\"alignright\" src=\"https:\/\/mcusercontent.com\/993c677d53044839b1b39b2dc\/images\/fb777717-4a99-9e77-bf11-28964b7aeb4f.png\" width=\"200\" height=\"48\" align=\"right\" data-file-id=\"5627287\" \/><\/a>\u00bbFolkHerbst\u00ab (Folk Music Autumn),\u00a0open call.\u00a0<\/strong>FolkHerbst &#8220;<em>is a series of folk music events that culminate in handing out the\u00a0only European Folk Music Award of Germany, the \u00bbEiserner Eversteiner (the Iron Eversteiner)\u00ab. The promoter Malzhaus e.V. bestows this award upon folk musicians living in Europe as he\/she has for\u00a0the past 30 years. He\/she will do it again next year at the 31th FolkHerbst. We anticipate the best, most\u00a0accomplished and inspired musicians competing for this prestigious award<\/em>.&#8221;\u00a0&#8220;<em>Musician\/ artist must be a European resident.\u00a0The performance\/ music must be derivative of or influenced by folk music. This includes both the\u00a0broadest interpretation and most specific, as a traditional folk music<\/em>&#8220;. It is open until 01th March\u00a02023. I have received the complete information with the procedure and conditions from\u00a0Christian Dressel (kultur(at)malzhaus.de) and I don&#8217;t see them on the website so I suggest you to ask him. Their website is\u00a0<a href=\"https:\/\/www.malzhaus.de\/folkherbst\/was-ist-der-folkherbst\" target=\"_blank\" rel=\"noopener noreferrer\">this<\/a>.<\/li>\n<\/ul>\n<\/div>\n<hr \/>\n<h3><strong><span style=\"color: #daa520;\">MEET ME AT<\/span><\/strong><\/h3>\n<p>Will we meet? Drop me a line!<\/p>\n<ul>\n<li>Istanbul. I will be there from 9th to 15th of February on the occasion of a concert by\u00a0Ali Do\u011fan G\u00f6n\u00fclta\u015f that will be recorded in video and I\u00a0will take advantage of my stay there if a professional proposal of interest arises.<\/li>\n<li>And in March 2023,\u00a0<a href=\"https:\/\/babelmusicxp.com\/\" target=\"_blank\" rel=\"noopener noreferrer\">Babel Music XP<\/a>, of which I have talked several times in previous editions.<\/li>\n<li>More news to come in the next newsletter.<\/li>\n<\/ul>\n<hr \/>\n<h3><strong>WHO WE ARE AND SISTER PROJECTS<\/strong><strong>\u00a0<\/strong><\/h3>\n<p>Mapamundi M\u00fasica is an agency of management and booking.\u00a0<a href=\"http:\/\/www.mapamundimusica.com\/en\/\" target=\"_blank\" rel=\"noopener noreferrer\">Learn more here<\/a>. Check our proposals at\u00a0<a href=\"http:\/\/www.mapamundimusica.com\/\" target=\"_blank\" rel=\"noopener noreferrer\">our website<\/a>.<\/p>\n<p>We also offer you our\u00a0<a href=\"http:\/\/www.mundofonias.com\/\" target=\"_blank\" rel=\"noopener noreferrer\">Mundofon\u00edas<\/a>\u00a0radio show, probably the leader about world music in Spanish language (on 50 stations in 18 countries). We produce\u00a0the\u00a0<a href=\"http:\/\/www.transglobalwmc.com\/\" target=\"_blank\" rel=\"noopener noreferrer\">Transglobal World Music Chart<\/a>\u00a0with our partner \u00c1ngel Romero from WorldMusicCentral.com.<\/p>\n<p>Feel free to request info if you wish. For further information about us,\u00a0<strong>get in touch by email, telephone (+34 676 30 28 82),\u00a0<a href=\"http:\/\/www.mapamundimusica.com\/en\/contacto\/\" target=\"_blank\" rel=\"noopener noreferrer\">our website<\/a>\u00a0or at\u00a0<a href=\"https:\/\/www.facebook.com\/mapamundimusica\/\" target=\"_blank\" rel=\"noopener noreferrer\">our Facebook<\/a>.\u00a0<\/strong><\/p>\n<p>&nbsp;<\/p>","protected":false},"excerpt":{"rendered":"<p>Summary\u00a0\ud83d\udc47\u00a0 Editorial Interview with\u00a0Andr\u00e1s Halmos, musician, head of concert programming at the\u00a0House of Music\u00a0Hungary and artistic advisor and concert booker for the M\u00dcPA Brief news from the media, charts and sister projects Open calls and more news from professional events\u00a0\ud83d\udcbc Meet me at\u00a0\u2708\ufe0f If you like this content, forward it Share it in FB Hello, [&hellip;]<\/p>\n","protected":false},"author":1,"featured_media":0,"comment_status":"closed","ping_status":"open","sticky":false,"template":"","format":"standard","meta":{"footnotes":""},"categories":[19],"tags":[],"class_list":["post-3220","post","type-post","status-publish","format-standard","hentry","category-newsletter"],"_links":{"self":[{"href":"https:\/\/www.mapamundimusica.com\/en\/wp-json\/wp\/v2\/posts\/3220","targetHints":{"allow":["GET"]}}],"collection":[{"href":"https:\/\/www.mapamundimusica.com\/en\/wp-json\/wp\/v2\/posts"}],"about":[{"href":"https:\/\/www.mapamundimusica.com\/en\/wp-json\/wp\/v2\/types\/post"}],"author":[{"embeddable":true,"href":"https:\/\/www.mapamundimusica.com\/en\/wp-json\/wp\/v2\/users\/1"}],"replies":[{"embeddable":true,"href":"https:\/\/www.mapamundimusica.com\/en\/wp-json\/wp\/v2\/comments?post=3220"}],"version-history":[{"count":5,"href":"https:\/\/www.mapamundimusica.com\/en\/wp-json\/wp\/v2\/posts\/3220\/revisions"}],"predecessor-version":[{"id":3225,"href":"https:\/\/www.mapamundimusica.com\/en\/wp-json\/wp\/v2\/posts\/3220\/revisions\/3225"}],"wp:attachment":[{"href":"https:\/\/www.mapamundimusica.com\/en\/wp-json\/wp\/v2\/media?parent=3220"}],"wp:term":[{"taxonomy":"category","embeddable":true,"href":"https:\/\/www.mapamundimusica.com\/en\/wp-json\/wp\/v2\/categories?post=3220"},{"taxonomy":"post_tag","embeddable":true,"href":"https:\/\/www.mapamundimusica.com\/en\/wp-json\/wp\/v2\/tags?post=3220"}],"curies":[{"name":"wp","href":"https:\/\/api.w.org\/{rel}","templated":true}]}}