{"id":3198,"date":"2022-12-16T12:15:28","date_gmt":"2022-12-16T11:15:28","guid":{"rendered":"https:\/\/www.mapamundimusica.com\/?p=3198"},"modified":"2022-12-16T20:28:57","modified_gmt":"2022-12-16T19:28:57","slug":"15-years-of-mm-interview-with-daryana-antipova-news-calls-54","status":"publish","type":"post","link":"https:\/\/www.mapamundimusica.com\/en\/newsletter\/15-years-of-mm-interview-with-daryana-antipova-news-calls-54\/","title":{"rendered":"Dec. 22. 15 years of MM, interview with Daryana Antipova, after Napoli World, news, calls and + #54"},"content":{"rendered":"<p><span style=\"font-size: 18pt;\"><span style=\"font-family: open sans, helvetica neue, helvetica, arial, sans-serif;\"><strong>Summary\u00a0\ud83d\udc47<\/strong><\/span><span style=\"color: #ffffff; font-family: open sans, helvetica neue, helvetica, arial, sans-serif;\">\u00a0<\/span><\/span><\/p>\n<ul>\n<li><span style=\"font-family: helvetica, arial, sans-serif; font-size: 12pt;\">Editorial<\/span><\/li>\n<li><span style=\"font-family: helvetica, arial, sans-serif; font-size: 12pt;\">Interview with\u00a0Daryana Antipova, from Russian World Music Chart<\/span><\/li>\n<li>\n<div><span style=\"font-family: helvetica, arial, sans-serif; font-size: 12pt;\">After Napoli World<\/span><\/div>\n<\/li>\n<li>\n<div><span style=\"font-size: 12pt; font-family: helvetica, arial, sans-serif;\">Brief news from the media, charts and sister projects<\/span><\/div>\n<\/li>\n<li>\n<div><span style=\"font-family: helvetica, arial, sans-serif; font-size: 12pt;\">Open calls and more news from professional events \ud83d\udcbc<\/span><\/div>\n<\/li>\n<li>\n<div><span style=\"font-family: helvetica, arial, sans-serif; font-size: 12pt;\">Meet me at \u2708\ufe0f<\/span><\/div>\n<\/li>\n<\/ul>\n<hr \/>\n<table style=\"width: 100%;\" border=\"0\" cellspacing=\"0\" cellpadding=\"0\" align=\"left\">\n<tbody>\n<tr>\n<td class=\"mcnShareIconContent\" style=\"width: 6.63317%;\" align=\"center\" valign=\"middle\" width=\"24\"><a href=\"https:\/\/us13.forward-to-friend.com\/forward?u=993c677d53044839b1b39b2dc&amp;id=6c04ec9945&amp;e=[UNIQID]\" target=\"_blank\" rel=\"noopener noreferrer\"><img loading=\"lazy\" decoding=\"async\" class=\"\" src=\"https:\/\/cdn-images.mailchimp.com\/icons\/social-block-v2\/outline-dark-forwardtofriend-48.png\" alt=\"If you like this content, forward it\" width=\"41\" height=\"41\" \/><\/a><\/td>\n<td class=\"mcnShareTextContent\" style=\"width: 93.1658%;\" align=\"left\" valign=\"middle\"><a href=\"https:\/\/us13.forward-to-friend.com\/forward?u=993c677d53044839b1b39b2dc&amp;id=6c04ec9945&amp;e=[UNIQID]\" target=\"\" rel=\"noopener noreferrer\">If you like this content, send it to a friend from here<\/a><\/td>\n<\/tr>\n<\/tbody>\n<\/table>\n<p style=\"text-align: center;\"><span style=\"font-size: 18pt;\"><a class=\"mcnButton \" title=\" \u27a1\ufe0f This is the button for subscription \" href=\"https:\/\/mailchi.mp\/892ba551b707\/mapamundi-general\" target=\"_blank\" rel=\"noopener noreferrer\">\u27a1\ufe0f This is the link for subscription\u00a0<\/a><\/span><\/p>\n<hr \/>\n<p><img loading=\"lazy\" decoding=\"async\" class=\"alignleft\" src=\"https:\/\/mcusercontent.com\/993c677d53044839b1b39b2dc\/images\/ec983c07-b71a-de20-dd91-adf770336f57.jpg\" width=\"180\" height=\"180\" align=\"left\" data-file-id=\"5627267\" \/><\/p>\n<p><strong>Hello, <\/strong><strong>how are you?\u00a0<\/strong><\/p>\n<p>I am very well. This day has started with two great news that I will be able to share in a near future. And December is the month of the birthday of Mapamundi M\u00fasica: it was on 27th of December of 2007 that the first concert under the brand took place. It was the trio Cherno More, with the Sudanese Wafir Shaikheldin and the Bulgarian brothers Nasco (accordeonist) and Ivo Hristov (clarinetist). There is no video of that concert, yes of another not much later, that is available <a href=\"https:\/\/www.youtube.com\/watch?v=EmRZ3RkYXx4\" target=\"_blank\" rel=\"noopener noreferrer\">here<\/a>.<\/p>\n<p>T<img loading=\"lazy\" decoding=\"async\" class=\"alignright\" src=\"https:\/\/mcusercontent.com\/993c677d53044839b1b39b2dc\/images\/4fd79304-9bb1-d88c-2689-8cb8f11b3289.jpg\" width=\"359\" height=\"250\" align=\"right\" data-file-id=\"5732855\" \/>hroughout these 15 years I have continued to collaborate with Wafir in various line-ups. He is still in Madrid. The Hristovs, however, returned to their country several years ago. We lost them to Spain, a country that is not exactly known for treating non-commercial artists well. But they returned to their country and that seemed to me at the time, and still seems to me, very good.<\/p>\n<p>However, our protagonist today has recently had to leave her country. You may know her. Daryana Antipova is one of the people who has been most active in recent years in promoting the world and traditional musics of Russia and not only Russia. She left her home a few weeks ago. I am very grateful and honoured to share her reflections. I have also learned that the leader of Antonovka Records, Anton Apostol, has also left Russia. This is the label that released the album by Damir Guagov and Asker Sapiev, the Adyghe guys I talked about in the previous issue, which you have\u00a0<a href=\"https:\/\/www.mapamundimusica.com\/en\/newsletter\/nov-22-talks-with-davide-mastropaolo-italian-world-beat-sebastien-laussel-zone-franche-will-villa-sqrz-much-53\/\" target=\"_blank\" rel=\"noopener noreferrer\">here<\/a>. Since then I have come across more productions from Antonovka Records and I am absolutely fascinated. I invite you to listen to Ms. Tsitsino Dingashvili on\u00a0<a href=\"https:\/\/antonovkarecords.bandcamp.com\/album\/made-in-zemo-alvani-batsbi-tsova-tushetian-music-from-georgia\" target=\"_blank\" rel=\"noopener noreferrer\">the label&#8217;s Bandcamp<\/a>. She is mind-blowing. She is also an accordionist &#8211; what a coincidence! \ud83d\ude42<\/p>\n<p>We are approaching the end of a year full of sorrow. It is hard to believe that Ukraine has not seen the return of peace. The news are horrifying\u00a0in other places too, even where there is never usually a popular outcry,\u00a0and I wonder if it will get anywhere. I was told by Gorka Hermosa, the\u00a0world-famous Basque accordionist, that the competition named under his name and organised by the Conf\u00e9d\u00e9ration Mondiale de l&#8217;Accord\u00e9on&#8221;and to be held at the Tianjin Conservatory in Tianjin, China, is being held online &#8220;<em>due to the fierce protests in China over the &#8220;zero covid&#8221; policy<\/em>&#8220;.\u00a0Gorka asked us to disseminate this news.\u00a0And I can say no to very few things that an accordionist asks me to do.<\/p>\n<p>I started out very happy to write and seem to be drifting towards darker feelings, but I will struggle to regain my joy. As a result of the interview with\u00a0<a href=\"http:\/\/will-villa.com\/\" target=\"_blank\" rel=\"noopener noreferrer\">Will Villa<\/a>\u00a0in the last edition, which you have\u00a0<a href=\"https:\/\/www.mapamundimusica.com\/en\/newsletter\/nov-22-talks-with-davide-mastropaolo-italian-world-beat-sebastien-laussel-zone-franche-will-villa-sqrz-much-53\/\" target=\"_blank\" rel=\"noopener noreferrer\">here<\/a>, I have put myself in his hands, I have decided to open to his vision and go out of what I already know, to make between the two of us the <a href=\"http:\/\/www.alidogangonultas.com\">website<\/a> for <a href=\"http:\/\/www.alidogangonultas.com\">Ali Do\u011fan G\u00f6n\u00fclta\u015f<\/a>, which is almost ready and is\u00a0<a href=\"https:\/\/www.alidogangonultas.com\/\" target=\"_blank\" rel=\"noopener noreferrer\">here<\/a>\u00a0(you can already read his bio, watch several videos and some other things). This fateful year in some ways has brought Ali into my life, this\u00a0extraordinary singer and extremely talented musician, and we have started a close collaboration. The contact with him and his culture has given me a broader vision of the world, an important piece of the puzzle of humanity, which I knew existed but had not yet fitted in.<\/p>\n<p>This year, three of my collaborating artists, three pieces of my heart, have recorded for the Library of Congress:\u00a0<a href=\"https:\/\/www.youtube.com\/watch?v=DO1KmKxJ0Qo\" target=\"_blank\" rel=\"noopener noreferrer\">Vig\u00fcela<\/a>,\u00a0<a href=\"https:\/\/www.youtube.com\/watch?v=kHnHKQL6CIk\" target=\"_blank\" rel=\"noopener noreferrer\">Janusz Prusinowski Kompania<\/a>\u00a0and\u00a0<a href=\"https:\/\/www.youtube.com\/watch?v=ZjesyX68ZvQ\" target=\"_blank\" rel=\"noopener noreferrer\">Rodopi Ensemble<\/a>, Alkis Zopoglou&#8217;s group.\u00a0This year we premiered\u00a0<a href=\"https:\/\/www.mapamundimusica.com\/en\/mujereson\/\" target=\"_blank\" rel=\"noopener noreferrer\">mujereson<\/a>\u00a0at the Fira Mediterr\u00e0nia in Manresa and a show of\u00a0<a href=\"https:\/\/www.youtube.com\/watch?v=-Lsw1SzJplc\" target=\"_blank\" rel=\"noopener noreferrer\">sacred art in the popular sphere<\/a>, with Vig\u00fcela, at the Festival Internacional de Arte Sacro de la Comunidad de Madrid.<\/p>\n<p>Those are achievements that give meaning to so much effort. But now it is time to give the floor to other people.\u00a0I reiterate my thanks to Daryana. Her answers are very strong.<\/p>\n<p>One last thing from me: during the time I was writing this, I spoke with Nasco Hristov on the Whatsapp. He and his brother are still working on music. They live in their birthland, Smolien, Bulgaria, and they are doing well. They are two incredible musicians. It was wonderful to hear Nasco&#8217;s voice\u00a0after so many years. He told me something they used to tell me when they were here: that I can count on them whenever I want. It seems like it hasn&#8217;t been 15 years.\u00a0\ud83d\ude00<\/p>\n<p style=\"text-align: center;\"><span style=\"font-size: 14pt;\"><strong>Remember: if you have any news of interest for our community, let me know. Thank you very much for your attention.<\/strong><\/span><\/p>\n<p style=\"text-align: center;\">Araceli Tzigane | Mapamundi M\u00fasica\u00a0|<strong>\u00a0+34 676\u00a030 28 82\u00a0<\/strong><\/p>\n<hr \/>\n<h1><strong><span style=\"color: #daa520;\">AND NOW THE FLOOR IS FOR:\u00a0<\/span><\/strong><span style=\"color: #000000; font-family: open sans, helvetica neue, helvetica, arial, sans-serif;\"><img decoding=\"async\" class=\"alignright\" src=\"https:\/\/mcusercontent.com\/993c677d53044839b1b39b2dc\/images\/8ed96b91-041e-d728-6cde-7c4c0fd35e8c.jpg\" width=\"250\" align=\"left\" data-file-id=\"5732871\" \/><\/span><strong><span style=\"color: #daa520;\">DARYANA ANTIPOVA<\/span><\/strong><\/h1>\n<div>\n<p><span style=\"color: #000000; font-family: open sans, helvetica neue, helvetica, arial, sans-serif;\"><strong>It is not easy to define Daryana in the context of a particular organisation or initiative because she has several lines of activity. She is a regular in the global world music community. She is the initiator of the Russian World Music Chart, but she is also a musician, she is also a panellist of the Transglobal World Music Chart, she has her background in media&#8230; so I will just mention her by name and let her explain her professional framework.\u00a0Like many other Russian cultural figures who have been able to leave, she is now out of the country and exposed to great uncertainty.\u00a0I find her statements courageous and I am very grateful to her.<\/strong><\/span><\/p>\n<p><span style=\"font-family: 'open sans', 'helvetica neue', helvetica, arial, sans-serif; font-size: 11pt;\"><strong>Mapamundi M\u00fasica: Your activities in music are both as an artist and as a disseminator. What was first?<\/strong><\/span><\/p>\n<\/div>\n<div><span style=\"font-size: 11pt;\"><span style=\"font-family: 'open sans', 'helvetica neue', helvetica, arial, sans-serif;\"><strong>Daryana Antipova:\u00a0<\/strong>At first I was invited to sign in\u00a0<a href=\"https:\/\/vedankolod.bandcamp.com\/\" target=\"_blank\" rel=\"noopener noreferrer\">Vedan Kolod<\/a> back in 2005. I planned to help with the first album, max the first promo and then to go study abroad, but the British Embassy didn&#8217;t approve my application and I became more and more involved in folk music. It wasn&#8217;t my plan to be involved in music showbusiness, especially folk music. Now it&#8217;s been almost 18 years since I have been into folk music daily and nightly.<\/span><\/span><\/div>\n<div><span style=\"color: #ffffff;\">.<\/span><\/div>\n<div><span style=\"font-size: 11pt;\"><strong><span style=\"font-family: open sans, helvetica neue, helvetica, arial, sans-serif;\">MM: And why did you start on music? Does it come from your family?<\/span><\/strong><\/span><\/div>\n<div><span style=\"font-size: 11pt;\"><span style=\"font-family: 'open sans', 'helvetica neue', helvetica, arial, sans-serif;\"><strong>DA:\u00a0<\/strong>My grandparents from both sides are great singers and keepers of old musical traditions. We started singing with my sister Tatiana when we were 3 and 1 years old. Just to make our grandparents happy while meeting all together. Before Tatiana met her future husband Valerii Naryshkin who was making ancient instruments from around the globe, we were mostly singing and accompanied by piano. Sounded very&#8230; &#8220;Icelandic&#8221;.<\/span><\/span><\/div>\n<div><span style=\"color: #ffffff;\">.<\/span><\/div>\n<div><span style=\"font-size: 11pt;\"><strong><span style=\"font-family: open sans, helvetica neue, helvetica, arial, sans-serif;\">MM:\u00a0<\/span><\/strong><span style=\"font-family: open sans, helvetica neue, helvetica, arial, sans-serif;\"><strong>What have you done related to music journalism?<\/strong><\/span><\/span><\/div>\n<div><span style=\"font-size: 11pt;\"><span style=\"font-family: 'open sans', 'helvetica neue', helvetica, arial, sans-serif;\"><strong>DA:<\/strong>\u00a0Since very early years we participated as part of different traditional folk ensembles in many festivals and when I was 14 we met the first tuvan throat singer of our age at one of the festivals and I was so excited that I took a pen and made the first interview for the newspaper. Since that festival I realized that there is music journalism as well. So I wrote quite a lot for our &#8220;teenage&#8221; input to the biggest Siberia newspaper (it was more than 1 million copies every week) about local folk music, then when I moved to Moscow I became a freelance journalist. First to the small cultural magazine and some folk radio with my own podcast then to The Moscow News newspaper where I later worked as a production manager and writer in 2013. It was shut down by our government in the beginning of 2014 as a liberal and opposition media. So after 2014 I became a freelance journalist again with the podcast Scythian Horn and rare articles for foreign media. The last few years I tried to review almost all Russian new releases and to make my own statistics and talked a lot to Russian folk music lovers about groups I saw at Womex or received as part of TWMC.<\/span><\/span><\/div>\n<div><span style=\"color: #ffffff;\">.<\/span><\/div>\n<div><span style=\"font-size: 11pt;\"><strong><span style=\"font-family: open sans, helvetica neue, helvetica, arial, sans-serif;\">MM: You are the initiator of the Russian World Music Chart (RWMC). Could you state the objectives you had when you started it?<\/span><\/strong><\/span><\/div>\n<div><span style=\"font-size: 11pt;\"><span style=\"font-family: 'open sans', 'helvetica neue', helvetica, arial, sans-serif;\"><strong>DA:<\/strong> I wanted to share with the world how interesting and diverse folk music from Russia is. To build a bridge between our musicians especially from far away republics and global media. <\/span><\/span><\/div>\n<div><span style=\"color: #ffffff;\">.<\/span><\/div>\n<div><span style=\"font-size: 11pt;\"><strong><span style=\"font-family: open sans, helvetica neue, helvetica, arial, sans-serif;\">MM: So far, which have been the main achievements of the RWMC?<\/span><\/strong><\/span><\/div>\n<div><span style=\"font-size: 11pt;\"><span style=\"font-family: 'open sans', 'helvetica neue', helvetica, arial, sans-serif;\"><strong>DA:<\/strong> We just started at the end of 2021. Received our first results in December 2021. January 2022 was a great month when I talked quite a lot for foreign media about our top-10, goals, albums, we had a lot of reviews from journalists, I was happy I could highlight some unique names and projects like, you know, Antonovka records, Tatiana Molchanova, etc. February 2022 has changed everything.<\/span><\/span><\/div>\n<div><span style=\"color: #ffffff;\">.<\/span><\/div>\n<div><span style=\"font-size: 11pt;\"><strong><span style=\"font-family: open sans, helvetica neue, helvetica, arial, sans-serif;\">MM:\u00a0In the current situation, we all know many reactions from the world of culture towards Russian artists. What do you think about the boycott?<\/span><\/strong><\/span><\/div>\n<div><span style=\"font-size: 11pt;\"><span style=\"font-family: 'open sans', 'helvetica neue', helvetica, arial, sans-serif;\"><strong>DA:\u00a0<\/strong>From personal feelings I understand why it happened. From practical point of view I would say it is super naive, all this things like &#8220;bands performing abroad will be paying taxes in Russia and support this way the army&#8221;, &#8220;to ban all Russian artists but will bring some bands that don&#8217;t look very Russian or were have paid a lot before the war, but to write their republic name instead of &#8220;Russia&#8221; like maybe our audience thinks it is some unknown small country somewhere in Asia&#8221;. I have followed 99 % of folk musicians from Russia on social networks for years and I would say that some artists who happily performed abroad this year and they &#8220;do not&#8221; look or sound very Russian &#8211; they support Putin and perform to raise money for the army. And those who are fully banned are part of local opposition who feel like they stuck on the plane taken by terrorists. Also all these bans help Russian propaganda to show that Europe is their enemy because it hates Russian citizens just because of the passport. I personally am not sure what to do with RWMC next year. I have already checked artists&#8217; media pages and if I see they support the war against Ukraine I decline their applications so it is not already all about music and culture.<\/span><\/span><\/div>\n<div><span style=\"color: #ffffff;\">.<\/span><\/div>\n<div style=\"text-align: center;\"><span style=\"font-size: 14pt; color: #008080;\"><strong><em><span style=\"font-family: open sans, helvetica neue, helvetica, arial, sans-serif;\">&#8220;I personally am not sure what to do with RWMC next year. I have already checked artists&#8217; media pages and if I see they support the war against Ukraine I decline their applications so it is not already all about music and culture.&#8221;<\/span><\/em><\/strong><\/span><\/div>\n<div><span style=\"color: #ffffff;\">.<\/span><\/div>\n<div><span style=\"font-size: 11pt;\"><span style=\"font-family: open sans, helvetica neue, helvetica, arial, sans-serif;\"><strong>MM: And when we talked about doing this interview you mentioned that you wanted to talk about the Russian artists leaving Russia. You are now out of the country and settled in Serbia (I have to tell you that I find it heartbreaking that you have had to leave your country, your family, your home&#8230;), where I think there are many other cultural workers from Russia nowadays. What do you want to explain about this? What are your plans now that you are in Serbia?<\/strong><\/span><\/span><\/div>\n<p><span style=\"font-size: 11pt;\"><span style=\"font-family: 'open sans', 'helvetica neue', helvetica, arial, sans-serif;\"><strong>DA:<\/strong> Yes, there are quite a lot of cultural intelligences who left Russia and now live where they are allowed to stay longer than 1 month. We have a plan for Serbia but not sure if it is workable, this is all so expensive and we simply do not have so much money especially after the pandemic, my pregnancy and now war year. Most of the folk musicians can&#8217;t leave Russia even for a few months, they are poor and not even information technologists.<\/span><\/span><\/p>\n<p><span style=\"font-size: 11pt;\">About relocators &#8211; I see how 1 or 2 leading musicians leave Russia (some literally run so as not to get into the prison after February protests). Sometimes it is the only folk group in a small republic that keeps traditions alive. Now it is gone. Maybe forever. The thing is that both musicians who left Russia and who stayed are broken. Mentally. Yes, we didn&#8217;t run under mortar fire with our kids naked in the middle of the winter night, but we are afraid to talk. Our lives have failed &#8211; it&#8217;s a complete failure. We have worked all our lives to break down stereotypes about our beloved country. As one Russian musician said recently, &#8220;<em>we wanted the world not to be afraid of us, not to consider us as aggressive cretins<\/em>.&#8221; We liked to communicate with people of other cultures. Our government just broke us and destroyed our lives as well. We are afraid for our relatives and how our words can affect them.<\/span><\/p>\n<div><span style=\"color: #ffffff;\">.<\/span><\/div>\n<div style=\"text-align: center;\"><span style=\"font-size: 14pt; color: #008080;\"><strong><span style=\"font-family: open sans, helvetica neue, helvetica, arial, sans-serif;\"><em>&#8220;Our lives have failed &#8211; it&#8217;s a complete failure. We have worked all our lives to break down stereotypes about our beloved country.&#8221;<\/em><\/span><\/strong><\/span><\/div>\n<div><span style=\"color: #ffffff;\">.<\/span><\/div>\n<p><span style=\"font-family: 'open sans', 'helvetica neue', helvetica, arial, sans-serif; font-size: 11pt;\">I was raised with the story of my great grandfather who was killed in a repression of Stalin. He had business before the revolution. One day, when he was fixing shoes for a neighbor, he said that before the revolution and regime change, he had money to feed his family, because people had money to repair shoes and make new ones. And now he had almost no orders. The next day, he was taken away from home and shot because a neighbor reported that he was dissatisfied with the new government. In October I was pushed to talk to some girls from the city we lived in, and one asked me about my musical career these days, because &#8220;we remember how you traveled to different conferences like every month&#8221;. I said: there are no foreign conferences for me anymore. They asked: so you are now very dissatisfied with the Russian political system now?\u00a0<\/span><\/p>\n<p style=\"text-align: center;\"><span style=\"font-size: 14pt;\"><strong>THANK YOU, DARYANA!\u00a0<\/strong>\ud83d\ude4f<\/span><\/p>\n<p><span style=\"font-family: 'open sans', 'helvetica neue', helvetica, arial, sans-serif; font-size: 12pt;\">Daryana&#8217;s portrait credit&#8217;s is\u00a0Rai Sunny.<\/span><\/p>\n<p><span style=\"font-size: 12pt;\"><span style=\"font-family: 'open sans', 'helvetica neue', helvetica, arial, sans-serif;\">You can get in touch with Daryana through\u00a0<a href=\"https:\/\/www.instagram.com\/mountainladyonthehill\/\" target=\"_blank\" rel=\"noopener noreferrer\">her Instagram<\/a>.\u00a0<\/span><\/span><\/p>\n<p>&nbsp;<\/p>\n<div>\n<hr \/>\n<\/div>\n<h1><strong><span style=\"color: #daa520;\">AFTER NAPOLI WORLD<\/span><\/strong><\/h1>\n<div>\n<p><span style=\"color: #000000; font-family: open sans, helvetica neue, helvetica, arial, sans-serif;\"><img loading=\"lazy\" decoding=\"async\" class=\"\" src=\"https:\/\/mcusercontent.com\/993c677d53044839b1b39b2dc\/images\/aef34e53-6e63-d7b7-3b6d-51e3d2d1374d.jpg\" width=\"297\" height=\"297\" align=\"right\" data-file-id=\"5733019\" \/><\/span><span style=\"font-family: 'open sans', 'helvetica neue', helvetica, arial, sans-serif;\">In the previous edition I talked with Davide Mastropaolo about\u00a0<\/span><span style=\"font-family: 'open sans', 'helvetica neue', helvetica, arial, sans-serif;\"><a href=\"https:\/\/www.musiconnect-italy.com\/\" target=\"_blank\" rel=\"noopener noreferrer\">Italian World Beat<\/a>\u00a0and about Napoli World, the second showcase and conference organiced by them, after the edition in Pistoia in 2021.<\/span><\/p>\n<p>From Wednesday 7th to Saturday 10th we attended 19 showcases (the complete program is <a href=\"https:\/\/www.musiconnect-italy.com\/programma-2022\/\" target=\"_blank\" rel=\"noopener noreferrer\">here<\/a>) and two panels. I enjoyed specially the showcase by\u00a0<a href=\"https:\/\/www.instagram.com\/alessioarenamusica\/\" target=\"_blank\" rel=\"noopener noreferrer\">Alessio Arena<\/a>,\u00a0who performed in a trio, with a Portuguese guitar player and a cellist, and him singing and playing the guitar. And in a totally different style, Ars Nova Napoli.<\/p>\n<p>Another of the highlights was\u00a0<a href=\"https:\/\/www.instagram.com\/p\/Cl4RpXmLNRl\/?igshid=MDJmNzVkMjY%3D&amp;fbclid=IwAR1PxxXXIHHQS07Pl88nI9fylUFQgtqXghJnDsh1Dun31AGCmPv4BWqv6WI\" target=\"_blank\" rel=\"noopener noreferrer\">this kind of spontaneous performance at the door of the theatre<\/a>. Indeed they were some of the musicians that would play that night and it was a very nice and unexpected moment of popular music and dance in the street.<\/p>\n<p>One of them was by\u00a0<a href=\"https:\/\/www.facebook.com\/gigi.d.luca\" target=\"_blank\" rel=\"noopener noreferrer\">Gigi di Luca<\/a>, director of the festival\u00a0<a href=\"https:\/\/www.festivalethnos.it\/\" target=\"_blank\" rel=\"noopener noreferrer\">Ethnos<\/a>, who gave a very meaningful lecture about the vision of the festival, which goes far beyond generating entertainment or aesthetic enjoyment. He explained some situations in which the festival has responded to complicated events that have taken place in and around the Naples community. He explained for example the two occasions when Miriam Makeba performed at the festival, in a decision specifically against racism and the camorra, and that the second time, she ended the concert early because she felt unwell and shortly afterwards died in Castel Volturno, a town 30 minutes from Naples. Gigi explained how 10 years later, at the tribute concert to Nelson Mandela and Miriam Makeba, a dove was present the whole time on stage, suggesting that the soul of the South African artist was accompanying them on this occasion.<\/p>\n<p>The whole programme took place as planned by the production team and I hope it will give them a lot back.\u00a0If nothing unforeseen happens, the next year, Napoli World will take place again.<\/p>\n<p>In addition to the concert programme, the city is undoubtedly also picturesque and the planning allowed for a few moments of sightseeing. I invite you to take a look at my four photo collections:\u00a0<a href=\"https:\/\/www.facebook.com\/aracelitzigane\/posts\/pfbid0FJdKn78R34Jdv5d9dJFyznWL8fScjZAhDMmsGUMmBdxYDwTWZN2Bw39DC3CRG7vdl\" target=\"_blank\" rel=\"noopener noreferrer\">first<\/a>,\u00a0<a href=\"https:\/\/www.facebook.com\/aracelitzigane\/posts\/pfbid0GnaL3c73fTNLKyXk6wwg9yrVJf3WmQoMHyGz2BAU71NdywNDQvPwMCTcziekXbn9l\" target=\"_blank\" rel=\"noopener noreferrer\">second<\/a>,\u00a0<a href=\"https:\/\/www.facebook.com\/media\/set\/?set=a.10229129089269537&amp;type=3\" target=\"_blank\" rel=\"noopener noreferrer\">third<\/a>,\u00a0<a href=\"https:\/\/www.facebook.com\/aracelitzigane\/posts\/pfbid02XvqpXURY28FAFEFuxpHBZ47HLuFYBiz5VSNrrx3tE7Xy1Evxc2JM7vmFvyRnVrKNl\" target=\"_blank\" rel=\"noopener noreferrer\">forth<\/a>.<\/p>\n<p>And here we are, almost all the international delegates (some left earlier that day) with Fabio Scopino and Davide Mastropaolo, the main forces behind Italian World Beat:<\/p>\n<\/div>\n<div><img loading=\"lazy\" decoding=\"async\" class=\"aligncenter\" src=\"https:\/\/mcusercontent.com\/993c677d53044839b1b39b2dc\/images\/d6268214-e942-b9b4-705e-05554f2c83d6.jpg\" width=\"731\" height=\"633\" data-file-id=\"5733015\" \/><\/div>\n<div><strong><span style=\"color: #000000; font-family: open sans, helvetica neue, helvetica, arial, sans-serif;\">I would like to close by just congratulating them.<\/span><\/strong><\/div>\n<hr \/>\n<h1><strong><span style=\"color: #daa520;\">BRIEF NEWS FROM THE MEDIA, CHARTS AND SISTER PROJECTS\u00a0<\/span><\/strong><\/h1>\n<ul>\n<li><span style=\"font-family: 'open sans', 'helvetica neue', helvetica, arial, sans-serif; font-size: 11pt;\">#1\u00a0for\u00a0<a href=\"https:\/\/www.transglobalwmc.com\/charts\/december-2022-chart\/\" target=\"_blank\" rel=\"noopener noreferrer\">Transglobal World Music Chart in December 2022<\/a> is: Souad Massi&#8217;s <em>Sequana <\/em>(Backingtrack Production)<\/span><\/li>\n<\/ul>\n<div>\n<hr \/>\n<ul>\n<li><span style=\"font-family: 'open sans', 'helvetica neue', helvetica, arial, sans-serif; font-size: 11pt;\"><a href=\"https:\/\/www.transglobalwmc.com\/\" target=\"_blank\" rel=\"noopener noreferrer\">Transglobal World Music Hall<\/a>\u00a0has announced the inductees for 2022:\u00a0<\/span><\/li>\n<\/ul>\n<p><span style=\"font-family: 'open sans', 'helvetica neue', helvetica, arial, sans-serif; font-size: 11pt;\">ARTISTS<br \/>\nThe Artists category honors solo and ensemble living artists who have achieved lifelong artistic and technical quality or historical significance in the field of world music.<\/span><\/p>\n<ul>\n<li><span style=\"font-family: 'open sans', 'helvetica neue', helvetica, arial, sans-serif; font-size: 11pt;\">Salif Keita<\/span><\/li>\n<li><span style=\"font-family: 'open sans', 'helvetica neue', helvetica, arial, sans-serif; font-size: 11pt;\">Debashish Bhattacharya<\/span><\/li>\n<li><span style=\"font-family: 'open sans', 'helvetica neue', helvetica, arial, sans-serif; font-size: 11pt;\">Dany\u00e8l Waro<\/span><\/li>\n<li><span style=\"font-family: 'open sans', 'helvetica neue', helvetica, arial, sans-serif; font-size: 11pt;\">Oumou Sangare<\/span><\/li>\n<li><span style=\"font-family: 'open sans', 'helvetica neue', helvetica, arial, sans-serif; font-size: 11pt;\">Milton\u00a0Nascimento<\/span><\/li>\n<\/ul>\n<p><span style=\"font-family: 'open sans', 'helvetica neue', helvetica, arial, sans-serif; font-size: 11pt;\">INDUSTRY AND MEDIA EXCELLENCE<br \/>\nIndustry and Media Excellence celebrates influential music industry and media individuals and organizations who have provided increased visibility and recognition to world music and its multiple subgenres.<\/span><\/p>\n<ul>\n<li><span style=\"font-family: 'open sans', 'helvetica neue', helvetica, arial, sans-serif; font-size: 11pt;\">Afghanistan National Institute of Music (ANIM) (&amp; director Dr. Ahmad Sarmast)<\/span><\/li>\n<li><span style=\"font-family: 'open sans', 'helvetica neue', helvetica, arial, sans-serif; font-size: 11pt;\">Ian Anderson<\/span><\/li>\n<li><span style=\"font-family: 'open sans', 'helvetica neue', helvetica, arial, sans-serif; font-size: 11pt;\">Ben Mandelson<\/span><\/li>\n<\/ul>\n<p><span style=\"font-family: 'open sans', 'helvetica neue', helvetica, arial, sans-serif; font-size: 11pt;\">IN MEMORIAM<br \/>\nIn Memoriam includes posthumous inductions that honor historically inventive and influential artists or industry professionals who passed away in previous years or decades.<\/span><\/p>\n<ul>\n<li><span style=\"font-family: 'open sans', 'helvetica neue', helvetica, arial, sans-serif; font-size: 11pt;\">Paco de Luc\u00eda<\/span><\/li>\n<li><span style=\"font-family: 'open sans', 'helvetica neue', helvetica, arial, sans-serif; font-size: 11pt;\">Djivan Gasparyan<\/span><\/li>\n<li><span style=\"font-family: 'open sans', 'helvetica neue', helvetica, arial, sans-serif; font-size: 11pt;\">Mariem Hassan<\/span><\/li>\n<li><span style=\"font-family: 'open sans', 'helvetica neue', helvetica, arial, sans-serif; font-size: 11pt;\">Fela Kuti<\/span><\/li>\n<li><span style=\"font-family: 'open sans', 'helvetica neue', helvetica, arial, sans-serif; font-size: 11pt;\">Miriam Makeba<\/span><\/li>\n<\/ul>\n<p><span style=\"color: #000000; font-family: 'open sans', 'helvetica neue', helvetica, arial, sans-serif; font-size: 11pt;\"><img loading=\"lazy\" decoding=\"async\" class=\"aligncenter\" src=\"https:\/\/mcusercontent.com\/993c677d53044839b1b39b2dc\/images\/08deb60f-bbce-e5ee-e12b-39f6e5c7b3c6.jpg\" width=\"705\" height=\"683\" align=\"center\" data-file-id=\"5733039\" \/><\/span><\/p>\n<p>All the credits of the pictures are <a href=\"https:\/\/www.transglobalwmc.com\/2022s-inductees-into-the-transglobal-world-music-hall-of-fame\/\" target=\"_blank\" rel=\"noopener noreferrer\" data-cke-saved-href=\"https:\/\/www.transglobalwmc.com\/2022s-inductees-into-the-transglobal-world-music-hall-of-fame\/\">on the website<\/a>.<\/p>\n<hr \/>\n<\/div>\n<ul>\n<li><span style=\"color: #000000; font-family: 'open sans', 'helvetica neue', helvetica, arial, sans-serif; font-size: 11pt;\"><a href=\"https:\/\/mundofonias.com\/wp\/?p=6330\" target=\"_blank\" rel=\"noopener noreferrer\">Mundofon\u00edas<\/a><\/span><span style=\"font-family: 'open sans', 'helvetica neue', helvetica, arial, sans-serif; font-size: 11pt;\">: our three favourites are\u00a0Foli Gri\u00f4 Orquestra&#8217;s\u00a0<\/span><span style=\"font-family: 'open sans', 'helvetica neue', helvetica, arial, sans-serif; font-size: 11pt;\"><a href=\"https:\/\/www.youtube.com\/watch?v=jHsiyQh9tfA\" target=\"_blank\" rel=\"noopener noreferrer\"><em>Ajo<\/em><\/a>, Ceferina Banquez&#8217;s\u00a0<a href=\"https:\/\/www.youtube.com\/watch?v=d-4D-jME_qA&amp;list=PLYnVd01BgtT5tLgLVHM_w9Pso-2MfVxbr\" target=\"_blank\" rel=\"noopener noreferrer\"><em>Que le baile yo<\/em><\/a>\u00a0and Electric Vocuhila&#8217;s\u00a0<em><a href=\"https:\/\/www.youtube.com\/watch?v=jeXcaJkiIuE&amp;list=OLAK5uy_n8hfHgujUQWWVZZuEPkyFU16cizmPGOuw\" target=\"_blank\" rel=\"noopener noreferrer\">Kiteky<\/a>.<\/em><\/span><\/li>\n<\/ul>\n<div><span style=\"font-size: 11pt;\"><img decoding=\"async\" class=\"aligncenter\" src=\"https:\/\/mcusercontent.com\/993c677d53044839b1b39b2dc\/images\/984d2fbd-3d44-7bf0-02fc-b19dbef26c6d.jpg\" width=\"560\" align=\"center\" data-file-id=\"5733023\" \/><\/span><\/div>\n<div>\n<hr \/>\n<ul>\n<li><span style=\"color: #000000; font-family: 'open sans', 'helvetica neue', helvetica, arial, sans-serif; font-size: 11pt;\"><img loading=\"lazy\" decoding=\"async\" class=\"alignright\" src=\"https:\/\/mcusercontent.com\/993c677d53044839b1b39b2dc\/images\/acd3aa86-10d7-7e68-772c-b098c2328d86.jpg\" width=\"250\" height=\"250\" align=\"right\" data-file-id=\"5733031\" \/><\/span><span style=\"font-family: 'open sans', 'helvetica neue', helvetica, arial, sans-serif; font-size: 11pt;\">The\u00a0<\/span><span style=\"font-family: 'open sans', 'helvetica neue', helvetica, arial, sans-serif; font-size: 11pt;\"><a href=\"https:\/\/www.wmce.de\/\" target=\"_blank\" rel=\"noopener noreferrer\">World Music Charts Europe<\/a>\u00a0(WMCE) has released their chart of the year 2022, with 854 nominated releases. You can check the list of the first 200\u00a0<a href=\"https:\/\/www.wmce.de\/the-year-2022.html\" target=\"_blank\" rel=\"noopener noreferrer\">here<\/a>.\u00a0<em>Throisma<\/em>, by Antonis Antoniou, released by Ajabu!, is on the #1.\u00a0Thank you for the great work, Milan Tesa\u0159 as coordinator of WMCE and all the panelists of WMCE!<\/span><\/li>\n<\/ul>\n<div>\n<p style=\"text-align: center;\"><span style=\"font-family: 'open sans', 'helvetica neue', helvetica, arial, sans-serif; font-size: 12pt;\"><strong>Congratulations, Antonis Antoniou and Pether Lindgren from Ajabu!<\/strong><\/span><\/p>\n<hr \/>\n<ul>\n<li><span style=\"font-family: 'open sans', 'helvetica neue', helvetica, arial, sans-serif; font-size: 11pt;\">The\u00a0results of the\u00a0<a href=\"https:\/\/www.facebook.com\/russianworldmusicchart\/posts\/pfbid02frwir5UwQCqo5jHTKCv63fudwtnuwuPs3aGPUMTTdjbDsdCT6RfoMmUCWHSqWjwtl\" target=\"_blank\" rel=\"noopener noreferrer\">Russian World Music Chart<\/a>, lead, as aforementioned, by Daryana Antipova, for\u00a02022 are:<br \/>\n1. New Asia \u2014 Chorchok \u2014 CPL-music \/ Dobranoch \u2014 Zay Frelekh! \u2014 CPL-music<br \/>\n2. V. A. \u2014 Folk and Great Tunes from Siberia and Far East \u2014 CPL-music<br \/>\n3. Art project VILY \u2014 Krapiva \u2014 Zion Music<br \/>\n4. Yggdrasil &amp; Vera Kondratieva \u2014 Timint areh \u2014 Tutl records<br \/>\n5. ZOR \u2014 Buu Ai \u2014 Baikal music label<br \/>\n6. Unknown Composer \u2014 Aurora Borealis \u2014 Navigator Records<br \/>\n7. Oduchu \u2014 Road to Home \u2014 Self-released<br \/>\n8. hod\u00edla \u00edzba \u2014 Rites \u2014 Self-released<br \/>\n9. Damir Guagov &amp; Asker Sapiev \u2014 Adyge Oredyzhkher: Adyg \/ Circassian Music \u2014 Antonovka records<br \/>\n10. Choduraa Tumat \u2014 Byzaanchy \u2014 Pan records<\/span><\/li>\n<\/ul>\n<hr \/>\n<\/div>\n<\/div>\n<p>&nbsp;<\/p>\n<h1><strong><span style=\"color: #daa520;\">OPEN CALLS AND PROFESSIONAL EVENTS<\/span><\/strong><\/h1>\n<p><strong><span style=\"font-family: 'open sans', 'helvetica neue', helvetica, arial, sans-serif;\">If you have anything to share in this section in a future edition, let me know.<\/span><\/strong><\/p>\n<div>\n<ul>\n<li><strong><img loading=\"lazy\" decoding=\"async\" class=\"alignright\" src=\"https:\/\/mcusercontent.com\/993c677d53044839b1b39b2dc\/images\/0625e157-d3d4-054c-4eea-23bf43740e3e.jpg\" width=\"250\" height=\"250\" data-file-id=\"5733035\" \/><span style=\"font-size: 11pt;\">Fira Mediterr\u00e0nia de Manresa,\u00a0open call for showcases.<\/span><\/strong><span style=\"font-size: 10pt;\">\u00a0<span style=\"color: #993300;\">NEW IN THE NEWSLETTER.<\/span>\u00a0It will take place from 5 to 8 of October in Manresa, Catalonia. The call for artistic proposals is open\u00a0<a href=\"https:\/\/firamediterrania.cat\/professionals\/convocatoria-artistica\" target=\"_blank\" rel=\"noopener noreferrer\">here<\/a>\u00a0until 19th of January at 24h. The participation rules are available\u00a0<a href=\"https:\/\/firamediterrania.cat\/en\/professionals\/participation-rules\" target=\"_blank\" rel=\"noopener noreferrer\">here<\/a>.\u00a0If you are thinking of submitting a proposal, it is very important that you read this page because it gives a very good orientation of what the Fira&#8217;s areas of interest are. Also, bear in mind that they do not only programme music, but also performing arts and popular culture and associationism proposals.\u00a0The Fira will be 26 years old in 2023 and has a well-developed vision and objectives, so it is important to understand this to assess whether your proposal can fit in.<\/span><\/li>\n<\/ul>\n<hr \/>\n<ul>\n<li><span style=\"font-size: 11pt;\"><strong>Babel Music XP has open the registration of stands and the accreditations.\u00a0<\/strong><span style=\"color: #800000;\">N<\/span><span style=\"color: #993300;\">EW IN THE NEWSLETTER<\/span>.\u00a0 The long-awaited fair in Marseille\u00a0is finally approaching.\u00a0&#8220;<em>From the 23 \u2013 25 March 2023,\u00a0BABEL MUSIC XP will make Marseille\u00a0the economic and cultural epicentre of the music industry.\u00a0With its professional trade fair at the Friche La Belle de Mai\u00a0and world music festival open to the general public at the Dock des Suds, BABEL MUSIC XP is firmly at the heart of the Mediterranean hub\u00a0on the world music map<\/em>.&#8221;\u00a0\u00a0For now and until February 01st, the small stand (3m2) costs 500\u20ac and includes 2 accreditations, 1 table, 2 chairs, light and electricity, wifi, trashcan. The standard unit (6m2) costs 670. The price will be increased on February 2nd. The accreditation for a person costs 129 euros and I don&#8217;t see any deadline or date for an increase of cost. Check the official information\u00a0<a href=\"https:\/\/babelmusicxp.com\/en\/\" target=\"_blank\" rel=\"noopener noreferrer\">on their website<\/a>.<\/span><\/li>\n<\/ul>\n<hr \/>\n<ul>\n<li><span style=\"font-size: 11pt;\"><strong>For artists settled\u00a0in the USA.\u00a0<\/strong>\u00a0<strong>\u00a0Applications are open for the 2022-23 cycle of the Performing Arts Discovery (PAD) Showcase program\u00a0<\/strong>\u2014 an international virtual showcase opportunity for U.S.-based performing artists who are ready to tour internationally.\u00a0&#8220;<em>Applications are open to music, dance, and theater artists\/ensembles with a demonstrated capacity to tour internationally. 25 artists\/ensembles will be selected for this year\u2019s cohort by a diverse panel of peers from across the country<\/em>&#8220;Applications will close on January 6, 2023 at 11:59pm PT. Learn more and apply,\u00a0<a href=\"https:\/\/www.westarts.org\/pad\" target=\"_blank\" rel=\"noopener noreferrer\">here<\/a>.<\/span><\/li>\n<\/ul>\n<hr \/>\n<ul>\n<li><span style=\"font-size: 11pt;\"><strong><a href=\"https:\/\/www.malzhaus.de\/folkherbst\/was-ist-der-folkherbst\" target=\"_blank\" rel=\"noopener noreferrer\"><img loading=\"lazy\" decoding=\"async\" class=\"alignright\" src=\"https:\/\/mcusercontent.com\/993c677d53044839b1b39b2dc\/images\/fb777717-4a99-9e77-bf11-28964b7aeb4f.png\" width=\"200\" height=\"48\" align=\"right\" data-file-id=\"5627287\" \/><\/a>\u00bbFolkHerbst\u00ab (Folk Music Autumn),\u00a0open call.\u00a0<\/strong>FolkHerbst &#8220;<em>is a series of folk music events that culminate in handing out the\u00a0only European Folk Music Award of Germany, the \u00bbEiserner Eversteiner (the Iron Eversteiner)\u00ab. The promoter Malzhaus e.V. bestows this award upon folk musicians living in Europe as he\/she has for\u00a0the past 30 years. He\/she will do it again next year at the 31th FolkHerbst. We anticipate the best, most\u00a0accomplished and inspired musicians competing for this prestigious award<\/em>.&#8221;\u00a0&#8220;<em>Musician\/ artist must be a European resident.\u00a0The performance\/ music must be derivative of or influenced by folk music. This includes both the\u00a0broadest interpretation and most specific, as a traditional folk music<\/em>&#8220;. It is open until 01th March\u00a02023. I have received the complete information with the procedure and conditions from\u00a0Christian Dressel (kultur(at)malzhaus.de) and I don&#8217;t see them on the website so I suggest you to ask him. Their website is\u00a0<a href=\"https:\/\/www.malzhaus.de\/folkherbst\/was-ist-der-folkherbst\" target=\"_blank\" rel=\"noopener noreferrer\">this<\/a>.<\/span><\/li>\n<\/ul>\n<\/div>\n<hr \/>\n<h1><span style=\"font-size: 24pt;\"><strong><span style=\"color: #daa520;\">MEET ME AT<\/span><\/strong><\/span><\/h1>\n<p><span style=\"font-size: 11pt;\">Will we meet? Drop me a line!<\/span><\/p>\n<ul>\n<li><span style=\"font-size: 11pt;\">Brussels, 17th January. For a board meeting of the European Folk Network, the day before I will be in Brussels and I am making plans and open to professional meetings of interest.<\/span><\/li>\n<li><span style=\"font-size: 11pt;\">And in March 2023,\u00a0<a href=\"https:\/\/babelmusicxp.com\/\" target=\"_blank\" rel=\"noopener noreferrer\">Babel Music XP<\/a>, of which I have talked several times in previous editions.<\/span><\/li>\n<\/ul>\n<hr \/>\n<h1><strong>WHO WE ARE AND SISTER PROJECTS<\/strong><strong>\u00a0<\/strong><\/h1>\n<p>Mapamundi M\u00fasica is an agency of management and booking.\u00a0<a href=\"http:\/\/www.mapamundimusica.com\/en\/\" target=\"_blank\" rel=\"noopener noreferrer\">Learn more here<\/a>. Check our proposals at\u00a0<a href=\"http:\/\/www.mapamundimusica.com\/\" target=\"_blank\" rel=\"noopener noreferrer\">our website<\/a>.<\/p>\n<p>We also offer you our\u00a0<a href=\"http:\/\/www.mundofonias.com\/\" target=\"_blank\" rel=\"noopener noreferrer\">Mundofon\u00edas<\/a>\u00a0radio show, probably the leader about world music in Spanish language (on 50 stations in 18 countries). We produce\u00a0the\u00a0<a href=\"http:\/\/www.transglobalwmc.com\/\" target=\"_blank\" rel=\"noopener noreferrer\">Transglobal World Music Chart<\/a>\u00a0with our partner \u00c1ngel Romero from WorldMusicCentral.com.<\/p>\n<p>Feel free to request info if you wish. For further information about us,\u00a0<strong>get in touch by email, telephone (+34 676 30 28 82),\u00a0<a href=\"http:\/\/www.mapamundimusica.com\/en\/contacto\/\" target=\"_blank\" rel=\"noopener noreferrer\">our website<\/a>\u00a0or at\u00a0<a href=\"https:\/\/www.facebook.com\/mapamundimusica\/\" target=\"_blank\" rel=\"noopener noreferrer\">our Facebook<\/a>.\u00a0<\/strong><\/p>\n<p>&nbsp;<\/p>","protected":false},"excerpt":{"rendered":"<p>Summary\u00a0\ud83d\udc47\u00a0 Editorial Interview with\u00a0Daryana Antipova, from Russian World Music Chart After Napoli World Brief news from the media, charts and sister projects Open calls and more news from professional events \ud83d\udcbc Meet me at \u2708\ufe0f If you like this content, send it to a friend from here \u27a1\ufe0f This is the link for subscription\u00a0 Hello, [&hellip;]<\/p>\n","protected":false},"author":1,"featured_media":0,"comment_status":"closed","ping_status":"open","sticky":false,"template":"","format":"standard","meta":{"footnotes":""},"categories":[19],"tags":[],"class_list":["post-3198","post","type-post","status-publish","format-standard","hentry","category-newsletter"],"_links":{"self":[{"href":"https:\/\/www.mapamundimusica.com\/en\/wp-json\/wp\/v2\/posts\/3198","targetHints":{"allow":["GET"]}}],"collection":[{"href":"https:\/\/www.mapamundimusica.com\/en\/wp-json\/wp\/v2\/posts"}],"about":[{"href":"https:\/\/www.mapamundimusica.com\/en\/wp-json\/wp\/v2\/types\/post"}],"author":[{"embeddable":true,"href":"https:\/\/www.mapamundimusica.com\/en\/wp-json\/wp\/v2\/users\/1"}],"replies":[{"embeddable":true,"href":"https:\/\/www.mapamundimusica.com\/en\/wp-json\/wp\/v2\/comments?post=3198"}],"version-history":[{"count":14,"href":"https:\/\/www.mapamundimusica.com\/en\/wp-json\/wp\/v2\/posts\/3198\/revisions"}],"predecessor-version":[{"id":3212,"href":"https:\/\/www.mapamundimusica.com\/en\/wp-json\/wp\/v2\/posts\/3198\/revisions\/3212"}],"wp:attachment":[{"href":"https:\/\/www.mapamundimusica.com\/en\/wp-json\/wp\/v2\/media?parent=3198"}],"wp:term":[{"taxonomy":"category","embeddable":true,"href":"https:\/\/www.mapamundimusica.com\/en\/wp-json\/wp\/v2\/categories?post=3198"},{"taxonomy":"post_tag","embeddable":true,"href":"https:\/\/www.mapamundimusica.com\/en\/wp-json\/wp\/v2\/tags?post=3198"}],"curies":[{"name":"wp","href":"https:\/\/api.w.org\/{rel}","templated":true}]}}