{"id":3018,"date":"2022-04-12T15:06:41","date_gmt":"2022-04-12T13:06:41","guid":{"rendered":"http:\/\/www.mapamundimusica.com\/?p=3018"},"modified":"2022-04-12T15:24:20","modified_gmt":"2022-04-12T13:24:20","slug":"april-22-talk-with-sonja-heimann-about-world-music-forum-nl-calls-more-46","status":"publish","type":"post","link":"https:\/\/www.mapamundimusica.com\/en\/newsletter\/april-22-talk-with-sonja-heimann-about-world-music-forum-nl-calls-more-46\/","title":{"rendered":"April 22. Talk with Sonja Heimann about World Music Forum NL, calls &#038; more + #46"},"content":{"rendered":"<p><\/p>\n<table style=\"border-collapse: collapse; width: 100%;\">\n<tbody>\n<tr>\n<td style=\"width: 100%;\">\n<h2><span style=\"font-family: open sans, helvetica neue, helvetica, arial, sans-serif;\"><strong>Summary\u00a0\ud83d\udc47<\/strong><\/span><span style=\"color: #ffffff; font-family: open sans, helvetica neue, helvetica, arial, sans-serif;\">\u00a0<\/span><\/h2>\n<ul>\n<li>Flash news: European Folk Network&#8217;s newsletter, 2nd edition<\/li>\n<li>Brief news from the media, charts and sister projects<\/li>\n<li>Talk with\u00a0Sonja Heimann, from World Music Forum NL<\/li>\n<li>Open Calls and Professional Events\u00a0\ud83d\udcbc<\/li>\n<li>Meet me at\u00a0\u2708\ufe0f<\/li>\n<\/ul>\n<\/td>\n<\/tr>\n<\/tbody>\n<\/table>\n<p><strong>H<\/strong><strong>ow are you?\u00a0<\/strong>I hope for the best. In Spain today half the people are on Easter holidays. Hotel occupancy is expected to be close to pre-pandemic figures and in some cities close to 100% capacity. The Easter processions are a real spectacle, with people crowding the streets completely. If you get in the middle of one of the most popular processions in Madrid, you will have to stay until the procession is over because you can&#8217;t get in or out, there is no room for a single pin. This year there are finally no restrictions, so this custom will take place again, after two years in which it has not been possible. On 20 April the obligation to wear a mask indoors will be lifted. The feeling is almost normal now, although at present you don&#8217;t know what is going to come next. The news from Ukraine is still horrifying and I think we still don&#8217;t fully know how this is going to affect us in other countries. To make matters worse, our Prime Minister has contributed to further destabilisation by supporting Morocco&#8217;s proposal on Western Sahara, in a move that no one expected, not even in his own cabinet.<\/p>\n<p>Where do we go from here? I do not know. But on this road, let&#8217;s try to build. I hope you find the contents of this edition interesting and, as always, feel free to send me ideas for future editions.<\/p>\n<p style=\"letter-spacing: 0.5px; background-color: #fcfcfc; text-align: center;\"><strong>As always, if you have any news of interest for our community, let me know. Thank you very much for your attention.<\/strong><\/p>\n<p style=\"text-align: center;\">Araceli Tzigane | Mapamundi M\u00fasica<\/p>\n<div><\/div>\n<hr \/>\n<p>&nbsp;<\/p>\n<div>\n<table style=\"width: 100%;\" border=\"0\" cellspacing=\"0\" cellpadding=\"0\" align=\"left\">\n<tbody>\n<tr>\n<td class=\"mcnShareIconContent\" style=\"width: 5.75601%;\" align=\"center\" valign=\"middle\" width=\"24\"><a href=\"http:\/\/us13.forward-to-friend.com\/forward?u=993c677d53044839b1b39b2dc&amp;id=9214375349&amp;e=[UNIQID]\" target=\"_blank\" rel=\"noopener noreferrer\"><img loading=\"lazy\" decoding=\"async\" class=\"\" src=\"https:\/\/cdn-images.mailchimp.com\/icons\/social-block-v2\/outline-dark-forwardtofriend-48.png\" alt=\"Forward to a friend right from here\" width=\"41\" height=\"41\" \/><\/a><\/td>\n<td class=\"mcnShareTextContent\" style=\"width: 94.0722%;\" align=\"left\" valign=\"middle\"><a href=\"http:\/\/us13.forward-to-friend.com\/forward?u=993c677d53044839b1b39b2dc&amp;id=9214375349&amp;e=[UNIQID]\" target=\"\" rel=\"noopener noreferrer\">Forward to a friend right from here<\/a><\/td>\n<\/tr>\n<\/tbody>\n<\/table>\n<\/div>\n<div><\/div>\n<div><\/div>\n<div><\/div>\n<div>\n<table style=\"width: 100%;\" border=\"0\" cellspacing=\"0\" cellpadding=\"0\" align=\"left\">\n<tbody>\n<tr>\n<td class=\"mcnShareIconContent\" style=\"width: 5.75601%;\" align=\"center\" valign=\"middle\" width=\"24\"><a href=\"http:\/\/www.facebook.com\/sharer\/sharer.php?u=http%3A%2F%2Feepurl.com%2FhZkUNL\" target=\"_blank\" rel=\"noopener noreferrer\"><img loading=\"lazy\" decoding=\"async\" class=\"\" src=\"https:\/\/cdn-images.mailchimp.com\/icons\/social-block-v2\/outline-dark-facebook-48.png\" alt=\"Share to FB right from here\" width=\"46\" height=\"46\" \/><\/a><\/td>\n<td class=\"mcnShareTextContent\" style=\"width: 94.0722%;\" align=\"left\" valign=\"middle\"><a href=\"http:\/\/www.facebook.com\/sharer\/sharer.php?u=http%3A%2F%2Feepurl.com%2FhZkUNL\" target=\"\" rel=\"noopener noreferrer\">Share to FB right from here<\/a><\/td>\n<\/tr>\n<\/tbody>\n<\/table>\n<\/div>\n<div><\/div>\n<div><\/div>\n<div>\n<p>&nbsp;<\/p>\n<hr \/>\n<\/div>\n<p><img loading=\"lazy\" decoding=\"async\" class=\"alignright\" style=\"color: #000000; font-family: 'open sans', 'helvetica neue', helvetica, arial, sans-serif;\" src=\"https:\/\/mcusercontent.com\/993c677d53044839b1b39b2dc\/images\/e97c09f7-22cd-a871-ae2f-05c120c877fb.jpeg\" width=\"200\" height=\"195\" align=\"right\" data-file-id=\"5567526\" \/><\/p>\n<h2><strong>FLASH NEWS:\u00a0EUROPEAN FOLK NETWORK&#8217;S APRIL NEWSLETTER INCLUDES A BIO OF\u00a0\u0160ABAN BAJRAMOVI\u0106 FROM ME\u00a0<\/strong><\/h2>\n<div>\n<p><span style=\"font-family: 'open sans', 'helvetica neue', helvetica, arial, sans-serif;\">You can find a bio of him in many other places but this is a great excuse to recommend you to subscribe to the European Folk Network newsletter if you have not already done so. In the second edition there is even more content and I have had the pleasure of writing a short profile of \u0160aban Bajramovi\u0107, a Serbian Roma artist who has been a milestone in the music of his region and continues to inspire artists from far away and who is a pleasure to listen to.<\/span><\/p>\n<p>Check the 2nd edition\u00a0<a href=\"https:\/\/www.europeanfolknetwork.com\/post\/efn-april-s-newsletter-2-enjoy-discover-share\" target=\"_blank\" rel=\"noopener noreferrer\">here<\/a>. And sign up,\u00a0<a href=\"https:\/\/www.europeanfolknetwork.com\/sign-up-to-the-monthly-newsletter\" target=\"_blank\" rel=\"noopener noreferrer\">here<\/a>. The newsletter is also open to contributions from non-members.<\/p>\n<\/div>\n<hr \/>\n<h2 style=\"letter-spacing: 0.5px; background-color: #fcfcfc;\"><strong>BRIEF NEWS FROM THE MEDIA, CHARTS AND SISTER PROJECTS\u00a0<\/strong><\/h2>\n<ul style=\"letter-spacing: 0.5px; background-color: #fcfcfc;\">\n<li><span style=\"font-family: 'open sans', 'helvetica neue', helvetica, arial, sans-serif;\">#1 for\u00a0<a href=\"http:\/\/www.transglobalwmc.com\/charts\/april-2022-chart\/\" target=\"_blank\" rel=\"noopener noreferrer\">Transglobal World Music Chart in April\u00a02022<\/a>\u00a0is: Bonga&#8217;s album\u00a0<em>Kintal da Banda<\/em>\u00a0(Lusafrica).<\/span><\/li>\n<li><span style=\"font-family: 'open sans', 'helvetica neue', helvetica, arial, sans-serif;\"><a href=\"http:\/\/mundofonias.com\/wp\/?p=5703\" target=\"_blank\" rel=\"noopener noreferrer\">Mundofon\u00edas<\/a>: our monthly favourites for April are\u00a0the albums:\u00a0Isabelle Courroy&#8217;s<em>\u00a0Confluence#2: Le chant des sources,\u00a0<\/em>Black Flower&#8217;s\u00a0<em>Magma\u00a0<\/em>and Gonora Sounds&#8217;\u00a0<em>Hard times never kill<\/em><\/span><\/li>\n<\/ul>\n<div style=\"letter-spacing: 0.5px; background-color: #fcfcfc;\"><span style=\"color: #000000; font-family: open sans, helvetica neue, helvetica, arial, sans-serif;\"><em><img loading=\"lazy\" decoding=\"async\" class=\"aligncenter\" src=\"https:\/\/mcusercontent.com\/993c677d53044839b1b39b2dc\/images\/cb5e5bb2-e404-14d9-d7fd-5bcf2e1be904.png\" width=\"741\" height=\"246\" data-file-id=\"5567514\" \/><\/em><\/span><\/div>\n<p>&nbsp;<\/p>\n<hr \/>\n<p>&nbsp;<\/p>\n<h2><span style=\"font-family: open sans, helvetica neue, helvetica, arial, sans-serif;\"><strong>AND NOW THE FLOOR IS FOR:<\/strong><\/span><br \/>\n<span style=\"font-family: open sans, helvetica neue, helvetica, arial, sans-serif;\"><strong>SONJA HEIMANN, FROM WORLD MUSIC FORUM NETHERLANDS<\/strong><\/span><\/h2>\n<div>\n<p><strong><span style=\"font-family: open sans, helvetica neue, helvetica, arial, sans-serif;\">I<img loading=\"lazy\" decoding=\"async\" class=\"alignright\" src=\"https:\/\/mcusercontent.com\/993c677d53044839b1b39b2dc\/images\/8fefb29c-c193-fa36-0c50-3cb997dd11ff.jpg\" width=\"250\" height=\"394\" align=\"right\" data-file-id=\"5566798\" \/> met Sonja Heimann at WOMEX 2015, in Budapest. The World Music Forum Netherlands was planning a very ambitious project, the European World Music Monitor.<\/span><\/strong><\/p>\n<p><span style=\"font-family: open sans, helvetica neue, helvetica, arial, sans-serif;\">I found it very useful and I liked that people who had such a useful initiative, so it was a pleasure to participate, passing a survey to several contacts in my country, to collect concrete, quantitative data on how many people are involved in one way or another in working with world music.<\/span><\/p>\n<p><span style=\"font-family: open sans, helvetica neue, helvetica, arial, sans-serif;\">I don&#8217;t think they found as much enthusiasm from all the people they asked to collaborate and the project was not concluded but I am sure it was very useful to sharpen the focus of their further efforts.<\/span><\/p>\n<p>The European World Music Monitor project would be really interesting and useful if it can be taken up again in the future, by them or by some other organisation. To some extent, more recently the European Folk Network is developing a similar project,\u00a0<a href=\"https:\/\/www.europeanfolknetwork.com\/mapping%C2%A0\" target=\"_blank\" rel=\"noopener noreferrer\">Mapping<\/a>, oriented to folk music, which to some extent includes a good part of the musical manifestations that are considered world music. In any case, there is still a lot of work to be done and it is really very complex, as the reality of the different European countries is very different and the concepts are not understood in the same way in all cases.<\/p>\n<p>But well, I&#8217;m going off on a tangent!\u00a0Since then, contact with Sonja, and also with other people in her team, has been regular at fairs and other events.<\/p>\n<p><span style=\"font-family: open sans, helvetica neue, helvetica, arial, sans-serif;\">As Sonja herself explains below, next autumn they will celebrate the 15th anniversary of this organisation and will face new challenges. I hope they will achieve everything they set out to do. In the meantime, let&#8217;s find out more from Sonja herself.<\/span><\/p>\n<\/div>\n<div style=\"text-align: center;\"><span style=\"font-family: open sans, helvetica neue, helvetica, arial, sans-serif;\">Thank you, Sonja!<\/span><\/div>\n<div>\n<hr \/>\n<\/div>\n<div>\n<p><strong>Mapamundi M\u00fasica:\u00a0<\/strong><strong>Why was the WMFNL born? What were your objectives?<\/strong><\/p>\n<p><strong><a href=\"https:\/\/www.worldmusicforum.nl\/wp-content\/uploads\/2016\/06\/logo-lowres.png\" target=\"_blank\" rel=\"noopener noreferrer\"><img loading=\"lazy\" decoding=\"async\" class=\"alignright\" src=\"https:\/\/mcusercontent.com\/993c677d53044839b1b39b2dc\/images\/2d69c5ae-603b-73bd-c196-c1f04a238374.png\" width=\"150\" height=\"151\" align=\"right\" data-file-id=\"5566878\" \/><\/a>Sonja Heimann:\u00a0<\/strong>World Music Forum NL was actually born in the summer of 2006 as a grass-roots \u2013 non governmental organisation because there was no actual organisation in the area of \u2018world music\u2019 in the Netherlands. Everyone was working on its own without any kind network or collaboration. A strong need was felt to join forces and strengthen the sector making world music visible amongst other genres like pop, classical, jazz, and contemporary music. Moreover there was an urge for acknowledgement, sence of pride and advocacy. At the time we formulated concrete goals:<br \/>\n1) regular network meetings to connect and stimulate collaboration;<br \/>\n2) research to present facts and figures proving the relevance and value of our sector;<br \/>\n3) conferences and expert meetings to advance development on key topics like music-archives, marketing \u2013 strategic scenario thinking, music-education, broadening the scope of stages;<br \/>\n4) collective national and \u00a0international promotion at Womex;<br \/>\n5) online platform;<br \/>\n6) Dutch World Music Award;<br \/>\n7) media outlets: Beyond Magazine \u2013 resulting in current online\u00a0<a href=\"https:\/\/www.mixedworldmusic.com\/\" target=\"_blank\" rel=\"noopener noreferrer\">Mixedworldmusic.com<\/a>;<br \/>\n8) recognition by Dutch policymakers and a paragraph on world music in the Dutch cultural policyplan (\u2018Cultuurplan\u2019);<br \/>\n9) promotional samplers;<br \/>\n10) a Dutch world directory to connect stakeholders in the Dutch world scene.<\/p>\n<p><strong>MM:<\/strong><strong>\u00a0What resources did you have when you started?\u00a0<\/strong><\/p>\n<p><strong>SH:\u00a0<\/strong>At the very beginning we had no financial- but lots of human resources at our disposal with strong believes in our mission &amp; goals. First of all we initiated a tight and enthusiastic team representing the eco-system of the Dutch worldscene in its broadest sense. Thus World Music Forum NL was founded by a polyphonic bunch of musicians, promotors, journalists, festival- and venue programmers (until today our Advisery Board consists of an identical mix). This grassroots approach enabled us to work on the basis of solidarity and goodwill.<\/p>\n<p>The Tropentheater in Amsterdam was so kind to host our World Blend Caf\u00e9s during the first five years. \u2018World Blend Caf\u00e9\u2019 is like a mini-Womex. An informal network meeting consisting of a buffet, panel-discussion, several pitches, showcase and live dj-session in one. Over the years we have hosted over 100 WBCafe sessions, many new matches and initiatives were born here.<\/p>\n<\/div>\n<h4 style=\"text-align: center;\"><strong>\ud83d\udc49 The next World Blend Caf\u00e9 is announced for June 24th, in Rotterdam. More information,\u00a0<a href=\"https:\/\/www.worldmusicforum.nl\/event\/world-blend-cafe-5\/\" target=\"_blank\" rel=\"noopener noreferrer\">here<\/a>.<\/strong><\/h4>\n<div>\n<p><strong>MM:<\/strong><strong>\u00a0What is the legal form of the organisation?\u00a0<\/strong><strong>SH:\u00a0<\/strong>WMF NL is a foundation. Up to now membership was free for all. To stimulate accessibility anyone interested could visit our network meetings without any charge. However for the near future we will ask more commitment from our field with payed membership.<\/p>\n<p><strong>MM:<\/strong><strong>\u00a0There are quite a few of you, but according to what you say on the website, most of the activities are carried out by volunteers. Even so, you have some expenses, such as the website, the presence in fairs, the logistic costs of the World Blend Cafe, don&#8217;t you? How do you cover your financial needs? You have some support, such as Buma Cultuur and Fonds Podium Kunsten. Do you also have contributions from your members or do you offer any product or service as well, from which you get any return?\u00a0<\/strong><\/p>\n<p><strong><a href=\"https:\/\/www.worldmusicforum.nl\/dutch-world-directory-flipbook\/\" target=\"_blank\" rel=\"noopener noreferrer\"><img loading=\"lazy\" decoding=\"async\" class=\"alignright\" src=\"https:\/\/mcusercontent.com\/993c677d53044839b1b39b2dc\/images\/6dc8f11a-a69a-8d09-17f3-34f805e916b5.png\" width=\"200\" height=\"279\" data-file-id=\"5566818\" \/><\/a>SH:\u00a0<\/strong>Gradually over the years we have managed to get acknowledgement and support from two Dutch rights organisations: Buma Cultuur and Sena Performers.<\/p>\n<p>Concerning international activities like Womex we receive additional funding by the Dutch government through its Dutch Performing Arts Fund and local Dutch Embassy\u2019s as well.<\/p>\n<p>Up to now we have tried to keep the network accessible for all without any costs. Organisations and individual musicians only contributed for some limited services, such as a personal page in our Dutch World Directory. However since we are dealing with receding funding we need to safeguard continuity and support by the stakeholders. Therefore we need to introduce a paid membership system in the coming year.<\/p>\n<p><strong>MM:<\/strong><strong>\u00a0Can you explain a bit more about &#8220;Kweekvijver&#8221;? \u00a0<\/strong><\/p>\n<p><strong>SH:\u00a0<\/strong>This word actually means \u2018breeding ground\u2019 or \u2018spawning pool\u2019. Creating opportunities for new initiatives belongs to our main objectives, especially in the informal setting of our World Blend Caf\u00e9s. Not only by staging young bands but also by offering a platform for \u20183-minute pitches\u2019 from people who look for collaboration and connection. At an average of four \/five sessions a year these network meetings are hosted in relevant venues spread around the main cities like Amsterdam, Utrecht and Rotterdam to connect as many members as possible.<\/p>\n<p><strong>MM:<\/strong><strong>\u00a0You have several Spotlight artists on the website, but the latest edition is 2019-2020. Are you going to do it again? If so, how do you decide who these artists are?<\/strong><\/p>\n<p><strong>SH:\u00a0<\/strong>Indeed our spotlight artists represent the tip of the iceberg of new exciting initiatives and talent with international appeal. And yes we will continue to present new Spotlights. Unfortunately due to Covid-19 we had to skip the last two years. A jury consisting of experienced programmers will present their new list of hand-picked spotlight artists around WOMEX 2022.<\/p>\n<\/div>\n<table style=\"border-collapse: collapse; width: 100%;\">\n<tbody>\n<tr>\n<td style=\"width: 100%; text-align: center;\">\n<h5>Mehmet Polat &amp; Embracing Colours, Dr. Jordan Institute and\u00a0Magda Mendes\u00a0are the latest artists who have been selected for the\u00a0<a href=\"https:\/\/www.worldmusicforum.nl\/spotlight-artists-2019-2020\/\" target=\"_blank\" rel=\"noopener noreferrer\">Spotlight<\/a>. In the video below,\u00a0Mehmet Polat &amp; Embracing Colours play\u00a0<em>Dancing Statues<\/em>:<\/h5>\n<p><iframe loading=\"lazy\" title=\"YouTube video player\" src=\"https:\/\/www.youtube.com\/embed\/YIZYN4RgJD0\" width=\"600\" height=\"406\" frameborder=\"0\" allowfullscreen=\"allowfullscreen\"><span data-mce-type=\"bookmark\" style=\"display: inline-block; width: 0px; overflow: hidden; line-height: 0;\" class=\"mce_SELRES_start\">\ufeff<\/span><\/iframe><\/td>\n<\/tr>\n<\/tbody>\n<\/table>\n<p><strong>MM:<\/strong><strong>\u00a0What are you working on now and in the medium term?<\/strong><\/p>\n<p><strong>SH:\u00a0<\/strong>Currently we are looking for ways to get our scene back on its feet while trying to recover from the pandemic. Especially in difficult times it is essential to meet colleagues, exchange insights and possibilities for collaborations. At medium term both media attention and audience reach are very high on our agenda.<br \/>\nOther urgent issues: musical education, talent development, music archives, involving younger generations, internationalisation, sustainability, signalling current trends and developments like hybridisation.<br \/>\nAutumn 2022 we celebrate our 15th anniversary with a conference and several showcases. Some of the above-mentioned issues will be addressed as well.<br \/>\nVital future point of attention is the search for extra financing to ensure the continuity of our World Music Forum NL. Largely depending on goodwill and limited contributions we shall need a more solid ground.<\/p>\n<h5 style=\"text-align: center;\"><strong>This is the crowdy stand of the WMFNL in a pre-pandemic WOMEX:<\/strong><\/h5>\n<div><img loading=\"lazy\" decoding=\"async\" class=\"aligncenter\" src=\"https:\/\/mcusercontent.com\/993c677d53044839b1b39b2dc\/images\/42044f67-216a-e604-54e8-eab4b3c24a23.jpg\" width=\"780\" height=\"521\" align=\"center\" data-file-id=\"5567506\" \/><\/div>\n<div>\n<p><strong>MM: What would you highlight as the main achievements of WMF NL during the years you&#8217;ve been working?<\/strong><\/p>\n<p><strong>SH:\u00a0<\/strong>We have been able to map out a network of around 3000 contacts of organisations and individuals involved in the Dutch world music scene, probably just the tip of another iceberg.<br \/>\nFirstly we are proud of having the acknowledgement by our governmental institutions being a solid grassroots platform for the worldmusic scene in the Netherlands. We have reached most of our goals with very limited financial means, however now it is time to make our platform future-proof.<br \/>\nSecond highlight is the on-going success of our World Blend Caf\u00e9s. Since 2006 when social media put human relationships upside down, these blend-meetings functioned as an alternative face-to-face book. Therefore we are proud to discover how this way of warm instead of cold networking inspires many other initiatives, has been adapted both at home and abroad. We take this as a compliment.<\/p>\n<p><strong>MM:\u00a0Do you want to explain anything else? \u00a0<\/strong><\/p>\n<p><strong>SH:\u00a0<\/strong>Yes! First of all, I would like to refer to your introduction \u2013 and the paused European World Music Monitor project. Perhaps it was too ambitious at the time. But let\u2019s see if the near future the European world music scene will bring an opportunity to join forces to quantify collective facts and figures. Indeed it would be great if we this idea could be integrated by EFN\u2019s mapping, and would really be a helpful tool to profile our sector on a bigger scale.<\/p>\n<p>Secondly, one of the most interesting and unique qualities of Dutch World Music is its geographic and cultural history which shaped its musical identity. Imagine: the river Rhine is to the Netherlands what the Mississippi is to New Orleans. In these \u2018nether\u2019\/\u2018low\u2019lands- actually the delta of Western Europe- multiple streams of cultural influences have both come down the river and in from the sea. From all over of Europe but since the 17th century from its maritime and colonial links with Africa, Asia and the Americas. During the last 100 years political and economic changes led to lots of new influxes of migrants. This added hybrid legacy now multicolours our contempory music world, echoing a dynamic music ecosystem called Dutch Delta Sounds. Think of Altin G\u00fcn, Amsterdam Klezmer Band, Arifa, Boi Akih, Cabocuba Jazz, Jungle by Night, Karsu and many more to come. Check our Spotlight artists\u00a0<a href=\"https:\/\/www.worldmusicforum.nl\/spotlight-artists\/\" target=\"_blank\" rel=\"noopener noreferrer\">overhere<\/a>\u00a0and \u2026 stay tuned!<\/p>\n<\/div>\n<h5 style=\"text-align: center;\"><strong>In this picture below, Sonja Heimann is with Stan Rijven, who is also a key member of the WMFNL:<\/strong><\/h5>\n<div><strong><img loading=\"lazy\" decoding=\"async\" class=\"aligncenter\" src=\"https:\/\/mcusercontent.com\/993c677d53044839b1b39b2dc\/images\/eb82bb2b-9c87-629a-b8dc-b0b63cb38162.jpg\" width=\"789\" height=\"592\" align=\"center\" data-file-id=\"5566794\" \/><\/strong><\/div>\n<div>\n<p><strong>Credits:<\/strong><\/p>\n<ul>\n<li>Logo and cover of the dutch world directory 2020, from\u00a0<a href=\"https:\/\/www.worldmusicforum.nl\/dutch-world-directory-flipbook\/\" target=\"_blank\" rel=\"noopener noreferrer\">the website.\u00a0<\/a><\/li>\n<li>Pictures of Sonja\u00a0by Arkady Mitnik.<\/li>\n<li>Picture of the stand in WOMEX, by\u00a0Eric van Nieuwland.<\/li>\n<\/ul>\n<\/div>\n<hr \/>\n<table style=\"border-collapse: collapse; width: 100%;\">\n<tbody>\n<tr>\n<td style=\"width: 100%; text-align: center;\">\n<h5><strong>Do you have a call of interest for our community that you want to share? Let me know asap<\/strong><\/h5>\n<\/td>\n<\/tr>\n<\/tbody>\n<\/table>\n<h2><strong>OPEN CALLS AND PROFESSIONAL EVENTS<\/strong><\/h2>\n<p><strong><span style=\"font-family: 'open sans', 'helvetica neue', helvetica, arial, sans-serif;\">If you have anything to share in this section in a future edition, let me know.\u00a0<\/span><\/strong><\/p>\n<ul>\n<li><img loading=\"lazy\" decoding=\"async\" class=\"alignright\" src=\"https:\/\/mcusercontent.com\/993c677d53044839b1b39b2dc\/images\/214916bb-0f26-aa62-acbb-d96c04febe71.png\" width=\"230\" height=\"85\" data-file-id=\"5539674\" \/><span style=\"font-size: 11pt;\"><strong>Visa for Music, call for proposals open.\u00a0<\/strong>This festival and professional market will take place in Rabat from 16th to 19th of November. Application form,\u00a0<a href=\"https:\/\/www.visaformusic.com\/en\/accueil-2\/\" target=\"_blank\" rel=\"noopener noreferrer\">here<\/a>.\u00a0&#8220;The festival\u2019s stage features emerging artists from the African and Middle Eastern music scene and renowned artists for the enjoyment of our passionate audiences.&#8221; &#8220;This call is addressed to artists\/groups, of all musical styles, valuing the music of Morocco, Africa, the Middle East and the World.&#8221; Application\u00a0open until April 30th.<\/span><\/li>\n<\/ul>\n<div>\n<hr \/>\n<ul>\n<li><span style=\"font-size: 11pt;\"><strong>MusicAire (An Innovative Recovery for Europe).\u00a0&#8211; FOR THE EUROPEAN UNION AND COUNTRIES INCLUDED IN CREATIVE EUROPE<\/strong>\u00a0&#8211;\u00a0 The deadline has been\u00a0<span style=\"color: #ff0000;\">postponed to\u00a025th April<\/span>. Learn more\u00a0<a href=\"https:\/\/musicaire.eu\/\" target=\"_blank\" rel=\"noopener noreferrer\">here<\/a>.<\/span><\/li>\n<\/ul>\n<hr \/>\n<ul>\n<li><span style=\"font-size: 11pt;\"><span style=\"color: #000000; font-family: open sans, helvetica neue, helvetica, arial, sans-serif;\"><strong><a href=\"https:\/\/www.accioncultural.es\/en\/pice-grants\"><img loading=\"lazy\" decoding=\"async\" class=\"alignright\" src=\"https:\/\/mcusercontent.com\/993c677d53044839b1b39b2dc\/images\/231d129e-6e85-1f37-f220-47399da5e7e3.png\" width=\"110\" height=\"77\" align=\"right\" data-file-id=\"5336537\" \/><\/a><\/strong><\/span><span style=\"font-family: 'open sans', 'helvetica neue', helvetica, arial, sans-serif;\"><strong>Mobility grants to book Spanish artists, by Acci\u00f3n Cultural Espa\u00f1ola.\u00a0<\/strong><\/span>The dates and conditions for this grants have been dramatically enhanced. The official information is\u00a0<a href=\"https:\/\/www.accioncultural.es\/en\/pice-grants\" target=\"_blank\" rel=\"noopener noreferrer\">here<\/a>.<\/span><\/li>\n<\/ul>\n<\/div>\n<p><span style=\"font-size: 11pt;\">\ud83d\udc49 Check the Spanish artists I offer from Mapamundi M\u00fasica,\u00a0<a href=\"https:\/\/mailchi.mp\/d5d52987daaa\/2019mayo-5965221?e=170b7c99a3\" target=\"_blank\" rel=\"noopener noreferrer\">here<\/a>. They are\u00a0<a href=\"http:\/\/www.viguela.com\/en\/pro\/\" target=\"_blank\" rel=\"noopener noreferrer\">Vig\u00fcela<\/a>,\u00a0<a href=\"http:\/\/www.mapamundimusica.com\/en\/entavia\/\" target=\"_blank\" rel=\"noopener noreferrer\">Entav\u00eda<\/a>,\u00a0<a href=\"http:\/\/www.mapamundimusica.com\/en\/jako\/\" target=\"_blank\" rel=\"noopener noreferrer\">Jako el Muzikante<\/a>,\u00a0<a href=\"http:\/\/www.mapamundimusica.com\/en\/xabi\/\" target=\"_blank\" rel=\"noopener noreferrer\">Xabi Aburruzaga<\/a>\u00a0and\u00a0<a href=\"https:\/\/www.youtube.com\/watch?v=oORsaUmgk0M\" target=\"_blank\" rel=\"noopener noreferrer\">Citra Tr\u00edo<\/a>.<\/span><\/p>\n<hr \/>\n<div>\n<ul>\n<li><span style=\"font-size: 11pt;\"><strong>Andrea Parodi Prize competition.\u00a0<\/strong>The subscription (for free) for the 15th edition of the contest is open until May 31st,\u00a0<a href=\"http:\/\/www.premioandreaparodi.it\/?\/festival\" target=\"_blank\" rel=\"noopener noreferrer\">here<\/a>.<\/span><\/li>\n<\/ul>\n<div>\n<hr \/>\n<\/div>\n<ul>\n<li><span style=\"font-size: 11pt;\"><span style=\"font-family: 'open sans', 'helvetica neue', helvetica, arial, sans-serif;\"><strong>Folk Alliance International annual conference. Hybrid event.\u00a018th-22nd\u00a0May.\u00a0<\/strong><\/span>More info,\u00a0<a href=\"https:\/\/folk.org\/programs\/conference\/\" target=\"_blank\" rel=\"noopener noreferrer\">here<\/a>. Registration is open, both for the in person and for the only online categories,\u00a0<a href=\"https:\/\/folk.org\/programs\/conference\/register\/\" target=\"_blank\" rel=\"noopener noreferrer\">here<\/a>. My Vig\u00fcela are part of the official selection and they will participate with a new online showcase.<\/span><\/li>\n<\/ul>\n<\/div>\n<hr \/>\n<h2><strong>MEET ME AT<\/strong><\/h2>\n<p><a href=\"https:\/\/mmfestival.org\/\"><img loading=\"lazy\" decoding=\"async\" class=\"alignright\" src=\"https:\/\/mcusercontent.com\/993c677d53044839b1b39b2dc\/images\/3237b2e1-97d3-14f8-fc1a-ae63eb28300e.jpg\" width=\"180\" height=\"180\" align=\"right\" data-file-id=\"5567690\" \/><\/a>My travel plans are still fairly quiet but I will have the pleasure of returning to\u00a0<em>Zurich\u00a0<\/em>for the\u00a0<strong>Mediterranean Music Festival<\/strong>, run by the fabulous Alkis Zopoglou, on 15 May, where I will be with Vig\u00fcela and also dancing jota, fandango and seguidilla with folk dance teacher Miguel \u00c1ngel Montesinos, director of the Caldo de P\u00e9soles school. If you are interested in the traditional dances of Spain, he has an impressive online school, but for now, only in Spanish.<\/p>\n<p>I will be visiting\u00a0<strong>Brussels\u00a0<\/strong>in June, but I will announce it later.<\/p>\n<p>And if nothing prevents it, of course,\u00a0<strong>WOMEX<\/strong>, which goes without saying. If you haven&#8217;t seen it, I invite you to watch\u00a0<a href=\"https:\/\/youtu.be\/fTJoZauA5fI?t=32\" target=\"_blank\" rel=\"noopener noreferrer\">the video of the Ukrainian Hudaki Village Band&#8217;s showcase<\/a>\u00a0there last year and read the band&#8217;s message in the video description.<\/p>\n<div><\/div>\n<div><\/div>\n<p><\/p>","protected":false},"excerpt":{"rendered":"<p>Summary\u00a0\ud83d\udc47\u00a0 Flash news: European Folk Network&#8217;s newsletter, 2nd edition Brief news from the media, charts and sister projects Talk with\u00a0Sonja Heimann, from World Music Forum NL Open Calls and Professional Events\u00a0\ud83d\udcbc Meet me at\u00a0\u2708\ufe0f How are you?\u00a0I hope for the best. In Spain today half the people are on Easter holidays. Hotel occupancy is expected [&hellip;]<\/p>\n","protected":false},"author":1,"featured_media":0,"comment_status":"closed","ping_status":"open","sticky":false,"template":"","format":"standard","meta":{"footnotes":""},"categories":[19],"tags":[],"class_list":["post-3018","post","type-post","status-publish","format-standard","hentry","category-newsletter"],"_links":{"self":[{"href":"https:\/\/www.mapamundimusica.com\/en\/wp-json\/wp\/v2\/posts\/3018","targetHints":{"allow":["GET"]}}],"collection":[{"href":"https:\/\/www.mapamundimusica.com\/en\/wp-json\/wp\/v2\/posts"}],"about":[{"href":"https:\/\/www.mapamundimusica.com\/en\/wp-json\/wp\/v2\/types\/post"}],"author":[{"embeddable":true,"href":"https:\/\/www.mapamundimusica.com\/en\/wp-json\/wp\/v2\/users\/1"}],"replies":[{"embeddable":true,"href":"https:\/\/www.mapamundimusica.com\/en\/wp-json\/wp\/v2\/comments?post=3018"}],"version-history":[{"count":4,"href":"https:\/\/www.mapamundimusica.com\/en\/wp-json\/wp\/v2\/posts\/3018\/revisions"}],"predecessor-version":[{"id":3022,"href":"https:\/\/www.mapamundimusica.com\/en\/wp-json\/wp\/v2\/posts\/3018\/revisions\/3022"}],"wp:attachment":[{"href":"https:\/\/www.mapamundimusica.com\/en\/wp-json\/wp\/v2\/media?parent=3018"}],"wp:term":[{"taxonomy":"category","embeddable":true,"href":"https:\/\/www.mapamundimusica.com\/en\/wp-json\/wp\/v2\/categories?post=3018"},{"taxonomy":"post_tag","embeddable":true,"href":"https:\/\/www.mapamundimusica.com\/en\/wp-json\/wp\/v2\/tags?post=3018"}],"curies":[{"name":"wp","href":"https:\/\/api.w.org\/{rel}","templated":true}]}}