{"id":2919,"date":"2021-10-26T20:02:16","date_gmt":"2021-10-26T18:02:16","guid":{"rendered":"http:\/\/www.mapamundimusica.com\/?p=2919"},"modified":"2021-10-26T20:20:52","modified_gmt":"2021-10-26T18:20:52","slug":"oct21-talk-with-ivana-maras-estam-festival-new-open-and-important-calls-post-todo-mundo-40","status":"publish","type":"post","link":"https:\/\/www.mapamundimusica.com\/en\/newsletter\/oct21-talk-with-ivana-maras-estam-festival-new-open-and-important-calls-post-todo-mundo-40\/","title":{"rendered":"Oct\u201921. talk with Ivana Mara\u0161 (ESTAM festival), new open and important calls, post Todo Mundo &#038; + #40"},"content":{"rendered":"<p><\/p>\n<table style=\"border-collapse: collapse; width: 100%;\">\n<tbody>\n<tr>\n<td style=\"width: 100%; background-color: #a60303;\"><span style=\"font-size: 18pt; color: #ffffff;\"><span style=\"font-family: open sans, helvetica neue, helvetica, arial, sans-serif;\"><strong>Summary ?<\/strong><\/span><span style=\"font-family: 'open sans', 'helvetica neue', helvetica, arial, sans-serif;\">\u00a0<\/span><\/span><\/p>\n<ul>\n<li><span style=\"color: #ffffff;\">Post-World Music\u00a0Festival Todo Mundo<\/span><\/li>\n<li><span style=\"color: #ffffff;\">Brief news from the media, chats and sister projects:\u00a0TWMC Hall of Fame! ?\u00a0DEADLINE COMING SOON!<\/span><\/li>\n<li><span style=\"color: #ffffff;\">Flash news: announcement of the collaboration between\u00a0Medigrecian\u00a0and Mapamundi M\u00fasica.<\/span><\/li>\n<li><span style=\"color: #ffffff;\">Talk with\u00a0Ivana Mara\u0161, from ESTAM World Music Festival.<\/span><\/li>\n<li><span style=\"color: #ffffff;\">Open Calls and Professional Events\u00a0? Program for the\u00a0European Folk Network\u00a0meeting (partly) announced!<\/span><\/li>\n<li><span style=\"color: #ffffff;\">Meet me at&#8230;<\/span><\/li>\n<\/ul>\n<\/td>\n<\/tr>\n<\/tbody>\n<\/table>\n<p>&nbsp;<\/p>\n<div>\n<p><img loading=\"lazy\" decoding=\"async\" class=\"alignleft\" src=\"https:\/\/mcusercontent.com\/993c677d53044839b1b39b2dc\/images\/99ebed13-1cca-4364-a30a-fadbe8cd1320.png\" width=\"182\" height=\"201\" align=\"left\" data-file-id=\"4912678\" \/><\/p>\n<\/div>\n<div><strong>H<\/strong><strong>ow are you? I hope well!<\/strong><\/div>\n<div>\n<p>Some of the people from the global community working with world musics are already in Porto for WOMEX. I will travel tomorrow. Here in Europe it seems the world has opened again but I think it is not totally like that yet. For instance,\u00a0I miss many of the usual attendants who came from Asia.<\/p>\n<p>Anyway, the permanent results of the pandemic will become visible with some more time. Here in Spain I think it has accelerated some trends and I feel we have lost some relevant spots for the visibility of the musics we work with. For instance, Pirineos Sur hasn&#8217;t happened in 2020, neither in 2021 and in the website it is announced as cancelled, without date for 2022. I had a concert with Monsieur Doumani in 2020 there and I think we lost the chance. I don&#8217;t believe that the people with power in the institution take responsibility for the commitment to the artists programmed. I hope I am wrong. Another of the referential festivals in Spain, Etnosur, is still going on, but the city council fired in May the team that created the festival and that has been producing it for 24 years. The program of 2021 has been local and regional. It used to host international artists and premier own productions. The old team is trying to rebuild the idea with another name and in another location. I wish them luck, for them and for all of us.<\/p>\n<p>Nevertheless, our community is defined by resilience and initiative. I keep discovering exciting proposals, some of which I talk about below, such as the PIN professional meeting in Skopje, or the addition of a discussion day at the Todo Mundo festival, about which you have more info below.<\/p>\n<p>I hope you find this content interesting.<\/p>\n<\/div>\n<div style=\"text-align: center;\"><strong>Thank you very much for your attention. As always, if you have any news of interest for our community, let me know.\u00a0<\/strong><\/div>\n<div style=\"text-align: center;\">Araceli Tzigane | Mapamundi M\u00fasica<\/div>\n<hr \/>\n<p><strong>Subscription\u00a0<a href=\"http:\/\/www.mapamundimusica.com\/en\/contacto\/\" target=\"_blank\" rel=\"noopener noreferrer\">is available here<\/a>.<\/strong><\/p>\n<hr \/>\n<h1><span style=\"font-family: open sans, helvetica neue, helvetica, arial, sans-serif;\"><strong>POST &#8211; WORLD MUSIC FESTIVAL TODO MUNDO<\/strong><\/span><\/h1>\n<p><span style=\"font-family: open sans, helvetica neue, helvetica, arial, sans-serif;\"><img loading=\"lazy\" decoding=\"async\" class=\"alignright\" src=\"https:\/\/mcusercontent.com\/993c677d53044839b1b39b2dc\/images\/7523c3b4-8080-121f-8e2a-9e85ceaf43cf.jpg\" width=\"488\" height=\"275\" align=\"right\" data-file-id=\"5272097\" \/>I had the luck to attend the festival and to participate in the round table that took place on September 25th.\u00a0It was the first time that the festival included a round table and, according to Marija Vitas, it\u00a0will most likely be kept on the programme for future editions and I think this is a very good news as it is a new opportunity to interchange ideas and meet colleagues, specially interesting when it happens in\u00a0peripheral areas.<\/span><\/p>\n<p>The topic of the conference (and the focus of the festival) was women in music. My colleagues in the session of the morning were\u00a0Ivana Mara\u0161 (read her interview below), Iva Neni\u0107 (ethnomusichologist and scholar), Sofia Labropoulou (composer and qanunist)\u00a0and\u00a0Svetlana Spaji\u0107\u00a0(singer and researcher) and we were moderated by Marija Vitas and joined for some time by Bojan Djordjevic (director of the festival and journalist in Radio Beograda). The conversation was recorded by Radio Beograda and I have to say that it was really interesting. In the afternoon there was another discussion session, with Sotiris Bekas, Julijana Ba\u0161ti\u0107, Rok Ko\u0161ir and Giuseppe Bortone.<br \/>\n<img loading=\"lazy\" decoding=\"async\" class=\"aligncenter\" src=\"https:\/\/mcusercontent.com\/993c677d53044839b1b39b2dc\/images\/620737ac-2739-9e71-8586-ff8e5708d0a9.jpeg\" width=\"717\" height=\"404\" align=\"center\" data-file-id=\"5272233\" \/><br \/>\nIn the artistic side of the program, I want to highlight the Serbian artist\u00a0settled in Austria\u00a0Jelena Popr\u017ean (in the picture, by Juan Antonio V\u00e1zquez).\u00a0Her solo concert was a wonderful and indescribable madness. She has an amazing talent full of originality.<\/p>\n<p>&nbsp;<\/p>\n<table style=\"width: 100%;\" border=\"0\" cellspacing=\"0\" cellpadding=\"0\" align=\"left\">\n<tbody>\n<tr>\n<td class=\"mcnShareIconContent\" style=\"width: 7.85455%;\" align=\"center\" valign=\"middle\" width=\"24\"><a href=\"http:\/\/us13.forward-to-friend.com\/forward?u=993c677d53044839b1b39b2dc&amp;id=182b9888ca&amp;e=[UNIQID]\" target=\"_blank\" rel=\"noopener noreferrer\"><img loading=\"lazy\" decoding=\"async\" class=\"\" src=\"https:\/\/cdn-images.mailchimp.com\/icons\/social-block-v2\/outline-dark-forwardtofriend-48.png\" alt=\"Forward to a friend right from here\" width=\"47\" height=\"47\" \/><\/a><\/td>\n<td class=\"mcnShareTextContent\" style=\"width: 92%;\" align=\"left\" valign=\"middle\"><a href=\"http:\/\/us13.forward-to-friend.com\/forward?u=993c677d53044839b1b39b2dc&amp;id=182b9888ca&amp;e=[UNIQID]\" target=\"\" rel=\"noopener noreferrer\">Forward to a friend right from here<\/a><\/td>\n<\/tr>\n<\/tbody>\n<\/table>\n<p>&nbsp;<\/p>\n<h1><strong>BRIEF NEWS FROM THE MEDIA, CHARTS AND SISTER PROJECTS<\/strong><\/h1>\n<ul>\n<li><span style=\"color: #000000; font-family: open sans, helvetica neue, helvetica, arial, sans-serif;\"><span style=\"color: #ff0000;\"><strong>DEADLINE COMING SOON! <\/strong><\/span><\/span><span style=\"font-family: 'open sans', 'helvetica neue', helvetica, arial, sans-serif;\">Transglobal World Music Chart (TWMC) call for proposals for the\u00a0<\/span><span style=\"font-family: 'open sans', 'helvetica neue', helvetica, arial, sans-serif;\"><strong>Hall of Fame<\/strong>\u00a0is open until October 31st. Check\u00a0<a href=\"http:\/\/www.transglobalwmc.com\/transglobal-world-music-chart-hall-of-fame\/\" target=\"_blank\" rel=\"noopener noreferrer\">this web<\/a>\u00a0to learn more and to send your proposal.\u00a0<\/span><\/li>\n<li><span style=\"font-family: 'open sans', 'helvetica neue', helvetica, arial, sans-serif;\">And #1 for\u00a0<a href=\"http:\/\/www.transglobalwmc.com\/charts\/october-2021-chart\/\" target=\"_blank\" rel=\"noopener noreferrer\">Transglobal World Music Chart in October 2021<\/a>\u00a0is: Monsieur Doumani \u00b7 Pissourin.\u00a0<\/span><\/li>\n<li><span style=\"font-family: 'open sans', 'helvetica neue', helvetica, arial, sans-serif;\"><a href=\"http:\/\/www.mundofonias.com\/\" target=\"_blank\" rel=\"noopener noreferrer\">Mundofon\u00edas<\/a>: our monthly favourites for September are\u00a0the albums:<em>\u00a0<\/em>Petrona Mart\u00ednez&#8217;s<em>\u00a0Ancestras,\u00a0<\/em>Guy Buttery, Mohd. Amjad Khan &amp; Mudassir Khan&#8217;s<em>\u00a0One morning In Gurgaon\u00a0<\/em>and Abdelli&#8217;s<em> Songs of exile.<\/em><\/span><\/li>\n<\/ul>\n<div><a href=\"http:\/\/mundofonias.com\/wp\/?p=5605\" target=\"_blank\" rel=\"noopener noreferrer\"><span style=\"color: #000000; font-family: open sans, helvetica neue, helvetica, arial, sans-serif;\"><img loading=\"lazy\" decoding=\"async\" class=\"aligncenter\" src=\"https:\/\/mcusercontent.com\/993c677d53044839b1b39b2dc\/images\/782d17e0-c5bd-22bc-cdd9-d73e19467642.png\" width=\"879\" height=\"337\" align=\"center\" data-file-id=\"5272253\" \/><\/span><\/a><\/div>\n<hr \/>\n<h1><span style=\"font-family: open sans, helvetica neue, helvetica, arial, sans-serif;\"><strong>A PINCH OF SPACE FOR SOME THINGS OF MINE THAT MIGHT INTEREST YOU<\/strong><\/span><\/h1>\n<div>\n<h4 style=\"text-align: center;\"><strong>\u00a0Announcing the new collaboration:<\/strong><\/h4>\n<p><img loading=\"lazy\" decoding=\"async\" class=\"aligncenter\" src=\"https:\/\/mcusercontent.com\/993c677d53044839b1b39b2dc\/images\/a12fe098-a838-01f7-66a3-9dcf3cf6ae33.png\" width=\"572\" height=\"163\" data-file-id=\"5272273\" \/><\/p>\n<\/div>\n<div><span style=\"font-family: 'open sans', 'helvetica neue', helvetica, arial, sans-serif; color: #747474; font-size: 14px;\">With the objective to design and make available a versatile offer of high artistry of Greek music, incorporating in addition to the concerts, also activities that allow the public to participate actively in this cultural legacy, Alkis Zoploglou&#8217;s Medigrecian and Mapamundi M\u00fasica have started a new collaboration. Read the full story\u00a0<\/span><a style=\"font-size: 14px;\" href=\"http:\/\/www.mapamundimusica.com\/en\/whats-up-mapamundimusica\/announcing-the-new-collaboration-of-mapamundi-musica-with-medigrecian-alkis-zopoglou\/\" target=\"_blank\" rel=\"noopener noreferrer\">on my website<\/a><span style=\"font-family: 'open sans', 'helvetica neue', helvetica, arial, sans-serif; color: #747474; font-size: 14px;\">.<\/span><\/div>\n<div>\n<p>Learn more about the first proposals we are offering with this collaboration:<\/p>\n<ul>\n<li><a href=\"http:\/\/www.mapamundimusica.com\/en\/rodopi-ensemble\/\" target=\"_blank\" rel=\"noopener noreferrer\">Rodopi Ensemble<\/a><\/li>\n<li><a href=\"http:\/\/www.mapamundimusica.com\/en\/marina-liontou-mochament-alkis-zopoglou\/\" target=\"_blank\" rel=\"noopener noreferrer\">Marina Liontou Mochament &amp; Alkis Zopoglou + friends<\/a><\/li>\n<li><a href=\"http:\/\/www.mapamundimusica.com\/en\/alkis-zopoglou-kontrabando-ensemble\/\" target=\"_blank\" rel=\"noopener noreferrer\">Kontrabando Ensemble<\/a><\/li>\n<\/ul>\n<table border=\"0\" cellspacing=\"0\" cellpadding=\"0\" align=\"left\">\n<tbody>\n<tr>\n<td class=\"mcnShareIconContent\" style=\"width: 7.85455%;\" align=\"center\" valign=\"middle\" width=\"24\"><a href=\"http:\/\/us13.forward-to-friend.com\/forward?u=993c677d53044839b1b39b2dc&amp;id=182b9888ca&amp;e=[UNIQID]\" target=\"_blank\" rel=\"noopener noreferrer\"><img loading=\"lazy\" decoding=\"async\" class=\"\" src=\"https:\/\/cdn-images.mailchimp.com\/icons\/social-block-v2\/outline-dark-forwardtofriend-48.png\" alt=\"Forward to a friend right from here\" width=\"47\" height=\"47\" \/><\/a><\/td>\n<td class=\"mcnShareTextContent\" style=\"width: 92%;\" align=\"left\" valign=\"middle\"><a href=\"http:\/\/us13.forward-to-friend.com\/forward?u=993c677d53044839b1b39b2dc&amp;id=182b9888ca&amp;e=[UNIQID]\" target=\"\" rel=\"noopener noreferrer\">Forward to a friend right from here<\/a><\/td>\n<\/tr>\n<\/tbody>\n<\/table>\n<\/div>\n<hr \/>\n<h1><span style=\"font-family: open sans, helvetica neue, helvetica, arial, sans-serif;\"><strong>AND NOW THE FLOOR IS FOR:<\/strong><\/span><br \/>\n<span style=\"font-family: open sans, helvetica neue, helvetica, arial, sans-serif;\"><strong>IVANA MARA\u0160, DIRECTOR OF ESTAM WORLD MUSIC FESTIVAL<\/strong><\/span><\/h1>\n<div><strong><span style=\"font-family: open sans, helvetica neue, helvetica, arial, sans-serif;\"><img decoding=\"async\" class=\"alignright\" src=\"https:\/\/mcusercontent.com\/993c677d53044839b1b39b2dc\/images\/be6ea223-b7e4-5efb-48da-404a27705310.jpg\" width=\"300\" align=\"right\" data-file-id=\"5272325\" \/>I met Ivana at the round table in Todo Mundo. She is the director at\u00a0<a href=\"https:\/\/skckg.com\/\" target=\"_blank\" rel=\"noopener noreferrer\">Student Cultural Center Kragujevac<\/a>,\u00a0focused on the cooperation with young, talented people, as well as on creating conditions that allow them to express and achieve their creative goals and to make their work recognizable to a wider audience. Ivana launched the World Music Festival &#8211; ESTAM, that aims to present current events from the domestic, regional and world world music scene.<\/span><\/strong><\/div>\n<div><span style=\"font-family: open sans, helvetica neue, helvetica, arial, sans-serif;\"><strong><a href=\"https:\/\/www.facebook.com\/estam.wmf\/\" target=\"_blank\" rel=\"noopener noreferrer\"><img loading=\"lazy\" decoding=\"async\" class=\"aligncenter\" src=\"https:\/\/mcusercontent.com\/993c677d53044839b1b39b2dc\/images\/8d241c06-27b3-0fe4-1c4d-ca0bd7aa7b33.jpg\" width=\"159\" height=\"159\" align=\"center\" data-file-id=\"5272337\" \/><\/a><\/strong><\/span><\/div>\n<div><span style=\"font-family: open sans, helvetica neue, helvetica, arial, sans-serif;\"><strong>Click the logo to visit its Facebook page\u00a0before reading the interview.\u00a0<\/strong><\/span><\/div>\n<div>\n<hr \/>\n<\/div>\n<p><strong>Mapamundi M\u00fasica:\u00a0<\/strong><strong>How did the festival start? Who and why started it?\u00a0<\/strong><br \/>\n<strong>Ivana Mara\u0161:\u00a0<\/strong>Estam world music festival started four years ago as a need to promote this genre in our city and district. We have had world music concerts in a music program at our cultural center for years. So, we wanted to start to promote the musicians and program from the world and local scene through the festival, build the audience and present quality and the most significant artist of this genre. We live in a big city, university town in central Serbia, and we feel there is a need for this kind of festival.<\/p>\n<p><strong>MM: What do you search for in an artist when you program?\u00a0<\/strong><br \/>\n<strong>IM:\u00a0<\/strong>We search for quality and actuality in our program, searching for world musicians with a strong artistic signature and attractive musical tradition. But also we try to obtain a young audience with something close to their affinities but not giving up on our goals and concept.<\/p>\n<p><strong>MM:\u00a0Which are the global objectives of your festival?<\/strong><br \/>\n<strong>IM:\u00a0<\/strong>We would like to be recognized as one of the significant music festivals in Central Serbia, want to impose quality and be a part of the world music festival network in the region, to improve the status of world music and their artists, and bring their work closer to the wider audience.<\/p>\n<p><strong>MM:\u00a0What are the most complicated or difficult issues to deal with in your festival (specifically in yours)?\u00a0<\/strong><br \/>\n<strong>IM:\u00a0<\/strong>The most complicated issues are the support of local authorities, financial and logistic support, and how to promote our work in a society which has a big problem with the media (in our town there are almost no shows anymore about culture and there is a lack of professionals in the media in this field), but we are trying to use regional media as much as posible.<\/p>\n<p><strong>MM: Which are currently the main challenges for this kind of cultural proposal like yours (in general, not exclusively in yours)?\u00a0<\/strong><br \/>\n<strong>IM:\u00a0<\/strong>The answer follows the previous one, state and local cultural authorities don&#8217;t recognize the significance of this genre and do not give deserved status to world music and its authors.<\/p>\n<p><strong>MM: In one sentence, summarize the reason\/s to go to your festival.\u00a0<\/strong><br \/>\n<strong>IM:\u00a0<\/strong>For these four years every participant, performers as well as the audience, left the festival full of impressions, first one because of the audience reaction and energy, and second one because of the strong music experience.<\/p>\n<p><img loading=\"lazy\" decoding=\"async\" class=\"aligncenter\" src=\"https:\/\/mcusercontent.com\/993c677d53044839b1b39b2dc\/images\/4340824b-73b5-7fc7-072e-0a4c35db3e8f.jpg\" width=\"821\" height=\"430\" data-file-id=\"5272349\" \/><\/p>\n<p>Credits:<\/p>\n<ul>\n<li>Portrait of Ivana, provided by her.<\/li>\n<li>Logo and banner, from the\u00a0<a href=\"https:\/\/www.facebook.com\/estam.wmf\/\" target=\"_blank\" rel=\"noopener noreferrer\">festival&#8217;s Facebook page<\/a>.<\/li>\n<\/ul>\n<table border=\"0\" cellspacing=\"0\" cellpadding=\"0\" align=\"left\">\n<tbody>\n<tr>\n<td class=\"mcnShareIconContent\" style=\"width: 7.85455%;\" align=\"center\" valign=\"middle\" width=\"24\"><a href=\"http:\/\/us13.forward-to-friend.com\/forward?u=993c677d53044839b1b39b2dc&amp;id=182b9888ca&amp;e=[UNIQID]\" target=\"_blank\" rel=\"noopener noreferrer\"><img loading=\"lazy\" decoding=\"async\" class=\"\" src=\"https:\/\/cdn-images.mailchimp.com\/icons\/social-block-v2\/outline-dark-forwardtofriend-48.png\" alt=\"Forward to a friend right from here\" width=\"47\" height=\"47\" \/><\/a><\/td>\n<td class=\"mcnShareTextContent\" style=\"width: 92%;\" align=\"left\" valign=\"middle\"><a href=\"http:\/\/us13.forward-to-friend.com\/forward?u=993c677d53044839b1b39b2dc&amp;id=182b9888ca&amp;e=[UNIQID]\" target=\"\" rel=\"noopener noreferrer\">Forward to a friend right from here<\/a><\/td>\n<\/tr>\n<\/tbody>\n<\/table>\n<hr \/>\n<h1><strong>OPEN CALLS AND PROFESSIONAL EVENTS<\/strong><\/h1>\n<p><strong><span style=\"color: #000000; font-family: open sans, helvetica neue, helvetica, arial, sans-serif;\">Just a little bunch of them, the ones I have identified. If you have anything to share in this section in a future edition, let me know. This place is for sharing useful dates and I don&#8217;t charge for including news here\u00a0?\u00a0<\/span><\/strong><\/p>\n<hr \/>\n<div><span style=\"color: #000000; font-family: open sans, helvetica neue, helvetica, arial, sans-serif;\"><strong><a href=\"https:\/\/www.europeanfolknetwork.com\/\" target=\"_blank\" rel=\"noopener noreferrer\"><img loading=\"lazy\" decoding=\"async\" class=\"alignright\" src=\"https:\/\/mcusercontent.com\/993c677d53044839b1b39b2dc\/images\/941015b5-62a7-ff12-6b6e-32e0a338dc07.png\" width=\"150\" height=\"165\" data-file-id=\"5235377\" \/><\/a><\/strong><\/span><\/div>\n<h6><span style=\"color: #000000; font-family: open sans, helvetica neue, helvetica, arial, sans-serif;\"><strong>European Folk Network face to face meeting: Budapest, 17th and 18th of November<\/strong><\/span><\/h6>\n<ul>\n<li><span style=\"font-size: 11pt;\">After the meeting in Brussels in November 2019,\u00a0the EFN calls again for a face-to-face meeting. It will be held in Budapest, at the\u00a0<a href=\"https:\/\/hagyomanyokhaza.hu\/en\" target=\"_blank\" rel=\"noopener noreferrer\">Hungarian Heritage House<\/a>. The\u00a0<strong>program of talks<\/strong>\u00a0will include:<\/span><\/li>\n<li><span style=\"font-size: 11pt;\">Raisa Siivola &amp; Maria Silvennoinen (from Jazz Finland) on Green Nordic Touring and Promotion;<\/span><\/li>\n<li><span style=\"font-size: 11pt;\">Tom Besford (from English Folk Expo) on Reaching Audiences both In-Person and Online;<\/span><\/li>\n<li><span style=\"font-size: 11pt;\">Andr\u00e1s Lelkes (of Hangveto, Hungary) on A Bridge For Balkan Music;<\/span><\/li>\n<li><span style=\"font-size: 11pt;\">Miklos Both (Hungary) on Folk Music Education for Future Generations;<\/span><\/li>\n<li><span style=\"font-size: 11pt;\">and more TBA;<\/span><\/li>\n<li><span style=\"font-size: 11pt;\">plus DISCUSSION sessions on subjects chosen by members including The Future Work of EFN and Folk Music and Commercialisation and more TBA; \u00a0plus the EGM for Elections to the Board.<\/span><\/li>\n<\/ul>\n<p>Check all the information already available\u00a0<a href=\"https:\/\/www.europeanfolknetwork.com\/conference-2021\" target=\"_blank\" rel=\"noopener noreferrer\">here<\/a>.<\/p>\n<hr \/>\n<h6><span style=\"color: #000000; font-family: open sans, helvetica neue, helvetica, arial, sans-serif;\"><strong>PIN Conference, in Skopje, 25-27th November.\u00a0<\/strong><\/span><\/h6>\n<p>More info in the next section. The registration is right now open\u00a0<a href=\"https:\/\/pinconference.mk\/register-for-conference\/\" target=\"_blank\" rel=\"noopener noreferrer\">here<\/a>\u00a0and I don&#8217;t know when is the deadline.<\/p>\n<hr \/>\n<h6><span style=\"color: #000000; font-family: open sans, helvetica neue, helvetica, arial, sans-serif;\"><strong>Proposals of participants for the think tanks of MusicAIRE\u00a0<\/strong><\/span><\/h6>\n<div>\n<div>\n<p>Open until\u00a0<strong>4 November COB<\/strong>. Call for networks. This is important:<\/p>\n<p><em>&#8220;Inova+ and the European Music Council (EMC) have launched the new European project MusicAIRE. The consortium will\u00a0<strong>develop grants to support the music ecosystem to emerge from the COVID-19<\/strong>\u00a0crisis in a green, digital and just and resilient way. [&#8230;] In-depth interviews conducted with music networks will complete the needs analysis of the European music life. [&#8230;] The\u00a0<strong>think-tanks will identify what kind of support the music sector needs\u00a0<\/strong>in the areas of green, digital and just and resilient recovery. The findings of the think-tanks will form the basis of the \u201ccall for grants\u201d to be published in the frame of MusicAIRE in January 2022.&#8221;\u00a0<\/em>Read it complete<em>\u00a0<a href=\"https:\/\/www.emc-imc.org\/projects\/musicaire\/\" target=\"_blank\" rel=\"noopener noreferrer\">here<\/a>.<\/em><\/p>\n<\/div>\n<\/div>\n<hr \/>\n<p>&nbsp;<\/p>\n<h1><strong>MEET ME AT&#8230;<\/strong><\/h1>\n<div>\n<ul>\n<li><span style=\"font-family: 'open sans', 'helvetica neue', helvetica, arial, sans-serif;\"><strong>WOMEX, Porto, Portugal, 27th-31st October.<\/strong><\/span><\/li>\n<\/ul>\n<\/div>\n<div>\n<div>\n<hr \/>\n<\/div>\n<ul>\n<li><span style=\"font-family: open sans, helvetica neue, helvetica, arial, sans-serif;\"><strong>European Folk Network in person meeting, November 17th and 18th (aforementioned)<\/strong><\/span><\/li>\n<\/ul>\n<div>\n<hr \/>\n<\/div>\n<ul>\n<li><span style=\"font-family: open sans, helvetica neue, helvetica, arial, sans-serif;\"><strong><a href=\"https:\/\/pinconference.mk\/\"><img loading=\"lazy\" decoding=\"async\" class=\"alignright\" src=\"https:\/\/mcusercontent.com\/993c677d53044839b1b39b2dc\/images\/3ea1c3aa-dc79-968d-eec5-33d875dfcde3.png\" width=\"316\" height=\"219\" align=\"right\" data-file-id=\"5272413\" \/><\/a>PIN International Music Conference, Skopje, North Makedonia, November 26th and 27th.\u00a0<\/strong><\/span><\/li>\n<\/ul>\n<div>\n<p>I learnt about this conference after their invitation for Hudaki Village Band. They will perform there and I will be present as a delegate.<\/p>\n<p>According to\u00a0<a href=\"https:\/\/pinconference.mk\/about\/\" target=\"_blank\" rel=\"noopener noreferrer\">the website<\/a>, &#8220;PIN is the first and only international music conference and showcase festival in Macedonia. [&#8230;] Our goal is to enrich the local music sector by bringing the diversity of best practices, up-to-date knowledge and people who will be part of this development in Macedonia and the Balkan region.&#8221;<\/p>\n<\/div>\n<div>\n<hr \/>\n<\/div>\n<ul>\n<li><span style=\"color: #000000; font-family: open sans, helvetica neue, helvetica, arial, sans-serif;\"><strong>Lisbon, Portugal, for the second concert of the series of M\u00fasicas Escondidas at the Museum of Orient. 10th December:\u00a0<a href=\"https:\/\/www.bol.pt\/Comprar\/Bilhetes\/87586-egschiglen_ciclo_musicas_escondidas-museu_do_oriente\/\" target=\"_blank\" rel=\"noopener noreferrer\">Egschiglen<\/a><\/strong><\/span><\/li>\n<\/ul>\n<p>The first concert of this series\u00a0two times postponed was on October 15th. It was by the Nouruz Ensemble and it was an outstanding performance in a venue full at the 100%.<\/p>\n<\/div>\n<hr \/>\n<table border=\"0\" cellspacing=\"0\" cellpadding=\"0\" align=\"left\">\n<tbody>\n<tr>\n<td class=\"mcnShareIconContent\" style=\"width: 7.85455%;\" align=\"center\" valign=\"middle\" width=\"24\"><a href=\"http:\/\/us13.forward-to-friend.com\/forward?u=993c677d53044839b1b39b2dc&amp;id=182b9888ca&amp;e=[UNIQID]\" target=\"_blank\" rel=\"noopener noreferrer\"><img loading=\"lazy\" decoding=\"async\" class=\"\" src=\"https:\/\/cdn-images.mailchimp.com\/icons\/social-block-v2\/outline-dark-forwardtofriend-48.png\" alt=\"Forward to a friend right from here\" width=\"47\" height=\"47\" \/><\/a><\/td>\n<td class=\"mcnShareTextContent\" style=\"width: 92%;\" align=\"left\" valign=\"middle\"><a href=\"http:\/\/us13.forward-to-friend.com\/forward?u=993c677d53044839b1b39b2dc&amp;id=182b9888ca&amp;e=[UNIQID]\" target=\"\" rel=\"noopener noreferrer\">Forward to a friend right from here<\/a><\/td>\n<\/tr>\n<\/tbody>\n<\/table>\n<p><\/p>","protected":false},"excerpt":{"rendered":"<p>Summary ?\u00a0 Post-World Music\u00a0Festival Todo Mundo Brief news from the media, chats and sister projects:\u00a0TWMC Hall of Fame! ?\u00a0DEADLINE COMING SOON! Flash news: announcement of the collaboration between\u00a0Medigrecian\u00a0and Mapamundi M\u00fasica. Talk with\u00a0Ivana Mara\u0161, from ESTAM World Music Festival. Open Calls and Professional Events\u00a0? Program for the\u00a0European Folk Network\u00a0meeting (partly) announced! Meet me at&#8230; &nbsp; How [&hellip;]<\/p>\n","protected":false},"author":1,"featured_media":0,"comment_status":"closed","ping_status":"open","sticky":false,"template":"","format":"standard","meta":{"footnotes":""},"categories":[19],"tags":[],"class_list":["post-2919","post","type-post","status-publish","format-standard","hentry","category-newsletter"],"_links":{"self":[{"href":"https:\/\/www.mapamundimusica.com\/en\/wp-json\/wp\/v2\/posts\/2919","targetHints":{"allow":["GET"]}}],"collection":[{"href":"https:\/\/www.mapamundimusica.com\/en\/wp-json\/wp\/v2\/posts"}],"about":[{"href":"https:\/\/www.mapamundimusica.com\/en\/wp-json\/wp\/v2\/types\/post"}],"author":[{"embeddable":true,"href":"https:\/\/www.mapamundimusica.com\/en\/wp-json\/wp\/v2\/users\/1"}],"replies":[{"embeddable":true,"href":"https:\/\/www.mapamundimusica.com\/en\/wp-json\/wp\/v2\/comments?post=2919"}],"version-history":[{"count":7,"href":"https:\/\/www.mapamundimusica.com\/en\/wp-json\/wp\/v2\/posts\/2919\/revisions"}],"predecessor-version":[{"id":2926,"href":"https:\/\/www.mapamundimusica.com\/en\/wp-json\/wp\/v2\/posts\/2919\/revisions\/2926"}],"wp:attachment":[{"href":"https:\/\/www.mapamundimusica.com\/en\/wp-json\/wp\/v2\/media?parent=2919"}],"wp:term":[{"taxonomy":"category","embeddable":true,"href":"https:\/\/www.mapamundimusica.com\/en\/wp-json\/wp\/v2\/categories?post=2919"},{"taxonomy":"post_tag","embeddable":true,"href":"https:\/\/www.mapamundimusica.com\/en\/wp-json\/wp\/v2\/tags?post=2919"}],"curies":[{"name":"wp","href":"https:\/\/api.w.org\/{rel}","templated":true}]}}