{"id":2735,"date":"2021-05-18T16:45:36","date_gmt":"2021-05-18T14:45:36","guid":{"rendered":"http:\/\/www.mapamundimusica.com\/?p=2735"},"modified":"2021-05-18T19:07:56","modified_gmt":"2021-05-18T17:07:56","slug":"magazine-35-may21-in-depth-with-belgian-world-music-network-ken-day-d-tours-plans-and","status":"publish","type":"post","link":"https:\/\/www.mapamundimusica.com\/en\/newsletter\/magazine-35-may21-in-depth-with-belgian-world-music-network-ken-day-d-tours-plans-and\/","title":{"rendered":"Magazine #35 May\u201921 \u2013 in depth with Belgian World Music Network, Ken Day (D Tours), plans and +"},"content":{"rendered":"<p><\/p>\n<h2><strong>Summary\u00a0?<\/strong><\/h2>\n<ul>\n<li><span style=\"font-family: verdana, geneva, sans-serif;\">Next Thursday, Conference on\u00a0Digital Transformation and Resilience in Culture\u00a0(event in Spanish)<\/span><\/li>\n<li><span style=\"font-family: verdana, geneva, sans-serif;\">In depth with the\u00a0Belgian World Music Association, Piet Maris as spokesperson. Their showcase is next Sunday!<\/span><\/li>\n<li><span style=\"font-family: verdana, geneva, sans-serif;\">In depth with\u00a0Ken Day, from D Tours, about being an independent agent\u00a0<\/span><\/li>\n<li><span style=\"font-family: verdana, geneva, sans-serif;\">Brief news\u00a0from the media, charts and sister projects<\/span><\/li>\n<li><span style=\"font-family: verdana, geneva, sans-serif;\">Open calls\u00a0and professional events. Premio Andrea Parodi deadline coming soon, job opportunity in Mundial Montreal (a new one),\u00a03rd conference of the European Folk Network + Afro Pepites open call<\/span><\/li>\n<\/ul>\n<hr \/>\n<div>\n<p><img decoding=\"async\" class=\"alignleft\" src=\"https:\/\/mcusercontent.com\/993c677d53044839b1b39b2dc\/images\/99ebed13-1cca-4364-a30a-fadbe8cd1320.png\" \/>How are you? I hope well.\u00a0I have a variety of emotions today.<\/p>\n<p>I heard this morning about the\u00a0<span style=\"text-decoration: underline;\"><a href=\"https:\/\/www.wantedinrome.com\/news\/franco-battiato-dies-age-76.html\" target=\"_blank\" rel=\"noopener noreferrer\">death of Franco Battiato<\/a><\/span>, the Italian artist who, at least for my generation in Spain, is a reference. From him I first heard concepts such as &#8220;dervish tourneur&#8221; or &#8220;kathakali&#8221; and he made me imagine what kind of Balkan music was played on Radio Tirana or played at the summer parties in Ireland.<\/p>\n<p><img loading=\"lazy\" decoding=\"async\" src=\"https:\/\/mcusercontent.com\/993c677d53044839b1b39b2dc\/images\/1f479615-53b8-829f-e451-7d25060cd0c3.jpg\" width=\"250\" height=\"190\" align=\"right\" data-file-id=\"5112502\" \/>If you don&#8217;t know what I&#8217;m talking about, you can listen to the English version of the song\u00a0<em>I Want to See you as a Dancer<\/em>,\u00a0<span style=\"text-decoration: underline;\"><a href=\"https:\/\/www.youtube.com\/watch?v=zxK6yeFrs3U\" target=\"_blank\" rel=\"noopener noreferrer\">here<\/a><\/span>. This song, sung\u00a0<span style=\"text-decoration: underline;\"><a href=\"https:\/\/www.youtube.com\/watch?v=tGhG7gTG-Os\" target=\"_blank\" rel=\"noopener noreferrer\">in Spanish<\/a><\/span>, was on the Spanish public television very often\u00a0(there was no private television at that time) and on all the radio stations too.\u00a0I think all Spaniards between 40 and 70 years old can sing it for you. With this song, Battiato planted in the fertile soil of my mind the seed of imagination and curiosity to discover what all those wonders he was telling about would be like.\u00a0The song is a masterful hymn to the cultural diversity of the peoples of the world. The news of his passing has brought back so many memories.<\/p>\n<p>Apart from that, I am happy to share the very interesting reflections that these people below have so kindly given me and next Thursday I will share an experience of my own at the cultural managers&#8217; conference in Madrid, which I am very excited about. You have more information below.<\/p>\n<p>Thank you very much for your attention. As always, if you have any news of interest for our community, let me know.<\/p>\n<\/div>\n<hr \/>\n<h3 style=\"text-align: center;\"><strong>Do you want to share any useful experience<\/strong>\u00a0you have had during this difficult time or another content relevant for our community of the world musics? Let me know.<\/h3>\n<hr \/>\n<p style=\"text-align: center;\"><strong>Araceli Tzigane |\u00a0info@mundimapa.com |\u00a0+34 676\u00a030 28 82\u00a0<\/strong><br \/>\n<strong>Subscription\u00a0<a href=\"http:\/\/www.mapamundimusica.com\/en\/contacto\/\" target=\"_blank\" rel=\"noopener noreferrer\">is available here<\/a>.<\/strong><\/p>\n<hr \/>\n<h2><span style=\"font-family: open sans, helvetica neue, helvetica, arial, sans-serif;\"><strong>CONFERENCE ON DIGITAL TRANSFORMATION AND RESILIENCE IN CULTURE (event in Spanish)<\/strong><\/span><\/h2>\n<p><img loading=\"lazy\" decoding=\"async\" class=\"alignright\" src=\"https:\/\/mcusercontent.com\/993c677d53044839b1b39b2dc\/images\/04598ed2-be52-198a-71db-b3c96dd4d632.jpg\" width=\"350\" height=\"196\" data-file-id=\"5112602\" \/><\/p>\n<p><span style=\"font-family: open sans, helvetica neue, helvetica, arial, sans-serif;\">Next Thursday May 20th I will participate in the <em>Conference on Digital Transformation and Resilience in Culture<\/em>\u00a0organized by Agetec, the association of cultural managers of Madrid, of which I am part of the board.<\/span><\/p>\n<p>This conference will be done in person and streamed in real time. We will speak in Spanish. If you want to access, register for free,\u00a0<span style=\"text-decoration: underline;\"><a href=\"https:\/\/agetec.org\/jornada-de-transformacion-digital-y-resiliencia-de-la-cultura-2021\/\">here<\/a><\/span>.<\/p>\n<p>I will talk\u00a0in the round table about \u201cExperiences of adaptation to the new cultural environment\u201d, about the experience of\u00a0<span style=\"text-decoration: underline;\"><a href=\"http:\/\/www.conciertajo.com\/\">ConcierTajo<\/a><\/span>, the artistic event that Mapamundi M\u00fasica designed and developed with the band\u00a0<a href=\"http:\/\/www.viguela.com\"><span style=\"text-decoration: underline;\">Vig\u00fcela<\/span><\/a>, specifically for the online environment, for the International Labour Organization,\u00a0Office for Spain. If you want to know what was it about, check\u00a0this post\u00a0<span style=\"text-decoration: underline;\"><a href=\"http:\/\/www.mapamundimusica.com\/en\/whats-up-mapamundimusica\/english-how-was-conciertajo-com-the-event-specially-designed-for-the-online-context\/\">in English<\/a><\/span>.<\/p>\n<p>You can attend in person (with health measures, of course, and there are still a few places left) or in real time online. Check the complete program and register for free, <span style=\"text-decoration: underline;\"><a href=\"https:\/\/agetec.org\/jornada-de-transformacion-digital-y-resiliencia-de-la-cultura-2021\/\">here<\/a>.<\/span><\/p>\n<hr \/>\n<h2><span style=\"font-family: open sans, helvetica neue, helvetica, arial, sans-serif;\"><strong>IN DEPTH WITH THE BELGIAN WORLD MUSIC ASSOCIATION, PIET MARIS AS SPOKESPERSON<\/strong><\/span><\/h2>\n<div>\n<p><span style=\"font-family: open sans, helvetica neue, helvetica, arial, sans-serif;\"><strong>Next Sunday, May 23th, it will take place the\u00a0<span style=\"text-decoration: underline;\"><a href=\"https:\/\/www.facebook.com\/events\/1142887229565123\" target=\"_blank\" rel=\"noopener noreferrer\">Belgian World Music Night<\/a>\u00a0<\/span>? This is a link to the event in Facebook. You can attend it online, from 19:30 CET. The artists that will perform are Kaito Winse, Ana Diaz, Azmari and Les Sheiks Shikhats &amp; B&#8217;net Chaabi. The DJs that were selected by the jury are\u00a0Rrita Jashari and Global Riddims.<\/strong><\/span><\/p>\n<p>This year, I have had the honour to be the international jury, and it made me pay special attention to the organization too: this showcase is organized by the Belgian World Music Network, about which I talked with Piet Maris.<br \/>\n<span style=\"font-family: open sans, helvetica neue, helvetica, arial, sans-serif;\"><strong><a href=\"https:\/\/belgianworldmusicnetwork.be\/\"><img loading=\"lazy\" decoding=\"async\" src=\"https:\/\/mcusercontent.com\/993c677d53044839b1b39b2dc\/images\/9e0a3084-d41a-ae4d-a756-cb0cd7634acb.jpg\" width=\"250\" height=\"149\" align=\"right\" data-file-id=\"5112518\" \/><\/a><\/strong><br \/>\nIt seems that little by little we are getting organised in this community of the world musics, which for now is still very fragmented. That&#8217;s why I think that the example of this organisation, which was born in a country that I always think is very advanced in everything that has to do with our musics, is very interesting and it&#8217;s worth going deeper into how and why it started and how they organise themselves.<\/span><\/p>\n<p><a href=\"https:\/\/www.facebook.com\/piet.maris\" target=\"_blank\" rel=\"noopener noreferrer\">Piet Maris<\/a>, who is a member of the Network,\u00a0as well as a musician himself (in the bands\u00a0<span style=\"text-decoration: underline;\"><a href=\"https:\/\/jaunetoujours.com\/\" target=\"_blank\" rel=\"noopener noreferrer\">Jaune Toujours<\/a><\/span>,\u00a0<span style=\"text-decoration: underline;\"><a href=\"http:\/\/choux.net\/mecyek\" target=\"_blank\" rel=\"noopener noreferrer\">Mec Yek<\/a><\/span>\u00a0and\u00a0<span style=\"text-decoration: underline;\"><a href=\"https:\/\/www.choux.net\/3ain\" target=\"_blank\" rel=\"noopener noreferrer\">3&#8217;Ain<\/a><\/span>) and a member of the collective of musicians\u00a0<span style=\"text-decoration: underline;\"><a href=\"https:\/\/www.choux.net\/\" target=\"_blank\" rel=\"noopener noreferrer\">Choux de Bruxelles<\/a><\/span>, answers my questions on behalf of the Network.\u00a0On the board are more organisations of old friends whom I will have the pleasure to greet, such as Muziekpublique (hello, Peter!) or Fragan (hello, Fr\u00e9d\u00e9rique!).<\/p>\n<p>This interview is interesting for anybody that, like me, had an\u00a0associative spirit. And now I am involved with a bunch of colleagues in the development of\u00a0<span style=\"text-decoration: underline;\"><a href=\"http:\/\/agima.live\/\" target=\"_blank\" rel=\"noopener noreferrer\">AGIMA &#8211; Association of Global Independent Music Agents<\/a><\/span>, it is twice as interesting.<\/p>\n<p><span style=\"color: #ffffff;\">.<\/span><\/p>\n<\/div>\n<h5 style=\"text-align: center;\"><strong>\u261d\ufe0f\u00a0An aside: if you want to learn more about AGIMA, visit the\u00a0<a href=\"http:\/\/agima.live\/\" target=\"_blank\" rel=\"noopener noreferrer\">website<\/a>\u00a0and\u00a0<a href=\"https:\/\/mailchi.mp\/8e9db15b302b\/general-sign-up\" target=\"_blank\" rel=\"noopener noreferrer\">sign up for the news<\/a>.\u00a0<\/strong><\/h5>\n<div><span style=\"color: #ffffff;\">.<\/span><\/div>\n<div><span style=\"font-family: 'open sans', 'helvetica neue', helvetica, arial, sans-serif; font-size: 11pt;\">But now, let&#8217;s dive into the conversation with Piet Maris. For a better understanding, check the page\u00a0<a href=\"https:\/\/belgianworldmusicnetwork.be\/en\/our-story\/\" target=\"_blank\" rel=\"noopener noreferrer\">History from the Network&#8217;s website<\/a>.<\/span><\/div>\n<div><span style=\"color: #ffffff;\">.<\/span><\/div>\n<div><span style=\"font-family: open sans, helvetica neue, helvetica, arial, sans-serif;\"><strong><img loading=\"lazy\" decoding=\"async\" class=\"alignright\" src=\"https:\/\/mcusercontent.com\/993c677d53044839b1b39b2dc\/images\/b2109a81-4d2d-fa15-e901-5c312ef6d398.jpg\" width=\"324\" height=\"472\" align=\"right\" data-file-id=\"5112542\" \/><\/strong><\/span><\/div>\n<p><strong style=\"color: #747474; font-family: 'Open Sans', sans-serif; font-size: 14px;\">Mapamundi M\u00fasica: Back to the beginning, on the website you say &#8220;In 2012 it became clear that a federation needed to be founded.&#8221; Why was it clear? Which was the vision for that federation at that time?<\/strong><\/p>\n<div>\n<p><strong>Piet Maris \/ Belgian World Music Network:\u00a0<\/strong>We observed with various players in the field (musicians, collectives, agents, promotors, journalists) that world music was being pushed away in our media, more and more, in favour of mainstream musical programming.<\/p>\n<p>At the same time, we felt little organised as a sector for the genre: everyone was a bit isolated in organising activities. So the aim was to bring the sector together and put world music (back) on the agenda.<\/p>\n<p>The first 2 years, the network was organising and active only at the Dutch-Speaking side of the country, but fell silent somehow. Things were not organised in a structural way at at that time. The organisation was still a\u00a0<em>de facto<\/em>\u00a0association, in which dynamics depended mostly on the initiative of a few people.<\/p>\n<p>A few years later, out of the same frustration, a new media campaign was launched towards the Dutch-speaking National Radio, demanding to pay more attention to specific musical genres and world music in particular. In 2017 then, we decided with some key players to take on the network in a broader, more serious set-up, stretching it to the other side of the country as well &#8211; to the French-speaking side. From then on we started organising and communicating in and towards the two languages, Dutch and French, seeking to represent the sector for the whole of Belgium.<\/p>\n<p><strong>MM:\u00a0How did you translate that into more concrete objectives, how did you set the main lines of activity to develop?\u00a0<\/strong><\/p>\n<p><strong>PM:\u00a0<\/strong>As concrete objectives, we formulated:<br \/>\n&#8211; Creating more opportunities, both nationally and internationally, for world music production in Belgium<br \/>\n&#8211; Promoting cooperation and reflection in the sector<br \/>\n&#8211; Creating more attention for world music in the media, in education and in politics<br \/>\n&#8211; Positively portraying the social diversity through music<br \/>\n&#8211; Asking attention for the situation of the artists (correct salaries, statute, \u2026)<\/p>\n<p>And to be able to organise all that and guarantee continuity, we \u201cprofessionalised\u201d the network, making it a &#8220;vzw\/asbl&#8221;, a non-profit association, with a board.<\/p>\n<p><strong>MM:\u00a0After meetings on a regular basis, the non-profit association was officially established in 2019. So they were 7 years of work to give shape to the network. Why was it so long? Which were the most complicated issues to agree on?\u00a0\u00a0<\/strong><\/p>\n<p><strong>PM:\u00a0<\/strong>Cfr. here above: it\u2019s not that we disagreed, but the network activity fell silent for some time. It was only after picking the network up again in 2017 again in a structural way and on a national level, that things indeed got more serious.<\/p>\n<p><strong>MM:\u00a0You have at least 3 and at most 11 directors in the board of directors. The rules for the elections and re-elections periods are clearly set. And you have 51 active members (organizations) and 30 associate members (individuals). It seems there are a lot of voices and also, in the field in which we operate, there is a very great diversity in all senses of the word. What is the decision-making process like?<\/strong><\/p>\n<p><strong>PM:\u00a0<\/strong>Decision-making within the network is based on consensus, themes and goals being initiated by the members of the board. But the sector is also widely consulted to determine whether objectives are correct or should be added, as we\u2019ll do at the upcoming on-line meeting on Friday 21 May, not coincidentally on the World Day for Cultural Diversity.<\/p>\n<p><strong>MM:\u00a0How do you organise the work? Do you have thematic working groups, with volunteers, or in other ways?<\/strong><\/p>\n<p><strong>PM:\u00a0<\/strong>Up till now, the work has been done by the active board members. For one theme, \u201cWorld Music, what\u2019s in a Name?\u201d (reflection on the term World Music, whether it should be kept or replaced as a term in general but also as part of the network\u2019s name), a working group has been formed with extra players from the sector. On a longer term, on some of our objectives, we want to organise more working groups like this one.<\/p>\n<p><strong>MM:\u00a0Do you have any secretarial or administrative staff?\u00a0<\/strong><\/p>\n<p><strong>PM:\u00a0<\/strong>For more than 4 years, we ran everything on a voluntary basis with our board, without a real secretarial or administrative staff. But very recently, we recruited an administrative support: H\u00e9l\u00e8ne Spitaels is now working for the BWMN, on a part time basis, since end of March 21.<\/p>\n<div>\n<p><strong>MM:\u00a0Which have been the main challenges during this time?<\/strong><\/p>\n<p><strong>PM:\u00a0<\/strong>You mean the last Corona-year? The main challenge has been to guarantee continuity, keeping together the network and the sector; but also organising our activities: scheduling, postponing, rescheduling&#8230; The showcases for 2020 which were due for May 20 but have been postponed twice and in the end have been broadcasted in February 21. The meeting, each year normally in May, has been split up in several digital meetings in May, November and December 21, converted in days with digital workshops, presentations, webinars and virtual meetings&#8230;<\/p>\n<p><strong>MM:\u00a0Now, 9 years later, we are in an extraordinarily complicated moment, because of the pandemic, but leaving aside what the last year has been like, how do you assess the achievements of the Network?<\/strong><\/p>\n<p><strong>PM:\u00a0<\/strong>Well, at least, we still exist, that\u2019s already an achievement \ud83d\ude42 No, seriously, I think the achievement standing out the most in everyone\u2019s perception is the fact that we manage to organise our national meeting and showcase night on a yearly basis, for the fourth time now (consecutively since 2018). The Belgian World Music Meeting and Night really do mean a significant impulse for the sector. On a less notable level: we represent the sector on various levels of consultation, in different councils at both sides of the country and even towards the national media. Then again, the latter results in a yearly collaboration with the Dutch speaking\u00a0<em>National VRT Radio 1\u00a0<\/em>on the broadcast for \u201c<em>Reis Rond de Wereld<\/em>\u201d (Travel around the World) and different world music radio sessions, on the occasion of the Belgian World Music Meeting and the\u00a0<em>World Day for Cultural Diversity<\/em>\u00a0(21st of May) as in a yearly collaboration with the French speaking\u00a0<em>National RTBF Radio La Premi\u00e8re<\/em>, on a more diverse programming on that very 21st of May, with extra help and attention from La Premi\u00e8re\u2019s world music program\u00a0<em>Le Monde Est Un Village<\/em>\u00a0&#8211; program which supports the whole sector (us included) significantly throughout the year.<\/p>\n<p><strong>MM:\u00a0If you want to announce anything or add any relevant insight, this is the moment.\u00a0<\/strong><\/p>\n<p><strong>PM:\u00a0<\/strong>Check out the showcases on the 23rd of May and to get in the mood, check out the BWMN Spotify-playlists! If you\u2019re curious about what is happening in Belgium on the level of world music production, those playlists offer already a pretty good idea.<br \/>\n\u00b7\u00a0<a href=\"https:\/\/open.spotify.com\/playlist\/42YyDlKMVC71G53dkbOz8J?si=dfff0ff9cfc54799\" target=\"_blank\" rel=\"noopener noreferrer\">B<span style=\"text-decoration: underline;\">el Mundo: Music from the Belgian World #2<\/span><\/a>\u00a0= playlist which has been playing in the Brussels Metro on the 8th of February, all day, on the occasion of the opening of the Belgian Music Week and the broadcasting of the showcases 2020 that same day (the list also includes the names of the longlist for the 2020 showcase selection).<br \/>\n\u00b7\u00a0<span style=\"text-decoration: underline;\"><a href=\"https:\/\/open.spotify.com\/playlist\/4mDly7vdLLdIBdyfKJ8gxJ?si=2c10111aaa2045ce\" target=\"_blank\" rel=\"noopener noreferrer\">Belgian World Music Network Longlist 2021<\/a><\/span>\u00a0= playlist with the names on the longlist for showcase selection 2021.<\/p>\n<p>Credits:<\/p>\n<\/div>\n<ul>\n<li><span style=\"font-size: 10pt;\">Logo, from the<span style=\"text-decoration: underline;\">\u00a0<a href=\"https:\/\/www.facebook.com\/belgianworldmusicnetwork\" target=\"_blank\" rel=\"noopener noreferrer\">Facebook page of the Network<\/a><\/span><\/span><\/li>\n<li><span style=\"font-size: 10pt;\">Portrait of Piet, provided by himself<\/span><\/li>\n<\/ul>\n<div>\n<table style=\"width: 100%;\" border=\"0\" cellspacing=\"0\" cellpadding=\"0\" align=\"left\">\n<tbody>\n<tr>\n<td class=\"mcnShareIconContent\" style=\"width: 5.88364%;\" align=\"center\" valign=\"middle\" width=\"24\"><a href=\"http:\/\/us13.forward-to-friend.com\/forward?u=993c677d53044839b1b39b2dc&amp;id=54f9bef19f&amp;e=[UNIQID]\" target=\"_blank\" rel=\"noopener noreferrer\"><img loading=\"lazy\" decoding=\"async\" class=\"\" src=\"https:\/\/cdn-images.mailchimp.com\/icons\/social-block-v2\/outline-dark-forwardtofriend-48.png\" alt=\"Forward to a friend right from here\" width=\"46\" height=\"46\" \/><\/a><\/td>\n<td class=\"mcnShareTextContent\" style=\"width: 93.9923%;\" align=\"left\" valign=\"middle\"><a href=\"http:\/\/us13.forward-to-friend.com\/forward?u=993c677d53044839b1b39b2dc&amp;id=54f9bef19f&amp;e=[UNIQID]\" target=\"\" rel=\"noopener noreferrer\">Forward to a friend right from here<\/a><\/td>\n<\/tr>\n<\/tbody>\n<\/table>\n<\/div>\n<div><\/div>\n<div><\/div>\n<div><\/div>\n<div><\/div>\n<div>\n<table style=\"width: 100%;\" border=\"0\" cellspacing=\"0\" cellpadding=\"0\" align=\"left\">\n<tbody>\n<tr>\n<td class=\"mcnShareIconContent\" style=\"width: 6.18515%;\" align=\"center\" valign=\"middle\" width=\"24\"><a href=\"http:\/\/www.facebook.com\/sharer\/sharer.php?u=http%3A%2F%2Feepurl.com%2FhyQXGL\" target=\"_blank\" rel=\"noopener noreferrer\"><img loading=\"lazy\" decoding=\"async\" class=\"\" src=\"https:\/\/cdn-images.mailchimp.com\/icons\/social-block-v2\/outline-dark-facebook-48.png\" alt=\"Share to FB right from here\" width=\"40\" height=\"40\" \/><\/a><\/td>\n<td class=\"mcnShareTextContent\" style=\"width: 93.6908%;\" align=\"left\" valign=\"middle\"><a href=\"http:\/\/www.facebook.com\/sharer\/sharer.php?u=http%3A%2F%2Feepurl.com%2FhyQXGL\" target=\"\" rel=\"noopener noreferrer\">Share to FB right from here<\/a><\/td>\n<\/tr>\n<\/tbody>\n<\/table>\n<\/div>\n<div><\/div>\n<div><\/div>\n<div><\/div>\n<p>&nbsp;<\/p>\n<hr \/>\n<\/div>\n<div><\/div>\n<h2><span style=\"font-family: open sans, helvetica neue, helvetica, arial, sans-serif;\"><strong>IN DEPTH WITH\u00a0KEN DAY, FROM D TOURS<\/strong><\/span><\/h2>\n<div>\n<p><span style=\"font-family: open sans, helvetica neue, helvetica, arial, sans-serif;\"><strong>I have already mentioned AGIMA above. The portrait of Ken Day, here below, is from the video welcoming to the AGIMA Showcase Festival, available\u00a0<span style=\"text-decoration: underline;\"><a href=\"http:\/\/agima.live\/showcase.html\" target=\"_blank\" rel=\"noopener noreferrer\">here<\/a><\/span>. By the way, that video and all the others for that showcase have been edited by\u00a0Feliks Volo\u017e (Juliana&#8217;s son).<\/strong><\/span><\/p>\n<p>I met Ken Day many years ago in Varna, Bulgaria, at the Without Borders meeting, which takes place some years and is organised by Yasen Kazandjiev. Ken is the director of the Urkult Festival, which we talked about in\u00a0<a href=\"http:\/\/www.mapamundimusica.com\/en\/newsletter\/10-april-2019\/\" target=\"_blank\" rel=\"noopener noreferrer\">this previous edition<\/a>. Ken is the founder of AGIMA, he started it when it didn&#8217;t even have a name. As with Juliana Volo\u017e, who shared her thoughts with us in\u00a0<a href=\"http:\/\/www.mapamundimusica.com\/en\/newsletter\/magazine-34-apr21-the-vision-of-cosmopolis-festival-alkis-zopoglou-talk-with-juliana-voloz-and-by-mapamundi-musica\/\" target=\"_blank\" rel=\"noopener noreferrer\">the edition before this one<\/a>, I have been in regular contact with Ken during this last fateful year. And now I talk to him from the point of view of an agent for world music artists with his brand\u00a0<a href=\"https:\/\/www.dtours.org\/\" target=\"_blank\" rel=\"noopener noreferrer\">D Tours<\/a>. I think his multifaceted experience is of great interest. I hope you enjoy it.<\/p>\n<hr \/>\n<\/div>\n<div>\n<div>\n<p><strong style=\"font-family: 'open sans', 'helvetica neue', helvetica, arial, sans-serif;\"><img loading=\"lazy\" decoding=\"async\" class=\"aligncenter\" src=\"https:\/\/mcusercontent.com\/993c677d53044839b1b39b2dc\/images\/83c5607a-cd0b-8fd0-73e3-f716742aa134.png\" width=\"903\" height=\"511\" align=\"right\" data-file-id=\"5112654\" \/><\/strong><\/p>\n<p>&nbsp;<\/p>\n<p><strong>Mapamundi M\u00fasica &#8211; Which is your background, what made you become an agent for world music artists?\u00a0<\/strong><\/p>\n<p><strong>Ken Day<\/strong>\u00a0&#8211; My background in music goes way back.\u00a0I have had musician friends since the 1960s. My interests first were in jazz and blues.\u00a0In the 1970s I worked for a while at\u00a0<a href=\"https:\/\/creativemusic.org\/about\/\" target=\"_blank\" rel=\"noopener noreferrer\">Creative Music Studio<\/a>\u00a0near Woodstock, New York, a music school focused on improvisation.\u00a0I was hired as an administrative assistant working with booking musicians affiliated with the school. When I arrived, we added so-called \u201cworld music\u201d to the curriculum.\u00a0I worked with these musicians in finding them jobs outside of the school. It was here I met many, many musicians from all over the world, like Don Cherry, Nana Vasconcelos, Trilok Gurtu, The Konte Family, etc. \u00a0Too many to name.\u00a0Many connections were made there that lasted, some even to this day.\u00a0That\u2019s how I became an agent!\u00a0No formal training or schooling&#8230; just enthusiasm and contacts.<\/p>\n<p><strong>MM &#8211; From your training, education, previous experiences, which ones of the skills or knowledge you got have been the most useful for your career as an agent of musicians?\u00a0<\/strong><\/p>\n<p><strong>KD &#8211;\u00a0<\/strong>My connections have been most important to me as an agent. And my years as a tour manager for many, many artists such as Youssou Ndour, Abdulla Ibrahim, Mandingo Griot Society, etc. On the road training! Can\u2019t beat it.<\/p>\n<p><strong>MM &#8211; Apart from that or those skills, which other do you think are essential to succeed in this field of work?\u00a0<\/strong><\/p>\n<p><strong>KD &#8211;\u00a0<\/strong>What you need is enthusiasm and patience attention to details, and persistency!<\/p>\n<p><strong>MM &#8211;\u00a0Any particular advice for a fellow newcomer or someone who wants to get started in this field?<\/strong><\/p>\n<p><strong>KD &#8211;\u00a0<\/strong>Advice to newcomers: Keep your enthusiasm and hopefully have a proper job alongside of your booking agent work. It\u2019s tough in the start.\u00a0The money is not good, especially these days. But persist and keep trying and choose your artists carefully.<\/p>\n<p><strong>MM &#8211; And now, for the artists. I&#8217;m sure you get requests from artists every day to be their manager. I am sure because it happens to me too, and many colleagues tell me the same thing. Do you have any recommendations for the artists, so that they can improve the way they communicate when they do it for this purpose?<\/strong><\/p>\n<p><strong>KD &#8211;<\/strong>\u00a0Advice to artists: be prepared to do a lot yourself.\u00a0Make sure that you have good promo materials, proper live videos, photos, bios, etc. And a burning desire to succeed and don\u2019t give up! Use all your social networking skills\u2026 Think modern\u2026 Think creatively and don\u2019t give up!<\/p>\n<p><strong>MM &#8211; Do you think it makes sense for the artists to try to find an agent? Have you ever started a stable collaboration with a band or artist that approached you in their search of an agent?\u00a0<\/strong><\/p>\n<p><strong>KD &#8211;\u00a0<\/strong>It does make sense to try and find an agent, when the artist has the basics of great music, good promotion, enthusiasm, and willingness to put in the work. I have long term relationships with many artists, such as Kroke, Cristina Branco, Hoven Droven, Ellika Solo Rafael, the late Cesaria Evora and others.<\/p>\n<p><strong>MM &#8211; I think there will be still, at least for many years, a lot of artists and a much smaller number of agents, that is the current situation. This makes me think that we are not in a very interesting business, otherwise there would be many more agents working in world music. Nevertheless, it seems the artists require us. Something seems to be wrong, what is it?<\/strong><\/p>\n<p><strong>KD &#8211;<\/strong>\u00a0The main problem I think is that there are many, many artists. Too many for all to make a living. And only a very few truly magical artists. That\u2019s what I look for\u2026 the artist that really stands out. The potential \u201cheadline act\u201d \u2026 not just a festival filler. And there are not enough venues or festivals.<\/p>\n<p><strong>MM &#8211; Especially in the last year, many of us, independent agents or micro-companies, have felt a bit alone and misunderstood. I have heard claims from colleagues from different countries arguing they have not been considered in the support for the arts after the ravages of the pandemic. My experience in Spain has not been exactly like that (I have got support because I am an independent worker in a field with loss of income, not because I worked with art, and the support in Spain depends a lot on the region, so the situation is a bit complex), but i think this has been your experience in Sweden. With this in mind, I have several questions:<\/strong><\/p>\n<p style=\"padding-left: 40px;\"><strong>o\u00a0\u00a0 \u00a0We are required by the artists but, at the same time, it seems we are a bit invisible. Do you feel that?<\/strong><\/p>\n<p><strong>KD &#8211;\u00a0<\/strong>I also think that the small agents\u2026 the \u201clone wolves\u201d and micro businesses have been ignored by the cultural mainstream and institutions in general. This is one of the main reasons to start AGIMA\u2026 so that we can become more visible as a group and have out voices heard. As a group we are so much stronger that each on their own.<\/p>\n<p style=\"padding-left: 40px;\"><strong>o\u00a0\u00a0 \u00a0How could we explain briefly which is the value we, the agents, provide to the value chain?\u00a0<\/strong><\/p>\n<p><strong>KD &#8211;<\/strong>\u00a0We independent agents are a vital link between the artist and the presenters. We are so important in this infrastructure.<\/p>\n<p><strong>MM &#8211;\u00a0My last question. Explain in one or two sentences, to the wider culture community, the reasons to book musicians from around the world that give a relevant presence to their roots.\u00a0<\/strong><\/p>\n<p><strong>KD &#8211;<\/strong>\u00a0I think you should book musicians from around the world to reflect the global world we live in. It\u2019s also a way for people who have become displaced because of war, poverty, or naturel disasters, and who have been forced to relocated and start new lives in unfamiliar surroundings to keep a connection with \u201chome\u201d. And\u00a0also a way for curious people to be influenced by new music, new culture\u2026. We are all in this together!<\/p>\n<p>Credits:<\/p>\n<\/div>\n<ul>\n<li><span style=\"font-size: 10pt;\">Portrait, from the video of <span style=\"text-decoration: underline;\">AGIMA&#8217;s website,<\/span> as mentioned above.<\/span><\/li>\n<\/ul>\n<hr \/>\n<\/div>\n<div><\/div>\n<div>\n<table style=\"width: 100%;\" border=\"0\" cellspacing=\"0\" cellpadding=\"0\" align=\"left\">\n<tbody>\n<tr>\n<td class=\"mcnShareIconContent\" style=\"width: 5.88364%;\" align=\"center\" valign=\"middle\" width=\"24\"><a href=\"http:\/\/us13.forward-to-friend.com\/forward?u=993c677d53044839b1b39b2dc&amp;id=54f9bef19f&amp;e=[UNIQID]\" target=\"_blank\" rel=\"noopener noreferrer\"><img loading=\"lazy\" decoding=\"async\" class=\"\" src=\"https:\/\/cdn-images.mailchimp.com\/icons\/social-block-v2\/outline-dark-forwardtofriend-48.png\" alt=\"Forward to a friend right from here\" width=\"46\" height=\"46\" \/><\/a><\/td>\n<td class=\"mcnShareTextContent\" style=\"width: 93.9923%;\" align=\"left\" valign=\"middle\"><a href=\"http:\/\/us13.forward-to-friend.com\/forward?u=993c677d53044839b1b39b2dc&amp;id=54f9bef19f&amp;e=[UNIQID]\" target=\"\" rel=\"noopener noreferrer\">Forward to a friend right from here<\/a><\/td>\n<\/tr>\n<\/tbody>\n<\/table>\n<\/div>\n<div><\/div>\n<div><\/div>\n<div><\/div>\n<div><\/div>\n<div>\n<table style=\"width: 100%;\" border=\"0\" cellspacing=\"0\" cellpadding=\"0\" align=\"left\">\n<tbody>\n<tr>\n<td class=\"mcnShareIconContent\" style=\"width: 6.18515%;\" align=\"center\" valign=\"middle\" width=\"24\"><a href=\"http:\/\/www.facebook.com\/sharer\/sharer.php?u=http%3A%2F%2Feepurl.com%2FhyQXGL\" target=\"_blank\" rel=\"noopener noreferrer\"><img loading=\"lazy\" decoding=\"async\" class=\"\" src=\"https:\/\/cdn-images.mailchimp.com\/icons\/social-block-v2\/outline-dark-facebook-48.png\" alt=\"Share to FB right from here\" width=\"40\" height=\"40\" \/><\/a><\/td>\n<td class=\"mcnShareTextContent\" style=\"width: 93.6908%;\" align=\"left\" valign=\"middle\"><a href=\"http:\/\/www.facebook.com\/sharer\/sharer.php?u=http%3A%2F%2Feepurl.com%2FhyQXGL\" target=\"\" rel=\"noopener noreferrer\">Share to FB right from here<\/a><\/td>\n<\/tr>\n<\/tbody>\n<\/table>\n<\/div>\n<div><\/div>\n<div><\/div>\n<div><\/div>\n<p>&nbsp;<\/p>\n<hr \/>\n<h2><strong>BRIEF NEWS FROM THE MEDIA, CHARTS AND SISTER PROJECTS<\/strong><\/h2>\n<ul>\n<li><span style=\"font-family: 'open sans', 'helvetica neue', helvetica, arial, sans-serif;\">About\u00a0<a href=\"http:\/\/www.mundofonias.com\/\" target=\"_blank\" rel=\"noopener noreferrer\">Mundofon\u00edas<\/a>,\u00a0our monthly\u00a0<strong>favourites\u00a0<\/strong>are the albums:<em>\u00a0Manbarani<\/em>, by Natik Awayez,\u00a0<em>Levaino!<\/em>\u00a0by Xurxo Fernandes and\u00a0<em>Djourou\u00a0<\/em>by Ballake\u0301 Sissoko.<em>\u00a0<\/em><a href=\"http:\/\/mundofonias.com\/wp\/?p=5363\" target=\"_blank\" rel=\"noopener noreferrer\">This is the edition<\/a>\u00a0in which we announced them.<\/span><\/li>\n<li><span style=\"font-family: 'open sans', 'helvetica neue', helvetica, arial, sans-serif;\">And #1 for\u00a0<a href=\"http:\/\/www.transglobalwmc.com\/\" target=\"_blank\" rel=\"noopener noreferrer\">Transglobal World Music Chart<\/a>\u00a0in May 2021:\u00a0<em>Djourou\u00a0<\/em>by Ballake\u0301 Sissoko.<\/span><\/li>\n<\/ul>\n<hr \/>\n<h2 style=\"text-align: center;\"><strong>Do you have a call of interest for our community that you want to share? Let me know asap<\/strong><\/h2>\n<hr \/>\n<h2><strong>OPEN CALLS AND PROFESSIONAL EVENTS<\/strong><\/h2>\n<div>\n<ul>\n<li><span style=\"font-family: 'open sans', 'helvetica neue', helvetica, arial, sans-serif;\"><strong>European Folk Network<\/strong><\/span><img loading=\"lazy\" decoding=\"async\" src=\"https:\/\/mcusercontent.com\/993c677d53044839b1b39b2dc\/images\/cc6080e1-49db-4d04-969d-c5412b8a168d.png\" width=\"200\" height=\"200\" align=\"right\" data-file-id=\"4734498\" \/><\/li>\n<\/ul>\n<p><span style=\"font-family: 'open sans', 'helvetica neue', helvetica, arial, sans-serif;\"><strong>Wednesday, June 9th<\/strong>. It will take place the third session of the\u00a0<a href=\"https:\/\/www.europeanfolknetwork.com\/\" target=\"_blank\" rel=\"noopener noreferrer\">European Folk Network<\/a>\u00a0virtual meeting, &#8220;Spring\u00a0Forward #3&#8221;. You can\u00a0register for the third\u00a0edition,\u00a0<a href=\"https:\/\/www.eventbrite.co.uk\/e\/efn-spring-forward-meeting-3-tickets-141874495435\" target=\"_blank\" rel=\"noopener noreferrer\">here<\/a>.\u00a0<\/span><\/p>\n<\/div>\n<ul>\n<li><span style=\"font-family: 'open sans', 'helvetica neue', helvetica, arial, sans-serif;\"><strong>Mundial Montreal &#8211;<\/strong><\/span><span style=\"font-family: open sans, helvetica neue, helvetica, arial, sans-serif;\"><strong>\u00a0job opportunity for communications and marketing coordinator!\u00a0<\/strong><\/span><\/li>\n<\/ul>\n<p><span style=\"font-family: 'open sans', 'helvetica neue', helvetica, arial, sans-serif;\">In the previous edition of this newsletter, the announced opportunity was for event producer. So note that this is a new one. It was announced to be open until day 14th but it seems to be still open, check\u00a0<a href=\"https:\/\/www.grenier.qc.ca\/emplois\/49022\/coordonnateurtrice-aux-communications-et-marketing-mundial-montreal\" target=\"_blank\" rel=\"noopener noreferrer\">here<\/a>. And their last post in Facebook is this opportunity. Besides, that, artist submissions period will be open soon.\u00a0<\/span><\/p>\n<ul>\n<li><span style=\"font-family: 'open sans', 'helvetica neue', helvetica, arial, sans-serif;\"><strong>Afro Pepites arts market opens the call for artists until 31st of September<\/strong><\/span><\/li>\n<\/ul>\n<p>This call is open to artists from Africa, the Caribbean, Venezuela, Brazil, Colombia, Haiti, Jamaica, Cuba or any other artists inspired by Africa. The registration form is\u00a0<span style=\"text-decoration: underline;\"><a href=\"https:\/\/lereveafricain.wixsite.com\/afropepiteshow\/aps11-registration\" target=\"_blank\" rel=\"noopener noreferrer\">here<\/a><\/span>.<\/p>\n<ul>\n<li><span style=\"font-family: 'open sans', 'helvetica neue', helvetica, arial, sans-serif;\"><strong>Premio (Award) Andrea Parodi &#8211; open call for artists until\u00a0May 31st<\/strong><\/span><\/li>\n<\/ul>\n<div>\n<p><span style=\"font-family: 'open sans', 'helvetica neue', helvetica, arial, sans-serif;\">The winners of the edition of 2020, that has been postponed until the last weekend, are announced\u00a0<span style=\"text-decoration: underline;\"><a href=\"https:\/\/www.facebook.com\/permalink.php?story_fbid=309246037439759&amp;id=100050630942979\" target=\"_blank\" rel=\"noopener noreferrer\">here<\/a><\/span>.\u00a0Maria Mazzotta has been awarded with the International Critic Award. My partner Juan Antonio V\u00e1zquez has been part of the jury, together with Sergio Albertoni, Andrew Cronshaw, Petr Dor\u016f\u017eka, Edyta \u0141ubi\u0144ska and Piotr Pucy\u0142o.<\/span><\/p>\n<p>This Award is announced as &#8220;the only European contest for World Music artists&#8221;, it is addressed to artists coming from all over the world. The registration is free, and the deadline is 31st May 2021. The finals will be held in autumn in Cagliari (Sardinia). Applications must be sent through the format found online on\u00a0<a href=\"http:\/\/www.fondazioneandreaparodi.it\/\" target=\"_blank\" rel=\"noopener noreferrer\">www.fondazioneandreaparodi.it<\/a>. The prize for the Winner includes concerts and performances in some of the partner music festivals in their 2022 editions, not forgetting the very same Premio Andrea Parodi 2022.\u00a0In addition to the aforementioned, the winners will be entitled to a \u20ac 2,500 scholarship. Whereas the winner of the Critics&#8217; Awards will have a professional videoclip of their competition song produced, offered by the Andrea Parodi Foundation. This is the\u00a0<a href=\"https:\/\/www.facebook.com\/photo\/?fbid=301867464844283&amp;set=a.181898623507835\" target=\"_blank\" rel=\"noopener noreferrer\">Facebook cover<\/a>\u00a0for the edition of the last weekend (2020&#8217;s postponed to 2021):<\/p>\n<\/div>\n<div><span style=\"color: #000000; font-family: open sans, helvetica neue, helvetica, arial, sans-serif;\"><img loading=\"lazy\" decoding=\"async\" class=\"aligncenter\" src=\"https:\/\/mcusercontent.com\/993c677d53044839b1b39b2dc\/images\/42418729-14c7-0ba1-1c86-e70a50a29f8f.jpg\" width=\"763\" height=\"282\" align=\"center\" data-file-id=\"5112714\" \/><\/span><\/div>\n<hr \/>\n<p>&nbsp;<\/p>\n<h1><strong>WHO WE ARE AND SISTER PROJECTS<\/strong><strong>\u00a0<\/strong><\/h1>\n<p>Mapamundi M\u00fasica is an agency of management and booking.\u00a0<a href=\"http:\/\/www.mapamundimusica.com\/en\/\" target=\"_blank\" rel=\"noopener noreferrer\">Learn more here<\/a>. Check our proposals at\u00a0<a href=\"http:\/\/www.mapamundimusica.com\/\" target=\"_blank\" rel=\"noopener noreferrer\">our website<\/a>.<\/p>\n<p>We also offer you our\u00a0<a href=\"http:\/\/www.mundofonias.com\/\" target=\"_blank\" rel=\"noopener noreferrer\">Mundofon\u00edas<\/a>\u00a0radio show, probably the leader about world music in Spanish language (on 50 stations in 18 countries). We produce\u00a0the\u00a0<a href=\"http:\/\/www.transglobalwmc.com\/\" target=\"_blank\" rel=\"noopener noreferrer\">Transglobal World Music Chart<\/a>\u00a0with our partner \u00c1ngel Romero from WorldMusicCentral.com.<\/p>\n<p>Feel free to request info if you wish. For further information about us,\u00a0<strong>get in touch by email, telephone (+34 676 30 28 82),\u00a0<a href=\"http:\/\/www.mapamundimusica.com\/en\/contacto\/\" target=\"_blank\" rel=\"noopener noreferrer\">our website<\/a>\u00a0or at\u00a0<a href=\"https:\/\/www.facebook.com\/mapamundimusica\/\" target=\"_blank\" rel=\"noopener noreferrer\">our Facebook<\/a>.\u00a0<\/strong><\/p>\n<p>&nbsp;<\/p>\n<hr \/>\n<p>&nbsp;<\/p>\n<p><span style=\"font-family: open sans, helvetica neue, helvetica, arial, sans-serif;\"><strong>This newsletter is open to sponsorship. Feel free to ask for details.<\/strong><\/span><\/p>\n<p>&nbsp;<\/p>","protected":false},"excerpt":{"rendered":"<p>Summary\u00a0? Next Thursday, Conference on\u00a0Digital Transformation and Resilience in Culture\u00a0(event in Spanish) In depth with the\u00a0Belgian World Music Association, Piet Maris as spokesperson. Their showcase is next Sunday! In depth with\u00a0Ken Day, from D Tours, about being an independent agent\u00a0 Brief news\u00a0from the media, charts and sister projects Open calls\u00a0and professional events. Premio Andrea Parodi [&hellip;]<\/p>\n","protected":false},"author":1,"featured_media":0,"comment_status":"closed","ping_status":"open","sticky":false,"template":"","format":"standard","meta":{"footnotes":""},"categories":[19],"tags":[],"class_list":["post-2735","post","type-post","status-publish","format-standard","hentry","category-newsletter"],"_links":{"self":[{"href":"https:\/\/www.mapamundimusica.com\/en\/wp-json\/wp\/v2\/posts\/2735","targetHints":{"allow":["GET"]}}],"collection":[{"href":"https:\/\/www.mapamundimusica.com\/en\/wp-json\/wp\/v2\/posts"}],"about":[{"href":"https:\/\/www.mapamundimusica.com\/en\/wp-json\/wp\/v2\/types\/post"}],"author":[{"embeddable":true,"href":"https:\/\/www.mapamundimusica.com\/en\/wp-json\/wp\/v2\/users\/1"}],"replies":[{"embeddable":true,"href":"https:\/\/www.mapamundimusica.com\/en\/wp-json\/wp\/v2\/comments?post=2735"}],"version-history":[{"count":9,"href":"https:\/\/www.mapamundimusica.com\/en\/wp-json\/wp\/v2\/posts\/2735\/revisions"}],"predecessor-version":[{"id":2744,"href":"https:\/\/www.mapamundimusica.com\/en\/wp-json\/wp\/v2\/posts\/2735\/revisions\/2744"}],"wp:attachment":[{"href":"https:\/\/www.mapamundimusica.com\/en\/wp-json\/wp\/v2\/media?parent=2735"}],"wp:term":[{"taxonomy":"category","embeddable":true,"href":"https:\/\/www.mapamundimusica.com\/en\/wp-json\/wp\/v2\/categories?post=2735"},{"taxonomy":"post_tag","embeddable":true,"href":"https:\/\/www.mapamundimusica.com\/en\/wp-json\/wp\/v2\/tags?post=2735"}],"curies":[{"name":"wp","href":"https:\/\/api.w.org\/{rel}","templated":true}]}}