{"id":2730,"date":"2021-05-18T10:00:04","date_gmt":"2021-05-18T08:00:04","guid":{"rendered":"http:\/\/www.mapamundimusica.com\/?p=2730"},"modified":"2021-05-18T10:03:12","modified_gmt":"2021-05-18T08:03:12","slug":"participation-in-the-conference-on-digital-transformation-and-resilience-in-culture-talking-about-conciertajo","status":"publish","type":"post","link":"https:\/\/www.mapamundimusica.com\/en\/whats-up-mapamundimusica\/participation-in-the-conference-on-digital-transformation-and-resilience-in-culture-talking-about-conciertajo\/","title":{"rendered":"Participation in the Conference on Digital Transformation and Resilience in Culture, talking about ConcierTajo"},"content":{"rendered":"<p><span data-offset-key=\"cl6sh-12-0\"><a href=\"https:\/\/agetec.org\/jornada-de-transformacion-digital-y-resiliencia-de-la-cultura-2021\/\"><img loading=\"lazy\" decoding=\"async\" class=\"alignright \" src=\"https:\/\/scontent.fmad10-1.fna.fbcdn.net\/v\/t1.6435-9\/187623048_3931641673551180_5736431908279890410_n.jpg?_nc_cat=107&amp;ccb=1-3&amp;_nc_sid=730e14&amp;_nc_ohc=u_gZO5pc_CsAX9fcv-Q&amp;_nc_ht=scontent.fmad10-1.fna&amp;oh=844fc203a17d0a8ac64fe066f67a96ba&amp;oe=60C956FF\" width=\"411\" height=\"231\" \/><\/a>Next Thursday May 20th I will participate in the Conference on Digital Transformation and Resilience in Culture organised by Agetec, the association of cultural managers of Madrid, in the round table about &#8220;Experiences of adaptation to the new cultural environment&#8221;. I will talk about the experience of ConcierTajo, the artistic event that Mapamundi M\u00fasica designed specifically for the online environment, for the ILO Office for Spain, with the musical band Vig\u00fcela. You can attend in person (with health measures, of course, and there are still a few places left) or in real time online. Check the complete program and register for free at: <\/span><strong><a href=\"https:\/\/agetec.org\/jornada-de-transformacion-digital-y-resiliencia-de-la-cultura-2021\/\"><span class=\"py34i1dx\">https:\/\/agetec.org\/jornada-de-transformacion-digital-y-resiliencia-de-la-cultura-2021\/<\/span><\/a><\/strong><\/p>\n<p>&#8211;<\/p>\n<p>Spanish:<\/p>\n<p><span data-offset-key=\"cl6sh-0-0\">El pr\u00f3ximo jueves d\u00eda 20 de mayo participar\u00e9 en la Jornada de Transformaci\u00f3n Digital y Resiliencia en la Cultura organizada por la <\/span><span class=\"diy96o5h\" spellcheck=\"false\" data-offset-key=\"cl6sh-1-0\"><span data-offset-key=\"cl6sh-1-0\">Asociaci\u00f3n de Gestores y T\u00e9cnicos Culturales de la Comunidad de Madrid<\/span><\/span>\u00a0<span class=\"diy96o5h\" spellcheck=\"false\" data-offset-key=\"cl6sh-3-0\"><span data-offset-key=\"cl6sh-3-0\">Agetec<\/span><\/span><span data-offset-key=\"cl6sh-4-0\">, en la mesa redonda acerca de &#8220;Experiencias de adaptaci\u00f3n al nuevo entorno cultural&#8221;. Hablar\u00e9 de la experiencia de ConcierTajo, el evento art\u00edstico que dise\u00f1amos espec\u00edficamente para el \u00e1mbito online, desde <\/span><span class=\"diy96o5h\" spellcheck=\"false\" data-offset-key=\"cl6sh-5-0\"><span data-offset-key=\"cl6sh-5-0\">Mapamundi M\u00fasica<\/span><\/span><span data-offset-key=\"cl6sh-6-0\"> para la <\/span><span class=\"diy96o5h\" spellcheck=\"false\" data-offset-key=\"cl6sh-7-0\"><span data-offset-key=\"cl6sh-7-0\">Oficina de la OIT para Espa\u00f1a<\/span><\/span><span data-offset-key=\"cl6sh-8-0\">, con el grupo musical <\/span><span class=\"diy96o5h\" spellcheck=\"false\" data-offset-key=\"cl6sh-9-0\"><span data-offset-key=\"cl6sh-9-0\">Vig\u00fcela<\/span><\/span><span data-offset-key=\"cl6sh-10-0\">. Se puede seguir de manera presencial (con las medidas de seguridad sanitarias, por supuesto, y a\u00fan quedan algunas plazas) o en tiempo real online. Consulta todo el programa e inscr\u00edbete en: <\/span><strong><a href=\"https:\/\/agetec.org\/jornada-de-transformacion-digital-y-resiliencia-de-la-cultura-2021\/\"><span class=\"py34i1dx\">https:\/\/agetec.org\/jornada-de-transformacion-digital-y-resiliencia-de-la-cultura-2021\/<\/span>\u00a0<\/a><\/strong><\/p>","protected":false},"excerpt":{"rendered":"<p>Next Thursday May 20th I will participate in the Conference on Digital Transformation and Resilience in Culture organised by Agetec, the association of cultural managers of Madrid, in the round table about &#8220;Experiences of adaptation to the new cultural environment&#8221;. I will talk about the experience of ConcierTajo, the artistic event that Mapamundi M\u00fasica designed [&hellip;]<\/p>\n","protected":false},"author":1,"featured_media":0,"comment_status":"closed","ping_status":"open","sticky":false,"template":"","format":"standard","meta":{"footnotes":""},"categories":[226],"tags":[],"class_list":["post-2730","post","type-post","status-publish","format-standard","hentry","category-whats-up-mapamundimusica"],"_links":{"self":[{"href":"https:\/\/www.mapamundimusica.com\/en\/wp-json\/wp\/v2\/posts\/2730","targetHints":{"allow":["GET"]}}],"collection":[{"href":"https:\/\/www.mapamundimusica.com\/en\/wp-json\/wp\/v2\/posts"}],"about":[{"href":"https:\/\/www.mapamundimusica.com\/en\/wp-json\/wp\/v2\/types\/post"}],"author":[{"embeddable":true,"href":"https:\/\/www.mapamundimusica.com\/en\/wp-json\/wp\/v2\/users\/1"}],"replies":[{"embeddable":true,"href":"https:\/\/www.mapamundimusica.com\/en\/wp-json\/wp\/v2\/comments?post=2730"}],"version-history":[{"count":4,"href":"https:\/\/www.mapamundimusica.com\/en\/wp-json\/wp\/v2\/posts\/2730\/revisions"}],"predecessor-version":[{"id":2734,"href":"https:\/\/www.mapamundimusica.com\/en\/wp-json\/wp\/v2\/posts\/2730\/revisions\/2734"}],"wp:attachment":[{"href":"https:\/\/www.mapamundimusica.com\/en\/wp-json\/wp\/v2\/media?parent=2730"}],"wp:term":[{"taxonomy":"category","embeddable":true,"href":"https:\/\/www.mapamundimusica.com\/en\/wp-json\/wp\/v2\/categories?post=2730"},{"taxonomy":"post_tag","embeddable":true,"href":"https:\/\/www.mapamundimusica.com\/en\/wp-json\/wp\/v2\/tags?post=2730"}],"curies":[{"name":"wp","href":"https:\/\/api.w.org\/{rel}","templated":true}]}}