{"id":2564,"date":"2020-11-18T00:42:56","date_gmt":"2020-11-17T23:42:56","guid":{"rendered":"http:\/\/www.mapamundimusica.com\/?p=2564"},"modified":"2020-11-18T00:58:46","modified_gmt":"2020-11-17T23:58:46","slug":"magazine-29-november20-thrilling-experience-by-kajsa-bacos-festivals-kamicak-etno-hillside-mundial-montreal-before-babel-music-xp-and","status":"publish","type":"post","link":"https:\/\/www.mapamundimusica.com\/en\/newsletter\/magazine-29-november20-thrilling-experience-by-kajsa-bacos-festivals-kamicak-etno-hillside-mundial-montreal-before-babel-music-xp-and\/","title":{"rendered":"Magazine #29 November\u201920 \u2013 Thrilling experience by Kajsa Bacos, festivals Kami\u010dak Etno &#038; Hillside, Mundial Montreal &#038; before-Babel Music XP and +!"},"content":{"rendered":"<p><\/p>\n<table style=\"border-collapse: collapse; width: 100%;\">\n<tbody>\n<tr>\n<td style=\"width: 100%; border-color: #e00000; border-style: solid; background-color: #f2eded;\"><span style=\"font-family: open sans, helvetica neue, helvetica, arial, sans-serif;\"><strong>Summary\u00a0<\/strong><\/span><span style=\"font-family: open sans, helvetica neue, helvetica, arial, sans-serif;\"><strong>?<\/strong><\/span><span style=\"color: #ffffff; font-family: open sans, helvetica neue, helvetica, arial, sans-serif;\">\u00a0<\/span><\/p>\n<ul>\n<li>A\u00a0relevant date\u00a0for our community (and a reason to be more than proud for me): before-Babel Music XP.<\/li>\n<li>A\u00a0thrilling experience\u00a0facing the pandemic with live music, by\u00a0Kajsa Bacos\u00a0from\u00a0Kulturverket Onsj\u00f6.<\/li>\n<li>Mini interviews with festival manager: An\u0111ela Gali\u0107 from\u00a0Kami\u010dak Etno Festival\u00a0and Samir Baijal from\u00a0Hillside Festival\u00a0(continuing the series of interviews about challenges for festivals and about MOST Music participants)<\/li>\n<li>News from the\u00a0charts\u00a0and sister projects<\/li>\n<li>What&#8217;s next?\u00a0Mundial Montreal\u00a0and\u00a0before-Babel Med XP!<\/li>\n<\/ul>\n<\/td>\n<\/tr>\n<\/tbody>\n<\/table>\n<div><img loading=\"lazy\" decoding=\"async\" src=\"https:\/\/mcusercontent.com\/993c677d53044839b1b39b2dc\/images\/99ebed13-1cca-4364-a30a-fadbe8cd1320.png\" width=\"170\" height=\"189\" align=\"left\" data-file-id=\"4912678\" \/> <span style=\"color: #747474; font-family: 'Open Sans', sans-serif; font-size: 14px;\">How are you? I hope well. I am not quite happy. My toilet has been flooded due to a breakdown, in a way that I thought that happened only in the films.\u00a0I am soaked and I am waiting for the plumber&#8230;\u00a0In the meantime, I got to close the water valve and\u00a0I don&#8217;t have water in the house and, did you know? We are in the middle of a pandemic ?<\/span><\/div>\n<div><span style=\"color: #ffffff;\">.<\/span><\/div>\n<div>\n<p>However, life goes on and during\u00a0the rest of this month there are some exciting events to pay attention to and interesting colleagues to learn from.<\/p>\n<p><span style=\"color: #ffffff;\">.<\/span><\/p>\n<\/div>\n<p style=\"text-align: center;\"><span style=\"font-size: 14pt;\"><strong>Do you want to share any useful experience\u00a0you have had during this difficult time or another content relevant for our community of the global music?<\/strong><\/span><\/p>\n<div>\n<p>Contact me. And if you find this interesting, share it with your friends. You can read the previous issues<strong>\u00a0<a href=\"http:\/\/www.mapamundimusica.com\/en\/category\/newsletter\/\" target=\"_blank\" rel=\"noopener noreferrer\">here<\/a>.\u00a0<\/strong><a href=\"https:\/\/soundcloud.com\/user-287446268\/sets\/mapamundi-musica-2020\"><img loading=\"lazy\" decoding=\"async\" class=\"alignright\" src=\"https:\/\/gallery.mailchimp.com\/993c677d53044839b1b39b2dc\/images\/ed76ef47-c18a-4b38-a584-e2b4eaaf9704.png\" width=\"80\" height=\"80\" align=\"left\" data-file-id=\"4480685\" \/><\/a><\/p>\n<p>Thanks for your attention and remember that during the reading you can listen to some great music by our artists collaborators\u00a0&#8211;&gt;<\/p>\n<\/div>\n<div>\n<p style=\"text-align: center;\"><strong>Araceli Tzigane |\u00a0info@mundimapa.com |\u00a0+34 676\u00a030 28 82\u00a0<\/strong><\/p>\n<p style=\"text-align: center;\"><strong>Subscription\u00a0<a href=\"http:\/\/www.mapamundimusica.com\/en\/contacto\/\" target=\"_blank\" rel=\"noopener noreferrer\">is available here<\/a>.<\/strong><\/p>\n<\/div>\n<hr \/>\n<h3><span style=\"font-family: 'open sans', 'helvetica neue', helvetica, arial, sans-serif;\"><strong>BRIEFTLY, A RELEVANT DATE FOR OUR COMMUNITY<\/strong><\/span><\/h3>\n<p>In the latest editions the rebirth of Babel Med, now Babel Music XP, have had some place. I am happy to remind you once more that the before-Babel will take place online on 26 and 27 of November and I will happy particitipate in a round table:\u00a0<a href=\"https:\/\/babelmusicxp.com\/conferences\/#intervenant-araceli-tzigane\" target=\"_blank\" rel=\"noopener noreferrer\">New collaborations and solidarity for professionals relaunching their careers<\/a>. It will be moderated by\u00a0Ludovic Tomas and I will share the table with\u00a0Birgit Ellinghaus, Umair Jaffar, Emad Mabrouk and\u00a0Amob\u00e9 M\u00e9v\u00e9gu\u00e9. What a pleasure.<\/p>\n<p><img loading=\"lazy\" decoding=\"async\" class=\"aligncenter\" src=\"https:\/\/mcusercontent.com\/993c677d53044839b1b39b2dc\/images\/285ceef7-6bab-4af2-b345-a3a307ddae05.png\" width=\"697\" height=\"144\" data-file-id=\"4912658\" \/><br \/>\nBy the way, if you want to learn more about me, check the\u00a0<span style=\"text-decoration: underline;\"><a href=\"https:\/\/worldmusiclabitaly.wordpress.com\/2020\/11\/03\/mapamundi-musica-intervista-con-araceli-tzigane\/\" target=\"_blank\" rel=\"noopener noreferrer\">interview<\/a><\/span>\u00a0that <strong>Erick van Monckhoven<\/strong> made me for his World Music Lab Italia. Remember I made an interview with him in\u00a0<a href=\"http:\/\/www.mapamundimusica.com\/en\/newsletter\/magazine-28-october20-mera-festival-world-music-lab-italy-a-success-story-and\/\" target=\"_blank\" rel=\"noopener noreferrer\">this previous edition<\/a>. I am pleased that he found my insights interesting and I opened totally.<\/p>\n<p>And the interview announced in the previous edition, with Noam Vazana in her project\u00a0<a href=\"https:\/\/www.facebook.com\/whydiymusic\" target=\"_blank\" rel=\"noopener noreferrer\">Why Do it Yourself Music<\/a>, is available\u00a0<span style=\"text-decoration: underline;\"><a href=\"https:\/\/www.facebook.com\/whydiymusic\/videos\/704734433758539\" target=\"_blank\" rel=\"noopener noreferrer\">here<\/a><\/span>. We talked more than one hour and it was really fantastic! I felt such an easy communication with this wise lady!<\/p>\n<hr \/>\n<table style=\"width: 100%; height: 32px;\" border=\"0\" cellspacing=\"0\" cellpadding=\"0\" align=\"left\">\n<tbody>\n<tr style=\"height: 32px;\">\n<td class=\"mcnShareIconContent\" style=\"width: 6.31011%; height: 32px;\" align=\"center\" valign=\"middle\" width=\"24\"><a href=\"http:\/\/us13.forward-to-friend.com\/forward?u=993c677d53044839b1b39b2dc&amp;id=41aca1e7f7&amp;e=[UNIQID]\" target=\"_blank\" rel=\"noopener noreferrer\"><img loading=\"lazy\" decoding=\"async\" class=\"\" src=\"https:\/\/cdn-images.mailchimp.com\/icons\/social-block-v2\/outline-dark-forwardtofriend-48.png\" alt=\"Forward to a friend right from here\" width=\"51\" height=\"51\" \/><\/a><\/td>\n<td class=\"mcnShareTextContent\" style=\"width: 93.5759%; height: 32px;\" align=\"left\" valign=\"middle\"><a href=\"http:\/\/us13.forward-to-friend.com\/forward?u=993c677d53044839b1b39b2dc&amp;id=41aca1e7f7&amp;e=[UNIQID]\" target=\"\" rel=\"noopener noreferrer\">Forward to a friend right from here<\/a><\/td>\n<\/tr>\n<\/tbody>\n<\/table>\n<table style=\"width: 100%;\" border=\"0\" cellspacing=\"0\" cellpadding=\"0\" align=\"left\">\n<tbody>\n<tr>\n<td class=\"mcnShareIconContent\" style=\"width: 6.23958%;\" align=\"center\" valign=\"middle\" width=\"24\"><a href=\"http:\/\/www.facebook.com\/sharer\/sharer.php?u=https%3A%2F%2Fmailchi.mp%2Ff6e1cb9c1500%2Fnewsletternovember20\" target=\"_blank\" rel=\"noopener noreferrer\"><img loading=\"lazy\" decoding=\"async\" class=\"\" src=\"https:\/\/cdn-images.mailchimp.com\/icons\/social-block-v2\/outline-dark-facebook-48.png\" alt=\"Share to FB right from here\" width=\"44\" height=\"44\" \/><\/a><\/td>\n<td class=\"mcnShareTextContent\" style=\"width: 93.6464%;\" align=\"left\" valign=\"middle\"><a href=\"http:\/\/www.facebook.com\/sharer\/sharer.php?u=https%3A%2F%2Fmailchi.mp%2Ff6e1cb9c1500%2Fnewsletternovember20\" target=\"\" rel=\"noopener noreferrer\">Share to FB right from here<\/a><\/td>\n<\/tr>\n<\/tbody>\n<\/table>\n<hr \/>\n<h3><span style=\"font-family: 'open sans', 'helvetica neue', helvetica, arial, sans-serif;\"><strong>THE EXPERIENCE OF KAJSA BACOS FROM KULTURVERKET ONSJ\u00d6 (HALMSTAD, SWEDEN)<\/strong><\/span><\/h3>\n<div>\n<p><strong>In the latest edition I asked if any of the readers would like to share their experiences of the last months in dealing with the pandemic and the activity of live music and Kajsa Bacos (her portrait is from her profile at Womex website), from Kulturverket Onsj\u00f6, in Halmstad, in the province of Halland\u00a0replied with this experience:<\/strong><\/p>\n<p style=\"padding-left: 40px;\"><em><img loading=\"lazy\" decoding=\"async\" class=\"alignright\" src=\"https:\/\/mcusercontent.com\/993c677d53044839b1b39b2dc\/images\/0c03683c-d8ab-440a-a6c3-fb6a66c2678f.jpg\" width=\"287\" height=\"269\" align=\"right\" data-file-id=\"4912526\" \/>&#8220;From April to August we closed down completely. We planned Summer concerts in July but when the rain poured down for 2 weeks we gave that up. We can seldom trust the weather, so it is difficult to plan outside concerts.<\/em><\/p>\n<p style=\"padding-left: 40px;\"><em>In September we started with concerts. We have a small place and 50-60 persona are the maximum. 45 feels full. So we decided to use our funding thus: Instead of one concert with 2 sets (1,5 hour), we had two concerts with one set (60 minutes). The musicians had an hour to rest and eat in between.<\/em><\/p>\n<\/div>\n<h6 style=\"padding-left: 40px; text-align: center;\"><span style=\"font-size: 14pt; color: #008080;\"><em><strong>&#8220;It was a success. People who have been isolated for long, who can\u2019t even go shopping, came.&#8221;\u00a0<\/strong><\/em><\/span><\/h6>\n<div>\n<p style=\"padding-left: 40px;\"><em>We told the audience that for the first concert\u00a0only risk group persona were welcome. And\u00a0only 15 people for each concert. That is\u00a070 + or persons with an underlying condition. The response was big, so we ended up with two concerts for the risk group.It was a success. People who have been isolated for long, who can\u2019t even go shopping, came. We can do this for our venue is not commercially driven, our funding pays for the music.<\/em><\/p>\n<p style=\"padding-left: 40px;\"><em>This way, we keep people happy, we use the funding that either could be paid without the musicians playing or we could pay it back to the government, the musicians are really happy to meet an audience, we show that we still do good work, and we keep our cooperations running, and our network intact. We can\u2019t just give up while we wait for better times.\u00a0<\/em><\/p>\n<\/div>\n<h6 style=\"padding-left: 40px; text-align: center;\"><span style=\"font-size: 14pt; color: #008080;\"><em><strong>&#8220;We have to work, musicians have to play. People who come here are really good at keeping a social distance. We just have to learn to adjust. And continue.&#8221;\u00a0<\/strong><\/em><\/span><\/h6>\n<p style=\"padding-left: 40px;\"><em>We have many times organized events for marginalized groups like children, immigrants etc. In Western Europe today we have more and more old people and because of the pandemic they are marginalized. We need to keep their spirits up also. They can\u2019t see their families, go places, go to dinners. I planned carefully so they arrived in separate groups 10 minutes apart so there was no queue. They came in through one entrance and the musicians came in another. I desinfected all handles, put chairs 1,5 metres apart. And if I didn\u2019t know somebody, I interviewed them on their lifestyle. If they had been at a social event recently they couldn\u2019t come.<\/em><\/p>\n<p style=\"padding-left: 40px;\"><em>We have to work, musicians have to play. People who come here are really good at keeping a social distance. We just have to learn to adjust. And continue. <\/em><\/p>\n<p style=\"padding-left: 40px;\"><em>No musician has been indefinitely cancelled, we have just postponed ther concert. There is a life after corona.&#8221;<\/em><\/p>\n<h5 style=\"text-align: center;\"><strong>Thank you very much, Kajsa!!!\u00a0<\/strong><\/h5>\n<div style=\"text-align: center;\"><strong>This is the Kulturverket place, from Google Maps Street View:<\/strong><br \/>\n<img loading=\"lazy\" decoding=\"async\" class=\"aligncenter\" src=\"https:\/\/mcusercontent.com\/993c677d53044839b1b39b2dc\/images\/a761da61-1791-422b-85d8-e4baace24006.png\" width=\"715\" height=\"324\" align=\"center\" data-file-id=\"4912550\" \/><\/div>\n<p>&nbsp;<\/p>\n<hr \/>\n<h3><span style=\"font-family: open sans, helvetica neue, helvetica, arial, sans-serif;\"><strong>CURRENT AND FUTURE CHALLENGES FOR FESTIVALS\u00a0<\/strong><\/span><\/h3>\n<p>In this occasion, we have two interviews: about\u00a0<strong>Kami\u010dak Etno Festival<\/strong>, from Croatia (that\u00a0continues the series of festivals included in\u00a0<strong><a href=\"https:\/\/www.facebook.com\/MostMusicEu\" target=\"_blank\" rel=\"noopener noreferrer\">project MOST<\/a><\/strong>)<strong>\u00a0<\/strong>and about\u00a0<strong>Hillside Festival<\/strong>, from Canada. I really hope they can retake their usual shape soon. To attend a concert or festival, gathering together with people you don&#8217;t know, but that are willing to share a emotional experience, is inimitable. It is a\u00a0ritual, from the moment you chose the clothes you will wear. Or even from before. I am thanksful to Kajsa, An\u0111ela and Samir and so many people that are keeping the flame alive in this time of added dificulties.<\/p>\n<hr \/>\n<h4 style=\"text-align: center;\"><strong><img loading=\"lazy\" decoding=\"async\" class=\"alignleft\" src=\"https:\/\/mcusercontent.com\/993c677d53044839b1b39b2dc\/images\/3f37b3df-be9b-4fed-86fb-5603581983f2.jpg\" width=\"180\" height=\"124\" align=\"left\" data-file-id=\"4912218\" \/><br \/>\nMINI INTERVIEW WITH AN\u0110ELA GALI\u0106\u00a0FROM THE\u00a0<a href=\"https:\/\/kamicaketnofestival.com\/\" target=\"_blank\" rel=\"noopener noreferrer\">KAMI\u010cAK ETHNO FESTIVAL<\/a>\u00a0(<a href=\"https:\/\/www.google.com\/maps\/place\/21230,+Sinj,+Croacia\/@43.7072936,16.604751,13z\/data=!3m1!4b1!4m5!3m4!1s0x134aac02b9ce4cd9:0x989748b9af98af73!8m2!3d43.702943!4d16.6375286\" target=\"_blank\" rel=\"noopener noreferrer\">SINJ<\/a>, CROATIA)\u00a0<\/strong><\/h4>\n<div>\n<p>&nbsp;<\/p>\n<p><strong>The third edition was planned to be held on days day 21 and 22 of August at the 18th century fortress of Sinj, in Croatia. This edition included concerts by Croatian, Argentine, Serbian, Macedonian, Bosnian and Irish artists, traditional crafts made by local producers and gastronomic local specialties. <img loading=\"lazy\" decoding=\"async\" class=\"alignright\" src=\"https:\/\/mcusercontent.com\/993c677d53044839b1b39b2dc\/images\/b8d8404b-e2ac-4f64-99d8-2d8ddf4d83c9.jpg\" width=\"240\" height=\"239\" align=\"right\" data-file-id=\"4912230\" \/><\/strong><\/p>\n<p>The edition of this year had to be cancelled and\u00a0although some things will have to be rethought, the festival is included in MOST Project and planned to come back in 2021.\u00a0An\u0111ela Gali\u0107, organizer of the festival, shares their insights and vision.<\/p>\n<\/div>\n<p><strong>Mapamundi M\u00fasica &#8211; What do you search for in an artist when you program?<\/strong><\/p>\n<p><strong>An\u0111ela Gali\u0107\u00a0&#8211;\u00a0<\/strong>\u00a0We are looking for creative, talented, individuals or groups whose music grows out of a certain musical tradition but at the same moment brings contemporary approach to its interpretation. Kind of music that brings interesting fusion of styles and stays in your ears for a long time.<\/p>\n<p><img loading=\"lazy\" decoding=\"async\" class=\"alignleft\" src=\"https:\/\/mcusercontent.com\/993c677d53044839b1b39b2dc\/images\/c3a76a74-ac8d-46bd-8f0e-8da2d61240bc.jpg\" width=\"280\" height=\"210\" data-file-id=\"4912254\" \/><\/p>\n<p><strong>MM &#8211; Which are the global objectives of your festival?<\/strong><br \/>\n<strong>AG &#8211;\u00a0<\/strong>We want to profile our Festival as one of the best world music festivals in Croatia, but also in the wider Balkan region. Our goal is to make Sinj (Croatia) and Kami\u010dak Ethno Festival a recognizable festival gem where you can hear great performers from all around the world.<\/p>\n<p><strong>MM &#8211; What are the most complicated or difficult issues to deal with in your festival?<\/strong><br \/>\n<strong>AG &#8211;<\/strong>\u00a0The most complicated and difficult part is to provide enough funds, which implies constant engagement on the application of the festival to various funding tenders. Also the hard part is the fact that if you want to orginaze good festival you need a lot of planning and organization, which means involvement of many people, in our case volunteers, without whom the realization of the Festival would not be possible.<\/p>\n<p><strong><img loading=\"lazy\" decoding=\"async\" class=\"alignnone\" src=\"https:\/\/mcusercontent.com\/993c677d53044839b1b39b2dc\/images\/552b2b1d-e9d2-49cf-87b9-361d7d329553.jpg\" width=\"619\" height=\"413\" align=\"center\" data-file-id=\"4912286\" \/><\/strong><\/p>\n<p><strong>MM &#8211; Which are currently the main challenges for this kind of cultural proposals like yours?<\/strong><br \/>\n<strong>AG &#8211;<\/strong>\u00a0Due to the epidemiological situation it is difficult and uncertain to plan ahead. Anything that involves complex organization and engagement of international artists is considerably aggravated at the moment. The whole situation is extremely unpredictable for all involved in music industry and requires quick adaptation to new circumstances.<\/p>\n<p><strong>MM &#8211; In one sentence, summarize the reason\/s to go to your festival.<\/strong><br \/>\n<strong>AG &#8211;<\/strong>\u00a0Excellent music in beautiful ambience of historic fortress at the top of the city with a view of the entire Cetina region, are just some of the reasons to visit Kami\u010dak Ethno Festival. Plus, great fun is guaranteed.<\/p>\n<p><strong>MM &#8211; What has happened with the edition of 2020 in the current situation of the pandemic?<\/strong><br \/>\n<strong>AG &#8211;<\/strong>\u00a0Sure, except from canceling the last edition, we have to think about alternatives for next edition, so we are considering limiting the number of visitors or organizing festival only with local performers.<\/p>\n<p>Credits:<\/p>\n<ul>\n<li><span style=\"font-size: 11pt;\">The portrait of An\u0111ela\u00a0is provided by herself.<\/span><\/li>\n<li><span style=\"font-size: 11pt;\">The logo is from their facebook site<\/span><\/li>\n<li><span style=\"font-size: 11pt;\">The aereal picture is from the website of the festival<\/span><\/li>\n<li><span style=\"font-size: 11pt;\">The picture of the concert is from the facebook site (concert by Patrick Walker Trio at the edition of 2019)<\/span><\/li>\n<\/ul>\n<hr \/>\n<h4 style=\"text-align: center;\"><strong><a href=\"https:\/\/hillsidefestival.ca\/\"><img loading=\"lazy\" decoding=\"async\" src=\"https:\/\/mcusercontent.com\/993c677d53044839b1b39b2dc\/images\/475beca3-4fed-41b4-9a0e-2c9b46398bf2.png\" width=\"230\" height=\"97\" align=\"left\" data-file-id=\"4912458\" \/><\/a>MINI INTERVIEW WITH SAMIR BAIJAL FROM THE HILLSIDE FESTIVAL (<a href=\"https:\/\/www.google.com\/maps\/place\/Guelph,+Ontario,+Canad%C3%A1\/@43.5344116,-80.3102079,12z\/data=!3m1!4b1!4m5!3m4!1s0x882b9ad0c3a9fb6b:0x5037b28c7231b60!8m2!3d43.5448048!4d-80.2481666\" target=\"_blank\" rel=\"noopener noreferrer\">GUELPH<\/a>, CANADA)\u00a0\u00a0<\/strong><\/h4>\n<p>&nbsp;<\/p>\n<p><img loading=\"lazy\" decoding=\"async\" class=\"alignright\" src=\"https:\/\/mcusercontent.com\/993c677d53044839b1b39b2dc\/images\/c63df0ed-3ec0-4dba-aa5d-fcfa4d9d6044.jpg\" width=\"280\" height=\"279\" align=\"right\" data-file-id=\"4912378\" \/><strong>I am sure you will agree with me in the idea that it sounds like magic: to spend three days of Summer in an island in a lake in Canada, full of music, with a program in which diversity of culture, of musical heritage and style, of age, geography and influence is a guiding line. This is what the Hillside Festival state about itself on the website. It helds two editions, the Summer one and also another, in February.<\/strong><\/p>\n<div>\n<p><strong>This year the Winter edition was normal but the Summer one had to take an alternative shape: Homeside 2020. Samir Baijal, the artistic director, explains more about the festival in general and about this special edition too.<\/strong><\/p>\n<\/div>\n<p><img loading=\"lazy\" decoding=\"async\" class=\"aligncenter\" src=\"https:\/\/mcusercontent.com\/993c677d53044839b1b39b2dc\/images\/747362ac-d098-4b03-94e0-fb99d400744a.jpg\" width=\"681\" height=\"383\" align=\"center\" data-file-id=\"4912462\" \/><\/p>\n<p><strong>Mapamundi M\u00fasica &#8211; What do you search for in an artist when you program?<\/strong><br \/>\n<strong>Samir Baijal &#8211;\u00a0<\/strong>\u00a0Once I appreciate that they are a skilled and strong live artist, it is always about trying to picture them on one of our stages. We program all kinds of music and our audience is very open to new artists and form all around the world so I think of how they will respond. I look for performers who can have a strong connection to the audience and in most case willing to collaborate with other artists at the festival.<\/p>\n<p><strong>MM &#8211; What are the most complicated or difficult issues to deal with in your festival?<\/strong><br \/>\n<strong>SB &#8211;<\/strong>\u00a0Typically, it would be the weather gets harsh as we on an island outdoors.<\/p>\n<p><strong>MM &#8211; Which are currently the main challenges for this kind of cultural proposals like yours?<\/strong><br \/>\n<strong>SB &#8211;<\/strong>\u00a0Maintaining a festival that is non-commercial that has strong values and environmental\/sustainable practices \u2013 hence also maintaining a unique identity in a very competitive market. But right now it is enduring the period of the pandemic when we are not able our regular event(s) and revenue is not possible.<\/p>\n<p><strong>MM &#8211; In one sentence, summarize the reason\/s to go to your festival.<\/strong><br \/>\n<strong>SB &#8211;<\/strong>\u00a0A family friendly festival in a beautiful setting, that challenges the audience to check their tastes at the gate and with more than just music.<\/p>\n<p><img loading=\"lazy\" decoding=\"async\" class=\"aligncenter\" src=\"https:\/\/mcusercontent.com\/993c677d53044839b1b39b2dc\/_compresseds\/ff2f5284-3ef0-4234-b403-89466bb508de.jpg\" width=\"660\" height=\"198\" data-file-id=\"4912466\" \/><\/p>\n<p><strong>MM &#8211; What has happened with Hillside Festival 2020? I think you were able to make the February edition normally, but for the Summer edition, you reshaped it for an online format. How was it?\u00a0<\/strong><br \/>\n<strong>SB &#8211;<\/strong>\u00a0We called it\u00a0<span style=\"text-decoration: underline;\"><a href=\"https:\/\/hillsidefestival.ca\/homeside-2020\/\" target=\"_blank\" rel=\"noopener noreferrer\">Hillside Homeside 2020<\/a><\/span>.\u00a0It went better than we expected, the event was completely free to view and what we noticed the most is how much the audience appreciated us offering this presentation. It felt very personal and I think that it was a sense of connection between our patrons and our festival during a very challenging and unprecedented time.<\/p>\n<p><strong>MM &#8211; How did you shape the experience of the attendants?<\/strong><br \/>\n<strong>SB &#8211;<\/strong>\u00a0This was to be our 37th year, so we had a series called 37 songs where 37 artists offered a personalized recording of a song and monologue\/message to the Hillside viewer. There were virtual workshops on everything from yoga to cooking and also links to our craft and food vendors \u2013 we had some archival footage with current day interviews (called Now and Then). We used the same different stage template as if it were on site.<\/p>\n<p><strong>MM &#8211; How did you get their engagement?\u00a0<\/strong><br \/>\n<strong>SB &#8211;<\/strong>\u00a0We had our mailing list, newsletter and media gave a lot of coverage that it was happening.<\/p>\n<p><strong>MM &#8211; Any positive insight of this reshaped edition, that you could even keep for future editions when the pandemic ended?<\/strong><br \/>\n<strong>SB &#8211;\u00a0<\/strong>I think we would put more attention on more specific archiving and look at showing these during the year.<\/p>\n<p>Credits:<\/p>\n<ul>\n<li><span style=\"font-size: 11pt;\">The portrait of Samir is from his profile at Womex<\/span><\/li>\n<li><span style=\"font-size: 11pt;\">The logo is from their facebook site<\/span><\/li>\n<li><span style=\"font-size: 11pt;\">The aereal picture and the picture of the workshop are from the website of the festival<\/span><\/li>\n<\/ul>\n<table style=\"width: 100%;\" border=\"0\" cellspacing=\"0\" cellpadding=\"0\" align=\"left\">\n<tbody>\n<tr>\n<td class=\"mcnShareIconContent\" style=\"width: 8.18786%;\" align=\"center\" valign=\"middle\" width=\"24\"><a href=\"http:\/\/us13.forward-to-friend.com\/forward?u=993c677d53044839b1b39b2dc&amp;id=41aca1e7f7&amp;e=[UNIQID]\" target=\"_blank\" rel=\"noopener noreferrer\"><img loading=\"lazy\" decoding=\"async\" class=\"\" src=\"https:\/\/cdn-images.mailchimp.com\/icons\/social-block-v2\/outline-dark-forwardtofriend-48.png\" alt=\"Forward to a friend right from here\" width=\"58\" height=\"59\" \/><\/a><\/td>\n<td class=\"mcnShareTextContent\" style=\"width: 91.6981%;\" align=\"left\" valign=\"middle\"><a href=\"http:\/\/us13.forward-to-friend.com\/forward?u=993c677d53044839b1b39b2dc&amp;id=41aca1e7f7&amp;e=[UNIQID]\" target=\"\" rel=\"noopener noreferrer\">Forward to a friend right from here<\/a><\/td>\n<\/tr>\n<\/tbody>\n<\/table>\n<hr \/>\n<h3><strong>NEWS FROM THE\u00a0CHARTS AND SISTER PROJECTS<\/strong><\/h3>\n<ul>\n<li><span style=\"font-size: 11pt;\">In the previous edition I announced that <strong>Transglobal World Music Chart <\/strong>turned 5 years old. I am happy to announce now that the compilation album <strong><em>The Best of Transglobal World Music Chart 2020<\/em><\/strong>, will be released by ARC Music in January. Follow <a href=\"https:\/\/www.facebook.com\/transglobalwmc\/\" target=\"_blank\" rel=\"noopener noreferrer\">our Facebook<\/a> and visit our <a href=\"http:\/\/www.transglobalwmc.com\/category\/news\/\" target=\"_blank\" rel=\"noopener noreferrer\">website of News<\/a> to be updated and learn more. And during the last weeks we have incorporated new panelists, from <strong>Brazil, UK, Cuba and India<\/strong>.<\/span><\/li>\n<li><span style=\"font-size: 11pt;\">About\u00a0<a href=\"http:\/\/www.mundofonias.com\/\" target=\"_blank\" rel=\"noopener noreferrer\">Mundofon\u00edas<\/a>,\u00a0our monthly\u00a0<strong>favourites\u00a0<\/strong>are the last albums by Niqolah Seeva, Kaito Winse and The Rheingans Sisters. For some weeks now the radio show is been broadcasted in\u00a0<strong>R\u00e0dio T\u00faria<\/strong>, in L&#8217;Eliana, Valencia, Spain.\u00a0<\/span><\/li>\n<\/ul>\n<hr \/>\n<h3><strong>WHAT&#8217;S NEXT?<\/strong><\/h3>\n<h6><strong><span style=\"font-family: 'open sans', 'helvetica neue', helvetica, arial, sans-serif;\">In spite of everything, we are still in the season of professional dates.\u00a0<\/span><\/strong><\/h6>\n<ul>\n<li><span style=\"font-family: 'open sans', 'helvetica neue', helvetica, arial, sans-serif; font-size: 11pt;\"><span style=\"text-decoration: underline;\"><a href=\"https:\/\/mundialmontreal.com\/\" target=\"_blank\" rel=\"noopener noreferrer\">Mundial Montreal<\/a><\/span>. The professional&#8217;s platform will be working from tomorrow to day 28th. Yesterday I decided to sign up and the true is that I am quite excited!\u00a0<\/span><\/li>\n<li><span style=\"font-family: 'open sans', 'helvetica neue', helvetica, arial, sans-serif; font-size: 11pt;\"><a href=\"https:\/\/babelmusicxp.com\/en\/\" target=\"_blank\" rel=\"noopener noreferrer\"><span style=\"text-decoration: underline;\">Before Babel Music XP<\/span><\/a>. As announced above, it will take place on November 26-27.\u00a0 I a proudly included in the program. Remember that there is an interview with Olivier Rey from Babel Music XP,\u00a0<a href=\"http:\/\/www.mapamundimusica.com\/en\/newsletter\/english-magazine-august20-babel-music-xp-mikolajki-folkowe-a-life-that-deserves-a-movie\/\" target=\"_blank\" rel=\"noopener noreferrer\">here<\/a>.<\/span><\/li>\n<\/ul>\n<hr \/>\n<h3><strong>WHO WE ARE AND SISTER PROJECTS<\/strong><strong>\u00a0<\/strong><\/h3>\n<p>Mapamundi M\u00fasica is an agency of management and booking.\u00a0<a href=\"http:\/\/www.mapamundimusica.com\/en\/\" target=\"_blank\" rel=\"noopener noreferrer\">Learn more here<\/a>. Check our proposals at\u00a0<a href=\"http:\/\/www.mapamundimusica.com\/\" target=\"_blank\" rel=\"noopener noreferrer\">our website<\/a>.<\/p>\n<p>We also offer you our\u00a0<a href=\"http:\/\/www.mundofonias.com\/\" target=\"_blank\" rel=\"noopener noreferrer\">Mundofon\u00edas<\/a>\u00a0radio show, probably the leader about world music in Spanish language (on 50 stations in 18 countries). We produce\u00a0the\u00a0<a href=\"http:\/\/www.transglobalwmc.com\/\" target=\"_blank\" rel=\"noopener noreferrer\">Transglobal World Music Chart<\/a>\u00a0with our partner \u00c1ngel Romero from WorldMusicCentral.com. And we lead also the\u00a0<a href=\"http:\/\/www.asociaciondifusionestilos.com\/\" target=\"_blank\" rel=\"noopener noreferrer\">Asociaci\u00f3n para la Difusi\u00f3n de los Estilos<\/a>.<\/p>\n<p>Feel free to request info if you wish. For further information about us,\u00a0<strong>get in touch by email, telephone (+34 676 30 28 82),\u00a0<a href=\"http:\/\/www.mapamundimusica.com\/en\/contacto\/\" target=\"_blank\" rel=\"noopener noreferrer\">our website<\/a>\u00a0or at\u00a0<a href=\"https:\/\/www.facebook.com\/mapamundimusica\/\" target=\"_blank\" rel=\"noopener noreferrer\">our Facebook<\/a>.\u00a0<\/strong><\/p>\n<hr \/>\n<p style=\"text-align: center;\"><span style=\"font-size: 18pt;\"><a class=\"mcnButton \" title=\"Do you like our newsletter? Tell us! Forward it to your friends! To sign up, click HERE.\" href=\"http:\/\/www.mapamundimusica.com\/en\/contacto\/\" target=\"_blank\" rel=\"noopener noreferrer\">Do you like our newsletter? Tell us! Forward it to your friends! To sign up, click HERE.<\/a><\/span><\/p>\n<hr \/>\n<p style=\"text-align: center;\"><span style=\"font-family: open sans, helvetica neue, helvetica, arial, sans-serif;\"><strong>This newsletter is open to sponsorship. Feel free to ask for details.<\/strong><\/span><\/p>\n<p>&nbsp;<\/p>","protected":false},"excerpt":{"rendered":"<p>Summary\u00a0?\u00a0 A\u00a0relevant date\u00a0for our community (and a reason to be more than proud for me): before-Babel Music XP. A\u00a0thrilling experience\u00a0facing the pandemic with live music, by\u00a0Kajsa Bacos\u00a0from\u00a0Kulturverket Onsj\u00f6. Mini interviews with festival manager: An\u0111ela Gali\u0107 from\u00a0Kami\u010dak Etno Festival\u00a0and Samir Baijal from\u00a0Hillside Festival\u00a0(continuing the series of interviews about challenges for festivals and about MOST Music participants) [&hellip;]<\/p>\n","protected":false},"author":1,"featured_media":0,"comment_status":"closed","ping_status":"open","sticky":false,"template":"","format":"standard","meta":{"footnotes":""},"categories":[19],"tags":[342,255,341,338,340,339,317,88,343,96],"class_list":["post-2564","post","type-post","status-publish","format-standard","hentry","category-newsletter","tag-andela-galic","tag-babel-music-xp","tag-hillside-festival","tag-kajsa-bacos","tag-kamicak-etno-festival","tag-kulturverket-onsjo","tag-most-music-balkan","tag-mundial-montreal","tag-samir-baijal","tag-transglobal-world-music-chart"],"_links":{"self":[{"href":"https:\/\/www.mapamundimusica.com\/en\/wp-json\/wp\/v2\/posts\/2564","targetHints":{"allow":["GET"]}}],"collection":[{"href":"https:\/\/www.mapamundimusica.com\/en\/wp-json\/wp\/v2\/posts"}],"about":[{"href":"https:\/\/www.mapamundimusica.com\/en\/wp-json\/wp\/v2\/types\/post"}],"author":[{"embeddable":true,"href":"https:\/\/www.mapamundimusica.com\/en\/wp-json\/wp\/v2\/users\/1"}],"replies":[{"embeddable":true,"href":"https:\/\/www.mapamundimusica.com\/en\/wp-json\/wp\/v2\/comments?post=2564"}],"version-history":[{"count":13,"href":"https:\/\/www.mapamundimusica.com\/en\/wp-json\/wp\/v2\/posts\/2564\/revisions"}],"predecessor-version":[{"id":2577,"href":"https:\/\/www.mapamundimusica.com\/en\/wp-json\/wp\/v2\/posts\/2564\/revisions\/2577"}],"wp:attachment":[{"href":"https:\/\/www.mapamundimusica.com\/en\/wp-json\/wp\/v2\/media?parent=2564"}],"wp:term":[{"taxonomy":"category","embeddable":true,"href":"https:\/\/www.mapamundimusica.com\/en\/wp-json\/wp\/v2\/categories?post=2564"},{"taxonomy":"post_tag","embeddable":true,"href":"https:\/\/www.mapamundimusica.com\/en\/wp-json\/wp\/v2\/tags?post=2564"}],"curies":[{"name":"wp","href":"https:\/\/api.w.org\/{rel}","templated":true}]}}