{"id":2101,"date":"2020-07-14T18:40:19","date_gmt":"2020-07-14T16:40:19","guid":{"rendered":"http:\/\/www.mapamundimusica.com\/?p=2101"},"modified":"2020-07-14T19:05:12","modified_gmt":"2020-07-14T17:05:12","slug":"english-magazine-25-july-2020-2-years-interviews-news-and-rebirths","status":"publish","type":"post","link":"https:\/\/www.mapamundimusica.com\/en\/newsletter\/english-magazine-25-july-2020-2-years-interviews-news-and-rebirths\/","title":{"rendered":"Magazine #25 July 2020 | 2 years + interviews, news and rebirths"},"content":{"rendered":"<p><\/p>\n<h2>July&#8217;20. 2 years + interviews, news and rebirths<\/h2>\n<div>\n<p>How are you?\u00a0I have just realiced that this initiative of the monthly magazine is becoming\u00a0<strong>2 years old<\/strong>. This is the edition 25!<\/p>\n<p>The first issue was launched on 17th of July of 2018. At that moment, my Sherezade was here with me, still working before her August holidays (my expectation is to recover her in October).\u00a0I had just been in Poland for EthnoKrakow with\u00a0<a href=\"http:\/\/www.viguela.com\/\" target=\"_blank\" rel=\"noopener noreferrer\">Vig\u00fcela<\/a>\u00a0and I was leaving to FMM Sines (Portugal)\u00a0two days later, where\u00a0<a href=\"http:\/\/www.mapamundimusica.com\/en\/monsieur-doumani\/\" target=\"_blank\" rel=\"noopener noreferrer\">Monsieur Doumani<\/a>\u00a0would perform.<\/p>\n<p>My commitment with our community has not weakened, I hope this monthly date with interviews and news\u00a0is useful and inspiring\u00a0for you. And in the meantime I think my English has improved\u00a0?<\/p>\n<p><a href=\"http:\/\/www.mapamundimusica.com\/en\/newsletter\/newsletter1_july18\/\"><img loading=\"lazy\" decoding=\"async\" class=\"alignleft\" src=\"https:\/\/mcusercontent.com\/993c677d53044839b1b39b2dc\/images\/9dc8026d-9764-4d42-b858-37490181d6ae.png\" width=\"310\" height=\"149\" align=\"center\" data-file-id=\"4766570\" \/><\/a>&lt;&#8211; Click the picture to read that first issue.<\/p>\n<p>This Summer, you know&#8230; Despite the critical situation that is still present in many places of the world and also the outbreaks that we are having here in Spain, music goes on.<\/p>\n<p>I have just had a confirmation minutes ago of a concert in November with\u00a0<a href=\"https:\/\/www.youtube.com\/watch?v=VjLydLt1iTE&amp;feature=youtu.be&amp;t=37\" target=\"_blank\" rel=\"noopener noreferrer\">Apa<\/a>, the\u00a0<em>beast\u00a0<\/em>of the Valencian\u00a0<em>cant d&#8217;estil<\/em>, and his partners of Citra Trio.\u00a0<a href=\"http:\/\/www.viguela.com\/\" target=\"_blank\" rel=\"noopener noreferrer\">Vig\u00fcela<\/a>\u00a0has a date with the stage in Madrid on 9th of August and some exciting acts are planned for Autumn.\u00a0<a href=\"http:\/\/www.mapamundimusica.com\/en\/janusz-prusinowski-kompania\/\" target=\"_blank\" rel=\"noopener noreferrer\">Janusz Prusinowski<\/a>\u00a0is launching a\u00a0<a href=\"https:\/\/www.facebook.com\/wsiecimazurka\/\" target=\"_blank\" rel=\"noopener noreferrer\">series of online workshops<\/a>, recorded and also in real time, about the masters of the Polish music (more info below),\u00a0<a href=\"http:\/\/www.mapamundimusica.com\/en\/hudaki\/\" target=\"_blank\" rel=\"noopener noreferrer\">Hudaki Village Band<\/a>\u00a0are preparing a new video and will retake the rehearsals in Ukraine in August.<\/p>\n<p>On the other side, news about cancelations of festivals are still arriving, but also a thrilling rebirth, of Babel Med, now Babel Music XP, with renewed team, has been announced recently.<\/p>\n<p>Read more about these and other matters below.\u00a0Remember that you can send any suggestion\u00a0of content for the next editions.\u00a0<strong>And if you like this, tell me and share it with your friends.\u00a0<\/strong><a href=\"https:\/\/soundcloud.com\/user-287446268\/sets\/mapamundi-musica-2020\"><img loading=\"lazy\" decoding=\"async\" class=\"alignright\" src=\"https:\/\/gallery.mailchimp.com\/993c677d53044839b1b39b2dc\/images\/ed76ef47-c18a-4b38-a584-e2b4eaaf9704.png\" width=\"80\" height=\"80\" align=\"left\" data-file-id=\"4480685\" \/><\/a><\/p>\n<p style=\"text-align: center;\">Thanks for your attention.<\/p>\n<\/div>\n<div>\n<p style=\"text-align: center;\"><strong>Araceli Tzigane |\u00a0info@mundimapa.com |\u00a0+34 676\u00a030 28 82\u00a0<\/strong><\/p>\n<h4 style=\"text-align: center;\"><strong>Subscription\u00a0<a href=\"http:\/\/www.mapamundimusica.com\/en\/contacto\/\" target=\"_blank\" rel=\"noopener noreferrer\">is available here<\/a>.<\/strong><\/h4>\n<\/div>\n<table style=\"width: 100%;\" border=\"0\" cellspacing=\"0\" cellpadding=\"0\" align=\"left\">\n<tbody>\n<tr style=\"height: 24px;\">\n<td class=\"mcnShareIconContent\" style=\"height: 24px; width: 6.83417%;\" align=\"center\" valign=\"middle\" width=\"24\"><a href=\"http:\/\/us13.forward-to-friend.com\/forward?u=993c677d53044839b1b39b2dc&amp;id=4c8c86f422&amp;e=[UNIQID]\" target=\"_blank\" rel=\"noopener noreferrer\"><img loading=\"lazy\" decoding=\"async\" class=\"\" src=\"https:\/\/cdn-images.mailchimp.com\/icons\/social-block-v2\/outline-dark-forwardtofriend-48.png\" alt=\"Forward to a friend right from here\" width=\"45\" height=\"45\" \/><\/a><\/td>\n<td class=\"mcnShareTextContent\" style=\"height: 24px; width: 93.0654%;\" align=\"left\" valign=\"middle\"><a href=\"http:\/\/us13.forward-to-friend.com\/forward?u=993c677d53044839b1b39b2dc&amp;id=4c8c86f422&amp;e=[UNIQID]\" target=\"\" rel=\"noopener noreferrer\">Forward to a friend right from here<\/a><\/td>\n<\/tr>\n<\/tbody>\n<\/table>\n<p>&nbsp;<\/p>\n<table style=\"border-collapse: collapse; width: 100%;\">\n<tbody>\n<tr>\n<td style=\"width: 100%; border-color: #0b032e; background-color: #266ba3; border-style: solid;\"><span style=\"color: #ffffff; font-size: 24pt;\"><span style=\"font-family: 'open sans', 'helvetica neue', helvetica, arial, sans-serif;\"><strong>Summary<\/strong>:<\/span><span style=\"font-family: 'open sans', 'helvetica neue', helvetica, arial, sans-serif;\">\u00a0<\/span><\/span><\/p>\n<div>\n<p><span style=\"font-family: 'open sans', 'helvetica neue', helvetica, arial, sans-serif; font-size: 12pt; color: #ffffff;\">\u00b7 The return of the Marseillaise date:\u00a0<strong>Babel Music XP<\/strong><\/span><\/p>\n<p><span style=\"font-family: 'open sans', 'helvetica neue', helvetica, arial, sans-serif; font-size: 12pt; color: #ffffff;\">\u00b7\u00a0In the quest for the sustainability of the recorded music business, with Edith Lei, from\u00a0<strong>Naxos Music Library<\/strong>\u00a0+\u00a0<strong>3 months free trial<\/strong>\u00a0for the first 3 requests<\/span><\/p>\n<p><span style=\"font-size: 12pt; color: #ffffff;\"><span style=\"font-family: open sans, helvetica neue, helvetica, arial, sans-serif;\">\u00b7 Mini interviews with festival manager: B\u00e9la Pap, from\u00a0<\/span><strong><span style=\"font-family: open sans, helvetica neue, helvetica, arial, sans-serif;\">\u00d6r\u00f6ks\u00e9g Vil\u00e1gzenei Fesztiv\u00e1l \/ Heritage World Music Festival<\/span><\/strong><\/span><\/p>\n<p><span style=\"font-size: 12pt; color: #ffffff;\"><span style=\"font-family: open sans, helvetica neue, helvetica, arial, sans-serif;\">\u00b7 In deep with\u00a0<\/span><strong><span style=\"font-family: open sans, helvetica neue, helvetica, arial, sans-serif;\">Angie Lemon PR<\/span><\/strong><\/span><\/p>\n<\/div>\n<\/td>\n<\/tr>\n<\/tbody>\n<\/table>\n<div>\n<hr \/>\n<\/div>\n<h3>BABEL MED REBIRTHS AS BABEL MUSIC XP<\/h3>\n<div>\n<p><span style=\"font-family: open sans, helvetica neue, helvetica, arial, sans-serif;\">I think this is a quite long-waited news! Probably you are already aware.\u00a0Babel Med becomes Babel Music XP, with a totally renewed team and co-produced by\u00a0<a href=\"https:\/\/www.zonefranche.com\/\" target=\"_blank\" rel=\"noopener noreferrer\">Zone Franche<\/a>,\u00a0and will start in two parts: a professional meeting in November 26th-27th and trade fair with concerts in March 25-27th, in Marseille. Application period for concerts is\u00a0<a href=\"https:\/\/inscriptions.babelmusicxp.com\/Candidatures\/bienvenue\" target=\"_blank\" rel=\"noopener noreferrer\">open here<\/a>\u00a0until 29th of July.<\/span><\/p>\n<p><img loading=\"lazy\" decoding=\"async\" class=\"aligncenter\" src=\"https:\/\/mcusercontent.com\/993c677d53044839b1b39b2dc\/images\/697e9eb8-bb2c-4a89-a5c7-f0d4ddd67a68.png\" width=\"658\" height=\"179\" data-file-id=\"4766662\" \/><\/p>\n<\/div>\n<hr \/>\n<h3>IN THE QUEST FOR THE SUSTAINABILITY OF THE RECORD MUSIC BUSINESS, WITH EDITH LEI, FROM NAXOS MUSIC LIBRARY<\/h3>\n<p><span style=\"color: #000000; font-family: open sans, helvetica neue, helvetica, arial, sans-serif;\">Our &#8220;industry&#8221;, let me use this term despite the situation, is facing many challenges. There is one that\u00a0impacts on all the genres of music: the progressive drop of incomes for artists and producers from the recorded music. In this interview, Ms. Edith Lei,\u00a0Managing Director at Naxos Digital Services Ltd answers about one of their most ambitious initiative:\u00a0<a href=\"https:\/\/www.naxosmusiclibrary.com\/home.asp?rurl=%2Fdefault.asp\" target=\"_blank\" rel=\"noopener noreferrer\">Naxos Music Library<\/a>. Note that I announced this interview would be with Ina Schr\u00f6der instead, who considered these were questions for Ms. Lei. I am really thankful to Ina for the intermediation.\u00a0<\/span><\/p>\n<table style=\"border-collapse: collapse; width: 100%;\">\n<tbody>\n<tr>\n<td style=\"width: 100%;\">\n<h5 style=\"text-align: center;\"><span style=\"color: #ff0000;\">Hey! Do you want a\u00a0free 3 months trial\u00a0for Naxos Music Library? Email me and tell me. The first 3 requests will have it.<\/span><\/h5>\n<\/td>\n<\/tr>\n<\/tbody>\n<\/table>\n<p><strong><span style=\"font-family: open sans, helvetica neue, helvetica, arial, sans-serif;\"><img decoding=\"async\" class=\"alignleft\" src=\"https:\/\/mcusercontent.com\/993c677d53044839b1b39b2dc\/images\/328669b8-fccb-4652-8e22-93f6abcd23f1.jpg\" width=\"280\" data-file-id=\"4766786\" \/><\/span><\/strong><\/p>\n<p><strong><span style=\"font-family: open sans, helvetica neue, helvetica, arial, sans-serif;\">Mapamundi M\u00fasica<\/span><span style=\"font-family: open sans, helvetica neue, helvetica, arial, sans-serif;\">\u00a0&#8211; For what I know so far, the Naxos Music Library is an archive with more than 2 million tracks of music that the subscribers can listen to in streaming. Who is the client\/user for Naxos Music Library?\u00a0<\/span><\/strong><\/p>\n<p><span style=\"font-family: 'open sans', 'helvetica neue', helvetica, arial, sans-serif;\"><strong>Edith Lei<\/strong>\u00a0&#8211; At least 97% of Naxos Music Library (NML) subscribers are institutions or music-related organisations &#8211; universities, public libraries, conservatories, schools, orchestras. The other 3% or so are musicians, performing artists, classical music lovers, journalists, critics, radio presenters, music teachers etc.<\/span><\/p>\n<p><strong><span style=\"font-family: open sans, helvetica neue, helvetica, arial, sans-serif;\">MM<\/span><\/strong><span style=\"font-family: open sans, helvetica neue, helvetica, arial, sans-serif;\"><strong>\u00a0&#8211; \u00a0Much of your catalogue is Western classical music but there are also many tracks of other kinds of music, like jazz and world music. I think you are interested in including more references. How can a record label include their catalogue in the Library?\u00a0<\/strong><\/span><br \/>\n<span style=\"font-family: 'open sans', 'helvetica neue', helvetica, arial, sans-serif;\"><strong>EL &#8211;\u00a0<\/strong>We have subsidiary platforms, one is NML Jazz and the other is NML World. So obviously we take jazz and world music labels too.<\/span><\/p>\n<p>There are contracts in place with aggregators, so the first step is to check which distribution partners labels are working with and request content from them. If that is not an option we can look into individual contracts.<\/p>\n<p>Labels with classical, jazz and world music content who want to be part of the NML suite can write to my colleague Helen at Helen.Kwan@Naxos.com<\/p>\n<p><span style=\"font-family: open sans, helvetica neue, helvetica, arial, sans-serif;\"><strong><img loading=\"lazy\" decoding=\"async\" class=\"alignright\" src=\"https:\/\/mcusercontent.com\/993c677d53044839b1b39b2dc\/images\/255f45d5-63ff-4da9-94ac-794471e7738e.png\" width=\"220\" height=\"277\" align=\"right\" data-file-id=\"4766794\" \/><\/strong><\/span><strong><span style=\"font-family: open sans, helvetica neue, helvetica, arial, sans-serif;\">MM\u00a0&#8211; \u00a0<\/span><span style=\"font-family: open sans, helvetica neue, helvetica, arial, sans-serif;\">And the independent artists, can they also include their works in the catalogue?\u00a0<\/span><\/strong><br \/>\n<span style=\"font-family: 'open sans', 'helvetica neue', helvetica, arial, sans-serif;\"><strong>EL &#8211;<\/strong>\u00a0This depends on how large their catalogue is. For those who only have a couple of albums with standard repertoire, the amount of administrative work (contracting, reporting, royalties payment etc.) required cannot be justified. If the artist&#8217;s intention is to merely make their recordings available on NML so that they can be heard, we can consider taking them under different conditions.\u00a0<\/span><\/p>\n<p><strong><span style=\"font-family: open sans, helvetica neue, helvetica, arial, sans-serif;\">MM\u00a0&#8211;\u00a0\u00a0<\/span><\/strong><span style=\"font-family: open sans, helvetica neue, helvetica, arial, sans-serif;\"><strong>What is the return for the producer that has tracks in the Library? For sure you are aware of the critics from the industry of music about the model of return of the most popular music streaming platforms.\u00a0<\/strong><\/span><br \/>\n<span style=\"font-family: 'open sans', 'helvetica neue', helvetica, arial, sans-serif;\"><strong>EL &#8211;<\/strong>\u00a0Our per-stream rate for labels is many times more than that from other platforms. Referring to\u00a0<a href=\"https:\/\/www.digitalmusicnews.com\/2018\/01\/16\/streaming-music-services-pay-2018\/\" target=\"_blank\" rel=\"noopener noreferrer\">this article on Digital Music<\/a>\u00a0in January 2018,\u00a0Naxos paid $0.05 per stream, while Spotify $0.00397, Apple $0.00783, Amazon $0.0074, Qobuz $0.03816. Though this article is from two years ago, it gives you a general idea on how much each platform pays labels.\u00a0<\/span><\/p>\n<p><span style=\"font-family: open sans, helvetica neue, helvetica, arial, sans-serif;\"><strong>MM &#8211; What are your next goals with the Library?\u00a0<\/strong><\/span><br \/>\n<span style=\"font-family: 'open sans', 'helvetica neue', helvetica, arial, sans-serif;\"><strong>EL &#8211;\u00a0<\/strong>To expand into countries where we do not have a distributor yet.\u00a0<\/span><\/p>\n<p><span style=\"font-family: open sans, helvetica neue, helvetica, arial, sans-serif;\"><strong>MM &#8211; What are the synergies between the Library and Naxos World? \u00a0<\/strong><\/span><br \/>\n<span style=\"font-family: 'open sans', 'helvetica neue', helvetica, arial, sans-serif;\"><strong>EL &#8211;\u00a0<\/strong>Naxos Music Library is our flagship platform focusing on classical music, while NML World complements NML and offers world music which is becoming very popular and being studied widely in universities.\u00a0<\/span><\/p>\n<p><span style=\"font-family: open sans, helvetica neue, helvetica, arial, sans-serif;\"><strong>MM &#8211; Do you think this model of streaming for subscribers can face the crisis of sales of physical albums? I am sure you have much more knowledge than me in the situation and expectations for the future of the business of recorded music, that&#8217;s why I ask you.\u00a0<\/strong><\/span><br \/>\n<span style=\"font-family: 'open sans', 'helvetica neue', helvetica, arial, sans-serif;\"><strong>EL &#8211;\u00a0<\/strong>Streaming is now the most widely means to music listening, especially for the young generation. For them, physical CD is not an option. Most of them do not have a CD player.<\/span><\/p>\n<p><span style=\"font-family: open sans, helvetica neue, helvetica, arial, sans-serif;\"><strong>MM &#8211; What is Naxos World doing now? Give me a scoop!\u00a0<\/strong><\/span><br \/>\n<span style=\"font-family: 'open sans', 'helvetica neue', helvetica, arial, sans-serif;\"><strong>EL &#8211;\u00a0<\/strong>Under Naxos World we continue to release both very traditional folk music recordings, as well as contemporary and crossover\/fusion productions. We are also looking into projects that will bring world music and classical music closer together.\u00a0<\/span><\/p>\n<div><strong>Pictures&#8217; credits<\/strong>:<\/div>\n<ul>\n<li>Ms. Edith Lei and Mr. Klaus Heymann (Founding Chairman of Naxos Music Group) at Naxos XX anniversary gala evening in Hong Kong. From\u00a0<a href=\"https:\/\/www.naxos.com\/feature\/20thanniv_albums.asp\" target=\"_blank\" rel=\"noopener noreferrer\">the website<\/a>.<\/li>\n<li><span style=\"font-family: open sans, helvetica neue, helvetica, arial, sans-serif;\">Banner from\u00a0<a href=\"https:\/\/www.naxosmusiclibrary.com\/home.asp?rurl=%2Fdefault.asp\" target=\"_blank\" rel=\"noopener noreferrer\">the website<\/a><\/span><\/li>\n<\/ul>\n<hr \/>\n<p style=\"text-align: center;\"><span style=\"font-family: open sans, helvetica neue, helvetica, arial, sans-serif;\"><strong>**** Do you have a world music\u00a0festival and you want to be included in our mini interviews?\u00a0<\/strong><\/span><span style=\"color: #ffffff; font-family: open sans, helvetica neue, helvetica, arial, sans-serif;\"><strong><a href=\"http:\/\/www.mapamundimusica.com\/en\/contacto\/\" target=\"_blank\" rel=\"noopener noreferrer\">Contact us.<\/a>\u00a0<\/strong><\/span><span style=\"font-family: open sans, helvetica neue, helvetica, arial, sans-serif;\"><strong>****<\/strong><\/span><\/p>\n<h3><span style=\"font-family: open sans, helvetica neue, helvetica, arial, sans-serif;\"><strong>CURRENT AND FUTURE CHALLENGES FOR FESTIVALS\u00a0<\/strong><\/span><\/h3>\n<p>This festival that is our focus today is also included in the project MOST, about which I talked in a\u00a0<a href=\"http:\/\/www.mapamundimusica.com\/en\/newsletter\/23-may-2020-surveys-for-data-gathering-most-project-for-balkan-music-mini-interviews-and-much-more\/\" target=\"_blank\" rel=\"noopener noreferrer\">previous issue<\/a>.<\/p>\n<div><\/div>\n<div>\n<div>\n<h3 style=\"text-align: center;\"><strong>MINI INTERVIEW WITH B\u00c9LA PAP FROM THE <a href=\"http:\/\/festival.altpop.hu\/\" target=\"_blank\" rel=\"noopener noreferrer\">\u00d6R\u00d6KS\u00c9G VIL\u00c1GZENEI FESZTIV\u00c1L<\/a> (HERITAGE WORLD MUSIC FESTIVAL) (<\/strong><strong>SZOLNOK, HUNGARY)<\/strong><\/h3>\n<\/div>\n<div>\n<p><strong><a href=\"http:\/\/festival.altpop.hu\/\"><img decoding=\"async\" class=\"alignright\" src=\"https:\/\/mcusercontent.com\/993c677d53044839b1b39b2dc\/images\/d54dbda4-c282-42f0-82af-2947aa58aed5.jpg\" width=\"300\" align=\"right\" data-file-id=\"4766682\" \/><\/a>I know B\u00e9la Pap for many years, in the second edition of Without Borders meeting in Varna (Bulgaria), organized by Yasen Kazandjiev.\u00a0<\/strong>B\u00e9la sent me two pictures, the one I used in the previous edition and also these one. If you know him, you know he\u00a0is the joyful man, cool and\u00a0lighthearted who teaches about <em>palinka\u00a0<\/em>and he also organices a festival in Hungary, in Szolnok, at the\u00a0heart of the Great Hungarian Plain.<\/p>\n<p>The festival is planned for August 19th-23rd&#8230; now with question marks.<\/p>\n<p><strong><img loading=\"lazy\" decoding=\"async\" class=\"alignleft\" src=\"https:\/\/mcusercontent.com\/993c677d53044839b1b39b2dc\/images\/2881166c-a769-4d8c-9c86-518b7a1d2c44.jpg\" width=\"250\" height=\"250\" align=\"left\" data-file-id=\"4766666\" \/>MM &#8211; What do you search in an artist when you create the programme?\u00a0<\/strong><br \/>\nBP:\u00a0\u00a0Above all, in the invited artists, we are looking for how instinctively they experience the music they perform,\u00a0and how they can build on the diverse folk music heritage in order to reach out in an exciting way to the contemporary audiences.It is really important for our festival to engage new talents and see how they can convey their emotions through their music.<\/p>\n<\/div>\n<p>&nbsp;<\/p>\n<div><strong>MM &#8211; Which are the global objectives of your festival?<\/strong><br \/>\nBP:\u00a0We aim to present contemporary art forms and genres to young audiences, mostly those that are based on folk traditions in their content\u00a0and also express the general feelings, experiences of today&#8217;s youth and links to the cultural heritage of previous generations.The primary aim is to contribute effectively to the wide-range popularization of the values based upon the folk cultural heritage of Hungary\u00a0and other nations (among others basically that of the Visegrad 4 and Balkan countries).<\/div>\n<p>&nbsp;<\/p>\n<div style=\"text-align: center;\"><span style=\"color: #008080;\"><strong><em><span style=\"font-size: 14pt;\">&#8220;Since the very start of the festival, we have firmly believed that one of the bases of understanding and tolerating the social changes\u00a0and geo-political events taking place in the world is a dialogue between generations.<\/span>&#8220;<\/em><\/strong><\/span><\/div>\n<p>&nbsp;<\/p>\n<div>One of the festival\u2019s primary objectives is involving young children in the events by means of art forms relying on folk traditions,\u00a0thus motivating family participation and strengthening the links between generations.<img loading=\"lazy\" decoding=\"async\" class=\"alignright\" src=\"https:\/\/mcusercontent.com\/993c677d53044839b1b39b2dc\/images\/857e1c57-0e05-415b-855e-25ea6f281079.jpg\" width=\"200\" height=\"291\" data-file-id=\"4766710\" \/>Since the very start of the festival, we have firmly believed that one of the bases of understanding and tolerating the social changes\u00a0and geo-political events taking place in the world is a dialogue between generations. By means of the international language of music,\u00a0the artistic productions of the young musicians building upon the heritage of their ancestors mediate ideas and notions\u00a0which shared with the audience facilitate to understand the elements of contemporary world vision.<\/div>\n<p>&nbsp;<\/p>\n<div><strong>MM &#8211; What are the most complicated or difficult issues to deal with in your festival?\u00a0<\/strong><\/div>\n<div><strong>BP:<\/strong>\u00a0As our festival is organised with 25 years of experience, we rarely face challenges we have never encountered before.<br \/>\nThe difficulties of finding financial resources, which are reoccurring year after year, are familiar to all professionals \u2013 it is boring to talk about, I would say -, but I believe these difficulties are compensated by the realised festival program.<\/div>\n<p>&nbsp;<\/p>\n<div><strong>MM &#8211; Which are currently the main challenges for this kind of cultural proposals like yours?<\/strong><br \/>\n<strong>BP:<\/strong>\u00a0The biggest challenge, I think, is that people\u2019s ears are \u201cflooded\u201d by the mainstream information and music offerings that attract large crowds.That is why it is a difficult, but at the same time important challenge to try to reach the current young audience with all the old and new tools\u00a0and channels, to constantly spread the musical delicacies, and to give as many opportunities as possible to experience the magic of live music (especially world music).Fortunately, we have truly potential allies in this: those contemporary young musicians whose music draws on traditions\u00a0and combine those with experimental elements to enter the world of quality music creation.<img loading=\"lazy\" decoding=\"async\" class=\"aligncenter\" src=\"https:\/\/mcusercontent.com\/993c677d53044839b1b39b2dc\/images\/8d424ea5-08c3-4e45-9a3c-ae4ab89bd8ab.jpg\" width=\"806\" height=\"308\" align=\"center\" data-file-id=\"4766714\" \/><strong>MM &#8211; In one sentence, summarise the reason\/s to go to your festival.\u00a0<\/strong><br \/>\n<strong>BP:\u00a0<\/strong>It is worth coming to the \u201cHeritage\u201d World Music Festival because better and better, fresh music is played almost continuously on two stages for three days,\u00a0whether Hungarian or foreign artists are playing. Important to note, that apart from the colourful music offer, there is a great variety of Central European food and drink,\u00a0like a good Hungarian apricot \u201cpalinka\u201d, followed by an aromatic freshly sparkling Czech beer, awww\u2026 \ud83d\ude42<\/div>\n<p>&nbsp;<\/p>\n<div><strong>MM &#8211; Is this experience we are living now, the crisis of the coronavirus, changing your festival in any way (apart from postponing this year&#8217;s edition, if so)?\u00a0<\/strong><br \/>\n<strong>BP:\u00a0<\/strong>When I write these lines, there is still a lot of uncertainty all over the world, including Hungary. However, there are indications that we can organise the festival\u00a0on its original dates, during the celebration of the founding of the state at the end of August. Of course, at this point, I envisage long queues\u00a0of people patiently waiting one and a half meters apart for refreshments, while only 4-6 people are sitting at each table.Moreover, it is also possible to draw circles in front of the stage, indicating how many people may be standing or dancing there at one time.<\/div>\n<div><span style=\"color: #000000;\"><strong>Even if keeping the distance in a festival might be a bit strange, the lack of dancing together in a large crowd is almost impossible to imagine,\u00a0it does not change what is really important: the melodies floating in the air, the rhythms beating in the heart connect everyone and it cannot be stopped by neither a virus nor any border.<\/strong><\/span><br \/>\n&#8212;-<\/div>\n<div>\n<p><span style=\"font-size: 14pt;\"><strong>Thank you very much, B\u00e9la!\u00a0<\/strong><\/span><\/p>\n<div><strong>Pictures&#8217; credits<\/strong>:<\/div>\n<ul>\n<li>Portrait and logo provided by B\u00e9la<\/li>\n<li>Poster of the first edition, from\u00a0<a href=\"http:\/\/festival.altpop.hu\/ang\/past12.html\" target=\"_blank\" rel=\"noopener noreferrer\">the website<\/a><\/li>\n<li>Cover of the\u00a0<a href=\"https:\/\/www.facebook.com\/heritageworldmusicfestival\/\" target=\"_blank\" rel=\"noopener noreferrer\">Facebook page<\/a>\u00a0of the festival<\/li>\n<\/ul>\n<\/div>\n<\/div>\n<div>\n<table style=\"width: 100%;\" border=\"0\" cellspacing=\"0\" cellpadding=\"0\" align=\"left\">\n<tbody>\n<tr style=\"height: 26px;\">\n<td class=\"mcnShareIconContent\" style=\"height: 26px; width: 7.23618%;\" align=\"center\" valign=\"middle\" width=\"24\"><a href=\"http:\/\/us13.forward-to-friend.com\/forward?u=993c677d53044839b1b39b2dc&amp;id=4c8c86f422&amp;e=[UNIQID]\" target=\"_blank\" rel=\"noopener noreferrer\"><img loading=\"lazy\" decoding=\"async\" class=\"\" src=\"https:\/\/cdn-images.mailchimp.com\/icons\/social-block-v2\/outline-dark-forwardtofriend-48.png\" alt=\"Forward to a friend right from here\" width=\"43\" height=\"43\" \/><\/a><\/td>\n<td class=\"mcnShareTextContent\" style=\"height: 26px; width: 92.6633%;\" align=\"left\" valign=\"middle\"><a href=\"http:\/\/us13.forward-to-friend.com\/forward?u=993c677d53044839b1b39b2dc&amp;id=4c8c86f422&amp;e=[UNIQID]\" target=\"\" rel=\"noopener noreferrer\">Forward to a friend right from here<\/a><\/td>\n<\/tr>\n<\/tbody>\n<\/table>\n<\/div>\n<div><\/div>\n<hr \/>\n<h3><strong>IN DEEP WITH ANGIE LEMON PR<\/strong><\/h3>\n<p><span style=\"font-family: 'open sans', 'helvetica neue', helvetica, arial, sans-serif;\">One of the purposes of this newsletter is to give visibility to the great work done by many professional that are not seen at the stage but without who, all this community would not exist. Initiators of festivals, disseminators&#8230; and also PR and publicists. Like Angie Lemon. She can be also useful for you, in case you are needing some support in communication.<\/span><\/p>\n<p><img loading=\"lazy\" decoding=\"async\" class=\"alignleft\" src=\"https:\/\/mcusercontent.com\/993c677d53044839b1b39b2dc\/_compresseds\/7597c4b3-2133-4df0-a32e-98788fc64b84.jpg\" width=\"270\" height=\"312\" align=\"left\" data-file-id=\"4766730\" \/>I have been in touch with Angie Lemon, first because of her work of publicist for ARC Music, as she has been working with their releases and I am, thanks of\u00a0<a href=\"http:\/\/www.mundofonias.com\/\" target=\"_blank\" rel=\"noopener noreferrer\">Mundofon\u00edas<\/a>\u00a0radio show, one of their targets. When ARC released some albums by artists that have been collaborators of Mapamundi M\u00fasica, like El Na\u00e1n, La Jose and Vig\u00fcela, Angie got deeply involved. She and the team of ARC Music were the responsible for the performance by\u00a0El Na\u00e1n to BBC Radio 3 and many other good things that happened to us.<\/p>\n<p>A few years ago she established her own brand,\u00a0<a href=\"https:\/\/www.facebook.com\/angielemonpr\" target=\"_blank\" rel=\"noopener noreferrer\">Angie Lemon PR<\/a>, with which she continued the collaborations with ARC Music (the press release for\u00a0Thraki\/Thrace &#8211; The Paths of Dionysus, by Rodopi Ensemble was a joy to read) and other clients.<\/p>\n<p>In this times of reflections and memories of better times, Angie came to my mind often, so I decided to ask her to explain me more in depth what is she currently offering.<\/p>\n<p><span style=\"font-family: open sans, helvetica neue, helvetica, arial, sans-serif;\"><strong>Mapamundi M\u00fasica:\u00a0What kind of services do you provide?\u00a0<\/strong><\/span><\/p>\n<p><span style=\"font-family: 'open sans', 'helvetica neue', helvetica, arial, sans-serif;\"><strong>Angie Lemon:\u00a0<\/strong>I promote world and folk albums and musicians to media in the UK, EU, USA, Canada and Australia\/New Zealand. I work with many wonderful magazine editors, radio producers, radio presenters, bloggers, press music journalists, freelance journalists and chart panellists mainly the Transglobal World Music Charts and World Music Charts Europe.<\/span><\/p>\n<p>I regularly send newsletters to media I work with and keep them updated with campaigns, projects and news. I work directly with musicians who are self-publishing but also work with indie labels, managers and promoters.<\/p>\n<p>I also consult with artists for project preparation or ideas blasting sessions about specific projects to help timeline events and work out the best possible release schedule or consult about aspects of the project.<\/p>\n<p>I assist artists with bios and press releases and am happy to work with both signed artists and self-published musicians whether solo artists or in groups.<\/p>\n<p><span style=\"font-family: open sans, helvetica neue, helvetica, arial, sans-serif;\"><strong>MM. What is your professional background?\u00a0<\/strong><\/span><br \/>\n<span style=\"font-family: 'open sans', 'helvetica neue', helvetica, arial, sans-serif;\"><strong>AL:\u00a0<\/strong>I have been a professional publicist working in the arts sector for over 20 years and started my career in book publishing. I have worked with authors, painters, composers, cake designers, photographers, inventors and since 2014, world and folk musicians.<\/span><\/p>\n<p>I managed and co-fronted the indie folk band, Rivers &amp; Roads in Sydney, Australia for 10 years booking concerts, radio shows, securing national TV with many other well-recognised accomplishments.<\/p>\n<p>I worked as the in-house PR for the UK label ARC Music for 4 years where I had the privilege of campaigning top quality world and folk musicians at a national and international level. In 2018 I took the plunge into the world of freelance publicity focusing on building and developing media relations both in the UK and internationally.<\/p>\n<p><span style=\"font-family: open sans, helvetica neue, helvetica, arial, sans-serif;\"><strong>MM. Which is your distinctiveness?\u00a0<\/strong><\/span><br \/>\n<span style=\"font-family: 'open sans', 'helvetica neue', helvetica, arial, sans-serif;\"><strong>AL:\u00a0<\/strong>What I bring to the mix is firstly a personal love of music and secondly, experience as a publicist. I work with my clients, not for them, I establish what they need and do my best to make it happen and when it does, it&#8217;s pure magic!\u00a0For more information, please write to me: angielemonpr@gmail.com<\/span><\/p>\n<hr \/>\n<h3><strong>WHO WE ARE AND SISTER PROJECTS<\/strong><strong>\u00a0<\/strong><\/h3>\n<p>Mapamundi M\u00fasica is an agency of management and booking.\u00a0<a href=\"http:\/\/www.mapamundimusica.com\/en\/\" target=\"_blank\" rel=\"noopener noreferrer\">Learn more here<\/a>. Check our proposals at\u00a0<a href=\"http:\/\/www.mapamundimusica.com\/\" target=\"_blank\" rel=\"noopener noreferrer\">our website<\/a>.<\/p>\n<p>We also offer you our\u00a0<a href=\"http:\/\/www.mundofonias.com\/\" target=\"_blank\" rel=\"noopener noreferrer\">Mundofon\u00edas<\/a>\u00a0radio show, probably the leader about world music in Spanish language (on 46 stations in 17 countries). We produce\u00a0the\u00a0<a href=\"http:\/\/www.transglobalwmc.com\/\" target=\"_blank\" rel=\"noopener noreferrer\">Transglobal World Music Chart<\/a>\u00a0with our partner \u00c1ngel Romero from WorldMusicCentral.com. And we lead also the\u00a0<a href=\"http:\/\/www.asociaciondifusionestilos.com\/\" target=\"_blank\" rel=\"noopener noreferrer\">Asociaci\u00f3n para la Difusi\u00f3n de los Estilos<\/a>.<\/p>\n<p>Feel free to request info if you wish. For further information about us,\u00a0<strong>get in touch by email, telephone (+34 676 30 28 82),\u00a0<a href=\"http:\/\/www.mapamundimusica.com\/en\/contacto\/\" target=\"_blank\" rel=\"noopener noreferrer\">our website<\/a>\u00a0or at\u00a0<a href=\"https:\/\/www.facebook.com\/mapamundimusica\/\" target=\"_blank\" rel=\"noopener noreferrer\">our Facebook<\/a>.\u00a0<\/strong><\/p>\n<p style=\"text-align: center;\"><a class=\"mcnButton \" title=\"Do you like our newsletter? Tell us! Forward it to your friends! To sign up, click HERE.\" href=\"http:\/\/www.mapamundimusica.com\/en\/contacto\/\" target=\"_blank\" rel=\"noopener noreferrer\">Do you like our newsletter? Tell us! Forward it to your friends! To sign up, click HERE.<\/a><\/p>\n<p style=\"text-align: center;\"><span style=\"font-family: open sans, helvetica neue, helvetica, arial, sans-serif;\"><strong>This newsletter is open to sponsorship. Feel free to ask for details.<\/strong><\/span><\/p>\n<p><\/p>","protected":false},"excerpt":{"rendered":"<p>July&#8217;20. 2 years + interviews, news and rebirths How are you?\u00a0I have just realiced that this initiative of the monthly magazine is becoming\u00a02 years old. This is the edition 25! The first issue was launched on 17th of July of 2018. At that moment, my Sherezade was here with me, still working before her August [&hellip;]<\/p>\n","protected":false},"author":1,"featured_media":0,"comment_status":"closed","ping_status":"open","sticky":false,"template":"","format":"standard","meta":{"footnotes":""},"categories":[19],"tags":[],"class_list":["post-2101","post","type-post","status-publish","format-standard","hentry","category-newsletter"],"_links":{"self":[{"href":"https:\/\/www.mapamundimusica.com\/en\/wp-json\/wp\/v2\/posts\/2101","targetHints":{"allow":["GET"]}}],"collection":[{"href":"https:\/\/www.mapamundimusica.com\/en\/wp-json\/wp\/v2\/posts"}],"about":[{"href":"https:\/\/www.mapamundimusica.com\/en\/wp-json\/wp\/v2\/types\/post"}],"author":[{"embeddable":true,"href":"https:\/\/www.mapamundimusica.com\/en\/wp-json\/wp\/v2\/users\/1"}],"replies":[{"embeddable":true,"href":"https:\/\/www.mapamundimusica.com\/en\/wp-json\/wp\/v2\/comments?post=2101"}],"version-history":[{"count":17,"href":"https:\/\/www.mapamundimusica.com\/en\/wp-json\/wp\/v2\/posts\/2101\/revisions"}],"predecessor-version":[{"id":2118,"href":"https:\/\/www.mapamundimusica.com\/en\/wp-json\/wp\/v2\/posts\/2101\/revisions\/2118"}],"wp:attachment":[{"href":"https:\/\/www.mapamundimusica.com\/en\/wp-json\/wp\/v2\/media?parent=2101"}],"wp:term":[{"taxonomy":"category","embeddable":true,"href":"https:\/\/www.mapamundimusica.com\/en\/wp-json\/wp\/v2\/categories?post=2101"},{"taxonomy":"post_tag","embeddable":true,"href":"https:\/\/www.mapamundimusica.com\/en\/wp-json\/wp\/v2\/tags?post=2101"}],"curies":[{"name":"wp","href":"https:\/\/api.w.org\/{rel}","templated":true}]}}