{"id":1762,"date":"2020-03-27T12:37:33","date_gmt":"2020-03-27T11:37:33","guid":{"rendered":"http:\/\/www.mapamundimusica.com\/?p=1762"},"modified":"2020-05-16T13:02:38","modified_gmt":"2020-05-16T11:02:38","slug":"isak-macoro-avinu-malkenu","status":"publish","type":"post","link":"https:\/\/www.mapamundimusica.com\/en\/musicbeforeshabbat\/isak-macoro-avinu-malkenu\/","title":{"rendered":"Cantor \u0130sak Ma\u00e7oro &#8211; Avinu Malkenu"},"content":{"rendered":"<p><\/p>\n<h4 style=\"text-align: center;\"><strong>27 March 2020 &#8211; <\/strong><strong>Shabbat is almost here<\/strong><\/h4>\n<h4 style=\"text-align: center;\"><strong>Enjoy with \u0130sak Ma\u00e7oro, Sephardic cantor, born in 1918, in Hask\u00f6y, a quarter in Beyo\u011flu, in the European side of Istambul, where many Portuguese and Spanish Jewish settled from the end of XV century. Let&#8217;s listen\u00a0his rendition of Avinu Malkenu.<\/strong><\/h4>\n<p><img loading=\"lazy\" decoding=\"async\" class=\"alignright\" style=\"letter-spacing: 0.5px; background-color: #fcfcfc;\" src=\"https:\/\/mcusercontent.com\/bc493816d894ee14ba9103e7b\/images\/29924501-ffe1-4efb-acc3-3f2172681f33.png\" width=\"90\" height=\"88\" align=\"none\" data-file-id=\"1668184\" \/><\/p>\n<p>I know this is not the time to pray with <em>Avinu Malkenu<\/em>. We are not in the\u00a0<em>Yamim Noraim<\/em>, but I feel the message is perfectly suitable for our current\u00a0situation. If you read this at some moment of the future, today we are finishing the second week of confinement in Spain because of the crisis of Covid-19. Most of the world is suffering this threat, that is costing many lifes and changed our everydayness overnight.<\/p>\n<p><img loading=\"lazy\" decoding=\"async\" class=\"alignleft\" src=\"https:\/\/mcusercontent.com\/bc493816d894ee14ba9103e7b\/images\/e5feec5a-9c1e-4095-a57f-b1f2d7d1b25a.jpg\" width=\"120\" height=\"161\" align=\"left\" data-file-id=\"1696396\" \/>I got to know Cantor \u0130sak Ma\u00e7oro at the Youtube some years ago, searching for Sephardic piyyutim. The picture of him and a short bio can be found in the website\u00a0<a href=\"https:\/\/esefarad.com\/?p=18993\" target=\"_blank\" rel=\"noopener noreferrer\">eSefarad<\/a>. And in the channel of\u00a0<a href=\"https:\/\/www.youtube.com\/channel\/UCpIdMp5HF0KdTANARWBZjuQ\" target=\"_blank\" rel=\"noopener noreferrer\">Youtube of\u00a0Janet &amp; Jak Esim<\/a>, of which I talked in the previous Music Before Shabbat, there are many more videos of him. You can even see him singing live.<\/p>\n<p>For this occasion I have chosen this recording from 1960, from the Youtune channel of\u00a0<a href=\"https:\/\/www.youtube.com\/channel\/UCABjyWGSbrVYSGXRQcoyH0g\" target=\"_blank\" rel=\"noopener noreferrer\">Ozkan Sagliksunar<\/a>.<\/p>\n<hr \/>\n<p style=\"text-align: center;\"><strong>Clic the picture to enjoy the recording of Isak Ma\u00e7oro:<\/strong><\/p>\n<p style=\"text-align: center;\"><iframe loading=\"lazy\" src=\"https:\/\/www.youtube.com\/embed\/xDWGQ0EExhQ\" width=\"650\" height=\"452\" frameborder=\"0\" allowfullscreen=\"allowfullscreen\"><span data-mce-type=\"bookmark\" style=\"display: inline-block; width: 0px; overflow: hidden; line-height: 0;\" class=\"mce_SELRES_start\">\ufeff<\/span><\/iframe><\/p>\n<p style=\"text-align: center;\"><strong>I hope you&#8217;ll like it and, if so, feel free to share it and invite your friends to join us.<br \/>\nIt is as symple as sending this <\/strong><a class=\"mcnButton \" title=\".... this button to sign up\" href=\"https:\/\/mailchi.mp\/22b3401a1a17\/mbs\" target=\"_blank\" rel=\"noopener noreferrer\">link to sign up.<\/a><\/p>\n<h3 style=\"text-align: center;\"><strong>Shabbat Shalom.<\/strong><\/h3>\n<p style=\"text-align: center;\"><strong>Araceli Tzigane |\u00a0<\/strong><a href=\"http:\/\/www.mapamundimusica.com\/\" target=\"_blank\" rel=\"noopener noreferrer\">Mapamundi M\u00fasica<\/a><\/p>\n<hr \/>\n<p style=\"text-align: center;\"><strong>And we share with you one hour of music for joy\u00a0<a href=\"https:\/\/soundcloud.com\/user-287446268\/sets\/jewish-music-fro-xxi-century\" target=\"_blank\" rel=\"noopener noreferrer\">in this playlist<\/a>.<br \/>\nTo know more about our artists,\u00a0<a href=\"http:\/\/www.mapamundimusica.com\/en\/jewishmusic\/\" target=\"_blank\" rel=\"noopener noreferrer\">click here<\/a>.<\/strong><\/p>\n<hr \/>\n<h5 style=\"text-align: center;\"><strong>May you always find the light in your path.<\/strong><\/h5>\n<hr \/>\n<p style=\"text-align: center;\"><a href=\"http:\/\/www.mapamundimusica.com\/en\/jewishmusic\/\" target=\"_blank\" rel=\"noopener noreferrer\">Jako el Muzikante<\/a>\u00a0\u2013\u00a0<a href=\"http:\/\/www.mapamundimusica.com\/en\/jewishmusic\/\" target=\"_blank\" rel=\"noopener noreferrer\">Gulaza\u00a0<\/a>\u2013\u00a0<a href=\"http:\/\/www.mapamundimusica.com\/en\/jewishmusic\/\" target=\"_blank\" rel=\"noopener noreferrer\">Janusz Prusinowski Kompania Jewish Memory<\/a><\/p>\n<p><\/p>","protected":false},"excerpt":{"rendered":"<p>27 March 2020 &#8211; Shabbat is almost here Enjoy with \u0130sak Ma\u00e7oro, Sephardic cantor, born in 1918, in Hask\u00f6y, a quarter in Beyo\u011flu, in the European side of Istambul, where many Portuguese and Spanish Jewish settled from the end of XV century. Let&#8217;s listen\u00a0his rendition of Avinu Malkenu. I know this is not the time [&hellip;]<\/p>\n","protected":false},"author":1,"featured_media":0,"comment_status":"open","ping_status":"open","sticky":false,"template":"","format":"standard","meta":{"footnotes":""},"categories":[20],"tags":[21,22,23,58,24,56,59,35,33,31,57,54,55],"class_list":["post-1762","post","type-post","status-publish","format-standard","hentry","category-musicbeforeshabbat","tag-cantor","tag-chazzan","tag-chazzanut","tag-djudeo-espanyol","tag-jewish-music","tag-ladino-music","tag-ottoman-jewish-music","tag-ottoman-music","tag-sephardic","tag-sephardic-music","tag-sephardic-music-artist","tag-what-is-jewish-music","tag-what-is-sephardic-music"],"_links":{"self":[{"href":"https:\/\/www.mapamundimusica.com\/en\/wp-json\/wp\/v2\/posts\/1762","targetHints":{"allow":["GET"]}}],"collection":[{"href":"https:\/\/www.mapamundimusica.com\/en\/wp-json\/wp\/v2\/posts"}],"about":[{"href":"https:\/\/www.mapamundimusica.com\/en\/wp-json\/wp\/v2\/types\/post"}],"author":[{"embeddable":true,"href":"https:\/\/www.mapamundimusica.com\/en\/wp-json\/wp\/v2\/users\/1"}],"replies":[{"embeddable":true,"href":"https:\/\/www.mapamundimusica.com\/en\/wp-json\/wp\/v2\/comments?post=1762"}],"version-history":[{"count":3,"href":"https:\/\/www.mapamundimusica.com\/en\/wp-json\/wp\/v2\/posts\/1762\/revisions"}],"predecessor-version":[{"id":1932,"href":"https:\/\/www.mapamundimusica.com\/en\/wp-json\/wp\/v2\/posts\/1762\/revisions\/1932"}],"wp:attachment":[{"href":"https:\/\/www.mapamundimusica.com\/en\/wp-json\/wp\/v2\/media?parent=1762"}],"wp:term":[{"taxonomy":"category","embeddable":true,"href":"https:\/\/www.mapamundimusica.com\/en\/wp-json\/wp\/v2\/categories?post=1762"},{"taxonomy":"post_tag","embeddable":true,"href":"https:\/\/www.mapamundimusica.com\/en\/wp-json\/wp\/v2\/tags?post=1762"}],"curies":[{"name":"wp","href":"https:\/\/api.w.org\/{rel}","templated":true}]}}