{"id":1405,"date":"2019-12-10T10:47:43","date_gmt":"2019-12-10T10:47:43","guid":{"rendered":"http:\/\/www.mapamundimusica.com\/?p=1405"},"modified":"2020-04-23T14:05:01","modified_gmt":"2020-04-23T13:05:01","slug":"newsletterdecember19","status":"publish","type":"post","link":"https:\/\/www.mapamundimusica.com\/en\/newsletter\/newsletterdecember19\/","title":{"rendered":"Magazine #18 December 2019"},"content":{"rendered":"<p><\/p>\n<h1>Mini-interview with Jarmila Vl\u010dkov\u00e1 from WMF Bratislava, in deep with the Luthiers&#8217; fair in Warsaw, charts time &amp; much more<\/h1>\n<div>\n<h1><strong style=\"color: #747474; font-family: 'Open Sans', sans-serif; font-size: 14px; letter-spacing: 0.5px; background-color: #fcfcfc;\"><img loading=\"lazy\" decoding=\"async\" class=\"alignright\" src=\"https:\/\/gallery.mailchimp.com\/993c677d53044839b1b39b2dc\/images\/0d0d080f-4a81-430f-ae10-b1f66b1c5b5d.jpeg\" alt=\"\" width=\"200\" height=\"216\" data-file-id=\"3475285\" \/><\/strong><\/h1>\n<p><span style=\"font-family: open sans, helvetica neue, helvetica, arial, sans-serif;\">Welcome to <a href=\"http:\/\/www.mapamundimusica.com\/\" target=\"_blank\" rel=\"noopener noreferrer\">Mapamundi M\u00fasica<\/a>&#8216;s December&#8217;s magazine, with contents for us, the community of world \/\u00a0folk \/ traditional music all over the world. You can read the previous issues,\u00a0<strong><a href=\"http:\/\/www.mapamundimusica.com\/en\/category\/newsletter\/\" target=\"_blank\" rel=\"noopener noreferrer\">here<\/a><\/strong>.\u00a0<\/span><span style=\"font-family: open sans, helvetica neue, helvetica, arial, sans-serif;\">I<\/span><span style=\"font-family: open sans, helvetica neue, helvetica, arial, sans-serif;\">\u00a0am Araceli Tzigane.<\/span><\/p>\n<\/div>\n<div>\n<p>It&#8217;s almost time for celebrations in my region of the world\u00a0but it&#8217;s also\u00a0the moment of the year of summarising and planning. Wish us clarity of mind for the challenges ahead. Thank you \ud83d\ude42<\/p>\n<p><a href=\"https:\/\/soundcloud.com\/user-287446268\/sets\/mapamundi-musica-2020\"><img loading=\"lazy\" decoding=\"async\" class=\"alignleft\" src=\"https:\/\/gallery.mailchimp.com\/993c677d53044839b1b39b2dc\/images\/ed76ef47-c18a-4b38-a584-e2b4eaaf9704.png\" width=\"40\" height=\"40\" align=\"left\" data-file-id=\"4480685\" \/><\/a>I invite you to read this contents with\u00a0<strong>the soundtrack of our\u00a0<\/strong><a href=\"https:\/\/soundcloud.com\/user-287446268\/sets\/mapamundi-musica-2020\" target=\"_blank\" rel=\"noopener noreferrer\">new playlist in Soundcloud<\/a>. You might discover some awesomely enchanting recordings of artists we have included recently in our catalogue for 2020 and beyond.<\/p>\n<p>Enjoy\u00a0much and, remember: if you have any suggestion of contents for the next editions, let us know.\u00a0<strong>And if you like it, share it and tell it to your friends!\u00a0<\/strong><\/p>\n<p>Thanks for your attention.<\/p>\n<\/div>\n<div>\n<p style=\"text-align: center;\"><strong>Araceli Tzigane &#8211; info@mundimapa.com &#8211; +34 676\u00a030 28 82\u00a0<\/strong><\/p>\n<hr \/>\n<h5 style=\"text-align: center;\"><strong>Feel free to resend this newsletter to your friends\u00a0if you like it. Subscription\u00a0<a href=\"http:\/\/www.mapamundimusica.com\/en\/contacto\/\" target=\"_blank\" rel=\"noopener noreferrer\">is available here<\/a>.<\/strong><\/h5>\n<hr \/>\n<\/div>\n<p><span style=\"font-size: 18pt;\"><span style=\"font-family: open sans, helvetica neue, helvetica, arial, sans-serif;\"><strong>Summary<\/strong>:<\/span><span style=\"color: #ffffff; font-family: open sans, helvetica neue, helvetica, arial, sans-serif;\">\u00a0<\/span><\/span><\/p>\n<h5><span style=\"font-size: 12pt;\"><span style=\"font-family: open sans, helvetica neue, helvetica, arial, sans-serif;\">\u00b7 Mini interview\u00a0with festival manager:\u00a0<\/span><span style=\"font-family: open sans, helvetica neue, helvetica, arial, sans-serif;\">Jarmila Vl\u010dkov\u00e1<\/span><span style=\"font-family: open sans, helvetica neue, helvetica, arial, sans-serif;\">\u00a0from\u00a0<\/span><span style=\"font-family: open sans, helvetica neue, helvetica, arial, sans-serif;\">World Music Festival Bratislava<\/span><span style=\"font-family: open sans, helvetica neue, helvetica, arial, sans-serif;\">\u00a0(Slovakia)<\/span><\/span><br \/>\n<span style=\"font-size: 12pt;\"><span style=\"font-family: open sans, helvetica neue, helvetica, arial, sans-serif;\">\u00b7 In deep with\u00a0Piotr Piszczatowski<\/span><span style=\"font-family: open sans, helvetica neue, helvetica, arial, sans-serif;\">\u00a0about the\u00a0Targowisko Instrument\u00f3w (Warsaw, Poland)<\/span><\/span><br \/>\n<span style=\"font-family: 'open sans', 'helvetica neue', helvetica, arial, sans-serif; font-size: 12pt;\">\u00b7\u00a0Open call\u00a0not to miss<br \/>\n\u00b7 It&#8217;s\u00a0charts time! The\u00a0best albums\u00a0of the year by WMCE and TWMC<br \/>\n\u00b7 What will come in\u00a0next issue? In deep with BlogFoolk<\/span><br \/>\n<span style=\"font-family: 'open sans', 'helvetica neue', helvetica, arial, sans-serif; font-size: 12pt;\">\u00b7 Find me at&#8230;<\/span><\/h5>\n<hr \/>\n<h4 style=\"text-align: center;\"><span style=\"font-family: open sans, helvetica neue, helvetica, arial, sans-serif;\"><strong>**** Do you have a world music\u00a0festival and you want to be included in our mini interviews?\u00a0<\/strong><\/span><span style=\"color: #ffffff; font-family: open sans, helvetica neue, helvetica, arial, sans-serif;\"><strong><a href=\"http:\/\/www.mapamundimusica.com\/en\/contacto\/\" target=\"_blank\" rel=\"noopener noreferrer\">Contact us.<\/a>\u00a0<\/strong><\/span><span style=\"font-family: open sans, helvetica neue, helvetica, arial, sans-serif;\"><strong>****<\/strong><\/span><\/h4>\n<div>\n<hr \/>\n<\/div>\n<div style=\"text-align: center;\"><span style=\"font-family: open sans, helvetica neue, helvetica, arial, sans-serif;\"><strong>This magazine is open to sponsorship. Feel free to ask for details.\u00a0<\/strong><\/span><\/div>\n<div>\n<hr \/>\n<\/div>\n<div>\n<div>\n<h4><span style=\"font-family: open sans, helvetica neue, helvetica, arial, sans-serif;\"><strong>CURRENT AND FUTURE CHALLENGES FOR FESTIVALS\u00a0<\/strong><\/span><\/h4>\n<p><strong>If you haven\u00b4t read them, you can find the previous interviews clicking on the names:\u00a0<a href=\"http:\/\/www.mapamundimusica.com\/en\/newsletter\/3-september-2018\/\" target=\"_blank\" rel=\"noopener noreferrer\">Michal Schmidt<\/a>\u00a0(Folk Holidays, CZ) &#8211;\u00a0<a href=\"http:\/\/www.mapamundimusica.com\/en\/newsletter\/4-october-2018\/\" target=\"_blank\" rel=\"noopener noreferrer\">Jun-Lin Yeoh<\/a>\u00a0(Rainforest WMF, MY) &#8211;\u00a0<a href=\"http:\/\/www.mapamundimusica.com\/en\/newsletter\/4-october-2018\/\" target=\"_blank\" rel=\"noopener noreferrer\">Luis Lles<\/a>\u00a0(Pirineos Sur, ES) &#8211;\u00a0<a href=\"http:\/\/www.mapamundimusica.com\/en\/newsletter\/5-november-2018\/\" target=\"_blank\" rel=\"noopener noreferrer\">Amitava Bhattacharya<\/a>\u00a0(Sur Jahan, IN) &#8211;\u00a0<a href=\"http:\/\/www.mapamundimusica.com\/en\/newsletter\/6-december-2018\/\" target=\"_blank\" rel=\"noopener noreferrer\">Nicolas Ribalet<\/a>\u00a0(Sukiyaki Meets the World, JP) &#8211;\u00a0<a href=\"http:\/\/www.mapamundimusica.com\/en\/newsletter\/7-january-2019\/\" target=\"_blank\" rel=\"noopener noreferrer\">Sergio Zaera<\/a>\u00a0(Poborina Folk, ES) &#8211;\u00a0<a href=\"http:\/\/www.mapamundimusica.com\/en\/newsletter\/8-february-2019\/\" target=\"_blank\" rel=\"noopener noreferrer\">Per Idar Alm\u00e5s<\/a>\u00a0(F\u00f8rdefestivalen, NO) &#8211;\u00a0<a href=\"http:\/\/www.mapamundimusica.com\/en\/newsletter\/9-march-2019\/\" target=\"_blank\" rel=\"noopener noreferrer\">Bo\u017cena Szota<\/a>\u00a0(EthnoPort, PL) &#8211;\u00a0<a href=\"http:\/\/www.mapamundimusica.com\/en\/newsletter\/10-april-2019\/\" target=\"_blank\" rel=\"noopener noreferrer\">Ken Day<\/a>\u00a0(Urkult, SE) &#8211;\u00a0<a href=\"http:\/\/www.mapamundimusica.com\/en\/newsletter\/boletin-11-mayo-2019-solo-en-ingles\/\" target=\"_blank\" rel=\"noopener noreferrer\">Mads Olesen<\/a>\u00a0(5 Continents, CH) &#8211;\u00a0<a href=\"http:\/\/www.mapamundimusica.com\/en\/newsletter\/12-june-2019\/\" target=\"_blank\" rel=\"noopener noreferrer\">Karolina Waszczuk &amp; Bartek Drozd<\/a>\u00a0(Jagiellonian Fair, PL) &#8211;\u00a0<a href=\"http:\/\/www.mapamundimusica.com\/en\/newsletter\/13-july-2019\/\" target=\"_blank\" rel=\"noopener noreferrer\">Alkis Zopoglou<\/a>\u00a0(Mediterranean Music Festival, GR\/CH) &#8211;\u00a0<a href=\"http:\/\/www.mapamundimusica.com\/en\/newsletter\/14-august-2019\/\" target=\"_blank\" rel=\"noopener noreferrer\">Tom Frouge<\/a>\u00a0(Globalquerque, US) &#8211;\u00a0<a href=\"http:\/\/www.mapamundimusica.com\/en\/newsletter\/newsletterseptember19\/\" target=\"_blank\" rel=\"noopener noreferrer\">Braulio P\u00e9rez<\/a>\u00a0(M\u00fasica en el Parque, ES) &#8211;\u00a0<a href=\"http:\/\/www.mapamundimusica.com\/en\/newsletter\/newsletteroctober19\/\" target=\"_blank\" rel=\"noopener noreferrer\">Bojan Djordjevic<\/a>\u00a0(Todo Mundo, RS) &#8211;\u00a0<a href=\"http:\/\/www.mapamundimusica.com\/en\/newsletter\/newsletternovember19\/\" target=\"_blank\" rel=\"noopener noreferrer\">Park Jechun<\/a>\u00a0(Jeonju Int&#8217;s Sori Festival)<\/strong><\/p>\n<hr \/>\n<h4><strong>MINI INTERVIEW WITH JARMILA VL\u010cKOV\u00c1 FROM\u00a0<a href=\"https:\/\/worldmusicfestival.sk\/\" target=\"_blank\" rel=\"noopener noreferrer\">WORLD MUSIC FESTIVAL BRATISLAVA<\/a><\/strong><\/h4>\n<\/div>\n<div>\n<h6><span style=\"font-family: open sans, helvetica neue, helvetica, arial, sans-serif;\"><strong><a href=\"https:\/\/worldmusicfestival.sk\/\" target=\"_blank\" rel=\"noopener noreferrer\"><img loading=\"lazy\" decoding=\"async\" class=\"alignright\" src=\"https:\/\/gallery.mailchimp.com\/993c677d53044839b1b39b2dc\/images\/65e2a2c7-b6c3-442c-a920-7bccf86688cc.jpg\" width=\"220\" height=\"220\" align=\"right\" data-file-id=\"4478493\" \/><\/a>Jarmila Vl\u010dkov\u00e1 is the artistic director of the World Music Festival Bratislava and, without a doubt, one of the persons who is shaping the image of the music from Slovakia abroad during the last years.\u00a0She also leads the platform World Music from Slovakia (WOMUSK). Both of the initiatives are held by the NGO Amity o.z., founded in 2012.<\/strong><\/span><\/h6>\n<p>The World Music Festival Bratislava takes place in Bratislava. The last edition was at the end of September, previous editions were hold in August. The program includes concerts, showcases of Slovak emerging bands, conferences, listening sessions and speed datings, as the activity of the Festival has two addresses, the public and the professionals.<\/p>\n<p>Thank you, Jarmila, for the kind and enriching\u00a0answers.<\/p>\n<p><strong>MM &#8211; What do you search in an artist when you create the programme?\u00a0<\/strong><\/p>\n<p><strong>JV:\u00a0<\/strong>When we plan the program of our festival, our main intention is to bring diverse and balanced program to our audience. We look for traditional performers from different parts of the world, but also new approaches and original projects. It is always a special moment when artists build up interaction with the crowd or even exceed their expectations. We are lucky enough to have a warm &#8211; hearted audience that can appreciate good music; it doesn\u00b4t matter if it is a classical Indian raga or electronic music from Argentina.<\/p>\n<\/div>\n<div>\n<p><img loading=\"lazy\" decoding=\"async\" class=\"alignright\" src=\"https:\/\/gallery.mailchimp.com\/993c677d53044839b1b39b2dc\/images\/a2b3e420-0b54-4a79-afda-ac161f3c864d.jpg\" width=\"325\" height=\"325\" align=\"right\" data-file-id=\"4478481\" \/><strong>MM &#8211; Which are the global objectives of your festival?<\/strong><\/p>\n<p><strong>JV:<\/strong>\u00a0The festival strives to reveal the global culture, from traditional to the modern one, with a focus on world music, jazz and folklore. The WMFB has daytime and evening program at different venues in the Old Town of Bratislava and we are glad if the visitors experience both, the music and city during the festival. The events offer notable opportunity to discover Slovak and global music scene at the showcases and concerts. The significant part of the festival is international conference, a place to share ideas and network.<\/p>\n<\/div>\n<div>\n<p><strong>M<\/strong><strong>M &#8211; What are the most complicated or difficult issues to deal with in your festival?\u00a0<\/strong><\/p>\n<p><strong>JV:\u00a0<\/strong>We still see our festival as a new one, in 2020 it will be only its 5th edition. However, we had good feedback and we would be happy if it stays that way. In fact, we deal with similar simple issues as other events: what is the social, ecological impact, economic result and cultural footprint of festival in the world? Can we do better?<\/p>\n<\/div>\n<div><strong style=\"color: #747474; font-family: 'Open Sans', sans-serif; font-size: 14px;\">MM &#8211; Which are currently the main challenges for this kind of cultural proposals like yours?<\/strong><\/div>\n<div>\n<p><strong>JV:\u00a0<\/strong>There are many challenges for small festivals. We live in a fast-changing world, where art plays a vital role. The festival like ours, is a place that is supposed to build respect, educate and inspire through music.<\/p>\n<p><strong>MM &#8211; In one sentence, summarise the reason\/s to go to your festival.\u00a0<\/strong><\/p>\n<p><strong>JV:\u00a0<\/strong>Our festival is taking place in the historic centre of a capital of Slovakia and, for visitors, it is a chance to explore the town, discover different venues from noble concert halls to hidden small clubs that are open to welcome anybody interested in Central European region, but also those who want to enjoy a variety of music from around the world.<\/p>\n<\/div>\n<div>\n<p><img loading=\"lazy\" decoding=\"async\" class=\"aligncenter\" src=\"https:\/\/gallery.mailchimp.com\/993c677d53044839b1b39b2dc\/images\/5edfe65a-f94a-4e1c-adc8-c6cf2b898b96.png\" width=\"675\" height=\"513\" data-file-id=\"4478689\" \/><\/p>\n<p><strong>Pictures&#8217; credits<\/strong>:<\/p>\n<\/div>\n<ul>\n<li>Logo of the festival at their Facebook<\/li>\n<li>Jarmila&#8217;s former Facebook profile picture<\/li>\n<li>Collage of the edition 2019, courtesy of WMFB<\/li>\n<\/ul>\n<h6 style=\"text-align: center;\"><a class=\"mcnButton \" title=\"Do you like our newsletter? Tell us! Resend it to your friends! To sign up, click HERE.\" href=\"http:\/\/www.mapamundimusica.com\/en\/contacto\/\" target=\"_blank\" rel=\"noopener noreferrer\">Do you like our newsletter? Tell us! Resend it to your friends! To sign up, click HERE.<\/a><\/h6>\n<\/div>\n<hr \/>\n<h3><span style=\"font-family: 'open sans', 'helvetica neue', helvetica, arial, sans-serif;\"><strong>IN DEEP WITH&#8230;\u00a0<\/strong><\/span><\/h3>\n<div>\n<h4><strong>Piotr Piszczatowski and<\/strong><img loading=\"lazy\" decoding=\"async\" class=\"alignright\" src=\"https:\/\/gallery.mailchimp.com\/993c677d53044839b1b39b2dc\/_compresseds\/595bad69-129d-474b-83b4-f341c69e8f60.jpg\" width=\"300\" height=\"199\" align=\"right\" data-file-id=\"4478737\" \/><strong> the <em>Targowisko Instrument\u00f3w<\/em>, the instruments market in Warsaw.<\/strong><\/h4>\n<h6><strong>I&#8217;ve been lucky to attend this market three times. It takes place in April in the closing day of the Spring edition of the\u00a0<em>Festiwal Wszystkie Mazurki \u015awiata<\/em>\u00a0(all the mazurkas of the world) in Warsaw and it is an outstanding experience of colours, shapes, sounds, voices and joy. Furthermore, from 19h it starts the night of dance, in which around 30 bands, mainly performers of traditional Polish music, both rural and urban, both old masters and young enthusiasts play for the audience that will dance all night long.<\/strong><\/h6>\n<p>Check\u00a0<a href=\"http:\/\/www.targowiskoinstrumentow.pl\/\" target=\"_blank\" rel=\"noopener noreferrer\"><u>their website<\/u><\/a>\u00a0to discover the instruments makers and check\u00a0<a href=\"https:\/\/www.facebook.com\/Targowiskoinstrumentow\/\" target=\"_blank\" rel=\"noopener noreferrer\">their Facebook<\/a>\u00a0page to get an idea of the ambient there. And read the interview below (translated from Polish into English by the kind\u00a0<a href=\"https:\/\/www.facebook.com\/profile.php?id=100001493447875\" target=\"_blank\" rel=\"noopener noreferrer\">Ewa Gom\u00f3\u0142ka<\/a>)\u00a0to understand the steps that, for 10 years, Piotr and his partners took to reach their current achievements.<\/p>\n<\/div>\n<h5 style=\"text-align: center;\"><strong>\u00b7\u00b7\u00b7 The application to participate in the market will be open at mid of January \u00b7\u00b7\u00b7<\/strong><\/h5>\n<div><strong>MM &#8211; I think you were a kind of pioneer in Poland of this idea of a fair of instruments makers, why did you start this, instead of any other thing?<br \/>\n<\/strong><br \/>\nPP &#8211; I was not the first one who tried to organize such an event. But the unpredictable luck made that I was the first person who succeeded to organize this kind of event on a large scale in Poland. The event where real market rules are applied \u2013 the makers really sell their instruments-, and, most importantly, it wasn\u2019t a one-time event, but it led to the multiannual process of recreating the community of the instrument makers in Poland and neighboring countries.<strong>\u00a0<img loading=\"lazy\" decoding=\"async\" class=\"aligncenter\" src=\"https:\/\/gallery.mailchimp.com\/993c677d53044839b1b39b2dc\/images\/ceec738c-94df-41c4-8b33-a8e6e9cefb02.jpg\" width=\"699\" height=\"465\" data-file-id=\"4478801\" \/><\/strong><\/div>\n<div><\/div>\n<div>\u201cThey are all dead\u201d, I was told in one of the musical instruments museums. That was the common view back then. It was 2010 when we came back from Brittany with Janusz Prusinowski Kompania. We saw there many phenomena that were revolutionary for us. First, the Dance Night (<em>Fest Noz<\/em>) with thousands of people dancing marvelously. There were so many of them, that the organizers could spend the money from the tickets to hire more than a dozen bands to play all night. Nearby, there was a tent with instrument fair in it. That was another shock \u2013 excellent instruments were purchased at fair prices, everything based on the market rules, with almost no state support. That was in sharp contrast to the situation in Poland at the time, where we were constantly told that there was no future for traditional music. In Brittany we saw that traditional musicians, their music and instruments should not be put in the museum. This gave us hope that we could change the situation in Poland. We devoted the next 10 years to this mission, to develop the <em>Mazurkas of the World<\/em>\u00a0festival, the Instrument Fair,\u00a0<em>S\u0142uchaj Uchem<\/em>\u00a0children theatre and our band.<\/div>\n<p>&nbsp;<\/p>\n<div>All these phenomena became, as one of our friends said, the \u201cicebreaker\u201d to the existing prejudice. However, we must highlight that all of them are complementary, like parts of one engine. The Instrument Fair wouldn\u2019t exist without the Festival and its growing, enthusiastic public.Why do I do this? Because there is no greater pleasure than seeing something reborn. That\u2019s why I call the Instrument Fair my fourth child.<\/div>\n<div><\/div>\n<div><img loading=\"lazy\" decoding=\"async\" class=\"aligncenter\" src=\"https:\/\/gallery.mailchimp.com\/993c677d53044839b1b39b2dc\/images\/39921f28-a43c-462f-a1ad-33215ff08e48.jpg\" width=\"701\" height=\"468\" data-file-id=\"4478853\" \/><\/div>\n<div><strong>MM &#8211; Which are been the biggest achievements that you have got in the fair along the years?<\/strong><\/div>\n<p>&nbsp;<\/p>\n<p>PP &#8211;\u00a0<strong>It\u2019s the carnival<\/strong>! For me, the Fair\u2019s formula is the key issue. These aren\u2019t strictly business meetings. You know, those with renting separate stands and without contact between the participants. It\u2019s the opposite. I think that the formula of carnival taking place in the central square of a city, the formula we know from historical times, f. ex. medieval or renaissance is perfect. So this is very special festive time of role reversal, atmosphere of excitement, many events, overflowing crowd, hustle and bustle, many languages from around the world, contrasts, unusual and unknown musical instruments. We intentionally add a lot of simultaneous events to our Instrument Fair: concerts, ritual and children theatre, paratheatrical and dance events. All these ingredients raise the temperature in this interpersonal meeting where the barriers between people are being broken. There may appear something new between the people \u2013 a new quality.<\/p>\n<p>It was great success, from the very beginning, that the instrument makers liberated themselves from the isolation, or even specific hibernation. We must realize that at that time, many of them never succeeded to sell an instrument and also weren\u2019t really seen as artists by their own communities. This means not only that they were living in a certain state of frustration but also that they weren\u2019t performing their culture-creating and integration function. It\u2019s changing now. They are great personalities able to bring together the artistic and spiritual life of the community. The traditional role of the art is something that sticks together the parts of a broken jug and makes that we can drink water from it again.<\/p>\n<p><img loading=\"lazy\" decoding=\"async\" class=\"aligncenter\" src=\"https:\/\/gallery.mailchimp.com\/993c677d53044839b1b39b2dc\/images\/d9f04de5-d69d-463f-a24c-208a48874195.jpg\" width=\"696\" height=\"464\" align=\"center\" data-file-id=\"4478813\" \/><\/p>\n<p>Secondly, this very specific Polish tendency to work in narrow fields of expertise was broken. It came out that if we invite people of different luthier specialties whether it is traditional, futuristic or classical, we get wonderful effect of unfettered and miscellaneous space of liberty. There are amateur instrument makers and professional luthiers standing side by side. Each of them is different, dissimilar and I enjoy the fact that they are unlike each other. Each of them is a potential master to the future generations of students.<\/p>\n<p>So the instrument makers met and the following years the community has grown up to almost 300 people, who are invited to the event. Each year about 120 instrument makers meet at the instrument fair and then they collaborate creatively, interchange their knowledge and ideas, make some projects together all year round. Before this first gathering, it was unimaginable.<\/p>\n<p>The last important thing is the international character of this event. Over the years it became not only local and rural but just international. Each year we host artists and instrument makers from at least ten European countries and we happened to host artist from Mongolia or India too. I consider this aspect as crucial today in these very difficult times when so many spaces are closed and hostile. Creating spaces that are friendly to people who create new artistic and social realities is a really great venture for us. The art has this really big potential to cross the boundaries that are constantly being rebuilt.<\/p>\n<table style=\"border-collapse: collapse; width: 100%;\">\n<tbody>\n<tr>\n<td style=\"width: 50%;\"><img loading=\"lazy\" decoding=\"async\" class=\"mcnImage\" src=\"https:\/\/gallery.mailchimp.com\/993c677d53044839b1b39b2dc\/images\/02311ed6-9c79-4ec9-83f2-21940583368f.jpg\" alt=\"\" width=\"356\" height=\"237\" \/><\/td>\n<td style=\"width: 50%;\"><img loading=\"lazy\" decoding=\"async\" class=\"mcnImage\" src=\"https:\/\/gallery.mailchimp.com\/993c677d53044839b1b39b2dc\/images\/363b7c3d-0f94-416f-9b2b-ecc8573ecfa3.jpg\" alt=\"\" width=\"356\" height=\"237\" \/><\/td>\n<\/tr>\n<tr>\n<td style=\"width: 50%;\"><img loading=\"lazy\" decoding=\"async\" class=\"mcnImage\" src=\"https:\/\/gallery.mailchimp.com\/993c677d53044839b1b39b2dc\/images\/ba104008-cbf6-42cd-9623-484e756ccda6.jpg\" alt=\"\" width=\"356\" height=\"237\" \/><\/td>\n<td style=\"width: 50%;\"><img loading=\"lazy\" decoding=\"async\" class=\"mcnImage\" src=\"https:\/\/gallery.mailchimp.com\/993c677d53044839b1b39b2dc\/images\/55fc6f11-31e3-4683-a809-f0311c512192.jpg\" alt=\"\" width=\"356\" height=\"238\" \/><\/td>\n<\/tr>\n<\/tbody>\n<\/table>\n<p><strong>MM &#8211; How do you organise the work, to be able to attend all your other responsibilities, as a musician, as a father of a family and also as coordinator of folk music department\u00a0for the Instytut Muzyki i Ta\u0144ca?<br \/>\n<\/strong><br \/>\nThe answer is really easy \u2013 I work hard and I have my family and friends without whom I wouldn\u2019t have succeed. I admit that it\u2019s not easy. Together with Janusz Prusinowski, from the very beginning of this adventure, we had to build a network of artistic institutions designed to create the space for traditional Polish music revival. We built this house from basement to roof.<\/p>\n<p>For that reason we are really busy. I work as a civil servant\u00a0in the Institute of Music and Dance [<em>Instytut Muzyki i Ta\u0144ca<\/em>] in the Traditional Music and Dance Studio [<em>Pracownia Muzyki Tradycyjnej<\/em>],\u00a0in addition, I\u2019m an actor in a children\u2019s theatre S\u0142uchaj Uchem that we run with Kaja and Janusz. Apart from that, we play a lot of concerts all over the world with Janusz Prusinowski Kompania and all the time new challenges appear, like hosting concerts for children of Polish National Radio Symphony Orchestra [<em>Narodowa Orkiestra Symfoniczna Polskiego Radia<\/em>], the shows in the TV station\u00a0<em>TVP Kultura<\/em>, or organizing other instrument fairs which, as a formula of the fresh look at artistic and people-to-people meeting, widely succeeded and became highly demanded all around the country.<\/p>\n<p>There was even the idea to introduce the\u00a0<strong><em>special carnival<\/em><\/strong>\u00a0formula of the instrument fair in other countries. We\u2019ll see, it requires financial aid of a serious institutional partner.<\/p>\n<table style=\"border-collapse: collapse; width: 100%;\">\n<tbody>\n<tr>\n<td style=\"width: 50%;\"><img loading=\"lazy\" decoding=\"async\" class=\"mcnImage\" src=\"https:\/\/gallery.mailchimp.com\/993c677d53044839b1b39b2dc\/images\/2f0cb6db-5608-43d4-b35d-94c00319cd5d.jpg\" alt=\"\" width=\"317\" height=\"476\" \/><\/td>\n<td style=\"width: 50%;\"><img loading=\"lazy\" decoding=\"async\" class=\"mcnImage\" src=\"https:\/\/gallery.mailchimp.com\/993c677d53044839b1b39b2dc\/images\/9d247523-ecec-4568-bfac-3d8109d5e730.jpg\" alt=\"\" width=\"321\" height=\"477\" \/><\/td>\n<\/tr>\n<\/tbody>\n<\/table>\n<div><strong style=\"color: #747474; font-family: 'Open Sans', sans-serif; font-size: 14px;\">MM &#8211; If you could ask anything to Santa Claus, related to the fair, what would you ask?<\/strong><\/div>\n<div>\n<p>I would be really glad if the international aspect of our Instrument Fair developed to become a Mecca or, if you like, the place of pilgrimage for musicians and instrument makers from all over Europe. I\u2019d like it to be obvious that they should come and meet us at least once in their lives.<br \/>\n<strong><br \/>\nMM &#8211; In one phrase, invited our readers to attend the fair with a teasing statement<br \/>\n<\/strong><br \/>\nThe instrument fair is like a dream come true, like from Hieronymus Bosch paintings. A dream about a place at the edge of the world where the initiates meet once a year. If you really love music and dance, you must not miss this event.<\/p>\n<p><strong>MM &#8211; And in one phrase, invite the instruments makers to the fair.<br \/>\n<\/strong><br \/>\nCome to the instrument fair! There are rumors that the instrument makers who didn\u2019t come to our instrument fair and get a stamp for this are not allowed into heaven. Anyway, in purgatory and hell they also ask you for this stamp \ud83d\ude09<\/p>\n<\/div>\n<div>\n<table style=\"border-collapse: collapse; width: 100%;\">\n<tbody>\n<tr>\n<td style=\"width: 50%;\"><img loading=\"lazy\" decoding=\"async\" class=\"mcnImage aligncenter\" src=\"https:\/\/gallery.mailchimp.com\/993c677d53044839b1b39b2dc\/images\/385324ed-0b7f-4db3-a54b-89851fb20680.jpg\" alt=\"\" width=\"326\" height=\"218\" \/><\/td>\n<td style=\"width: 50%;\"><img loading=\"lazy\" decoding=\"async\" class=\"mcnImage aligncenter\" src=\"https:\/\/gallery.mailchimp.com\/993c677d53044839b1b39b2dc\/images\/6f6f1873-447b-42cd-8e03-dd48b2b71dc0.jpg\" alt=\"\" width=\"327\" height=\"218\" \/><\/td>\n<\/tr>\n<\/tbody>\n<\/table>\n<\/div>\n<div><\/div>\n<div>\n<div style=\"text-align: center;\"><strong>Thank you, Piotr!\u00a0Let&#8217;s go for the next 10.<\/strong><\/div>\n<div><\/div>\n<div><strong>Credits:<\/strong><\/div>\n<ul>\n<li>Translation from Polish to English, by\u00a0<strong>Ewa Gom\u00f3\u0142ka<\/strong>.<\/li>\n<li>Pictures:\n<ul>\n<li>Portrait of Piotr by Araceli<\/li>\n<li>Picture with bagpiper, by\u00a0<a href=\"https:\/\/www.facebook.com\/artur.kowart\">Artur Kowalski<\/a><\/li>\n<li>Picture of folk theatre and bloc of 4 pictures and bloc of two pictures at the bottom,\u00a0by\u00a0<a href=\"https:\/\/www.facebook.com\/mariusz.cieszewski\" target=\"_blank\" rel=\"noopener noreferrer\">Mariusz\u00a0Cieszewski<\/a><\/li>\n<li>Other 3 pictures (two fiddlers and portrait of female fiddler and bearded man), by\u00a0<a href=\"https:\/\/www.instagram.com\/piszczattt\/\" target=\"_blank\" rel=\"noopener noreferrer\">Jan Piszczatowski<\/a><\/li>\n<\/ul>\n<\/li>\n<\/ul>\n<hr \/>\n<h5 style=\"text-align: center;\"><span style=\"font-family: open sans, helvetica neue, helvetica, arial, sans-serif;\"><strong>This newsletter is open to sponsorship. Feel free to ask for details<\/strong><\/span><\/h5>\n<\/div>\n<hr \/>\n<h4><span style=\"font-family: 'open sans', 'helvetica neue', helvetica, arial, sans-serif;\"><strong>OPEN CALL<\/strong><\/span><\/h4>\n<p><img loading=\"lazy\" decoding=\"async\" class=\"alignleft\" src=\"https:\/\/gallery.mailchimp.com\/993c677d53044839b1b39b2dc\/images\/8e1063c1-14bf-45bd-8e64-fc9324855da3.jpg\" width=\"200\" height=\"73\" align=\"left\" data-file-id=\"4478837\" \/>Note that this year the application period for Fira Mediterr\u00e0nia de Manresa\u00a0<strong>has been moved forward<\/strong>. It is open now and until 29th of January at 15h (central Europe time). Check the conditions and requirements\u00a0<a href=\"https:\/\/firamediterrania.cat\/ca\/professionals\/normativa\" target=\"_blank\" rel=\"noopener noreferrer\">at their website<\/a>.<\/p>\n<p>&nbsp;<\/p>\n<hr \/>\n<p><span style=\"color: #000000;\"><strong style=\"font-family: 'open sans', 'helvetica neue', helvetica, arial, sans-serif; font-size: 24px;\">TA-DAH! THE BEST ALBUMS OF THE YEAR<\/strong><\/span><\/p>\n<div>\n<p><span style=\"color: #daa520; font-family: open sans, helvetica neue, helvetica, arial, sans-serif;\"><strong>By World Music Charts Europe and Transglobal World Music Chart<\/strong><\/span><\/p>\n<\/div>\n<div>\n<p>The end of the year is close so it&#8217;s time for annual charts! As cofounder of TWMC, first of all is to\u00a0<strong>congratulate the panelists and the administrators<\/strong> of both of the charts for the constant work during the year. And, secondly, these are the\u00a0<strong>top\u00a0of the year<\/strong> for both:<\/p>\n<\/div>\n<table style=\"border-collapse: collapse; width: 100%;\">\n<tbody>\n<tr>\n<td style=\"width: 50%;\" valign=\"top\">\n<h6 style=\"text-align: center;\"><strong>TWMC top 15<\/strong><\/h6>\n<div>1. Bassekou Kouyate &amp; Ngoni Ba:\u00a0Miri<br \/>\n2. Kronos Quartet, Mahsa &amp; Marjan Vahdat:\u00a0Placeless<br \/>\n3.\u00a0Refugees for Refugees:\u00a0Amina<br \/>\n4. Minyo Crusaders: Echoes of Japan<br \/>\n5. Mara Aranda:\u00a0Sefarad en el Coraz\u00f3n de Turqu\u00eda<br \/>\n6. Le Trio Joubran:\u00a0The Long March<br \/>\n7. Urna Chahar-Tugchi featuring Kroke:\u00a0Ser<br \/>\n8.\u00a0AKA Trio:\u00a0Joy<br \/>\n9. Vardan Hovanissian &amp; Emre G\u00fcltekin:\u00a0Karin<br \/>\n10. Dhafer Youssef: Sounds of Mirrors<br \/>\n11. Ang\u00e9lique Kidjo: Celia<br \/>\n12. Cimarr\u00f3n:\u00a0Orinoco<br \/>\n13. Oratnitza:\u00a0Alter Ethno<br \/>\n14. The Gloaming:\u00a03<br \/>\n15. Janusz Prusinowski Kompania:\u00a0Po \u015bladach \/ In the footsteps<\/div>\n<p>&nbsp;<\/p>\n<div>Check the top 100<strong>\u00a0<a href=\"http:\/\/www.transglobalwmc.com\/category\/charts\/annual-charts\/\" target=\"_blank\" rel=\"noopener noreferrer\">in our website<\/a><\/strong><\/div>\n<\/td>\n<td style=\"width: 50%;\" valign=\"top\">\n<h6 style=\"text-align: center;\"><strong>WMCE\u00a0top 15<\/strong><\/h6>\n<div>1. Mahsa &amp; Marjan Vahdat, Kronos Quartet: Placeless<br \/>\n2.\u00a0Bassekou Kouyate &amp; Ngoni Ba: Miri<br \/>\n3. Dona Onete: Rebujo<br \/>\n4. Minyo Crusaders: Echoes of Japan<br \/>\n5.\u00a0Salif Keita: Un autre blanc<br \/>\n6. Habib Koite: Kharifa<br \/>\n7.\u00a0Boban Markovic Orkestar: Mrak<br \/>\n8.\u00a0Lajko Felix &amp; Vo\u0142osi: Lajko Felix &amp; Vo\u0142osi<br \/>\n9. V.A.: Jamb\u00fa e os M\u00edticos Sons da Amaz\u00f4nia<br \/>\n10.\u00a0Black Flower: Future Flora<br \/>\n11. Urna &amp; Kroke: Ser<br \/>\n12. Luedji Luna: Um Corpo No Mundo<br \/>\n13. Aka Trio: Joy<br \/>\n14. Leyla McCalla: The Capitalist Blues<br \/>\n15. Ang\u00e9lique Kidjo: Celia<\/div>\n<p>&nbsp;<\/p>\n<div>Check their top 200\u00a0<strong><a href=\"https:\/\/www.wmce.de\/Year_2018-323.html\" target=\"_blank\" rel=\"noopener noreferrer\">in their website\u00a0<\/a><\/strong><\/div>\n<\/td>\n<\/tr>\n<\/tbody>\n<\/table>\n<div>\n<table style=\"border-collapse: collapse; width: 100%;\">\n<tbody>\n<tr>\n<td style=\"width: 100%;\">In TWMC we make some cathegories:<br \/>\n\u00b7\u00a0<strong>Best album<\/strong>:\u00a0Bassekou Kouyate &amp; Ngoni Ba: Miri<br \/>\n\u00b7\u00a0<strong>Best of Subsaharian Africa<\/strong>:\u00a0Bassekou Kouyate &amp; Ngoni Ba: Miri<br \/>\n\u00b7\u00a0<strong>Best transregional album<\/strong>:\u00a0Kronos Quartet, Mahsa &amp; Marjan Vahdat: Placeless<br \/>\n\u00b7\u00a0<strong>Best of Asia (Central &amp; East) &amp; Pacific<\/strong>:\u00a0Minyo Crusaders: Echoes of Japan<br \/>\n\u00b7\u00a0<strong>Best of Europe<\/strong>:\u00a0Mara Aranda: Sefarad en el Coraz\u00f3n de Turqu\u00eda<br \/>\n\u00b7\u00a0<strong>Best of North Africa &amp; Middle East<\/strong>: Le Trio Joubran: The Long March<br \/>\n\u00b7\u00a0<strong>Best of South America<\/strong>:\u00a0Cimarr\u00f3n: Orinoco<br \/>\n\u00b7\u00a0<strong>Best of North &amp; Central America<\/strong>:\u00a0Leyla McCalla: The Capitalist Blues<br \/>\n\u00b7\u00a0<strong>Best compilation<\/strong>:\u00a0V.A.: Nostalgique Porto Rico: Plenas, guarachas, bol\u00e9ros et chansons\u00a0j\u00edbaras, 1940-1960<\/td>\n<\/tr>\n<\/tbody>\n<\/table>\n<\/div>\n<h4 style=\"text-align: center;\"><strong>Congratulations for the achievement!\u00a0<\/strong><\/h4>\n<hr \/>\n<h4><span style=\"font-family: 'open sans', 'helvetica neue', helvetica, arial, sans-serif;\"><strong>IN THE NEXT ISSUE&#8230;<\/strong><\/span><\/h4>\n<div><span style=\"color: #daa520; font-family: open sans, helvetica neue, helvetica, arial, sans-serif;\"><strong><a href=\"https:\/\/www.blogfoolk.com\/\"><img loading=\"lazy\" decoding=\"async\" class=\"alignleft\" src=\"https:\/\/gallery.mailchimp.com\/993c677d53044839b1b39b2dc\/images\/2e9ee030-f4eb-421a-b772-7c39589d8e15.png\" width=\"320\" height=\"257\" data-file-id=\"4478833\" \/><\/a><\/strong><\/span><\/div>\n<div>\n<p>I&#8217;ve known Ciro de Rosa for many years. We have met in delighting events like Globaltica festival in Poland or\u00a0Sharq Taronalari in Uzbekistan, as well as in his own country, Italy, specifically in Sardinia, where I had the pleasure to meet also\u00a0Salvatore Esposito, the founder of the initiative about which they two will explain us broadly in the next issue.Blogfoolk is an\u00a0editorial project focused on world and traditional music. They release one issue each week, that includes reviews of albums, interviews chronicles of concerts and festivals&#8230; all of them available at the web. The latest issue is the #435&#8230; so you can imagine the thousands of hours of work they have behind.<\/p>\n<p>I take my hat off to the team of Blogfoolk and with honour will share with the community their insight about many questions, in the first issue of the year.<\/p>\n<\/div>\n<div><strong>Thank you, Ciro and Salvatore, receive the best wishes for 2020.<\/strong><\/div>\n<p>&nbsp;<\/p>\n<hr \/>\n<h4><span style=\"font-family: 'open sans', 'helvetica neue', helvetica, arial, sans-serif;\"><strong>FIND ME AT&#8230;<\/strong><\/span><\/h4>\n<div>\n<p>Some interesting dates for the community (and where you can find me if you happened to be there, just let me know):<\/p>\n<p><a href=\"https:\/\/mmfestival.org\/\" target=\"_blank\" rel=\"noopener noreferrer\"><img loading=\"lazy\" decoding=\"async\" class=\"alignleft\" src=\"https:\/\/gallery.mailchimp.com\/993c677d53044839b1b39b2dc\/images\/4a0f4d1c-88fd-4282-95c5-cf94f3ac908f.jpg\" width=\"100\" height=\"100\" data-file-id=\"4431065\" \/><\/a><strong>Mediterranean Music Festival (Zurich, Switzerland)<\/strong>. 18th January. My first international trip of the year will be\u00a0to the festival lead by Alkis Zopoglou, who is mentioned below. I will travel there with\u00a0<a href=\"https:\/\/www.youtube.com\/watch?v=CwHoNOTZEaw\" target=\"_blank\" rel=\"noopener noreferrer\">Josep Aparicio &#8220;Apa&#8221;<\/a>, the Valencian superb singer of cant d&#8217;estil, and with his musicians Eduard Navarro and Toni Porcar.<\/p>\n<\/div>\n<hr \/>\n<p style=\"text-align: center;\"><span style=\"font-family: open sans, helvetica neue, helvetica, arial, sans-serif;\"><strong>This newsletter is open to sponsorship. Feel free to ask for details.<\/strong><\/span><\/p>\n<hr \/>\n<p style=\"text-align: center;\"><a class=\"mcnButton \" title=\"Do you like our newsletter? Tell us! Resend it to your friends! To sign up, click HERE.\" href=\"http:\/\/www.mapamundimusica.com\/en\/contacto\/\" target=\"_blank\" rel=\"noopener noreferrer\">Do you like our newsletter? Tell us! Resend it to your friends! To sign up, click HERE.<\/a><\/p>\n<hr \/>\n<h4><strong>WHO WE ARE AND SISTER PROJECTS<\/strong><strong>\u00a0<\/strong><\/h4>\n<p>Mapamundi M\u00fasica is an agency of management and booking.\u00a0<a href=\"http:\/\/www.mapamundimusica.com\/en\/\" target=\"_blank\" rel=\"noopener noreferrer\">Learn more here<\/a>. Check our proposals at\u00a0<a href=\"http:\/\/www.mapamundimusica.com\/\" target=\"_blank\" rel=\"noopener noreferrer\">our website<\/a>.<\/p>\n<p>We also offer you our\u00a0<a href=\"http:\/\/www.mundofonias.com\/\" target=\"_blank\" rel=\"noopener noreferrer\">Mundofon\u00edas<\/a>\u00a0radio show, probably the leader about world music in Spanish language (on 46 stations in 17 countries). We produce\u00a0the\u00a0<a href=\"http:\/\/www.transglobalwmc.com\/\" target=\"_blank\" rel=\"noopener noreferrer\">Transglobal World Music Chart<\/a>\u00a0with our partner \u00c1ngel Romero from WorldMusicCentral.com. And we lead also the\u00a0<a href=\"http:\/\/www.asociaciondifusionestilos.com\/\" target=\"_blank\" rel=\"noopener noreferrer\">Asociaci\u00f3n para la Difusi\u00f3n de los Estilos<\/a>.<\/p>\n<p>Feel free to request info if you wish. For further information about us,\u00a0<strong>get in touch by email, telephone (+34 676 30 28 82),\u00a0<a href=\"http:\/\/www.mapamundimusica.com\/en\/contacto\/\" target=\"_blank\" rel=\"noopener noreferrer\">our website<\/a>\u00a0or at\u00a0<a href=\"https:\/\/www.facebook.com\/mapamundimusica\/\" target=\"_blank\" rel=\"noopener noreferrer\">our Facebook<\/a>.\u00a0<\/strong><\/p>","protected":false},"excerpt":{"rendered":"<p>Mini-interview with Jarmila Vl\u010dkov\u00e1 from WMF Bratislava, in deep with the Luthiers&#8217; fair in Warsaw, charts time &amp; much more Welcome to Mapamundi M\u00fasica&#8216;s December&#8217;s magazine, with contents for us, the community of world \/\u00a0folk \/ traditional music all over the world. You can read the previous issues,\u00a0here.\u00a0I\u00a0am Araceli Tzigane. It&#8217;s almost time for celebrations [&hellip;]<\/p>\n","protected":false},"author":1,"featured_media":0,"comment_status":"open","ping_status":"open","sticky":false,"template":"","format":"standard","meta":{"footnotes":""},"categories":[19],"tags":[47,53,114,109,110,112,46,113,96,100,115,50,48,111],"class_list":["post-1405","post","type-post","status-publish","format-standard","hentry","category-newsletter","tag-booking-of-artists","tag-festival-director","tag-festiwal-wszystkie-mazurki-swiata","tag-fira-mediterrania-de-manresa","tag-jarmila-vlckova","tag-piotr-piszczatowski","tag-resources-for-artists","tag-targowisko-instrumentow","tag-transglobal-world-music-chart","tag-world-music","tag-world-music-chart","tag-world-music-fair","tag-world-music-festival","tag-world-music-festival-bratislava"],"_links":{"self":[{"href":"https:\/\/www.mapamundimusica.com\/en\/wp-json\/wp\/v2\/posts\/1405","targetHints":{"allow":["GET"]}}],"collection":[{"href":"https:\/\/www.mapamundimusica.com\/en\/wp-json\/wp\/v2\/posts"}],"about":[{"href":"https:\/\/www.mapamundimusica.com\/en\/wp-json\/wp\/v2\/types\/post"}],"author":[{"embeddable":true,"href":"https:\/\/www.mapamundimusica.com\/en\/wp-json\/wp\/v2\/users\/1"}],"replies":[{"embeddable":true,"href":"https:\/\/www.mapamundimusica.com\/en\/wp-json\/wp\/v2\/comments?post=1405"}],"version-history":[{"count":34,"href":"https:\/\/www.mapamundimusica.com\/en\/wp-json\/wp\/v2\/posts\/1405\/revisions"}],"predecessor-version":[{"id":1439,"href":"https:\/\/www.mapamundimusica.com\/en\/wp-json\/wp\/v2\/posts\/1405\/revisions\/1439"}],"wp:attachment":[{"href":"https:\/\/www.mapamundimusica.com\/en\/wp-json\/wp\/v2\/media?parent=1405"}],"wp:term":[{"taxonomy":"category","embeddable":true,"href":"https:\/\/www.mapamundimusica.com\/en\/wp-json\/wp\/v2\/categories?post=1405"},{"taxonomy":"post_tag","embeddable":true,"href":"https:\/\/www.mapamundimusica.com\/en\/wp-json\/wp\/v2\/tags?post=1405"}],"curies":[{"name":"wp","href":"https:\/\/api.w.org\/{rel}","templated":true}]}}